{"id":22533,"date":"2025-04-23T13:34:12","date_gmt":"2025-04-23T10:34:12","guid":{"rendered":"https:\/\/haberkuzey.com\/index.php\/2025\/04\/23\/tc-cumhurbaskani-erdogandan-istanbuldaki-depremlere-iliskin-aciklama\/"},"modified":"2025-04-23T13:34:12","modified_gmt":"2025-04-23T10:34:12","slug":"tc-cumhurbaskani-erdogandan-istanbuldaki-depremlere-iliskin-aciklama","status":"publish","type":"post","link":"https:\/\/haberkuzey.com\/index.php\/2025\/04\/23\/tc-cumhurbaskani-erdogandan-istanbuldaki-depremlere-iliskin-aciklama\/","title":{"rendered":"TC Cumhurba\u015fkan\u0131 Erdo\u011fan\u2019dan \u0130stanbul\u2019daki depremlere ili\u015fkin a\u00e7\u0131klama"},"content":{"rendered":"<div>\n<div class=\"mariselle-image-container center\">\n                                            <\/div>\n<p>TC Cumhurba\u015fkan\u0131 Recep Tayyip Erdo\u011fan, \u0130stanbul\u2019da art arda meydana gelen depremlere ili\u015fkin, \u201cVatanda\u015flar\u0131m\u0131za ge\u00e7mi\u015f olsun dileklerimi iletiyorum, geli\u015fmeleri yak\u0131ndan takip ediyoruz\u201d dedi.<\/p>\n<p>\u00a0Erdo\u011fan, \u0130stanbul\u2019da art arda meydana gelen depremlere ili\u015fkin, \u201cVatanda\u015flar\u0131m\u0131za ge\u00e7mi\u015f olsun dileklerimi iletiyorum, geli\u015fmeleri yak\u0131ndan takip ediyoruz\u201d dedi.<\/p>\n<p>Cumhurba\u015fkan\u0131 Erdo\u011fan, \u0130stanbul\u2019un yan\u0131 s\u0131ra \u00e7evre illerde de hissedilen depremlere ili\u015fkin ilk a\u00e7\u0131klamas\u0131nda, \u201cVatanda\u015flar\u0131m\u0131za ge\u00e7mi\u015f olsun dileklerimi iletiyorum, geli\u015fmeleri yak\u0131ndan takip ediyoruz.\u201d dedi.<\/p>\n<\/p><\/div>\n<p><script async\n                    defer\n                    crossorigin=\"anonymous\"\n                    src=\"https:\/\/connect.facebook.net\/tr_TR\/sdk.js#xfbml=1&#038;version=v3.3\"\n            ><\/script><\/p>\n","protected":false},"excerpt":{"rendered":"<p>TC Cumhurba\u015fkan\u0131 Recep Tayyip Erdo\u011fan, \u0130stanbul\u2019da art arda meydana gelen depremlere ili\u015fkin, \u201cVatanda\u015flar\u0131m\u0131za ge\u00e7mi\u015f olsun dileklerimi iletiyorum, geli\u015fmeleri yak\u0131ndan takip ediyoruz\u201d dedi. \u00a0Erdo\u011fan, \u0130stanbul\u2019da art arda meydana gelen depremlere ili\u015fkin, \u201cVatanda\u015flar\u0131m\u0131za ge\u00e7mi\u015f olsun dileklerimi iletiyorum, geli\u015fmeleri yak\u0131ndan takip ediyoruz\u201d dedi. Cumhurba\u015fkan\u0131 Erdo\u011fan, \u0130stanbul\u2019un yan\u0131 s\u0131ra \u00e7evre illerde de hissedilen depremlere ili\u015fkin ilk a\u00e7\u0131klamas\u0131nda, \u201cVatanda\u015flar\u0131m\u0131za ge\u00e7mi\u015f [&hellip;]<\/p>\n","protected":false},"author":1,"featured_media":20679,"comment_status":"open","ping_status":"open","sticky":false,"template":"","format":"standard","meta":{"jnews-multi-image_gallery":[],"jnews_single_post":[],"jnews_primary_category":[],"footnotes":""},"categories":[2],"tags":[],"class_list":["post-22533","post","type-post","status-publish","format-standard","has-post-thumbnail","hentry","category-dunya"],"yoast_head":"<!-- This site is optimized with the Yoast SEO plugin v27.5 - https:\/\/yoast.com\/product\/yoast-seo-wordpress\/ -->\n<title>TC Cumhurba\u015fkan\u0131 Erdo\u011fan\u2019dan \u0130stanbul\u2019daki depremlere ili\u015fkin a\u00e7\u0131klama - Haber Kuzey<\/title>\n<meta name=\"robots\" content=\"index, follow, max-snippet:-1, max-image-preview:large, max-video-preview:-1\" \/>\n<link rel=\"canonical\" href=\"https:\/\/haberkuzey.com\/index.php\/2025\/04\/23\/tc-cumhurbaskani-erdogandan-istanbuldaki-depremlere-iliskin-aciklama\/\" \/>\n<meta property=\"og:locale\" content=\"tr_TR\" \/>\n<meta property=\"og:type\" content=\"article\" \/>\n<meta property=\"og:title\" content=\"TC Cumhurba\u015fkan\u0131 Erdo\u011fan\u2019dan \u0130stanbul\u2019daki depremlere ili\u015fkin a\u00e7\u0131klama - Haber Kuzey\" \/>\n<meta property=\"og:description\" content=\"TC Cumhurba\u015fkan\u0131 Recep Tayyip Erdo\u011fan, \u0130stanbul\u2019da art arda meydana gelen depremlere ili\u015fkin, \u201cVatanda\u015flar\u0131m\u0131za ge\u00e7mi\u015f olsun dileklerimi iletiyorum, geli\u015fmeleri yak\u0131ndan takip ediyoruz\u201d dedi. \u00a0Erdo\u011fan, \u0130stanbul\u2019da art arda meydana gelen depremlere ili\u015fkin, \u201cVatanda\u015flar\u0131m\u0131za ge\u00e7mi\u015f olsun dileklerimi iletiyorum, geli\u015fmeleri yak\u0131ndan takip ediyoruz\u201d dedi. Cumhurba\u015fkan\u0131 Erdo\u011fan, \u0130stanbul\u2019un yan\u0131 s\u0131ra \u00e7evre illerde de hissedilen depremlere ili\u015fkin ilk a\u00e7\u0131klamas\u0131nda, \u201cVatanda\u015flar\u0131m\u0131za ge\u00e7mi\u015f [&hellip;]\" \/>\n<meta property=\"og:url\" content=\"https:\/\/haberkuzey.com\/index.php\/2025\/04\/23\/tc-cumhurbaskani-erdogandan-istanbuldaki-depremlere-iliskin-aciklama\/\" \/>\n<meta property=\"og:site_name\" content=\"Haber Kuzey\" \/>\n<meta property=\"article:published_time\" content=\"2025-04-23T10:34:12+00:00\" \/>\n<meta property=\"og:image\" content=\"https:\/\/brtk.net\/wp-content\/uploads\/2025\/03\/24\/erdogan-aa-2345303.jpg?ver=703352346495a8428c835501a6e43f46\" \/>\n<meta name=\"author\" content=\"haberkuzey\" \/>\n<meta name=\"twitter:card\" content=\"summary_large_image\" \/>\n<meta name=\"twitter:label1\" content=\"Yazan:\" \/>\n\t<meta name=\"twitter:data1\" content=\"haberkuzey\" \/>\n<script type=\"application\/ld+json\" class=\"yoast-schema-graph\">{\"@context\":\"https:\\\/\\\/schema.org\",\"@graph\":[{\"@type\":\"Article\",\"@id\":\"https:\\\/\\\/haberkuzey.com\\\/index.php\\\/2025\\\/04\\\/23\\\/tc-cumhurbaskani-erdogandan-istanbuldaki-depremlere-iliskin-aciklama\\\/#article\",\"isPartOf\":{\"@id\":\"https:\\\/\\\/haberkuzey.com\\\/index.php\\\/2025\\\/04\\\/23\\\/tc-cumhurbaskani-erdogandan-istanbuldaki-depremlere-iliskin-aciklama\\\/\"},\"author\":{\"name\":\"haberkuzey\",\"@id\":\"https:\\\/\\\/haberkuzey.com\\\/#\\\/schema\\\/person\\\/3372109ec735f9333f4fa47ebb9605ca\"},\"headline\":\"TC Cumhurba\u015fkan\u0131 Erdo\u011fan\u2019dan \u0130stanbul\u2019daki depremlere ili\u015fkin a\u00e7\u0131klama\",\"datePublished\":\"2025-04-23T10:34:12+00:00\",\"mainEntityOfPage\":{\"@id\":\"https:\\\/\\\/haberkuzey.com\\\/index.php\\\/2025\\\/04\\\/23\\\/tc-cumhurbaskani-erdogandan-istanbuldaki-depremlere-iliskin-aciklama\\\/\"},\"wordCount\":108,\"commentCount\":0,\"image\":{\"@id\":\"https:\\\/\\\/haberkuzey.com\\\/index.php\\\/2025\\\/04\\\/23\\\/tc-cumhurbaskani-erdogandan-istanbuldaki-depremlere-iliskin-aciklama\\\/#primaryimage\"},\"thumbnailUrl\":\"https:\\\/\\\/haberkuzey.com\\\/wp-content\\\/uploads\\\/2025\\\/03\\\/erdogan-aa-2345303.jpg\",\"articleSection\":[\"D\u00fcnya\"],\"inLanguage\":\"tr\",\"potentialAction\":[{\"@type\":\"CommentAction\",\"name\":\"Comment\",\"target\":[\"https:\\\/\\\/haberkuzey.com\\\/index.php\\\/2025\\\/04\\\/23\\\/tc-cumhurbaskani-erdogandan-istanbuldaki-depremlere-iliskin-aciklama\\\/#respond\"]}]},{\"@type\":\"WebPage\",\"@id\":\"https:\\\/\\\/haberkuzey.com\\\/index.php\\\/2025\\\/04\\\/23\\\/tc-cumhurbaskani-erdogandan-istanbuldaki-depremlere-iliskin-aciklama\\\/\",\"url\":\"https:\\\/\\\/haberkuzey.com\\\/index.php\\\/2025\\\/04\\\/23\\\/tc-cumhurbaskani-erdogandan-istanbuldaki-depremlere-iliskin-aciklama\\\/\",\"name\":\"TC Cumhurba\u015fkan\u0131 Erdo\u011fan\u2019dan \u0130stanbul\u2019daki depremlere ili\u015fkin a\u00e7\u0131klama - Haber Kuzey\",\"isPartOf\":{\"@id\":\"https:\\\/\\\/haberkuzey.com\\\/#website\"},\"primaryImageOfPage\":{\"@id\":\"https:\\\/\\\/haberkuzey.com\\\/index.php\\\/2025\\\/04\\\/23\\\/tc-cumhurbaskani-erdogandan-istanbuldaki-depremlere-iliskin-aciklama\\\/#primaryimage\"},\"image\":{\"@id\":\"https:\\\/\\\/haberkuzey.com\\\/index.php\\\/2025\\\/04\\\/23\\\/tc-cumhurbaskani-erdogandan-istanbuldaki-depremlere-iliskin-aciklama\\\/#primaryimage\"},\"thumbnailUrl\":\"https:\\\/\\\/haberkuzey.com\\\/wp-content\\\/uploads\\\/2025\\\/03\\\/erdogan-aa-2345303.jpg\",\"datePublished\":\"2025-04-23T10:34:12+00:00\",\"author\":{\"@id\":\"https:\\\/\\\/haberkuzey.com\\\/#\\\/schema\\\/person\\\/3372109ec735f9333f4fa47ebb9605ca\"},\"breadcrumb\":{\"@id\":\"https:\\\/\\\/haberkuzey.com\\\/index.php\\\/2025\\\/04\\\/23\\\/tc-cumhurbaskani-erdogandan-istanbuldaki-depremlere-iliskin-aciklama\\\/#breadcrumb\"},\"inLanguage\":\"tr\",\"potentialAction\":[{\"@type\":\"ReadAction\",\"target\":[\"https:\\\/\\\/haberkuzey.com\\\/index.php\\\/2025\\\/04\\\/23\\\/tc-cumhurbaskani-erdogandan-istanbuldaki-depremlere-iliskin-aciklama\\\/\"]}]},{\"@type\":\"ImageObject\",\"inLanguage\":\"tr\",\"@id\":\"https:\\\/\\\/haberkuzey.com\\\/index.php\\\/2025\\\/04\\\/23\\\/tc-cumhurbaskani-erdogandan-istanbuldaki-depremlere-iliskin-aciklama\\\/#primaryimage\",\"url\":\"https:\\\/\\\/haberkuzey.com\\\/wp-content\\\/uploads\\\/2025\\\/03\\\/erdogan-aa-2345303.jpg\",\"contentUrl\":\"https:\\\/\\\/haberkuzey.com\\\/wp-content\\\/uploads\\\/2025\\\/03\\\/erdogan-aa-2345303.jpg\",\"width\":1280,\"height\":720},{\"@type\":\"BreadcrumbList\",\"@id\":\"https:\\\/\\\/haberkuzey.com\\\/index.php\\\/2025\\\/04\\\/23\\\/tc-cumhurbaskani-erdogandan-istanbuldaki-depremlere-iliskin-aciklama\\\/#breadcrumb\",\"itemListElement\":[{\"@type\":\"ListItem\",\"position\":1,\"name\":\"Anasayfa\",\"item\":\"https:\\\/\\\/haberkuzey.com\\\/\"},{\"@type\":\"ListItem\",\"position\":2,\"name\":\"TC Cumhurba\u015fkan\u0131 Erdo\u011fan\u2019dan \u0130stanbul\u2019daki depremlere ili\u015fkin a\u00e7\u0131klama\"}]},{\"@type\":\"WebSite\",\"@id\":\"https:\\\/\\\/haberkuzey.com\\\/#website\",\"url\":\"https:\\\/\\\/haberkuzey.com\\\/\",\"name\":\"Haber Kuzey\",\"description\":\"Do\u011fru Haberin Adresi\",\"potentialAction\":[{\"@type\":\"SearchAction\",\"target\":{\"@type\":\"EntryPoint\",\"urlTemplate\":\"https:\\\/\\\/haberkuzey.com\\\/?s={search_term_string}\"},\"query-input\":{\"@type\":\"PropertyValueSpecification\",\"valueRequired\":true,\"valueName\":\"search_term_string\"}}],\"inLanguage\":\"tr\"},{\"@type\":\"Person\",\"@id\":\"https:\\\/\\\/haberkuzey.com\\\/#\\\/schema\\\/person\\\/3372109ec735f9333f4fa47ebb9605ca\",\"name\":\"haberkuzey\",\"image\":{\"@type\":\"ImageObject\",\"inLanguage\":\"tr\",\"@id\":\"https:\\\/\\\/secure.gravatar.com\\\/avatar\\\/f5fc875574b1575324358c3b9e6a32b8227aa5b74f3fa22e3cadb63e26fcc39c?s=96&d=mm&r=g\",\"url\":\"https:\\\/\\\/secure.gravatar.com\\\/avatar\\\/f5fc875574b1575324358c3b9e6a32b8227aa5b74f3fa22e3cadb63e26fcc39c?s=96&d=mm&r=g\",\"contentUrl\":\"https:\\\/\\\/secure.gravatar.com\\\/avatar\\\/f5fc875574b1575324358c3b9e6a32b8227aa5b74f3fa22e3cadb63e26fcc39c?s=96&d=mm&r=g\",\"caption\":\"haberkuzey\"},\"sameAs\":[\"https:\\\/\\\/haberkuzey.com\"],\"url\":\"https:\\\/\\\/haberkuzey.com\\\/index.php\\\/author\\\/haberkuzey\\\/\"}]}<\/script>\n<!-- \/ Yoast SEO plugin. -->","yoast_head_json":{"title":"TC Cumhurba\u015fkan\u0131 Erdo\u011fan\u2019dan \u0130stanbul\u2019daki depremlere ili\u015fkin a\u00e7\u0131klama - Haber Kuzey","robots":{"index":"index","follow":"follow","max-snippet":"max-snippet:-1","max-image-preview":"max-image-preview:large","max-video-preview":"max-video-preview:-1"},"canonical":"https:\/\/haberkuzey.com\/index.php\/2025\/04\/23\/tc-cumhurbaskani-erdogandan-istanbuldaki-depremlere-iliskin-aciklama\/","og_locale":"tr_TR","og_type":"article","og_title":"TC Cumhurba\u015fkan\u0131 Erdo\u011fan\u2019dan \u0130stanbul\u2019daki depremlere ili\u015fkin a\u00e7\u0131klama - Haber Kuzey","og_description":"TC Cumhurba\u015fkan\u0131 Recep Tayyip Erdo\u011fan, \u0130stanbul\u2019da art arda meydana gelen depremlere ili\u015fkin, \u201cVatanda\u015flar\u0131m\u0131za ge\u00e7mi\u015f olsun dileklerimi iletiyorum, geli\u015fmeleri yak\u0131ndan takip ediyoruz\u201d dedi. \u00a0Erdo\u011fan, \u0130stanbul\u2019da art arda meydana gelen depremlere ili\u015fkin, \u201cVatanda\u015flar\u0131m\u0131za ge\u00e7mi\u015f olsun dileklerimi iletiyorum, geli\u015fmeleri yak\u0131ndan takip ediyoruz\u201d dedi. Cumhurba\u015fkan\u0131 Erdo\u011fan, \u0130stanbul\u2019un yan\u0131 s\u0131ra \u00e7evre illerde de hissedilen depremlere ili\u015fkin ilk a\u00e7\u0131klamas\u0131nda, \u201cVatanda\u015flar\u0131m\u0131za ge\u00e7mi\u015f [&hellip;]","og_url":"https:\/\/haberkuzey.com\/index.php\/2025\/04\/23\/tc-cumhurbaskani-erdogandan-istanbuldaki-depremlere-iliskin-aciklama\/","og_site_name":"Haber Kuzey","article_published_time":"2025-04-23T10:34:12+00:00","og_image":[{"url":"https:\/\/brtk.net\/wp-content\/uploads\/2025\/03\/24\/erdogan-aa-2345303.jpg?ver=703352346495a8428c835501a6e43f46","type":"","width":"","height":""}],"author":"haberkuzey","twitter_card":"summary_large_image","twitter_misc":{"Yazan:":"haberkuzey"},"schema":{"@context":"https:\/\/schema.org","@graph":[{"@type":"Article","@id":"https:\/\/haberkuzey.com\/index.php\/2025\/04\/23\/tc-cumhurbaskani-erdogandan-istanbuldaki-depremlere-iliskin-aciklama\/#article","isPartOf":{"@id":"https:\/\/haberkuzey.com\/index.php\/2025\/04\/23\/tc-cumhurbaskani-erdogandan-istanbuldaki-depremlere-iliskin-aciklama\/"},"author":{"name":"haberkuzey","@id":"https:\/\/haberkuzey.com\/#\/schema\/person\/3372109ec735f9333f4fa47ebb9605ca"},"headline":"TC Cumhurba\u015fkan\u0131 Erdo\u011fan\u2019dan \u0130stanbul\u2019daki depremlere ili\u015fkin a\u00e7\u0131klama","datePublished":"2025-04-23T10:34:12+00:00","mainEntityOfPage":{"@id":"https:\/\/haberkuzey.com\/index.php\/2025\/04\/23\/tc-cumhurbaskani-erdogandan-istanbuldaki-depremlere-iliskin-aciklama\/"},"wordCount":108,"commentCount":0,"image":{"@id":"https:\/\/haberkuzey.com\/index.php\/2025\/04\/23\/tc-cumhurbaskani-erdogandan-istanbuldaki-depremlere-iliskin-aciklama\/#primaryimage"},"thumbnailUrl":"https:\/\/haberkuzey.com\/wp-content\/uploads\/2025\/03\/erdogan-aa-2345303.jpg","articleSection":["D\u00fcnya"],"inLanguage":"tr","potentialAction":[{"@type":"CommentAction","name":"Comment","target":["https:\/\/haberkuzey.com\/index.php\/2025\/04\/23\/tc-cumhurbaskani-erdogandan-istanbuldaki-depremlere-iliskin-aciklama\/#respond"]}]},{"@type":"WebPage","@id":"https:\/\/haberkuzey.com\/index.php\/2025\/04\/23\/tc-cumhurbaskani-erdogandan-istanbuldaki-depremlere-iliskin-aciklama\/","url":"https:\/\/haberkuzey.com\/index.php\/2025\/04\/23\/tc-cumhurbaskani-erdogandan-istanbuldaki-depremlere-iliskin-aciklama\/","name":"TC Cumhurba\u015fkan\u0131 Erdo\u011fan\u2019dan \u0130stanbul\u2019daki depremlere ili\u015fkin a\u00e7\u0131klama - Haber Kuzey","isPartOf":{"@id":"https:\/\/haberkuzey.com\/#website"},"primaryImageOfPage":{"@id":"https:\/\/haberkuzey.com\/index.php\/2025\/04\/23\/tc-cumhurbaskani-erdogandan-istanbuldaki-depremlere-iliskin-aciklama\/#primaryimage"},"image":{"@id":"https:\/\/haberkuzey.com\/index.php\/2025\/04\/23\/tc-cumhurbaskani-erdogandan-istanbuldaki-depremlere-iliskin-aciklama\/#primaryimage"},"thumbnailUrl":"https:\/\/haberkuzey.com\/wp-content\/uploads\/2025\/03\/erdogan-aa-2345303.jpg","datePublished":"2025-04-23T10:34:12+00:00","author":{"@id":"https:\/\/haberkuzey.com\/#\/schema\/person\/3372109ec735f9333f4fa47ebb9605ca"},"breadcrumb":{"@id":"https:\/\/haberkuzey.com\/index.php\/2025\/04\/23\/tc-cumhurbaskani-erdogandan-istanbuldaki-depremlere-iliskin-aciklama\/#breadcrumb"},"inLanguage":"tr","potentialAction":[{"@type":"ReadAction","target":["https:\/\/haberkuzey.com\/index.php\/2025\/04\/23\/tc-cumhurbaskani-erdogandan-istanbuldaki-depremlere-iliskin-aciklama\/"]}]},{"@type":"ImageObject","inLanguage":"tr","@id":"https:\/\/haberkuzey.com\/index.php\/2025\/04\/23\/tc-cumhurbaskani-erdogandan-istanbuldaki-depremlere-iliskin-aciklama\/#primaryimage","url":"https:\/\/haberkuzey.com\/wp-content\/uploads\/2025\/03\/erdogan-aa-2345303.jpg","contentUrl":"https:\/\/haberkuzey.com\/wp-content\/uploads\/2025\/03\/erdogan-aa-2345303.jpg","width":1280,"height":720},{"@type":"BreadcrumbList","@id":"https:\/\/haberkuzey.com\/index.php\/2025\/04\/23\/tc-cumhurbaskani-erdogandan-istanbuldaki-depremlere-iliskin-aciklama\/#breadcrumb","itemListElement":[{"@type":"ListItem","position":1,"name":"Anasayfa","item":"https:\/\/haberkuzey.com\/"},{"@type":"ListItem","position":2,"name":"TC Cumhurba\u015fkan\u0131 Erdo\u011fan\u2019dan \u0130stanbul\u2019daki depremlere ili\u015fkin a\u00e7\u0131klama"}]},{"@type":"WebSite","@id":"https:\/\/haberkuzey.com\/#website","url":"https:\/\/haberkuzey.com\/","name":"Haber Kuzey","description":"Do\u011fru Haberin Adresi","potentialAction":[{"@type":"SearchAction","target":{"@type":"EntryPoint","urlTemplate":"https:\/\/haberkuzey.com\/?s={search_term_string}"},"query-input":{"@type":"PropertyValueSpecification","valueRequired":true,"valueName":"search_term_string"}}],"inLanguage":"tr"},{"@type":"Person","@id":"https:\/\/haberkuzey.com\/#\/schema\/person\/3372109ec735f9333f4fa47ebb9605ca","name":"haberkuzey","image":{"@type":"ImageObject","inLanguage":"tr","@id":"https:\/\/secure.gravatar.com\/avatar\/f5fc875574b1575324358c3b9e6a32b8227aa5b74f3fa22e3cadb63e26fcc39c?s=96&d=mm&r=g","url":"https:\/\/secure.gravatar.com\/avatar\/f5fc875574b1575324358c3b9e6a32b8227aa5b74f3fa22e3cadb63e26fcc39c?s=96&d=mm&r=g","contentUrl":"https:\/\/secure.gravatar.com\/avatar\/f5fc875574b1575324358c3b9e6a32b8227aa5b74f3fa22e3cadb63e26fcc39c?s=96&d=mm&r=g","caption":"haberkuzey"},"sameAs":["https:\/\/haberkuzey.com"],"url":"https:\/\/haberkuzey.com\/index.php\/author\/haberkuzey\/"}]}},"_links":{"self":[{"href":"https:\/\/haberkuzey.com\/index.php\/wp-json\/wp\/v2\/posts\/22533","targetHints":{"allow":["GET"]}}],"collection":[{"href":"https:\/\/haberkuzey.com\/index.php\/wp-json\/wp\/v2\/posts"}],"about":[{"href":"https:\/\/haberkuzey.com\/index.php\/wp-json\/wp\/v2\/types\/post"}],"author":[{"embeddable":true,"href":"https:\/\/haberkuzey.com\/index.php\/wp-json\/wp\/v2\/users\/1"}],"replies":[{"embeddable":true,"href":"https:\/\/haberkuzey.com\/index.php\/wp-json\/wp\/v2\/comments?post=22533"}],"version-history":[{"count":0,"href":"https:\/\/haberkuzey.com\/index.php\/wp-json\/wp\/v2\/posts\/22533\/revisions"}],"wp:featuredmedia":[{"embeddable":true,"href":"https:\/\/haberkuzey.com\/index.php\/wp-json\/wp\/v2\/media\/20679"}],"wp:attachment":[{"href":"https:\/\/haberkuzey.com\/index.php\/wp-json\/wp\/v2\/media?parent=22533"}],"wp:term":[{"taxonomy":"category","embeddable":true,"href":"https:\/\/haberkuzey.com\/index.php\/wp-json\/wp\/v2\/categories?post=22533"},{"taxonomy":"post_tag","embeddable":true,"href":"https:\/\/haberkuzey.com\/index.php\/wp-json\/wp\/v2\/tags?post=22533"}],"curies":[{"name":"wp","href":"https:\/\/api.w.org\/{rel}","templated":true}]}}