{"id":22492,"date":"2025-04-22T19:13:47","date_gmt":"2025-04-22T16:13:47","guid":{"rendered":"https:\/\/haberkuzey.com\/index.php\/2025\/04\/22\/tarim-ve-dogal-kaynaklar-bakani-cavus-tc-cumhuriyeti-tarim-ve-orman-bakani-yumakli-ile-gorustu\/"},"modified":"2025-04-22T19:13:47","modified_gmt":"2025-04-22T16:13:47","slug":"tarim-ve-dogal-kaynaklar-bakani-cavus-tc-cumhuriyeti-tarim-ve-orman-bakani-yumakli-ile-gorustu","status":"publish","type":"post","link":"https:\/\/haberkuzey.com\/index.php\/2025\/04\/22\/tarim-ve-dogal-kaynaklar-bakani-cavus-tc-cumhuriyeti-tarim-ve-orman-bakani-yumakli-ile-gorustu\/","title":{"rendered":"Tar\u0131m ve Do\u011fal Kaynaklar Bakan\u0131 \u00c7avu\u015f, TC Cumhuriyeti Tar\u0131m ve Orman Bakan\u0131 Yumakl\u0131 ile g\u00f6r\u00fc\u015ft\u00fc"},"content":{"rendered":"<div>\n<div class=\"mariselle-image-container center\">\n                                            <\/div>\n<p>Tar\u0131m ve Do\u011fal Kaynaklar Bakan\u0131 H\u00fcseyin \u00c7avu\u015f, beraberindeki heyetle birlikte T\u00fcrkiye Cumhuriyeti Tar\u0131m ve Orman Bakan\u0131 \u0130brahim Yumakl\u0131 ve heyetiyle Ankara\u2019da bir araya geldi.<\/p>\n<p>Ger\u00e7ekle\u015fen g\u00f6r\u00fc\u015fmede, Kuzey K\u0131br\u0131s T\u00fcrk Cumhuriyeti ile T\u00fcrkiye Cumhuriyeti aras\u0131nda tar\u0131m ve do\u011fal kaynaklar alan\u0131nda s\u00fcrd\u00fcr\u00fclen i\u015f birli\u011fi \u00e7al\u0131\u015fmalar\u0131 kapsaml\u0131 bir \u015fekilde ele al\u0131nd\u0131.<\/p>\n<p>Bakan H\u00fcseyin \u00c7avu\u015f, g\u00f6r\u00fc\u015fme s\u0131ras\u0131nda yapt\u0131\u011f\u0131 de\u011ferlendirmede, T\u00fcrkiye Cumhuriyeti ile Kuzey K\u0131br\u0131s T\u00fcrk Cumhuriyeti aras\u0131ndaki i\u015f birli\u011finin her ge\u00e7en g\u00fcn daha da g\u00fc\u00e7lendi\u011fini ifade ederek, iki \u00fclke aras\u0131ndaki i\u015f birli\u011finin sekt\u00f6r\u00fcn s\u00fcrd\u00fcr\u00fclebilir geli\u015fimine b\u00fcy\u00fck katk\u0131 sa\u011flad\u0131\u011f\u0131n\u0131 vurgulad\u0131.<\/p>\n<p>T\u00fcrkiye Cumhuriyeti Tar\u0131m ve Orman Bakan\u0131 \u0130brahim Yumakl\u0131 da, iki \u00fclke aras\u0131ndaki g\u00fc\u00e7l\u00fc karde\u015flik ba\u011flar\u0131n\u0131n tar\u0131m ve do\u011fal kaynaklar alan\u0131nda y\u00fcr\u00fct\u00fclen ortak projelerle daha da peki\u015fece\u011fini belirtti.<\/p>\n<\/p><\/div>\n<p><script async\n                    defer\n                    crossorigin=\"anonymous\"\n                    src=\"https:\/\/connect.facebook.net\/tr_TR\/sdk.js#xfbml=1&#038;version=v3.3\"\n            ><\/script><\/p>\n","protected":false},"excerpt":{"rendered":"<p>Tar\u0131m ve Do\u011fal Kaynaklar Bakan\u0131 H\u00fcseyin \u00c7avu\u015f, beraberindeki heyetle birlikte T\u00fcrkiye Cumhuriyeti Tar\u0131m ve Orman Bakan\u0131 \u0130brahim Yumakl\u0131 ve heyetiyle Ankara\u2019da bir araya geldi. Ger\u00e7ekle\u015fen g\u00f6r\u00fc\u015fmede, Kuzey K\u0131br\u0131s T\u00fcrk Cumhuriyeti ile T\u00fcrkiye Cumhuriyeti aras\u0131nda tar\u0131m ve do\u011fal kaynaklar alan\u0131nda s\u00fcrd\u00fcr\u00fclen i\u015f birli\u011fi \u00e7al\u0131\u015fmalar\u0131 kapsaml\u0131 bir \u015fekilde ele al\u0131nd\u0131. Bakan H\u00fcseyin \u00c7avu\u015f, g\u00f6r\u00fc\u015fme s\u0131ras\u0131nda yapt\u0131\u011f\u0131 de\u011ferlendirmede, [&hellip;]<\/p>\n","protected":false},"author":1,"featured_media":22493,"comment_status":"open","ping_status":"open","sticky":false,"template":"","format":"standard","meta":{"jnews-multi-image_gallery":[],"jnews_single_post":[],"jnews_primary_category":[],"footnotes":""},"categories":[2],"tags":[],"class_list":["post-22492","post","type-post","status-publish","format-standard","has-post-thumbnail","hentry","category-dunya"],"yoast_head":"<!-- This site is optimized with the Yoast SEO plugin v27.5 - https:\/\/yoast.com\/product\/yoast-seo-wordpress\/ -->\n<title>Tar\u0131m ve Do\u011fal Kaynaklar Bakan\u0131 \u00c7avu\u015f, TC Cumhuriyeti Tar\u0131m ve Orman Bakan\u0131 Yumakl\u0131 ile g\u00f6r\u00fc\u015ft\u00fc - Haber Kuzey<\/title>\n<meta name=\"robots\" content=\"index, follow, max-snippet:-1, max-image-preview:large, max-video-preview:-1\" \/>\n<link rel=\"canonical\" href=\"https:\/\/haberkuzey.com\/index.php\/2025\/04\/22\/tarim-ve-dogal-kaynaklar-bakani-cavus-tc-cumhuriyeti-tarim-ve-orman-bakani-yumakli-ile-gorustu\/\" \/>\n<meta property=\"og:locale\" content=\"tr_TR\" \/>\n<meta property=\"og:type\" content=\"article\" \/>\n<meta property=\"og:title\" content=\"Tar\u0131m ve Do\u011fal Kaynaklar Bakan\u0131 \u00c7avu\u015f, TC Cumhuriyeti Tar\u0131m ve Orman Bakan\u0131 Yumakl\u0131 ile g\u00f6r\u00fc\u015ft\u00fc - Haber Kuzey\" \/>\n<meta property=\"og:description\" content=\"Tar\u0131m ve Do\u011fal Kaynaklar Bakan\u0131 H\u00fcseyin \u00c7avu\u015f, beraberindeki heyetle birlikte T\u00fcrkiye Cumhuriyeti Tar\u0131m ve Orman Bakan\u0131 \u0130brahim Yumakl\u0131 ve heyetiyle Ankara\u2019da bir araya geldi. Ger\u00e7ekle\u015fen g\u00f6r\u00fc\u015fmede, Kuzey K\u0131br\u0131s T\u00fcrk Cumhuriyeti ile T\u00fcrkiye Cumhuriyeti aras\u0131nda tar\u0131m ve do\u011fal kaynaklar alan\u0131nda s\u00fcrd\u00fcr\u00fclen i\u015f birli\u011fi \u00e7al\u0131\u015fmalar\u0131 kapsaml\u0131 bir \u015fekilde ele al\u0131nd\u0131. Bakan H\u00fcseyin \u00c7avu\u015f, g\u00f6r\u00fc\u015fme s\u0131ras\u0131nda yapt\u0131\u011f\u0131 de\u011ferlendirmede, [&hellip;]\" \/>\n<meta property=\"og:url\" content=\"https:\/\/haberkuzey.com\/index.php\/2025\/04\/22\/tarim-ve-dogal-kaynaklar-bakani-cavus-tc-cumhuriyeti-tarim-ve-orman-bakani-yumakli-ile-gorustu\/\" \/>\n<meta property=\"og:site_name\" content=\"Haber Kuzey\" \/>\n<meta property=\"article:published_time\" content=\"2025-04-22T16:13:47+00:00\" \/>\n<meta property=\"og:image\" content=\"https:\/\/brtk.net\/wp-content\/uploads\/2025\/04\/22\/81fe4a2e-53c0-41f3-80fa-ffc6cda2ee05.jpg?ver=e9c9231d4f5531a438d59496dc0b7bbd\" \/>\n<meta name=\"author\" content=\"haberkuzey\" \/>\n<meta name=\"twitter:card\" content=\"summary_large_image\" \/>\n<meta name=\"twitter:label1\" content=\"Yazan:\" \/>\n\t<meta name=\"twitter:data1\" content=\"haberkuzey\" \/>\n\t<meta name=\"twitter:label2\" content=\"Tahmini okuma s\u00fcresi\" \/>\n\t<meta name=\"twitter:data2\" content=\"1 dakika\" \/>\n<script type=\"application\/ld+json\" class=\"yoast-schema-graph\">{\"@context\":\"https:\\\/\\\/schema.org\",\"@graph\":[{\"@type\":\"Article\",\"@id\":\"https:\\\/\\\/haberkuzey.com\\\/index.php\\\/2025\\\/04\\\/22\\\/tarim-ve-dogal-kaynaklar-bakani-cavus-tc-cumhuriyeti-tarim-ve-orman-bakani-yumakli-ile-gorustu\\\/#article\",\"isPartOf\":{\"@id\":\"https:\\\/\\\/haberkuzey.com\\\/index.php\\\/2025\\\/04\\\/22\\\/tarim-ve-dogal-kaynaklar-bakani-cavus-tc-cumhuriyeti-tarim-ve-orman-bakani-yumakli-ile-gorustu\\\/\"},\"author\":{\"name\":\"haberkuzey\",\"@id\":\"https:\\\/\\\/haberkuzey.com\\\/#\\\/schema\\\/person\\\/3372109ec735f9333f4fa47ebb9605ca\"},\"headline\":\"Tar\u0131m ve Do\u011fal Kaynaklar Bakan\u0131 \u00c7avu\u015f, TC Cumhuriyeti Tar\u0131m ve Orman Bakan\u0131 Yumakl\u0131 ile g\u00f6r\u00fc\u015ft\u00fc\",\"datePublished\":\"2025-04-22T16:13:47+00:00\",\"mainEntityOfPage\":{\"@id\":\"https:\\\/\\\/haberkuzey.com\\\/index.php\\\/2025\\\/04\\\/22\\\/tarim-ve-dogal-kaynaklar-bakani-cavus-tc-cumhuriyeti-tarim-ve-orman-bakani-yumakli-ile-gorustu\\\/\"},\"wordCount\":200,\"commentCount\":0,\"image\":{\"@id\":\"https:\\\/\\\/haberkuzey.com\\\/index.php\\\/2025\\\/04\\\/22\\\/tarim-ve-dogal-kaynaklar-bakani-cavus-tc-cumhuriyeti-tarim-ve-orman-bakani-yumakli-ile-gorustu\\\/#primaryimage\"},\"thumbnailUrl\":\"https:\\\/\\\/haberkuzey.com\\\/wp-content\\\/uploads\\\/2025\\\/04\\\/81fe4a2e-53c0-41f3-80fa-ffc6cda2ee05.jpg\",\"articleSection\":[\"D\u00fcnya\"],\"inLanguage\":\"tr\",\"potentialAction\":[{\"@type\":\"CommentAction\",\"name\":\"Comment\",\"target\":[\"https:\\\/\\\/haberkuzey.com\\\/index.php\\\/2025\\\/04\\\/22\\\/tarim-ve-dogal-kaynaklar-bakani-cavus-tc-cumhuriyeti-tarim-ve-orman-bakani-yumakli-ile-gorustu\\\/#respond\"]}]},{\"@type\":\"WebPage\",\"@id\":\"https:\\\/\\\/haberkuzey.com\\\/index.php\\\/2025\\\/04\\\/22\\\/tarim-ve-dogal-kaynaklar-bakani-cavus-tc-cumhuriyeti-tarim-ve-orman-bakani-yumakli-ile-gorustu\\\/\",\"url\":\"https:\\\/\\\/haberkuzey.com\\\/index.php\\\/2025\\\/04\\\/22\\\/tarim-ve-dogal-kaynaklar-bakani-cavus-tc-cumhuriyeti-tarim-ve-orman-bakani-yumakli-ile-gorustu\\\/\",\"name\":\"Tar\u0131m ve Do\u011fal Kaynaklar Bakan\u0131 \u00c7avu\u015f, TC Cumhuriyeti Tar\u0131m ve Orman Bakan\u0131 Yumakl\u0131 ile g\u00f6r\u00fc\u015ft\u00fc - Haber Kuzey\",\"isPartOf\":{\"@id\":\"https:\\\/\\\/haberkuzey.com\\\/#website\"},\"primaryImageOfPage\":{\"@id\":\"https:\\\/\\\/haberkuzey.com\\\/index.php\\\/2025\\\/04\\\/22\\\/tarim-ve-dogal-kaynaklar-bakani-cavus-tc-cumhuriyeti-tarim-ve-orman-bakani-yumakli-ile-gorustu\\\/#primaryimage\"},\"image\":{\"@id\":\"https:\\\/\\\/haberkuzey.com\\\/index.php\\\/2025\\\/04\\\/22\\\/tarim-ve-dogal-kaynaklar-bakani-cavus-tc-cumhuriyeti-tarim-ve-orman-bakani-yumakli-ile-gorustu\\\/#primaryimage\"},\"thumbnailUrl\":\"https:\\\/\\\/haberkuzey.com\\\/wp-content\\\/uploads\\\/2025\\\/04\\\/81fe4a2e-53c0-41f3-80fa-ffc6cda2ee05.jpg\",\"datePublished\":\"2025-04-22T16:13:47+00:00\",\"author\":{\"@id\":\"https:\\\/\\\/haberkuzey.com\\\/#\\\/schema\\\/person\\\/3372109ec735f9333f4fa47ebb9605ca\"},\"breadcrumb\":{\"@id\":\"https:\\\/\\\/haberkuzey.com\\\/index.php\\\/2025\\\/04\\\/22\\\/tarim-ve-dogal-kaynaklar-bakani-cavus-tc-cumhuriyeti-tarim-ve-orman-bakani-yumakli-ile-gorustu\\\/#breadcrumb\"},\"inLanguage\":\"tr\",\"potentialAction\":[{\"@type\":\"ReadAction\",\"target\":[\"https:\\\/\\\/haberkuzey.com\\\/index.php\\\/2025\\\/04\\\/22\\\/tarim-ve-dogal-kaynaklar-bakani-cavus-tc-cumhuriyeti-tarim-ve-orman-bakani-yumakli-ile-gorustu\\\/\"]}]},{\"@type\":\"ImageObject\",\"inLanguage\":\"tr\",\"@id\":\"https:\\\/\\\/haberkuzey.com\\\/index.php\\\/2025\\\/04\\\/22\\\/tarim-ve-dogal-kaynaklar-bakani-cavus-tc-cumhuriyeti-tarim-ve-orman-bakani-yumakli-ile-gorustu\\\/#primaryimage\",\"url\":\"https:\\\/\\\/haberkuzey.com\\\/wp-content\\\/uploads\\\/2025\\\/04\\\/81fe4a2e-53c0-41f3-80fa-ffc6cda2ee05.jpg\",\"contentUrl\":\"https:\\\/\\\/haberkuzey.com\\\/wp-content\\\/uploads\\\/2025\\\/04\\\/81fe4a2e-53c0-41f3-80fa-ffc6cda2ee05.jpg\",\"width\":1594,\"height\":705},{\"@type\":\"BreadcrumbList\",\"@id\":\"https:\\\/\\\/haberkuzey.com\\\/index.php\\\/2025\\\/04\\\/22\\\/tarim-ve-dogal-kaynaklar-bakani-cavus-tc-cumhuriyeti-tarim-ve-orman-bakani-yumakli-ile-gorustu\\\/#breadcrumb\",\"itemListElement\":[{\"@type\":\"ListItem\",\"position\":1,\"name\":\"Anasayfa\",\"item\":\"https:\\\/\\\/haberkuzey.com\\\/\"},{\"@type\":\"ListItem\",\"position\":2,\"name\":\"Tar\u0131m ve Do\u011fal Kaynaklar Bakan\u0131 \u00c7avu\u015f, TC Cumhuriyeti Tar\u0131m ve Orman Bakan\u0131 Yumakl\u0131 ile g\u00f6r\u00fc\u015ft\u00fc\"}]},{\"@type\":\"WebSite\",\"@id\":\"https:\\\/\\\/haberkuzey.com\\\/#website\",\"url\":\"https:\\\/\\\/haberkuzey.com\\\/\",\"name\":\"Haber Kuzey\",\"description\":\"Do\u011fru Haberin Adresi\",\"potentialAction\":[{\"@type\":\"SearchAction\",\"target\":{\"@type\":\"EntryPoint\",\"urlTemplate\":\"https:\\\/\\\/haberkuzey.com\\\/?s={search_term_string}\"},\"query-input\":{\"@type\":\"PropertyValueSpecification\",\"valueRequired\":true,\"valueName\":\"search_term_string\"}}],\"inLanguage\":\"tr\"},{\"@type\":\"Person\",\"@id\":\"https:\\\/\\\/haberkuzey.com\\\/#\\\/schema\\\/person\\\/3372109ec735f9333f4fa47ebb9605ca\",\"name\":\"haberkuzey\",\"image\":{\"@type\":\"ImageObject\",\"inLanguage\":\"tr\",\"@id\":\"https:\\\/\\\/secure.gravatar.com\\\/avatar\\\/f5fc875574b1575324358c3b9e6a32b8227aa5b74f3fa22e3cadb63e26fcc39c?s=96&d=mm&r=g\",\"url\":\"https:\\\/\\\/secure.gravatar.com\\\/avatar\\\/f5fc875574b1575324358c3b9e6a32b8227aa5b74f3fa22e3cadb63e26fcc39c?s=96&d=mm&r=g\",\"contentUrl\":\"https:\\\/\\\/secure.gravatar.com\\\/avatar\\\/f5fc875574b1575324358c3b9e6a32b8227aa5b74f3fa22e3cadb63e26fcc39c?s=96&d=mm&r=g\",\"caption\":\"haberkuzey\"},\"sameAs\":[\"https:\\\/\\\/haberkuzey.com\"],\"url\":\"https:\\\/\\\/haberkuzey.com\\\/index.php\\\/author\\\/haberkuzey\\\/\"}]}<\/script>\n<!-- \/ Yoast SEO plugin. -->","yoast_head_json":{"title":"Tar\u0131m ve Do\u011fal Kaynaklar Bakan\u0131 \u00c7avu\u015f, TC Cumhuriyeti Tar\u0131m ve Orman Bakan\u0131 Yumakl\u0131 ile g\u00f6r\u00fc\u015ft\u00fc - Haber Kuzey","robots":{"index":"index","follow":"follow","max-snippet":"max-snippet:-1","max-image-preview":"max-image-preview:large","max-video-preview":"max-video-preview:-1"},"canonical":"https:\/\/haberkuzey.com\/index.php\/2025\/04\/22\/tarim-ve-dogal-kaynaklar-bakani-cavus-tc-cumhuriyeti-tarim-ve-orman-bakani-yumakli-ile-gorustu\/","og_locale":"tr_TR","og_type":"article","og_title":"Tar\u0131m ve Do\u011fal Kaynaklar Bakan\u0131 \u00c7avu\u015f, TC Cumhuriyeti Tar\u0131m ve Orman Bakan\u0131 Yumakl\u0131 ile g\u00f6r\u00fc\u015ft\u00fc - Haber Kuzey","og_description":"Tar\u0131m ve Do\u011fal Kaynaklar Bakan\u0131 H\u00fcseyin \u00c7avu\u015f, beraberindeki heyetle birlikte T\u00fcrkiye Cumhuriyeti Tar\u0131m ve Orman Bakan\u0131 \u0130brahim Yumakl\u0131 ve heyetiyle Ankara\u2019da bir araya geldi. Ger\u00e7ekle\u015fen g\u00f6r\u00fc\u015fmede, Kuzey K\u0131br\u0131s T\u00fcrk Cumhuriyeti ile T\u00fcrkiye Cumhuriyeti aras\u0131nda tar\u0131m ve do\u011fal kaynaklar alan\u0131nda s\u00fcrd\u00fcr\u00fclen i\u015f birli\u011fi \u00e7al\u0131\u015fmalar\u0131 kapsaml\u0131 bir \u015fekilde ele al\u0131nd\u0131. Bakan H\u00fcseyin \u00c7avu\u015f, g\u00f6r\u00fc\u015fme s\u0131ras\u0131nda yapt\u0131\u011f\u0131 de\u011ferlendirmede, [&hellip;]","og_url":"https:\/\/haberkuzey.com\/index.php\/2025\/04\/22\/tarim-ve-dogal-kaynaklar-bakani-cavus-tc-cumhuriyeti-tarim-ve-orman-bakani-yumakli-ile-gorustu\/","og_site_name":"Haber Kuzey","article_published_time":"2025-04-22T16:13:47+00:00","og_image":[{"url":"https:\/\/brtk.net\/wp-content\/uploads\/2025\/04\/22\/81fe4a2e-53c0-41f3-80fa-ffc6cda2ee05.jpg?ver=e9c9231d4f5531a438d59496dc0b7bbd","type":"","width":"","height":""}],"author":"haberkuzey","twitter_card":"summary_large_image","twitter_misc":{"Yazan:":"haberkuzey","Tahmini okuma s\u00fcresi":"1 dakika"},"schema":{"@context":"https:\/\/schema.org","@graph":[{"@type":"Article","@id":"https:\/\/haberkuzey.com\/index.php\/2025\/04\/22\/tarim-ve-dogal-kaynaklar-bakani-cavus-tc-cumhuriyeti-tarim-ve-orman-bakani-yumakli-ile-gorustu\/#article","isPartOf":{"@id":"https:\/\/haberkuzey.com\/index.php\/2025\/04\/22\/tarim-ve-dogal-kaynaklar-bakani-cavus-tc-cumhuriyeti-tarim-ve-orman-bakani-yumakli-ile-gorustu\/"},"author":{"name":"haberkuzey","@id":"https:\/\/haberkuzey.com\/#\/schema\/person\/3372109ec735f9333f4fa47ebb9605ca"},"headline":"Tar\u0131m ve Do\u011fal Kaynaklar Bakan\u0131 \u00c7avu\u015f, TC Cumhuriyeti Tar\u0131m ve Orman Bakan\u0131 Yumakl\u0131 ile g\u00f6r\u00fc\u015ft\u00fc","datePublished":"2025-04-22T16:13:47+00:00","mainEntityOfPage":{"@id":"https:\/\/haberkuzey.com\/index.php\/2025\/04\/22\/tarim-ve-dogal-kaynaklar-bakani-cavus-tc-cumhuriyeti-tarim-ve-orman-bakani-yumakli-ile-gorustu\/"},"wordCount":200,"commentCount":0,"image":{"@id":"https:\/\/haberkuzey.com\/index.php\/2025\/04\/22\/tarim-ve-dogal-kaynaklar-bakani-cavus-tc-cumhuriyeti-tarim-ve-orman-bakani-yumakli-ile-gorustu\/#primaryimage"},"thumbnailUrl":"https:\/\/haberkuzey.com\/wp-content\/uploads\/2025\/04\/81fe4a2e-53c0-41f3-80fa-ffc6cda2ee05.jpg","articleSection":["D\u00fcnya"],"inLanguage":"tr","potentialAction":[{"@type":"CommentAction","name":"Comment","target":["https:\/\/haberkuzey.com\/index.php\/2025\/04\/22\/tarim-ve-dogal-kaynaklar-bakani-cavus-tc-cumhuriyeti-tarim-ve-orman-bakani-yumakli-ile-gorustu\/#respond"]}]},{"@type":"WebPage","@id":"https:\/\/haberkuzey.com\/index.php\/2025\/04\/22\/tarim-ve-dogal-kaynaklar-bakani-cavus-tc-cumhuriyeti-tarim-ve-orman-bakani-yumakli-ile-gorustu\/","url":"https:\/\/haberkuzey.com\/index.php\/2025\/04\/22\/tarim-ve-dogal-kaynaklar-bakani-cavus-tc-cumhuriyeti-tarim-ve-orman-bakani-yumakli-ile-gorustu\/","name":"Tar\u0131m ve Do\u011fal Kaynaklar Bakan\u0131 \u00c7avu\u015f, TC Cumhuriyeti Tar\u0131m ve Orman Bakan\u0131 Yumakl\u0131 ile g\u00f6r\u00fc\u015ft\u00fc - Haber Kuzey","isPartOf":{"@id":"https:\/\/haberkuzey.com\/#website"},"primaryImageOfPage":{"@id":"https:\/\/haberkuzey.com\/index.php\/2025\/04\/22\/tarim-ve-dogal-kaynaklar-bakani-cavus-tc-cumhuriyeti-tarim-ve-orman-bakani-yumakli-ile-gorustu\/#primaryimage"},"image":{"@id":"https:\/\/haberkuzey.com\/index.php\/2025\/04\/22\/tarim-ve-dogal-kaynaklar-bakani-cavus-tc-cumhuriyeti-tarim-ve-orman-bakani-yumakli-ile-gorustu\/#primaryimage"},"thumbnailUrl":"https:\/\/haberkuzey.com\/wp-content\/uploads\/2025\/04\/81fe4a2e-53c0-41f3-80fa-ffc6cda2ee05.jpg","datePublished":"2025-04-22T16:13:47+00:00","author":{"@id":"https:\/\/haberkuzey.com\/#\/schema\/person\/3372109ec735f9333f4fa47ebb9605ca"},"breadcrumb":{"@id":"https:\/\/haberkuzey.com\/index.php\/2025\/04\/22\/tarim-ve-dogal-kaynaklar-bakani-cavus-tc-cumhuriyeti-tarim-ve-orman-bakani-yumakli-ile-gorustu\/#breadcrumb"},"inLanguage":"tr","potentialAction":[{"@type":"ReadAction","target":["https:\/\/haberkuzey.com\/index.php\/2025\/04\/22\/tarim-ve-dogal-kaynaklar-bakani-cavus-tc-cumhuriyeti-tarim-ve-orman-bakani-yumakli-ile-gorustu\/"]}]},{"@type":"ImageObject","inLanguage":"tr","@id":"https:\/\/haberkuzey.com\/index.php\/2025\/04\/22\/tarim-ve-dogal-kaynaklar-bakani-cavus-tc-cumhuriyeti-tarim-ve-orman-bakani-yumakli-ile-gorustu\/#primaryimage","url":"https:\/\/haberkuzey.com\/wp-content\/uploads\/2025\/04\/81fe4a2e-53c0-41f3-80fa-ffc6cda2ee05.jpg","contentUrl":"https:\/\/haberkuzey.com\/wp-content\/uploads\/2025\/04\/81fe4a2e-53c0-41f3-80fa-ffc6cda2ee05.jpg","width":1594,"height":705},{"@type":"BreadcrumbList","@id":"https:\/\/haberkuzey.com\/index.php\/2025\/04\/22\/tarim-ve-dogal-kaynaklar-bakani-cavus-tc-cumhuriyeti-tarim-ve-orman-bakani-yumakli-ile-gorustu\/#breadcrumb","itemListElement":[{"@type":"ListItem","position":1,"name":"Anasayfa","item":"https:\/\/haberkuzey.com\/"},{"@type":"ListItem","position":2,"name":"Tar\u0131m ve Do\u011fal Kaynaklar Bakan\u0131 \u00c7avu\u015f, TC Cumhuriyeti Tar\u0131m ve Orman Bakan\u0131 Yumakl\u0131 ile g\u00f6r\u00fc\u015ft\u00fc"}]},{"@type":"WebSite","@id":"https:\/\/haberkuzey.com\/#website","url":"https:\/\/haberkuzey.com\/","name":"Haber Kuzey","description":"Do\u011fru Haberin Adresi","potentialAction":[{"@type":"SearchAction","target":{"@type":"EntryPoint","urlTemplate":"https:\/\/haberkuzey.com\/?s={search_term_string}"},"query-input":{"@type":"PropertyValueSpecification","valueRequired":true,"valueName":"search_term_string"}}],"inLanguage":"tr"},{"@type":"Person","@id":"https:\/\/haberkuzey.com\/#\/schema\/person\/3372109ec735f9333f4fa47ebb9605ca","name":"haberkuzey","image":{"@type":"ImageObject","inLanguage":"tr","@id":"https:\/\/secure.gravatar.com\/avatar\/f5fc875574b1575324358c3b9e6a32b8227aa5b74f3fa22e3cadb63e26fcc39c?s=96&d=mm&r=g","url":"https:\/\/secure.gravatar.com\/avatar\/f5fc875574b1575324358c3b9e6a32b8227aa5b74f3fa22e3cadb63e26fcc39c?s=96&d=mm&r=g","contentUrl":"https:\/\/secure.gravatar.com\/avatar\/f5fc875574b1575324358c3b9e6a32b8227aa5b74f3fa22e3cadb63e26fcc39c?s=96&d=mm&r=g","caption":"haberkuzey"},"sameAs":["https:\/\/haberkuzey.com"],"url":"https:\/\/haberkuzey.com\/index.php\/author\/haberkuzey\/"}]}},"_links":{"self":[{"href":"https:\/\/haberkuzey.com\/index.php\/wp-json\/wp\/v2\/posts\/22492","targetHints":{"allow":["GET"]}}],"collection":[{"href":"https:\/\/haberkuzey.com\/index.php\/wp-json\/wp\/v2\/posts"}],"about":[{"href":"https:\/\/haberkuzey.com\/index.php\/wp-json\/wp\/v2\/types\/post"}],"author":[{"embeddable":true,"href":"https:\/\/haberkuzey.com\/index.php\/wp-json\/wp\/v2\/users\/1"}],"replies":[{"embeddable":true,"href":"https:\/\/haberkuzey.com\/index.php\/wp-json\/wp\/v2\/comments?post=22492"}],"version-history":[{"count":0,"href":"https:\/\/haberkuzey.com\/index.php\/wp-json\/wp\/v2\/posts\/22492\/revisions"}],"wp:featuredmedia":[{"embeddable":true,"href":"https:\/\/haberkuzey.com\/index.php\/wp-json\/wp\/v2\/media\/22493"}],"wp:attachment":[{"href":"https:\/\/haberkuzey.com\/index.php\/wp-json\/wp\/v2\/media?parent=22492"}],"wp:term":[{"taxonomy":"category","embeddable":true,"href":"https:\/\/haberkuzey.com\/index.php\/wp-json\/wp\/v2\/categories?post=22492"},{"taxonomy":"post_tag","embeddable":true,"href":"https:\/\/haberkuzey.com\/index.php\/wp-json\/wp\/v2\/tags?post=22492"}],"curies":[{"name":"wp","href":"https:\/\/api.w.org\/{rel}","templated":true}]}}