{"id":22486,"date":"2025-04-22T18:51:47","date_gmt":"2025-04-22T15:51:47","guid":{"rendered":"https:\/\/haberkuzey.com\/index.php\/2025\/04\/22\/dsp-genel-baskani-aksakaldan-kktc-degerlendirmesi\/"},"modified":"2025-04-22T18:51:47","modified_gmt":"2025-04-22T15:51:47","slug":"dsp-genel-baskani-aksakaldan-kktc-degerlendirmesi","status":"publish","type":"post","link":"https:\/\/haberkuzey.com\/index.php\/2025\/04\/22\/dsp-genel-baskani-aksakaldan-kktc-degerlendirmesi\/","title":{"rendered":"DSP Genel Ba\u015fkan\u0131 Aksakal\u2019dan KKTC de\u011ferlendirmesi"},"content":{"rendered":"<div>\n<div class=\"mariselle-image-container center\">\n                                            <\/div>\n<p> DSP Genel Ba\u015fkan\u0131 \u00d6nder Aksakal, \u201cKuzey K\u0131br\u0131s T\u00fcrk Cumhuriyeti\u2019nin ad\u0131n\u0131n en k\u0131sa zamanda K\u0131br\u0131s T\u00fcrk Cumhuriyeti olarak de\u011fi\u015ftirilmesi ve \u00f6ncelikle dinda\u015f ve soyda\u015f devletler ba\u015fta olmak \u00fczere, bu devletin art\u0131k tan\u0131nmas\u0131 noktas\u0131nda kesin ve kararl\u0131 bir tav\u0131r sergilenmesi zaruret halini alm\u0131\u015ft\u0131r.\u201d dedi.<\/p>\n<p>Aksakal, TBMM\u2019de d\u00fczenledi\u011fi bas\u0131n toplant\u0131s\u0131nda K\u0131br\u0131s\u2019la  ilgili de konu\u015ftu.<\/p>\n<p>T\u00fcrkiye\u2019nin b\u00f6lgesinde ya\u015fanan bir di\u011fer \u00f6nemli konunun da K\u0131br\u0131s ve Do\u011fu Akdeniz meselesi oldu\u011funa dikkati \u00e7eken Aksakal,  ABD ve \u0130ngiltere\u2019nin K\u0131br\u0131s Adas\u0131\u2019ndan vazge\u00e7medi\u011fini s\u00f6yledi.<\/p>\n<p>1974 K\u0131br\u0131s Bar\u0131\u015f Harekat\u0131\u2019ndan bu yana Rum politikalar\u0131nda ve Yunanistan\u2019\u0131n hedeflerinde olumlu bir geli\u015fme ya\u015fanmad\u0131\u011f\u0131n\u0131 aktaran Aksakal, gerek ABD ve \u0130ngiltere\u2019nin gerekse Avrupa Birli\u011fi \u00fclkelerinin \u201cyang\u0131na k\u00f6r\u00fckle gitti\u011fini\u201d savundu.<\/p>\n<p>Aksakal, G\u00fcney K\u0131br\u0131s Rum Ortodoks Kilisesi Ba\u015fpiskoposu Georgios\u2019un, Paskalya Genelgesi\u2019nde \u201cK\u0131br\u0131s\u2019tan T\u00fcrkleri kovmak ve vatan\u0131 kurtarmak i\u00e7in m\u00fccadele etmeliyiz\u201d s\u00f6zleriyle T\u00fcrkiye\u2019yi ve K\u0131br\u0131s T\u00fcrklerini hedef ald\u0131\u011f\u0131n\u0131 belirterek, \u015f\u00f6yle devam etti:<\/p>\n<p>\u201cBu \u00fcslup ve bu yakla\u015f\u0131m bi\u00e7imi asla kabul edilemez. Ada\u2019da 1983 y\u0131l\u0131nda kurulmu\u015f bir T\u00fcrk devletinin varl\u0131\u011f\u0131n\u0131 hala kabul etmekte zorlananlara, K\u0131br\u0131s Adas\u0131\u2019n\u0131n ilk ve ger\u00e7ek sahibinin T\u00fcrkler oldu\u011funu, bu adan\u0131n y\u00fczlerce y\u0131ll\u0131k ge\u00e7mi\u015finde T\u00fcrk milletinin iradesinin bulundu\u011funu ve en \u00f6nemlisi, bug\u00fcn dahi Ada \u00fczerindeki kararlarda garant\u00f6r olan \u00fc\u00e7 devletten birinin T\u00fcrkiye oldu\u011funu bir kez daha \u00f6nemle hat\u0131rlatmak isterim. Teredd\u00fct ve m\u00fcsamaha y\u0131k\u0131m getirir. Kuzey K\u0131br\u0131s T\u00fcrk Cumhuriyeti\u2019nin ad\u0131n\u0131n en k\u0131sa zamanda K\u0131br\u0131s T\u00fcrk Cumhuriyeti olarak de\u011fi\u015ftirilmesi ve \u00f6ncelikle dinda\u015f ve soyda\u015f devletler ba\u015fta olmak \u00fczere, bu devletin art\u0131k tan\u0131nmas\u0131 noktas\u0131nda kesin ve kararl\u0131 bir tav\u0131r sergilenmesi zaruret halini alm\u0131\u015ft\u0131r.\u201d<\/p>\n<p>AA\/TAK<\/p>\n<\/p><\/div>\n<p><script async\n                    defer\n                    crossorigin=\"anonymous\"\n                    src=\"https:\/\/connect.facebook.net\/tr_TR\/sdk.js#xfbml=1&#038;version=v3.3\"\n            ><\/script><\/p>\n","protected":false},"excerpt":{"rendered":"<p>DSP Genel Ba\u015fkan\u0131 \u00d6nder Aksakal, \u201cKuzey K\u0131br\u0131s T\u00fcrk Cumhuriyeti\u2019nin ad\u0131n\u0131n en k\u0131sa zamanda K\u0131br\u0131s T\u00fcrk Cumhuriyeti olarak de\u011fi\u015ftirilmesi ve \u00f6ncelikle dinda\u015f ve soyda\u015f devletler ba\u015fta olmak \u00fczere, bu devletin art\u0131k tan\u0131nmas\u0131 noktas\u0131nda kesin ve kararl\u0131 bir tav\u0131r sergilenmesi zaruret halini alm\u0131\u015ft\u0131r.\u201d dedi. Aksakal, TBMM\u2019de d\u00fczenledi\u011fi bas\u0131n toplant\u0131s\u0131nda K\u0131br\u0131s\u2019la ilgili de konu\u015ftu. T\u00fcrkiye\u2019nin b\u00f6lgesinde ya\u015fanan bir [&hellip;]<\/p>\n","protected":false},"author":1,"featured_media":22487,"comment_status":"open","ping_status":"open","sticky":false,"template":"","format":"standard","meta":{"jnews-multi-image_gallery":[],"jnews_single_post":[],"jnews_primary_category":[],"footnotes":""},"categories":[2],"tags":[],"class_list":["post-22486","post","type-post","status-publish","format-standard","has-post-thumbnail","hentry","category-dunya"],"yoast_head":"<!-- This site is optimized with the Yoast SEO plugin v27.5 - https:\/\/yoast.com\/product\/yoast-seo-wordpress\/ -->\n<title>DSP Genel Ba\u015fkan\u0131 Aksakal\u2019dan KKTC de\u011ferlendirmesi - Haber Kuzey<\/title>\n<meta name=\"robots\" content=\"index, follow, max-snippet:-1, max-image-preview:large, max-video-preview:-1\" \/>\n<link rel=\"canonical\" href=\"https:\/\/haberkuzey.com\/index.php\/2025\/04\/22\/dsp-genel-baskani-aksakaldan-kktc-degerlendirmesi\/\" \/>\n<meta property=\"og:locale\" content=\"tr_TR\" \/>\n<meta property=\"og:type\" content=\"article\" \/>\n<meta property=\"og:title\" content=\"DSP Genel Ba\u015fkan\u0131 Aksakal\u2019dan KKTC de\u011ferlendirmesi - Haber Kuzey\" \/>\n<meta property=\"og:description\" content=\"DSP Genel Ba\u015fkan\u0131 \u00d6nder Aksakal, \u201cKuzey K\u0131br\u0131s T\u00fcrk Cumhuriyeti\u2019nin ad\u0131n\u0131n en k\u0131sa zamanda K\u0131br\u0131s T\u00fcrk Cumhuriyeti olarak de\u011fi\u015ftirilmesi ve \u00f6ncelikle dinda\u015f ve soyda\u015f devletler ba\u015fta olmak \u00fczere, bu devletin art\u0131k tan\u0131nmas\u0131 noktas\u0131nda kesin ve kararl\u0131 bir tav\u0131r sergilenmesi zaruret halini alm\u0131\u015ft\u0131r.\u201d dedi. Aksakal, TBMM\u2019de d\u00fczenledi\u011fi bas\u0131n toplant\u0131s\u0131nda K\u0131br\u0131s\u2019la ilgili de konu\u015ftu. T\u00fcrkiye\u2019nin b\u00f6lgesinde ya\u015fanan bir [&hellip;]\" \/>\n<meta property=\"og:url\" content=\"https:\/\/haberkuzey.com\/index.php\/2025\/04\/22\/dsp-genel-baskani-aksakaldan-kktc-degerlendirmesi\/\" \/>\n<meta property=\"og:site_name\" content=\"Haber Kuzey\" \/>\n<meta property=\"article:published_time\" content=\"2025-04-22T15:51:47+00:00\" \/>\n<meta property=\"og:image\" content=\"https:\/\/brtk.net\/wp-content\/uploads\/2025\/04\/22\/aksakal.jpg?ver=4f310e775b152e061b53d6d662cc6cc9\" \/>\n<meta name=\"author\" content=\"haberkuzey\" \/>\n<meta name=\"twitter:card\" content=\"summary_large_image\" \/>\n<meta name=\"twitter:label1\" content=\"Yazan:\" \/>\n\t<meta name=\"twitter:data1\" content=\"haberkuzey\" \/>\n\t<meta name=\"twitter:label2\" content=\"Tahmini okuma s\u00fcresi\" \/>\n\t<meta name=\"twitter:data2\" content=\"2 dakika\" \/>\n<script type=\"application\/ld+json\" class=\"yoast-schema-graph\">{\"@context\":\"https:\\\/\\\/schema.org\",\"@graph\":[{\"@type\":\"Article\",\"@id\":\"https:\\\/\\\/haberkuzey.com\\\/index.php\\\/2025\\\/04\\\/22\\\/dsp-genel-baskani-aksakaldan-kktc-degerlendirmesi\\\/#article\",\"isPartOf\":{\"@id\":\"https:\\\/\\\/haberkuzey.com\\\/index.php\\\/2025\\\/04\\\/22\\\/dsp-genel-baskani-aksakaldan-kktc-degerlendirmesi\\\/\"},\"author\":{\"name\":\"haberkuzey\",\"@id\":\"https:\\\/\\\/haberkuzey.com\\\/#\\\/schema\\\/person\\\/3372109ec735f9333f4fa47ebb9605ca\"},\"headline\":\"DSP Genel Ba\u015fkan\u0131 Aksakal\u2019dan KKTC de\u011ferlendirmesi\",\"datePublished\":\"2025-04-22T15:51:47+00:00\",\"mainEntityOfPage\":{\"@id\":\"https:\\\/\\\/haberkuzey.com\\\/index.php\\\/2025\\\/04\\\/22\\\/dsp-genel-baskani-aksakaldan-kktc-degerlendirmesi\\\/\"},\"wordCount\":371,\"commentCount\":0,\"image\":{\"@id\":\"https:\\\/\\\/haberkuzey.com\\\/index.php\\\/2025\\\/04\\\/22\\\/dsp-genel-baskani-aksakaldan-kktc-degerlendirmesi\\\/#primaryimage\"},\"thumbnailUrl\":\"https:\\\/\\\/haberkuzey.com\\\/wp-content\\\/uploads\\\/2025\\\/04\\\/aksakal.jpg\",\"articleSection\":[\"D\u00fcnya\"],\"inLanguage\":\"tr\",\"potentialAction\":[{\"@type\":\"CommentAction\",\"name\":\"Comment\",\"target\":[\"https:\\\/\\\/haberkuzey.com\\\/index.php\\\/2025\\\/04\\\/22\\\/dsp-genel-baskani-aksakaldan-kktc-degerlendirmesi\\\/#respond\"]}]},{\"@type\":\"WebPage\",\"@id\":\"https:\\\/\\\/haberkuzey.com\\\/index.php\\\/2025\\\/04\\\/22\\\/dsp-genel-baskani-aksakaldan-kktc-degerlendirmesi\\\/\",\"url\":\"https:\\\/\\\/haberkuzey.com\\\/index.php\\\/2025\\\/04\\\/22\\\/dsp-genel-baskani-aksakaldan-kktc-degerlendirmesi\\\/\",\"name\":\"DSP Genel Ba\u015fkan\u0131 Aksakal\u2019dan KKTC de\u011ferlendirmesi - Haber Kuzey\",\"isPartOf\":{\"@id\":\"https:\\\/\\\/haberkuzey.com\\\/#website\"},\"primaryImageOfPage\":{\"@id\":\"https:\\\/\\\/haberkuzey.com\\\/index.php\\\/2025\\\/04\\\/22\\\/dsp-genel-baskani-aksakaldan-kktc-degerlendirmesi\\\/#primaryimage\"},\"image\":{\"@id\":\"https:\\\/\\\/haberkuzey.com\\\/index.php\\\/2025\\\/04\\\/22\\\/dsp-genel-baskani-aksakaldan-kktc-degerlendirmesi\\\/#primaryimage\"},\"thumbnailUrl\":\"https:\\\/\\\/haberkuzey.com\\\/wp-content\\\/uploads\\\/2025\\\/04\\\/aksakal.jpg\",\"datePublished\":\"2025-04-22T15:51:47+00:00\",\"author\":{\"@id\":\"https:\\\/\\\/haberkuzey.com\\\/#\\\/schema\\\/person\\\/3372109ec735f9333f4fa47ebb9605ca\"},\"breadcrumb\":{\"@id\":\"https:\\\/\\\/haberkuzey.com\\\/index.php\\\/2025\\\/04\\\/22\\\/dsp-genel-baskani-aksakaldan-kktc-degerlendirmesi\\\/#breadcrumb\"},\"inLanguage\":\"tr\",\"potentialAction\":[{\"@type\":\"ReadAction\",\"target\":[\"https:\\\/\\\/haberkuzey.com\\\/index.php\\\/2025\\\/04\\\/22\\\/dsp-genel-baskani-aksakaldan-kktc-degerlendirmesi\\\/\"]}]},{\"@type\":\"ImageObject\",\"inLanguage\":\"tr\",\"@id\":\"https:\\\/\\\/haberkuzey.com\\\/index.php\\\/2025\\\/04\\\/22\\\/dsp-genel-baskani-aksakaldan-kktc-degerlendirmesi\\\/#primaryimage\",\"url\":\"https:\\\/\\\/haberkuzey.com\\\/wp-content\\\/uploads\\\/2025\\\/04\\\/aksakal.jpg\",\"contentUrl\":\"https:\\\/\\\/haberkuzey.com\\\/wp-content\\\/uploads\\\/2025\\\/04\\\/aksakal.jpg\",\"width\":864,\"height\":486},{\"@type\":\"BreadcrumbList\",\"@id\":\"https:\\\/\\\/haberkuzey.com\\\/index.php\\\/2025\\\/04\\\/22\\\/dsp-genel-baskani-aksakaldan-kktc-degerlendirmesi\\\/#breadcrumb\",\"itemListElement\":[{\"@type\":\"ListItem\",\"position\":1,\"name\":\"Anasayfa\",\"item\":\"https:\\\/\\\/haberkuzey.com\\\/\"},{\"@type\":\"ListItem\",\"position\":2,\"name\":\"DSP Genel Ba\u015fkan\u0131 Aksakal\u2019dan KKTC de\u011ferlendirmesi\"}]},{\"@type\":\"WebSite\",\"@id\":\"https:\\\/\\\/haberkuzey.com\\\/#website\",\"url\":\"https:\\\/\\\/haberkuzey.com\\\/\",\"name\":\"Haber Kuzey\",\"description\":\"Do\u011fru Haberin Adresi\",\"potentialAction\":[{\"@type\":\"SearchAction\",\"target\":{\"@type\":\"EntryPoint\",\"urlTemplate\":\"https:\\\/\\\/haberkuzey.com\\\/?s={search_term_string}\"},\"query-input\":{\"@type\":\"PropertyValueSpecification\",\"valueRequired\":true,\"valueName\":\"search_term_string\"}}],\"inLanguage\":\"tr\"},{\"@type\":\"Person\",\"@id\":\"https:\\\/\\\/haberkuzey.com\\\/#\\\/schema\\\/person\\\/3372109ec735f9333f4fa47ebb9605ca\",\"name\":\"haberkuzey\",\"image\":{\"@type\":\"ImageObject\",\"inLanguage\":\"tr\",\"@id\":\"https:\\\/\\\/secure.gravatar.com\\\/avatar\\\/f5fc875574b1575324358c3b9e6a32b8227aa5b74f3fa22e3cadb63e26fcc39c?s=96&d=mm&r=g\",\"url\":\"https:\\\/\\\/secure.gravatar.com\\\/avatar\\\/f5fc875574b1575324358c3b9e6a32b8227aa5b74f3fa22e3cadb63e26fcc39c?s=96&d=mm&r=g\",\"contentUrl\":\"https:\\\/\\\/secure.gravatar.com\\\/avatar\\\/f5fc875574b1575324358c3b9e6a32b8227aa5b74f3fa22e3cadb63e26fcc39c?s=96&d=mm&r=g\",\"caption\":\"haberkuzey\"},\"sameAs\":[\"https:\\\/\\\/haberkuzey.com\"],\"url\":\"https:\\\/\\\/haberkuzey.com\\\/index.php\\\/author\\\/haberkuzey\\\/\"}]}<\/script>\n<!-- \/ Yoast SEO plugin. -->","yoast_head_json":{"title":"DSP Genel Ba\u015fkan\u0131 Aksakal\u2019dan KKTC de\u011ferlendirmesi - Haber Kuzey","robots":{"index":"index","follow":"follow","max-snippet":"max-snippet:-1","max-image-preview":"max-image-preview:large","max-video-preview":"max-video-preview:-1"},"canonical":"https:\/\/haberkuzey.com\/index.php\/2025\/04\/22\/dsp-genel-baskani-aksakaldan-kktc-degerlendirmesi\/","og_locale":"tr_TR","og_type":"article","og_title":"DSP Genel Ba\u015fkan\u0131 Aksakal\u2019dan KKTC de\u011ferlendirmesi - Haber Kuzey","og_description":"DSP Genel Ba\u015fkan\u0131 \u00d6nder Aksakal, \u201cKuzey K\u0131br\u0131s T\u00fcrk Cumhuriyeti\u2019nin ad\u0131n\u0131n en k\u0131sa zamanda K\u0131br\u0131s T\u00fcrk Cumhuriyeti olarak de\u011fi\u015ftirilmesi ve \u00f6ncelikle dinda\u015f ve soyda\u015f devletler ba\u015fta olmak \u00fczere, bu devletin art\u0131k tan\u0131nmas\u0131 noktas\u0131nda kesin ve kararl\u0131 bir tav\u0131r sergilenmesi zaruret halini alm\u0131\u015ft\u0131r.\u201d dedi. Aksakal, TBMM\u2019de d\u00fczenledi\u011fi bas\u0131n toplant\u0131s\u0131nda K\u0131br\u0131s\u2019la ilgili de konu\u015ftu. T\u00fcrkiye\u2019nin b\u00f6lgesinde ya\u015fanan bir [&hellip;]","og_url":"https:\/\/haberkuzey.com\/index.php\/2025\/04\/22\/dsp-genel-baskani-aksakaldan-kktc-degerlendirmesi\/","og_site_name":"Haber Kuzey","article_published_time":"2025-04-22T15:51:47+00:00","og_image":[{"url":"https:\/\/brtk.net\/wp-content\/uploads\/2025\/04\/22\/aksakal.jpg?ver=4f310e775b152e061b53d6d662cc6cc9","type":"","width":"","height":""}],"author":"haberkuzey","twitter_card":"summary_large_image","twitter_misc":{"Yazan:":"haberkuzey","Tahmini okuma s\u00fcresi":"2 dakika"},"schema":{"@context":"https:\/\/schema.org","@graph":[{"@type":"Article","@id":"https:\/\/haberkuzey.com\/index.php\/2025\/04\/22\/dsp-genel-baskani-aksakaldan-kktc-degerlendirmesi\/#article","isPartOf":{"@id":"https:\/\/haberkuzey.com\/index.php\/2025\/04\/22\/dsp-genel-baskani-aksakaldan-kktc-degerlendirmesi\/"},"author":{"name":"haberkuzey","@id":"https:\/\/haberkuzey.com\/#\/schema\/person\/3372109ec735f9333f4fa47ebb9605ca"},"headline":"DSP Genel Ba\u015fkan\u0131 Aksakal\u2019dan KKTC de\u011ferlendirmesi","datePublished":"2025-04-22T15:51:47+00:00","mainEntityOfPage":{"@id":"https:\/\/haberkuzey.com\/index.php\/2025\/04\/22\/dsp-genel-baskani-aksakaldan-kktc-degerlendirmesi\/"},"wordCount":371,"commentCount":0,"image":{"@id":"https:\/\/haberkuzey.com\/index.php\/2025\/04\/22\/dsp-genel-baskani-aksakaldan-kktc-degerlendirmesi\/#primaryimage"},"thumbnailUrl":"https:\/\/haberkuzey.com\/wp-content\/uploads\/2025\/04\/aksakal.jpg","articleSection":["D\u00fcnya"],"inLanguage":"tr","potentialAction":[{"@type":"CommentAction","name":"Comment","target":["https:\/\/haberkuzey.com\/index.php\/2025\/04\/22\/dsp-genel-baskani-aksakaldan-kktc-degerlendirmesi\/#respond"]}]},{"@type":"WebPage","@id":"https:\/\/haberkuzey.com\/index.php\/2025\/04\/22\/dsp-genel-baskani-aksakaldan-kktc-degerlendirmesi\/","url":"https:\/\/haberkuzey.com\/index.php\/2025\/04\/22\/dsp-genel-baskani-aksakaldan-kktc-degerlendirmesi\/","name":"DSP Genel Ba\u015fkan\u0131 Aksakal\u2019dan KKTC de\u011ferlendirmesi - Haber Kuzey","isPartOf":{"@id":"https:\/\/haberkuzey.com\/#website"},"primaryImageOfPage":{"@id":"https:\/\/haberkuzey.com\/index.php\/2025\/04\/22\/dsp-genel-baskani-aksakaldan-kktc-degerlendirmesi\/#primaryimage"},"image":{"@id":"https:\/\/haberkuzey.com\/index.php\/2025\/04\/22\/dsp-genel-baskani-aksakaldan-kktc-degerlendirmesi\/#primaryimage"},"thumbnailUrl":"https:\/\/haberkuzey.com\/wp-content\/uploads\/2025\/04\/aksakal.jpg","datePublished":"2025-04-22T15:51:47+00:00","author":{"@id":"https:\/\/haberkuzey.com\/#\/schema\/person\/3372109ec735f9333f4fa47ebb9605ca"},"breadcrumb":{"@id":"https:\/\/haberkuzey.com\/index.php\/2025\/04\/22\/dsp-genel-baskani-aksakaldan-kktc-degerlendirmesi\/#breadcrumb"},"inLanguage":"tr","potentialAction":[{"@type":"ReadAction","target":["https:\/\/haberkuzey.com\/index.php\/2025\/04\/22\/dsp-genel-baskani-aksakaldan-kktc-degerlendirmesi\/"]}]},{"@type":"ImageObject","inLanguage":"tr","@id":"https:\/\/haberkuzey.com\/index.php\/2025\/04\/22\/dsp-genel-baskani-aksakaldan-kktc-degerlendirmesi\/#primaryimage","url":"https:\/\/haberkuzey.com\/wp-content\/uploads\/2025\/04\/aksakal.jpg","contentUrl":"https:\/\/haberkuzey.com\/wp-content\/uploads\/2025\/04\/aksakal.jpg","width":864,"height":486},{"@type":"BreadcrumbList","@id":"https:\/\/haberkuzey.com\/index.php\/2025\/04\/22\/dsp-genel-baskani-aksakaldan-kktc-degerlendirmesi\/#breadcrumb","itemListElement":[{"@type":"ListItem","position":1,"name":"Anasayfa","item":"https:\/\/haberkuzey.com\/"},{"@type":"ListItem","position":2,"name":"DSP Genel Ba\u015fkan\u0131 Aksakal\u2019dan KKTC de\u011ferlendirmesi"}]},{"@type":"WebSite","@id":"https:\/\/haberkuzey.com\/#website","url":"https:\/\/haberkuzey.com\/","name":"Haber Kuzey","description":"Do\u011fru Haberin Adresi","potentialAction":[{"@type":"SearchAction","target":{"@type":"EntryPoint","urlTemplate":"https:\/\/haberkuzey.com\/?s={search_term_string}"},"query-input":{"@type":"PropertyValueSpecification","valueRequired":true,"valueName":"search_term_string"}}],"inLanguage":"tr"},{"@type":"Person","@id":"https:\/\/haberkuzey.com\/#\/schema\/person\/3372109ec735f9333f4fa47ebb9605ca","name":"haberkuzey","image":{"@type":"ImageObject","inLanguage":"tr","@id":"https:\/\/secure.gravatar.com\/avatar\/f5fc875574b1575324358c3b9e6a32b8227aa5b74f3fa22e3cadb63e26fcc39c?s=96&d=mm&r=g","url":"https:\/\/secure.gravatar.com\/avatar\/f5fc875574b1575324358c3b9e6a32b8227aa5b74f3fa22e3cadb63e26fcc39c?s=96&d=mm&r=g","contentUrl":"https:\/\/secure.gravatar.com\/avatar\/f5fc875574b1575324358c3b9e6a32b8227aa5b74f3fa22e3cadb63e26fcc39c?s=96&d=mm&r=g","caption":"haberkuzey"},"sameAs":["https:\/\/haberkuzey.com"],"url":"https:\/\/haberkuzey.com\/index.php\/author\/haberkuzey\/"}]}},"_links":{"self":[{"href":"https:\/\/haberkuzey.com\/index.php\/wp-json\/wp\/v2\/posts\/22486","targetHints":{"allow":["GET"]}}],"collection":[{"href":"https:\/\/haberkuzey.com\/index.php\/wp-json\/wp\/v2\/posts"}],"about":[{"href":"https:\/\/haberkuzey.com\/index.php\/wp-json\/wp\/v2\/types\/post"}],"author":[{"embeddable":true,"href":"https:\/\/haberkuzey.com\/index.php\/wp-json\/wp\/v2\/users\/1"}],"replies":[{"embeddable":true,"href":"https:\/\/haberkuzey.com\/index.php\/wp-json\/wp\/v2\/comments?post=22486"}],"version-history":[{"count":0,"href":"https:\/\/haberkuzey.com\/index.php\/wp-json\/wp\/v2\/posts\/22486\/revisions"}],"wp:featuredmedia":[{"embeddable":true,"href":"https:\/\/haberkuzey.com\/index.php\/wp-json\/wp\/v2\/media\/22487"}],"wp:attachment":[{"href":"https:\/\/haberkuzey.com\/index.php\/wp-json\/wp\/v2\/media?parent=22486"}],"wp:term":[{"taxonomy":"category","embeddable":true,"href":"https:\/\/haberkuzey.com\/index.php\/wp-json\/wp\/v2\/categories?post=22486"},{"taxonomy":"post_tag","embeddable":true,"href":"https:\/\/haberkuzey.com\/index.php\/wp-json\/wp\/v2\/tags?post=22486"}],"curies":[{"name":"wp","href":"https:\/\/api.w.org\/{rel}","templated":true}]}}