{"id":22472,"date":"2025-04-22T18:07:18","date_gmt":"2025-04-22T15:07:18","guid":{"rendered":"https:\/\/haberkuzey.com\/index.php\/2025\/04\/22\/yok-baskani-ozvar-beraberindeki-heyetle-birlikte-yarin-kktcye-geliyor\/"},"modified":"2025-04-22T18:07:18","modified_gmt":"2025-04-22T15:07:18","slug":"yok-baskani-ozvar-beraberindeki-heyetle-birlikte-yarin-kktcye-geliyor","status":"publish","type":"post","link":"https:\/\/haberkuzey.com\/index.php\/2025\/04\/22\/yok-baskani-ozvar-beraberindeki-heyetle-birlikte-yarin-kktcye-geliyor\/","title":{"rendered":"Y\u00d6K Ba\u015fkan\u0131 \u00d6zvar beraberindeki heyetle birlikte yar\u0131n KKTC\u2019ye geliyor"},"content":{"rendered":"<div>\n<div class=\"mariselle-image-container none\">\n                                            <\/div>\n<p style=\"font-weight: 300;\">T\u00fcrkiye Cumhuriyeti Y\u00fcksek\u00f6\u011fretim Kurulu (Y\u00d6K) Ba\u015fkan\u0131 Prof. Dr. Erol \u00d6zvar, beraberindeki heyet ile birlikte, yar\u0131n, KKTC\u2019ye \u00fc\u00e7 g\u00fcnl\u00fck bir ziyaret ger\u00e7ekle\u015ftirecek.<\/p>\n<p style=\"font-weight: 300;\">Milli E\u011fitim Bakanl\u0131\u011f\u0131\u2019ndan yap\u0131lan a\u00e7\u0131klamaya g\u00f6re ziyaret kapsam\u0131nda, KKTC\u2019deki \u00fcniversitelerin e\u011fitim kalitesinin art\u0131r\u0131lmas\u0131 amac\u0131yla bir dizi temas ve de\u011ferlendirme yap\u0131lmas\u0131 planlan\u0131yor.<\/p>\n<p style=\"font-weight: 300;\">Ziyaret kapsam\u0131nda Y\u00d6K Ba\u015fkan\u0131 Prof. Dr. Erol \u00d6zvar ve heyeti temaslar s\u0131ras\u0131nda; Cumhurba\u015fkan\u0131 Ersin Tatar\u2019a, Ba\u015fbakan \u00dcnal \u00dcstel\u2019e, Milli E\u011fitim Bakan\u0131 Naz\u0131m \u00c7avu\u015fo\u011flu\u2019na ve Y\u00d6DAK Ba\u015fkan\u0131 Prof. Dr. Aykut Hocan\u0131n\u2019a ziyaret ger\u00e7ekle\u015ftirecek.<\/p>\n<p style=\"font-weight: 300;\">Temaslar s\u0131ras\u0131nda; Milli E\u011fitim Bakan\u0131, Y\u00d6DAK Ba\u015fkan\u0131 ve t\u00fcm \u00fcniversite rekt\u00f6rlerinin kat\u0131l\u0131m\u0131yla ger\u00e7ekle\u015ftirilecek geni\u015fletilmi\u015f bir toplant\u0131 yap\u0131laca\u011f\u0131 belirtilen a\u00e7\u0131klamada, bu toplant\u0131da, KKTC y\u00fcksek\u00f6\u011fretim sisteminin mevcut sorunlar\u0131 yerinde tespit edilerek, \u00e7\u00f6z\u00fcm \u00f6nerileri \u00fczerinde fikir al\u0131\u015fveri\u015finde bulunulaca\u011f\u0131 kaydedildi.<\/p>\n<p style=\"font-weight: 300;\">A\u00e7\u0131klamada, \u201cYap\u0131lacak olan resmi temaslar do\u011frultusunda; KKTC Y\u00fcksek\u00f6\u011fretiminin geli\u015fimine \u00f6nemli katk\u0131lar sa\u011flanaca\u011f\u0131 ve KKTC y\u00fcksek\u00f6\u011fretiminin uluslararas\u0131 d\u00fczeydeki etkisinin artmas\u0131 hedeflenmektedir.\u201d ifadelerine de yer verildi.<\/p>\n<p>\u00a0<\/p>\n<p>\u00a0<\/p>\n<\/p><\/div>\n<p><script async\n                    defer\n                    crossorigin=\"anonymous\"\n                    src=\"https:\/\/connect.facebook.net\/tr_TR\/sdk.js#xfbml=1&#038;version=v3.3\"\n            ><\/script><\/p>\n","protected":false},"excerpt":{"rendered":"<p>T\u00fcrkiye Cumhuriyeti Y\u00fcksek\u00f6\u011fretim Kurulu (Y\u00d6K) Ba\u015fkan\u0131 Prof. Dr. Erol \u00d6zvar, beraberindeki heyet ile birlikte, yar\u0131n, KKTC\u2019ye \u00fc\u00e7 g\u00fcnl\u00fck bir ziyaret ger\u00e7ekle\u015ftirecek. Milli E\u011fitim Bakanl\u0131\u011f\u0131\u2019ndan yap\u0131lan a\u00e7\u0131klamaya g\u00f6re ziyaret kapsam\u0131nda, KKTC\u2019deki \u00fcniversitelerin e\u011fitim kalitesinin art\u0131r\u0131lmas\u0131 amac\u0131yla bir dizi temas ve de\u011ferlendirme yap\u0131lmas\u0131 planlan\u0131yor. Ziyaret kapsam\u0131nda Y\u00d6K Ba\u015fkan\u0131 Prof. Dr. Erol \u00d6zvar ve heyeti temaslar s\u0131ras\u0131nda; Cumhurba\u015fkan\u0131 [&hellip;]<\/p>\n","protected":false},"author":1,"featured_media":22473,"comment_status":"open","ping_status":"open","sticky":false,"template":"","format":"standard","meta":{"jnews-multi-image_gallery":[],"jnews_single_post":[],"jnews_primary_category":[],"footnotes":""},"categories":[2],"tags":[],"class_list":["post-22472","post","type-post","status-publish","format-standard","has-post-thumbnail","hentry","category-dunya"],"yoast_head":"<!-- This site is optimized with the Yoast SEO plugin v27.5 - https:\/\/yoast.com\/product\/yoast-seo-wordpress\/ -->\n<title>Y\u00d6K Ba\u015fkan\u0131 \u00d6zvar beraberindeki heyetle birlikte yar\u0131n KKTC\u2019ye geliyor - Haber Kuzey<\/title>\n<meta name=\"robots\" content=\"index, follow, max-snippet:-1, max-image-preview:large, max-video-preview:-1\" \/>\n<link rel=\"canonical\" href=\"https:\/\/haberkuzey.com\/index.php\/2025\/04\/22\/yok-baskani-ozvar-beraberindeki-heyetle-birlikte-yarin-kktcye-geliyor\/\" \/>\n<meta property=\"og:locale\" content=\"tr_TR\" \/>\n<meta property=\"og:type\" content=\"article\" \/>\n<meta property=\"og:title\" content=\"Y\u00d6K Ba\u015fkan\u0131 \u00d6zvar beraberindeki heyetle birlikte yar\u0131n KKTC\u2019ye geliyor - Haber Kuzey\" \/>\n<meta property=\"og:description\" content=\"T\u00fcrkiye Cumhuriyeti Y\u00fcksek\u00f6\u011fretim Kurulu (Y\u00d6K) Ba\u015fkan\u0131 Prof. Dr. Erol \u00d6zvar, beraberindeki heyet ile birlikte, yar\u0131n, KKTC\u2019ye \u00fc\u00e7 g\u00fcnl\u00fck bir ziyaret ger\u00e7ekle\u015ftirecek. Milli E\u011fitim Bakanl\u0131\u011f\u0131\u2019ndan yap\u0131lan a\u00e7\u0131klamaya g\u00f6re ziyaret kapsam\u0131nda, KKTC\u2019deki \u00fcniversitelerin e\u011fitim kalitesinin art\u0131r\u0131lmas\u0131 amac\u0131yla bir dizi temas ve de\u011ferlendirme yap\u0131lmas\u0131 planlan\u0131yor. Ziyaret kapsam\u0131nda Y\u00d6K Ba\u015fkan\u0131 Prof. Dr. Erol \u00d6zvar ve heyeti temaslar s\u0131ras\u0131nda; Cumhurba\u015fkan\u0131 [&hellip;]\" \/>\n<meta property=\"og:url\" content=\"https:\/\/haberkuzey.com\/index.php\/2025\/04\/22\/yok-baskani-ozvar-beraberindeki-heyetle-birlikte-yarin-kktcye-geliyor\/\" \/>\n<meta property=\"og:site_name\" content=\"Haber Kuzey\" \/>\n<meta property=\"article:published_time\" content=\"2025-04-22T15:07:18+00:00\" \/>\n<meta property=\"og:image\" content=\"https:\/\/brtk.net\/wp-content\/uploads\/2025\/04\/22\/YOKBASKAN.jpg?ver=82a008c6f38ade194ed0fecc81207710\" \/>\n<meta name=\"author\" content=\"haberkuzey\" \/>\n<meta name=\"twitter:card\" content=\"summary_large_image\" \/>\n<meta name=\"twitter:label1\" content=\"Yazan:\" \/>\n\t<meta name=\"twitter:data1\" content=\"haberkuzey\" \/>\n\t<meta name=\"twitter:label2\" content=\"Tahmini okuma s\u00fcresi\" \/>\n\t<meta name=\"twitter:data2\" content=\"1 dakika\" \/>\n<script type=\"application\/ld+json\" class=\"yoast-schema-graph\">{\"@context\":\"https:\\\/\\\/schema.org\",\"@graph\":[{\"@type\":\"Article\",\"@id\":\"https:\\\/\\\/haberkuzey.com\\\/index.php\\\/2025\\\/04\\\/22\\\/yok-baskani-ozvar-beraberindeki-heyetle-birlikte-yarin-kktcye-geliyor\\\/#article\",\"isPartOf\":{\"@id\":\"https:\\\/\\\/haberkuzey.com\\\/index.php\\\/2025\\\/04\\\/22\\\/yok-baskani-ozvar-beraberindeki-heyetle-birlikte-yarin-kktcye-geliyor\\\/\"},\"author\":{\"name\":\"haberkuzey\",\"@id\":\"https:\\\/\\\/haberkuzey.com\\\/#\\\/schema\\\/person\\\/3372109ec735f9333f4fa47ebb9605ca\"},\"headline\":\"Y\u00d6K Ba\u015fkan\u0131 \u00d6zvar beraberindeki heyetle birlikte yar\u0131n KKTC\u2019ye geliyor\",\"datePublished\":\"2025-04-22T15:07:18+00:00\",\"mainEntityOfPage\":{\"@id\":\"https:\\\/\\\/haberkuzey.com\\\/index.php\\\/2025\\\/04\\\/22\\\/yok-baskani-ozvar-beraberindeki-heyetle-birlikte-yarin-kktcye-geliyor\\\/\"},\"wordCount\":223,\"commentCount\":0,\"image\":{\"@id\":\"https:\\\/\\\/haberkuzey.com\\\/index.php\\\/2025\\\/04\\\/22\\\/yok-baskani-ozvar-beraberindeki-heyetle-birlikte-yarin-kktcye-geliyor\\\/#primaryimage\"},\"thumbnailUrl\":\"https:\\\/\\\/haberkuzey.com\\\/wp-content\\\/uploads\\\/2025\\\/04\\\/YOKBASKAN.jpg\",\"articleSection\":[\"D\u00fcnya\"],\"inLanguage\":\"tr\",\"potentialAction\":[{\"@type\":\"CommentAction\",\"name\":\"Comment\",\"target\":[\"https:\\\/\\\/haberkuzey.com\\\/index.php\\\/2025\\\/04\\\/22\\\/yok-baskani-ozvar-beraberindeki-heyetle-birlikte-yarin-kktcye-geliyor\\\/#respond\"]}]},{\"@type\":\"WebPage\",\"@id\":\"https:\\\/\\\/haberkuzey.com\\\/index.php\\\/2025\\\/04\\\/22\\\/yok-baskani-ozvar-beraberindeki-heyetle-birlikte-yarin-kktcye-geliyor\\\/\",\"url\":\"https:\\\/\\\/haberkuzey.com\\\/index.php\\\/2025\\\/04\\\/22\\\/yok-baskani-ozvar-beraberindeki-heyetle-birlikte-yarin-kktcye-geliyor\\\/\",\"name\":\"Y\u00d6K Ba\u015fkan\u0131 \u00d6zvar beraberindeki heyetle birlikte yar\u0131n KKTC\u2019ye geliyor - Haber Kuzey\",\"isPartOf\":{\"@id\":\"https:\\\/\\\/haberkuzey.com\\\/#website\"},\"primaryImageOfPage\":{\"@id\":\"https:\\\/\\\/haberkuzey.com\\\/index.php\\\/2025\\\/04\\\/22\\\/yok-baskani-ozvar-beraberindeki-heyetle-birlikte-yarin-kktcye-geliyor\\\/#primaryimage\"},\"image\":{\"@id\":\"https:\\\/\\\/haberkuzey.com\\\/index.php\\\/2025\\\/04\\\/22\\\/yok-baskani-ozvar-beraberindeki-heyetle-birlikte-yarin-kktcye-geliyor\\\/#primaryimage\"},\"thumbnailUrl\":\"https:\\\/\\\/haberkuzey.com\\\/wp-content\\\/uploads\\\/2025\\\/04\\\/YOKBASKAN.jpg\",\"datePublished\":\"2025-04-22T15:07:18+00:00\",\"author\":{\"@id\":\"https:\\\/\\\/haberkuzey.com\\\/#\\\/schema\\\/person\\\/3372109ec735f9333f4fa47ebb9605ca\"},\"breadcrumb\":{\"@id\":\"https:\\\/\\\/haberkuzey.com\\\/index.php\\\/2025\\\/04\\\/22\\\/yok-baskani-ozvar-beraberindeki-heyetle-birlikte-yarin-kktcye-geliyor\\\/#breadcrumb\"},\"inLanguage\":\"tr\",\"potentialAction\":[{\"@type\":\"ReadAction\",\"target\":[\"https:\\\/\\\/haberkuzey.com\\\/index.php\\\/2025\\\/04\\\/22\\\/yok-baskani-ozvar-beraberindeki-heyetle-birlikte-yarin-kktcye-geliyor\\\/\"]}]},{\"@type\":\"ImageObject\",\"inLanguage\":\"tr\",\"@id\":\"https:\\\/\\\/haberkuzey.com\\\/index.php\\\/2025\\\/04\\\/22\\\/yok-baskani-ozvar-beraberindeki-heyetle-birlikte-yarin-kktcye-geliyor\\\/#primaryimage\",\"url\":\"https:\\\/\\\/haberkuzey.com\\\/wp-content\\\/uploads\\\/2025\\\/04\\\/YOKBASKAN.jpg\",\"contentUrl\":\"https:\\\/\\\/haberkuzey.com\\\/wp-content\\\/uploads\\\/2025\\\/04\\\/YOKBASKAN.jpg\",\"width\":864,\"height\":486},{\"@type\":\"BreadcrumbList\",\"@id\":\"https:\\\/\\\/haberkuzey.com\\\/index.php\\\/2025\\\/04\\\/22\\\/yok-baskani-ozvar-beraberindeki-heyetle-birlikte-yarin-kktcye-geliyor\\\/#breadcrumb\",\"itemListElement\":[{\"@type\":\"ListItem\",\"position\":1,\"name\":\"Anasayfa\",\"item\":\"https:\\\/\\\/haberkuzey.com\\\/\"},{\"@type\":\"ListItem\",\"position\":2,\"name\":\"Y\u00d6K Ba\u015fkan\u0131 \u00d6zvar beraberindeki heyetle birlikte yar\u0131n KKTC\u2019ye geliyor\"}]},{\"@type\":\"WebSite\",\"@id\":\"https:\\\/\\\/haberkuzey.com\\\/#website\",\"url\":\"https:\\\/\\\/haberkuzey.com\\\/\",\"name\":\"Haber Kuzey\",\"description\":\"Do\u011fru Haberin Adresi\",\"potentialAction\":[{\"@type\":\"SearchAction\",\"target\":{\"@type\":\"EntryPoint\",\"urlTemplate\":\"https:\\\/\\\/haberkuzey.com\\\/?s={search_term_string}\"},\"query-input\":{\"@type\":\"PropertyValueSpecification\",\"valueRequired\":true,\"valueName\":\"search_term_string\"}}],\"inLanguage\":\"tr\"},{\"@type\":\"Person\",\"@id\":\"https:\\\/\\\/haberkuzey.com\\\/#\\\/schema\\\/person\\\/3372109ec735f9333f4fa47ebb9605ca\",\"name\":\"haberkuzey\",\"image\":{\"@type\":\"ImageObject\",\"inLanguage\":\"tr\",\"@id\":\"https:\\\/\\\/secure.gravatar.com\\\/avatar\\\/f5fc875574b1575324358c3b9e6a32b8227aa5b74f3fa22e3cadb63e26fcc39c?s=96&d=mm&r=g\",\"url\":\"https:\\\/\\\/secure.gravatar.com\\\/avatar\\\/f5fc875574b1575324358c3b9e6a32b8227aa5b74f3fa22e3cadb63e26fcc39c?s=96&d=mm&r=g\",\"contentUrl\":\"https:\\\/\\\/secure.gravatar.com\\\/avatar\\\/f5fc875574b1575324358c3b9e6a32b8227aa5b74f3fa22e3cadb63e26fcc39c?s=96&d=mm&r=g\",\"caption\":\"haberkuzey\"},\"sameAs\":[\"https:\\\/\\\/haberkuzey.com\"],\"url\":\"https:\\\/\\\/haberkuzey.com\\\/index.php\\\/author\\\/haberkuzey\\\/\"}]}<\/script>\n<!-- \/ Yoast SEO plugin. -->","yoast_head_json":{"title":"Y\u00d6K Ba\u015fkan\u0131 \u00d6zvar beraberindeki heyetle birlikte yar\u0131n KKTC\u2019ye geliyor - Haber Kuzey","robots":{"index":"index","follow":"follow","max-snippet":"max-snippet:-1","max-image-preview":"max-image-preview:large","max-video-preview":"max-video-preview:-1"},"canonical":"https:\/\/haberkuzey.com\/index.php\/2025\/04\/22\/yok-baskani-ozvar-beraberindeki-heyetle-birlikte-yarin-kktcye-geliyor\/","og_locale":"tr_TR","og_type":"article","og_title":"Y\u00d6K Ba\u015fkan\u0131 \u00d6zvar beraberindeki heyetle birlikte yar\u0131n KKTC\u2019ye geliyor - Haber Kuzey","og_description":"T\u00fcrkiye Cumhuriyeti Y\u00fcksek\u00f6\u011fretim Kurulu (Y\u00d6K) Ba\u015fkan\u0131 Prof. Dr. Erol \u00d6zvar, beraberindeki heyet ile birlikte, yar\u0131n, KKTC\u2019ye \u00fc\u00e7 g\u00fcnl\u00fck bir ziyaret ger\u00e7ekle\u015ftirecek. Milli E\u011fitim Bakanl\u0131\u011f\u0131\u2019ndan yap\u0131lan a\u00e7\u0131klamaya g\u00f6re ziyaret kapsam\u0131nda, KKTC\u2019deki \u00fcniversitelerin e\u011fitim kalitesinin art\u0131r\u0131lmas\u0131 amac\u0131yla bir dizi temas ve de\u011ferlendirme yap\u0131lmas\u0131 planlan\u0131yor. Ziyaret kapsam\u0131nda Y\u00d6K Ba\u015fkan\u0131 Prof. Dr. Erol \u00d6zvar ve heyeti temaslar s\u0131ras\u0131nda; Cumhurba\u015fkan\u0131 [&hellip;]","og_url":"https:\/\/haberkuzey.com\/index.php\/2025\/04\/22\/yok-baskani-ozvar-beraberindeki-heyetle-birlikte-yarin-kktcye-geliyor\/","og_site_name":"Haber Kuzey","article_published_time":"2025-04-22T15:07:18+00:00","og_image":[{"url":"https:\/\/brtk.net\/wp-content\/uploads\/2025\/04\/22\/YOKBASKAN.jpg?ver=82a008c6f38ade194ed0fecc81207710","type":"","width":"","height":""}],"author":"haberkuzey","twitter_card":"summary_large_image","twitter_misc":{"Yazan:":"haberkuzey","Tahmini okuma s\u00fcresi":"1 dakika"},"schema":{"@context":"https:\/\/schema.org","@graph":[{"@type":"Article","@id":"https:\/\/haberkuzey.com\/index.php\/2025\/04\/22\/yok-baskani-ozvar-beraberindeki-heyetle-birlikte-yarin-kktcye-geliyor\/#article","isPartOf":{"@id":"https:\/\/haberkuzey.com\/index.php\/2025\/04\/22\/yok-baskani-ozvar-beraberindeki-heyetle-birlikte-yarin-kktcye-geliyor\/"},"author":{"name":"haberkuzey","@id":"https:\/\/haberkuzey.com\/#\/schema\/person\/3372109ec735f9333f4fa47ebb9605ca"},"headline":"Y\u00d6K Ba\u015fkan\u0131 \u00d6zvar beraberindeki heyetle birlikte yar\u0131n KKTC\u2019ye geliyor","datePublished":"2025-04-22T15:07:18+00:00","mainEntityOfPage":{"@id":"https:\/\/haberkuzey.com\/index.php\/2025\/04\/22\/yok-baskani-ozvar-beraberindeki-heyetle-birlikte-yarin-kktcye-geliyor\/"},"wordCount":223,"commentCount":0,"image":{"@id":"https:\/\/haberkuzey.com\/index.php\/2025\/04\/22\/yok-baskani-ozvar-beraberindeki-heyetle-birlikte-yarin-kktcye-geliyor\/#primaryimage"},"thumbnailUrl":"https:\/\/haberkuzey.com\/wp-content\/uploads\/2025\/04\/YOKBASKAN.jpg","articleSection":["D\u00fcnya"],"inLanguage":"tr","potentialAction":[{"@type":"CommentAction","name":"Comment","target":["https:\/\/haberkuzey.com\/index.php\/2025\/04\/22\/yok-baskani-ozvar-beraberindeki-heyetle-birlikte-yarin-kktcye-geliyor\/#respond"]}]},{"@type":"WebPage","@id":"https:\/\/haberkuzey.com\/index.php\/2025\/04\/22\/yok-baskani-ozvar-beraberindeki-heyetle-birlikte-yarin-kktcye-geliyor\/","url":"https:\/\/haberkuzey.com\/index.php\/2025\/04\/22\/yok-baskani-ozvar-beraberindeki-heyetle-birlikte-yarin-kktcye-geliyor\/","name":"Y\u00d6K Ba\u015fkan\u0131 \u00d6zvar beraberindeki heyetle birlikte yar\u0131n KKTC\u2019ye geliyor - Haber Kuzey","isPartOf":{"@id":"https:\/\/haberkuzey.com\/#website"},"primaryImageOfPage":{"@id":"https:\/\/haberkuzey.com\/index.php\/2025\/04\/22\/yok-baskani-ozvar-beraberindeki-heyetle-birlikte-yarin-kktcye-geliyor\/#primaryimage"},"image":{"@id":"https:\/\/haberkuzey.com\/index.php\/2025\/04\/22\/yok-baskani-ozvar-beraberindeki-heyetle-birlikte-yarin-kktcye-geliyor\/#primaryimage"},"thumbnailUrl":"https:\/\/haberkuzey.com\/wp-content\/uploads\/2025\/04\/YOKBASKAN.jpg","datePublished":"2025-04-22T15:07:18+00:00","author":{"@id":"https:\/\/haberkuzey.com\/#\/schema\/person\/3372109ec735f9333f4fa47ebb9605ca"},"breadcrumb":{"@id":"https:\/\/haberkuzey.com\/index.php\/2025\/04\/22\/yok-baskani-ozvar-beraberindeki-heyetle-birlikte-yarin-kktcye-geliyor\/#breadcrumb"},"inLanguage":"tr","potentialAction":[{"@type":"ReadAction","target":["https:\/\/haberkuzey.com\/index.php\/2025\/04\/22\/yok-baskani-ozvar-beraberindeki-heyetle-birlikte-yarin-kktcye-geliyor\/"]}]},{"@type":"ImageObject","inLanguage":"tr","@id":"https:\/\/haberkuzey.com\/index.php\/2025\/04\/22\/yok-baskani-ozvar-beraberindeki-heyetle-birlikte-yarin-kktcye-geliyor\/#primaryimage","url":"https:\/\/haberkuzey.com\/wp-content\/uploads\/2025\/04\/YOKBASKAN.jpg","contentUrl":"https:\/\/haberkuzey.com\/wp-content\/uploads\/2025\/04\/YOKBASKAN.jpg","width":864,"height":486},{"@type":"BreadcrumbList","@id":"https:\/\/haberkuzey.com\/index.php\/2025\/04\/22\/yok-baskani-ozvar-beraberindeki-heyetle-birlikte-yarin-kktcye-geliyor\/#breadcrumb","itemListElement":[{"@type":"ListItem","position":1,"name":"Anasayfa","item":"https:\/\/haberkuzey.com\/"},{"@type":"ListItem","position":2,"name":"Y\u00d6K Ba\u015fkan\u0131 \u00d6zvar beraberindeki heyetle birlikte yar\u0131n KKTC\u2019ye geliyor"}]},{"@type":"WebSite","@id":"https:\/\/haberkuzey.com\/#website","url":"https:\/\/haberkuzey.com\/","name":"Haber Kuzey","description":"Do\u011fru Haberin Adresi","potentialAction":[{"@type":"SearchAction","target":{"@type":"EntryPoint","urlTemplate":"https:\/\/haberkuzey.com\/?s={search_term_string}"},"query-input":{"@type":"PropertyValueSpecification","valueRequired":true,"valueName":"search_term_string"}}],"inLanguage":"tr"},{"@type":"Person","@id":"https:\/\/haberkuzey.com\/#\/schema\/person\/3372109ec735f9333f4fa47ebb9605ca","name":"haberkuzey","image":{"@type":"ImageObject","inLanguage":"tr","@id":"https:\/\/secure.gravatar.com\/avatar\/f5fc875574b1575324358c3b9e6a32b8227aa5b74f3fa22e3cadb63e26fcc39c?s=96&d=mm&r=g","url":"https:\/\/secure.gravatar.com\/avatar\/f5fc875574b1575324358c3b9e6a32b8227aa5b74f3fa22e3cadb63e26fcc39c?s=96&d=mm&r=g","contentUrl":"https:\/\/secure.gravatar.com\/avatar\/f5fc875574b1575324358c3b9e6a32b8227aa5b74f3fa22e3cadb63e26fcc39c?s=96&d=mm&r=g","caption":"haberkuzey"},"sameAs":["https:\/\/haberkuzey.com"],"url":"https:\/\/haberkuzey.com\/index.php\/author\/haberkuzey\/"}]}},"_links":{"self":[{"href":"https:\/\/haberkuzey.com\/index.php\/wp-json\/wp\/v2\/posts\/22472","targetHints":{"allow":["GET"]}}],"collection":[{"href":"https:\/\/haberkuzey.com\/index.php\/wp-json\/wp\/v2\/posts"}],"about":[{"href":"https:\/\/haberkuzey.com\/index.php\/wp-json\/wp\/v2\/types\/post"}],"author":[{"embeddable":true,"href":"https:\/\/haberkuzey.com\/index.php\/wp-json\/wp\/v2\/users\/1"}],"replies":[{"embeddable":true,"href":"https:\/\/haberkuzey.com\/index.php\/wp-json\/wp\/v2\/comments?post=22472"}],"version-history":[{"count":0,"href":"https:\/\/haberkuzey.com\/index.php\/wp-json\/wp\/v2\/posts\/22472\/revisions"}],"wp:featuredmedia":[{"embeddable":true,"href":"https:\/\/haberkuzey.com\/index.php\/wp-json\/wp\/v2\/media\/22473"}],"wp:attachment":[{"href":"https:\/\/haberkuzey.com\/index.php\/wp-json\/wp\/v2\/media?parent=22472"}],"wp:term":[{"taxonomy":"category","embeddable":true,"href":"https:\/\/haberkuzey.com\/index.php\/wp-json\/wp\/v2\/categories?post=22472"},{"taxonomy":"post_tag","embeddable":true,"href":"https:\/\/haberkuzey.com\/index.php\/wp-json\/wp\/v2\/tags?post=22472"}],"curies":[{"name":"wp","href":"https:\/\/api.w.org\/{rel}","templated":true}]}}