{"id":22467,"date":"2025-04-22T17:56:20","date_gmt":"2025-04-22T14:56:20","guid":{"rendered":"https:\/\/haberkuzey.com\/index.php\/2025\/04\/22\/milli-iradenin-simgesi-tbmm-105-yasinda\/"},"modified":"2025-04-22T17:56:20","modified_gmt":"2025-04-22T14:56:20","slug":"milli-iradenin-simgesi-tbmm-105-yasinda","status":"publish","type":"post","link":"https:\/\/haberkuzey.com\/index.php\/2025\/04\/22\/milli-iradenin-simgesi-tbmm-105-yasinda\/","title":{"rendered":"Milli iradenin simgesi TBMM, 105 ya\u015f\u0131nda"},"content":{"rendered":"<div>\n<div class=\"mariselle-image-container none\">\n                                            <\/div>\n<p style=\"font-weight: 300;\"><span style=\"font-weight: 300 !important;\">Kurtulu\u015f m\u00fccadelesini ba\u015flatan, Cumhuriyet\u2019e giden yolda b\u00fcy\u00fck ad\u0131mlar at\u0131lmas\u0131n\u0131 sa\u011flayan T\u00fcrkiye B\u00fcy\u00fck Millet Meclisi, 105 y\u0131ld\u0131r milli iradenin simgesi olmaya devam ediyor.<\/span><\/p>\n<p style=\"font-weight: 300;\"><span style=\"font-weight: 300 !important;\">Gazi Mustafa Kemal Atat\u00fcrk\u2019\u00fcn \u00f6nderli\u011finde, d\u00fc\u015fman i\u015fgali alt\u0131ndaki Anadolu ve Rumeli topraklar\u0131nda Kurtulu\u015f Sava\u015f\u0131\u2019n\u0131 ba\u015flatan ve Cumhuriyet\u2019e giden yolda \u00f6nemli ad\u0131mlar at\u0131lmas\u0131n\u0131 sa\u011flayan T\u00fcrkiye B\u00fcy\u00fck Millet Meclisi (TBMM) 105 y\u0131l \u00f6nce 23 Nisan\u2019da a\u00e7\u0131ld\u0131.<\/span><\/p>\n<p style=\"font-weight: 300;\"><span style=\"font-weight: 300 !important;\">TBMM\u2019nin a\u00e7\u0131l\u0131\u015f\u0131, kurtulu\u015f m\u00fccadelesinin en \u00f6nemli safhalar\u0131ndan birisi oldu.<\/span><\/p>\n<p style=\"font-weight: 300;\"><span style=\"font-weight: 300 !important;\">Osmanl\u0131 \u0130mparatorlu\u011fu\u2019nun 1. D\u00fcnya Sava\u015f\u0131\u2019ndan yenik \u00e7\u0131kmas\u0131n\u0131n ard\u0131ndan, Mondros M\u00fctarekesi\u2019ne ra\u011fmen \u00fclkenin i\u015fgal edilmeye ba\u015flanmas\u0131 \u00fczerine Mustafa Kemal Pa\u015fa, 19 May\u0131s 1919\u2019da Samsun\u2019a \u00e7\u0131kt\u0131.<\/span><\/p>\n<p style=\"font-weight: 300;\"><span style=\"font-weight: 300 !important;\">Amasya Tamimi ile Erzurum ve Sivas kongrelerinde al\u0131nan kararlar, \u201culusun egemenli\u011fini yine ulusun sa\u011flayaca\u011f\u0131\u201dn\u0131 ortaya koydu.<\/span><\/p>\n<p style=\"font-weight: 300;\"><span style=\"font-weight: 300 !important;\">Osmanl\u0131 Mebusan Meclisi, 1919 sonbahar\u0131nda yap\u0131lan se\u00e7imlerden sonra, 12 Ocak 1920\u2019de 168 \u00fcyesinden 162\u2019sinin kat\u0131l\u0131m\u0131yla topland\u0131. Mustafa Kemal, Erzurum mebusu se\u00e7ilmi\u015fti ancak o Ankara\u2019da kald\u0131. Anadolu ve Rumeli M\u00fcdafaa-i Hukuk Cemiyeti yanl\u0131s\u0131 milletvekillerinin \u00e7o\u011funlukta oldu\u011fu bu Meclis, 28 Ocak 1920\u2019de yapt\u0131\u011f\u0131 gizli oturumda Misak\u0131milli\u2019yi kabul etti.<\/span><\/p>\n<p style=\"font-weight: 300;\"><span style=\"font-weight: 300 !important;\">\u0130stanbul\u2019un 16 Mart\u2019ta i\u015fgali ve Milli M\u00fccadele yanl\u0131lar\u0131n\u0131n tutuklanmaya ba\u015flamalar\u0131 \u00fczerine, milletvekilleri ve ayd\u0131nlar, Ankara\u2019ya gelmeye ba\u015flad\u0131.<\/span><\/p>\n<p style=\"font-weight: 300;\"><span style=\"font-weight: 300 !important;\">Mebusan Meclisi de 18 Mart\u2019ta son kez toplanarak, Meclisin s\u00fcresiz olarak tatil edilmesini kararla\u015ft\u0131rd\u0131.<\/span><\/p>\n<p style=\"font-weight: 300;\"><span style=\"font-weight: 300 !important;\">Mustafa Kemal Atat\u00fcrk, 19 Mart 1920\u2019de yay\u0131mlad\u0131\u011f\u0131 genelgeyle \u201cAnkara\u2019da ola\u011fan\u00fcst\u00fc yetkili bir Meclis\u201din toplanaca\u011f\u0131n\u0131 duyurdu.<\/span><\/p>\n<p style=\"font-weight: 300;\"><span style=\"font-weight: 300 !important;\">Genelgede, \u201cUlusun ba\u011f\u0131ms\u0131zl\u0131\u011f\u0131n\u0131 ve devletin kurtar\u0131lmas\u0131n\u0131 sa\u011flayacak \u00f6nlemleri d\u00fc\u015f\u00fcn\u00fcp uygulamak \u00fczere ulus\u00e7a ola\u011fan\u00fcst\u00fc yetki verilecek bir Meclisin Ankara\u2019da toplant\u0131ya \u00e7a\u011fr\u0131lmas\u0131 ve da\u011f\u0131t\u0131lm\u0131\u015f olan mebuslardan Ankara\u2019ya gelebileceklerin de bu Meclise kat\u0131lmalar\u0131\u201d istendi.<\/span><\/p>\n<p style=\"font-weight: 300;\"><span style=\"font-weight: 300 !important;\">Se\u00e7imle belirlenen milletvekilleri ile da\u011f\u0131t\u0131lan Osmanl\u0131 Mebusan Meclisinden Ankara\u2019ya gelen milletvekillerinden 84\u2019\u00fc, ilk Mecliste yer ald\u0131. Mustafa Kemal, 22 Nisan 1920\u2019de B\u00fcy\u00fck Millet Meclisi\u2019nin a\u00e7\u0131l\u0131\u015f\u0131n\u0131 duyurdu.<\/span><\/p>\n<p style=\"font-weight: 300;\"><span style=\"font-weight: 300 !important;\">23 Nisan 1920\u2019de, Hac\u0131bayram Camisi\u2019nde cuma namaz\u0131 k\u0131l\u0131n\u0131p, kurbanlar kesildikten sonra ilk TBMM, \u0130ttihat ve Terakki Kul\u00fcb\u00fc olarak yap\u0131lan binada a\u00e7\u0131ld\u0131. Cumhuriyet\u2019e giden yolda b\u00fcy\u00fck ad\u0131mlar at\u0131lmas\u0131n\u0131 sa\u011flayacak T\u00fcrkiye B\u00fcy\u00fck Millet Meclisinin 105 y\u0131l \u00f6nce 23 Nisan\u2019da a\u00e7\u0131lmas\u0131, T\u00fcrkiye Cumhuriyeti\u2019nin kurtulu\u015f m\u00fccadelesinin en \u00f6nemli safhalar\u0131ndan birisi oldu.<\/span><\/p>\n<p style=\"font-weight: 300;\"><span style=\"font-weight: 300 !important;\">\u2013 \u201cMilletin irade ve ama\u00e7lar\u0131na uymayanlar\u0131n talihi h\u00fcsrand\u0131r, \u00e7\u00f6kmedir\u201d<\/span><\/p>\n<p style=\"font-weight: 300;\"><span style=\"font-weight: 300 !important;\">TBMM, a\u00e7\u0131ld\u0131\u011f\u0131ndan bu yana milli iradenin yans\u0131mas\u0131n\u0131n simgesi oldu. TBMM\u2019nin ilk Ba\u015fkan\u0131 Mustafa Kemal Atat\u00fcrk, Meclisin 4. toplant\u0131 y\u0131l\u0131n\u0131n a\u00e7\u0131l\u0131\u015f\u0131nda da bunun \u00f6nemine dikkati \u00e7ekti.<\/span><\/p>\n<p style=\"font-weight: 300;\"><span style=\"font-weight: 300 !important;\">Atat\u00fcrk\u2019\u00fcn s\u00f6zleri tutanaklara \u015f\u00f6yle yans\u0131d\u0131:<\/span><\/p>\n<p style=\"font-weight: 300;\"><span style=\"font-weight: 300 !important;\">\u201cHep birlikte bak\u0131\u015flar\u0131m\u0131z\u0131, vicdan\u0131m\u0131z\u0131n merkezi olan millete dikelim. Orada erdemin, vefa ve i\u00e7ten ba\u011fl\u0131l\u0131\u011f\u0131n, yenileme arzusunun, egemenlik a\u015fk\u0131n\u0131n ve gelece\u011fin s\u00f6nmeyen ate\u015fi yanmaktad\u0131r. Bu kutsal ate\u015f, kendi i\u00e7indeki bilgisizlik ve karanl\u0131\u011f\u0131 yakacak ve ba\u011f\u0131ms\u0131zl\u0131\u011f\u0131m\u0131z\u0131n \u00f6n\u00fcne dikilecek olan b\u00fct\u00fcn engelleri y\u0131kacakt\u0131r. Efendiler, millet \u00f6n\u00fcnde, onun hak etti\u011fi ba\u011f\u0131ms\u0131zl\u0131\u011f\u0131n \u00f6n\u00fcnde, onun lay\u0131k oldu\u011fu geli\u015fme ve yenileme arzusu \u00f6n\u00fcnde, her kuvvet ancak milletin irade ve ama\u00e7lar\u0131na uymak \u015fart\u0131yla ya\u015fayabilir. Milletin irade ve ama\u00e7lar\u0131na uymayanlar\u0131n talihi h\u00fcsrand\u0131r, \u00e7\u00f6kmedir.\u201d<\/span><\/p>\n<p style=\"font-weight: 300;\"><span style=\"font-weight: 300 !important;\">\u2013 98 y\u0131ld\u0131r \u00e7ocuk bayram\u0131 olarak kutlan\u0131yor<\/span><\/p>\n<p style=\"font-weight: 300;\"><span style=\"font-weight: 300 !important;\">\u00d6te yandan 23 Nisan Ulusal Egemenlik ve \u00c7ocuk Bayram\u0131, 23 Nisan 1921\u2019de milli bayram olarak kutlanmaya ba\u015fland\u0131.<\/span><\/p>\n<p style=\"font-weight: 300;\"><span style=\"font-weight: 300 !important;\">23 Nisan\u2019\u0131n Milli Bayram Addine Dair Kanun, Birinci B\u00fcy\u00fck Millet Meclisinin a\u00e7\u0131l\u0131\u015f\u0131ndan bir y\u0131l sonra, 23 Nisan 1921\u2019de kabul edildi ve 2 May\u0131s 1921\u2019de y\u00fcr\u00fcrl\u00fc\u011fe girdi.<\/span><\/p>\n<p style=\"font-weight: 300;\"><span style=\"font-weight: 300 !important;\">1921\u2019de milli bayram olarak kutlanmas\u0131na karar verilen 23 Nisan, 1927\u2019de Atat\u00fcrk\u2019\u00fcn himayesinde ilk kez \u00c7ocuk Bayram\u0131 olarak kutland\u0131. Atat\u00fcrk\u2019\u00fcn \u00e7ocuklara arma\u011fan etti\u011fi 23 Nisan, 98 y\u0131ld\u0131r \u00e7ocuk bayram\u0131 olarak kutlan\u0131yor.<\/span><\/p>\n<p style=\"font-weight: 300;\"><span style=\"font-weight: 300 !important;\">23 Nisan, 27 May\u0131s 1935\u2019te \u00e7\u0131kar\u0131lan Ulusal Bayram ve Genel Tatiller Hakk\u0131nda Kanun ile \u201cUlusal Egemenlik Bayram\u0131\u201d olarak kutlanmaya devam edilirken 1981 tarihli Ulusal Bayram ve Genel Tatiller Hakk\u0131nda Kanun\u2019da 20 Nisan 1983\u2019te yap\u0131lan de\u011fi\u015fiklikle \u201c23 Nisan Ulusal Egemenlik Bayram\u0131\u201dn\u0131n ad\u0131, \u201cUlusal Egemenlik ve \u00c7ocuk Bayram\u0131\u201d olarak de\u011fi\u015ftirildi.<\/span><\/p>\n<p style=\"font-weight: 300;\"><span style=\"font-weight: 300 !important;\">\u0130lk olarak, 6 \u00fclkenin kat\u0131l\u0131m\u0131yla uluslararas\u0131 boyuta ta\u015f\u0131nan bu milli bayramda, d\u00fcnyan\u0131n bir\u00e7ok \u00fclkesinden \u00e7ocuklar T\u00fcrkiye\u2019ye 1979\u2019da gelmeye ba\u015flad\u0131. T\u00fcrkiye, d\u00fcnyada \u00e7ocuklar\u0131na bayram hediye eden ve bu bayram\u0131 b\u00fct\u00fcn d\u00fcnya ile payla\u015fan ilk ve tek \u00fclke olmay\u0131 s\u00fcrd\u00fcr\u00fcyor.<\/span><\/p>\n<p>\u00a0<\/p>\n<\/p><\/div>\n<p><script async\n                    defer\n                    crossorigin=\"anonymous\"\n                    src=\"https:\/\/connect.facebook.net\/tr_TR\/sdk.js#xfbml=1&#038;version=v3.3\"\n            ><\/script><\/p>\n","protected":false},"excerpt":{"rendered":"<p>Kurtulu\u015f m\u00fccadelesini ba\u015flatan, Cumhuriyet\u2019e giden yolda b\u00fcy\u00fck ad\u0131mlar at\u0131lmas\u0131n\u0131 sa\u011flayan T\u00fcrkiye B\u00fcy\u00fck Millet Meclisi, 105 y\u0131ld\u0131r milli iradenin simgesi olmaya devam ediyor. Gazi Mustafa Kemal Atat\u00fcrk\u2019\u00fcn \u00f6nderli\u011finde, d\u00fc\u015fman i\u015fgali alt\u0131ndaki Anadolu ve Rumeli topraklar\u0131nda Kurtulu\u015f Sava\u015f\u0131\u2019n\u0131 ba\u015flatan ve Cumhuriyet\u2019e giden yolda \u00f6nemli ad\u0131mlar at\u0131lmas\u0131n\u0131 sa\u011flayan T\u00fcrkiye B\u00fcy\u00fck Millet Meclisi (TBMM) 105 y\u0131l \u00f6nce 23 Nisan\u2019da [&hellip;]<\/p>\n","protected":false},"author":1,"featured_media":22468,"comment_status":"open","ping_status":"open","sticky":false,"template":"","format":"standard","meta":{"jnews-multi-image_gallery":[],"jnews_single_post":[],"jnews_primary_category":[],"footnotes":""},"categories":[2],"tags":[],"class_list":["post-22467","post","type-post","status-publish","format-standard","has-post-thumbnail","hentry","category-dunya"],"yoast_head":"<!-- This site is optimized with the Yoast SEO plugin v27.5 - https:\/\/yoast.com\/product\/yoast-seo-wordpress\/ -->\n<title>Milli iradenin simgesi TBMM, 105 ya\u015f\u0131nda - Haber Kuzey<\/title>\n<meta name=\"robots\" content=\"index, follow, max-snippet:-1, max-image-preview:large, max-video-preview:-1\" \/>\n<link rel=\"canonical\" href=\"https:\/\/haberkuzey.com\/index.php\/2025\/04\/22\/milli-iradenin-simgesi-tbmm-105-yasinda\/\" \/>\n<meta property=\"og:locale\" content=\"tr_TR\" \/>\n<meta property=\"og:type\" content=\"article\" \/>\n<meta property=\"og:title\" content=\"Milli iradenin simgesi TBMM, 105 ya\u015f\u0131nda - Haber Kuzey\" \/>\n<meta property=\"og:description\" content=\"Kurtulu\u015f m\u00fccadelesini ba\u015flatan, Cumhuriyet\u2019e giden yolda b\u00fcy\u00fck ad\u0131mlar at\u0131lmas\u0131n\u0131 sa\u011flayan T\u00fcrkiye B\u00fcy\u00fck Millet Meclisi, 105 y\u0131ld\u0131r milli iradenin simgesi olmaya devam ediyor. Gazi Mustafa Kemal Atat\u00fcrk\u2019\u00fcn \u00f6nderli\u011finde, d\u00fc\u015fman i\u015fgali alt\u0131ndaki Anadolu ve Rumeli topraklar\u0131nda Kurtulu\u015f Sava\u015f\u0131\u2019n\u0131 ba\u015flatan ve Cumhuriyet\u2019e giden yolda \u00f6nemli ad\u0131mlar at\u0131lmas\u0131n\u0131 sa\u011flayan T\u00fcrkiye B\u00fcy\u00fck Millet Meclisi (TBMM) 105 y\u0131l \u00f6nce 23 Nisan\u2019da [&hellip;]\" \/>\n<meta property=\"og:url\" content=\"https:\/\/haberkuzey.com\/index.php\/2025\/04\/22\/milli-iradenin-simgesi-tbmm-105-yasinda\/\" \/>\n<meta property=\"og:site_name\" content=\"Haber Kuzey\" \/>\n<meta property=\"article:published_time\" content=\"2025-04-22T14:56:20+00:00\" \/>\n<meta property=\"og:image\" content=\"https:\/\/brtk.net\/wp-content\/uploads\/2025\/04\/22\/TBMM.jpg?ver=d2b70730c452866652a8253bf473a64b\" \/>\n<meta name=\"author\" content=\"haberkuzey\" \/>\n<meta name=\"twitter:card\" content=\"summary_large_image\" \/>\n<meta name=\"twitter:label1\" content=\"Yazan:\" \/>\n\t<meta name=\"twitter:data1\" content=\"haberkuzey\" \/>\n\t<meta name=\"twitter:label2\" content=\"Tahmini okuma s\u00fcresi\" \/>\n\t<meta name=\"twitter:data2\" content=\"4 dakika\" \/>\n<script type=\"application\/ld+json\" class=\"yoast-schema-graph\">{\"@context\":\"https:\\\/\\\/schema.org\",\"@graph\":[{\"@type\":\"Article\",\"@id\":\"https:\\\/\\\/haberkuzey.com\\\/index.php\\\/2025\\\/04\\\/22\\\/milli-iradenin-simgesi-tbmm-105-yasinda\\\/#article\",\"isPartOf\":{\"@id\":\"https:\\\/\\\/haberkuzey.com\\\/index.php\\\/2025\\\/04\\\/22\\\/milli-iradenin-simgesi-tbmm-105-yasinda\\\/\"},\"author\":{\"name\":\"haberkuzey\",\"@id\":\"https:\\\/\\\/haberkuzey.com\\\/#\\\/schema\\\/person\\\/3372109ec735f9333f4fa47ebb9605ca\"},\"headline\":\"Milli iradenin simgesi TBMM, 105 ya\u015f\u0131nda\",\"datePublished\":\"2025-04-22T14:56:20+00:00\",\"mainEntityOfPage\":{\"@id\":\"https:\\\/\\\/haberkuzey.com\\\/index.php\\\/2025\\\/04\\\/22\\\/milli-iradenin-simgesi-tbmm-105-yasinda\\\/\"},\"wordCount\":823,\"commentCount\":0,\"image\":{\"@id\":\"https:\\\/\\\/haberkuzey.com\\\/index.php\\\/2025\\\/04\\\/22\\\/milli-iradenin-simgesi-tbmm-105-yasinda\\\/#primaryimage\"},\"thumbnailUrl\":\"https:\\\/\\\/haberkuzey.com\\\/wp-content\\\/uploads\\\/2025\\\/04\\\/TBMM.jpg\",\"articleSection\":[\"D\u00fcnya\"],\"inLanguage\":\"tr\",\"potentialAction\":[{\"@type\":\"CommentAction\",\"name\":\"Comment\",\"target\":[\"https:\\\/\\\/haberkuzey.com\\\/index.php\\\/2025\\\/04\\\/22\\\/milli-iradenin-simgesi-tbmm-105-yasinda\\\/#respond\"]}]},{\"@type\":\"WebPage\",\"@id\":\"https:\\\/\\\/haberkuzey.com\\\/index.php\\\/2025\\\/04\\\/22\\\/milli-iradenin-simgesi-tbmm-105-yasinda\\\/\",\"url\":\"https:\\\/\\\/haberkuzey.com\\\/index.php\\\/2025\\\/04\\\/22\\\/milli-iradenin-simgesi-tbmm-105-yasinda\\\/\",\"name\":\"Milli iradenin simgesi TBMM, 105 ya\u015f\u0131nda - Haber Kuzey\",\"isPartOf\":{\"@id\":\"https:\\\/\\\/haberkuzey.com\\\/#website\"},\"primaryImageOfPage\":{\"@id\":\"https:\\\/\\\/haberkuzey.com\\\/index.php\\\/2025\\\/04\\\/22\\\/milli-iradenin-simgesi-tbmm-105-yasinda\\\/#primaryimage\"},\"image\":{\"@id\":\"https:\\\/\\\/haberkuzey.com\\\/index.php\\\/2025\\\/04\\\/22\\\/milli-iradenin-simgesi-tbmm-105-yasinda\\\/#primaryimage\"},\"thumbnailUrl\":\"https:\\\/\\\/haberkuzey.com\\\/wp-content\\\/uploads\\\/2025\\\/04\\\/TBMM.jpg\",\"datePublished\":\"2025-04-22T14:56:20+00:00\",\"author\":{\"@id\":\"https:\\\/\\\/haberkuzey.com\\\/#\\\/schema\\\/person\\\/3372109ec735f9333f4fa47ebb9605ca\"},\"breadcrumb\":{\"@id\":\"https:\\\/\\\/haberkuzey.com\\\/index.php\\\/2025\\\/04\\\/22\\\/milli-iradenin-simgesi-tbmm-105-yasinda\\\/#breadcrumb\"},\"inLanguage\":\"tr\",\"potentialAction\":[{\"@type\":\"ReadAction\",\"target\":[\"https:\\\/\\\/haberkuzey.com\\\/index.php\\\/2025\\\/04\\\/22\\\/milli-iradenin-simgesi-tbmm-105-yasinda\\\/\"]}]},{\"@type\":\"ImageObject\",\"inLanguage\":\"tr\",\"@id\":\"https:\\\/\\\/haberkuzey.com\\\/index.php\\\/2025\\\/04\\\/22\\\/milli-iradenin-simgesi-tbmm-105-yasinda\\\/#primaryimage\",\"url\":\"https:\\\/\\\/haberkuzey.com\\\/wp-content\\\/uploads\\\/2025\\\/04\\\/TBMM.jpg\",\"contentUrl\":\"https:\\\/\\\/haberkuzey.com\\\/wp-content\\\/uploads\\\/2025\\\/04\\\/TBMM.jpg\",\"width\":864,\"height\":486},{\"@type\":\"BreadcrumbList\",\"@id\":\"https:\\\/\\\/haberkuzey.com\\\/index.php\\\/2025\\\/04\\\/22\\\/milli-iradenin-simgesi-tbmm-105-yasinda\\\/#breadcrumb\",\"itemListElement\":[{\"@type\":\"ListItem\",\"position\":1,\"name\":\"Anasayfa\",\"item\":\"https:\\\/\\\/haberkuzey.com\\\/\"},{\"@type\":\"ListItem\",\"position\":2,\"name\":\"Milli iradenin simgesi TBMM, 105 ya\u015f\u0131nda\"}]},{\"@type\":\"WebSite\",\"@id\":\"https:\\\/\\\/haberkuzey.com\\\/#website\",\"url\":\"https:\\\/\\\/haberkuzey.com\\\/\",\"name\":\"Haber Kuzey\",\"description\":\"Do\u011fru Haberin Adresi\",\"potentialAction\":[{\"@type\":\"SearchAction\",\"target\":{\"@type\":\"EntryPoint\",\"urlTemplate\":\"https:\\\/\\\/haberkuzey.com\\\/?s={search_term_string}\"},\"query-input\":{\"@type\":\"PropertyValueSpecification\",\"valueRequired\":true,\"valueName\":\"search_term_string\"}}],\"inLanguage\":\"tr\"},{\"@type\":\"Person\",\"@id\":\"https:\\\/\\\/haberkuzey.com\\\/#\\\/schema\\\/person\\\/3372109ec735f9333f4fa47ebb9605ca\",\"name\":\"haberkuzey\",\"image\":{\"@type\":\"ImageObject\",\"inLanguage\":\"tr\",\"@id\":\"https:\\\/\\\/secure.gravatar.com\\\/avatar\\\/f5fc875574b1575324358c3b9e6a32b8227aa5b74f3fa22e3cadb63e26fcc39c?s=96&d=mm&r=g\",\"url\":\"https:\\\/\\\/secure.gravatar.com\\\/avatar\\\/f5fc875574b1575324358c3b9e6a32b8227aa5b74f3fa22e3cadb63e26fcc39c?s=96&d=mm&r=g\",\"contentUrl\":\"https:\\\/\\\/secure.gravatar.com\\\/avatar\\\/f5fc875574b1575324358c3b9e6a32b8227aa5b74f3fa22e3cadb63e26fcc39c?s=96&d=mm&r=g\",\"caption\":\"haberkuzey\"},\"sameAs\":[\"https:\\\/\\\/haberkuzey.com\"],\"url\":\"https:\\\/\\\/haberkuzey.com\\\/index.php\\\/author\\\/haberkuzey\\\/\"}]}<\/script>\n<!-- \/ Yoast SEO plugin. -->","yoast_head_json":{"title":"Milli iradenin simgesi TBMM, 105 ya\u015f\u0131nda - Haber Kuzey","robots":{"index":"index","follow":"follow","max-snippet":"max-snippet:-1","max-image-preview":"max-image-preview:large","max-video-preview":"max-video-preview:-1"},"canonical":"https:\/\/haberkuzey.com\/index.php\/2025\/04\/22\/milli-iradenin-simgesi-tbmm-105-yasinda\/","og_locale":"tr_TR","og_type":"article","og_title":"Milli iradenin simgesi TBMM, 105 ya\u015f\u0131nda - Haber Kuzey","og_description":"Kurtulu\u015f m\u00fccadelesini ba\u015flatan, Cumhuriyet\u2019e giden yolda b\u00fcy\u00fck ad\u0131mlar at\u0131lmas\u0131n\u0131 sa\u011flayan T\u00fcrkiye B\u00fcy\u00fck Millet Meclisi, 105 y\u0131ld\u0131r milli iradenin simgesi olmaya devam ediyor. Gazi Mustafa Kemal Atat\u00fcrk\u2019\u00fcn \u00f6nderli\u011finde, d\u00fc\u015fman i\u015fgali alt\u0131ndaki Anadolu ve Rumeli topraklar\u0131nda Kurtulu\u015f Sava\u015f\u0131\u2019n\u0131 ba\u015flatan ve Cumhuriyet\u2019e giden yolda \u00f6nemli ad\u0131mlar at\u0131lmas\u0131n\u0131 sa\u011flayan T\u00fcrkiye B\u00fcy\u00fck Millet Meclisi (TBMM) 105 y\u0131l \u00f6nce 23 Nisan\u2019da [&hellip;]","og_url":"https:\/\/haberkuzey.com\/index.php\/2025\/04\/22\/milli-iradenin-simgesi-tbmm-105-yasinda\/","og_site_name":"Haber Kuzey","article_published_time":"2025-04-22T14:56:20+00:00","og_image":[{"url":"https:\/\/brtk.net\/wp-content\/uploads\/2025\/04\/22\/TBMM.jpg?ver=d2b70730c452866652a8253bf473a64b","type":"","width":"","height":""}],"author":"haberkuzey","twitter_card":"summary_large_image","twitter_misc":{"Yazan:":"haberkuzey","Tahmini okuma s\u00fcresi":"4 dakika"},"schema":{"@context":"https:\/\/schema.org","@graph":[{"@type":"Article","@id":"https:\/\/haberkuzey.com\/index.php\/2025\/04\/22\/milli-iradenin-simgesi-tbmm-105-yasinda\/#article","isPartOf":{"@id":"https:\/\/haberkuzey.com\/index.php\/2025\/04\/22\/milli-iradenin-simgesi-tbmm-105-yasinda\/"},"author":{"name":"haberkuzey","@id":"https:\/\/haberkuzey.com\/#\/schema\/person\/3372109ec735f9333f4fa47ebb9605ca"},"headline":"Milli iradenin simgesi TBMM, 105 ya\u015f\u0131nda","datePublished":"2025-04-22T14:56:20+00:00","mainEntityOfPage":{"@id":"https:\/\/haberkuzey.com\/index.php\/2025\/04\/22\/milli-iradenin-simgesi-tbmm-105-yasinda\/"},"wordCount":823,"commentCount":0,"image":{"@id":"https:\/\/haberkuzey.com\/index.php\/2025\/04\/22\/milli-iradenin-simgesi-tbmm-105-yasinda\/#primaryimage"},"thumbnailUrl":"https:\/\/haberkuzey.com\/wp-content\/uploads\/2025\/04\/TBMM.jpg","articleSection":["D\u00fcnya"],"inLanguage":"tr","potentialAction":[{"@type":"CommentAction","name":"Comment","target":["https:\/\/haberkuzey.com\/index.php\/2025\/04\/22\/milli-iradenin-simgesi-tbmm-105-yasinda\/#respond"]}]},{"@type":"WebPage","@id":"https:\/\/haberkuzey.com\/index.php\/2025\/04\/22\/milli-iradenin-simgesi-tbmm-105-yasinda\/","url":"https:\/\/haberkuzey.com\/index.php\/2025\/04\/22\/milli-iradenin-simgesi-tbmm-105-yasinda\/","name":"Milli iradenin simgesi TBMM, 105 ya\u015f\u0131nda - Haber Kuzey","isPartOf":{"@id":"https:\/\/haberkuzey.com\/#website"},"primaryImageOfPage":{"@id":"https:\/\/haberkuzey.com\/index.php\/2025\/04\/22\/milli-iradenin-simgesi-tbmm-105-yasinda\/#primaryimage"},"image":{"@id":"https:\/\/haberkuzey.com\/index.php\/2025\/04\/22\/milli-iradenin-simgesi-tbmm-105-yasinda\/#primaryimage"},"thumbnailUrl":"https:\/\/haberkuzey.com\/wp-content\/uploads\/2025\/04\/TBMM.jpg","datePublished":"2025-04-22T14:56:20+00:00","author":{"@id":"https:\/\/haberkuzey.com\/#\/schema\/person\/3372109ec735f9333f4fa47ebb9605ca"},"breadcrumb":{"@id":"https:\/\/haberkuzey.com\/index.php\/2025\/04\/22\/milli-iradenin-simgesi-tbmm-105-yasinda\/#breadcrumb"},"inLanguage":"tr","potentialAction":[{"@type":"ReadAction","target":["https:\/\/haberkuzey.com\/index.php\/2025\/04\/22\/milli-iradenin-simgesi-tbmm-105-yasinda\/"]}]},{"@type":"ImageObject","inLanguage":"tr","@id":"https:\/\/haberkuzey.com\/index.php\/2025\/04\/22\/milli-iradenin-simgesi-tbmm-105-yasinda\/#primaryimage","url":"https:\/\/haberkuzey.com\/wp-content\/uploads\/2025\/04\/TBMM.jpg","contentUrl":"https:\/\/haberkuzey.com\/wp-content\/uploads\/2025\/04\/TBMM.jpg","width":864,"height":486},{"@type":"BreadcrumbList","@id":"https:\/\/haberkuzey.com\/index.php\/2025\/04\/22\/milli-iradenin-simgesi-tbmm-105-yasinda\/#breadcrumb","itemListElement":[{"@type":"ListItem","position":1,"name":"Anasayfa","item":"https:\/\/haberkuzey.com\/"},{"@type":"ListItem","position":2,"name":"Milli iradenin simgesi TBMM, 105 ya\u015f\u0131nda"}]},{"@type":"WebSite","@id":"https:\/\/haberkuzey.com\/#website","url":"https:\/\/haberkuzey.com\/","name":"Haber Kuzey","description":"Do\u011fru Haberin Adresi","potentialAction":[{"@type":"SearchAction","target":{"@type":"EntryPoint","urlTemplate":"https:\/\/haberkuzey.com\/?s={search_term_string}"},"query-input":{"@type":"PropertyValueSpecification","valueRequired":true,"valueName":"search_term_string"}}],"inLanguage":"tr"},{"@type":"Person","@id":"https:\/\/haberkuzey.com\/#\/schema\/person\/3372109ec735f9333f4fa47ebb9605ca","name":"haberkuzey","image":{"@type":"ImageObject","inLanguage":"tr","@id":"https:\/\/secure.gravatar.com\/avatar\/f5fc875574b1575324358c3b9e6a32b8227aa5b74f3fa22e3cadb63e26fcc39c?s=96&d=mm&r=g","url":"https:\/\/secure.gravatar.com\/avatar\/f5fc875574b1575324358c3b9e6a32b8227aa5b74f3fa22e3cadb63e26fcc39c?s=96&d=mm&r=g","contentUrl":"https:\/\/secure.gravatar.com\/avatar\/f5fc875574b1575324358c3b9e6a32b8227aa5b74f3fa22e3cadb63e26fcc39c?s=96&d=mm&r=g","caption":"haberkuzey"},"sameAs":["https:\/\/haberkuzey.com"],"url":"https:\/\/haberkuzey.com\/index.php\/author\/haberkuzey\/"}]}},"_links":{"self":[{"href":"https:\/\/haberkuzey.com\/index.php\/wp-json\/wp\/v2\/posts\/22467","targetHints":{"allow":["GET"]}}],"collection":[{"href":"https:\/\/haberkuzey.com\/index.php\/wp-json\/wp\/v2\/posts"}],"about":[{"href":"https:\/\/haberkuzey.com\/index.php\/wp-json\/wp\/v2\/types\/post"}],"author":[{"embeddable":true,"href":"https:\/\/haberkuzey.com\/index.php\/wp-json\/wp\/v2\/users\/1"}],"replies":[{"embeddable":true,"href":"https:\/\/haberkuzey.com\/index.php\/wp-json\/wp\/v2\/comments?post=22467"}],"version-history":[{"count":0,"href":"https:\/\/haberkuzey.com\/index.php\/wp-json\/wp\/v2\/posts\/22467\/revisions"}],"wp:featuredmedia":[{"embeddable":true,"href":"https:\/\/haberkuzey.com\/index.php\/wp-json\/wp\/v2\/media\/22468"}],"wp:attachment":[{"href":"https:\/\/haberkuzey.com\/index.php\/wp-json\/wp\/v2\/media?parent=22467"}],"wp:term":[{"taxonomy":"category","embeddable":true,"href":"https:\/\/haberkuzey.com\/index.php\/wp-json\/wp\/v2\/categories?post=22467"},{"taxonomy":"post_tag","embeddable":true,"href":"https:\/\/haberkuzey.com\/index.php\/wp-json\/wp\/v2\/tags?post=22467"}],"curies":[{"name":"wp","href":"https:\/\/api.w.org\/{rel}","templated":true}]}}