{"id":22384,"date":"2025-04-21T19:49:32","date_gmt":"2025-04-21T16:49:32","guid":{"rendered":"https:\/\/haberkuzey.com\/index.php\/2025\/04\/21\/turkiye-disisleri-bakanligi-kktcdeki-bir-haberde-bakanlik-ve-bakan-fidana-dair-iddialar-gercek-disi\/"},"modified":"2025-04-21T19:49:32","modified_gmt":"2025-04-21T16:49:32","slug":"turkiye-disisleri-bakanligi-kktcdeki-bir-haberde-bakanlik-ve-bakan-fidana-dair-iddialar-gercek-disi","status":"publish","type":"post","link":"https:\/\/haberkuzey.com\/index.php\/2025\/04\/21\/turkiye-disisleri-bakanligi-kktcdeki-bir-haberde-bakanlik-ve-bakan-fidana-dair-iddialar-gercek-disi\/","title":{"rendered":"T\u00fcrkiye D\u0131\u015fi\u015fleri Bakanl\u0131\u011f\u0131: KKTC\u2019deki bir haberde Bakanl\u0131k ve Bakan Fidan\u2019a dair iddialar ger\u00e7ek d\u0131\u015f\u0131"},"content":{"rendered":"<div>\n<div class=\"mariselle-image-container center\">\n                                            <\/div>\n<p>T\u00fcrkiye D\u0131\u015fi\u015fleri Bakanl\u0131\u011f\u0131, Kuzey K\u0131br\u0131s T\u00fcrk Cumhuriyeti (KKTC) merkezli bir yay\u0131n organ\u0131nda, D\u0131\u015fi\u015fleri Bakanl\u0131\u011f\u0131 ve Bakan Hakan Fidan\u2019a y\u00f6nelik yer alan iddialar\u0131n tamam\u0131yla ger\u00e7ek d\u0131\u015f\u0131 oldu\u011funu belirterek, herhangi bir somut delile dayanmayan bu as\u0131ls\u0131z iddialar kar\u015f\u0131s\u0131nda yasal yollara ba\u015fvurulaca\u011f\u0131n\u0131 bildirdi.<\/p>\n<p>Bakanl\u0131ktan konuya ili\u015fkin yap\u0131lan yaz\u0131l\u0131 a\u00e7\u0131klamada, KKTC merkezli bir yay\u0131n organ\u0131ndaki haberde dile getirilen iddialar\u0131n tamam\u0131yla ger\u00e7ek d\u0131\u015f\u0131 oldu\u011fu vurguland\u0131.<\/p>\n<p>A\u00e7\u0131klamada, herhangi bir somut delile dayanmayan bu as\u0131ls\u0131z iddialar kar\u015f\u0131s\u0131nda yasal yollara ba\u015fvurulaca\u011f\u0131 kaydedilerek, \u201cDevlet kurumlar\u0131n\u0131n g\u00fcvenilirli\u011fini ve ki\u015filerin itibar\u0131n\u0131 zedelemeyi hedefleyen bu yalanlar\u0131n, bilahare baz\u0131 \u00e7evreler taraf\u0131ndan kamuoyu \u00f6n\u00fcnde tekrar edilmesi ise son derece sorumsuz bir tav\u0131rd\u0131r. Ak\u0131l ve mant\u0131k d\u0131\u015f\u0131 kurgular\u0131 yinelemek suretiyle y\u00fcr\u00fct\u00fclen bu sistematik iftira ve karalama kampanyas\u0131na itibar edilmemelidir.\u201d ifadelerine yer verildi.<\/p>\n<\/p><\/div>\n<p><script async\n                    defer\n                    crossorigin=\"anonymous\"\n                    src=\"https:\/\/connect.facebook.net\/tr_TR\/sdk.js#xfbml=1&#038;version=v3.3\"\n            ><\/script><\/p>\n","protected":false},"excerpt":{"rendered":"<p>T\u00fcrkiye D\u0131\u015fi\u015fleri Bakanl\u0131\u011f\u0131, Kuzey K\u0131br\u0131s T\u00fcrk Cumhuriyeti (KKTC) merkezli bir yay\u0131n organ\u0131nda, D\u0131\u015fi\u015fleri Bakanl\u0131\u011f\u0131 ve Bakan Hakan Fidan\u2019a y\u00f6nelik yer alan iddialar\u0131n tamam\u0131yla ger\u00e7ek d\u0131\u015f\u0131 oldu\u011funu belirterek, herhangi bir somut delile dayanmayan bu as\u0131ls\u0131z iddialar kar\u015f\u0131s\u0131nda yasal yollara ba\u015fvurulaca\u011f\u0131n\u0131 bildirdi. Bakanl\u0131ktan konuya ili\u015fkin yap\u0131lan yaz\u0131l\u0131 a\u00e7\u0131klamada, KKTC merkezli bir yay\u0131n organ\u0131ndaki haberde dile getirilen iddialar\u0131n [&hellip;]<\/p>\n","protected":false},"author":1,"featured_media":22385,"comment_status":"open","ping_status":"open","sticky":false,"template":"","format":"standard","meta":{"jnews-multi-image_gallery":[],"jnews_single_post":[],"jnews_primary_category":[],"footnotes":""},"categories":[2],"tags":[],"class_list":["post-22384","post","type-post","status-publish","format-standard","has-post-thumbnail","hentry","category-dunya"],"yoast_head":"<!-- This site is optimized with the Yoast SEO plugin v27.5 - https:\/\/yoast.com\/product\/yoast-seo-wordpress\/ -->\n<title>T\u00fcrkiye D\u0131\u015fi\u015fleri Bakanl\u0131\u011f\u0131: KKTC\u2019deki bir haberde Bakanl\u0131k ve Bakan Fidan\u2019a dair iddialar ger\u00e7ek d\u0131\u015f\u0131 - Haber Kuzey<\/title>\n<meta name=\"robots\" content=\"index, follow, max-snippet:-1, max-image-preview:large, max-video-preview:-1\" \/>\n<link rel=\"canonical\" href=\"https:\/\/haberkuzey.com\/index.php\/2025\/04\/21\/turkiye-disisleri-bakanligi-kktcdeki-bir-haberde-bakanlik-ve-bakan-fidana-dair-iddialar-gercek-disi\/\" \/>\n<meta property=\"og:locale\" content=\"tr_TR\" \/>\n<meta property=\"og:type\" content=\"article\" \/>\n<meta property=\"og:title\" content=\"T\u00fcrkiye D\u0131\u015fi\u015fleri Bakanl\u0131\u011f\u0131: KKTC\u2019deki bir haberde Bakanl\u0131k ve Bakan Fidan\u2019a dair iddialar ger\u00e7ek d\u0131\u015f\u0131 - Haber Kuzey\" \/>\n<meta property=\"og:description\" content=\"T\u00fcrkiye D\u0131\u015fi\u015fleri Bakanl\u0131\u011f\u0131, Kuzey K\u0131br\u0131s T\u00fcrk Cumhuriyeti (KKTC) merkezli bir yay\u0131n organ\u0131nda, D\u0131\u015fi\u015fleri Bakanl\u0131\u011f\u0131 ve Bakan Hakan Fidan\u2019a y\u00f6nelik yer alan iddialar\u0131n tamam\u0131yla ger\u00e7ek d\u0131\u015f\u0131 oldu\u011funu belirterek, herhangi bir somut delile dayanmayan bu as\u0131ls\u0131z iddialar kar\u015f\u0131s\u0131nda yasal yollara ba\u015fvurulaca\u011f\u0131n\u0131 bildirdi. Bakanl\u0131ktan konuya ili\u015fkin yap\u0131lan yaz\u0131l\u0131 a\u00e7\u0131klamada, KKTC merkezli bir yay\u0131n organ\u0131ndaki haberde dile getirilen iddialar\u0131n [&hellip;]\" \/>\n<meta property=\"og:url\" content=\"https:\/\/haberkuzey.com\/index.php\/2025\/04\/21\/turkiye-disisleri-bakanligi-kktcdeki-bir-haberde-bakanlik-ve-bakan-fidana-dair-iddialar-gercek-disi\/\" \/>\n<meta property=\"og:site_name\" content=\"Haber Kuzey\" \/>\n<meta property=\"article:published_time\" content=\"2025-04-21T16:49:32+00:00\" \/>\n<meta property=\"og:image\" content=\"https:\/\/brtk.net\/wp-content\/uploads\/2025\/04\/21\/1745242730340disisleri.png?ver=b86bc31b87bb8c55cf4876fae35f5c1e\" \/>\n<meta name=\"author\" content=\"haberkuzey\" \/>\n<meta name=\"twitter:card\" content=\"summary_large_image\" \/>\n<meta name=\"twitter:label1\" content=\"Yazan:\" \/>\n\t<meta name=\"twitter:data1\" content=\"haberkuzey\" \/>\n\t<meta name=\"twitter:label2\" content=\"Tahmini okuma s\u00fcresi\" \/>\n\t<meta name=\"twitter:data2\" content=\"1 dakika\" \/>\n<script type=\"application\/ld+json\" class=\"yoast-schema-graph\">{\"@context\":\"https:\\\/\\\/schema.org\",\"@graph\":[{\"@type\":\"Article\",\"@id\":\"https:\\\/\\\/haberkuzey.com\\\/index.php\\\/2025\\\/04\\\/21\\\/turkiye-disisleri-bakanligi-kktcdeki-bir-haberde-bakanlik-ve-bakan-fidana-dair-iddialar-gercek-disi\\\/#article\",\"isPartOf\":{\"@id\":\"https:\\\/\\\/haberkuzey.com\\\/index.php\\\/2025\\\/04\\\/21\\\/turkiye-disisleri-bakanligi-kktcdeki-bir-haberde-bakanlik-ve-bakan-fidana-dair-iddialar-gercek-disi\\\/\"},\"author\":{\"name\":\"haberkuzey\",\"@id\":\"https:\\\/\\\/haberkuzey.com\\\/#\\\/schema\\\/person\\\/3372109ec735f9333f4fa47ebb9605ca\"},\"headline\":\"T\u00fcrkiye D\u0131\u015fi\u015fleri Bakanl\u0131\u011f\u0131: KKTC\u2019deki bir haberde Bakanl\u0131k ve Bakan Fidan\u2019a dair iddialar ger\u00e7ek d\u0131\u015f\u0131\",\"datePublished\":\"2025-04-21T16:49:32+00:00\",\"mainEntityOfPage\":{\"@id\":\"https:\\\/\\\/haberkuzey.com\\\/index.php\\\/2025\\\/04\\\/21\\\/turkiye-disisleri-bakanligi-kktcdeki-bir-haberde-bakanlik-ve-bakan-fidana-dair-iddialar-gercek-disi\\\/\"},\"wordCount\":194,\"commentCount\":0,\"image\":{\"@id\":\"https:\\\/\\\/haberkuzey.com\\\/index.php\\\/2025\\\/04\\\/21\\\/turkiye-disisleri-bakanligi-kktcdeki-bir-haberde-bakanlik-ve-bakan-fidana-dair-iddialar-gercek-disi\\\/#primaryimage\"},\"thumbnailUrl\":\"https:\\\/\\\/haberkuzey.com\\\/wp-content\\\/uploads\\\/2025\\\/04\\\/1745242730340disisleri.png\",\"articleSection\":[\"D\u00fcnya\"],\"inLanguage\":\"tr\",\"potentialAction\":[{\"@type\":\"CommentAction\",\"name\":\"Comment\",\"target\":[\"https:\\\/\\\/haberkuzey.com\\\/index.php\\\/2025\\\/04\\\/21\\\/turkiye-disisleri-bakanligi-kktcdeki-bir-haberde-bakanlik-ve-bakan-fidana-dair-iddialar-gercek-disi\\\/#respond\"]}]},{\"@type\":\"WebPage\",\"@id\":\"https:\\\/\\\/haberkuzey.com\\\/index.php\\\/2025\\\/04\\\/21\\\/turkiye-disisleri-bakanligi-kktcdeki-bir-haberde-bakanlik-ve-bakan-fidana-dair-iddialar-gercek-disi\\\/\",\"url\":\"https:\\\/\\\/haberkuzey.com\\\/index.php\\\/2025\\\/04\\\/21\\\/turkiye-disisleri-bakanligi-kktcdeki-bir-haberde-bakanlik-ve-bakan-fidana-dair-iddialar-gercek-disi\\\/\",\"name\":\"T\u00fcrkiye D\u0131\u015fi\u015fleri Bakanl\u0131\u011f\u0131: KKTC\u2019deki bir haberde Bakanl\u0131k ve Bakan Fidan\u2019a dair iddialar ger\u00e7ek d\u0131\u015f\u0131 - Haber Kuzey\",\"isPartOf\":{\"@id\":\"https:\\\/\\\/haberkuzey.com\\\/#website\"},\"primaryImageOfPage\":{\"@id\":\"https:\\\/\\\/haberkuzey.com\\\/index.php\\\/2025\\\/04\\\/21\\\/turkiye-disisleri-bakanligi-kktcdeki-bir-haberde-bakanlik-ve-bakan-fidana-dair-iddialar-gercek-disi\\\/#primaryimage\"},\"image\":{\"@id\":\"https:\\\/\\\/haberkuzey.com\\\/index.php\\\/2025\\\/04\\\/21\\\/turkiye-disisleri-bakanligi-kktcdeki-bir-haberde-bakanlik-ve-bakan-fidana-dair-iddialar-gercek-disi\\\/#primaryimage\"},\"thumbnailUrl\":\"https:\\\/\\\/haberkuzey.com\\\/wp-content\\\/uploads\\\/2025\\\/04\\\/1745242730340disisleri.png\",\"datePublished\":\"2025-04-21T16:49:32+00:00\",\"author\":{\"@id\":\"https:\\\/\\\/haberkuzey.com\\\/#\\\/schema\\\/person\\\/3372109ec735f9333f4fa47ebb9605ca\"},\"breadcrumb\":{\"@id\":\"https:\\\/\\\/haberkuzey.com\\\/index.php\\\/2025\\\/04\\\/21\\\/turkiye-disisleri-bakanligi-kktcdeki-bir-haberde-bakanlik-ve-bakan-fidana-dair-iddialar-gercek-disi\\\/#breadcrumb\"},\"inLanguage\":\"tr\",\"potentialAction\":[{\"@type\":\"ReadAction\",\"target\":[\"https:\\\/\\\/haberkuzey.com\\\/index.php\\\/2025\\\/04\\\/21\\\/turkiye-disisleri-bakanligi-kktcdeki-bir-haberde-bakanlik-ve-bakan-fidana-dair-iddialar-gercek-disi\\\/\"]}]},{\"@type\":\"ImageObject\",\"inLanguage\":\"tr\",\"@id\":\"https:\\\/\\\/haberkuzey.com\\\/index.php\\\/2025\\\/04\\\/21\\\/turkiye-disisleri-bakanligi-kktcdeki-bir-haberde-bakanlik-ve-bakan-fidana-dair-iddialar-gercek-disi\\\/#primaryimage\",\"url\":\"https:\\\/\\\/haberkuzey.com\\\/wp-content\\\/uploads\\\/2025\\\/04\\\/1745242730340disisleri.png\",\"contentUrl\":\"https:\\\/\\\/haberkuzey.com\\\/wp-content\\\/uploads\\\/2025\\\/04\\\/1745242730340disisleri.png\",\"width\":917,\"height\":505},{\"@type\":\"BreadcrumbList\",\"@id\":\"https:\\\/\\\/haberkuzey.com\\\/index.php\\\/2025\\\/04\\\/21\\\/turkiye-disisleri-bakanligi-kktcdeki-bir-haberde-bakanlik-ve-bakan-fidana-dair-iddialar-gercek-disi\\\/#breadcrumb\",\"itemListElement\":[{\"@type\":\"ListItem\",\"position\":1,\"name\":\"Anasayfa\",\"item\":\"https:\\\/\\\/haberkuzey.com\\\/\"},{\"@type\":\"ListItem\",\"position\":2,\"name\":\"T\u00fcrkiye D\u0131\u015fi\u015fleri Bakanl\u0131\u011f\u0131: KKTC\u2019deki bir haberde Bakanl\u0131k ve Bakan Fidan\u2019a dair iddialar ger\u00e7ek d\u0131\u015f\u0131\"}]},{\"@type\":\"WebSite\",\"@id\":\"https:\\\/\\\/haberkuzey.com\\\/#website\",\"url\":\"https:\\\/\\\/haberkuzey.com\\\/\",\"name\":\"Haber Kuzey\",\"description\":\"Do\u011fru Haberin Adresi\",\"potentialAction\":[{\"@type\":\"SearchAction\",\"target\":{\"@type\":\"EntryPoint\",\"urlTemplate\":\"https:\\\/\\\/haberkuzey.com\\\/?s={search_term_string}\"},\"query-input\":{\"@type\":\"PropertyValueSpecification\",\"valueRequired\":true,\"valueName\":\"search_term_string\"}}],\"inLanguage\":\"tr\"},{\"@type\":\"Person\",\"@id\":\"https:\\\/\\\/haberkuzey.com\\\/#\\\/schema\\\/person\\\/3372109ec735f9333f4fa47ebb9605ca\",\"name\":\"haberkuzey\",\"image\":{\"@type\":\"ImageObject\",\"inLanguage\":\"tr\",\"@id\":\"https:\\\/\\\/secure.gravatar.com\\\/avatar\\\/f5fc875574b1575324358c3b9e6a32b8227aa5b74f3fa22e3cadb63e26fcc39c?s=96&d=mm&r=g\",\"url\":\"https:\\\/\\\/secure.gravatar.com\\\/avatar\\\/f5fc875574b1575324358c3b9e6a32b8227aa5b74f3fa22e3cadb63e26fcc39c?s=96&d=mm&r=g\",\"contentUrl\":\"https:\\\/\\\/secure.gravatar.com\\\/avatar\\\/f5fc875574b1575324358c3b9e6a32b8227aa5b74f3fa22e3cadb63e26fcc39c?s=96&d=mm&r=g\",\"caption\":\"haberkuzey\"},\"sameAs\":[\"https:\\\/\\\/haberkuzey.com\"],\"url\":\"https:\\\/\\\/haberkuzey.com\\\/index.php\\\/author\\\/haberkuzey\\\/\"}]}<\/script>\n<!-- \/ Yoast SEO plugin. -->","yoast_head_json":{"title":"T\u00fcrkiye D\u0131\u015fi\u015fleri Bakanl\u0131\u011f\u0131: KKTC\u2019deki bir haberde Bakanl\u0131k ve Bakan Fidan\u2019a dair iddialar ger\u00e7ek d\u0131\u015f\u0131 - Haber Kuzey","robots":{"index":"index","follow":"follow","max-snippet":"max-snippet:-1","max-image-preview":"max-image-preview:large","max-video-preview":"max-video-preview:-1"},"canonical":"https:\/\/haberkuzey.com\/index.php\/2025\/04\/21\/turkiye-disisleri-bakanligi-kktcdeki-bir-haberde-bakanlik-ve-bakan-fidana-dair-iddialar-gercek-disi\/","og_locale":"tr_TR","og_type":"article","og_title":"T\u00fcrkiye D\u0131\u015fi\u015fleri Bakanl\u0131\u011f\u0131: KKTC\u2019deki bir haberde Bakanl\u0131k ve Bakan Fidan\u2019a dair iddialar ger\u00e7ek d\u0131\u015f\u0131 - Haber Kuzey","og_description":"T\u00fcrkiye D\u0131\u015fi\u015fleri Bakanl\u0131\u011f\u0131, Kuzey K\u0131br\u0131s T\u00fcrk Cumhuriyeti (KKTC) merkezli bir yay\u0131n organ\u0131nda, D\u0131\u015fi\u015fleri Bakanl\u0131\u011f\u0131 ve Bakan Hakan Fidan\u2019a y\u00f6nelik yer alan iddialar\u0131n tamam\u0131yla ger\u00e7ek d\u0131\u015f\u0131 oldu\u011funu belirterek, herhangi bir somut delile dayanmayan bu as\u0131ls\u0131z iddialar kar\u015f\u0131s\u0131nda yasal yollara ba\u015fvurulaca\u011f\u0131n\u0131 bildirdi. Bakanl\u0131ktan konuya ili\u015fkin yap\u0131lan yaz\u0131l\u0131 a\u00e7\u0131klamada, KKTC merkezli bir yay\u0131n organ\u0131ndaki haberde dile getirilen iddialar\u0131n [&hellip;]","og_url":"https:\/\/haberkuzey.com\/index.php\/2025\/04\/21\/turkiye-disisleri-bakanligi-kktcdeki-bir-haberde-bakanlik-ve-bakan-fidana-dair-iddialar-gercek-disi\/","og_site_name":"Haber Kuzey","article_published_time":"2025-04-21T16:49:32+00:00","og_image":[{"url":"https:\/\/brtk.net\/wp-content\/uploads\/2025\/04\/21\/1745242730340disisleri.png?ver=b86bc31b87bb8c55cf4876fae35f5c1e","type":"","width":"","height":""}],"author":"haberkuzey","twitter_card":"summary_large_image","twitter_misc":{"Yazan:":"haberkuzey","Tahmini okuma s\u00fcresi":"1 dakika"},"schema":{"@context":"https:\/\/schema.org","@graph":[{"@type":"Article","@id":"https:\/\/haberkuzey.com\/index.php\/2025\/04\/21\/turkiye-disisleri-bakanligi-kktcdeki-bir-haberde-bakanlik-ve-bakan-fidana-dair-iddialar-gercek-disi\/#article","isPartOf":{"@id":"https:\/\/haberkuzey.com\/index.php\/2025\/04\/21\/turkiye-disisleri-bakanligi-kktcdeki-bir-haberde-bakanlik-ve-bakan-fidana-dair-iddialar-gercek-disi\/"},"author":{"name":"haberkuzey","@id":"https:\/\/haberkuzey.com\/#\/schema\/person\/3372109ec735f9333f4fa47ebb9605ca"},"headline":"T\u00fcrkiye D\u0131\u015fi\u015fleri Bakanl\u0131\u011f\u0131: KKTC\u2019deki bir haberde Bakanl\u0131k ve Bakan Fidan\u2019a dair iddialar ger\u00e7ek d\u0131\u015f\u0131","datePublished":"2025-04-21T16:49:32+00:00","mainEntityOfPage":{"@id":"https:\/\/haberkuzey.com\/index.php\/2025\/04\/21\/turkiye-disisleri-bakanligi-kktcdeki-bir-haberde-bakanlik-ve-bakan-fidana-dair-iddialar-gercek-disi\/"},"wordCount":194,"commentCount":0,"image":{"@id":"https:\/\/haberkuzey.com\/index.php\/2025\/04\/21\/turkiye-disisleri-bakanligi-kktcdeki-bir-haberde-bakanlik-ve-bakan-fidana-dair-iddialar-gercek-disi\/#primaryimage"},"thumbnailUrl":"https:\/\/haberkuzey.com\/wp-content\/uploads\/2025\/04\/1745242730340disisleri.png","articleSection":["D\u00fcnya"],"inLanguage":"tr","potentialAction":[{"@type":"CommentAction","name":"Comment","target":["https:\/\/haberkuzey.com\/index.php\/2025\/04\/21\/turkiye-disisleri-bakanligi-kktcdeki-bir-haberde-bakanlik-ve-bakan-fidana-dair-iddialar-gercek-disi\/#respond"]}]},{"@type":"WebPage","@id":"https:\/\/haberkuzey.com\/index.php\/2025\/04\/21\/turkiye-disisleri-bakanligi-kktcdeki-bir-haberde-bakanlik-ve-bakan-fidana-dair-iddialar-gercek-disi\/","url":"https:\/\/haberkuzey.com\/index.php\/2025\/04\/21\/turkiye-disisleri-bakanligi-kktcdeki-bir-haberde-bakanlik-ve-bakan-fidana-dair-iddialar-gercek-disi\/","name":"T\u00fcrkiye D\u0131\u015fi\u015fleri Bakanl\u0131\u011f\u0131: KKTC\u2019deki bir haberde Bakanl\u0131k ve Bakan Fidan\u2019a dair iddialar ger\u00e7ek d\u0131\u015f\u0131 - Haber Kuzey","isPartOf":{"@id":"https:\/\/haberkuzey.com\/#website"},"primaryImageOfPage":{"@id":"https:\/\/haberkuzey.com\/index.php\/2025\/04\/21\/turkiye-disisleri-bakanligi-kktcdeki-bir-haberde-bakanlik-ve-bakan-fidana-dair-iddialar-gercek-disi\/#primaryimage"},"image":{"@id":"https:\/\/haberkuzey.com\/index.php\/2025\/04\/21\/turkiye-disisleri-bakanligi-kktcdeki-bir-haberde-bakanlik-ve-bakan-fidana-dair-iddialar-gercek-disi\/#primaryimage"},"thumbnailUrl":"https:\/\/haberkuzey.com\/wp-content\/uploads\/2025\/04\/1745242730340disisleri.png","datePublished":"2025-04-21T16:49:32+00:00","author":{"@id":"https:\/\/haberkuzey.com\/#\/schema\/person\/3372109ec735f9333f4fa47ebb9605ca"},"breadcrumb":{"@id":"https:\/\/haberkuzey.com\/index.php\/2025\/04\/21\/turkiye-disisleri-bakanligi-kktcdeki-bir-haberde-bakanlik-ve-bakan-fidana-dair-iddialar-gercek-disi\/#breadcrumb"},"inLanguage":"tr","potentialAction":[{"@type":"ReadAction","target":["https:\/\/haberkuzey.com\/index.php\/2025\/04\/21\/turkiye-disisleri-bakanligi-kktcdeki-bir-haberde-bakanlik-ve-bakan-fidana-dair-iddialar-gercek-disi\/"]}]},{"@type":"ImageObject","inLanguage":"tr","@id":"https:\/\/haberkuzey.com\/index.php\/2025\/04\/21\/turkiye-disisleri-bakanligi-kktcdeki-bir-haberde-bakanlik-ve-bakan-fidana-dair-iddialar-gercek-disi\/#primaryimage","url":"https:\/\/haberkuzey.com\/wp-content\/uploads\/2025\/04\/1745242730340disisleri.png","contentUrl":"https:\/\/haberkuzey.com\/wp-content\/uploads\/2025\/04\/1745242730340disisleri.png","width":917,"height":505},{"@type":"BreadcrumbList","@id":"https:\/\/haberkuzey.com\/index.php\/2025\/04\/21\/turkiye-disisleri-bakanligi-kktcdeki-bir-haberde-bakanlik-ve-bakan-fidana-dair-iddialar-gercek-disi\/#breadcrumb","itemListElement":[{"@type":"ListItem","position":1,"name":"Anasayfa","item":"https:\/\/haberkuzey.com\/"},{"@type":"ListItem","position":2,"name":"T\u00fcrkiye D\u0131\u015fi\u015fleri Bakanl\u0131\u011f\u0131: KKTC\u2019deki bir haberde Bakanl\u0131k ve Bakan Fidan\u2019a dair iddialar ger\u00e7ek d\u0131\u015f\u0131"}]},{"@type":"WebSite","@id":"https:\/\/haberkuzey.com\/#website","url":"https:\/\/haberkuzey.com\/","name":"Haber Kuzey","description":"Do\u011fru Haberin Adresi","potentialAction":[{"@type":"SearchAction","target":{"@type":"EntryPoint","urlTemplate":"https:\/\/haberkuzey.com\/?s={search_term_string}"},"query-input":{"@type":"PropertyValueSpecification","valueRequired":true,"valueName":"search_term_string"}}],"inLanguage":"tr"},{"@type":"Person","@id":"https:\/\/haberkuzey.com\/#\/schema\/person\/3372109ec735f9333f4fa47ebb9605ca","name":"haberkuzey","image":{"@type":"ImageObject","inLanguage":"tr","@id":"https:\/\/secure.gravatar.com\/avatar\/f5fc875574b1575324358c3b9e6a32b8227aa5b74f3fa22e3cadb63e26fcc39c?s=96&d=mm&r=g","url":"https:\/\/secure.gravatar.com\/avatar\/f5fc875574b1575324358c3b9e6a32b8227aa5b74f3fa22e3cadb63e26fcc39c?s=96&d=mm&r=g","contentUrl":"https:\/\/secure.gravatar.com\/avatar\/f5fc875574b1575324358c3b9e6a32b8227aa5b74f3fa22e3cadb63e26fcc39c?s=96&d=mm&r=g","caption":"haberkuzey"},"sameAs":["https:\/\/haberkuzey.com"],"url":"https:\/\/haberkuzey.com\/index.php\/author\/haberkuzey\/"}]}},"_links":{"self":[{"href":"https:\/\/haberkuzey.com\/index.php\/wp-json\/wp\/v2\/posts\/22384","targetHints":{"allow":["GET"]}}],"collection":[{"href":"https:\/\/haberkuzey.com\/index.php\/wp-json\/wp\/v2\/posts"}],"about":[{"href":"https:\/\/haberkuzey.com\/index.php\/wp-json\/wp\/v2\/types\/post"}],"author":[{"embeddable":true,"href":"https:\/\/haberkuzey.com\/index.php\/wp-json\/wp\/v2\/users\/1"}],"replies":[{"embeddable":true,"href":"https:\/\/haberkuzey.com\/index.php\/wp-json\/wp\/v2\/comments?post=22384"}],"version-history":[{"count":0,"href":"https:\/\/haberkuzey.com\/index.php\/wp-json\/wp\/v2\/posts\/22384\/revisions"}],"wp:featuredmedia":[{"embeddable":true,"href":"https:\/\/haberkuzey.com\/index.php\/wp-json\/wp\/v2\/media\/22385"}],"wp:attachment":[{"href":"https:\/\/haberkuzey.com\/index.php\/wp-json\/wp\/v2\/media?parent=22384"}],"wp:term":[{"taxonomy":"category","embeddable":true,"href":"https:\/\/haberkuzey.com\/index.php\/wp-json\/wp\/v2\/categories?post=22384"},{"taxonomy":"post_tag","embeddable":true,"href":"https:\/\/haberkuzey.com\/index.php\/wp-json\/wp\/v2\/tags?post=22384"}],"curies":[{"name":"wp","href":"https:\/\/api.w.org\/{rel}","templated":true}]}}