{"id":22379,"date":"2025-04-21T19:38:36","date_gmt":"2025-04-21T16:38:36","guid":{"rendered":"https:\/\/haberkuzey.com\/index.php\/2025\/04\/21\/tbmm-baskani-kurtulmus-kktc-turkiyenin-milli-meselesidir\/"},"modified":"2025-04-21T19:38:36","modified_gmt":"2025-04-21T16:38:36","slug":"tbmm-baskani-kurtulmus-kktc-turkiyenin-milli-meselesidir","status":"publish","type":"post","link":"https:\/\/haberkuzey.com\/index.php\/2025\/04\/21\/tbmm-baskani-kurtulmus-kktc-turkiyenin-milli-meselesidir\/","title":{"rendered":"TBMM Ba\u015fkan\u0131 Kurtulmu\u015f: KKTC T\u00fcrkiye\u2019nin milli meselesidir"},"content":{"rendered":"<div>\n<div class=\"mariselle-image-container center\">\n                                            <\/div>\n<p>T\u00fcrkiye B\u00fcy\u00fck Millet Meclisi Ba\u015fkan\u0131 Numan Kurtulmu\u015f, Kuzey K\u0131br\u0131s T\u00fcrk Cumhuriyeti\u2019nin T\u00fcrkiye\u2019nin milli meselesi oldu\u011funu vurgulad\u0131.<\/p>\n<p>\u00a0<\/p>\n<p>Kazakistan Parlamentosu Meclis Ba\u015fkan\u0131 Ko\u015fanov ile g\u00f6r\u00fc\u015fen Kurtulmu\u015f, KKTC\u2019nin T\u00fcrk Devletleri Te\u015fkilat\u0131\u2019n\u0131n faaliyetlerine g\u00f6zlemci \u00fcye s\u0131fat\u0131yla tam kat\u0131l\u0131m\u0131n\u0131 sa\u011flayacak Nah\u00e7\u0131van Anla\u015fmas\u0131n\u0131 Tadil Eden Protokol\u2019\u00fcn, Kazakistan Parlamentosu\u2019ndaki onay s\u00fcrecinin tamamlanmas\u0131n\u0131 arzulad\u0131klar\u0131n\u0131 belirtti.<\/p>\n<p>T\u00fcrkiye B\u00fcy\u00fck Millet Meclisi Ba\u015fkan\u0131 Numan Kurtulmu\u015f, T\u00fcrkiye\u2019ye resmi ziyaret ger\u00e7ekle\u015ftiren Kazakistan Parlamentosu Ba\u015fkan\u0131 Yerlan Ko\u015fanov ile bir araya geldi.<\/p>\n<p>TBMM Ba\u015fkan\u0131 Kurtulmu\u015f g\u00f6r\u00fc\u015fmede yapt\u0131\u011f\u0131 konu\u015fmada, T\u00fcrkiye ve Kazakistan aras\u0131nda varolan i\u015f birli\u011finin her alanda artarak devam etti\u011fini belirterek Kuzey K\u0131br\u0131s T\u00fcrk Cumhuriyeti\u2019nin T\u00fcrk Devletleri Te\u015fkilat\u0131\u2019ndaki g\u00f6zlemci \u00fcyeli\u011fine de\u011findi.<\/p>\n<p>Kuzey K\u0131br\u0131s T\u00fcrk Cumhuriyeti\u2019nin T\u00fcrkiye\u2019nin milli meselesi oldu\u011funu hat\u0131rlatan Kurtulmu\u015f, KKTC\u2019nin T\u00fcrk Devletleri Te\u015fkilat\u0131\u2019n\u0131n faaliyetlerine g\u00f6zlemci \u00fcye s\u0131fat\u0131yla tam kat\u0131l\u0131m\u0131n\u0131 sa\u011flayacak Nah\u00e7\u0131van Anla\u015fmas\u0131n\u0131 Tadil Eden Protokol\u2019\u00fcn, Kazakistan Parlamentosu\u2019ndaki onay s\u00fcrecinin tamamlanmas\u0131n\u0131 arzulad\u0131klar\u0131n\u0131 belirtti.<\/p>\n<p>Kazakistan Parlamentosu Meclis Ba\u015fkan\u0131 Ko\u015fanov ise T\u00fcrkiye\u2019nin, Kazakistan i\u00e7in \u00f6nemli bir stratejik ortak oldu\u011funu belirterek, devlet ba\u015fkanlar\u0131n\u0131n \u00fcst\u00fcn \u00e7abalar\u0131yla \u00fclkeler aras\u0131ndaki dostluk ve karde\u015flik ba\u011flar\u0131n\u0131n her ge\u00e7en g\u00fcn artt\u0131\u011f\u0131n\u0131 belirtti.<\/p>\n<\/p><\/div>\n<p><script async\n                    defer\n                    crossorigin=\"anonymous\"\n                    src=\"https:\/\/connect.facebook.net\/tr_TR\/sdk.js#xfbml=1&#038;version=v3.3\"\n            ><\/script><\/p>\n","protected":false},"excerpt":{"rendered":"<p>T\u00fcrkiye B\u00fcy\u00fck Millet Meclisi Ba\u015fkan\u0131 Numan Kurtulmu\u015f, Kuzey K\u0131br\u0131s T\u00fcrk Cumhuriyeti\u2019nin T\u00fcrkiye\u2019nin milli meselesi oldu\u011funu vurgulad\u0131. \u00a0 Kazakistan Parlamentosu Meclis Ba\u015fkan\u0131 Ko\u015fanov ile g\u00f6r\u00fc\u015fen Kurtulmu\u015f, KKTC\u2019nin T\u00fcrk Devletleri Te\u015fkilat\u0131\u2019n\u0131n faaliyetlerine g\u00f6zlemci \u00fcye s\u0131fat\u0131yla tam kat\u0131l\u0131m\u0131n\u0131 sa\u011flayacak Nah\u00e7\u0131van Anla\u015fmas\u0131n\u0131 Tadil Eden Protokol\u2019\u00fcn, Kazakistan Parlamentosu\u2019ndaki onay s\u00fcrecinin tamamlanmas\u0131n\u0131 arzulad\u0131klar\u0131n\u0131 belirtti. T\u00fcrkiye B\u00fcy\u00fck Millet Meclisi Ba\u015fkan\u0131 Numan Kurtulmu\u015f, [&hellip;]<\/p>\n","protected":false},"author":1,"featured_media":22380,"comment_status":"open","ping_status":"open","sticky":false,"template":"","format":"standard","meta":{"jnews-multi-image_gallery":[],"jnews_single_post":[],"jnews_primary_category":[],"footnotes":""},"categories":[2],"tags":[],"class_list":["post-22379","post","type-post","status-publish","format-standard","has-post-thumbnail","hentry","category-dunya"],"yoast_head":"<!-- This site is optimized with the Yoast SEO plugin v27.5 - https:\/\/yoast.com\/product\/yoast-seo-wordpress\/ -->\n<title>TBMM Ba\u015fkan\u0131 Kurtulmu\u015f: KKTC T\u00fcrkiye\u2019nin milli meselesidir - Haber Kuzey<\/title>\n<meta name=\"robots\" content=\"index, follow, max-snippet:-1, max-image-preview:large, max-video-preview:-1\" \/>\n<link rel=\"canonical\" href=\"https:\/\/haberkuzey.com\/index.php\/2025\/04\/21\/tbmm-baskani-kurtulmus-kktc-turkiyenin-milli-meselesidir\/\" \/>\n<meta property=\"og:locale\" content=\"tr_TR\" \/>\n<meta property=\"og:type\" content=\"article\" \/>\n<meta property=\"og:title\" content=\"TBMM Ba\u015fkan\u0131 Kurtulmu\u015f: KKTC T\u00fcrkiye\u2019nin milli meselesidir - Haber Kuzey\" \/>\n<meta property=\"og:description\" content=\"T\u00fcrkiye B\u00fcy\u00fck Millet Meclisi Ba\u015fkan\u0131 Numan Kurtulmu\u015f, Kuzey K\u0131br\u0131s T\u00fcrk Cumhuriyeti\u2019nin T\u00fcrkiye\u2019nin milli meselesi oldu\u011funu vurgulad\u0131. \u00a0 Kazakistan Parlamentosu Meclis Ba\u015fkan\u0131 Ko\u015fanov ile g\u00f6r\u00fc\u015fen Kurtulmu\u015f, KKTC\u2019nin T\u00fcrk Devletleri Te\u015fkilat\u0131\u2019n\u0131n faaliyetlerine g\u00f6zlemci \u00fcye s\u0131fat\u0131yla tam kat\u0131l\u0131m\u0131n\u0131 sa\u011flayacak Nah\u00e7\u0131van Anla\u015fmas\u0131n\u0131 Tadil Eden Protokol\u2019\u00fcn, Kazakistan Parlamentosu\u2019ndaki onay s\u00fcrecinin tamamlanmas\u0131n\u0131 arzulad\u0131klar\u0131n\u0131 belirtti. T\u00fcrkiye B\u00fcy\u00fck Millet Meclisi Ba\u015fkan\u0131 Numan Kurtulmu\u015f, [&hellip;]\" \/>\n<meta property=\"og:url\" content=\"https:\/\/haberkuzey.com\/index.php\/2025\/04\/21\/tbmm-baskani-kurtulmus-kktc-turkiyenin-milli-meselesidir\/\" \/>\n<meta property=\"og:site_name\" content=\"Haber Kuzey\" \/>\n<meta property=\"article:published_time\" content=\"2025-04-21T16:38:36+00:00\" \/>\n<meta property=\"og:image\" content=\"https:\/\/brtk.net\/wp-content\/uploads\/2024\/10\/01\/numan-kurtulmus-s-1536x1024-2.jpg?ver=a1164e63ca8a9997ce2ff886e4aca1b6\" \/>\n<meta name=\"author\" content=\"haberkuzey\" \/>\n<meta name=\"twitter:card\" content=\"summary_large_image\" \/>\n<meta name=\"twitter:label1\" content=\"Yazan:\" \/>\n\t<meta name=\"twitter:data1\" content=\"haberkuzey\" \/>\n\t<meta name=\"twitter:label2\" content=\"Tahmini okuma s\u00fcresi\" \/>\n\t<meta name=\"twitter:data2\" content=\"1 dakika\" \/>\n<script type=\"application\/ld+json\" class=\"yoast-schema-graph\">{\"@context\":\"https:\\\/\\\/schema.org\",\"@graph\":[{\"@type\":\"Article\",\"@id\":\"https:\\\/\\\/haberkuzey.com\\\/index.php\\\/2025\\\/04\\\/21\\\/tbmm-baskani-kurtulmus-kktc-turkiyenin-milli-meselesidir\\\/#article\",\"isPartOf\":{\"@id\":\"https:\\\/\\\/haberkuzey.com\\\/index.php\\\/2025\\\/04\\\/21\\\/tbmm-baskani-kurtulmus-kktc-turkiyenin-milli-meselesidir\\\/\"},\"author\":{\"name\":\"haberkuzey\",\"@id\":\"https:\\\/\\\/haberkuzey.com\\\/#\\\/schema\\\/person\\\/3372109ec735f9333f4fa47ebb9605ca\"},\"headline\":\"TBMM Ba\u015fkan\u0131 Kurtulmu\u015f: KKTC T\u00fcrkiye\u2019nin milli meselesidir\",\"datePublished\":\"2025-04-21T16:38:36+00:00\",\"mainEntityOfPage\":{\"@id\":\"https:\\\/\\\/haberkuzey.com\\\/index.php\\\/2025\\\/04\\\/21\\\/tbmm-baskani-kurtulmus-kktc-turkiyenin-milli-meselesidir\\\/\"},\"wordCount\":281,\"commentCount\":0,\"image\":{\"@id\":\"https:\\\/\\\/haberkuzey.com\\\/index.php\\\/2025\\\/04\\\/21\\\/tbmm-baskani-kurtulmus-kktc-turkiyenin-milli-meselesidir\\\/#primaryimage\"},\"thumbnailUrl\":\"https:\\\/\\\/haberkuzey.com\\\/wp-content\\\/uploads\\\/2025\\\/04\\\/numan-kurtulmus-s-1536x1024-2.jpg\",\"articleSection\":[\"D\u00fcnya\"],\"inLanguage\":\"tr\",\"potentialAction\":[{\"@type\":\"CommentAction\",\"name\":\"Comment\",\"target\":[\"https:\\\/\\\/haberkuzey.com\\\/index.php\\\/2025\\\/04\\\/21\\\/tbmm-baskani-kurtulmus-kktc-turkiyenin-milli-meselesidir\\\/#respond\"]}]},{\"@type\":\"WebPage\",\"@id\":\"https:\\\/\\\/haberkuzey.com\\\/index.php\\\/2025\\\/04\\\/21\\\/tbmm-baskani-kurtulmus-kktc-turkiyenin-milli-meselesidir\\\/\",\"url\":\"https:\\\/\\\/haberkuzey.com\\\/index.php\\\/2025\\\/04\\\/21\\\/tbmm-baskani-kurtulmus-kktc-turkiyenin-milli-meselesidir\\\/\",\"name\":\"TBMM Ba\u015fkan\u0131 Kurtulmu\u015f: KKTC T\u00fcrkiye\u2019nin milli meselesidir - Haber Kuzey\",\"isPartOf\":{\"@id\":\"https:\\\/\\\/haberkuzey.com\\\/#website\"},\"primaryImageOfPage\":{\"@id\":\"https:\\\/\\\/haberkuzey.com\\\/index.php\\\/2025\\\/04\\\/21\\\/tbmm-baskani-kurtulmus-kktc-turkiyenin-milli-meselesidir\\\/#primaryimage\"},\"image\":{\"@id\":\"https:\\\/\\\/haberkuzey.com\\\/index.php\\\/2025\\\/04\\\/21\\\/tbmm-baskani-kurtulmus-kktc-turkiyenin-milli-meselesidir\\\/#primaryimage\"},\"thumbnailUrl\":\"https:\\\/\\\/haberkuzey.com\\\/wp-content\\\/uploads\\\/2025\\\/04\\\/numan-kurtulmus-s-1536x1024-2.jpg\",\"datePublished\":\"2025-04-21T16:38:36+00:00\",\"author\":{\"@id\":\"https:\\\/\\\/haberkuzey.com\\\/#\\\/schema\\\/person\\\/3372109ec735f9333f4fa47ebb9605ca\"},\"breadcrumb\":{\"@id\":\"https:\\\/\\\/haberkuzey.com\\\/index.php\\\/2025\\\/04\\\/21\\\/tbmm-baskani-kurtulmus-kktc-turkiyenin-milli-meselesidir\\\/#breadcrumb\"},\"inLanguage\":\"tr\",\"potentialAction\":[{\"@type\":\"ReadAction\",\"target\":[\"https:\\\/\\\/haberkuzey.com\\\/index.php\\\/2025\\\/04\\\/21\\\/tbmm-baskani-kurtulmus-kktc-turkiyenin-milli-meselesidir\\\/\"]}]},{\"@type\":\"ImageObject\",\"inLanguage\":\"tr\",\"@id\":\"https:\\\/\\\/haberkuzey.com\\\/index.php\\\/2025\\\/04\\\/21\\\/tbmm-baskani-kurtulmus-kktc-turkiyenin-milli-meselesidir\\\/#primaryimage\",\"url\":\"https:\\\/\\\/haberkuzey.com\\\/wp-content\\\/uploads\\\/2025\\\/04\\\/numan-kurtulmus-s-1536x1024-2.jpg\",\"contentUrl\":\"https:\\\/\\\/haberkuzey.com\\\/wp-content\\\/uploads\\\/2025\\\/04\\\/numan-kurtulmus-s-1536x1024-2.jpg\",\"width\":1536,\"height\":1024},{\"@type\":\"BreadcrumbList\",\"@id\":\"https:\\\/\\\/haberkuzey.com\\\/index.php\\\/2025\\\/04\\\/21\\\/tbmm-baskani-kurtulmus-kktc-turkiyenin-milli-meselesidir\\\/#breadcrumb\",\"itemListElement\":[{\"@type\":\"ListItem\",\"position\":1,\"name\":\"Anasayfa\",\"item\":\"https:\\\/\\\/haberkuzey.com\\\/\"},{\"@type\":\"ListItem\",\"position\":2,\"name\":\"TBMM Ba\u015fkan\u0131 Kurtulmu\u015f: KKTC T\u00fcrkiye\u2019nin milli meselesidir\"}]},{\"@type\":\"WebSite\",\"@id\":\"https:\\\/\\\/haberkuzey.com\\\/#website\",\"url\":\"https:\\\/\\\/haberkuzey.com\\\/\",\"name\":\"Haber Kuzey\",\"description\":\"Do\u011fru Haberin Adresi\",\"potentialAction\":[{\"@type\":\"SearchAction\",\"target\":{\"@type\":\"EntryPoint\",\"urlTemplate\":\"https:\\\/\\\/haberkuzey.com\\\/?s={search_term_string}\"},\"query-input\":{\"@type\":\"PropertyValueSpecification\",\"valueRequired\":true,\"valueName\":\"search_term_string\"}}],\"inLanguage\":\"tr\"},{\"@type\":\"Person\",\"@id\":\"https:\\\/\\\/haberkuzey.com\\\/#\\\/schema\\\/person\\\/3372109ec735f9333f4fa47ebb9605ca\",\"name\":\"haberkuzey\",\"image\":{\"@type\":\"ImageObject\",\"inLanguage\":\"tr\",\"@id\":\"https:\\\/\\\/secure.gravatar.com\\\/avatar\\\/f5fc875574b1575324358c3b9e6a32b8227aa5b74f3fa22e3cadb63e26fcc39c?s=96&d=mm&r=g\",\"url\":\"https:\\\/\\\/secure.gravatar.com\\\/avatar\\\/f5fc875574b1575324358c3b9e6a32b8227aa5b74f3fa22e3cadb63e26fcc39c?s=96&d=mm&r=g\",\"contentUrl\":\"https:\\\/\\\/secure.gravatar.com\\\/avatar\\\/f5fc875574b1575324358c3b9e6a32b8227aa5b74f3fa22e3cadb63e26fcc39c?s=96&d=mm&r=g\",\"caption\":\"haberkuzey\"},\"sameAs\":[\"https:\\\/\\\/haberkuzey.com\"],\"url\":\"https:\\\/\\\/haberkuzey.com\\\/index.php\\\/author\\\/haberkuzey\\\/\"}]}<\/script>\n<!-- \/ Yoast SEO plugin. -->","yoast_head_json":{"title":"TBMM Ba\u015fkan\u0131 Kurtulmu\u015f: KKTC T\u00fcrkiye\u2019nin milli meselesidir - Haber Kuzey","robots":{"index":"index","follow":"follow","max-snippet":"max-snippet:-1","max-image-preview":"max-image-preview:large","max-video-preview":"max-video-preview:-1"},"canonical":"https:\/\/haberkuzey.com\/index.php\/2025\/04\/21\/tbmm-baskani-kurtulmus-kktc-turkiyenin-milli-meselesidir\/","og_locale":"tr_TR","og_type":"article","og_title":"TBMM Ba\u015fkan\u0131 Kurtulmu\u015f: KKTC T\u00fcrkiye\u2019nin milli meselesidir - Haber Kuzey","og_description":"T\u00fcrkiye B\u00fcy\u00fck Millet Meclisi Ba\u015fkan\u0131 Numan Kurtulmu\u015f, Kuzey K\u0131br\u0131s T\u00fcrk Cumhuriyeti\u2019nin T\u00fcrkiye\u2019nin milli meselesi oldu\u011funu vurgulad\u0131. \u00a0 Kazakistan Parlamentosu Meclis Ba\u015fkan\u0131 Ko\u015fanov ile g\u00f6r\u00fc\u015fen Kurtulmu\u015f, KKTC\u2019nin T\u00fcrk Devletleri Te\u015fkilat\u0131\u2019n\u0131n faaliyetlerine g\u00f6zlemci \u00fcye s\u0131fat\u0131yla tam kat\u0131l\u0131m\u0131n\u0131 sa\u011flayacak Nah\u00e7\u0131van Anla\u015fmas\u0131n\u0131 Tadil Eden Protokol\u2019\u00fcn, Kazakistan Parlamentosu\u2019ndaki onay s\u00fcrecinin tamamlanmas\u0131n\u0131 arzulad\u0131klar\u0131n\u0131 belirtti. T\u00fcrkiye B\u00fcy\u00fck Millet Meclisi Ba\u015fkan\u0131 Numan Kurtulmu\u015f, [&hellip;]","og_url":"https:\/\/haberkuzey.com\/index.php\/2025\/04\/21\/tbmm-baskani-kurtulmus-kktc-turkiyenin-milli-meselesidir\/","og_site_name":"Haber Kuzey","article_published_time":"2025-04-21T16:38:36+00:00","og_image":[{"url":"https:\/\/brtk.net\/wp-content\/uploads\/2024\/10\/01\/numan-kurtulmus-s-1536x1024-2.jpg?ver=a1164e63ca8a9997ce2ff886e4aca1b6","type":"","width":"","height":""}],"author":"haberkuzey","twitter_card":"summary_large_image","twitter_misc":{"Yazan:":"haberkuzey","Tahmini okuma s\u00fcresi":"1 dakika"},"schema":{"@context":"https:\/\/schema.org","@graph":[{"@type":"Article","@id":"https:\/\/haberkuzey.com\/index.php\/2025\/04\/21\/tbmm-baskani-kurtulmus-kktc-turkiyenin-milli-meselesidir\/#article","isPartOf":{"@id":"https:\/\/haberkuzey.com\/index.php\/2025\/04\/21\/tbmm-baskani-kurtulmus-kktc-turkiyenin-milli-meselesidir\/"},"author":{"name":"haberkuzey","@id":"https:\/\/haberkuzey.com\/#\/schema\/person\/3372109ec735f9333f4fa47ebb9605ca"},"headline":"TBMM Ba\u015fkan\u0131 Kurtulmu\u015f: KKTC T\u00fcrkiye\u2019nin milli meselesidir","datePublished":"2025-04-21T16:38:36+00:00","mainEntityOfPage":{"@id":"https:\/\/haberkuzey.com\/index.php\/2025\/04\/21\/tbmm-baskani-kurtulmus-kktc-turkiyenin-milli-meselesidir\/"},"wordCount":281,"commentCount":0,"image":{"@id":"https:\/\/haberkuzey.com\/index.php\/2025\/04\/21\/tbmm-baskani-kurtulmus-kktc-turkiyenin-milli-meselesidir\/#primaryimage"},"thumbnailUrl":"https:\/\/haberkuzey.com\/wp-content\/uploads\/2025\/04\/numan-kurtulmus-s-1536x1024-2.jpg","articleSection":["D\u00fcnya"],"inLanguage":"tr","potentialAction":[{"@type":"CommentAction","name":"Comment","target":["https:\/\/haberkuzey.com\/index.php\/2025\/04\/21\/tbmm-baskani-kurtulmus-kktc-turkiyenin-milli-meselesidir\/#respond"]}]},{"@type":"WebPage","@id":"https:\/\/haberkuzey.com\/index.php\/2025\/04\/21\/tbmm-baskani-kurtulmus-kktc-turkiyenin-milli-meselesidir\/","url":"https:\/\/haberkuzey.com\/index.php\/2025\/04\/21\/tbmm-baskani-kurtulmus-kktc-turkiyenin-milli-meselesidir\/","name":"TBMM Ba\u015fkan\u0131 Kurtulmu\u015f: KKTC T\u00fcrkiye\u2019nin milli meselesidir - Haber Kuzey","isPartOf":{"@id":"https:\/\/haberkuzey.com\/#website"},"primaryImageOfPage":{"@id":"https:\/\/haberkuzey.com\/index.php\/2025\/04\/21\/tbmm-baskani-kurtulmus-kktc-turkiyenin-milli-meselesidir\/#primaryimage"},"image":{"@id":"https:\/\/haberkuzey.com\/index.php\/2025\/04\/21\/tbmm-baskani-kurtulmus-kktc-turkiyenin-milli-meselesidir\/#primaryimage"},"thumbnailUrl":"https:\/\/haberkuzey.com\/wp-content\/uploads\/2025\/04\/numan-kurtulmus-s-1536x1024-2.jpg","datePublished":"2025-04-21T16:38:36+00:00","author":{"@id":"https:\/\/haberkuzey.com\/#\/schema\/person\/3372109ec735f9333f4fa47ebb9605ca"},"breadcrumb":{"@id":"https:\/\/haberkuzey.com\/index.php\/2025\/04\/21\/tbmm-baskani-kurtulmus-kktc-turkiyenin-milli-meselesidir\/#breadcrumb"},"inLanguage":"tr","potentialAction":[{"@type":"ReadAction","target":["https:\/\/haberkuzey.com\/index.php\/2025\/04\/21\/tbmm-baskani-kurtulmus-kktc-turkiyenin-milli-meselesidir\/"]}]},{"@type":"ImageObject","inLanguage":"tr","@id":"https:\/\/haberkuzey.com\/index.php\/2025\/04\/21\/tbmm-baskani-kurtulmus-kktc-turkiyenin-milli-meselesidir\/#primaryimage","url":"https:\/\/haberkuzey.com\/wp-content\/uploads\/2025\/04\/numan-kurtulmus-s-1536x1024-2.jpg","contentUrl":"https:\/\/haberkuzey.com\/wp-content\/uploads\/2025\/04\/numan-kurtulmus-s-1536x1024-2.jpg","width":1536,"height":1024},{"@type":"BreadcrumbList","@id":"https:\/\/haberkuzey.com\/index.php\/2025\/04\/21\/tbmm-baskani-kurtulmus-kktc-turkiyenin-milli-meselesidir\/#breadcrumb","itemListElement":[{"@type":"ListItem","position":1,"name":"Anasayfa","item":"https:\/\/haberkuzey.com\/"},{"@type":"ListItem","position":2,"name":"TBMM Ba\u015fkan\u0131 Kurtulmu\u015f: KKTC T\u00fcrkiye\u2019nin milli meselesidir"}]},{"@type":"WebSite","@id":"https:\/\/haberkuzey.com\/#website","url":"https:\/\/haberkuzey.com\/","name":"Haber Kuzey","description":"Do\u011fru Haberin Adresi","potentialAction":[{"@type":"SearchAction","target":{"@type":"EntryPoint","urlTemplate":"https:\/\/haberkuzey.com\/?s={search_term_string}"},"query-input":{"@type":"PropertyValueSpecification","valueRequired":true,"valueName":"search_term_string"}}],"inLanguage":"tr"},{"@type":"Person","@id":"https:\/\/haberkuzey.com\/#\/schema\/person\/3372109ec735f9333f4fa47ebb9605ca","name":"haberkuzey","image":{"@type":"ImageObject","inLanguage":"tr","@id":"https:\/\/secure.gravatar.com\/avatar\/f5fc875574b1575324358c3b9e6a32b8227aa5b74f3fa22e3cadb63e26fcc39c?s=96&d=mm&r=g","url":"https:\/\/secure.gravatar.com\/avatar\/f5fc875574b1575324358c3b9e6a32b8227aa5b74f3fa22e3cadb63e26fcc39c?s=96&d=mm&r=g","contentUrl":"https:\/\/secure.gravatar.com\/avatar\/f5fc875574b1575324358c3b9e6a32b8227aa5b74f3fa22e3cadb63e26fcc39c?s=96&d=mm&r=g","caption":"haberkuzey"},"sameAs":["https:\/\/haberkuzey.com"],"url":"https:\/\/haberkuzey.com\/index.php\/author\/haberkuzey\/"}]}},"_links":{"self":[{"href":"https:\/\/haberkuzey.com\/index.php\/wp-json\/wp\/v2\/posts\/22379","targetHints":{"allow":["GET"]}}],"collection":[{"href":"https:\/\/haberkuzey.com\/index.php\/wp-json\/wp\/v2\/posts"}],"about":[{"href":"https:\/\/haberkuzey.com\/index.php\/wp-json\/wp\/v2\/types\/post"}],"author":[{"embeddable":true,"href":"https:\/\/haberkuzey.com\/index.php\/wp-json\/wp\/v2\/users\/1"}],"replies":[{"embeddable":true,"href":"https:\/\/haberkuzey.com\/index.php\/wp-json\/wp\/v2\/comments?post=22379"}],"version-history":[{"count":0,"href":"https:\/\/haberkuzey.com\/index.php\/wp-json\/wp\/v2\/posts\/22379\/revisions"}],"wp:featuredmedia":[{"embeddable":true,"href":"https:\/\/haberkuzey.com\/index.php\/wp-json\/wp\/v2\/media\/22380"}],"wp:attachment":[{"href":"https:\/\/haberkuzey.com\/index.php\/wp-json\/wp\/v2\/media?parent=22379"}],"wp:term":[{"taxonomy":"category","embeddable":true,"href":"https:\/\/haberkuzey.com\/index.php\/wp-json\/wp\/v2\/categories?post=22379"},{"taxonomy":"post_tag","embeddable":true,"href":"https:\/\/haberkuzey.com\/index.php\/wp-json\/wp\/v2\/tags?post=22379"}],"curies":[{"name":"wp","href":"https:\/\/api.w.org\/{rel}","templated":true}]}}