{"id":22365,"date":"2025-04-21T16:37:49","date_gmt":"2025-04-21T13:37:49","guid":{"rendered":"https:\/\/haberkuzey.com\/index.php\/2025\/04\/21\/tcg-meltem-hucumbotu-ve-burakreis-denizaltisi-kktcye-geliyor-23-nisanda-halkin-ziyaretine-acilacak\/"},"modified":"2025-04-21T16:37:49","modified_gmt":"2025-04-21T13:37:49","slug":"tcg-meltem-hucumbotu-ve-burakreis-denizaltisi-kktcye-geliyor-23-nisanda-halkin-ziyaretine-acilacak","status":"publish","type":"post","link":"https:\/\/haberkuzey.com\/index.php\/2025\/04\/21\/tcg-meltem-hucumbotu-ve-burakreis-denizaltisi-kktcye-geliyor-23-nisanda-halkin-ziyaretine-acilacak\/","title":{"rendered":"TCG Meltem H\u00fccumbotu ve Burakreis Denizalt\u0131s\u0131 KKTC\u2019ye geliyor\u2026 23 Nisan\u2019da halk\u0131n ziyaretine a\u00e7\u0131lacak"},"content":{"rendered":"<div>\n<div class=\"mariselle-image-container center\">\n                                            <\/div>\n<p>\n23 Nisan Ulusal Egemenlik ve \u00c7ocuk Bayram\u0131 dolay\u0131s\u0131yla T\u00fcrk Deniz Kuvvetleri Komutanl\u0131\u011f\u0131 muharip unsurlar\u0131ndan TCG Meltem H\u00fccumbotu (P-334) ve TCG Burakreis Denizalt\u0131s\u0131 (S-359) KKTC\u2019ye geliyor.<\/p>\n<div class=\"mariselle-image-container center\">\n                <img decoding=\"async\" width=\"986\" height=\"491\" class=\"lazy-image\" alt=\"\" sizes=\"(max-width: 986px) 100vw, 986px\" src=\"https:\/\/brtk.net\/wp-content\/uploads\/2025\/04\/21\/1745240497690SAVAS-GEMILERI-2.jpg?ver=8feb4e987719261b7e25653169fbc337\" srcset=\"https:\/\/brtk.net\/wp-content\/uploads\/2025\/04\/21\/1745240497690SAVAS-GEMILERI-2.jpg?ver=8feb4e987719261b7e25653169fbc337 986w, https:\/\/brtk.net\/wp-content\/uploads\/2025\/04\/21\/1745240497690SAVAS-GEMILERI-2-300x149.jpg?ver=9fe290784ba92e161cc94d8964527810 300w, https:\/\/brtk.net\/wp-content\/uploads\/2025\/04\/21\/1745240497690SAVAS-GEMILERI-2-768x382.jpg?ver=9fe290784ba92e161cc94d8964527810 768w, https:\/\/brtk.net\/wp-content\/uploads\/2025\/04\/21\/1745240497690SAVAS-GEMILERI-2-720x360.jpg?ver=9fe290784ba92e161cc94d8964527810 720w\"\/>                            <\/div>\n<p>G\u00fcvenlik Kuvvetleri Komutanl\u0131\u011f\u0131\u2019ndan verilen bilgiye g\u00f6re, 23 Nisan\u2019da 10.00-12.00 ve 14.00-17.00 saatleri aras\u0131nda TCG Burakreis Denizalt\u0131s\u0131 (S-359) Girne Turizm Liman\u0131\u2019nda, TCG Meltem H\u00fccumbotu (P-334) ise Gazima\u011fusa Ticari Liman\u0131\u2019nda halk\u0131n ziyaretine a\u00e7\u0131lacak.<\/p>\n<\/p><\/div>\n<p><script async\n                    defer\n                    crossorigin=\"anonymous\"\n                    src=\"https:\/\/connect.facebook.net\/tr_TR\/sdk.js#xfbml=1&#038;version=v3.3\"\n            ><\/script><\/p>\n","protected":false},"excerpt":{"rendered":"<p>23 Nisan Ulusal Egemenlik ve \u00c7ocuk Bayram\u0131 dolay\u0131s\u0131yla T\u00fcrk Deniz Kuvvetleri Komutanl\u0131\u011f\u0131 muharip unsurlar\u0131ndan TCG Meltem H\u00fccumbotu (P-334) ve TCG Burakreis Denizalt\u0131s\u0131 (S-359) KKTC\u2019ye geliyor. G\u00fcvenlik Kuvvetleri Komutanl\u0131\u011f\u0131\u2019ndan verilen bilgiye g\u00f6re, 23 Nisan\u2019da 10.00-12.00 ve 14.00-17.00 saatleri aras\u0131nda TCG Burakreis Denizalt\u0131s\u0131 (S-359) Girne Turizm Liman\u0131\u2019nda, TCG Meltem H\u00fccumbotu (P-334) ise Gazima\u011fusa Ticari Liman\u0131\u2019nda halk\u0131n ziyaretine [&hellip;]<\/p>\n","protected":false},"author":1,"featured_media":22366,"comment_status":"open","ping_status":"open","sticky":false,"template":"","format":"standard","meta":{"jnews-multi-image_gallery":[],"jnews_single_post":[],"jnews_primary_category":[],"footnotes":""},"categories":[2],"tags":[],"class_list":["post-22365","post","type-post","status-publish","format-standard","has-post-thumbnail","hentry","category-dunya"],"yoast_head":"<!-- This site is optimized with the Yoast SEO plugin v27.5 - https:\/\/yoast.com\/product\/yoast-seo-wordpress\/ -->\n<title>TCG Meltem H\u00fccumbotu ve Burakreis Denizalt\u0131s\u0131 KKTC\u2019ye geliyor\u2026 23 Nisan\u2019da halk\u0131n ziyaretine a\u00e7\u0131lacak - Haber Kuzey<\/title>\n<meta name=\"robots\" content=\"index, follow, max-snippet:-1, max-image-preview:large, max-video-preview:-1\" \/>\n<link rel=\"canonical\" href=\"https:\/\/haberkuzey.com\/index.php\/2025\/04\/21\/tcg-meltem-hucumbotu-ve-burakreis-denizaltisi-kktcye-geliyor-23-nisanda-halkin-ziyaretine-acilacak\/\" \/>\n<meta property=\"og:locale\" content=\"tr_TR\" \/>\n<meta property=\"og:type\" content=\"article\" \/>\n<meta property=\"og:title\" content=\"TCG Meltem H\u00fccumbotu ve Burakreis Denizalt\u0131s\u0131 KKTC\u2019ye geliyor\u2026 23 Nisan\u2019da halk\u0131n ziyaretine a\u00e7\u0131lacak - Haber Kuzey\" \/>\n<meta property=\"og:description\" content=\"23 Nisan Ulusal Egemenlik ve \u00c7ocuk Bayram\u0131 dolay\u0131s\u0131yla T\u00fcrk Deniz Kuvvetleri Komutanl\u0131\u011f\u0131 muharip unsurlar\u0131ndan TCG Meltem H\u00fccumbotu (P-334) ve TCG Burakreis Denizalt\u0131s\u0131 (S-359) KKTC\u2019ye geliyor. G\u00fcvenlik Kuvvetleri Komutanl\u0131\u011f\u0131\u2019ndan verilen bilgiye g\u00f6re, 23 Nisan\u2019da 10.00-12.00 ve 14.00-17.00 saatleri aras\u0131nda TCG Burakreis Denizalt\u0131s\u0131 (S-359) Girne Turizm Liman\u0131\u2019nda, TCG Meltem H\u00fccumbotu (P-334) ise Gazima\u011fusa Ticari Liman\u0131\u2019nda halk\u0131n ziyaretine [&hellip;]\" \/>\n<meta property=\"og:url\" content=\"https:\/\/haberkuzey.com\/index.php\/2025\/04\/21\/tcg-meltem-hucumbotu-ve-burakreis-denizaltisi-kktcye-geliyor-23-nisanda-halkin-ziyaretine-acilacak\/\" \/>\n<meta property=\"og:site_name\" content=\"Haber Kuzey\" \/>\n<meta property=\"article:published_time\" content=\"2025-04-21T13:37:49+00:00\" \/>\n<meta property=\"og:image\" content=\"https:\/\/brtk.net\/wp-content\/uploads\/2025\/04\/21\/1745240497689SAVAS-GEMILERI-1.jpg?ver=8b56e9babac19d71a34c0ea9d0de6e8a\" \/>\n<meta name=\"author\" content=\"haberkuzey\" \/>\n<meta name=\"twitter:card\" content=\"summary_large_image\" \/>\n<meta name=\"twitter:label1\" content=\"Yazan:\" \/>\n\t<meta name=\"twitter:data1\" content=\"haberkuzey\" \/>\n<script type=\"application\/ld+json\" class=\"yoast-schema-graph\">{\"@context\":\"https:\\\/\\\/schema.org\",\"@graph\":[{\"@type\":\"Article\",\"@id\":\"https:\\\/\\\/haberkuzey.com\\\/index.php\\\/2025\\\/04\\\/21\\\/tcg-meltem-hucumbotu-ve-burakreis-denizaltisi-kktcye-geliyor-23-nisanda-halkin-ziyaretine-acilacak\\\/#article\",\"isPartOf\":{\"@id\":\"https:\\\/\\\/haberkuzey.com\\\/index.php\\\/2025\\\/04\\\/21\\\/tcg-meltem-hucumbotu-ve-burakreis-denizaltisi-kktcye-geliyor-23-nisanda-halkin-ziyaretine-acilacak\\\/\"},\"author\":{\"name\":\"haberkuzey\",\"@id\":\"https:\\\/\\\/haberkuzey.com\\\/#\\\/schema\\\/person\\\/3372109ec735f9333f4fa47ebb9605ca\"},\"headline\":\"TCG Meltem H\u00fccumbotu ve Burakreis Denizalt\u0131s\u0131 KKTC\u2019ye geliyor\u2026 23 Nisan\u2019da halk\u0131n ziyaretine a\u00e7\u0131lacak\",\"datePublished\":\"2025-04-21T13:37:49+00:00\",\"mainEntityOfPage\":{\"@id\":\"https:\\\/\\\/haberkuzey.com\\\/index.php\\\/2025\\\/04\\\/21\\\/tcg-meltem-hucumbotu-ve-burakreis-denizaltisi-kktcye-geliyor-23-nisanda-halkin-ziyaretine-acilacak\\\/\"},\"wordCount\":91,\"commentCount\":0,\"image\":{\"@id\":\"https:\\\/\\\/haberkuzey.com\\\/index.php\\\/2025\\\/04\\\/21\\\/tcg-meltem-hucumbotu-ve-burakreis-denizaltisi-kktcye-geliyor-23-nisanda-halkin-ziyaretine-acilacak\\\/#primaryimage\"},\"thumbnailUrl\":\"https:\\\/\\\/haberkuzey.com\\\/wp-content\\\/uploads\\\/2025\\\/04\\\/1745240497689SAVAS-GEMILERI-1.jpg\",\"articleSection\":[\"D\u00fcnya\"],\"inLanguage\":\"tr\",\"potentialAction\":[{\"@type\":\"CommentAction\",\"name\":\"Comment\",\"target\":[\"https:\\\/\\\/haberkuzey.com\\\/index.php\\\/2025\\\/04\\\/21\\\/tcg-meltem-hucumbotu-ve-burakreis-denizaltisi-kktcye-geliyor-23-nisanda-halkin-ziyaretine-acilacak\\\/#respond\"]}]},{\"@type\":\"WebPage\",\"@id\":\"https:\\\/\\\/haberkuzey.com\\\/index.php\\\/2025\\\/04\\\/21\\\/tcg-meltem-hucumbotu-ve-burakreis-denizaltisi-kktcye-geliyor-23-nisanda-halkin-ziyaretine-acilacak\\\/\",\"url\":\"https:\\\/\\\/haberkuzey.com\\\/index.php\\\/2025\\\/04\\\/21\\\/tcg-meltem-hucumbotu-ve-burakreis-denizaltisi-kktcye-geliyor-23-nisanda-halkin-ziyaretine-acilacak\\\/\",\"name\":\"TCG Meltem H\u00fccumbotu ve Burakreis Denizalt\u0131s\u0131 KKTC\u2019ye geliyor\u2026 23 Nisan\u2019da halk\u0131n ziyaretine a\u00e7\u0131lacak - Haber Kuzey\",\"isPartOf\":{\"@id\":\"https:\\\/\\\/haberkuzey.com\\\/#website\"},\"primaryImageOfPage\":{\"@id\":\"https:\\\/\\\/haberkuzey.com\\\/index.php\\\/2025\\\/04\\\/21\\\/tcg-meltem-hucumbotu-ve-burakreis-denizaltisi-kktcye-geliyor-23-nisanda-halkin-ziyaretine-acilacak\\\/#primaryimage\"},\"image\":{\"@id\":\"https:\\\/\\\/haberkuzey.com\\\/index.php\\\/2025\\\/04\\\/21\\\/tcg-meltem-hucumbotu-ve-burakreis-denizaltisi-kktcye-geliyor-23-nisanda-halkin-ziyaretine-acilacak\\\/#primaryimage\"},\"thumbnailUrl\":\"https:\\\/\\\/haberkuzey.com\\\/wp-content\\\/uploads\\\/2025\\\/04\\\/1745240497689SAVAS-GEMILERI-1.jpg\",\"datePublished\":\"2025-04-21T13:37:49+00:00\",\"author\":{\"@id\":\"https:\\\/\\\/haberkuzey.com\\\/#\\\/schema\\\/person\\\/3372109ec735f9333f4fa47ebb9605ca\"},\"breadcrumb\":{\"@id\":\"https:\\\/\\\/haberkuzey.com\\\/index.php\\\/2025\\\/04\\\/21\\\/tcg-meltem-hucumbotu-ve-burakreis-denizaltisi-kktcye-geliyor-23-nisanda-halkin-ziyaretine-acilacak\\\/#breadcrumb\"},\"inLanguage\":\"tr\",\"potentialAction\":[{\"@type\":\"ReadAction\",\"target\":[\"https:\\\/\\\/haberkuzey.com\\\/index.php\\\/2025\\\/04\\\/21\\\/tcg-meltem-hucumbotu-ve-burakreis-denizaltisi-kktcye-geliyor-23-nisanda-halkin-ziyaretine-acilacak\\\/\"]}]},{\"@type\":\"ImageObject\",\"inLanguage\":\"tr\",\"@id\":\"https:\\\/\\\/haberkuzey.com\\\/index.php\\\/2025\\\/04\\\/21\\\/tcg-meltem-hucumbotu-ve-burakreis-denizaltisi-kktcye-geliyor-23-nisanda-halkin-ziyaretine-acilacak\\\/#primaryimage\",\"url\":\"https:\\\/\\\/haberkuzey.com\\\/wp-content\\\/uploads\\\/2025\\\/04\\\/1745240497689SAVAS-GEMILERI-1.jpg\",\"contentUrl\":\"https:\\\/\\\/haberkuzey.com\\\/wp-content\\\/uploads\\\/2025\\\/04\\\/1745240497689SAVAS-GEMILERI-1.jpg\",\"width\":1280,\"height\":778},{\"@type\":\"BreadcrumbList\",\"@id\":\"https:\\\/\\\/haberkuzey.com\\\/index.php\\\/2025\\\/04\\\/21\\\/tcg-meltem-hucumbotu-ve-burakreis-denizaltisi-kktcye-geliyor-23-nisanda-halkin-ziyaretine-acilacak\\\/#breadcrumb\",\"itemListElement\":[{\"@type\":\"ListItem\",\"position\":1,\"name\":\"Anasayfa\",\"item\":\"https:\\\/\\\/haberkuzey.com\\\/\"},{\"@type\":\"ListItem\",\"position\":2,\"name\":\"TCG Meltem H\u00fccumbotu ve Burakreis Denizalt\u0131s\u0131 KKTC\u2019ye geliyor\u2026 23 Nisan\u2019da halk\u0131n ziyaretine a\u00e7\u0131lacak\"}]},{\"@type\":\"WebSite\",\"@id\":\"https:\\\/\\\/haberkuzey.com\\\/#website\",\"url\":\"https:\\\/\\\/haberkuzey.com\\\/\",\"name\":\"Haber Kuzey\",\"description\":\"Do\u011fru Haberin Adresi\",\"potentialAction\":[{\"@type\":\"SearchAction\",\"target\":{\"@type\":\"EntryPoint\",\"urlTemplate\":\"https:\\\/\\\/haberkuzey.com\\\/?s={search_term_string}\"},\"query-input\":{\"@type\":\"PropertyValueSpecification\",\"valueRequired\":true,\"valueName\":\"search_term_string\"}}],\"inLanguage\":\"tr\"},{\"@type\":\"Person\",\"@id\":\"https:\\\/\\\/haberkuzey.com\\\/#\\\/schema\\\/person\\\/3372109ec735f9333f4fa47ebb9605ca\",\"name\":\"haberkuzey\",\"image\":{\"@type\":\"ImageObject\",\"inLanguage\":\"tr\",\"@id\":\"https:\\\/\\\/secure.gravatar.com\\\/avatar\\\/f5fc875574b1575324358c3b9e6a32b8227aa5b74f3fa22e3cadb63e26fcc39c?s=96&d=mm&r=g\",\"url\":\"https:\\\/\\\/secure.gravatar.com\\\/avatar\\\/f5fc875574b1575324358c3b9e6a32b8227aa5b74f3fa22e3cadb63e26fcc39c?s=96&d=mm&r=g\",\"contentUrl\":\"https:\\\/\\\/secure.gravatar.com\\\/avatar\\\/f5fc875574b1575324358c3b9e6a32b8227aa5b74f3fa22e3cadb63e26fcc39c?s=96&d=mm&r=g\",\"caption\":\"haberkuzey\"},\"sameAs\":[\"https:\\\/\\\/haberkuzey.com\"],\"url\":\"https:\\\/\\\/haberkuzey.com\\\/index.php\\\/author\\\/haberkuzey\\\/\"}]}<\/script>\n<!-- \/ Yoast SEO plugin. -->","yoast_head_json":{"title":"TCG Meltem H\u00fccumbotu ve Burakreis Denizalt\u0131s\u0131 KKTC\u2019ye geliyor\u2026 23 Nisan\u2019da halk\u0131n ziyaretine a\u00e7\u0131lacak - Haber Kuzey","robots":{"index":"index","follow":"follow","max-snippet":"max-snippet:-1","max-image-preview":"max-image-preview:large","max-video-preview":"max-video-preview:-1"},"canonical":"https:\/\/haberkuzey.com\/index.php\/2025\/04\/21\/tcg-meltem-hucumbotu-ve-burakreis-denizaltisi-kktcye-geliyor-23-nisanda-halkin-ziyaretine-acilacak\/","og_locale":"tr_TR","og_type":"article","og_title":"TCG Meltem H\u00fccumbotu ve Burakreis Denizalt\u0131s\u0131 KKTC\u2019ye geliyor\u2026 23 Nisan\u2019da halk\u0131n ziyaretine a\u00e7\u0131lacak - Haber Kuzey","og_description":"23 Nisan Ulusal Egemenlik ve \u00c7ocuk Bayram\u0131 dolay\u0131s\u0131yla T\u00fcrk Deniz Kuvvetleri Komutanl\u0131\u011f\u0131 muharip unsurlar\u0131ndan TCG Meltem H\u00fccumbotu (P-334) ve TCG Burakreis Denizalt\u0131s\u0131 (S-359) KKTC\u2019ye geliyor. G\u00fcvenlik Kuvvetleri Komutanl\u0131\u011f\u0131\u2019ndan verilen bilgiye g\u00f6re, 23 Nisan\u2019da 10.00-12.00 ve 14.00-17.00 saatleri aras\u0131nda TCG Burakreis Denizalt\u0131s\u0131 (S-359) Girne Turizm Liman\u0131\u2019nda, TCG Meltem H\u00fccumbotu (P-334) ise Gazima\u011fusa Ticari Liman\u0131\u2019nda halk\u0131n ziyaretine [&hellip;]","og_url":"https:\/\/haberkuzey.com\/index.php\/2025\/04\/21\/tcg-meltem-hucumbotu-ve-burakreis-denizaltisi-kktcye-geliyor-23-nisanda-halkin-ziyaretine-acilacak\/","og_site_name":"Haber Kuzey","article_published_time":"2025-04-21T13:37:49+00:00","og_image":[{"url":"https:\/\/brtk.net\/wp-content\/uploads\/2025\/04\/21\/1745240497689SAVAS-GEMILERI-1.jpg?ver=8b56e9babac19d71a34c0ea9d0de6e8a","type":"","width":"","height":""}],"author":"haberkuzey","twitter_card":"summary_large_image","twitter_misc":{"Yazan:":"haberkuzey"},"schema":{"@context":"https:\/\/schema.org","@graph":[{"@type":"Article","@id":"https:\/\/haberkuzey.com\/index.php\/2025\/04\/21\/tcg-meltem-hucumbotu-ve-burakreis-denizaltisi-kktcye-geliyor-23-nisanda-halkin-ziyaretine-acilacak\/#article","isPartOf":{"@id":"https:\/\/haberkuzey.com\/index.php\/2025\/04\/21\/tcg-meltem-hucumbotu-ve-burakreis-denizaltisi-kktcye-geliyor-23-nisanda-halkin-ziyaretine-acilacak\/"},"author":{"name":"haberkuzey","@id":"https:\/\/haberkuzey.com\/#\/schema\/person\/3372109ec735f9333f4fa47ebb9605ca"},"headline":"TCG Meltem H\u00fccumbotu ve Burakreis Denizalt\u0131s\u0131 KKTC\u2019ye geliyor\u2026 23 Nisan\u2019da halk\u0131n ziyaretine a\u00e7\u0131lacak","datePublished":"2025-04-21T13:37:49+00:00","mainEntityOfPage":{"@id":"https:\/\/haberkuzey.com\/index.php\/2025\/04\/21\/tcg-meltem-hucumbotu-ve-burakreis-denizaltisi-kktcye-geliyor-23-nisanda-halkin-ziyaretine-acilacak\/"},"wordCount":91,"commentCount":0,"image":{"@id":"https:\/\/haberkuzey.com\/index.php\/2025\/04\/21\/tcg-meltem-hucumbotu-ve-burakreis-denizaltisi-kktcye-geliyor-23-nisanda-halkin-ziyaretine-acilacak\/#primaryimage"},"thumbnailUrl":"https:\/\/haberkuzey.com\/wp-content\/uploads\/2025\/04\/1745240497689SAVAS-GEMILERI-1.jpg","articleSection":["D\u00fcnya"],"inLanguage":"tr","potentialAction":[{"@type":"CommentAction","name":"Comment","target":["https:\/\/haberkuzey.com\/index.php\/2025\/04\/21\/tcg-meltem-hucumbotu-ve-burakreis-denizaltisi-kktcye-geliyor-23-nisanda-halkin-ziyaretine-acilacak\/#respond"]}]},{"@type":"WebPage","@id":"https:\/\/haberkuzey.com\/index.php\/2025\/04\/21\/tcg-meltem-hucumbotu-ve-burakreis-denizaltisi-kktcye-geliyor-23-nisanda-halkin-ziyaretine-acilacak\/","url":"https:\/\/haberkuzey.com\/index.php\/2025\/04\/21\/tcg-meltem-hucumbotu-ve-burakreis-denizaltisi-kktcye-geliyor-23-nisanda-halkin-ziyaretine-acilacak\/","name":"TCG Meltem H\u00fccumbotu ve Burakreis Denizalt\u0131s\u0131 KKTC\u2019ye geliyor\u2026 23 Nisan\u2019da halk\u0131n ziyaretine a\u00e7\u0131lacak - Haber Kuzey","isPartOf":{"@id":"https:\/\/haberkuzey.com\/#website"},"primaryImageOfPage":{"@id":"https:\/\/haberkuzey.com\/index.php\/2025\/04\/21\/tcg-meltem-hucumbotu-ve-burakreis-denizaltisi-kktcye-geliyor-23-nisanda-halkin-ziyaretine-acilacak\/#primaryimage"},"image":{"@id":"https:\/\/haberkuzey.com\/index.php\/2025\/04\/21\/tcg-meltem-hucumbotu-ve-burakreis-denizaltisi-kktcye-geliyor-23-nisanda-halkin-ziyaretine-acilacak\/#primaryimage"},"thumbnailUrl":"https:\/\/haberkuzey.com\/wp-content\/uploads\/2025\/04\/1745240497689SAVAS-GEMILERI-1.jpg","datePublished":"2025-04-21T13:37:49+00:00","author":{"@id":"https:\/\/haberkuzey.com\/#\/schema\/person\/3372109ec735f9333f4fa47ebb9605ca"},"breadcrumb":{"@id":"https:\/\/haberkuzey.com\/index.php\/2025\/04\/21\/tcg-meltem-hucumbotu-ve-burakreis-denizaltisi-kktcye-geliyor-23-nisanda-halkin-ziyaretine-acilacak\/#breadcrumb"},"inLanguage":"tr","potentialAction":[{"@type":"ReadAction","target":["https:\/\/haberkuzey.com\/index.php\/2025\/04\/21\/tcg-meltem-hucumbotu-ve-burakreis-denizaltisi-kktcye-geliyor-23-nisanda-halkin-ziyaretine-acilacak\/"]}]},{"@type":"ImageObject","inLanguage":"tr","@id":"https:\/\/haberkuzey.com\/index.php\/2025\/04\/21\/tcg-meltem-hucumbotu-ve-burakreis-denizaltisi-kktcye-geliyor-23-nisanda-halkin-ziyaretine-acilacak\/#primaryimage","url":"https:\/\/haberkuzey.com\/wp-content\/uploads\/2025\/04\/1745240497689SAVAS-GEMILERI-1.jpg","contentUrl":"https:\/\/haberkuzey.com\/wp-content\/uploads\/2025\/04\/1745240497689SAVAS-GEMILERI-1.jpg","width":1280,"height":778},{"@type":"BreadcrumbList","@id":"https:\/\/haberkuzey.com\/index.php\/2025\/04\/21\/tcg-meltem-hucumbotu-ve-burakreis-denizaltisi-kktcye-geliyor-23-nisanda-halkin-ziyaretine-acilacak\/#breadcrumb","itemListElement":[{"@type":"ListItem","position":1,"name":"Anasayfa","item":"https:\/\/haberkuzey.com\/"},{"@type":"ListItem","position":2,"name":"TCG Meltem H\u00fccumbotu ve Burakreis Denizalt\u0131s\u0131 KKTC\u2019ye geliyor\u2026 23 Nisan\u2019da halk\u0131n ziyaretine a\u00e7\u0131lacak"}]},{"@type":"WebSite","@id":"https:\/\/haberkuzey.com\/#website","url":"https:\/\/haberkuzey.com\/","name":"Haber Kuzey","description":"Do\u011fru Haberin Adresi","potentialAction":[{"@type":"SearchAction","target":{"@type":"EntryPoint","urlTemplate":"https:\/\/haberkuzey.com\/?s={search_term_string}"},"query-input":{"@type":"PropertyValueSpecification","valueRequired":true,"valueName":"search_term_string"}}],"inLanguage":"tr"},{"@type":"Person","@id":"https:\/\/haberkuzey.com\/#\/schema\/person\/3372109ec735f9333f4fa47ebb9605ca","name":"haberkuzey","image":{"@type":"ImageObject","inLanguage":"tr","@id":"https:\/\/secure.gravatar.com\/avatar\/f5fc875574b1575324358c3b9e6a32b8227aa5b74f3fa22e3cadb63e26fcc39c?s=96&d=mm&r=g","url":"https:\/\/secure.gravatar.com\/avatar\/f5fc875574b1575324358c3b9e6a32b8227aa5b74f3fa22e3cadb63e26fcc39c?s=96&d=mm&r=g","contentUrl":"https:\/\/secure.gravatar.com\/avatar\/f5fc875574b1575324358c3b9e6a32b8227aa5b74f3fa22e3cadb63e26fcc39c?s=96&d=mm&r=g","caption":"haberkuzey"},"sameAs":["https:\/\/haberkuzey.com"],"url":"https:\/\/haberkuzey.com\/index.php\/author\/haberkuzey\/"}]}},"_links":{"self":[{"href":"https:\/\/haberkuzey.com\/index.php\/wp-json\/wp\/v2\/posts\/22365","targetHints":{"allow":["GET"]}}],"collection":[{"href":"https:\/\/haberkuzey.com\/index.php\/wp-json\/wp\/v2\/posts"}],"about":[{"href":"https:\/\/haberkuzey.com\/index.php\/wp-json\/wp\/v2\/types\/post"}],"author":[{"embeddable":true,"href":"https:\/\/haberkuzey.com\/index.php\/wp-json\/wp\/v2\/users\/1"}],"replies":[{"embeddable":true,"href":"https:\/\/haberkuzey.com\/index.php\/wp-json\/wp\/v2\/comments?post=22365"}],"version-history":[{"count":0,"href":"https:\/\/haberkuzey.com\/index.php\/wp-json\/wp\/v2\/posts\/22365\/revisions"}],"wp:featuredmedia":[{"embeddable":true,"href":"https:\/\/haberkuzey.com\/index.php\/wp-json\/wp\/v2\/media\/22366"}],"wp:attachment":[{"href":"https:\/\/haberkuzey.com\/index.php\/wp-json\/wp\/v2\/media?parent=22365"}],"wp:term":[{"taxonomy":"category","embeddable":true,"href":"https:\/\/haberkuzey.com\/index.php\/wp-json\/wp\/v2\/categories?post=22365"},{"taxonomy":"post_tag","embeddable":true,"href":"https:\/\/haberkuzey.com\/index.php\/wp-json\/wp\/v2\/tags?post=22365"}],"curies":[{"name":"wp","href":"https:\/\/api.w.org\/{rel}","templated":true}]}}