{"id":22265,"date":"2025-04-19T20:40:36","date_gmt":"2025-04-19T17:40:36","guid":{"rendered":"https:\/\/haberkuzey.com\/index.php\/2025\/04\/19\/tc-dmmden-turkiyenin-lefkosa-buyukelciligindeki-gorev-degisimiyle-ilgili-bazi-haberlere-iliskin-aciklama\/"},"modified":"2025-04-19T20:40:36","modified_gmt":"2025-04-19T17:40:36","slug":"tc-dmmden-turkiyenin-lefkosa-buyukelciligindeki-gorev-degisimiyle-ilgili-bazi-haberlere-iliskin-aciklama","status":"publish","type":"post","link":"https:\/\/haberkuzey.com\/index.php\/2025\/04\/19\/tc-dmmden-turkiyenin-lefkosa-buyukelciligindeki-gorev-degisimiyle-ilgili-bazi-haberlere-iliskin-aciklama\/","title":{"rendered":"TC DMM\u2019den T\u00fcrkiye\u2019nin Lefko\u015fa B\u00fcy\u00fckel\u00e7ili\u011findeki g\u00f6rev de\u011fi\u015fimiyle ilgili baz\u0131 haberlere ili\u015fkin a\u00e7\u0131klama"},"content":{"rendered":"<div>\n<div class=\"mariselle-image-container center\">\n                                            <\/div>\n<p>TC Cumhurba\u015fkanl\u0131\u011f\u0131 \u0130leti\u015fim Ba\u015fkanl\u0131\u011f\u0131 Dezenformasyonla M\u00fccadele Merkezi (DMM), T\u00fcrkiye\u2019nin Lefko\u015fa B\u00fcy\u00fckel\u00e7ili\u011fi g\u00f6rev de\u011fi\u015fimi ile ilgili manip\u00fclatif haberlerin kurguland\u0131\u011f\u0131n\u0131n tespit edildi\u011fini, haberlerdeki s\u00f6zde diyalog ve iddialar\u0131n tamam\u0131n\u0131n ger\u00e7ek d\u0131\u015f\u0131 oldu\u011funu bildirdi.<\/p>\n<p>DMM\u2019nin sosyal medya hesab\u0131ndan yap\u0131lan a\u00e7\u0131klamada, \u201cT\u00fcrkiye\u2019nin Lefko\u015fa B\u00fcy\u00fckel\u00e7ili\u011fi g\u00f6rev de\u011fi\u015fimi ile ilgili manip\u00fclatif haberler kurguland\u0131\u011f\u0131 tespit edilmi\u015ftir. Say\u0131n Cumhurba\u015fkan\u0131\u2019m\u0131z Recep Tayyip Erdo\u011fan ve D\u0131\u015fi\u015fleri Bakan\u0131 Hakan Fidan\u2019\u0131n isimlerinin de ge\u00e7ti\u011fi haberlerdeki s\u00f6zde diyalog ve iddialar\u0131n tamam\u0131 hayal \u00fcr\u00fcn\u00fcd\u00fcr. As\u0131ls\u0131z iddialara itibar etmeyiniz.\u201d ifadelerine yer verildi.<\/p>\n<\/p><\/div>\n<p><script async\n                    defer\n                    crossorigin=\"anonymous\"\n                    src=\"https:\/\/connect.facebook.net\/tr_TR\/sdk.js#xfbml=1&#038;version=v3.3\"\n            ><\/script><\/p>\n","protected":false},"excerpt":{"rendered":"<p>TC Cumhurba\u015fkanl\u0131\u011f\u0131 \u0130leti\u015fim Ba\u015fkanl\u0131\u011f\u0131 Dezenformasyonla M\u00fccadele Merkezi (DMM), T\u00fcrkiye\u2019nin Lefko\u015fa B\u00fcy\u00fckel\u00e7ili\u011fi g\u00f6rev de\u011fi\u015fimi ile ilgili manip\u00fclatif haberlerin kurguland\u0131\u011f\u0131n\u0131n tespit edildi\u011fini, haberlerdeki s\u00f6zde diyalog ve iddialar\u0131n tamam\u0131n\u0131n ger\u00e7ek d\u0131\u015f\u0131 oldu\u011funu bildirdi. DMM\u2019nin sosyal medya hesab\u0131ndan yap\u0131lan a\u00e7\u0131klamada, \u201cT\u00fcrkiye\u2019nin Lefko\u015fa B\u00fcy\u00fckel\u00e7ili\u011fi g\u00f6rev de\u011fi\u015fimi ile ilgili manip\u00fclatif haberler kurguland\u0131\u011f\u0131 tespit edilmi\u015ftir. Say\u0131n Cumhurba\u015fkan\u0131\u2019m\u0131z Recep Tayyip Erdo\u011fan ve D\u0131\u015fi\u015fleri [&hellip;]<\/p>\n","protected":false},"author":1,"featured_media":22266,"comment_status":"open","ping_status":"open","sticky":false,"template":"","format":"standard","meta":{"jnews-multi-image_gallery":[],"jnews_single_post":[],"jnews_primary_category":[],"footnotes":""},"categories":[2],"tags":[],"class_list":["post-22265","post","type-post","status-publish","format-standard","has-post-thumbnail","hentry","category-dunya"],"yoast_head":"<!-- This site is optimized with the Yoast SEO plugin v27.5 - https:\/\/yoast.com\/product\/yoast-seo-wordpress\/ -->\n<title>TC DMM\u2019den T\u00fcrkiye\u2019nin Lefko\u015fa B\u00fcy\u00fckel\u00e7ili\u011findeki g\u00f6rev de\u011fi\u015fimiyle ilgili baz\u0131 haberlere ili\u015fkin a\u00e7\u0131klama - Haber Kuzey<\/title>\n<meta name=\"robots\" content=\"index, follow, max-snippet:-1, max-image-preview:large, max-video-preview:-1\" \/>\n<link rel=\"canonical\" href=\"https:\/\/haberkuzey.com\/index.php\/2025\/04\/19\/tc-dmmden-turkiyenin-lefkosa-buyukelciligindeki-gorev-degisimiyle-ilgili-bazi-haberlere-iliskin-aciklama\/\" \/>\n<meta property=\"og:locale\" content=\"tr_TR\" \/>\n<meta property=\"og:type\" content=\"article\" \/>\n<meta property=\"og:title\" content=\"TC DMM\u2019den T\u00fcrkiye\u2019nin Lefko\u015fa B\u00fcy\u00fckel\u00e7ili\u011findeki g\u00f6rev de\u011fi\u015fimiyle ilgili baz\u0131 haberlere ili\u015fkin a\u00e7\u0131klama - Haber Kuzey\" \/>\n<meta property=\"og:description\" content=\"TC Cumhurba\u015fkanl\u0131\u011f\u0131 \u0130leti\u015fim Ba\u015fkanl\u0131\u011f\u0131 Dezenformasyonla M\u00fccadele Merkezi (DMM), T\u00fcrkiye\u2019nin Lefko\u015fa B\u00fcy\u00fckel\u00e7ili\u011fi g\u00f6rev de\u011fi\u015fimi ile ilgili manip\u00fclatif haberlerin kurguland\u0131\u011f\u0131n\u0131n tespit edildi\u011fini, haberlerdeki s\u00f6zde diyalog ve iddialar\u0131n tamam\u0131n\u0131n ger\u00e7ek d\u0131\u015f\u0131 oldu\u011funu bildirdi. DMM\u2019nin sosyal medya hesab\u0131ndan yap\u0131lan a\u00e7\u0131klamada, \u201cT\u00fcrkiye\u2019nin Lefko\u015fa B\u00fcy\u00fckel\u00e7ili\u011fi g\u00f6rev de\u011fi\u015fimi ile ilgili manip\u00fclatif haberler kurguland\u0131\u011f\u0131 tespit edilmi\u015ftir. Say\u0131n Cumhurba\u015fkan\u0131\u2019m\u0131z Recep Tayyip Erdo\u011fan ve D\u0131\u015fi\u015fleri [&hellip;]\" \/>\n<meta property=\"og:url\" content=\"https:\/\/haberkuzey.com\/index.php\/2025\/04\/19\/tc-dmmden-turkiyenin-lefkosa-buyukelciligindeki-gorev-degisimiyle-ilgili-bazi-haberlere-iliskin-aciklama\/\" \/>\n<meta property=\"og:site_name\" content=\"Haber Kuzey\" \/>\n<meta property=\"article:published_time\" content=\"2025-04-19T17:40:36+00:00\" \/>\n<meta property=\"og:image\" content=\"https:\/\/brtk.net\/wp-content\/uploads\/2025\/04\/19\/thumbs_b_c_e567c06af95c1412461b7f2d909327f3.jpg?ver=c4e65627c0cb7823c7945dcef65ae791\" \/>\n<meta name=\"author\" content=\"haberkuzey\" \/>\n<meta name=\"twitter:card\" content=\"summary_large_image\" \/>\n<meta name=\"twitter:label1\" content=\"Yazan:\" \/>\n\t<meta name=\"twitter:data1\" content=\"haberkuzey\" \/>\n\t<meta name=\"twitter:label2\" content=\"Tahmini okuma s\u00fcresi\" \/>\n\t<meta name=\"twitter:data2\" content=\"1 dakika\" \/>\n<script type=\"application\/ld+json\" class=\"yoast-schema-graph\">{\"@context\":\"https:\\\/\\\/schema.org\",\"@graph\":[{\"@type\":\"Article\",\"@id\":\"https:\\\/\\\/haberkuzey.com\\\/index.php\\\/2025\\\/04\\\/19\\\/tc-dmmden-turkiyenin-lefkosa-buyukelciligindeki-gorev-degisimiyle-ilgili-bazi-haberlere-iliskin-aciklama\\\/#article\",\"isPartOf\":{\"@id\":\"https:\\\/\\\/haberkuzey.com\\\/index.php\\\/2025\\\/04\\\/19\\\/tc-dmmden-turkiyenin-lefkosa-buyukelciligindeki-gorev-degisimiyle-ilgili-bazi-haberlere-iliskin-aciklama\\\/\"},\"author\":{\"name\":\"haberkuzey\",\"@id\":\"https:\\\/\\\/haberkuzey.com\\\/#\\\/schema\\\/person\\\/3372109ec735f9333f4fa47ebb9605ca\"},\"headline\":\"TC DMM\u2019den T\u00fcrkiye\u2019nin Lefko\u015fa B\u00fcy\u00fckel\u00e7ili\u011findeki g\u00f6rev de\u011fi\u015fimiyle ilgili baz\u0131 haberlere ili\u015fkin a\u00e7\u0131klama\",\"datePublished\":\"2025-04-19T17:40:36+00:00\",\"mainEntityOfPage\":{\"@id\":\"https:\\\/\\\/haberkuzey.com\\\/index.php\\\/2025\\\/04\\\/19\\\/tc-dmmden-turkiyenin-lefkosa-buyukelciligindeki-gorev-degisimiyle-ilgili-bazi-haberlere-iliskin-aciklama\\\/\"},\"wordCount\":158,\"commentCount\":0,\"image\":{\"@id\":\"https:\\\/\\\/haberkuzey.com\\\/index.php\\\/2025\\\/04\\\/19\\\/tc-dmmden-turkiyenin-lefkosa-buyukelciligindeki-gorev-degisimiyle-ilgili-bazi-haberlere-iliskin-aciklama\\\/#primaryimage\"},\"thumbnailUrl\":\"https:\\\/\\\/haberkuzey.com\\\/wp-content\\\/uploads\\\/2025\\\/04\\\/thumbs_b_c_e567c06af95c1412461b7f2d909327f3.jpg\",\"articleSection\":[\"D\u00fcnya\"],\"inLanguage\":\"tr\",\"potentialAction\":[{\"@type\":\"CommentAction\",\"name\":\"Comment\",\"target\":[\"https:\\\/\\\/haberkuzey.com\\\/index.php\\\/2025\\\/04\\\/19\\\/tc-dmmden-turkiyenin-lefkosa-buyukelciligindeki-gorev-degisimiyle-ilgili-bazi-haberlere-iliskin-aciklama\\\/#respond\"]}]},{\"@type\":\"WebPage\",\"@id\":\"https:\\\/\\\/haberkuzey.com\\\/index.php\\\/2025\\\/04\\\/19\\\/tc-dmmden-turkiyenin-lefkosa-buyukelciligindeki-gorev-degisimiyle-ilgili-bazi-haberlere-iliskin-aciklama\\\/\",\"url\":\"https:\\\/\\\/haberkuzey.com\\\/index.php\\\/2025\\\/04\\\/19\\\/tc-dmmden-turkiyenin-lefkosa-buyukelciligindeki-gorev-degisimiyle-ilgili-bazi-haberlere-iliskin-aciklama\\\/\",\"name\":\"TC DMM\u2019den T\u00fcrkiye\u2019nin Lefko\u015fa B\u00fcy\u00fckel\u00e7ili\u011findeki g\u00f6rev de\u011fi\u015fimiyle ilgili baz\u0131 haberlere ili\u015fkin a\u00e7\u0131klama - Haber Kuzey\",\"isPartOf\":{\"@id\":\"https:\\\/\\\/haberkuzey.com\\\/#website\"},\"primaryImageOfPage\":{\"@id\":\"https:\\\/\\\/haberkuzey.com\\\/index.php\\\/2025\\\/04\\\/19\\\/tc-dmmden-turkiyenin-lefkosa-buyukelciligindeki-gorev-degisimiyle-ilgili-bazi-haberlere-iliskin-aciklama\\\/#primaryimage\"},\"image\":{\"@id\":\"https:\\\/\\\/haberkuzey.com\\\/index.php\\\/2025\\\/04\\\/19\\\/tc-dmmden-turkiyenin-lefkosa-buyukelciligindeki-gorev-degisimiyle-ilgili-bazi-haberlere-iliskin-aciklama\\\/#primaryimage\"},\"thumbnailUrl\":\"https:\\\/\\\/haberkuzey.com\\\/wp-content\\\/uploads\\\/2025\\\/04\\\/thumbs_b_c_e567c06af95c1412461b7f2d909327f3.jpg\",\"datePublished\":\"2025-04-19T17:40:36+00:00\",\"author\":{\"@id\":\"https:\\\/\\\/haberkuzey.com\\\/#\\\/schema\\\/person\\\/3372109ec735f9333f4fa47ebb9605ca\"},\"breadcrumb\":{\"@id\":\"https:\\\/\\\/haberkuzey.com\\\/index.php\\\/2025\\\/04\\\/19\\\/tc-dmmden-turkiyenin-lefkosa-buyukelciligindeki-gorev-degisimiyle-ilgili-bazi-haberlere-iliskin-aciklama\\\/#breadcrumb\"},\"inLanguage\":\"tr\",\"potentialAction\":[{\"@type\":\"ReadAction\",\"target\":[\"https:\\\/\\\/haberkuzey.com\\\/index.php\\\/2025\\\/04\\\/19\\\/tc-dmmden-turkiyenin-lefkosa-buyukelciligindeki-gorev-degisimiyle-ilgili-bazi-haberlere-iliskin-aciklama\\\/\"]}]},{\"@type\":\"ImageObject\",\"inLanguage\":\"tr\",\"@id\":\"https:\\\/\\\/haberkuzey.com\\\/index.php\\\/2025\\\/04\\\/19\\\/tc-dmmden-turkiyenin-lefkosa-buyukelciligindeki-gorev-degisimiyle-ilgili-bazi-haberlere-iliskin-aciklama\\\/#primaryimage\",\"url\":\"https:\\\/\\\/haberkuzey.com\\\/wp-content\\\/uploads\\\/2025\\\/04\\\/thumbs_b_c_e567c06af95c1412461b7f2d909327f3.jpg\",\"contentUrl\":\"https:\\\/\\\/haberkuzey.com\\\/wp-content\\\/uploads\\\/2025\\\/04\\\/thumbs_b_c_e567c06af95c1412461b7f2d909327f3.jpg\",\"width\":864,\"height\":486},{\"@type\":\"BreadcrumbList\",\"@id\":\"https:\\\/\\\/haberkuzey.com\\\/index.php\\\/2025\\\/04\\\/19\\\/tc-dmmden-turkiyenin-lefkosa-buyukelciligindeki-gorev-degisimiyle-ilgili-bazi-haberlere-iliskin-aciklama\\\/#breadcrumb\",\"itemListElement\":[{\"@type\":\"ListItem\",\"position\":1,\"name\":\"Anasayfa\",\"item\":\"https:\\\/\\\/haberkuzey.com\\\/\"},{\"@type\":\"ListItem\",\"position\":2,\"name\":\"TC DMM\u2019den T\u00fcrkiye\u2019nin Lefko\u015fa B\u00fcy\u00fckel\u00e7ili\u011findeki g\u00f6rev de\u011fi\u015fimiyle ilgili baz\u0131 haberlere ili\u015fkin a\u00e7\u0131klama\"}]},{\"@type\":\"WebSite\",\"@id\":\"https:\\\/\\\/haberkuzey.com\\\/#website\",\"url\":\"https:\\\/\\\/haberkuzey.com\\\/\",\"name\":\"Haber Kuzey\",\"description\":\"Do\u011fru Haberin Adresi\",\"potentialAction\":[{\"@type\":\"SearchAction\",\"target\":{\"@type\":\"EntryPoint\",\"urlTemplate\":\"https:\\\/\\\/haberkuzey.com\\\/?s={search_term_string}\"},\"query-input\":{\"@type\":\"PropertyValueSpecification\",\"valueRequired\":true,\"valueName\":\"search_term_string\"}}],\"inLanguage\":\"tr\"},{\"@type\":\"Person\",\"@id\":\"https:\\\/\\\/haberkuzey.com\\\/#\\\/schema\\\/person\\\/3372109ec735f9333f4fa47ebb9605ca\",\"name\":\"haberkuzey\",\"image\":{\"@type\":\"ImageObject\",\"inLanguage\":\"tr\",\"@id\":\"https:\\\/\\\/secure.gravatar.com\\\/avatar\\\/f5fc875574b1575324358c3b9e6a32b8227aa5b74f3fa22e3cadb63e26fcc39c?s=96&d=mm&r=g\",\"url\":\"https:\\\/\\\/secure.gravatar.com\\\/avatar\\\/f5fc875574b1575324358c3b9e6a32b8227aa5b74f3fa22e3cadb63e26fcc39c?s=96&d=mm&r=g\",\"contentUrl\":\"https:\\\/\\\/secure.gravatar.com\\\/avatar\\\/f5fc875574b1575324358c3b9e6a32b8227aa5b74f3fa22e3cadb63e26fcc39c?s=96&d=mm&r=g\",\"caption\":\"haberkuzey\"},\"sameAs\":[\"https:\\\/\\\/haberkuzey.com\"],\"url\":\"https:\\\/\\\/haberkuzey.com\\\/index.php\\\/author\\\/haberkuzey\\\/\"}]}<\/script>\n<!-- \/ Yoast SEO plugin. -->","yoast_head_json":{"title":"TC DMM\u2019den T\u00fcrkiye\u2019nin Lefko\u015fa B\u00fcy\u00fckel\u00e7ili\u011findeki g\u00f6rev de\u011fi\u015fimiyle ilgili baz\u0131 haberlere ili\u015fkin a\u00e7\u0131klama - Haber Kuzey","robots":{"index":"index","follow":"follow","max-snippet":"max-snippet:-1","max-image-preview":"max-image-preview:large","max-video-preview":"max-video-preview:-1"},"canonical":"https:\/\/haberkuzey.com\/index.php\/2025\/04\/19\/tc-dmmden-turkiyenin-lefkosa-buyukelciligindeki-gorev-degisimiyle-ilgili-bazi-haberlere-iliskin-aciklama\/","og_locale":"tr_TR","og_type":"article","og_title":"TC DMM\u2019den T\u00fcrkiye\u2019nin Lefko\u015fa B\u00fcy\u00fckel\u00e7ili\u011findeki g\u00f6rev de\u011fi\u015fimiyle ilgili baz\u0131 haberlere ili\u015fkin a\u00e7\u0131klama - Haber Kuzey","og_description":"TC Cumhurba\u015fkanl\u0131\u011f\u0131 \u0130leti\u015fim Ba\u015fkanl\u0131\u011f\u0131 Dezenformasyonla M\u00fccadele Merkezi (DMM), T\u00fcrkiye\u2019nin Lefko\u015fa B\u00fcy\u00fckel\u00e7ili\u011fi g\u00f6rev de\u011fi\u015fimi ile ilgili manip\u00fclatif haberlerin kurguland\u0131\u011f\u0131n\u0131n tespit edildi\u011fini, haberlerdeki s\u00f6zde diyalog ve iddialar\u0131n tamam\u0131n\u0131n ger\u00e7ek d\u0131\u015f\u0131 oldu\u011funu bildirdi. DMM\u2019nin sosyal medya hesab\u0131ndan yap\u0131lan a\u00e7\u0131klamada, \u201cT\u00fcrkiye\u2019nin Lefko\u015fa B\u00fcy\u00fckel\u00e7ili\u011fi g\u00f6rev de\u011fi\u015fimi ile ilgili manip\u00fclatif haberler kurguland\u0131\u011f\u0131 tespit edilmi\u015ftir. Say\u0131n Cumhurba\u015fkan\u0131\u2019m\u0131z Recep Tayyip Erdo\u011fan ve D\u0131\u015fi\u015fleri [&hellip;]","og_url":"https:\/\/haberkuzey.com\/index.php\/2025\/04\/19\/tc-dmmden-turkiyenin-lefkosa-buyukelciligindeki-gorev-degisimiyle-ilgili-bazi-haberlere-iliskin-aciklama\/","og_site_name":"Haber Kuzey","article_published_time":"2025-04-19T17:40:36+00:00","og_image":[{"url":"https:\/\/brtk.net\/wp-content\/uploads\/2025\/04\/19\/thumbs_b_c_e567c06af95c1412461b7f2d909327f3.jpg?ver=c4e65627c0cb7823c7945dcef65ae791","type":"","width":"","height":""}],"author":"haberkuzey","twitter_card":"summary_large_image","twitter_misc":{"Yazan:":"haberkuzey","Tahmini okuma s\u00fcresi":"1 dakika"},"schema":{"@context":"https:\/\/schema.org","@graph":[{"@type":"Article","@id":"https:\/\/haberkuzey.com\/index.php\/2025\/04\/19\/tc-dmmden-turkiyenin-lefkosa-buyukelciligindeki-gorev-degisimiyle-ilgili-bazi-haberlere-iliskin-aciklama\/#article","isPartOf":{"@id":"https:\/\/haberkuzey.com\/index.php\/2025\/04\/19\/tc-dmmden-turkiyenin-lefkosa-buyukelciligindeki-gorev-degisimiyle-ilgili-bazi-haberlere-iliskin-aciklama\/"},"author":{"name":"haberkuzey","@id":"https:\/\/haberkuzey.com\/#\/schema\/person\/3372109ec735f9333f4fa47ebb9605ca"},"headline":"TC DMM\u2019den T\u00fcrkiye\u2019nin Lefko\u015fa B\u00fcy\u00fckel\u00e7ili\u011findeki g\u00f6rev de\u011fi\u015fimiyle ilgili baz\u0131 haberlere ili\u015fkin a\u00e7\u0131klama","datePublished":"2025-04-19T17:40:36+00:00","mainEntityOfPage":{"@id":"https:\/\/haberkuzey.com\/index.php\/2025\/04\/19\/tc-dmmden-turkiyenin-lefkosa-buyukelciligindeki-gorev-degisimiyle-ilgili-bazi-haberlere-iliskin-aciklama\/"},"wordCount":158,"commentCount":0,"image":{"@id":"https:\/\/haberkuzey.com\/index.php\/2025\/04\/19\/tc-dmmden-turkiyenin-lefkosa-buyukelciligindeki-gorev-degisimiyle-ilgili-bazi-haberlere-iliskin-aciklama\/#primaryimage"},"thumbnailUrl":"https:\/\/haberkuzey.com\/wp-content\/uploads\/2025\/04\/thumbs_b_c_e567c06af95c1412461b7f2d909327f3.jpg","articleSection":["D\u00fcnya"],"inLanguage":"tr","potentialAction":[{"@type":"CommentAction","name":"Comment","target":["https:\/\/haberkuzey.com\/index.php\/2025\/04\/19\/tc-dmmden-turkiyenin-lefkosa-buyukelciligindeki-gorev-degisimiyle-ilgili-bazi-haberlere-iliskin-aciklama\/#respond"]}]},{"@type":"WebPage","@id":"https:\/\/haberkuzey.com\/index.php\/2025\/04\/19\/tc-dmmden-turkiyenin-lefkosa-buyukelciligindeki-gorev-degisimiyle-ilgili-bazi-haberlere-iliskin-aciklama\/","url":"https:\/\/haberkuzey.com\/index.php\/2025\/04\/19\/tc-dmmden-turkiyenin-lefkosa-buyukelciligindeki-gorev-degisimiyle-ilgili-bazi-haberlere-iliskin-aciklama\/","name":"TC DMM\u2019den T\u00fcrkiye\u2019nin Lefko\u015fa B\u00fcy\u00fckel\u00e7ili\u011findeki g\u00f6rev de\u011fi\u015fimiyle ilgili baz\u0131 haberlere ili\u015fkin a\u00e7\u0131klama - Haber Kuzey","isPartOf":{"@id":"https:\/\/haberkuzey.com\/#website"},"primaryImageOfPage":{"@id":"https:\/\/haberkuzey.com\/index.php\/2025\/04\/19\/tc-dmmden-turkiyenin-lefkosa-buyukelciligindeki-gorev-degisimiyle-ilgili-bazi-haberlere-iliskin-aciklama\/#primaryimage"},"image":{"@id":"https:\/\/haberkuzey.com\/index.php\/2025\/04\/19\/tc-dmmden-turkiyenin-lefkosa-buyukelciligindeki-gorev-degisimiyle-ilgili-bazi-haberlere-iliskin-aciklama\/#primaryimage"},"thumbnailUrl":"https:\/\/haberkuzey.com\/wp-content\/uploads\/2025\/04\/thumbs_b_c_e567c06af95c1412461b7f2d909327f3.jpg","datePublished":"2025-04-19T17:40:36+00:00","author":{"@id":"https:\/\/haberkuzey.com\/#\/schema\/person\/3372109ec735f9333f4fa47ebb9605ca"},"breadcrumb":{"@id":"https:\/\/haberkuzey.com\/index.php\/2025\/04\/19\/tc-dmmden-turkiyenin-lefkosa-buyukelciligindeki-gorev-degisimiyle-ilgili-bazi-haberlere-iliskin-aciklama\/#breadcrumb"},"inLanguage":"tr","potentialAction":[{"@type":"ReadAction","target":["https:\/\/haberkuzey.com\/index.php\/2025\/04\/19\/tc-dmmden-turkiyenin-lefkosa-buyukelciligindeki-gorev-degisimiyle-ilgili-bazi-haberlere-iliskin-aciklama\/"]}]},{"@type":"ImageObject","inLanguage":"tr","@id":"https:\/\/haberkuzey.com\/index.php\/2025\/04\/19\/tc-dmmden-turkiyenin-lefkosa-buyukelciligindeki-gorev-degisimiyle-ilgili-bazi-haberlere-iliskin-aciklama\/#primaryimage","url":"https:\/\/haberkuzey.com\/wp-content\/uploads\/2025\/04\/thumbs_b_c_e567c06af95c1412461b7f2d909327f3.jpg","contentUrl":"https:\/\/haberkuzey.com\/wp-content\/uploads\/2025\/04\/thumbs_b_c_e567c06af95c1412461b7f2d909327f3.jpg","width":864,"height":486},{"@type":"BreadcrumbList","@id":"https:\/\/haberkuzey.com\/index.php\/2025\/04\/19\/tc-dmmden-turkiyenin-lefkosa-buyukelciligindeki-gorev-degisimiyle-ilgili-bazi-haberlere-iliskin-aciklama\/#breadcrumb","itemListElement":[{"@type":"ListItem","position":1,"name":"Anasayfa","item":"https:\/\/haberkuzey.com\/"},{"@type":"ListItem","position":2,"name":"TC DMM\u2019den T\u00fcrkiye\u2019nin Lefko\u015fa B\u00fcy\u00fckel\u00e7ili\u011findeki g\u00f6rev de\u011fi\u015fimiyle ilgili baz\u0131 haberlere ili\u015fkin a\u00e7\u0131klama"}]},{"@type":"WebSite","@id":"https:\/\/haberkuzey.com\/#website","url":"https:\/\/haberkuzey.com\/","name":"Haber Kuzey","description":"Do\u011fru Haberin Adresi","potentialAction":[{"@type":"SearchAction","target":{"@type":"EntryPoint","urlTemplate":"https:\/\/haberkuzey.com\/?s={search_term_string}"},"query-input":{"@type":"PropertyValueSpecification","valueRequired":true,"valueName":"search_term_string"}}],"inLanguage":"tr"},{"@type":"Person","@id":"https:\/\/haberkuzey.com\/#\/schema\/person\/3372109ec735f9333f4fa47ebb9605ca","name":"haberkuzey","image":{"@type":"ImageObject","inLanguage":"tr","@id":"https:\/\/secure.gravatar.com\/avatar\/f5fc875574b1575324358c3b9e6a32b8227aa5b74f3fa22e3cadb63e26fcc39c?s=96&d=mm&r=g","url":"https:\/\/secure.gravatar.com\/avatar\/f5fc875574b1575324358c3b9e6a32b8227aa5b74f3fa22e3cadb63e26fcc39c?s=96&d=mm&r=g","contentUrl":"https:\/\/secure.gravatar.com\/avatar\/f5fc875574b1575324358c3b9e6a32b8227aa5b74f3fa22e3cadb63e26fcc39c?s=96&d=mm&r=g","caption":"haberkuzey"},"sameAs":["https:\/\/haberkuzey.com"],"url":"https:\/\/haberkuzey.com\/index.php\/author\/haberkuzey\/"}]}},"_links":{"self":[{"href":"https:\/\/haberkuzey.com\/index.php\/wp-json\/wp\/v2\/posts\/22265","targetHints":{"allow":["GET"]}}],"collection":[{"href":"https:\/\/haberkuzey.com\/index.php\/wp-json\/wp\/v2\/posts"}],"about":[{"href":"https:\/\/haberkuzey.com\/index.php\/wp-json\/wp\/v2\/types\/post"}],"author":[{"embeddable":true,"href":"https:\/\/haberkuzey.com\/index.php\/wp-json\/wp\/v2\/users\/1"}],"replies":[{"embeddable":true,"href":"https:\/\/haberkuzey.com\/index.php\/wp-json\/wp\/v2\/comments?post=22265"}],"version-history":[{"count":0,"href":"https:\/\/haberkuzey.com\/index.php\/wp-json\/wp\/v2\/posts\/22265\/revisions"}],"wp:featuredmedia":[{"embeddable":true,"href":"https:\/\/haberkuzey.com\/index.php\/wp-json\/wp\/v2\/media\/22266"}],"wp:attachment":[{"href":"https:\/\/haberkuzey.com\/index.php\/wp-json\/wp\/v2\/media?parent=22265"}],"wp:term":[{"taxonomy":"category","embeddable":true,"href":"https:\/\/haberkuzey.com\/index.php\/wp-json\/wp\/v2\/categories?post=22265"},{"taxonomy":"post_tag","embeddable":true,"href":"https:\/\/haberkuzey.com\/index.php\/wp-json\/wp\/v2\/tags?post=22265"}],"curies":[{"name":"wp","href":"https:\/\/api.w.org\/{rel}","templated":true}]}}