{"id":22127,"date":"2025-04-17T19:09:15","date_gmt":"2025-04-17T16:09:15","guid":{"rendered":"https:\/\/haberkuzey.com\/index.php\/2025\/04\/17\/kktc-ile-tc-arasinda-saglik-protokolu-imzalandi\/"},"modified":"2025-04-17T19:09:15","modified_gmt":"2025-04-17T16:09:15","slug":"kktc-ile-tc-arasinda-saglik-protokolu-imzalandi","status":"publish","type":"post","link":"https:\/\/haberkuzey.com\/index.php\/2025\/04\/17\/kktc-ile-tc-arasinda-saglik-protokolu-imzalandi\/","title":{"rendered":"KKTC ile TC aras\u0131nda sa\u011fl\u0131k protokol\u00fc imzaland\u0131"},"content":{"rendered":"<div>\n<div class=\"mariselle-image-container center\">\n                                            <\/div>\n<p>Kuzey K\u0131br\u0131s T\u00fcrk Cumhuriyeti(KKTC)  ile T\u00fcrkiye Cumhuriyeti(TC) aras\u0131nda bug\u00fcn \u00f6nemli bir protokol imzaland\u0131.<\/p>\n<div class=\"mariselle-image-container center\">\n                <img decoding=\"async\" width=\"2560\" height=\"1707\" class=\"lazy-image\" alt=\"\" sizes=\"(max-width: 2560px) 100vw, 2560px\" src=\"https:\/\/brtk.net\/wp-content\/uploads\/2025\/04\/17\/6225c0a6-70cb-4a27-b8e4-84e25d6a6ab3-scaled.jpg?ver=c95e79052849118538f43a490a2a20ba\" srcset=\"https:\/\/brtk.net\/wp-content\/uploads\/2025\/04\/17\/6225c0a6-70cb-4a27-b8e4-84e25d6a6ab3-scaled.jpg?ver=c95e79052849118538f43a490a2a20ba 2560w, https:\/\/brtk.net\/wp-content\/uploads\/2025\/04\/17\/6225c0a6-70cb-4a27-b8e4-84e25d6a6ab3-300x200.jpg?ver=c95e79052849118538f43a490a2a20ba 300w, https:\/\/brtk.net\/wp-content\/uploads\/2025\/04\/17\/6225c0a6-70cb-4a27-b8e4-84e25d6a6ab3-1024x683.jpg?ver=f9d3f96d48a25d5367225e70a2d3cf67 1024w, https:\/\/brtk.net\/wp-content\/uploads\/2025\/04\/17\/6225c0a6-70cb-4a27-b8e4-84e25d6a6ab3-768x512.jpg?ver=7dc68cf1daed47ff88a37dc885916bfc 768w, https:\/\/brtk.net\/wp-content\/uploads\/2025\/04\/17\/6225c0a6-70cb-4a27-b8e4-84e25d6a6ab3-1536x1024.jpg?ver=ef347370b1a93ade876164bb9124c9ab 1536w, https:\/\/brtk.net\/wp-content\/uploads\/2025\/04\/17\/6225c0a6-70cb-4a27-b8e4-84e25d6a6ab3-2048x1365.jpg?ver=9347cb806c742afa004913f73930d97e 2048w\"\/>                            <\/div>\n<p>Sa\u011fl\u0131k Bakan\u0131 Hakan Din\u00e7y\u00fcrek  Ankara temaslar\u0131 kapsam\u0131nda T\u00fcrkiye Sa\u011fl\u0131k Bakan\u0131 Kemal Memi\u015fo\u011flu ile biraraya geldi, sa\u011fl\u0131k alan\u0131ndaki protokole imzalar at\u0131ld\u0131<\/p>\n<div class=\"mariselle-image-container center\">\n                <img decoding=\"async\" width=\"2560\" height=\"1707\" class=\"lazy-image\" alt=\"\" sizes=\"(max-width: 2560px) 100vw, 2560px\" src=\"https:\/\/brtk.net\/wp-content\/uploads\/2025\/04\/17\/cda163a0-c42b-4ecf-a222-8765d203a277-scaled.jpg?ver=38554313f6d2e73ce0b5eea063684ba8\" srcset=\"https:\/\/brtk.net\/wp-content\/uploads\/2025\/04\/17\/cda163a0-c42b-4ecf-a222-8765d203a277-scaled.jpg?ver=38554313f6d2e73ce0b5eea063684ba8 2560w, https:\/\/brtk.net\/wp-content\/uploads\/2025\/04\/17\/cda163a0-c42b-4ecf-a222-8765d203a277-300x200.jpg?ver=38554313f6d2e73ce0b5eea063684ba8 300w, https:\/\/brtk.net\/wp-content\/uploads\/2025\/04\/17\/cda163a0-c42b-4ecf-a222-8765d203a277-1024x683.jpg?ver=1c7cf5d12cd641abc7114418cdbbfc88 1024w, https:\/\/brtk.net\/wp-content\/uploads\/2025\/04\/17\/cda163a0-c42b-4ecf-a222-8765d203a277-768x512.jpg?ver=80e923055caf873b9cf9a5dc4351c0ec 768w, https:\/\/brtk.net\/wp-content\/uploads\/2025\/04\/17\/cda163a0-c42b-4ecf-a222-8765d203a277-1536x1024.jpg?ver=2f6f6b8790f679343dec539d6557e0a9 1536w, https:\/\/brtk.net\/wp-content\/uploads\/2025\/04\/17\/cda163a0-c42b-4ecf-a222-8765d203a277-2048x1365.jpg?ver=62bd3db518e37d25f53c1dbce293b659 2048w\"\/>                            <\/div><\/div>\n<p><script async\n                    defer\n                    crossorigin=\"anonymous\"\n                    src=\"https:\/\/connect.facebook.net\/tr_TR\/sdk.js#xfbml=1&#038;version=v3.3\"\n            ><\/script><\/p>\n","protected":false},"excerpt":{"rendered":"<p>Kuzey K\u0131br\u0131s T\u00fcrk Cumhuriyeti(KKTC) ile T\u00fcrkiye Cumhuriyeti(TC) aras\u0131nda bug\u00fcn \u00f6nemli bir protokol imzaland\u0131. Sa\u011fl\u0131k Bakan\u0131 Hakan Din\u00e7y\u00fcrek Ankara temaslar\u0131 kapsam\u0131nda T\u00fcrkiye Sa\u011fl\u0131k Bakan\u0131 Kemal Memi\u015fo\u011flu ile biraraya geldi, sa\u011fl\u0131k alan\u0131ndaki protokole imzalar at\u0131ld\u0131<\/p>\n","protected":false},"author":1,"featured_media":22128,"comment_status":"open","ping_status":"open","sticky":false,"template":"","format":"standard","meta":{"jnews-multi-image_gallery":[],"jnews_single_post":[],"jnews_primary_category":[],"footnotes":""},"categories":[2],"tags":[],"class_list":["post-22127","post","type-post","status-publish","format-standard","has-post-thumbnail","hentry","category-dunya"],"yoast_head":"<!-- This site is optimized with the Yoast SEO plugin v27.5 - https:\/\/yoast.com\/product\/yoast-seo-wordpress\/ -->\n<title>KKTC ile TC aras\u0131nda sa\u011fl\u0131k protokol\u00fc imzaland\u0131 - Haber Kuzey<\/title>\n<meta name=\"robots\" content=\"index, follow, max-snippet:-1, max-image-preview:large, max-video-preview:-1\" \/>\n<link rel=\"canonical\" href=\"https:\/\/haberkuzey.com\/index.php\/2025\/04\/17\/kktc-ile-tc-arasinda-saglik-protokolu-imzalandi\/\" \/>\n<meta property=\"og:locale\" content=\"tr_TR\" \/>\n<meta property=\"og:type\" content=\"article\" \/>\n<meta property=\"og:title\" content=\"KKTC ile TC aras\u0131nda sa\u011fl\u0131k protokol\u00fc imzaland\u0131 - Haber Kuzey\" \/>\n<meta property=\"og:description\" content=\"Kuzey K\u0131br\u0131s T\u00fcrk Cumhuriyeti(KKTC) ile T\u00fcrkiye Cumhuriyeti(TC) aras\u0131nda bug\u00fcn \u00f6nemli bir protokol imzaland\u0131. Sa\u011fl\u0131k Bakan\u0131 Hakan Din\u00e7y\u00fcrek Ankara temaslar\u0131 kapsam\u0131nda T\u00fcrkiye Sa\u011fl\u0131k Bakan\u0131 Kemal Memi\u015fo\u011flu ile biraraya geldi, sa\u011fl\u0131k alan\u0131ndaki protokole imzalar at\u0131ld\u0131\" \/>\n<meta property=\"og:url\" content=\"https:\/\/haberkuzey.com\/index.php\/2025\/04\/17\/kktc-ile-tc-arasinda-saglik-protokolu-imzalandi\/\" \/>\n<meta property=\"og:site_name\" content=\"Haber Kuzey\" \/>\n<meta property=\"article:published_time\" content=\"2025-04-17T16:09:15+00:00\" \/>\n<meta property=\"og:image\" content=\"https:\/\/brtk.net\/wp-content\/uploads\/2025\/04\/17\/59d11233-0956-4602-ae5f-1759f2a24162-scaled.jpg?ver=0e5134d1d116b2e77d35c03a5a849dac\" \/>\n<meta name=\"author\" content=\"haberkuzey\" \/>\n<meta name=\"twitter:card\" content=\"summary_large_image\" \/>\n<meta name=\"twitter:label1\" content=\"Yazan:\" \/>\n\t<meta name=\"twitter:data1\" content=\"haberkuzey\" \/>\n<script type=\"application\/ld+json\" class=\"yoast-schema-graph\">{\"@context\":\"https:\\\/\\\/schema.org\",\"@graph\":[{\"@type\":\"Article\",\"@id\":\"https:\\\/\\\/haberkuzey.com\\\/index.php\\\/2025\\\/04\\\/17\\\/kktc-ile-tc-arasinda-saglik-protokolu-imzalandi\\\/#article\",\"isPartOf\":{\"@id\":\"https:\\\/\\\/haberkuzey.com\\\/index.php\\\/2025\\\/04\\\/17\\\/kktc-ile-tc-arasinda-saglik-protokolu-imzalandi\\\/\"},\"author\":{\"name\":\"haberkuzey\",\"@id\":\"https:\\\/\\\/haberkuzey.com\\\/#\\\/schema\\\/person\\\/3372109ec735f9333f4fa47ebb9605ca\"},\"headline\":\"KKTC ile TC aras\u0131nda sa\u011fl\u0131k protokol\u00fc imzaland\u0131\",\"datePublished\":\"2025-04-17T16:09:15+00:00\",\"mainEntityOfPage\":{\"@id\":\"https:\\\/\\\/haberkuzey.com\\\/index.php\\\/2025\\\/04\\\/17\\\/kktc-ile-tc-arasinda-saglik-protokolu-imzalandi\\\/\"},\"wordCount\":65,\"commentCount\":0,\"image\":{\"@id\":\"https:\\\/\\\/haberkuzey.com\\\/index.php\\\/2025\\\/04\\\/17\\\/kktc-ile-tc-arasinda-saglik-protokolu-imzalandi\\\/#primaryimage\"},\"thumbnailUrl\":\"https:\\\/\\\/haberkuzey.com\\\/wp-content\\\/uploads\\\/2025\\\/04\\\/cda163a0-c42b-4ecf-a222-8765d203a277-scaled.jpg\",\"articleSection\":[\"D\u00fcnya\"],\"inLanguage\":\"tr\",\"potentialAction\":[{\"@type\":\"CommentAction\",\"name\":\"Comment\",\"target\":[\"https:\\\/\\\/haberkuzey.com\\\/index.php\\\/2025\\\/04\\\/17\\\/kktc-ile-tc-arasinda-saglik-protokolu-imzalandi\\\/#respond\"]}]},{\"@type\":\"WebPage\",\"@id\":\"https:\\\/\\\/haberkuzey.com\\\/index.php\\\/2025\\\/04\\\/17\\\/kktc-ile-tc-arasinda-saglik-protokolu-imzalandi\\\/\",\"url\":\"https:\\\/\\\/haberkuzey.com\\\/index.php\\\/2025\\\/04\\\/17\\\/kktc-ile-tc-arasinda-saglik-protokolu-imzalandi\\\/\",\"name\":\"KKTC ile TC aras\u0131nda sa\u011fl\u0131k protokol\u00fc imzaland\u0131 - Haber Kuzey\",\"isPartOf\":{\"@id\":\"https:\\\/\\\/haberkuzey.com\\\/#website\"},\"primaryImageOfPage\":{\"@id\":\"https:\\\/\\\/haberkuzey.com\\\/index.php\\\/2025\\\/04\\\/17\\\/kktc-ile-tc-arasinda-saglik-protokolu-imzalandi\\\/#primaryimage\"},\"image\":{\"@id\":\"https:\\\/\\\/haberkuzey.com\\\/index.php\\\/2025\\\/04\\\/17\\\/kktc-ile-tc-arasinda-saglik-protokolu-imzalandi\\\/#primaryimage\"},\"thumbnailUrl\":\"https:\\\/\\\/haberkuzey.com\\\/wp-content\\\/uploads\\\/2025\\\/04\\\/cda163a0-c42b-4ecf-a222-8765d203a277-scaled.jpg\",\"datePublished\":\"2025-04-17T16:09:15+00:00\",\"author\":{\"@id\":\"https:\\\/\\\/haberkuzey.com\\\/#\\\/schema\\\/person\\\/3372109ec735f9333f4fa47ebb9605ca\"},\"breadcrumb\":{\"@id\":\"https:\\\/\\\/haberkuzey.com\\\/index.php\\\/2025\\\/04\\\/17\\\/kktc-ile-tc-arasinda-saglik-protokolu-imzalandi\\\/#breadcrumb\"},\"inLanguage\":\"tr\",\"potentialAction\":[{\"@type\":\"ReadAction\",\"target\":[\"https:\\\/\\\/haberkuzey.com\\\/index.php\\\/2025\\\/04\\\/17\\\/kktc-ile-tc-arasinda-saglik-protokolu-imzalandi\\\/\"]}]},{\"@type\":\"ImageObject\",\"inLanguage\":\"tr\",\"@id\":\"https:\\\/\\\/haberkuzey.com\\\/index.php\\\/2025\\\/04\\\/17\\\/kktc-ile-tc-arasinda-saglik-protokolu-imzalandi\\\/#primaryimage\",\"url\":\"https:\\\/\\\/haberkuzey.com\\\/wp-content\\\/uploads\\\/2025\\\/04\\\/cda163a0-c42b-4ecf-a222-8765d203a277-scaled.jpg\",\"contentUrl\":\"https:\\\/\\\/haberkuzey.com\\\/wp-content\\\/uploads\\\/2025\\\/04\\\/cda163a0-c42b-4ecf-a222-8765d203a277-scaled.jpg\",\"width\":2560,\"height\":1707},{\"@type\":\"BreadcrumbList\",\"@id\":\"https:\\\/\\\/haberkuzey.com\\\/index.php\\\/2025\\\/04\\\/17\\\/kktc-ile-tc-arasinda-saglik-protokolu-imzalandi\\\/#breadcrumb\",\"itemListElement\":[{\"@type\":\"ListItem\",\"position\":1,\"name\":\"Anasayfa\",\"item\":\"https:\\\/\\\/haberkuzey.com\\\/\"},{\"@type\":\"ListItem\",\"position\":2,\"name\":\"KKTC ile TC aras\u0131nda sa\u011fl\u0131k protokol\u00fc imzaland\u0131\"}]},{\"@type\":\"WebSite\",\"@id\":\"https:\\\/\\\/haberkuzey.com\\\/#website\",\"url\":\"https:\\\/\\\/haberkuzey.com\\\/\",\"name\":\"Haber Kuzey\",\"description\":\"Do\u011fru Haberin Adresi\",\"potentialAction\":[{\"@type\":\"SearchAction\",\"target\":{\"@type\":\"EntryPoint\",\"urlTemplate\":\"https:\\\/\\\/haberkuzey.com\\\/?s={search_term_string}\"},\"query-input\":{\"@type\":\"PropertyValueSpecification\",\"valueRequired\":true,\"valueName\":\"search_term_string\"}}],\"inLanguage\":\"tr\"},{\"@type\":\"Person\",\"@id\":\"https:\\\/\\\/haberkuzey.com\\\/#\\\/schema\\\/person\\\/3372109ec735f9333f4fa47ebb9605ca\",\"name\":\"haberkuzey\",\"image\":{\"@type\":\"ImageObject\",\"inLanguage\":\"tr\",\"@id\":\"https:\\\/\\\/secure.gravatar.com\\\/avatar\\\/f5fc875574b1575324358c3b9e6a32b8227aa5b74f3fa22e3cadb63e26fcc39c?s=96&d=mm&r=g\",\"url\":\"https:\\\/\\\/secure.gravatar.com\\\/avatar\\\/f5fc875574b1575324358c3b9e6a32b8227aa5b74f3fa22e3cadb63e26fcc39c?s=96&d=mm&r=g\",\"contentUrl\":\"https:\\\/\\\/secure.gravatar.com\\\/avatar\\\/f5fc875574b1575324358c3b9e6a32b8227aa5b74f3fa22e3cadb63e26fcc39c?s=96&d=mm&r=g\",\"caption\":\"haberkuzey\"},\"sameAs\":[\"https:\\\/\\\/haberkuzey.com\"],\"url\":\"https:\\\/\\\/haberkuzey.com\\\/index.php\\\/author\\\/haberkuzey\\\/\"}]}<\/script>\n<!-- \/ Yoast SEO plugin. -->","yoast_head_json":{"title":"KKTC ile TC aras\u0131nda sa\u011fl\u0131k protokol\u00fc imzaland\u0131 - Haber Kuzey","robots":{"index":"index","follow":"follow","max-snippet":"max-snippet:-1","max-image-preview":"max-image-preview:large","max-video-preview":"max-video-preview:-1"},"canonical":"https:\/\/haberkuzey.com\/index.php\/2025\/04\/17\/kktc-ile-tc-arasinda-saglik-protokolu-imzalandi\/","og_locale":"tr_TR","og_type":"article","og_title":"KKTC ile TC aras\u0131nda sa\u011fl\u0131k protokol\u00fc imzaland\u0131 - Haber Kuzey","og_description":"Kuzey K\u0131br\u0131s T\u00fcrk Cumhuriyeti(KKTC) ile T\u00fcrkiye Cumhuriyeti(TC) aras\u0131nda bug\u00fcn \u00f6nemli bir protokol imzaland\u0131. Sa\u011fl\u0131k Bakan\u0131 Hakan Din\u00e7y\u00fcrek Ankara temaslar\u0131 kapsam\u0131nda T\u00fcrkiye Sa\u011fl\u0131k Bakan\u0131 Kemal Memi\u015fo\u011flu ile biraraya geldi, sa\u011fl\u0131k alan\u0131ndaki protokole imzalar at\u0131ld\u0131","og_url":"https:\/\/haberkuzey.com\/index.php\/2025\/04\/17\/kktc-ile-tc-arasinda-saglik-protokolu-imzalandi\/","og_site_name":"Haber Kuzey","article_published_time":"2025-04-17T16:09:15+00:00","og_image":[{"url":"https:\/\/brtk.net\/wp-content\/uploads\/2025\/04\/17\/59d11233-0956-4602-ae5f-1759f2a24162-scaled.jpg?ver=0e5134d1d116b2e77d35c03a5a849dac","type":"","width":"","height":""}],"author":"haberkuzey","twitter_card":"summary_large_image","twitter_misc":{"Yazan:":"haberkuzey"},"schema":{"@context":"https:\/\/schema.org","@graph":[{"@type":"Article","@id":"https:\/\/haberkuzey.com\/index.php\/2025\/04\/17\/kktc-ile-tc-arasinda-saglik-protokolu-imzalandi\/#article","isPartOf":{"@id":"https:\/\/haberkuzey.com\/index.php\/2025\/04\/17\/kktc-ile-tc-arasinda-saglik-protokolu-imzalandi\/"},"author":{"name":"haberkuzey","@id":"https:\/\/haberkuzey.com\/#\/schema\/person\/3372109ec735f9333f4fa47ebb9605ca"},"headline":"KKTC ile TC aras\u0131nda sa\u011fl\u0131k protokol\u00fc imzaland\u0131","datePublished":"2025-04-17T16:09:15+00:00","mainEntityOfPage":{"@id":"https:\/\/haberkuzey.com\/index.php\/2025\/04\/17\/kktc-ile-tc-arasinda-saglik-protokolu-imzalandi\/"},"wordCount":65,"commentCount":0,"image":{"@id":"https:\/\/haberkuzey.com\/index.php\/2025\/04\/17\/kktc-ile-tc-arasinda-saglik-protokolu-imzalandi\/#primaryimage"},"thumbnailUrl":"https:\/\/haberkuzey.com\/wp-content\/uploads\/2025\/04\/cda163a0-c42b-4ecf-a222-8765d203a277-scaled.jpg","articleSection":["D\u00fcnya"],"inLanguage":"tr","potentialAction":[{"@type":"CommentAction","name":"Comment","target":["https:\/\/haberkuzey.com\/index.php\/2025\/04\/17\/kktc-ile-tc-arasinda-saglik-protokolu-imzalandi\/#respond"]}]},{"@type":"WebPage","@id":"https:\/\/haberkuzey.com\/index.php\/2025\/04\/17\/kktc-ile-tc-arasinda-saglik-protokolu-imzalandi\/","url":"https:\/\/haberkuzey.com\/index.php\/2025\/04\/17\/kktc-ile-tc-arasinda-saglik-protokolu-imzalandi\/","name":"KKTC ile TC aras\u0131nda sa\u011fl\u0131k protokol\u00fc imzaland\u0131 - Haber Kuzey","isPartOf":{"@id":"https:\/\/haberkuzey.com\/#website"},"primaryImageOfPage":{"@id":"https:\/\/haberkuzey.com\/index.php\/2025\/04\/17\/kktc-ile-tc-arasinda-saglik-protokolu-imzalandi\/#primaryimage"},"image":{"@id":"https:\/\/haberkuzey.com\/index.php\/2025\/04\/17\/kktc-ile-tc-arasinda-saglik-protokolu-imzalandi\/#primaryimage"},"thumbnailUrl":"https:\/\/haberkuzey.com\/wp-content\/uploads\/2025\/04\/cda163a0-c42b-4ecf-a222-8765d203a277-scaled.jpg","datePublished":"2025-04-17T16:09:15+00:00","author":{"@id":"https:\/\/haberkuzey.com\/#\/schema\/person\/3372109ec735f9333f4fa47ebb9605ca"},"breadcrumb":{"@id":"https:\/\/haberkuzey.com\/index.php\/2025\/04\/17\/kktc-ile-tc-arasinda-saglik-protokolu-imzalandi\/#breadcrumb"},"inLanguage":"tr","potentialAction":[{"@type":"ReadAction","target":["https:\/\/haberkuzey.com\/index.php\/2025\/04\/17\/kktc-ile-tc-arasinda-saglik-protokolu-imzalandi\/"]}]},{"@type":"ImageObject","inLanguage":"tr","@id":"https:\/\/haberkuzey.com\/index.php\/2025\/04\/17\/kktc-ile-tc-arasinda-saglik-protokolu-imzalandi\/#primaryimage","url":"https:\/\/haberkuzey.com\/wp-content\/uploads\/2025\/04\/cda163a0-c42b-4ecf-a222-8765d203a277-scaled.jpg","contentUrl":"https:\/\/haberkuzey.com\/wp-content\/uploads\/2025\/04\/cda163a0-c42b-4ecf-a222-8765d203a277-scaled.jpg","width":2560,"height":1707},{"@type":"BreadcrumbList","@id":"https:\/\/haberkuzey.com\/index.php\/2025\/04\/17\/kktc-ile-tc-arasinda-saglik-protokolu-imzalandi\/#breadcrumb","itemListElement":[{"@type":"ListItem","position":1,"name":"Anasayfa","item":"https:\/\/haberkuzey.com\/"},{"@type":"ListItem","position":2,"name":"KKTC ile TC aras\u0131nda sa\u011fl\u0131k protokol\u00fc imzaland\u0131"}]},{"@type":"WebSite","@id":"https:\/\/haberkuzey.com\/#website","url":"https:\/\/haberkuzey.com\/","name":"Haber Kuzey","description":"Do\u011fru Haberin Adresi","potentialAction":[{"@type":"SearchAction","target":{"@type":"EntryPoint","urlTemplate":"https:\/\/haberkuzey.com\/?s={search_term_string}"},"query-input":{"@type":"PropertyValueSpecification","valueRequired":true,"valueName":"search_term_string"}}],"inLanguage":"tr"},{"@type":"Person","@id":"https:\/\/haberkuzey.com\/#\/schema\/person\/3372109ec735f9333f4fa47ebb9605ca","name":"haberkuzey","image":{"@type":"ImageObject","inLanguage":"tr","@id":"https:\/\/secure.gravatar.com\/avatar\/f5fc875574b1575324358c3b9e6a32b8227aa5b74f3fa22e3cadb63e26fcc39c?s=96&d=mm&r=g","url":"https:\/\/secure.gravatar.com\/avatar\/f5fc875574b1575324358c3b9e6a32b8227aa5b74f3fa22e3cadb63e26fcc39c?s=96&d=mm&r=g","contentUrl":"https:\/\/secure.gravatar.com\/avatar\/f5fc875574b1575324358c3b9e6a32b8227aa5b74f3fa22e3cadb63e26fcc39c?s=96&d=mm&r=g","caption":"haberkuzey"},"sameAs":["https:\/\/haberkuzey.com"],"url":"https:\/\/haberkuzey.com\/index.php\/author\/haberkuzey\/"}]}},"_links":{"self":[{"href":"https:\/\/haberkuzey.com\/index.php\/wp-json\/wp\/v2\/posts\/22127","targetHints":{"allow":["GET"]}}],"collection":[{"href":"https:\/\/haberkuzey.com\/index.php\/wp-json\/wp\/v2\/posts"}],"about":[{"href":"https:\/\/haberkuzey.com\/index.php\/wp-json\/wp\/v2\/types\/post"}],"author":[{"embeddable":true,"href":"https:\/\/haberkuzey.com\/index.php\/wp-json\/wp\/v2\/users\/1"}],"replies":[{"embeddable":true,"href":"https:\/\/haberkuzey.com\/index.php\/wp-json\/wp\/v2\/comments?post=22127"}],"version-history":[{"count":0,"href":"https:\/\/haberkuzey.com\/index.php\/wp-json\/wp\/v2\/posts\/22127\/revisions"}],"wp:featuredmedia":[{"embeddable":true,"href":"https:\/\/haberkuzey.com\/index.php\/wp-json\/wp\/v2\/media\/22128"}],"wp:attachment":[{"href":"https:\/\/haberkuzey.com\/index.php\/wp-json\/wp\/v2\/media?parent=22127"}],"wp:term":[{"taxonomy":"category","embeddable":true,"href":"https:\/\/haberkuzey.com\/index.php\/wp-json\/wp\/v2\/categories?post=22127"},{"taxonomy":"post_tag","embeddable":true,"href":"https:\/\/haberkuzey.com\/index.php\/wp-json\/wp\/v2\/tags?post=22127"}],"curies":[{"name":"wp","href":"https:\/\/api.w.org\/{rel}","templated":true}]}}