{"id":22083,"date":"2025-04-17T14:44:14","date_gmt":"2025-04-17T11:44:14","guid":{"rendered":"https:\/\/haberkuzey.com\/index.php\/2025\/04\/17\/istanbul-havalimaninda-tarihi-gun-3-ucak-ayni-anda-kalkis-yapti\/"},"modified":"2025-04-17T14:44:14","modified_gmt":"2025-04-17T11:44:14","slug":"istanbul-havalimaninda-tarihi-gun-3-ucak-ayni-anda-kalkis-yapti","status":"publish","type":"post","link":"https:\/\/haberkuzey.com\/index.php\/2025\/04\/17\/istanbul-havalimaninda-tarihi-gun-3-ucak-ayni-anda-kalkis-yapti\/","title":{"rendered":"\u0130stanbul Havaliman\u0131\u2019nda tarihi g\u00fcn: 3 u\u00e7ak ayn\u0131 anda kalk\u0131\u015f yapt\u0131"},"content":{"rendered":"<div>\n<div class=\"mariselle-image-container center\">\n                                            <\/div>\n<p>\u0130stanbul Havaliman\u0131\u2019nda e\u015f zamanl\u0131 \u00fc\u00e7l\u00fc ba\u011f\u0131ms\u0131z pist d\u00f6nemi ba\u015flad\u0131. Yeni sistemle \u0130stanbul Havaliman\u0131\u2019na ayn\u0131 anda 3 u\u00e7ak ini\u015f-kalk\u0131\u015f yapabilecek. Bu operasyonu Avrupa\u2019da ger\u00e7ekle\u015ftirebilen tek \u00fclke ise T\u00fcrkiye oldu.<\/p>\n<p>TC Ula\u015ft\u0131rma ve Altyap\u0131 Bakan\u0131 Abdulkadir Uralo\u011flu, \u0130stanbul Havaliman\u0131\u2019nda hava trafi\u011fi y\u00f6netiminde tarihi bir ad\u0131m att\u0131klar\u0131n\u0131 s\u00f6yledi.<\/p>\n<p>\u0130stanbul Havaliman\u0131\u2019ndan \u201ce\u015f zamanl\u0131 \u00fc\u00e7l\u00fc ba\u011f\u0131ms\u0131z pist operasyonu\u201d bug\u00fcn ayn\u0131 anda 3 u\u00e7ak kalk\u0131\u015f\u0131yla ba\u015flad\u0131.<\/p>\n<p>Uralo\u011flu, sistemin devreye al\u0131nmas\u0131yla pistlerin verimli \u015fekilde kullan\u0131laca\u011f\u0131na dikkati \u00e7ekti.<\/p>\n<p>\u00dc\u00e7l\u00fc ba\u011f\u0131ms\u0131z pist operasyonuyla \u0130stanbul Havaliman\u0131\u2019n\u0131n trafik ak\u0131\u015f\u0131n\u0131n h\u0131zlanaca\u011f\u0131n\u0131 ve dinamik kapasitesinin artaca\u011f\u0131n\u0131 bildiren Uralo\u011flu, \u201c\u00dc\u00e7l\u00fc ba\u011f\u0131ms\u0131z pist operasyonu ABD\u2019de uygulan\u0131yor. \u0130stanbul Havaliman\u0131, Avrupa\u2019da \u00fc\u00e7l\u00fc pist operasyonunu ba\u015flatan ilk meydan olacak\u201d ifadesini kulland\u0131.<\/p>\n<p>T\u00fcrk Hava Yollar\u0131\u2019na (THY) ait \u00fc\u00e7 yolcu u\u00e7a\u011f\u0131, ayn\u0131 anda kalk\u0131\u015f yaparak yeni operasyon sisteminin ilk uygulamas\u0131n\u0131 ba\u015far\u0131yla ger\u00e7ekle\u015ftirdi. <\/p>\n<p>Amerika Birle\u015fik Devletleri\u2019nde kullan\u0131lan sistemin Avrupa\u2019daki ilk \u00f6rne\u011fi olan \u00fc\u00e7l\u00fc ba\u011f\u0131ms\u0131z pist operasyonlar\u0131 sayesinde \u0130stanbul Havaliman\u0131\u2019n\u0131n u\u00e7u\u015f kapasitesi \u00f6nemli \u00f6l\u00e7\u00fcde artacak.<\/p>\n<p>Haz\u0131rl\u0131klar 2022\u2019de ba\u015flam\u0131\u015ft\u0131<br \/>Uralo\u011flu, proje \u00e7al\u0131\u015fmalar\u0131na 2022\u2019nin son \u00e7eyre\u011finde ba\u015fland\u0131\u011f\u0131n\u0131, 2023 ve 2024 y\u0131llar\u0131nda Avrupa Hava Seyr\u00fcsefer Emniyeti Te\u015fkilat\u0131 (EUROCONTROL), Devlet Hava Meydanlar\u0131 \u0130\u015fletmesi ve Sivil Havac\u0131l\u0131k Genel M\u00fcd\u00fcrl\u00fc\u011f\u00fc ile T\u00fcrk Hava Yollar\u0131 i\u015f birli\u011fiyle toplant\u0131lar, risk analizleri, emniyet \u00e7al\u0131\u015fmalar\u0131 ve sim\u00fclasyonlar ger\u00e7ekle\u015ftirildi\u011fini belirtti.<\/p>\n<p>EUROCONTROL taraf\u0131ndan haz\u0131rlanan emniyet analiz raporu do\u011frultusunda gerekli t\u00fcm haz\u0131rl\u0131klar\u0131n tamamland\u0131\u011f\u0131na i\u015faret eden Uralo\u011flu, \u015funlar\u0131 kaydetti:<\/p>\n<p>\u201cYeni hava sahas\u0131 tasar\u0131m\u0131 yap\u0131ld\u0131, kontrol sistemleri \u00fc\u00e7l\u00fc operasyonlara uygun hale getirildi, havayolu \u015firketleri bilgilendirildi. Hava trafik kontrol\u00f6rlerimize yerli ve milli sim\u00fclat\u00f6r\u00fcm\u00fczle e\u011fitimler verildi. \u00dc\u00e7l\u00fc pist operasyonlar\u0131n\u0131 desteklemek i\u00e7in gereken teknoloji son derece geli\u015fmi\u015f ve karma\u015f\u0131k. Sistem, ileri d\u00fczey radarlar, hassas seyr\u00fcsefer yard\u0131mc\u0131lar\u0131 ve g\u00fc\u00e7l\u00fc hava trafik kontrol protokollerini kaps\u0131yor. T\u00fcm bu bile\u015fenler, e\u015fzamanl\u0131 operasyonlar\u0131n g\u00fcvenli \u015fekilde y\u00fcr\u00fct\u00fclmesini ve hava ile yer trafi\u011finin kesintisiz devam etmesini sa\u011fl\u0131yor. Sistem ayn\u0131 zamanda u\u00e7u\u015f rotalar\u0131n\u0131 ve ak\u0131\u015flar\u0131n\u0131 \u00f6ng\u00f6rmeye yard\u0131mc\u0131 olan otomatik yap\u0131lar i\u00e7eriyor, pist ihlallerinin \u00f6nlenmesi ve ak\u0131c\u0131 trafik y\u00f6netimi a\u00e7\u0131s\u0131ndan \u00f6nemli rol oynuyor.\u201d<\/p>\n<\/p><\/div>\n<p><script async\n                    defer\n                    crossorigin=\"anonymous\"\n                    src=\"https:\/\/connect.facebook.net\/tr_TR\/sdk.js#xfbml=1&#038;version=v3.3\"\n            ><\/script><\/p>\n","protected":false},"excerpt":{"rendered":"<p>\u0130stanbul Havaliman\u0131\u2019nda e\u015f zamanl\u0131 \u00fc\u00e7l\u00fc ba\u011f\u0131ms\u0131z pist d\u00f6nemi ba\u015flad\u0131. Yeni sistemle \u0130stanbul Havaliman\u0131\u2019na ayn\u0131 anda 3 u\u00e7ak ini\u015f-kalk\u0131\u015f yapabilecek. Bu operasyonu Avrupa\u2019da ger\u00e7ekle\u015ftirebilen tek \u00fclke ise T\u00fcrkiye oldu. TC Ula\u015ft\u0131rma ve Altyap\u0131 Bakan\u0131 Abdulkadir Uralo\u011flu, \u0130stanbul Havaliman\u0131\u2019nda hava trafi\u011fi y\u00f6netiminde tarihi bir ad\u0131m att\u0131klar\u0131n\u0131 s\u00f6yledi. \u0130stanbul Havaliman\u0131\u2019ndan \u201ce\u015f zamanl\u0131 \u00fc\u00e7l\u00fc ba\u011f\u0131ms\u0131z pist operasyonu\u201d bug\u00fcn ayn\u0131 [&hellip;]<\/p>\n","protected":false},"author":1,"featured_media":22084,"comment_status":"open","ping_status":"open","sticky":false,"template":"","format":"standard","meta":{"jnews-multi-image_gallery":[],"jnews_single_post":[],"jnews_primary_category":[],"footnotes":""},"categories":[2],"tags":[],"class_list":["post-22083","post","type-post","status-publish","format-standard","has-post-thumbnail","hentry","category-dunya"],"yoast_head":"<!-- This site is optimized with the Yoast SEO plugin v27.5 - https:\/\/yoast.com\/product\/yoast-seo-wordpress\/ -->\n<title>\u0130stanbul Havaliman\u0131\u2019nda tarihi g\u00fcn: 3 u\u00e7ak ayn\u0131 anda kalk\u0131\u015f yapt\u0131 - Haber Kuzey<\/title>\n<meta name=\"robots\" content=\"index, follow, max-snippet:-1, max-image-preview:large, max-video-preview:-1\" \/>\n<link rel=\"canonical\" href=\"https:\/\/haberkuzey.com\/index.php\/2025\/04\/17\/istanbul-havalimaninda-tarihi-gun-3-ucak-ayni-anda-kalkis-yapti\/\" \/>\n<meta property=\"og:locale\" content=\"tr_TR\" \/>\n<meta property=\"og:type\" content=\"article\" \/>\n<meta property=\"og:title\" content=\"\u0130stanbul Havaliman\u0131\u2019nda tarihi g\u00fcn: 3 u\u00e7ak ayn\u0131 anda kalk\u0131\u015f yapt\u0131 - Haber Kuzey\" \/>\n<meta property=\"og:description\" content=\"\u0130stanbul Havaliman\u0131\u2019nda e\u015f zamanl\u0131 \u00fc\u00e7l\u00fc ba\u011f\u0131ms\u0131z pist d\u00f6nemi ba\u015flad\u0131. Yeni sistemle \u0130stanbul Havaliman\u0131\u2019na ayn\u0131 anda 3 u\u00e7ak ini\u015f-kalk\u0131\u015f yapabilecek. Bu operasyonu Avrupa\u2019da ger\u00e7ekle\u015ftirebilen tek \u00fclke ise T\u00fcrkiye oldu. TC Ula\u015ft\u0131rma ve Altyap\u0131 Bakan\u0131 Abdulkadir Uralo\u011flu, \u0130stanbul Havaliman\u0131\u2019nda hava trafi\u011fi y\u00f6netiminde tarihi bir ad\u0131m att\u0131klar\u0131n\u0131 s\u00f6yledi. \u0130stanbul Havaliman\u0131\u2019ndan \u201ce\u015f zamanl\u0131 \u00fc\u00e7l\u00fc ba\u011f\u0131ms\u0131z pist operasyonu\u201d bug\u00fcn ayn\u0131 [&hellip;]\" \/>\n<meta property=\"og:url\" content=\"https:\/\/haberkuzey.com\/index.php\/2025\/04\/17\/istanbul-havalimaninda-tarihi-gun-3-ucak-ayni-anda-kalkis-yapti\/\" \/>\n<meta property=\"og:site_name\" content=\"Haber Kuzey\" \/>\n<meta property=\"article:published_time\" content=\"2025-04-17T11:44:14+00:00\" \/>\n<meta property=\"og:image\" content=\"https:\/\/brtk.net\/wp-content\/uploads\/2025\/04\/17\/istanbul-tarihi-gun-3-ucak-ayni-anda-havalandi-2352207_1.jpg?ver=9b9e10b88691b2514baa36c3a20d1a1d\" \/>\n<meta name=\"author\" content=\"haberkuzey\" \/>\n<meta name=\"twitter:card\" content=\"summary_large_image\" \/>\n<meta name=\"twitter:label1\" content=\"Yazan:\" \/>\n\t<meta name=\"twitter:data1\" content=\"haberkuzey\" \/>\n\t<meta name=\"twitter:label2\" content=\"Tahmini okuma s\u00fcresi\" \/>\n\t<meta name=\"twitter:data2\" content=\"2 dakika\" \/>\n<script type=\"application\/ld+json\" class=\"yoast-schema-graph\">{\"@context\":\"https:\\\/\\\/schema.org\",\"@graph\":[{\"@type\":\"Article\",\"@id\":\"https:\\\/\\\/haberkuzey.com\\\/index.php\\\/2025\\\/04\\\/17\\\/istanbul-havalimaninda-tarihi-gun-3-ucak-ayni-anda-kalkis-yapti\\\/#article\",\"isPartOf\":{\"@id\":\"https:\\\/\\\/haberkuzey.com\\\/index.php\\\/2025\\\/04\\\/17\\\/istanbul-havalimaninda-tarihi-gun-3-ucak-ayni-anda-kalkis-yapti\\\/\"},\"author\":{\"name\":\"haberkuzey\",\"@id\":\"https:\\\/\\\/haberkuzey.com\\\/#\\\/schema\\\/person\\\/3372109ec735f9333f4fa47ebb9605ca\"},\"headline\":\"\u0130stanbul Havaliman\u0131\u2019nda tarihi g\u00fcn: 3 u\u00e7ak ayn\u0131 anda kalk\u0131\u015f yapt\u0131\",\"datePublished\":\"2025-04-17T11:44:14+00:00\",\"mainEntityOfPage\":{\"@id\":\"https:\\\/\\\/haberkuzey.com\\\/index.php\\\/2025\\\/04\\\/17\\\/istanbul-havalimaninda-tarihi-gun-3-ucak-ayni-anda-kalkis-yapti\\\/\"},\"wordCount\":447,\"commentCount\":0,\"image\":{\"@id\":\"https:\\\/\\\/haberkuzey.com\\\/index.php\\\/2025\\\/04\\\/17\\\/istanbul-havalimaninda-tarihi-gun-3-ucak-ayni-anda-kalkis-yapti\\\/#primaryimage\"},\"thumbnailUrl\":\"https:\\\/\\\/haberkuzey.com\\\/wp-content\\\/uploads\\\/2025\\\/04\\\/istanbul-tarihi-gun-3-ucak-ayni-anda-havalandi-2352207_1.jpg\",\"articleSection\":[\"D\u00fcnya\"],\"inLanguage\":\"tr\",\"potentialAction\":[{\"@type\":\"CommentAction\",\"name\":\"Comment\",\"target\":[\"https:\\\/\\\/haberkuzey.com\\\/index.php\\\/2025\\\/04\\\/17\\\/istanbul-havalimaninda-tarihi-gun-3-ucak-ayni-anda-kalkis-yapti\\\/#respond\"]}]},{\"@type\":\"WebPage\",\"@id\":\"https:\\\/\\\/haberkuzey.com\\\/index.php\\\/2025\\\/04\\\/17\\\/istanbul-havalimaninda-tarihi-gun-3-ucak-ayni-anda-kalkis-yapti\\\/\",\"url\":\"https:\\\/\\\/haberkuzey.com\\\/index.php\\\/2025\\\/04\\\/17\\\/istanbul-havalimaninda-tarihi-gun-3-ucak-ayni-anda-kalkis-yapti\\\/\",\"name\":\"\u0130stanbul Havaliman\u0131\u2019nda tarihi g\u00fcn: 3 u\u00e7ak ayn\u0131 anda kalk\u0131\u015f yapt\u0131 - Haber Kuzey\",\"isPartOf\":{\"@id\":\"https:\\\/\\\/haberkuzey.com\\\/#website\"},\"primaryImageOfPage\":{\"@id\":\"https:\\\/\\\/haberkuzey.com\\\/index.php\\\/2025\\\/04\\\/17\\\/istanbul-havalimaninda-tarihi-gun-3-ucak-ayni-anda-kalkis-yapti\\\/#primaryimage\"},\"image\":{\"@id\":\"https:\\\/\\\/haberkuzey.com\\\/index.php\\\/2025\\\/04\\\/17\\\/istanbul-havalimaninda-tarihi-gun-3-ucak-ayni-anda-kalkis-yapti\\\/#primaryimage\"},\"thumbnailUrl\":\"https:\\\/\\\/haberkuzey.com\\\/wp-content\\\/uploads\\\/2025\\\/04\\\/istanbul-tarihi-gun-3-ucak-ayni-anda-havalandi-2352207_1.jpg\",\"datePublished\":\"2025-04-17T11:44:14+00:00\",\"author\":{\"@id\":\"https:\\\/\\\/haberkuzey.com\\\/#\\\/schema\\\/person\\\/3372109ec735f9333f4fa47ebb9605ca\"},\"breadcrumb\":{\"@id\":\"https:\\\/\\\/haberkuzey.com\\\/index.php\\\/2025\\\/04\\\/17\\\/istanbul-havalimaninda-tarihi-gun-3-ucak-ayni-anda-kalkis-yapti\\\/#breadcrumb\"},\"inLanguage\":\"tr\",\"potentialAction\":[{\"@type\":\"ReadAction\",\"target\":[\"https:\\\/\\\/haberkuzey.com\\\/index.php\\\/2025\\\/04\\\/17\\\/istanbul-havalimaninda-tarihi-gun-3-ucak-ayni-anda-kalkis-yapti\\\/\"]}]},{\"@type\":\"ImageObject\",\"inLanguage\":\"tr\",\"@id\":\"https:\\\/\\\/haberkuzey.com\\\/index.php\\\/2025\\\/04\\\/17\\\/istanbul-havalimaninda-tarihi-gun-3-ucak-ayni-anda-kalkis-yapti\\\/#primaryimage\",\"url\":\"https:\\\/\\\/haberkuzey.com\\\/wp-content\\\/uploads\\\/2025\\\/04\\\/istanbul-tarihi-gun-3-ucak-ayni-anda-havalandi-2352207_1.jpg\",\"contentUrl\":\"https:\\\/\\\/haberkuzey.com\\\/wp-content\\\/uploads\\\/2025\\\/04\\\/istanbul-tarihi-gun-3-ucak-ayni-anda-havalandi-2352207_1.jpg\",\"width\":800,\"height\":450},{\"@type\":\"BreadcrumbList\",\"@id\":\"https:\\\/\\\/haberkuzey.com\\\/index.php\\\/2025\\\/04\\\/17\\\/istanbul-havalimaninda-tarihi-gun-3-ucak-ayni-anda-kalkis-yapti\\\/#breadcrumb\",\"itemListElement\":[{\"@type\":\"ListItem\",\"position\":1,\"name\":\"Anasayfa\",\"item\":\"https:\\\/\\\/haberkuzey.com\\\/\"},{\"@type\":\"ListItem\",\"position\":2,\"name\":\"\u0130stanbul Havaliman\u0131\u2019nda tarihi g\u00fcn: 3 u\u00e7ak ayn\u0131 anda kalk\u0131\u015f yapt\u0131\"}]},{\"@type\":\"WebSite\",\"@id\":\"https:\\\/\\\/haberkuzey.com\\\/#website\",\"url\":\"https:\\\/\\\/haberkuzey.com\\\/\",\"name\":\"Haber Kuzey\",\"description\":\"Do\u011fru Haberin Adresi\",\"potentialAction\":[{\"@type\":\"SearchAction\",\"target\":{\"@type\":\"EntryPoint\",\"urlTemplate\":\"https:\\\/\\\/haberkuzey.com\\\/?s={search_term_string}\"},\"query-input\":{\"@type\":\"PropertyValueSpecification\",\"valueRequired\":true,\"valueName\":\"search_term_string\"}}],\"inLanguage\":\"tr\"},{\"@type\":\"Person\",\"@id\":\"https:\\\/\\\/haberkuzey.com\\\/#\\\/schema\\\/person\\\/3372109ec735f9333f4fa47ebb9605ca\",\"name\":\"haberkuzey\",\"image\":{\"@type\":\"ImageObject\",\"inLanguage\":\"tr\",\"@id\":\"https:\\\/\\\/secure.gravatar.com\\\/avatar\\\/f5fc875574b1575324358c3b9e6a32b8227aa5b74f3fa22e3cadb63e26fcc39c?s=96&d=mm&r=g\",\"url\":\"https:\\\/\\\/secure.gravatar.com\\\/avatar\\\/f5fc875574b1575324358c3b9e6a32b8227aa5b74f3fa22e3cadb63e26fcc39c?s=96&d=mm&r=g\",\"contentUrl\":\"https:\\\/\\\/secure.gravatar.com\\\/avatar\\\/f5fc875574b1575324358c3b9e6a32b8227aa5b74f3fa22e3cadb63e26fcc39c?s=96&d=mm&r=g\",\"caption\":\"haberkuzey\"},\"sameAs\":[\"https:\\\/\\\/haberkuzey.com\"],\"url\":\"https:\\\/\\\/haberkuzey.com\\\/index.php\\\/author\\\/haberkuzey\\\/\"}]}<\/script>\n<!-- \/ Yoast SEO plugin. -->","yoast_head_json":{"title":"\u0130stanbul Havaliman\u0131\u2019nda tarihi g\u00fcn: 3 u\u00e7ak ayn\u0131 anda kalk\u0131\u015f yapt\u0131 - Haber Kuzey","robots":{"index":"index","follow":"follow","max-snippet":"max-snippet:-1","max-image-preview":"max-image-preview:large","max-video-preview":"max-video-preview:-1"},"canonical":"https:\/\/haberkuzey.com\/index.php\/2025\/04\/17\/istanbul-havalimaninda-tarihi-gun-3-ucak-ayni-anda-kalkis-yapti\/","og_locale":"tr_TR","og_type":"article","og_title":"\u0130stanbul Havaliman\u0131\u2019nda tarihi g\u00fcn: 3 u\u00e7ak ayn\u0131 anda kalk\u0131\u015f yapt\u0131 - Haber Kuzey","og_description":"\u0130stanbul Havaliman\u0131\u2019nda e\u015f zamanl\u0131 \u00fc\u00e7l\u00fc ba\u011f\u0131ms\u0131z pist d\u00f6nemi ba\u015flad\u0131. Yeni sistemle \u0130stanbul Havaliman\u0131\u2019na ayn\u0131 anda 3 u\u00e7ak ini\u015f-kalk\u0131\u015f yapabilecek. Bu operasyonu Avrupa\u2019da ger\u00e7ekle\u015ftirebilen tek \u00fclke ise T\u00fcrkiye oldu. TC Ula\u015ft\u0131rma ve Altyap\u0131 Bakan\u0131 Abdulkadir Uralo\u011flu, \u0130stanbul Havaliman\u0131\u2019nda hava trafi\u011fi y\u00f6netiminde tarihi bir ad\u0131m att\u0131klar\u0131n\u0131 s\u00f6yledi. \u0130stanbul Havaliman\u0131\u2019ndan \u201ce\u015f zamanl\u0131 \u00fc\u00e7l\u00fc ba\u011f\u0131ms\u0131z pist operasyonu\u201d bug\u00fcn ayn\u0131 [&hellip;]","og_url":"https:\/\/haberkuzey.com\/index.php\/2025\/04\/17\/istanbul-havalimaninda-tarihi-gun-3-ucak-ayni-anda-kalkis-yapti\/","og_site_name":"Haber Kuzey","article_published_time":"2025-04-17T11:44:14+00:00","og_image":[{"url":"https:\/\/brtk.net\/wp-content\/uploads\/2025\/04\/17\/istanbul-tarihi-gun-3-ucak-ayni-anda-havalandi-2352207_1.jpg?ver=9b9e10b88691b2514baa36c3a20d1a1d","type":"","width":"","height":""}],"author":"haberkuzey","twitter_card":"summary_large_image","twitter_misc":{"Yazan:":"haberkuzey","Tahmini okuma s\u00fcresi":"2 dakika"},"schema":{"@context":"https:\/\/schema.org","@graph":[{"@type":"Article","@id":"https:\/\/haberkuzey.com\/index.php\/2025\/04\/17\/istanbul-havalimaninda-tarihi-gun-3-ucak-ayni-anda-kalkis-yapti\/#article","isPartOf":{"@id":"https:\/\/haberkuzey.com\/index.php\/2025\/04\/17\/istanbul-havalimaninda-tarihi-gun-3-ucak-ayni-anda-kalkis-yapti\/"},"author":{"name":"haberkuzey","@id":"https:\/\/haberkuzey.com\/#\/schema\/person\/3372109ec735f9333f4fa47ebb9605ca"},"headline":"\u0130stanbul Havaliman\u0131\u2019nda tarihi g\u00fcn: 3 u\u00e7ak ayn\u0131 anda kalk\u0131\u015f yapt\u0131","datePublished":"2025-04-17T11:44:14+00:00","mainEntityOfPage":{"@id":"https:\/\/haberkuzey.com\/index.php\/2025\/04\/17\/istanbul-havalimaninda-tarihi-gun-3-ucak-ayni-anda-kalkis-yapti\/"},"wordCount":447,"commentCount":0,"image":{"@id":"https:\/\/haberkuzey.com\/index.php\/2025\/04\/17\/istanbul-havalimaninda-tarihi-gun-3-ucak-ayni-anda-kalkis-yapti\/#primaryimage"},"thumbnailUrl":"https:\/\/haberkuzey.com\/wp-content\/uploads\/2025\/04\/istanbul-tarihi-gun-3-ucak-ayni-anda-havalandi-2352207_1.jpg","articleSection":["D\u00fcnya"],"inLanguage":"tr","potentialAction":[{"@type":"CommentAction","name":"Comment","target":["https:\/\/haberkuzey.com\/index.php\/2025\/04\/17\/istanbul-havalimaninda-tarihi-gun-3-ucak-ayni-anda-kalkis-yapti\/#respond"]}]},{"@type":"WebPage","@id":"https:\/\/haberkuzey.com\/index.php\/2025\/04\/17\/istanbul-havalimaninda-tarihi-gun-3-ucak-ayni-anda-kalkis-yapti\/","url":"https:\/\/haberkuzey.com\/index.php\/2025\/04\/17\/istanbul-havalimaninda-tarihi-gun-3-ucak-ayni-anda-kalkis-yapti\/","name":"\u0130stanbul Havaliman\u0131\u2019nda tarihi g\u00fcn: 3 u\u00e7ak ayn\u0131 anda kalk\u0131\u015f yapt\u0131 - Haber Kuzey","isPartOf":{"@id":"https:\/\/haberkuzey.com\/#website"},"primaryImageOfPage":{"@id":"https:\/\/haberkuzey.com\/index.php\/2025\/04\/17\/istanbul-havalimaninda-tarihi-gun-3-ucak-ayni-anda-kalkis-yapti\/#primaryimage"},"image":{"@id":"https:\/\/haberkuzey.com\/index.php\/2025\/04\/17\/istanbul-havalimaninda-tarihi-gun-3-ucak-ayni-anda-kalkis-yapti\/#primaryimage"},"thumbnailUrl":"https:\/\/haberkuzey.com\/wp-content\/uploads\/2025\/04\/istanbul-tarihi-gun-3-ucak-ayni-anda-havalandi-2352207_1.jpg","datePublished":"2025-04-17T11:44:14+00:00","author":{"@id":"https:\/\/haberkuzey.com\/#\/schema\/person\/3372109ec735f9333f4fa47ebb9605ca"},"breadcrumb":{"@id":"https:\/\/haberkuzey.com\/index.php\/2025\/04\/17\/istanbul-havalimaninda-tarihi-gun-3-ucak-ayni-anda-kalkis-yapti\/#breadcrumb"},"inLanguage":"tr","potentialAction":[{"@type":"ReadAction","target":["https:\/\/haberkuzey.com\/index.php\/2025\/04\/17\/istanbul-havalimaninda-tarihi-gun-3-ucak-ayni-anda-kalkis-yapti\/"]}]},{"@type":"ImageObject","inLanguage":"tr","@id":"https:\/\/haberkuzey.com\/index.php\/2025\/04\/17\/istanbul-havalimaninda-tarihi-gun-3-ucak-ayni-anda-kalkis-yapti\/#primaryimage","url":"https:\/\/haberkuzey.com\/wp-content\/uploads\/2025\/04\/istanbul-tarihi-gun-3-ucak-ayni-anda-havalandi-2352207_1.jpg","contentUrl":"https:\/\/haberkuzey.com\/wp-content\/uploads\/2025\/04\/istanbul-tarihi-gun-3-ucak-ayni-anda-havalandi-2352207_1.jpg","width":800,"height":450},{"@type":"BreadcrumbList","@id":"https:\/\/haberkuzey.com\/index.php\/2025\/04\/17\/istanbul-havalimaninda-tarihi-gun-3-ucak-ayni-anda-kalkis-yapti\/#breadcrumb","itemListElement":[{"@type":"ListItem","position":1,"name":"Anasayfa","item":"https:\/\/haberkuzey.com\/"},{"@type":"ListItem","position":2,"name":"\u0130stanbul Havaliman\u0131\u2019nda tarihi g\u00fcn: 3 u\u00e7ak ayn\u0131 anda kalk\u0131\u015f yapt\u0131"}]},{"@type":"WebSite","@id":"https:\/\/haberkuzey.com\/#website","url":"https:\/\/haberkuzey.com\/","name":"Haber Kuzey","description":"Do\u011fru Haberin Adresi","potentialAction":[{"@type":"SearchAction","target":{"@type":"EntryPoint","urlTemplate":"https:\/\/haberkuzey.com\/?s={search_term_string}"},"query-input":{"@type":"PropertyValueSpecification","valueRequired":true,"valueName":"search_term_string"}}],"inLanguage":"tr"},{"@type":"Person","@id":"https:\/\/haberkuzey.com\/#\/schema\/person\/3372109ec735f9333f4fa47ebb9605ca","name":"haberkuzey","image":{"@type":"ImageObject","inLanguage":"tr","@id":"https:\/\/secure.gravatar.com\/avatar\/f5fc875574b1575324358c3b9e6a32b8227aa5b74f3fa22e3cadb63e26fcc39c?s=96&d=mm&r=g","url":"https:\/\/secure.gravatar.com\/avatar\/f5fc875574b1575324358c3b9e6a32b8227aa5b74f3fa22e3cadb63e26fcc39c?s=96&d=mm&r=g","contentUrl":"https:\/\/secure.gravatar.com\/avatar\/f5fc875574b1575324358c3b9e6a32b8227aa5b74f3fa22e3cadb63e26fcc39c?s=96&d=mm&r=g","caption":"haberkuzey"},"sameAs":["https:\/\/haberkuzey.com"],"url":"https:\/\/haberkuzey.com\/index.php\/author\/haberkuzey\/"}]}},"_links":{"self":[{"href":"https:\/\/haberkuzey.com\/index.php\/wp-json\/wp\/v2\/posts\/22083","targetHints":{"allow":["GET"]}}],"collection":[{"href":"https:\/\/haberkuzey.com\/index.php\/wp-json\/wp\/v2\/posts"}],"about":[{"href":"https:\/\/haberkuzey.com\/index.php\/wp-json\/wp\/v2\/types\/post"}],"author":[{"embeddable":true,"href":"https:\/\/haberkuzey.com\/index.php\/wp-json\/wp\/v2\/users\/1"}],"replies":[{"embeddable":true,"href":"https:\/\/haberkuzey.com\/index.php\/wp-json\/wp\/v2\/comments?post=22083"}],"version-history":[{"count":0,"href":"https:\/\/haberkuzey.com\/index.php\/wp-json\/wp\/v2\/posts\/22083\/revisions"}],"wp:featuredmedia":[{"embeddable":true,"href":"https:\/\/haberkuzey.com\/index.php\/wp-json\/wp\/v2\/media\/22084"}],"wp:attachment":[{"href":"https:\/\/haberkuzey.com\/index.php\/wp-json\/wp\/v2\/media?parent=22083"}],"wp:term":[{"taxonomy":"category","embeddable":true,"href":"https:\/\/haberkuzey.com\/index.php\/wp-json\/wp\/v2\/categories?post=22083"},{"taxonomy":"post_tag","embeddable":true,"href":"https:\/\/haberkuzey.com\/index.php\/wp-json\/wp\/v2\/tags?post=22083"}],"curies":[{"name":"wp","href":"https:\/\/api.w.org\/{rel}","templated":true}]}}