{"id":22011,"date":"2025-04-16T14:27:14","date_gmt":"2025-04-16T11:27:14","guid":{"rendered":"https:\/\/haberkuzey.com\/index.php\/2025\/04\/16\/turk-dunyasinda-bir-ilk-pazarlama-reklam-ve-medya-birligi-turek-kurulduplatformun-ilk-uyesinin-kktc-rekder-olacagi-aciklandi\/"},"modified":"2025-04-16T14:27:14","modified_gmt":"2025-04-16T11:27:14","slug":"turk-dunyasinda-bir-ilk-pazarlama-reklam-ve-medya-birligi-turek-kurulduplatformun-ilk-uyesinin-kktc-rekder-olacagi-aciklandi","status":"publish","type":"post","link":"https:\/\/haberkuzey.com\/index.php\/2025\/04\/16\/turk-dunyasinda-bir-ilk-pazarlama-reklam-ve-medya-birligi-turek-kurulduplatformun-ilk-uyesinin-kktc-rekder-olacagi-aciklandi\/","title":{"rendered":"T\u00fcrk D\u00fcnyas\u0131\u2019nda bir ilk, Pazarlama, Reklam ve Medya Birli\u011fi \u201cT\u00dcREK\u201d kuruldu\u2026Platformun ilk \u00fcyesinin KKTC REKDER olaca\u011f\u0131 a\u00e7\u0131kland\u0131"},"content":{"rendered":"<div>\n<div class=\"mariselle-image-container center\">\n                                            <\/div>\n<p>T\u00fcrk D\u00fcnyas\u0131 Pazarlama, Reklam ve Medya Birli\u011fi (T\u00dcREK), Ankara\u2019da d\u00fczenlenen bir tan\u0131t\u0131m toplant\u0131s\u0131yla sekt\u00f6re duyuruldu.TC Ticaret Bakanl\u0131\u011f\u0131 S\u00f6\u011f\u00fct\u00f6z\u00fc Yerle\u015fkesi\u2019nde ger\u00e7ekle\u015fen toplant\u0131ya, T.C. Ticaret Bakan\u0131 Prof. Dr. \u00d6mer Bolat\u2019\u0131n yan\u0131 s\u0131ra bakan yard\u0131mc\u0131lar\u0131, bakanl\u0131k temsilcileri, kamu ve \u00f6zel sekt\u00f6r\u00fcn \u00fcst d\u00fczey y\u00f6neticileri ile bas\u0131n mensuplar\u0131 yo\u011fun ilgi g\u00f6sterdi.<\/p>\n<p>Reklam ve Pazarlama \u0130leti\u015fimi Derne\u011fi (REP\u0130D), A\u00e7\u0131khava ve End\u00fcstriyel Reklamc\u0131lar Derne\u011fi (ARED) ve Azerbaycan\u2019dan RMID (Reklam ve Pazarlaman\u0131n Geli\u015ftirilmesine Destek Kamu Birli\u011fi) taraf\u0131ndan kurulan T\u00dcREK, T\u00fcrk d\u00fcnyas\u0131 reklam end\u00fcstrisinin potansiyelini bir araya getirerek uluslararas\u0131 rekabette g\u00fc\u00e7 birli\u011fi olu\u015fturmay\u0131 hedefliyor.<\/p>\n<p>Toplant\u0131da konu\u015fan Ticaret Bakan\u0131 Prof. Dr. \u00d6mer Bolat, T\u00dcREK\u2019in T\u00fcrk d\u00fcnyas\u0131nda bir ilk oldu\u011funu vurgulayarak, \u201cT\u00dcREK b\u00fcnyesindeki \u00fclkelerin pazarlama, reklam ve medya alanlar\u0131nda i\u015f birli\u011fi yapmas\u0131 sayesinde yakla\u015f\u0131k 175 milyonluk bir n\u00fcfusa, 7 milyar Euro b\u00fcy\u00fckl\u00fc\u011f\u00fcndeki bir reklam pazar\u0131na ve 1,8 trilyon Avro b\u00fcy\u00fckl\u00fc\u011f\u00fcndeki bir ekonomik pazara eri\u015filmesinin m\u00fcmk\u00fcn olaca\u011f\u0131n\u0131\u201d ifade etti.<\/p>\n<p>Bakan Bolat ayr\u0131ca, T\u00fcrk Devletleri Te\u015fkilat\u0131 b\u00fcnyesindeki bu birli\u011fin k\u00fclt\u00fcrel yak\u0131nl\u0131k ve stratejik i\u015f birli\u011fi potansiyeline dayanarak kuruldu\u011funu belirterek, ortak medya \u00fcretimi, reklamc\u0131l\u0131kta k\u00fclt\u00fcrel markala\u015fma, b\u00f6lgesel tan\u0131t\u0131m, kamu diplomasisi ve dijital d\u00f6n\u00fc\u015f\u00fcmde ortak ad\u0131mlar at\u0131lmas\u0131n\u0131n ama\u00e7land\u0131\u011f\u0131n\u0131 dile getirdi. Bakan, T\u00dcREK\u2019in ba\u015far\u0131l\u0131 \u00e7al\u0131\u015fmalar\u0131yla T\u00fcrk d\u00fcnyas\u0131n\u0131n dijital ve k\u00fclt\u00fcrel g\u00f6r\u00fcn\u00fcrl\u00fc\u011f\u00fcn\u00fcn art\u0131r\u0131lmas\u0131, ortak medya dili ve reklam mesajlar\u0131n\u0131n olu\u015fturulmas\u0131, T\u00fcrk markalar\u0131n\u0131n k\u00fcresel arenada g\u00fc\u00e7lenmesi ve T\u00fcrk d\u00fcnyas\u0131n\u0131n uluslararas\u0131 alandaki etkisinin art\u0131r\u0131lmas\u0131n\u0131n hedeflendi\u011fini s\u00f6zlerine ekledi.<\/p>\n<p>T\u00f6rende konu\u015fan ARED Ba\u015fkan\u0131 ve T\u00dcREK Ba\u015fkan Yard\u0131mc\u0131s\u0131 \u015eahin Acar, birli\u011fin T\u00fcrk d\u00fcnyas\u0131na sa\u011flayaca\u011f\u0131 katk\u0131lara dikkat \u00e7ekerek, \u201cT\u00fcrk D\u00fcnyas\u0131 Pazarlama, Reklam ve Medya Birli\u011fi, T\u00fcrk dili konu\u015fan \u00fclkeler aras\u0131nda ekonomik, sosyal ve k\u00fclt\u00fcrel ba\u011flar\u0131 g\u00fc\u00e7lendirmek amac\u0131yla kurulmu\u015f uluslararas\u0131 bir sekt\u00f6rel i\u015f birli\u011fi platformudur. \u0130lk ad\u0131m\u0131m\u0131z\u0131 Azerbaycan ve T\u00fcrkiye ile att\u0131k. Bug\u00fcn Kuzey K\u0131br\u0131s T\u00fcrk Cumhuriyeti de aram\u0131za kat\u0131ld\u0131. Hedefimiz, di\u011fer T\u00fcrk topluluklar\u0131yla da bu \u00e7at\u0131 alt\u0131nda bir araya gelerek k\u00fclt\u00fcrlerimizi ya\u015fatmak, ekonomilerimizi b\u00fcy\u00fctmek ve sekt\u00f6r\u00fcm\u00fcz\u00fc t\u00fcm d\u00fcnyada daha g\u00f6r\u00fcn\u00fcr k\u0131lmakt\u0131r\u201d dedi.<\/p>\n<div class=\"mariselle-image-container center\">\n                <img decoding=\"async\" width=\"900\" height=\"600\" class=\"lazy-image\" alt=\"\" sizes=\"(max-width: 900px) 100vw, 900px\" src=\"https:\/\/brtk.net\/wp-content\/uploads\/2025\/04\/15\/e.jpeg?ver=bc8b7545bc668ac82eeca59afa841c05\" srcset=\"https:\/\/brtk.net\/wp-content\/uploads\/2025\/04\/15\/e.jpeg?ver=bc8b7545bc668ac82eeca59afa841c05 900w, https:\/\/brtk.net\/wp-content\/uploads\/2025\/04\/15\/e-300x200.jpeg?ver=bc8b7545bc668ac82eeca59afa841c05 300w, https:\/\/brtk.net\/wp-content\/uploads\/2025\/04\/15\/e-768x512.jpeg?ver=bc8b7545bc668ac82eeca59afa841c05 768w\"\/>                            <\/div>\n<p>RM\u0130D Ba\u015fkan\u0131 ve T\u00dcREK Ba\u015fkan Yard\u0131mc\u0131s\u0131 Khayala Mutallimova ise Azerbaycan\u2019\u0131n son d\u00f6nemdeki ba\u015far\u0131l\u0131 projelerine de\u011finerek, \u201cSay\u0131n Ahmet Bey ve \u015eahin Bey ile birlikte T\u00fcrk D\u00fcnyas\u0131 Reklam, Pazarlama ve Medya Birli\u011fi\u2019ni kurduk. Bu birlik, \u00fclkelerimiz aras\u0131nda ekonomik ve k\u00fclt\u00fcrel ba\u011flar\u0131 g\u00fc\u00e7lendirerek sekt\u00f6rel dayan\u0131\u015fmay\u0131 art\u0131racak. Ortak de\u011ferler \u00e7er\u00e7evesinde bilgi ak\u0131\u015f\u0131n\u0131 g\u00fc\u00e7lendirmek, i\u015f birliklerini derinle\u015ftirmek ve T\u00fcrk d\u00fcnyas\u0131yla diasporadaki topluluklar aras\u0131nda g\u00fc\u00e7l\u00fc bir ba\u011f kurmak \u00f6ncelikli hedefimizdir\u201d \u015feklinde konu\u015ftu.<\/p>\n<p>REP\u0130D ve T\u00dcREK Ba\u015fkan\u0131 Ahmet Pura, birli\u011fin kurulu\u015f s\u00fcrecine dair bilgi verirken, T\u00dcREK\u2019in sadece kurumlar \u00fcst\u00fc bir birlik olmad\u0131\u011f\u0131n\u0131, ayn\u0131 zamanda ortak bir vizyon ve gelece\u011fi temsil etti\u011fini vurgulad\u0131. Birli\u011fin sembol\u00fc olan TURNAn\u0131n T\u00fcrk k\u00fclt\u00fcr\u00fcndeki anlam\u0131n\u0131 a\u00e7\u0131klayan Pura, \u201cT\u00dcREK kapsam\u0131nda t\u00fcm T\u00fcrk D\u00fcnyas\u0131 i\u00e7in \u00f6rnek te\u015fkil edecek bir yap\u0131 kurmay\u0131 hedefliyoruz\u201d ifadelerini kulland\u0131.<\/p>\n<p>Merkez ofisi \u0130stanbul\u2019da kurulacak olan T\u00dcREK\u2019in faaliyetleri \u0130stanbul merkezli y\u00fcr\u00fct\u00fclecek. Birli\u011fin s\u00f6zc\u00fcl\u00fc\u011f\u00fcn\u00fc ilk iki y\u0131l T\u00fcrkiye \u00fcstlenecek, ard\u0131ndan bu g\u00f6rev Azerbaycan\u2019a devredilecek ve ilerleyen y\u0131llarda \u00fcye \u00fclkeler aras\u0131nda d\u00f6n\u00fc\u015f\u00fcml\u00fc olarak s\u00fcrd\u00fcr\u00fclecek. T\u00dcREK\u2019in faaliyet alan\u0131n\u0131n zamanla Kazakistan, \u00d6zbekistan, K\u0131rg\u0131zistan, T\u00fcrkmenistan ve t\u00fcm T\u00fcrk Devletleri ile k\u00fcresel T\u00fcrk diasporas\u0131n\u0131 kapsayacak \u015fekilde geni\u015fletilmesi planlan\u0131yor.<\/p>\n<p>T\u00dcREK\u2019in hayata ge\u00e7irece\u011fi e\u011fitim programlar\u0131, uluslararas\u0131 pazarlama ve medya projeleri, ticaret fuarlar\u0131 ve etkinliklerle \u00fcye \u00fclkelerdeki sekt\u00f6r profesyonellerinin etkile\u015fimini art\u0131rmas\u0131 ve ortak projeler geli\u015ftirmesi bekleniyor.<\/p>\n<\/p><\/div>\n<p><script async\n                    defer\n                    crossorigin=\"anonymous\"\n                    src=\"https:\/\/connect.facebook.net\/tr_TR\/sdk.js#xfbml=1&#038;version=v3.3\"\n            ><\/script><\/p>\n","protected":false},"excerpt":{"rendered":"<p>T\u00fcrk D\u00fcnyas\u0131 Pazarlama, Reklam ve Medya Birli\u011fi (T\u00dcREK), Ankara\u2019da d\u00fczenlenen bir tan\u0131t\u0131m toplant\u0131s\u0131yla sekt\u00f6re duyuruldu.TC Ticaret Bakanl\u0131\u011f\u0131 S\u00f6\u011f\u00fct\u00f6z\u00fc Yerle\u015fkesi\u2019nde ger\u00e7ekle\u015fen toplant\u0131ya, T.C. Ticaret Bakan\u0131 Prof. Dr. \u00d6mer Bolat\u2019\u0131n yan\u0131 s\u0131ra bakan yard\u0131mc\u0131lar\u0131, bakanl\u0131k temsilcileri, kamu ve \u00f6zel sekt\u00f6r\u00fcn \u00fcst d\u00fczey y\u00f6neticileri ile bas\u0131n mensuplar\u0131 yo\u011fun ilgi g\u00f6sterdi. Reklam ve Pazarlama \u0130leti\u015fimi Derne\u011fi (REP\u0130D), A\u00e7\u0131khava ve [&hellip;]<\/p>\n","protected":false},"author":1,"featured_media":22012,"comment_status":"open","ping_status":"open","sticky":false,"template":"","format":"standard","meta":{"jnews-multi-image_gallery":[],"jnews_single_post":[],"jnews_primary_category":[],"footnotes":""},"categories":[2],"tags":[],"class_list":["post-22011","post","type-post","status-publish","format-standard","has-post-thumbnail","hentry","category-dunya"],"yoast_head":"<!-- This site is optimized with the Yoast SEO plugin v27.5 - https:\/\/yoast.com\/product\/yoast-seo-wordpress\/ -->\n<title>T\u00fcrk D\u00fcnyas\u0131\u2019nda bir ilk, Pazarlama, Reklam ve Medya Birli\u011fi \u201cT\u00dcREK\u201d kuruldu\u2026Platformun ilk \u00fcyesinin KKTC REKDER olaca\u011f\u0131 a\u00e7\u0131kland\u0131 - Haber Kuzey<\/title>\n<meta name=\"robots\" content=\"index, follow, max-snippet:-1, max-image-preview:large, max-video-preview:-1\" \/>\n<link rel=\"canonical\" href=\"https:\/\/haberkuzey.com\/index.php\/2025\/04\/16\/turk-dunyasinda-bir-ilk-pazarlama-reklam-ve-medya-birligi-turek-kurulduplatformun-ilk-uyesinin-kktc-rekder-olacagi-aciklandi\/\" \/>\n<meta property=\"og:locale\" content=\"tr_TR\" \/>\n<meta property=\"og:type\" content=\"article\" \/>\n<meta property=\"og:title\" content=\"T\u00fcrk D\u00fcnyas\u0131\u2019nda bir ilk, Pazarlama, Reklam ve Medya Birli\u011fi \u201cT\u00dcREK\u201d kuruldu\u2026Platformun ilk \u00fcyesinin KKTC REKDER olaca\u011f\u0131 a\u00e7\u0131kland\u0131 - Haber Kuzey\" \/>\n<meta property=\"og:description\" content=\"T\u00fcrk D\u00fcnyas\u0131 Pazarlama, Reklam ve Medya Birli\u011fi (T\u00dcREK), Ankara\u2019da d\u00fczenlenen bir tan\u0131t\u0131m toplant\u0131s\u0131yla sekt\u00f6re duyuruldu.TC Ticaret Bakanl\u0131\u011f\u0131 S\u00f6\u011f\u00fct\u00f6z\u00fc Yerle\u015fkesi\u2019nde ger\u00e7ekle\u015fen toplant\u0131ya, T.C. Ticaret Bakan\u0131 Prof. Dr. \u00d6mer Bolat\u2019\u0131n yan\u0131 s\u0131ra bakan yard\u0131mc\u0131lar\u0131, bakanl\u0131k temsilcileri, kamu ve \u00f6zel sekt\u00f6r\u00fcn \u00fcst d\u00fczey y\u00f6neticileri ile bas\u0131n mensuplar\u0131 yo\u011fun ilgi g\u00f6sterdi. Reklam ve Pazarlama \u0130leti\u015fimi Derne\u011fi (REP\u0130D), A\u00e7\u0131khava ve [&hellip;]\" \/>\n<meta property=\"og:url\" content=\"https:\/\/haberkuzey.com\/index.php\/2025\/04\/16\/turk-dunyasinda-bir-ilk-pazarlama-reklam-ve-medya-birligi-turek-kurulduplatformun-ilk-uyesinin-kktc-rekder-olacagi-aciklandi\/\" \/>\n<meta property=\"og:site_name\" content=\"Haber Kuzey\" \/>\n<meta property=\"article:published_time\" content=\"2025-04-16T11:27:14+00:00\" \/>\n<meta property=\"og:image\" content=\"https:\/\/brtk.net\/wp-content\/uploads\/2025\/04\/15\/IMG-20250415-WA0067.jpg?ver=2a7d7b9f05d8f5694945d8c6fbb9ec46\" \/>\n<meta name=\"author\" content=\"haberkuzey\" \/>\n<meta name=\"twitter:card\" content=\"summary_large_image\" \/>\n<meta name=\"twitter:label1\" content=\"Yazan:\" \/>\n\t<meta name=\"twitter:data1\" content=\"haberkuzey\" \/>\n\t<meta name=\"twitter:label2\" content=\"Tahmini okuma s\u00fcresi\" \/>\n\t<meta name=\"twitter:data2\" content=\"4 dakika\" \/>\n<script type=\"application\/ld+json\" class=\"yoast-schema-graph\">{\"@context\":\"https:\\\/\\\/schema.org\",\"@graph\":[{\"@type\":\"Article\",\"@id\":\"https:\\\/\\\/haberkuzey.com\\\/index.php\\\/2025\\\/04\\\/16\\\/turk-dunyasinda-bir-ilk-pazarlama-reklam-ve-medya-birligi-turek-kurulduplatformun-ilk-uyesinin-kktc-rekder-olacagi-aciklandi\\\/#article\",\"isPartOf\":{\"@id\":\"https:\\\/\\\/haberkuzey.com\\\/index.php\\\/2025\\\/04\\\/16\\\/turk-dunyasinda-bir-ilk-pazarlama-reklam-ve-medya-birligi-turek-kurulduplatformun-ilk-uyesinin-kktc-rekder-olacagi-aciklandi\\\/\"},\"author\":{\"name\":\"haberkuzey\",\"@id\":\"https:\\\/\\\/haberkuzey.com\\\/#\\\/schema\\\/person\\\/3372109ec735f9333f4fa47ebb9605ca\"},\"headline\":\"T\u00fcrk D\u00fcnyas\u0131\u2019nda bir ilk, Pazarlama, Reklam ve Medya Birli\u011fi \u201cT\u00dcREK\u201d kuruldu\u2026Platformun ilk \u00fcyesinin KKTC REKDER olaca\u011f\u0131 a\u00e7\u0131kland\u0131\",\"datePublished\":\"2025-04-16T11:27:14+00:00\",\"mainEntityOfPage\":{\"@id\":\"https:\\\/\\\/haberkuzey.com\\\/index.php\\\/2025\\\/04\\\/16\\\/turk-dunyasinda-bir-ilk-pazarlama-reklam-ve-medya-birligi-turek-kurulduplatformun-ilk-uyesinin-kktc-rekder-olacagi-aciklandi\\\/\"},\"wordCount\":806,\"commentCount\":0,\"image\":{\"@id\":\"https:\\\/\\\/haberkuzey.com\\\/index.php\\\/2025\\\/04\\\/16\\\/turk-dunyasinda-bir-ilk-pazarlama-reklam-ve-medya-birligi-turek-kurulduplatformun-ilk-uyesinin-kktc-rekder-olacagi-aciklandi\\\/#primaryimage\"},\"thumbnailUrl\":\"https:\\\/\\\/haberkuzey.com\\\/wp-content\\\/uploads\\\/2025\\\/04\\\/IMG-20250415-WA0067.jpg\",\"articleSection\":[\"D\u00fcnya\"],\"inLanguage\":\"tr\",\"potentialAction\":[{\"@type\":\"CommentAction\",\"name\":\"Comment\",\"target\":[\"https:\\\/\\\/haberkuzey.com\\\/index.php\\\/2025\\\/04\\\/16\\\/turk-dunyasinda-bir-ilk-pazarlama-reklam-ve-medya-birligi-turek-kurulduplatformun-ilk-uyesinin-kktc-rekder-olacagi-aciklandi\\\/#respond\"]}]},{\"@type\":\"WebPage\",\"@id\":\"https:\\\/\\\/haberkuzey.com\\\/index.php\\\/2025\\\/04\\\/16\\\/turk-dunyasinda-bir-ilk-pazarlama-reklam-ve-medya-birligi-turek-kurulduplatformun-ilk-uyesinin-kktc-rekder-olacagi-aciklandi\\\/\",\"url\":\"https:\\\/\\\/haberkuzey.com\\\/index.php\\\/2025\\\/04\\\/16\\\/turk-dunyasinda-bir-ilk-pazarlama-reklam-ve-medya-birligi-turek-kurulduplatformun-ilk-uyesinin-kktc-rekder-olacagi-aciklandi\\\/\",\"name\":\"T\u00fcrk D\u00fcnyas\u0131\u2019nda bir ilk, Pazarlama, Reklam ve Medya Birli\u011fi \u201cT\u00dcREK\u201d kuruldu\u2026Platformun ilk \u00fcyesinin KKTC REKDER olaca\u011f\u0131 a\u00e7\u0131kland\u0131 - Haber Kuzey\",\"isPartOf\":{\"@id\":\"https:\\\/\\\/haberkuzey.com\\\/#website\"},\"primaryImageOfPage\":{\"@id\":\"https:\\\/\\\/haberkuzey.com\\\/index.php\\\/2025\\\/04\\\/16\\\/turk-dunyasinda-bir-ilk-pazarlama-reklam-ve-medya-birligi-turek-kurulduplatformun-ilk-uyesinin-kktc-rekder-olacagi-aciklandi\\\/#primaryimage\"},\"image\":{\"@id\":\"https:\\\/\\\/haberkuzey.com\\\/index.php\\\/2025\\\/04\\\/16\\\/turk-dunyasinda-bir-ilk-pazarlama-reklam-ve-medya-birligi-turek-kurulduplatformun-ilk-uyesinin-kktc-rekder-olacagi-aciklandi\\\/#primaryimage\"},\"thumbnailUrl\":\"https:\\\/\\\/haberkuzey.com\\\/wp-content\\\/uploads\\\/2025\\\/04\\\/IMG-20250415-WA0067.jpg\",\"datePublished\":\"2025-04-16T11:27:14+00:00\",\"author\":{\"@id\":\"https:\\\/\\\/haberkuzey.com\\\/#\\\/schema\\\/person\\\/3372109ec735f9333f4fa47ebb9605ca\"},\"breadcrumb\":{\"@id\":\"https:\\\/\\\/haberkuzey.com\\\/index.php\\\/2025\\\/04\\\/16\\\/turk-dunyasinda-bir-ilk-pazarlama-reklam-ve-medya-birligi-turek-kurulduplatformun-ilk-uyesinin-kktc-rekder-olacagi-aciklandi\\\/#breadcrumb\"},\"inLanguage\":\"tr\",\"potentialAction\":[{\"@type\":\"ReadAction\",\"target\":[\"https:\\\/\\\/haberkuzey.com\\\/index.php\\\/2025\\\/04\\\/16\\\/turk-dunyasinda-bir-ilk-pazarlama-reklam-ve-medya-birligi-turek-kurulduplatformun-ilk-uyesinin-kktc-rekder-olacagi-aciklandi\\\/\"]}]},{\"@type\":\"ImageObject\",\"inLanguage\":\"tr\",\"@id\":\"https:\\\/\\\/haberkuzey.com\\\/index.php\\\/2025\\\/04\\\/16\\\/turk-dunyasinda-bir-ilk-pazarlama-reklam-ve-medya-birligi-turek-kurulduplatformun-ilk-uyesinin-kktc-rekder-olacagi-aciklandi\\\/#primaryimage\",\"url\":\"https:\\\/\\\/haberkuzey.com\\\/wp-content\\\/uploads\\\/2025\\\/04\\\/IMG-20250415-WA0067.jpg\",\"contentUrl\":\"https:\\\/\\\/haberkuzey.com\\\/wp-content\\\/uploads\\\/2025\\\/04\\\/IMG-20250415-WA0067.jpg\",\"width\":900,\"height\":600},{\"@type\":\"BreadcrumbList\",\"@id\":\"https:\\\/\\\/haberkuzey.com\\\/index.php\\\/2025\\\/04\\\/16\\\/turk-dunyasinda-bir-ilk-pazarlama-reklam-ve-medya-birligi-turek-kurulduplatformun-ilk-uyesinin-kktc-rekder-olacagi-aciklandi\\\/#breadcrumb\",\"itemListElement\":[{\"@type\":\"ListItem\",\"position\":1,\"name\":\"Anasayfa\",\"item\":\"https:\\\/\\\/haberkuzey.com\\\/\"},{\"@type\":\"ListItem\",\"position\":2,\"name\":\"T\u00fcrk D\u00fcnyas\u0131\u2019nda bir ilk, Pazarlama, Reklam ve Medya Birli\u011fi \u201cT\u00dcREK\u201d kuruldu\u2026Platformun ilk \u00fcyesinin KKTC REKDER olaca\u011f\u0131 a\u00e7\u0131kland\u0131\"}]},{\"@type\":\"WebSite\",\"@id\":\"https:\\\/\\\/haberkuzey.com\\\/#website\",\"url\":\"https:\\\/\\\/haberkuzey.com\\\/\",\"name\":\"Haber Kuzey\",\"description\":\"Do\u011fru Haberin Adresi\",\"potentialAction\":[{\"@type\":\"SearchAction\",\"target\":{\"@type\":\"EntryPoint\",\"urlTemplate\":\"https:\\\/\\\/haberkuzey.com\\\/?s={search_term_string}\"},\"query-input\":{\"@type\":\"PropertyValueSpecification\",\"valueRequired\":true,\"valueName\":\"search_term_string\"}}],\"inLanguage\":\"tr\"},{\"@type\":\"Person\",\"@id\":\"https:\\\/\\\/haberkuzey.com\\\/#\\\/schema\\\/person\\\/3372109ec735f9333f4fa47ebb9605ca\",\"name\":\"haberkuzey\",\"image\":{\"@type\":\"ImageObject\",\"inLanguage\":\"tr\",\"@id\":\"https:\\\/\\\/secure.gravatar.com\\\/avatar\\\/f5fc875574b1575324358c3b9e6a32b8227aa5b74f3fa22e3cadb63e26fcc39c?s=96&d=mm&r=g\",\"url\":\"https:\\\/\\\/secure.gravatar.com\\\/avatar\\\/f5fc875574b1575324358c3b9e6a32b8227aa5b74f3fa22e3cadb63e26fcc39c?s=96&d=mm&r=g\",\"contentUrl\":\"https:\\\/\\\/secure.gravatar.com\\\/avatar\\\/f5fc875574b1575324358c3b9e6a32b8227aa5b74f3fa22e3cadb63e26fcc39c?s=96&d=mm&r=g\",\"caption\":\"haberkuzey\"},\"sameAs\":[\"https:\\\/\\\/haberkuzey.com\"],\"url\":\"https:\\\/\\\/haberkuzey.com\\\/index.php\\\/author\\\/haberkuzey\\\/\"}]}<\/script>\n<!-- \/ Yoast SEO plugin. -->","yoast_head_json":{"title":"T\u00fcrk D\u00fcnyas\u0131\u2019nda bir ilk, Pazarlama, Reklam ve Medya Birli\u011fi \u201cT\u00dcREK\u201d kuruldu\u2026Platformun ilk \u00fcyesinin KKTC REKDER olaca\u011f\u0131 a\u00e7\u0131kland\u0131 - Haber Kuzey","robots":{"index":"index","follow":"follow","max-snippet":"max-snippet:-1","max-image-preview":"max-image-preview:large","max-video-preview":"max-video-preview:-1"},"canonical":"https:\/\/haberkuzey.com\/index.php\/2025\/04\/16\/turk-dunyasinda-bir-ilk-pazarlama-reklam-ve-medya-birligi-turek-kurulduplatformun-ilk-uyesinin-kktc-rekder-olacagi-aciklandi\/","og_locale":"tr_TR","og_type":"article","og_title":"T\u00fcrk D\u00fcnyas\u0131\u2019nda bir ilk, Pazarlama, Reklam ve Medya Birli\u011fi \u201cT\u00dcREK\u201d kuruldu\u2026Platformun ilk \u00fcyesinin KKTC REKDER olaca\u011f\u0131 a\u00e7\u0131kland\u0131 - Haber Kuzey","og_description":"T\u00fcrk D\u00fcnyas\u0131 Pazarlama, Reklam ve Medya Birli\u011fi (T\u00dcREK), Ankara\u2019da d\u00fczenlenen bir tan\u0131t\u0131m toplant\u0131s\u0131yla sekt\u00f6re duyuruldu.TC Ticaret Bakanl\u0131\u011f\u0131 S\u00f6\u011f\u00fct\u00f6z\u00fc Yerle\u015fkesi\u2019nde ger\u00e7ekle\u015fen toplant\u0131ya, T.C. Ticaret Bakan\u0131 Prof. Dr. \u00d6mer Bolat\u2019\u0131n yan\u0131 s\u0131ra bakan yard\u0131mc\u0131lar\u0131, bakanl\u0131k temsilcileri, kamu ve \u00f6zel sekt\u00f6r\u00fcn \u00fcst d\u00fczey y\u00f6neticileri ile bas\u0131n mensuplar\u0131 yo\u011fun ilgi g\u00f6sterdi. Reklam ve Pazarlama \u0130leti\u015fimi Derne\u011fi (REP\u0130D), A\u00e7\u0131khava ve [&hellip;]","og_url":"https:\/\/haberkuzey.com\/index.php\/2025\/04\/16\/turk-dunyasinda-bir-ilk-pazarlama-reklam-ve-medya-birligi-turek-kurulduplatformun-ilk-uyesinin-kktc-rekder-olacagi-aciklandi\/","og_site_name":"Haber Kuzey","article_published_time":"2025-04-16T11:27:14+00:00","og_image":[{"url":"https:\/\/brtk.net\/wp-content\/uploads\/2025\/04\/15\/IMG-20250415-WA0067.jpg?ver=2a7d7b9f05d8f5694945d8c6fbb9ec46","type":"","width":"","height":""}],"author":"haberkuzey","twitter_card":"summary_large_image","twitter_misc":{"Yazan:":"haberkuzey","Tahmini okuma s\u00fcresi":"4 dakika"},"schema":{"@context":"https:\/\/schema.org","@graph":[{"@type":"Article","@id":"https:\/\/haberkuzey.com\/index.php\/2025\/04\/16\/turk-dunyasinda-bir-ilk-pazarlama-reklam-ve-medya-birligi-turek-kurulduplatformun-ilk-uyesinin-kktc-rekder-olacagi-aciklandi\/#article","isPartOf":{"@id":"https:\/\/haberkuzey.com\/index.php\/2025\/04\/16\/turk-dunyasinda-bir-ilk-pazarlama-reklam-ve-medya-birligi-turek-kurulduplatformun-ilk-uyesinin-kktc-rekder-olacagi-aciklandi\/"},"author":{"name":"haberkuzey","@id":"https:\/\/haberkuzey.com\/#\/schema\/person\/3372109ec735f9333f4fa47ebb9605ca"},"headline":"T\u00fcrk D\u00fcnyas\u0131\u2019nda bir ilk, Pazarlama, Reklam ve Medya Birli\u011fi \u201cT\u00dcREK\u201d kuruldu\u2026Platformun ilk \u00fcyesinin KKTC REKDER olaca\u011f\u0131 a\u00e7\u0131kland\u0131","datePublished":"2025-04-16T11:27:14+00:00","mainEntityOfPage":{"@id":"https:\/\/haberkuzey.com\/index.php\/2025\/04\/16\/turk-dunyasinda-bir-ilk-pazarlama-reklam-ve-medya-birligi-turek-kurulduplatformun-ilk-uyesinin-kktc-rekder-olacagi-aciklandi\/"},"wordCount":806,"commentCount":0,"image":{"@id":"https:\/\/haberkuzey.com\/index.php\/2025\/04\/16\/turk-dunyasinda-bir-ilk-pazarlama-reklam-ve-medya-birligi-turek-kurulduplatformun-ilk-uyesinin-kktc-rekder-olacagi-aciklandi\/#primaryimage"},"thumbnailUrl":"https:\/\/haberkuzey.com\/wp-content\/uploads\/2025\/04\/IMG-20250415-WA0067.jpg","articleSection":["D\u00fcnya"],"inLanguage":"tr","potentialAction":[{"@type":"CommentAction","name":"Comment","target":["https:\/\/haberkuzey.com\/index.php\/2025\/04\/16\/turk-dunyasinda-bir-ilk-pazarlama-reklam-ve-medya-birligi-turek-kurulduplatformun-ilk-uyesinin-kktc-rekder-olacagi-aciklandi\/#respond"]}]},{"@type":"WebPage","@id":"https:\/\/haberkuzey.com\/index.php\/2025\/04\/16\/turk-dunyasinda-bir-ilk-pazarlama-reklam-ve-medya-birligi-turek-kurulduplatformun-ilk-uyesinin-kktc-rekder-olacagi-aciklandi\/","url":"https:\/\/haberkuzey.com\/index.php\/2025\/04\/16\/turk-dunyasinda-bir-ilk-pazarlama-reklam-ve-medya-birligi-turek-kurulduplatformun-ilk-uyesinin-kktc-rekder-olacagi-aciklandi\/","name":"T\u00fcrk D\u00fcnyas\u0131\u2019nda bir ilk, Pazarlama, Reklam ve Medya Birli\u011fi \u201cT\u00dcREK\u201d kuruldu\u2026Platformun ilk \u00fcyesinin KKTC REKDER olaca\u011f\u0131 a\u00e7\u0131kland\u0131 - Haber Kuzey","isPartOf":{"@id":"https:\/\/haberkuzey.com\/#website"},"primaryImageOfPage":{"@id":"https:\/\/haberkuzey.com\/index.php\/2025\/04\/16\/turk-dunyasinda-bir-ilk-pazarlama-reklam-ve-medya-birligi-turek-kurulduplatformun-ilk-uyesinin-kktc-rekder-olacagi-aciklandi\/#primaryimage"},"image":{"@id":"https:\/\/haberkuzey.com\/index.php\/2025\/04\/16\/turk-dunyasinda-bir-ilk-pazarlama-reklam-ve-medya-birligi-turek-kurulduplatformun-ilk-uyesinin-kktc-rekder-olacagi-aciklandi\/#primaryimage"},"thumbnailUrl":"https:\/\/haberkuzey.com\/wp-content\/uploads\/2025\/04\/IMG-20250415-WA0067.jpg","datePublished":"2025-04-16T11:27:14+00:00","author":{"@id":"https:\/\/haberkuzey.com\/#\/schema\/person\/3372109ec735f9333f4fa47ebb9605ca"},"breadcrumb":{"@id":"https:\/\/haberkuzey.com\/index.php\/2025\/04\/16\/turk-dunyasinda-bir-ilk-pazarlama-reklam-ve-medya-birligi-turek-kurulduplatformun-ilk-uyesinin-kktc-rekder-olacagi-aciklandi\/#breadcrumb"},"inLanguage":"tr","potentialAction":[{"@type":"ReadAction","target":["https:\/\/haberkuzey.com\/index.php\/2025\/04\/16\/turk-dunyasinda-bir-ilk-pazarlama-reklam-ve-medya-birligi-turek-kurulduplatformun-ilk-uyesinin-kktc-rekder-olacagi-aciklandi\/"]}]},{"@type":"ImageObject","inLanguage":"tr","@id":"https:\/\/haberkuzey.com\/index.php\/2025\/04\/16\/turk-dunyasinda-bir-ilk-pazarlama-reklam-ve-medya-birligi-turek-kurulduplatformun-ilk-uyesinin-kktc-rekder-olacagi-aciklandi\/#primaryimage","url":"https:\/\/haberkuzey.com\/wp-content\/uploads\/2025\/04\/IMG-20250415-WA0067.jpg","contentUrl":"https:\/\/haberkuzey.com\/wp-content\/uploads\/2025\/04\/IMG-20250415-WA0067.jpg","width":900,"height":600},{"@type":"BreadcrumbList","@id":"https:\/\/haberkuzey.com\/index.php\/2025\/04\/16\/turk-dunyasinda-bir-ilk-pazarlama-reklam-ve-medya-birligi-turek-kurulduplatformun-ilk-uyesinin-kktc-rekder-olacagi-aciklandi\/#breadcrumb","itemListElement":[{"@type":"ListItem","position":1,"name":"Anasayfa","item":"https:\/\/haberkuzey.com\/"},{"@type":"ListItem","position":2,"name":"T\u00fcrk D\u00fcnyas\u0131\u2019nda bir ilk, Pazarlama, Reklam ve Medya Birli\u011fi \u201cT\u00dcREK\u201d kuruldu\u2026Platformun ilk \u00fcyesinin KKTC REKDER olaca\u011f\u0131 a\u00e7\u0131kland\u0131"}]},{"@type":"WebSite","@id":"https:\/\/haberkuzey.com\/#website","url":"https:\/\/haberkuzey.com\/","name":"Haber Kuzey","description":"Do\u011fru Haberin Adresi","potentialAction":[{"@type":"SearchAction","target":{"@type":"EntryPoint","urlTemplate":"https:\/\/haberkuzey.com\/?s={search_term_string}"},"query-input":{"@type":"PropertyValueSpecification","valueRequired":true,"valueName":"search_term_string"}}],"inLanguage":"tr"},{"@type":"Person","@id":"https:\/\/haberkuzey.com\/#\/schema\/person\/3372109ec735f9333f4fa47ebb9605ca","name":"haberkuzey","image":{"@type":"ImageObject","inLanguage":"tr","@id":"https:\/\/secure.gravatar.com\/avatar\/f5fc875574b1575324358c3b9e6a32b8227aa5b74f3fa22e3cadb63e26fcc39c?s=96&d=mm&r=g","url":"https:\/\/secure.gravatar.com\/avatar\/f5fc875574b1575324358c3b9e6a32b8227aa5b74f3fa22e3cadb63e26fcc39c?s=96&d=mm&r=g","contentUrl":"https:\/\/secure.gravatar.com\/avatar\/f5fc875574b1575324358c3b9e6a32b8227aa5b74f3fa22e3cadb63e26fcc39c?s=96&d=mm&r=g","caption":"haberkuzey"},"sameAs":["https:\/\/haberkuzey.com"],"url":"https:\/\/haberkuzey.com\/index.php\/author\/haberkuzey\/"}]}},"_links":{"self":[{"href":"https:\/\/haberkuzey.com\/index.php\/wp-json\/wp\/v2\/posts\/22011","targetHints":{"allow":["GET"]}}],"collection":[{"href":"https:\/\/haberkuzey.com\/index.php\/wp-json\/wp\/v2\/posts"}],"about":[{"href":"https:\/\/haberkuzey.com\/index.php\/wp-json\/wp\/v2\/types\/post"}],"author":[{"embeddable":true,"href":"https:\/\/haberkuzey.com\/index.php\/wp-json\/wp\/v2\/users\/1"}],"replies":[{"embeddable":true,"href":"https:\/\/haberkuzey.com\/index.php\/wp-json\/wp\/v2\/comments?post=22011"}],"version-history":[{"count":0,"href":"https:\/\/haberkuzey.com\/index.php\/wp-json\/wp\/v2\/posts\/22011\/revisions"}],"wp:featuredmedia":[{"embeddable":true,"href":"https:\/\/haberkuzey.com\/index.php\/wp-json\/wp\/v2\/media\/22012"}],"wp:attachment":[{"href":"https:\/\/haberkuzey.com\/index.php\/wp-json\/wp\/v2\/media?parent=22011"}],"wp:term":[{"taxonomy":"category","embeddable":true,"href":"https:\/\/haberkuzey.com\/index.php\/wp-json\/wp\/v2\/categories?post=22011"},{"taxonomy":"post_tag","embeddable":true,"href":"https:\/\/haberkuzey.com\/index.php\/wp-json\/wp\/v2\/tags?post=22011"}],"curies":[{"name":"wp","href":"https:\/\/api.w.org\/{rel}","templated":true}]}}