{"id":21953,"date":"2025-04-15T17:00:26","date_gmt":"2025-04-15T14:00:26","guid":{"rendered":"https:\/\/haberkuzey.com\/index.php\/2025\/04\/15\/chpnin-38-olagan-kurultayina-iliskin-sorusturma-ekrem-imamoglu-ile-birlikte-86-kisinin-ifadeleri-alinmaya-baslandi\/"},"modified":"2025-04-15T17:00:26","modified_gmt":"2025-04-15T14:00:26","slug":"chpnin-38-olagan-kurultayina-iliskin-sorusturma-ekrem-imamoglu-ile-birlikte-86-kisinin-ifadeleri-alinmaya-baslandi","status":"publish","type":"post","link":"https:\/\/haberkuzey.com\/index.php\/2025\/04\/15\/chpnin-38-olagan-kurultayina-iliskin-sorusturma-ekrem-imamoglu-ile-birlikte-86-kisinin-ifadeleri-alinmaya-baslandi\/","title":{"rendered":"CHP\u2019nin 38. Ola\u011fan Kurultay\u0131\u2019na ili\u015fkin soru\u015fturma: Ekrem \u0130mamo\u011flu ile birlikte 86 ki\u015finin ifadeleri al\u0131nmaya ba\u015fland\u0131"},"content":{"rendered":"<div>\n<div class=\"mariselle-image-container center\">\n                                            <\/div>\n<p>CHP\u2019nin 38. Ola\u011fan Kurultay\u0131\u2019nda \u201cpara kar\u015f\u0131l\u0131\u011f\u0131 oy kulland\u0131r\u0131ld\u0131\u011f\u0131\u201d iddialar\u0131na ili\u015fkin soru\u015fturmada aralar\u0131nda \u0130stanbul B\u00fcy\u00fck\u015fehir Belediyesine (\u0130BB) y\u00f6nelik yolsuzluk soru\u015fturmas\u0131 kapsam\u0131nda tutuklanmas\u0131n\u0131n ard\u0131ndan \u0130BB Ba\u015fkanl\u0131\u011f\u0131 g\u00f6revinden uzakla\u015ft\u0131r\u0131lan Ekrem \u0130mamo\u011flu ve CHP \u0130stanbul \u0130l Ba\u015fkan\u0131 \u00d6zg\u00fcr \u00c7elik ile gazeteciler \u015eaban Sevin\u00e7 ve \u0130smail Saymaz\u2019\u0131n da bulundu\u011fu 86 ki\u015finin ifadeleri al\u0131nmaya ba\u015fland\u0131.<\/p>\n<p>Ankara Cumhuriyet Ba\u015fsavc\u0131l\u0131\u011f\u0131n\u0131n, CHP\u2019nin 38. Ola\u011fan Kurultay\u0131\u2019na ili\u015fkin Siyasi Partiler Kanunu\u2019nun 112. maddesi ve ilgili di\u011fer mevzuat h\u00fck\u00fcmlerine g\u00f6re y\u00fcr\u00fctt\u00fc\u011f\u00fc soru\u015fturmas\u0131 devam ediyor.<\/p>\n<p>Bug\u00fcne kadar 21 ki\u015finin tan\u0131k s\u0131fat\u0131yla ifadesi al\u0131nan soru\u015fturmada tan\u0131k beyanlar\u0131nda ge\u00e7en ki\u015filerin hesap hareketlerinin incelenmesi i\u00e7in Mali Su\u00e7lar\u0131 Ara\u015ft\u0131rma Kurulu Ba\u015fkanl\u0131\u011f\u0131ndan (MASAK) gelen raporun dava dosyas\u0131na girmesinin ard\u0131ndan tan\u0131k beyanlar\u0131, MASAK raporu, SGK kay\u0131tlar\u0131, tapu kay\u0131tlar\u0131 ve ilgili evraklar dikkate al\u0131narak 86 \u015f\u00fcphelinin ifadelerinin al\u0131nmas\u0131na ge\u00e7ildi.<\/p>\n<p>Soru\u015fturma kapsam\u0131nda \u015f\u00fcphelilerden CHP Genel Merkez avukat\u0131 \u00c7a\u011flar \u00c7a\u011flayan\u2019\u0131n ifade verdi\u011fi \u00f6\u011frenildi.<\/p>\n<p>Savc\u0131l\u0131\u011f\u0131n \u015f\u00fcpheli listesinde \u0130BB Ba\u015fkanl\u0131\u011f\u0131 g\u00f6revinden uzakla\u015ft\u0131r\u0131lan Ekrem \u0130mamo\u011flu, CHP \u0130stanbul \u0130l Ba\u015fkan\u0131 \u00d6zg\u00fcr \u00c7elik ile baz\u0131 parti y\u00f6neticileri ile gazeteciler \u015eaban Sevin\u00e7 ve \u0130smail Saymaz da bulunuyor.<\/p>\n<\/p><\/div>\n<p><script async\n                    defer\n                    crossorigin=\"anonymous\"\n                    src=\"https:\/\/connect.facebook.net\/tr_TR\/sdk.js#xfbml=1&#038;version=v3.3\"\n            ><\/script><\/p>\n","protected":false},"excerpt":{"rendered":"<p>CHP\u2019nin 38. Ola\u011fan Kurultay\u0131\u2019nda \u201cpara kar\u015f\u0131l\u0131\u011f\u0131 oy kulland\u0131r\u0131ld\u0131\u011f\u0131\u201d iddialar\u0131na ili\u015fkin soru\u015fturmada aralar\u0131nda \u0130stanbul B\u00fcy\u00fck\u015fehir Belediyesine (\u0130BB) y\u00f6nelik yolsuzluk soru\u015fturmas\u0131 kapsam\u0131nda tutuklanmas\u0131n\u0131n ard\u0131ndan \u0130BB Ba\u015fkanl\u0131\u011f\u0131 g\u00f6revinden uzakla\u015ft\u0131r\u0131lan Ekrem \u0130mamo\u011flu ve CHP \u0130stanbul \u0130l Ba\u015fkan\u0131 \u00d6zg\u00fcr \u00c7elik ile gazeteciler \u015eaban Sevin\u00e7 ve \u0130smail Saymaz\u2019\u0131n da bulundu\u011fu 86 ki\u015finin ifadeleri al\u0131nmaya ba\u015fland\u0131. Ankara Cumhuriyet Ba\u015fsavc\u0131l\u0131\u011f\u0131n\u0131n, CHP\u2019nin 38. Ola\u011fan [&hellip;]<\/p>\n","protected":false},"author":1,"featured_media":21954,"comment_status":"open","ping_status":"open","sticky":false,"template":"","format":"standard","meta":{"jnews-multi-image_gallery":[],"jnews_single_post":[],"jnews_primary_category":[],"footnotes":""},"categories":[2],"tags":[],"class_list":["post-21953","post","type-post","status-publish","format-standard","has-post-thumbnail","hentry","category-dunya"],"yoast_head":"<!-- This site is optimized with the Yoast SEO plugin v27.5 - https:\/\/yoast.com\/product\/yoast-seo-wordpress\/ -->\n<title>CHP\u2019nin 38. Ola\u011fan Kurultay\u0131\u2019na ili\u015fkin soru\u015fturma: Ekrem \u0130mamo\u011flu ile birlikte 86 ki\u015finin ifadeleri al\u0131nmaya ba\u015fland\u0131 - Haber Kuzey<\/title>\n<meta name=\"robots\" content=\"index, follow, max-snippet:-1, max-image-preview:large, max-video-preview:-1\" \/>\n<link rel=\"canonical\" href=\"https:\/\/haberkuzey.com\/index.php\/2025\/04\/15\/chpnin-38-olagan-kurultayina-iliskin-sorusturma-ekrem-imamoglu-ile-birlikte-86-kisinin-ifadeleri-alinmaya-baslandi\/\" \/>\n<meta property=\"og:locale\" content=\"tr_TR\" \/>\n<meta property=\"og:type\" content=\"article\" \/>\n<meta property=\"og:title\" content=\"CHP\u2019nin 38. Ola\u011fan Kurultay\u0131\u2019na ili\u015fkin soru\u015fturma: Ekrem \u0130mamo\u011flu ile birlikte 86 ki\u015finin ifadeleri al\u0131nmaya ba\u015fland\u0131 - Haber Kuzey\" \/>\n<meta property=\"og:description\" content=\"CHP\u2019nin 38. Ola\u011fan Kurultay\u0131\u2019nda \u201cpara kar\u015f\u0131l\u0131\u011f\u0131 oy kulland\u0131r\u0131ld\u0131\u011f\u0131\u201d iddialar\u0131na ili\u015fkin soru\u015fturmada aralar\u0131nda \u0130stanbul B\u00fcy\u00fck\u015fehir Belediyesine (\u0130BB) y\u00f6nelik yolsuzluk soru\u015fturmas\u0131 kapsam\u0131nda tutuklanmas\u0131n\u0131n ard\u0131ndan \u0130BB Ba\u015fkanl\u0131\u011f\u0131 g\u00f6revinden uzakla\u015ft\u0131r\u0131lan Ekrem \u0130mamo\u011flu ve CHP \u0130stanbul \u0130l Ba\u015fkan\u0131 \u00d6zg\u00fcr \u00c7elik ile gazeteciler \u015eaban Sevin\u00e7 ve \u0130smail Saymaz\u2019\u0131n da bulundu\u011fu 86 ki\u015finin ifadeleri al\u0131nmaya ba\u015fland\u0131. Ankara Cumhuriyet Ba\u015fsavc\u0131l\u0131\u011f\u0131n\u0131n, CHP\u2019nin 38. Ola\u011fan [&hellip;]\" \/>\n<meta property=\"og:url\" content=\"https:\/\/haberkuzey.com\/index.php\/2025\/04\/15\/chpnin-38-olagan-kurultayina-iliskin-sorusturma-ekrem-imamoglu-ile-birlikte-86-kisinin-ifadeleri-alinmaya-baslandi\/\" \/>\n<meta property=\"og:site_name\" content=\"Haber Kuzey\" \/>\n<meta property=\"article:published_time\" content=\"2025-04-15T14:00:26+00:00\" \/>\n<meta property=\"og:image\" content=\"https:\/\/brtk.net\/wp-content\/uploads\/2025\/04\/15\/1744718773022thumbs_b_c_643df4e32f2029e5ca80d1e51466391a.jpg?ver=3545cde4b00c341a725187da168465ae\" \/>\n<meta name=\"author\" content=\"haberkuzey\" \/>\n<meta name=\"twitter:card\" content=\"summary_large_image\" \/>\n<meta name=\"twitter:label1\" content=\"Yazan:\" \/>\n\t<meta name=\"twitter:data1\" content=\"haberkuzey\" \/>\n\t<meta name=\"twitter:label2\" content=\"Tahmini okuma s\u00fcresi\" \/>\n\t<meta name=\"twitter:data2\" content=\"1 dakika\" \/>\n<script type=\"application\/ld+json\" class=\"yoast-schema-graph\">{\"@context\":\"https:\\\/\\\/schema.org\",\"@graph\":[{\"@type\":\"Article\",\"@id\":\"https:\\\/\\\/haberkuzey.com\\\/index.php\\\/2025\\\/04\\\/15\\\/chpnin-38-olagan-kurultayina-iliskin-sorusturma-ekrem-imamoglu-ile-birlikte-86-kisinin-ifadeleri-alinmaya-baslandi\\\/#article\",\"isPartOf\":{\"@id\":\"https:\\\/\\\/haberkuzey.com\\\/index.php\\\/2025\\\/04\\\/15\\\/chpnin-38-olagan-kurultayina-iliskin-sorusturma-ekrem-imamoglu-ile-birlikte-86-kisinin-ifadeleri-alinmaya-baslandi\\\/\"},\"author\":{\"name\":\"haberkuzey\",\"@id\":\"https:\\\/\\\/haberkuzey.com\\\/#\\\/schema\\\/person\\\/3372109ec735f9333f4fa47ebb9605ca\"},\"headline\":\"CHP\u2019nin 38. Ola\u011fan Kurultay\u0131\u2019na ili\u015fkin soru\u015fturma: Ekrem \u0130mamo\u011flu ile birlikte 86 ki\u015finin ifadeleri al\u0131nmaya ba\u015fland\u0131\",\"datePublished\":\"2025-04-15T14:00:26+00:00\",\"mainEntityOfPage\":{\"@id\":\"https:\\\/\\\/haberkuzey.com\\\/index.php\\\/2025\\\/04\\\/15\\\/chpnin-38-olagan-kurultayina-iliskin-sorusturma-ekrem-imamoglu-ile-birlikte-86-kisinin-ifadeleri-alinmaya-baslandi\\\/\"},\"wordCount\":266,\"commentCount\":0,\"image\":{\"@id\":\"https:\\\/\\\/haberkuzey.com\\\/index.php\\\/2025\\\/04\\\/15\\\/chpnin-38-olagan-kurultayina-iliskin-sorusturma-ekrem-imamoglu-ile-birlikte-86-kisinin-ifadeleri-alinmaya-baslandi\\\/#primaryimage\"},\"thumbnailUrl\":\"https:\\\/\\\/haberkuzey.com\\\/wp-content\\\/uploads\\\/2025\\\/04\\\/1744718773022thumbs_b_c_643df4e32f2029e5ca80d1e51466391a.jpg\",\"articleSection\":[\"D\u00fcnya\"],\"inLanguage\":\"tr\",\"potentialAction\":[{\"@type\":\"CommentAction\",\"name\":\"Comment\",\"target\":[\"https:\\\/\\\/haberkuzey.com\\\/index.php\\\/2025\\\/04\\\/15\\\/chpnin-38-olagan-kurultayina-iliskin-sorusturma-ekrem-imamoglu-ile-birlikte-86-kisinin-ifadeleri-alinmaya-baslandi\\\/#respond\"]}]},{\"@type\":\"WebPage\",\"@id\":\"https:\\\/\\\/haberkuzey.com\\\/index.php\\\/2025\\\/04\\\/15\\\/chpnin-38-olagan-kurultayina-iliskin-sorusturma-ekrem-imamoglu-ile-birlikte-86-kisinin-ifadeleri-alinmaya-baslandi\\\/\",\"url\":\"https:\\\/\\\/haberkuzey.com\\\/index.php\\\/2025\\\/04\\\/15\\\/chpnin-38-olagan-kurultayina-iliskin-sorusturma-ekrem-imamoglu-ile-birlikte-86-kisinin-ifadeleri-alinmaya-baslandi\\\/\",\"name\":\"CHP\u2019nin 38. Ola\u011fan Kurultay\u0131\u2019na ili\u015fkin soru\u015fturma: Ekrem \u0130mamo\u011flu ile birlikte 86 ki\u015finin ifadeleri al\u0131nmaya ba\u015fland\u0131 - Haber Kuzey\",\"isPartOf\":{\"@id\":\"https:\\\/\\\/haberkuzey.com\\\/#website\"},\"primaryImageOfPage\":{\"@id\":\"https:\\\/\\\/haberkuzey.com\\\/index.php\\\/2025\\\/04\\\/15\\\/chpnin-38-olagan-kurultayina-iliskin-sorusturma-ekrem-imamoglu-ile-birlikte-86-kisinin-ifadeleri-alinmaya-baslandi\\\/#primaryimage\"},\"image\":{\"@id\":\"https:\\\/\\\/haberkuzey.com\\\/index.php\\\/2025\\\/04\\\/15\\\/chpnin-38-olagan-kurultayina-iliskin-sorusturma-ekrem-imamoglu-ile-birlikte-86-kisinin-ifadeleri-alinmaya-baslandi\\\/#primaryimage\"},\"thumbnailUrl\":\"https:\\\/\\\/haberkuzey.com\\\/wp-content\\\/uploads\\\/2025\\\/04\\\/1744718773022thumbs_b_c_643df4e32f2029e5ca80d1e51466391a.jpg\",\"datePublished\":\"2025-04-15T14:00:26+00:00\",\"author\":{\"@id\":\"https:\\\/\\\/haberkuzey.com\\\/#\\\/schema\\\/person\\\/3372109ec735f9333f4fa47ebb9605ca\"},\"breadcrumb\":{\"@id\":\"https:\\\/\\\/haberkuzey.com\\\/index.php\\\/2025\\\/04\\\/15\\\/chpnin-38-olagan-kurultayina-iliskin-sorusturma-ekrem-imamoglu-ile-birlikte-86-kisinin-ifadeleri-alinmaya-baslandi\\\/#breadcrumb\"},\"inLanguage\":\"tr\",\"potentialAction\":[{\"@type\":\"ReadAction\",\"target\":[\"https:\\\/\\\/haberkuzey.com\\\/index.php\\\/2025\\\/04\\\/15\\\/chpnin-38-olagan-kurultayina-iliskin-sorusturma-ekrem-imamoglu-ile-birlikte-86-kisinin-ifadeleri-alinmaya-baslandi\\\/\"]}]},{\"@type\":\"ImageObject\",\"inLanguage\":\"tr\",\"@id\":\"https:\\\/\\\/haberkuzey.com\\\/index.php\\\/2025\\\/04\\\/15\\\/chpnin-38-olagan-kurultayina-iliskin-sorusturma-ekrem-imamoglu-ile-birlikte-86-kisinin-ifadeleri-alinmaya-baslandi\\\/#primaryimage\",\"url\":\"https:\\\/\\\/haberkuzey.com\\\/wp-content\\\/uploads\\\/2025\\\/04\\\/1744718773022thumbs_b_c_643df4e32f2029e5ca80d1e51466391a.jpg\",\"contentUrl\":\"https:\\\/\\\/haberkuzey.com\\\/wp-content\\\/uploads\\\/2025\\\/04\\\/1744718773022thumbs_b_c_643df4e32f2029e5ca80d1e51466391a.jpg\",\"width\":864,\"height\":486},{\"@type\":\"BreadcrumbList\",\"@id\":\"https:\\\/\\\/haberkuzey.com\\\/index.php\\\/2025\\\/04\\\/15\\\/chpnin-38-olagan-kurultayina-iliskin-sorusturma-ekrem-imamoglu-ile-birlikte-86-kisinin-ifadeleri-alinmaya-baslandi\\\/#breadcrumb\",\"itemListElement\":[{\"@type\":\"ListItem\",\"position\":1,\"name\":\"Anasayfa\",\"item\":\"https:\\\/\\\/haberkuzey.com\\\/\"},{\"@type\":\"ListItem\",\"position\":2,\"name\":\"CHP\u2019nin 38. Ola\u011fan Kurultay\u0131\u2019na ili\u015fkin soru\u015fturma: Ekrem \u0130mamo\u011flu ile birlikte 86 ki\u015finin ifadeleri al\u0131nmaya ba\u015fland\u0131\"}]},{\"@type\":\"WebSite\",\"@id\":\"https:\\\/\\\/haberkuzey.com\\\/#website\",\"url\":\"https:\\\/\\\/haberkuzey.com\\\/\",\"name\":\"Haber Kuzey\",\"description\":\"Do\u011fru Haberin Adresi\",\"potentialAction\":[{\"@type\":\"SearchAction\",\"target\":{\"@type\":\"EntryPoint\",\"urlTemplate\":\"https:\\\/\\\/haberkuzey.com\\\/?s={search_term_string}\"},\"query-input\":{\"@type\":\"PropertyValueSpecification\",\"valueRequired\":true,\"valueName\":\"search_term_string\"}}],\"inLanguage\":\"tr\"},{\"@type\":\"Person\",\"@id\":\"https:\\\/\\\/haberkuzey.com\\\/#\\\/schema\\\/person\\\/3372109ec735f9333f4fa47ebb9605ca\",\"name\":\"haberkuzey\",\"image\":{\"@type\":\"ImageObject\",\"inLanguage\":\"tr\",\"@id\":\"https:\\\/\\\/secure.gravatar.com\\\/avatar\\\/f5fc875574b1575324358c3b9e6a32b8227aa5b74f3fa22e3cadb63e26fcc39c?s=96&d=mm&r=g\",\"url\":\"https:\\\/\\\/secure.gravatar.com\\\/avatar\\\/f5fc875574b1575324358c3b9e6a32b8227aa5b74f3fa22e3cadb63e26fcc39c?s=96&d=mm&r=g\",\"contentUrl\":\"https:\\\/\\\/secure.gravatar.com\\\/avatar\\\/f5fc875574b1575324358c3b9e6a32b8227aa5b74f3fa22e3cadb63e26fcc39c?s=96&d=mm&r=g\",\"caption\":\"haberkuzey\"},\"sameAs\":[\"https:\\\/\\\/haberkuzey.com\"],\"url\":\"https:\\\/\\\/haberkuzey.com\\\/index.php\\\/author\\\/haberkuzey\\\/\"}]}<\/script>\n<!-- \/ Yoast SEO plugin. -->","yoast_head_json":{"title":"CHP\u2019nin 38. Ola\u011fan Kurultay\u0131\u2019na ili\u015fkin soru\u015fturma: Ekrem \u0130mamo\u011flu ile birlikte 86 ki\u015finin ifadeleri al\u0131nmaya ba\u015fland\u0131 - Haber Kuzey","robots":{"index":"index","follow":"follow","max-snippet":"max-snippet:-1","max-image-preview":"max-image-preview:large","max-video-preview":"max-video-preview:-1"},"canonical":"https:\/\/haberkuzey.com\/index.php\/2025\/04\/15\/chpnin-38-olagan-kurultayina-iliskin-sorusturma-ekrem-imamoglu-ile-birlikte-86-kisinin-ifadeleri-alinmaya-baslandi\/","og_locale":"tr_TR","og_type":"article","og_title":"CHP\u2019nin 38. Ola\u011fan Kurultay\u0131\u2019na ili\u015fkin soru\u015fturma: Ekrem \u0130mamo\u011flu ile birlikte 86 ki\u015finin ifadeleri al\u0131nmaya ba\u015fland\u0131 - Haber Kuzey","og_description":"CHP\u2019nin 38. Ola\u011fan Kurultay\u0131\u2019nda \u201cpara kar\u015f\u0131l\u0131\u011f\u0131 oy kulland\u0131r\u0131ld\u0131\u011f\u0131\u201d iddialar\u0131na ili\u015fkin soru\u015fturmada aralar\u0131nda \u0130stanbul B\u00fcy\u00fck\u015fehir Belediyesine (\u0130BB) y\u00f6nelik yolsuzluk soru\u015fturmas\u0131 kapsam\u0131nda tutuklanmas\u0131n\u0131n ard\u0131ndan \u0130BB Ba\u015fkanl\u0131\u011f\u0131 g\u00f6revinden uzakla\u015ft\u0131r\u0131lan Ekrem \u0130mamo\u011flu ve CHP \u0130stanbul \u0130l Ba\u015fkan\u0131 \u00d6zg\u00fcr \u00c7elik ile gazeteciler \u015eaban Sevin\u00e7 ve \u0130smail Saymaz\u2019\u0131n da bulundu\u011fu 86 ki\u015finin ifadeleri al\u0131nmaya ba\u015fland\u0131. Ankara Cumhuriyet Ba\u015fsavc\u0131l\u0131\u011f\u0131n\u0131n, CHP\u2019nin 38. Ola\u011fan [&hellip;]","og_url":"https:\/\/haberkuzey.com\/index.php\/2025\/04\/15\/chpnin-38-olagan-kurultayina-iliskin-sorusturma-ekrem-imamoglu-ile-birlikte-86-kisinin-ifadeleri-alinmaya-baslandi\/","og_site_name":"Haber Kuzey","article_published_time":"2025-04-15T14:00:26+00:00","og_image":[{"url":"https:\/\/brtk.net\/wp-content\/uploads\/2025\/04\/15\/1744718773022thumbs_b_c_643df4e32f2029e5ca80d1e51466391a.jpg?ver=3545cde4b00c341a725187da168465ae","type":"","width":"","height":""}],"author":"haberkuzey","twitter_card":"summary_large_image","twitter_misc":{"Yazan:":"haberkuzey","Tahmini okuma s\u00fcresi":"1 dakika"},"schema":{"@context":"https:\/\/schema.org","@graph":[{"@type":"Article","@id":"https:\/\/haberkuzey.com\/index.php\/2025\/04\/15\/chpnin-38-olagan-kurultayina-iliskin-sorusturma-ekrem-imamoglu-ile-birlikte-86-kisinin-ifadeleri-alinmaya-baslandi\/#article","isPartOf":{"@id":"https:\/\/haberkuzey.com\/index.php\/2025\/04\/15\/chpnin-38-olagan-kurultayina-iliskin-sorusturma-ekrem-imamoglu-ile-birlikte-86-kisinin-ifadeleri-alinmaya-baslandi\/"},"author":{"name":"haberkuzey","@id":"https:\/\/haberkuzey.com\/#\/schema\/person\/3372109ec735f9333f4fa47ebb9605ca"},"headline":"CHP\u2019nin 38. Ola\u011fan Kurultay\u0131\u2019na ili\u015fkin soru\u015fturma: Ekrem \u0130mamo\u011flu ile birlikte 86 ki\u015finin ifadeleri al\u0131nmaya ba\u015fland\u0131","datePublished":"2025-04-15T14:00:26+00:00","mainEntityOfPage":{"@id":"https:\/\/haberkuzey.com\/index.php\/2025\/04\/15\/chpnin-38-olagan-kurultayina-iliskin-sorusturma-ekrem-imamoglu-ile-birlikte-86-kisinin-ifadeleri-alinmaya-baslandi\/"},"wordCount":266,"commentCount":0,"image":{"@id":"https:\/\/haberkuzey.com\/index.php\/2025\/04\/15\/chpnin-38-olagan-kurultayina-iliskin-sorusturma-ekrem-imamoglu-ile-birlikte-86-kisinin-ifadeleri-alinmaya-baslandi\/#primaryimage"},"thumbnailUrl":"https:\/\/haberkuzey.com\/wp-content\/uploads\/2025\/04\/1744718773022thumbs_b_c_643df4e32f2029e5ca80d1e51466391a.jpg","articleSection":["D\u00fcnya"],"inLanguage":"tr","potentialAction":[{"@type":"CommentAction","name":"Comment","target":["https:\/\/haberkuzey.com\/index.php\/2025\/04\/15\/chpnin-38-olagan-kurultayina-iliskin-sorusturma-ekrem-imamoglu-ile-birlikte-86-kisinin-ifadeleri-alinmaya-baslandi\/#respond"]}]},{"@type":"WebPage","@id":"https:\/\/haberkuzey.com\/index.php\/2025\/04\/15\/chpnin-38-olagan-kurultayina-iliskin-sorusturma-ekrem-imamoglu-ile-birlikte-86-kisinin-ifadeleri-alinmaya-baslandi\/","url":"https:\/\/haberkuzey.com\/index.php\/2025\/04\/15\/chpnin-38-olagan-kurultayina-iliskin-sorusturma-ekrem-imamoglu-ile-birlikte-86-kisinin-ifadeleri-alinmaya-baslandi\/","name":"CHP\u2019nin 38. Ola\u011fan Kurultay\u0131\u2019na ili\u015fkin soru\u015fturma: Ekrem \u0130mamo\u011flu ile birlikte 86 ki\u015finin ifadeleri al\u0131nmaya ba\u015fland\u0131 - Haber Kuzey","isPartOf":{"@id":"https:\/\/haberkuzey.com\/#website"},"primaryImageOfPage":{"@id":"https:\/\/haberkuzey.com\/index.php\/2025\/04\/15\/chpnin-38-olagan-kurultayina-iliskin-sorusturma-ekrem-imamoglu-ile-birlikte-86-kisinin-ifadeleri-alinmaya-baslandi\/#primaryimage"},"image":{"@id":"https:\/\/haberkuzey.com\/index.php\/2025\/04\/15\/chpnin-38-olagan-kurultayina-iliskin-sorusturma-ekrem-imamoglu-ile-birlikte-86-kisinin-ifadeleri-alinmaya-baslandi\/#primaryimage"},"thumbnailUrl":"https:\/\/haberkuzey.com\/wp-content\/uploads\/2025\/04\/1744718773022thumbs_b_c_643df4e32f2029e5ca80d1e51466391a.jpg","datePublished":"2025-04-15T14:00:26+00:00","author":{"@id":"https:\/\/haberkuzey.com\/#\/schema\/person\/3372109ec735f9333f4fa47ebb9605ca"},"breadcrumb":{"@id":"https:\/\/haberkuzey.com\/index.php\/2025\/04\/15\/chpnin-38-olagan-kurultayina-iliskin-sorusturma-ekrem-imamoglu-ile-birlikte-86-kisinin-ifadeleri-alinmaya-baslandi\/#breadcrumb"},"inLanguage":"tr","potentialAction":[{"@type":"ReadAction","target":["https:\/\/haberkuzey.com\/index.php\/2025\/04\/15\/chpnin-38-olagan-kurultayina-iliskin-sorusturma-ekrem-imamoglu-ile-birlikte-86-kisinin-ifadeleri-alinmaya-baslandi\/"]}]},{"@type":"ImageObject","inLanguage":"tr","@id":"https:\/\/haberkuzey.com\/index.php\/2025\/04\/15\/chpnin-38-olagan-kurultayina-iliskin-sorusturma-ekrem-imamoglu-ile-birlikte-86-kisinin-ifadeleri-alinmaya-baslandi\/#primaryimage","url":"https:\/\/haberkuzey.com\/wp-content\/uploads\/2025\/04\/1744718773022thumbs_b_c_643df4e32f2029e5ca80d1e51466391a.jpg","contentUrl":"https:\/\/haberkuzey.com\/wp-content\/uploads\/2025\/04\/1744718773022thumbs_b_c_643df4e32f2029e5ca80d1e51466391a.jpg","width":864,"height":486},{"@type":"BreadcrumbList","@id":"https:\/\/haberkuzey.com\/index.php\/2025\/04\/15\/chpnin-38-olagan-kurultayina-iliskin-sorusturma-ekrem-imamoglu-ile-birlikte-86-kisinin-ifadeleri-alinmaya-baslandi\/#breadcrumb","itemListElement":[{"@type":"ListItem","position":1,"name":"Anasayfa","item":"https:\/\/haberkuzey.com\/"},{"@type":"ListItem","position":2,"name":"CHP\u2019nin 38. Ola\u011fan Kurultay\u0131\u2019na ili\u015fkin soru\u015fturma: Ekrem \u0130mamo\u011flu ile birlikte 86 ki\u015finin ifadeleri al\u0131nmaya ba\u015fland\u0131"}]},{"@type":"WebSite","@id":"https:\/\/haberkuzey.com\/#website","url":"https:\/\/haberkuzey.com\/","name":"Haber Kuzey","description":"Do\u011fru Haberin Adresi","potentialAction":[{"@type":"SearchAction","target":{"@type":"EntryPoint","urlTemplate":"https:\/\/haberkuzey.com\/?s={search_term_string}"},"query-input":{"@type":"PropertyValueSpecification","valueRequired":true,"valueName":"search_term_string"}}],"inLanguage":"tr"},{"@type":"Person","@id":"https:\/\/haberkuzey.com\/#\/schema\/person\/3372109ec735f9333f4fa47ebb9605ca","name":"haberkuzey","image":{"@type":"ImageObject","inLanguage":"tr","@id":"https:\/\/secure.gravatar.com\/avatar\/f5fc875574b1575324358c3b9e6a32b8227aa5b74f3fa22e3cadb63e26fcc39c?s=96&d=mm&r=g","url":"https:\/\/secure.gravatar.com\/avatar\/f5fc875574b1575324358c3b9e6a32b8227aa5b74f3fa22e3cadb63e26fcc39c?s=96&d=mm&r=g","contentUrl":"https:\/\/secure.gravatar.com\/avatar\/f5fc875574b1575324358c3b9e6a32b8227aa5b74f3fa22e3cadb63e26fcc39c?s=96&d=mm&r=g","caption":"haberkuzey"},"sameAs":["https:\/\/haberkuzey.com"],"url":"https:\/\/haberkuzey.com\/index.php\/author\/haberkuzey\/"}]}},"_links":{"self":[{"href":"https:\/\/haberkuzey.com\/index.php\/wp-json\/wp\/v2\/posts\/21953","targetHints":{"allow":["GET"]}}],"collection":[{"href":"https:\/\/haberkuzey.com\/index.php\/wp-json\/wp\/v2\/posts"}],"about":[{"href":"https:\/\/haberkuzey.com\/index.php\/wp-json\/wp\/v2\/types\/post"}],"author":[{"embeddable":true,"href":"https:\/\/haberkuzey.com\/index.php\/wp-json\/wp\/v2\/users\/1"}],"replies":[{"embeddable":true,"href":"https:\/\/haberkuzey.com\/index.php\/wp-json\/wp\/v2\/comments?post=21953"}],"version-history":[{"count":0,"href":"https:\/\/haberkuzey.com\/index.php\/wp-json\/wp\/v2\/posts\/21953\/revisions"}],"wp:featuredmedia":[{"embeddable":true,"href":"https:\/\/haberkuzey.com\/index.php\/wp-json\/wp\/v2\/media\/21954"}],"wp:attachment":[{"href":"https:\/\/haberkuzey.com\/index.php\/wp-json\/wp\/v2\/media?parent=21953"}],"wp:term":[{"taxonomy":"category","embeddable":true,"href":"https:\/\/haberkuzey.com\/index.php\/wp-json\/wp\/v2\/categories?post=21953"},{"taxonomy":"post_tag","embeddable":true,"href":"https:\/\/haberkuzey.com\/index.php\/wp-json\/wp\/v2\/tags?post=21953"}],"curies":[{"name":"wp","href":"https:\/\/api.w.org\/{rel}","templated":true}]}}