{"id":21884,"date":"2025-04-14T17:52:27","date_gmt":"2025-04-14T14:52:27","guid":{"rendered":"https:\/\/haberkuzey.com\/index.php\/2025\/04\/14\/imamoglunun-tutukluluguna-yapilan-itiraz-reddedildi\/"},"modified":"2025-04-14T17:52:27","modified_gmt":"2025-04-14T14:52:27","slug":"imamoglunun-tutukluluguna-yapilan-itiraz-reddedildi","status":"publish","type":"post","link":"https:\/\/haberkuzey.com\/index.php\/2025\/04\/14\/imamoglunun-tutukluluguna-yapilan-itiraz-reddedildi\/","title":{"rendered":"\u0130mamo\u011flu\u2019nun tutuklulu\u011funa yap\u0131lan itiraz reddedildi"},"content":{"rendered":"<div>\n<div class=\"mariselle-image-container center\">\n                                            <\/div>\n<p>\u0130stanbul B\u00fcy\u00fck\u015fehir Belediyesine (\u0130BB) y\u00f6nelik y\u00fcr\u00fct\u00fclen yolsuzluk soru\u015fturmas\u0131 kapsam\u0131nda tutuklanmas\u0131n\u0131n ard\u0131ndan \u0130BB Ba\u015fkanl\u0131\u011f\u0131 g\u00f6revinden uzakla\u015ft\u0131r\u0131lan Ekrem \u0130mamo\u011flu\u2019nun da aralar\u0131nda bulundu\u011fu baz\u0131 \u015f\u00fcphelilerin tahliye talepleri kabul edilmedi.<\/p>\n<p>\u0130stanbul Cumhuriyet Ba\u015fsavc\u0131l\u0131\u011f\u0131nca, \u0130BB Ba\u015fkanl\u0131\u011f\u0131 g\u00f6revinden uzakla\u015ft\u0131r\u0131lan Ekrem \u0130mamo\u011flu ve 99 zanl\u0131 hakk\u0131nda, \u201csu\u00e7 \u00f6rg\u00fct\u00fc y\u00f6neticisi olmak\u201d, \u201csu\u00e7 \u00f6rg\u00fct\u00fcne \u00fcye olmak\u201d, \u201cirtikap\u201d, \u201cr\u00fc\u015fvet\u201d, \u201cnitelikli doland\u0131r\u0131c\u0131l\u0131k\u201d, \u201cki\u015fisel verileri hukuka ayk\u0131r\u0131 ele ge\u00e7irmek\u201d ve \u201cihaleye fesat kar\u0131\u015ft\u0131rmak\u201d su\u00e7lar\u0131ndan ba\u015flat\u0131lan soru\u015fturma s\u00fcr\u00fcyor.<\/p>\n<p>Soru\u015fturma kapsam\u0131nda tutuklanan \u0130mamo\u011flu\u2019nun da aralar\u0131nda oldu\u011fu baz\u0131 \u015f\u00fcphelilerin avukatlar\u0131, N\u00f6bet\u00e7i Asliye Ceza Mahkemesine tutuklulu\u011fa itiraz dilek\u00e7esi vererek, tahliye talebinde bulundu.<\/p>\n<p>Talebi inceleyen mahkeme, avukatlar\u0131n itiraz\u0131n\u0131 reddetti.<\/p>\n<\/p><\/div>\n<p><script async\n                    defer\n                    crossorigin=\"anonymous\"\n                    src=\"https:\/\/connect.facebook.net\/tr_TR\/sdk.js#xfbml=1&#038;version=v3.3\"\n            ><\/script><\/p>\n","protected":false},"excerpt":{"rendered":"<p>\u0130stanbul B\u00fcy\u00fck\u015fehir Belediyesine (\u0130BB) y\u00f6nelik y\u00fcr\u00fct\u00fclen yolsuzluk soru\u015fturmas\u0131 kapsam\u0131nda tutuklanmas\u0131n\u0131n ard\u0131ndan \u0130BB Ba\u015fkanl\u0131\u011f\u0131 g\u00f6revinden uzakla\u015ft\u0131r\u0131lan Ekrem \u0130mamo\u011flu\u2019nun da aralar\u0131nda bulundu\u011fu baz\u0131 \u015f\u00fcphelilerin tahliye talepleri kabul edilmedi. \u0130stanbul Cumhuriyet Ba\u015fsavc\u0131l\u0131\u011f\u0131nca, \u0130BB Ba\u015fkanl\u0131\u011f\u0131 g\u00f6revinden uzakla\u015ft\u0131r\u0131lan Ekrem \u0130mamo\u011flu ve 99 zanl\u0131 hakk\u0131nda, \u201csu\u00e7 \u00f6rg\u00fct\u00fc y\u00f6neticisi olmak\u201d, \u201csu\u00e7 \u00f6rg\u00fct\u00fcne \u00fcye olmak\u201d, \u201cirtikap\u201d, \u201cr\u00fc\u015fvet\u201d, \u201cnitelikli doland\u0131r\u0131c\u0131l\u0131k\u201d, \u201cki\u015fisel verileri hukuka ayk\u0131r\u0131 [&hellip;]<\/p>\n","protected":false},"author":1,"featured_media":20240,"comment_status":"open","ping_status":"open","sticky":false,"template":"","format":"standard","meta":{"jnews-multi-image_gallery":[],"jnews_single_post":[],"jnews_primary_category":[],"footnotes":""},"categories":[2],"tags":[],"class_list":["post-21884","post","type-post","status-publish","format-standard","has-post-thumbnail","hentry","category-dunya"],"yoast_head":"<!-- This site is optimized with the Yoast SEO plugin v27.5 - https:\/\/yoast.com\/product\/yoast-seo-wordpress\/ -->\n<title>\u0130mamo\u011flu\u2019nun tutuklulu\u011funa yap\u0131lan itiraz reddedildi - Haber Kuzey<\/title>\n<meta name=\"robots\" content=\"index, follow, max-snippet:-1, max-image-preview:large, max-video-preview:-1\" \/>\n<link rel=\"canonical\" href=\"https:\/\/haberkuzey.com\/index.php\/2025\/04\/14\/imamoglunun-tutukluluguna-yapilan-itiraz-reddedildi\/\" \/>\n<meta property=\"og:locale\" content=\"tr_TR\" \/>\n<meta property=\"og:type\" content=\"article\" \/>\n<meta property=\"og:title\" content=\"\u0130mamo\u011flu\u2019nun tutuklulu\u011funa yap\u0131lan itiraz reddedildi - Haber Kuzey\" \/>\n<meta property=\"og:description\" content=\"\u0130stanbul B\u00fcy\u00fck\u015fehir Belediyesine (\u0130BB) y\u00f6nelik y\u00fcr\u00fct\u00fclen yolsuzluk soru\u015fturmas\u0131 kapsam\u0131nda tutuklanmas\u0131n\u0131n ard\u0131ndan \u0130BB Ba\u015fkanl\u0131\u011f\u0131 g\u00f6revinden uzakla\u015ft\u0131r\u0131lan Ekrem \u0130mamo\u011flu\u2019nun da aralar\u0131nda bulundu\u011fu baz\u0131 \u015f\u00fcphelilerin tahliye talepleri kabul edilmedi. \u0130stanbul Cumhuriyet Ba\u015fsavc\u0131l\u0131\u011f\u0131nca, \u0130BB Ba\u015fkanl\u0131\u011f\u0131 g\u00f6revinden uzakla\u015ft\u0131r\u0131lan Ekrem \u0130mamo\u011flu ve 99 zanl\u0131 hakk\u0131nda, \u201csu\u00e7 \u00f6rg\u00fct\u00fc y\u00f6neticisi olmak\u201d, \u201csu\u00e7 \u00f6rg\u00fct\u00fcne \u00fcye olmak\u201d, \u201cirtikap\u201d, \u201cr\u00fc\u015fvet\u201d, \u201cnitelikli doland\u0131r\u0131c\u0131l\u0131k\u201d, \u201cki\u015fisel verileri hukuka ayk\u0131r\u0131 [&hellip;]\" \/>\n<meta property=\"og:url\" content=\"https:\/\/haberkuzey.com\/index.php\/2025\/04\/14\/imamoglunun-tutukluluguna-yapilan-itiraz-reddedildi\/\" \/>\n<meta property=\"og:site_name\" content=\"Haber Kuzey\" \/>\n<meta property=\"article:published_time\" content=\"2025-04-14T14:52:27+00:00\" \/>\n<meta property=\"og:image\" content=\"https:\/\/brtk.net\/wp-content\/uploads\/2025\/03\/19\/1742403966200imamoglu-ibb.jpg?ver=4f9e877ad35a4dfb4c0af1a0e8f070a4\" \/>\n<meta name=\"author\" content=\"haberkuzey\" \/>\n<meta name=\"twitter:card\" content=\"summary_large_image\" \/>\n<meta name=\"twitter:label1\" content=\"Yazan:\" \/>\n\t<meta name=\"twitter:data1\" content=\"haberkuzey\" \/>\n\t<meta name=\"twitter:label2\" content=\"Tahmini okuma s\u00fcresi\" \/>\n\t<meta name=\"twitter:data2\" content=\"1 dakika\" \/>\n<script type=\"application\/ld+json\" class=\"yoast-schema-graph\">{\"@context\":\"https:\\\/\\\/schema.org\",\"@graph\":[{\"@type\":\"Article\",\"@id\":\"https:\\\/\\\/haberkuzey.com\\\/index.php\\\/2025\\\/04\\\/14\\\/imamoglunun-tutukluluguna-yapilan-itiraz-reddedildi\\\/#article\",\"isPartOf\":{\"@id\":\"https:\\\/\\\/haberkuzey.com\\\/index.php\\\/2025\\\/04\\\/14\\\/imamoglunun-tutukluluguna-yapilan-itiraz-reddedildi\\\/\"},\"author\":{\"name\":\"haberkuzey\",\"@id\":\"https:\\\/\\\/haberkuzey.com\\\/#\\\/schema\\\/person\\\/3372109ec735f9333f4fa47ebb9605ca\"},\"headline\":\"\u0130mamo\u011flu\u2019nun tutuklulu\u011funa yap\u0131lan itiraz reddedildi\",\"datePublished\":\"2025-04-14T14:52:27+00:00\",\"mainEntityOfPage\":{\"@id\":\"https:\\\/\\\/haberkuzey.com\\\/index.php\\\/2025\\\/04\\\/14\\\/imamoglunun-tutukluluguna-yapilan-itiraz-reddedildi\\\/\"},\"wordCount\":164,\"commentCount\":0,\"image\":{\"@id\":\"https:\\\/\\\/haberkuzey.com\\\/index.php\\\/2025\\\/04\\\/14\\\/imamoglunun-tutukluluguna-yapilan-itiraz-reddedildi\\\/#primaryimage\"},\"thumbnailUrl\":\"https:\\\/\\\/haberkuzey.com\\\/wp-content\\\/uploads\\\/2025\\\/03\\\/1742403966200imamoglu-ibb.jpg\",\"articleSection\":[\"D\u00fcnya\"],\"inLanguage\":\"tr\",\"potentialAction\":[{\"@type\":\"CommentAction\",\"name\":\"Comment\",\"target\":[\"https:\\\/\\\/haberkuzey.com\\\/index.php\\\/2025\\\/04\\\/14\\\/imamoglunun-tutukluluguna-yapilan-itiraz-reddedildi\\\/#respond\"]}]},{\"@type\":\"WebPage\",\"@id\":\"https:\\\/\\\/haberkuzey.com\\\/index.php\\\/2025\\\/04\\\/14\\\/imamoglunun-tutukluluguna-yapilan-itiraz-reddedildi\\\/\",\"url\":\"https:\\\/\\\/haberkuzey.com\\\/index.php\\\/2025\\\/04\\\/14\\\/imamoglunun-tutukluluguna-yapilan-itiraz-reddedildi\\\/\",\"name\":\"\u0130mamo\u011flu\u2019nun tutuklulu\u011funa yap\u0131lan itiraz reddedildi - Haber Kuzey\",\"isPartOf\":{\"@id\":\"https:\\\/\\\/haberkuzey.com\\\/#website\"},\"primaryImageOfPage\":{\"@id\":\"https:\\\/\\\/haberkuzey.com\\\/index.php\\\/2025\\\/04\\\/14\\\/imamoglunun-tutukluluguna-yapilan-itiraz-reddedildi\\\/#primaryimage\"},\"image\":{\"@id\":\"https:\\\/\\\/haberkuzey.com\\\/index.php\\\/2025\\\/04\\\/14\\\/imamoglunun-tutukluluguna-yapilan-itiraz-reddedildi\\\/#primaryimage\"},\"thumbnailUrl\":\"https:\\\/\\\/haberkuzey.com\\\/wp-content\\\/uploads\\\/2025\\\/03\\\/1742403966200imamoglu-ibb.jpg\",\"datePublished\":\"2025-04-14T14:52:27+00:00\",\"author\":{\"@id\":\"https:\\\/\\\/haberkuzey.com\\\/#\\\/schema\\\/person\\\/3372109ec735f9333f4fa47ebb9605ca\"},\"breadcrumb\":{\"@id\":\"https:\\\/\\\/haberkuzey.com\\\/index.php\\\/2025\\\/04\\\/14\\\/imamoglunun-tutukluluguna-yapilan-itiraz-reddedildi\\\/#breadcrumb\"},\"inLanguage\":\"tr\",\"potentialAction\":[{\"@type\":\"ReadAction\",\"target\":[\"https:\\\/\\\/haberkuzey.com\\\/index.php\\\/2025\\\/04\\\/14\\\/imamoglunun-tutukluluguna-yapilan-itiraz-reddedildi\\\/\"]}]},{\"@type\":\"ImageObject\",\"inLanguage\":\"tr\",\"@id\":\"https:\\\/\\\/haberkuzey.com\\\/index.php\\\/2025\\\/04\\\/14\\\/imamoglunun-tutukluluguna-yapilan-itiraz-reddedildi\\\/#primaryimage\",\"url\":\"https:\\\/\\\/haberkuzey.com\\\/wp-content\\\/uploads\\\/2025\\\/03\\\/1742403966200imamoglu-ibb.jpg\",\"contentUrl\":\"https:\\\/\\\/haberkuzey.com\\\/wp-content\\\/uploads\\\/2025\\\/03\\\/1742403966200imamoglu-ibb.jpg\",\"width\":660,\"height\":376},{\"@type\":\"BreadcrumbList\",\"@id\":\"https:\\\/\\\/haberkuzey.com\\\/index.php\\\/2025\\\/04\\\/14\\\/imamoglunun-tutukluluguna-yapilan-itiraz-reddedildi\\\/#breadcrumb\",\"itemListElement\":[{\"@type\":\"ListItem\",\"position\":1,\"name\":\"Anasayfa\",\"item\":\"https:\\\/\\\/haberkuzey.com\\\/\"},{\"@type\":\"ListItem\",\"position\":2,\"name\":\"\u0130mamo\u011flu\u2019nun tutuklulu\u011funa yap\u0131lan itiraz reddedildi\"}]},{\"@type\":\"WebSite\",\"@id\":\"https:\\\/\\\/haberkuzey.com\\\/#website\",\"url\":\"https:\\\/\\\/haberkuzey.com\\\/\",\"name\":\"Haber Kuzey\",\"description\":\"Do\u011fru Haberin Adresi\",\"potentialAction\":[{\"@type\":\"SearchAction\",\"target\":{\"@type\":\"EntryPoint\",\"urlTemplate\":\"https:\\\/\\\/haberkuzey.com\\\/?s={search_term_string}\"},\"query-input\":{\"@type\":\"PropertyValueSpecification\",\"valueRequired\":true,\"valueName\":\"search_term_string\"}}],\"inLanguage\":\"tr\"},{\"@type\":\"Person\",\"@id\":\"https:\\\/\\\/haberkuzey.com\\\/#\\\/schema\\\/person\\\/3372109ec735f9333f4fa47ebb9605ca\",\"name\":\"haberkuzey\",\"image\":{\"@type\":\"ImageObject\",\"inLanguage\":\"tr\",\"@id\":\"https:\\\/\\\/secure.gravatar.com\\\/avatar\\\/f5fc875574b1575324358c3b9e6a32b8227aa5b74f3fa22e3cadb63e26fcc39c?s=96&d=mm&r=g\",\"url\":\"https:\\\/\\\/secure.gravatar.com\\\/avatar\\\/f5fc875574b1575324358c3b9e6a32b8227aa5b74f3fa22e3cadb63e26fcc39c?s=96&d=mm&r=g\",\"contentUrl\":\"https:\\\/\\\/secure.gravatar.com\\\/avatar\\\/f5fc875574b1575324358c3b9e6a32b8227aa5b74f3fa22e3cadb63e26fcc39c?s=96&d=mm&r=g\",\"caption\":\"haberkuzey\"},\"sameAs\":[\"https:\\\/\\\/haberkuzey.com\"],\"url\":\"https:\\\/\\\/haberkuzey.com\\\/index.php\\\/author\\\/haberkuzey\\\/\"}]}<\/script>\n<!-- \/ Yoast SEO plugin. -->","yoast_head_json":{"title":"\u0130mamo\u011flu\u2019nun tutuklulu\u011funa yap\u0131lan itiraz reddedildi - Haber Kuzey","robots":{"index":"index","follow":"follow","max-snippet":"max-snippet:-1","max-image-preview":"max-image-preview:large","max-video-preview":"max-video-preview:-1"},"canonical":"https:\/\/haberkuzey.com\/index.php\/2025\/04\/14\/imamoglunun-tutukluluguna-yapilan-itiraz-reddedildi\/","og_locale":"tr_TR","og_type":"article","og_title":"\u0130mamo\u011flu\u2019nun tutuklulu\u011funa yap\u0131lan itiraz reddedildi - Haber Kuzey","og_description":"\u0130stanbul B\u00fcy\u00fck\u015fehir Belediyesine (\u0130BB) y\u00f6nelik y\u00fcr\u00fct\u00fclen yolsuzluk soru\u015fturmas\u0131 kapsam\u0131nda tutuklanmas\u0131n\u0131n ard\u0131ndan \u0130BB Ba\u015fkanl\u0131\u011f\u0131 g\u00f6revinden uzakla\u015ft\u0131r\u0131lan Ekrem \u0130mamo\u011flu\u2019nun da aralar\u0131nda bulundu\u011fu baz\u0131 \u015f\u00fcphelilerin tahliye talepleri kabul edilmedi. \u0130stanbul Cumhuriyet Ba\u015fsavc\u0131l\u0131\u011f\u0131nca, \u0130BB Ba\u015fkanl\u0131\u011f\u0131 g\u00f6revinden uzakla\u015ft\u0131r\u0131lan Ekrem \u0130mamo\u011flu ve 99 zanl\u0131 hakk\u0131nda, \u201csu\u00e7 \u00f6rg\u00fct\u00fc y\u00f6neticisi olmak\u201d, \u201csu\u00e7 \u00f6rg\u00fct\u00fcne \u00fcye olmak\u201d, \u201cirtikap\u201d, \u201cr\u00fc\u015fvet\u201d, \u201cnitelikli doland\u0131r\u0131c\u0131l\u0131k\u201d, \u201cki\u015fisel verileri hukuka ayk\u0131r\u0131 [&hellip;]","og_url":"https:\/\/haberkuzey.com\/index.php\/2025\/04\/14\/imamoglunun-tutukluluguna-yapilan-itiraz-reddedildi\/","og_site_name":"Haber Kuzey","article_published_time":"2025-04-14T14:52:27+00:00","og_image":[{"url":"https:\/\/brtk.net\/wp-content\/uploads\/2025\/03\/19\/1742403966200imamoglu-ibb.jpg?ver=4f9e877ad35a4dfb4c0af1a0e8f070a4","type":"","width":"","height":""}],"author":"haberkuzey","twitter_card":"summary_large_image","twitter_misc":{"Yazan:":"haberkuzey","Tahmini okuma s\u00fcresi":"1 dakika"},"schema":{"@context":"https:\/\/schema.org","@graph":[{"@type":"Article","@id":"https:\/\/haberkuzey.com\/index.php\/2025\/04\/14\/imamoglunun-tutukluluguna-yapilan-itiraz-reddedildi\/#article","isPartOf":{"@id":"https:\/\/haberkuzey.com\/index.php\/2025\/04\/14\/imamoglunun-tutukluluguna-yapilan-itiraz-reddedildi\/"},"author":{"name":"haberkuzey","@id":"https:\/\/haberkuzey.com\/#\/schema\/person\/3372109ec735f9333f4fa47ebb9605ca"},"headline":"\u0130mamo\u011flu\u2019nun tutuklulu\u011funa yap\u0131lan itiraz reddedildi","datePublished":"2025-04-14T14:52:27+00:00","mainEntityOfPage":{"@id":"https:\/\/haberkuzey.com\/index.php\/2025\/04\/14\/imamoglunun-tutukluluguna-yapilan-itiraz-reddedildi\/"},"wordCount":164,"commentCount":0,"image":{"@id":"https:\/\/haberkuzey.com\/index.php\/2025\/04\/14\/imamoglunun-tutukluluguna-yapilan-itiraz-reddedildi\/#primaryimage"},"thumbnailUrl":"https:\/\/haberkuzey.com\/wp-content\/uploads\/2025\/03\/1742403966200imamoglu-ibb.jpg","articleSection":["D\u00fcnya"],"inLanguage":"tr","potentialAction":[{"@type":"CommentAction","name":"Comment","target":["https:\/\/haberkuzey.com\/index.php\/2025\/04\/14\/imamoglunun-tutukluluguna-yapilan-itiraz-reddedildi\/#respond"]}]},{"@type":"WebPage","@id":"https:\/\/haberkuzey.com\/index.php\/2025\/04\/14\/imamoglunun-tutukluluguna-yapilan-itiraz-reddedildi\/","url":"https:\/\/haberkuzey.com\/index.php\/2025\/04\/14\/imamoglunun-tutukluluguna-yapilan-itiraz-reddedildi\/","name":"\u0130mamo\u011flu\u2019nun tutuklulu\u011funa yap\u0131lan itiraz reddedildi - Haber Kuzey","isPartOf":{"@id":"https:\/\/haberkuzey.com\/#website"},"primaryImageOfPage":{"@id":"https:\/\/haberkuzey.com\/index.php\/2025\/04\/14\/imamoglunun-tutukluluguna-yapilan-itiraz-reddedildi\/#primaryimage"},"image":{"@id":"https:\/\/haberkuzey.com\/index.php\/2025\/04\/14\/imamoglunun-tutukluluguna-yapilan-itiraz-reddedildi\/#primaryimage"},"thumbnailUrl":"https:\/\/haberkuzey.com\/wp-content\/uploads\/2025\/03\/1742403966200imamoglu-ibb.jpg","datePublished":"2025-04-14T14:52:27+00:00","author":{"@id":"https:\/\/haberkuzey.com\/#\/schema\/person\/3372109ec735f9333f4fa47ebb9605ca"},"breadcrumb":{"@id":"https:\/\/haberkuzey.com\/index.php\/2025\/04\/14\/imamoglunun-tutukluluguna-yapilan-itiraz-reddedildi\/#breadcrumb"},"inLanguage":"tr","potentialAction":[{"@type":"ReadAction","target":["https:\/\/haberkuzey.com\/index.php\/2025\/04\/14\/imamoglunun-tutukluluguna-yapilan-itiraz-reddedildi\/"]}]},{"@type":"ImageObject","inLanguage":"tr","@id":"https:\/\/haberkuzey.com\/index.php\/2025\/04\/14\/imamoglunun-tutukluluguna-yapilan-itiraz-reddedildi\/#primaryimage","url":"https:\/\/haberkuzey.com\/wp-content\/uploads\/2025\/03\/1742403966200imamoglu-ibb.jpg","contentUrl":"https:\/\/haberkuzey.com\/wp-content\/uploads\/2025\/03\/1742403966200imamoglu-ibb.jpg","width":660,"height":376},{"@type":"BreadcrumbList","@id":"https:\/\/haberkuzey.com\/index.php\/2025\/04\/14\/imamoglunun-tutukluluguna-yapilan-itiraz-reddedildi\/#breadcrumb","itemListElement":[{"@type":"ListItem","position":1,"name":"Anasayfa","item":"https:\/\/haberkuzey.com\/"},{"@type":"ListItem","position":2,"name":"\u0130mamo\u011flu\u2019nun tutuklulu\u011funa yap\u0131lan itiraz reddedildi"}]},{"@type":"WebSite","@id":"https:\/\/haberkuzey.com\/#website","url":"https:\/\/haberkuzey.com\/","name":"Haber Kuzey","description":"Do\u011fru Haberin Adresi","potentialAction":[{"@type":"SearchAction","target":{"@type":"EntryPoint","urlTemplate":"https:\/\/haberkuzey.com\/?s={search_term_string}"},"query-input":{"@type":"PropertyValueSpecification","valueRequired":true,"valueName":"search_term_string"}}],"inLanguage":"tr"},{"@type":"Person","@id":"https:\/\/haberkuzey.com\/#\/schema\/person\/3372109ec735f9333f4fa47ebb9605ca","name":"haberkuzey","image":{"@type":"ImageObject","inLanguage":"tr","@id":"https:\/\/secure.gravatar.com\/avatar\/f5fc875574b1575324358c3b9e6a32b8227aa5b74f3fa22e3cadb63e26fcc39c?s=96&d=mm&r=g","url":"https:\/\/secure.gravatar.com\/avatar\/f5fc875574b1575324358c3b9e6a32b8227aa5b74f3fa22e3cadb63e26fcc39c?s=96&d=mm&r=g","contentUrl":"https:\/\/secure.gravatar.com\/avatar\/f5fc875574b1575324358c3b9e6a32b8227aa5b74f3fa22e3cadb63e26fcc39c?s=96&d=mm&r=g","caption":"haberkuzey"},"sameAs":["https:\/\/haberkuzey.com"],"url":"https:\/\/haberkuzey.com\/index.php\/author\/haberkuzey\/"}]}},"_links":{"self":[{"href":"https:\/\/haberkuzey.com\/index.php\/wp-json\/wp\/v2\/posts\/21884","targetHints":{"allow":["GET"]}}],"collection":[{"href":"https:\/\/haberkuzey.com\/index.php\/wp-json\/wp\/v2\/posts"}],"about":[{"href":"https:\/\/haberkuzey.com\/index.php\/wp-json\/wp\/v2\/types\/post"}],"author":[{"embeddable":true,"href":"https:\/\/haberkuzey.com\/index.php\/wp-json\/wp\/v2\/users\/1"}],"replies":[{"embeddable":true,"href":"https:\/\/haberkuzey.com\/index.php\/wp-json\/wp\/v2\/comments?post=21884"}],"version-history":[{"count":0,"href":"https:\/\/haberkuzey.com\/index.php\/wp-json\/wp\/v2\/posts\/21884\/revisions"}],"wp:featuredmedia":[{"embeddable":true,"href":"https:\/\/haberkuzey.com\/index.php\/wp-json\/wp\/v2\/media\/20240"}],"wp:attachment":[{"href":"https:\/\/haberkuzey.com\/index.php\/wp-json\/wp\/v2\/media?parent=21884"}],"wp:term":[{"taxonomy":"category","embeddable":true,"href":"https:\/\/haberkuzey.com\/index.php\/wp-json\/wp\/v2\/categories?post=21884"},{"taxonomy":"post_tag","embeddable":true,"href":"https:\/\/haberkuzey.com\/index.php\/wp-json\/wp\/v2\/tags?post=21884"}],"curies":[{"name":"wp","href":"https:\/\/api.w.org\/{rel}","templated":true}]}}