{"id":21840,"date":"2025-04-13T18:50:11","date_gmt":"2025-04-13T15:50:11","guid":{"rendered":"https:\/\/haberkuzey.com\/index.php\/2025\/04\/13\/merkez-ussu-amasyanin-tasova-ilcesi-olan-46-buyuklugunde-sarsinti-kaydedildi\/"},"modified":"2025-04-13T18:50:11","modified_gmt":"2025-04-13T15:50:11","slug":"merkez-ussu-amasyanin-tasova-ilcesi-olan-46-buyuklugunde-sarsinti-kaydedildi","status":"publish","type":"post","link":"https:\/\/haberkuzey.com\/index.php\/2025\/04\/13\/merkez-ussu-amasyanin-tasova-ilcesi-olan-46-buyuklugunde-sarsinti-kaydedildi\/","title":{"rendered":"Merkez \u00fcss\u00fc Amasya\u2019n\u0131n Ta\u015fova il\u00e7esi olan 4,6 b\u00fcy\u00fckl\u00fc\u011f\u00fcnde sars\u0131nt\u0131 kaydedildi"},"content":{"rendered":"<div>\n<div class=\"mariselle-image-container center\">\n                                            <\/div>\n<p>\nT\u00fcrkiye\u2019nin Amasya ilinde 4,6 b\u00fcy\u00fckl\u00fc\u011f\u00fcnde deprem meydana geldi.<\/p>\n<p>\u00c7evre illerde de hissedilen deprem korkuya neden oldu.<\/p>\n<p>T\u00fcrkiye\u2019nin Amasya ilinde saat 17.43\u2019te 4,6 b\u00fcy\u00fckl\u00fc\u011f\u00fcnde deprem meydana geldi.<\/p>\n<p>Afet ve Acil Durum Y\u00f6netimi Ba\u015fkanl\u0131\u011f\u0131\u2019n\u0131n internet sitesinde yer alan bilgiye g\u00f6re, saat 17.43\u2019te merkez \u00fcss\u00fc Amasya\u2019n\u0131n Ta\u015fova il\u00e7esi olan 4,6 b\u00fcy\u00fckl\u00fc\u011f\u00fcnde sars\u0131nt\u0131 kaydedildi.<\/p>\n<p>\u00c7evre illerde de hissedilen depremin 6,21 kilometre derinlikte meydana geldi\u011fi belirlendi.<\/p>\n<p>T\u00fcrkiye \u0130\u00e7i\u015fleri Bakan\u0131 Ali Yerlikaya, \u201cAFAD ve ilgili kurumlar\u0131m\u0131z\u0131n t\u00fcm ekipleri saha taramalar\u0131na devam etmektedir. An itibar\u0131yla herhangi olumsuz bir durum bulunmamaktad\u0131r\u201d a\u00e7\u0131klamas\u0131n\u0131 yapt\u0131.<\/p>\n<\/p><\/div>\n<p><script async\n                    defer\n                    crossorigin=\"anonymous\"\n                    src=\"https:\/\/connect.facebook.net\/tr_TR\/sdk.js#xfbml=1&#038;version=v3.3\"\n            ><\/script><\/p>\n","protected":false},"excerpt":{"rendered":"<p>T\u00fcrkiye\u2019nin Amasya ilinde 4,6 b\u00fcy\u00fckl\u00fc\u011f\u00fcnde deprem meydana geldi. \u00c7evre illerde de hissedilen deprem korkuya neden oldu. T\u00fcrkiye\u2019nin Amasya ilinde saat 17.43\u2019te 4,6 b\u00fcy\u00fckl\u00fc\u011f\u00fcnde deprem meydana geldi. Afet ve Acil Durum Y\u00f6netimi Ba\u015fkanl\u0131\u011f\u0131\u2019n\u0131n internet sitesinde yer alan bilgiye g\u00f6re, saat 17.43\u2019te merkez \u00fcss\u00fc Amasya\u2019n\u0131n Ta\u015fova il\u00e7esi olan 4,6 b\u00fcy\u00fckl\u00fc\u011f\u00fcnde sars\u0131nt\u0131 kaydedildi. \u00c7evre illerde de hissedilen depremin [&hellip;]<\/p>\n","protected":false},"author":1,"featured_media":21841,"comment_status":"open","ping_status":"open","sticky":false,"template":"","format":"standard","meta":{"jnews-multi-image_gallery":[],"jnews_single_post":[],"jnews_primary_category":[],"footnotes":""},"categories":[2],"tags":[],"class_list":["post-21840","post","type-post","status-publish","format-standard","has-post-thumbnail","hentry","category-dunya"],"yoast_head":"<!-- This site is optimized with the Yoast SEO plugin v27.5 - https:\/\/yoast.com\/product\/yoast-seo-wordpress\/ -->\n<title>Merkez \u00fcss\u00fc Amasya\u2019n\u0131n Ta\u015fova il\u00e7esi olan 4,6 b\u00fcy\u00fckl\u00fc\u011f\u00fcnde sars\u0131nt\u0131 kaydedildi - Haber Kuzey<\/title>\n<meta name=\"robots\" content=\"index, follow, max-snippet:-1, max-image-preview:large, max-video-preview:-1\" \/>\n<link rel=\"canonical\" href=\"https:\/\/haberkuzey.com\/index.php\/2025\/04\/13\/merkez-ussu-amasyanin-tasova-ilcesi-olan-46-buyuklugunde-sarsinti-kaydedildi\/\" \/>\n<meta property=\"og:locale\" content=\"tr_TR\" \/>\n<meta property=\"og:type\" content=\"article\" \/>\n<meta property=\"og:title\" content=\"Merkez \u00fcss\u00fc Amasya\u2019n\u0131n Ta\u015fova il\u00e7esi olan 4,6 b\u00fcy\u00fckl\u00fc\u011f\u00fcnde sars\u0131nt\u0131 kaydedildi - Haber Kuzey\" \/>\n<meta property=\"og:description\" content=\"T\u00fcrkiye\u2019nin Amasya ilinde 4,6 b\u00fcy\u00fckl\u00fc\u011f\u00fcnde deprem meydana geldi. \u00c7evre illerde de hissedilen deprem korkuya neden oldu. T\u00fcrkiye\u2019nin Amasya ilinde saat 17.43\u2019te 4,6 b\u00fcy\u00fckl\u00fc\u011f\u00fcnde deprem meydana geldi. Afet ve Acil Durum Y\u00f6netimi Ba\u015fkanl\u0131\u011f\u0131\u2019n\u0131n internet sitesinde yer alan bilgiye g\u00f6re, saat 17.43\u2019te merkez \u00fcss\u00fc Amasya\u2019n\u0131n Ta\u015fova il\u00e7esi olan 4,6 b\u00fcy\u00fckl\u00fc\u011f\u00fcnde sars\u0131nt\u0131 kaydedildi. \u00c7evre illerde de hissedilen depremin [&hellip;]\" \/>\n<meta property=\"og:url\" content=\"https:\/\/haberkuzey.com\/index.php\/2025\/04\/13\/merkez-ussu-amasyanin-tasova-ilcesi-olan-46-buyuklugunde-sarsinti-kaydedildi\/\" \/>\n<meta property=\"og:site_name\" content=\"Haber Kuzey\" \/>\n<meta property=\"article:published_time\" content=\"2025-04-13T15:50:11+00:00\" \/>\n<meta property=\"og:image\" content=\"https:\/\/brtk.net\/wp-content\/uploads\/2025\/04\/13\/deprem.jpg?ver=f6b93666d749783112028d96ab7d81ff\" \/>\n<meta name=\"author\" content=\"haberkuzey\" \/>\n<meta name=\"twitter:card\" content=\"summary_large_image\" \/>\n<meta name=\"twitter:label1\" content=\"Yazan:\" \/>\n\t<meta name=\"twitter:data1\" content=\"haberkuzey\" \/>\n\t<meta name=\"twitter:label2\" content=\"Tahmini okuma s\u00fcresi\" \/>\n\t<meta name=\"twitter:data2\" content=\"1 dakika\" \/>\n<script type=\"application\/ld+json\" class=\"yoast-schema-graph\">{\"@context\":\"https:\\\/\\\/schema.org\",\"@graph\":[{\"@type\":\"Article\",\"@id\":\"https:\\\/\\\/haberkuzey.com\\\/index.php\\\/2025\\\/04\\\/13\\\/merkez-ussu-amasyanin-tasova-ilcesi-olan-46-buyuklugunde-sarsinti-kaydedildi\\\/#article\",\"isPartOf\":{\"@id\":\"https:\\\/\\\/haberkuzey.com\\\/index.php\\\/2025\\\/04\\\/13\\\/merkez-ussu-amasyanin-tasova-ilcesi-olan-46-buyuklugunde-sarsinti-kaydedildi\\\/\"},\"author\":{\"name\":\"haberkuzey\",\"@id\":\"https:\\\/\\\/haberkuzey.com\\\/#\\\/schema\\\/person\\\/3372109ec735f9333f4fa47ebb9605ca\"},\"headline\":\"Merkez \u00fcss\u00fc Amasya\u2019n\u0131n Ta\u015fova il\u00e7esi olan 4,6 b\u00fcy\u00fckl\u00fc\u011f\u00fcnde sars\u0131nt\u0131 kaydedildi\",\"datePublished\":\"2025-04-13T15:50:11+00:00\",\"mainEntityOfPage\":{\"@id\":\"https:\\\/\\\/haberkuzey.com\\\/index.php\\\/2025\\\/04\\\/13\\\/merkez-ussu-amasyanin-tasova-ilcesi-olan-46-buyuklugunde-sarsinti-kaydedildi\\\/\"},\"wordCount\":133,\"commentCount\":0,\"image\":{\"@id\":\"https:\\\/\\\/haberkuzey.com\\\/index.php\\\/2025\\\/04\\\/13\\\/merkez-ussu-amasyanin-tasova-ilcesi-olan-46-buyuklugunde-sarsinti-kaydedildi\\\/#primaryimage\"},\"thumbnailUrl\":\"https:\\\/\\\/haberkuzey.com\\\/wp-content\\\/uploads\\\/2025\\\/04\\\/deprem.jpg\",\"articleSection\":[\"D\u00fcnya\"],\"inLanguage\":\"tr\",\"potentialAction\":[{\"@type\":\"CommentAction\",\"name\":\"Comment\",\"target\":[\"https:\\\/\\\/haberkuzey.com\\\/index.php\\\/2025\\\/04\\\/13\\\/merkez-ussu-amasyanin-tasova-ilcesi-olan-46-buyuklugunde-sarsinti-kaydedildi\\\/#respond\"]}]},{\"@type\":\"WebPage\",\"@id\":\"https:\\\/\\\/haberkuzey.com\\\/index.php\\\/2025\\\/04\\\/13\\\/merkez-ussu-amasyanin-tasova-ilcesi-olan-46-buyuklugunde-sarsinti-kaydedildi\\\/\",\"url\":\"https:\\\/\\\/haberkuzey.com\\\/index.php\\\/2025\\\/04\\\/13\\\/merkez-ussu-amasyanin-tasova-ilcesi-olan-46-buyuklugunde-sarsinti-kaydedildi\\\/\",\"name\":\"Merkez \u00fcss\u00fc Amasya\u2019n\u0131n Ta\u015fova il\u00e7esi olan 4,6 b\u00fcy\u00fckl\u00fc\u011f\u00fcnde sars\u0131nt\u0131 kaydedildi - Haber Kuzey\",\"isPartOf\":{\"@id\":\"https:\\\/\\\/haberkuzey.com\\\/#website\"},\"primaryImageOfPage\":{\"@id\":\"https:\\\/\\\/haberkuzey.com\\\/index.php\\\/2025\\\/04\\\/13\\\/merkez-ussu-amasyanin-tasova-ilcesi-olan-46-buyuklugunde-sarsinti-kaydedildi\\\/#primaryimage\"},\"image\":{\"@id\":\"https:\\\/\\\/haberkuzey.com\\\/index.php\\\/2025\\\/04\\\/13\\\/merkez-ussu-amasyanin-tasova-ilcesi-olan-46-buyuklugunde-sarsinti-kaydedildi\\\/#primaryimage\"},\"thumbnailUrl\":\"https:\\\/\\\/haberkuzey.com\\\/wp-content\\\/uploads\\\/2025\\\/04\\\/deprem.jpg\",\"datePublished\":\"2025-04-13T15:50:11+00:00\",\"author\":{\"@id\":\"https:\\\/\\\/haberkuzey.com\\\/#\\\/schema\\\/person\\\/3372109ec735f9333f4fa47ebb9605ca\"},\"breadcrumb\":{\"@id\":\"https:\\\/\\\/haberkuzey.com\\\/index.php\\\/2025\\\/04\\\/13\\\/merkez-ussu-amasyanin-tasova-ilcesi-olan-46-buyuklugunde-sarsinti-kaydedildi\\\/#breadcrumb\"},\"inLanguage\":\"tr\",\"potentialAction\":[{\"@type\":\"ReadAction\",\"target\":[\"https:\\\/\\\/haberkuzey.com\\\/index.php\\\/2025\\\/04\\\/13\\\/merkez-ussu-amasyanin-tasova-ilcesi-olan-46-buyuklugunde-sarsinti-kaydedildi\\\/\"]}]},{\"@type\":\"ImageObject\",\"inLanguage\":\"tr\",\"@id\":\"https:\\\/\\\/haberkuzey.com\\\/index.php\\\/2025\\\/04\\\/13\\\/merkez-ussu-amasyanin-tasova-ilcesi-olan-46-buyuklugunde-sarsinti-kaydedildi\\\/#primaryimage\",\"url\":\"https:\\\/\\\/haberkuzey.com\\\/wp-content\\\/uploads\\\/2025\\\/04\\\/deprem.jpg\",\"contentUrl\":\"https:\\\/\\\/haberkuzey.com\\\/wp-content\\\/uploads\\\/2025\\\/04\\\/deprem.jpg\",\"width\":283,\"height\":178},{\"@type\":\"BreadcrumbList\",\"@id\":\"https:\\\/\\\/haberkuzey.com\\\/index.php\\\/2025\\\/04\\\/13\\\/merkez-ussu-amasyanin-tasova-ilcesi-olan-46-buyuklugunde-sarsinti-kaydedildi\\\/#breadcrumb\",\"itemListElement\":[{\"@type\":\"ListItem\",\"position\":1,\"name\":\"Anasayfa\",\"item\":\"https:\\\/\\\/haberkuzey.com\\\/\"},{\"@type\":\"ListItem\",\"position\":2,\"name\":\"Merkez \u00fcss\u00fc Amasya\u2019n\u0131n Ta\u015fova il\u00e7esi olan 4,6 b\u00fcy\u00fckl\u00fc\u011f\u00fcnde sars\u0131nt\u0131 kaydedildi\"}]},{\"@type\":\"WebSite\",\"@id\":\"https:\\\/\\\/haberkuzey.com\\\/#website\",\"url\":\"https:\\\/\\\/haberkuzey.com\\\/\",\"name\":\"Haber Kuzey\",\"description\":\"Do\u011fru Haberin Adresi\",\"potentialAction\":[{\"@type\":\"SearchAction\",\"target\":{\"@type\":\"EntryPoint\",\"urlTemplate\":\"https:\\\/\\\/haberkuzey.com\\\/?s={search_term_string}\"},\"query-input\":{\"@type\":\"PropertyValueSpecification\",\"valueRequired\":true,\"valueName\":\"search_term_string\"}}],\"inLanguage\":\"tr\"},{\"@type\":\"Person\",\"@id\":\"https:\\\/\\\/haberkuzey.com\\\/#\\\/schema\\\/person\\\/3372109ec735f9333f4fa47ebb9605ca\",\"name\":\"haberkuzey\",\"image\":{\"@type\":\"ImageObject\",\"inLanguage\":\"tr\",\"@id\":\"https:\\\/\\\/secure.gravatar.com\\\/avatar\\\/f5fc875574b1575324358c3b9e6a32b8227aa5b74f3fa22e3cadb63e26fcc39c?s=96&d=mm&r=g\",\"url\":\"https:\\\/\\\/secure.gravatar.com\\\/avatar\\\/f5fc875574b1575324358c3b9e6a32b8227aa5b74f3fa22e3cadb63e26fcc39c?s=96&d=mm&r=g\",\"contentUrl\":\"https:\\\/\\\/secure.gravatar.com\\\/avatar\\\/f5fc875574b1575324358c3b9e6a32b8227aa5b74f3fa22e3cadb63e26fcc39c?s=96&d=mm&r=g\",\"caption\":\"haberkuzey\"},\"sameAs\":[\"https:\\\/\\\/haberkuzey.com\"],\"url\":\"https:\\\/\\\/haberkuzey.com\\\/index.php\\\/author\\\/haberkuzey\\\/\"}]}<\/script>\n<!-- \/ Yoast SEO plugin. -->","yoast_head_json":{"title":"Merkez \u00fcss\u00fc Amasya\u2019n\u0131n Ta\u015fova il\u00e7esi olan 4,6 b\u00fcy\u00fckl\u00fc\u011f\u00fcnde sars\u0131nt\u0131 kaydedildi - Haber Kuzey","robots":{"index":"index","follow":"follow","max-snippet":"max-snippet:-1","max-image-preview":"max-image-preview:large","max-video-preview":"max-video-preview:-1"},"canonical":"https:\/\/haberkuzey.com\/index.php\/2025\/04\/13\/merkez-ussu-amasyanin-tasova-ilcesi-olan-46-buyuklugunde-sarsinti-kaydedildi\/","og_locale":"tr_TR","og_type":"article","og_title":"Merkez \u00fcss\u00fc Amasya\u2019n\u0131n Ta\u015fova il\u00e7esi olan 4,6 b\u00fcy\u00fckl\u00fc\u011f\u00fcnde sars\u0131nt\u0131 kaydedildi - Haber Kuzey","og_description":"T\u00fcrkiye\u2019nin Amasya ilinde 4,6 b\u00fcy\u00fckl\u00fc\u011f\u00fcnde deprem meydana geldi. \u00c7evre illerde de hissedilen deprem korkuya neden oldu. T\u00fcrkiye\u2019nin Amasya ilinde saat 17.43\u2019te 4,6 b\u00fcy\u00fckl\u00fc\u011f\u00fcnde deprem meydana geldi. Afet ve Acil Durum Y\u00f6netimi Ba\u015fkanl\u0131\u011f\u0131\u2019n\u0131n internet sitesinde yer alan bilgiye g\u00f6re, saat 17.43\u2019te merkez \u00fcss\u00fc Amasya\u2019n\u0131n Ta\u015fova il\u00e7esi olan 4,6 b\u00fcy\u00fckl\u00fc\u011f\u00fcnde sars\u0131nt\u0131 kaydedildi. \u00c7evre illerde de hissedilen depremin [&hellip;]","og_url":"https:\/\/haberkuzey.com\/index.php\/2025\/04\/13\/merkez-ussu-amasyanin-tasova-ilcesi-olan-46-buyuklugunde-sarsinti-kaydedildi\/","og_site_name":"Haber Kuzey","article_published_time":"2025-04-13T15:50:11+00:00","og_image":[{"url":"https:\/\/brtk.net\/wp-content\/uploads\/2025\/04\/13\/deprem.jpg?ver=f6b93666d749783112028d96ab7d81ff","type":"","width":"","height":""}],"author":"haberkuzey","twitter_card":"summary_large_image","twitter_misc":{"Yazan:":"haberkuzey","Tahmini okuma s\u00fcresi":"1 dakika"},"schema":{"@context":"https:\/\/schema.org","@graph":[{"@type":"Article","@id":"https:\/\/haberkuzey.com\/index.php\/2025\/04\/13\/merkez-ussu-amasyanin-tasova-ilcesi-olan-46-buyuklugunde-sarsinti-kaydedildi\/#article","isPartOf":{"@id":"https:\/\/haberkuzey.com\/index.php\/2025\/04\/13\/merkez-ussu-amasyanin-tasova-ilcesi-olan-46-buyuklugunde-sarsinti-kaydedildi\/"},"author":{"name":"haberkuzey","@id":"https:\/\/haberkuzey.com\/#\/schema\/person\/3372109ec735f9333f4fa47ebb9605ca"},"headline":"Merkez \u00fcss\u00fc Amasya\u2019n\u0131n Ta\u015fova il\u00e7esi olan 4,6 b\u00fcy\u00fckl\u00fc\u011f\u00fcnde sars\u0131nt\u0131 kaydedildi","datePublished":"2025-04-13T15:50:11+00:00","mainEntityOfPage":{"@id":"https:\/\/haberkuzey.com\/index.php\/2025\/04\/13\/merkez-ussu-amasyanin-tasova-ilcesi-olan-46-buyuklugunde-sarsinti-kaydedildi\/"},"wordCount":133,"commentCount":0,"image":{"@id":"https:\/\/haberkuzey.com\/index.php\/2025\/04\/13\/merkez-ussu-amasyanin-tasova-ilcesi-olan-46-buyuklugunde-sarsinti-kaydedildi\/#primaryimage"},"thumbnailUrl":"https:\/\/haberkuzey.com\/wp-content\/uploads\/2025\/04\/deprem.jpg","articleSection":["D\u00fcnya"],"inLanguage":"tr","potentialAction":[{"@type":"CommentAction","name":"Comment","target":["https:\/\/haberkuzey.com\/index.php\/2025\/04\/13\/merkez-ussu-amasyanin-tasova-ilcesi-olan-46-buyuklugunde-sarsinti-kaydedildi\/#respond"]}]},{"@type":"WebPage","@id":"https:\/\/haberkuzey.com\/index.php\/2025\/04\/13\/merkez-ussu-amasyanin-tasova-ilcesi-olan-46-buyuklugunde-sarsinti-kaydedildi\/","url":"https:\/\/haberkuzey.com\/index.php\/2025\/04\/13\/merkez-ussu-amasyanin-tasova-ilcesi-olan-46-buyuklugunde-sarsinti-kaydedildi\/","name":"Merkez \u00fcss\u00fc Amasya\u2019n\u0131n Ta\u015fova il\u00e7esi olan 4,6 b\u00fcy\u00fckl\u00fc\u011f\u00fcnde sars\u0131nt\u0131 kaydedildi - Haber Kuzey","isPartOf":{"@id":"https:\/\/haberkuzey.com\/#website"},"primaryImageOfPage":{"@id":"https:\/\/haberkuzey.com\/index.php\/2025\/04\/13\/merkez-ussu-amasyanin-tasova-ilcesi-olan-46-buyuklugunde-sarsinti-kaydedildi\/#primaryimage"},"image":{"@id":"https:\/\/haberkuzey.com\/index.php\/2025\/04\/13\/merkez-ussu-amasyanin-tasova-ilcesi-olan-46-buyuklugunde-sarsinti-kaydedildi\/#primaryimage"},"thumbnailUrl":"https:\/\/haberkuzey.com\/wp-content\/uploads\/2025\/04\/deprem.jpg","datePublished":"2025-04-13T15:50:11+00:00","author":{"@id":"https:\/\/haberkuzey.com\/#\/schema\/person\/3372109ec735f9333f4fa47ebb9605ca"},"breadcrumb":{"@id":"https:\/\/haberkuzey.com\/index.php\/2025\/04\/13\/merkez-ussu-amasyanin-tasova-ilcesi-olan-46-buyuklugunde-sarsinti-kaydedildi\/#breadcrumb"},"inLanguage":"tr","potentialAction":[{"@type":"ReadAction","target":["https:\/\/haberkuzey.com\/index.php\/2025\/04\/13\/merkez-ussu-amasyanin-tasova-ilcesi-olan-46-buyuklugunde-sarsinti-kaydedildi\/"]}]},{"@type":"ImageObject","inLanguage":"tr","@id":"https:\/\/haberkuzey.com\/index.php\/2025\/04\/13\/merkez-ussu-amasyanin-tasova-ilcesi-olan-46-buyuklugunde-sarsinti-kaydedildi\/#primaryimage","url":"https:\/\/haberkuzey.com\/wp-content\/uploads\/2025\/04\/deprem.jpg","contentUrl":"https:\/\/haberkuzey.com\/wp-content\/uploads\/2025\/04\/deprem.jpg","width":283,"height":178},{"@type":"BreadcrumbList","@id":"https:\/\/haberkuzey.com\/index.php\/2025\/04\/13\/merkez-ussu-amasyanin-tasova-ilcesi-olan-46-buyuklugunde-sarsinti-kaydedildi\/#breadcrumb","itemListElement":[{"@type":"ListItem","position":1,"name":"Anasayfa","item":"https:\/\/haberkuzey.com\/"},{"@type":"ListItem","position":2,"name":"Merkez \u00fcss\u00fc Amasya\u2019n\u0131n Ta\u015fova il\u00e7esi olan 4,6 b\u00fcy\u00fckl\u00fc\u011f\u00fcnde sars\u0131nt\u0131 kaydedildi"}]},{"@type":"WebSite","@id":"https:\/\/haberkuzey.com\/#website","url":"https:\/\/haberkuzey.com\/","name":"Haber Kuzey","description":"Do\u011fru Haberin Adresi","potentialAction":[{"@type":"SearchAction","target":{"@type":"EntryPoint","urlTemplate":"https:\/\/haberkuzey.com\/?s={search_term_string}"},"query-input":{"@type":"PropertyValueSpecification","valueRequired":true,"valueName":"search_term_string"}}],"inLanguage":"tr"},{"@type":"Person","@id":"https:\/\/haberkuzey.com\/#\/schema\/person\/3372109ec735f9333f4fa47ebb9605ca","name":"haberkuzey","image":{"@type":"ImageObject","inLanguage":"tr","@id":"https:\/\/secure.gravatar.com\/avatar\/f5fc875574b1575324358c3b9e6a32b8227aa5b74f3fa22e3cadb63e26fcc39c?s=96&d=mm&r=g","url":"https:\/\/secure.gravatar.com\/avatar\/f5fc875574b1575324358c3b9e6a32b8227aa5b74f3fa22e3cadb63e26fcc39c?s=96&d=mm&r=g","contentUrl":"https:\/\/secure.gravatar.com\/avatar\/f5fc875574b1575324358c3b9e6a32b8227aa5b74f3fa22e3cadb63e26fcc39c?s=96&d=mm&r=g","caption":"haberkuzey"},"sameAs":["https:\/\/haberkuzey.com"],"url":"https:\/\/haberkuzey.com\/index.php\/author\/haberkuzey\/"}]}},"_links":{"self":[{"href":"https:\/\/haberkuzey.com\/index.php\/wp-json\/wp\/v2\/posts\/21840","targetHints":{"allow":["GET"]}}],"collection":[{"href":"https:\/\/haberkuzey.com\/index.php\/wp-json\/wp\/v2\/posts"}],"about":[{"href":"https:\/\/haberkuzey.com\/index.php\/wp-json\/wp\/v2\/types\/post"}],"author":[{"embeddable":true,"href":"https:\/\/haberkuzey.com\/index.php\/wp-json\/wp\/v2\/users\/1"}],"replies":[{"embeddable":true,"href":"https:\/\/haberkuzey.com\/index.php\/wp-json\/wp\/v2\/comments?post=21840"}],"version-history":[{"count":0,"href":"https:\/\/haberkuzey.com\/index.php\/wp-json\/wp\/v2\/posts\/21840\/revisions"}],"wp:featuredmedia":[{"embeddable":true,"href":"https:\/\/haberkuzey.com\/index.php\/wp-json\/wp\/v2\/media\/21841"}],"wp:attachment":[{"href":"https:\/\/haberkuzey.com\/index.php\/wp-json\/wp\/v2\/media?parent=21840"}],"wp:term":[{"taxonomy":"category","embeddable":true,"href":"https:\/\/haberkuzey.com\/index.php\/wp-json\/wp\/v2\/categories?post=21840"},{"taxonomy":"post_tag","embeddable":true,"href":"https:\/\/haberkuzey.com\/index.php\/wp-json\/wp\/v2\/tags?post=21840"}],"curies":[{"name":"wp","href":"https:\/\/api.w.org\/{rel}","templated":true}]}}