{"id":21764,"date":"2025-04-12T12:54:40","date_gmt":"2025-04-12T09:54:40","guid":{"rendered":"https:\/\/haberkuzey.com\/index.php\/2025\/04\/12\/iit-arap-birligi-gazze-temas-grubu-toplantisi-ortak-bildirisi-yayimlandi\/"},"modified":"2025-04-12T12:54:40","modified_gmt":"2025-04-12T09:54:40","slug":"iit-arap-birligi-gazze-temas-grubu-toplantisi-ortak-bildirisi-yayimlandi","status":"publish","type":"post","link":"https:\/\/haberkuzey.com\/index.php\/2025\/04\/12\/iit-arap-birligi-gazze-temas-grubu-toplantisi-ortak-bildirisi-yayimlandi\/","title":{"rendered":"\u0130\u0130T-Arap Birli\u011fi Gazze Temas Grubu Toplant\u0131s\u0131 ortak bildirisi yay\u0131mland\u0131"},"content":{"rendered":"<div>\n<div class=\"mariselle-image-container center\">\n                                            <\/div>\n<p> D\u0131\u015fi\u015fleri Bakan\u0131 Hakan Fidan\u2019\u0131n ev sahipli\u011finde Antalya\u2019da d\u00fczenlenen \u0130slam \u0130\u015fbirli\u011fi Te\u015fkilat\u0131 (\u0130\u0130T) ve Arap Birli\u011fi Bakanlar Komitesi (Gazze Temas Grubu) Toplant\u0131s\u0131 sonucunda, T\u00fcrkiye, Filistin, Suudi Arabistan, Katar, Endonezya, Nijerya, Bahreyn, \u00dcrd\u00fcn, M\u0131s\u0131r, \u0130rlanda, Norve\u00e7, Slovenya, \u0130spanya, \u00c7in ve Rusya taraf\u0131ndan kabul edilen ortak bildiri yay\u0131mland\u0131.<\/p>\n<p>Anadolu Ajans\u0131n\u0131n (AA) \u201cGlobal \u0130leti\u015fim Orta\u011f\u0131\u201d olarak yer ald\u0131\u011f\u0131, Belek Turizm B\u00f6lgesi\u2019ndeki NEST Kongre Merkezi\u2019nde d\u00fczenlenen Antalya Diplomasi Forumu kapsam\u0131nda, \u201c\u0130ki Devletli \u00c7\u00f6z\u00fcm ve Orta Do\u011fu\u2019da Kal\u0131c\u0131 Bar\u0131\u015f\u201d temas\u0131yla \u0130\u0130T-Arap Birli\u011fi Gazze Temas Grubu Toplant\u0131s\u0131 ger\u00e7ekle\u015ftirildi.<\/p>\n<p>Toplant\u0131 neticesinde T\u00fcrkiye, Filistin, Suudi Arabistan, Katar, Endonezya, Nijerya, Bahreyn, \u00dcrd\u00fcn, M\u0131s\u0131r, \u0130rlanda, Norve\u00e7, Slovenya, \u0130spanya, \u00c7in ve Rusya taraf\u0131ndan kabul edilen ortak bildiri payla\u015f\u0131ld\u0131.<\/p>\n<p>Toplant\u0131da Gazze\u2019deki sava\u015f\u0131 sona erdirmeye odaklanarak i\u015fgal alt\u0131ndaki Filistin topraklar\u0131nda geli\u015fen durumu ele almak amac\u0131yla bir araya gelindi\u011fi kaydedilen bildiride, toplant\u0131 dolay\u0131s\u0131yla kal\u0131c\u0131 bar\u0131\u015f\u0131n sa\u011flanmas\u0131 i\u00e7in iki devletli \u00e7\u00f6z\u00fcm\u00fcn hayata ge\u00e7irilmesine y\u00f6nelik somut ad\u0131mlar ve bunun gerektirdi\u011fi acil ad\u0131mlar\u0131n at\u0131lmas\u0131n\u0131n arzu edildi\u011fi aktar\u0131ld\u0131.<\/p>\n<p>\u2013 \u201cSiyasi \u00e7\u0131kmaz ve insani felaket hi\u00e7 bu kadar k\u00f6t\u00fc olmam\u0131\u015ft\u0131\u201d<\/p>\n<p>\u0130srail-Filistin \u00e7at\u0131\u015fmas\u0131 i\u00e7in \u201con y\u0131llard\u0131r en k\u00f6t\u00fc a\u015famas\u0131nda\u201d ifadesi kullan\u0131lan bildiride, iki devletli \u00e7\u00f6z\u00fcm\u00fcn, uluslararas\u0131 hukukun ve BM S\u00f6zle\u015fmesi ilkelerinin uygulanmas\u0131 \u00e7abalar\u0131n\u0131n baltaland\u0131\u011f\u0131 belirtildi. Bildiride, \u201cB\u00f6lge, bir\u00e7ok m\u00fczakere, uluslararas\u0131 giri\u015fim, t\u0131rman\u0131\u015f ve sava\u015f d\u00f6ng\u00fcs\u00fcne tan\u0131kl\u0131k etmi\u015ftir. Ancak mevcut siyasi \u00e7\u0131kmaz ve insani felaket hi\u00e7 bu kadar k\u00f6t\u00fc olmam\u0131\u015ft\u0131.\u201d de\u011ferlendirmesinde bulunuldu.<\/p>\n<p>Bildiride, \u00e7at\u0131\u015fan taraflar aras\u0131nda on y\u0131llard\u0131r s\u00fcren g\u00f6r\u00fc\u015fmelere ve uluslararas\u0131 kat\u0131l\u0131ma ra\u011fmen, \u201culuslararas\u0131 alanda \u00e7at\u0131\u015fman\u0131n tek ge\u00e7erli \u00e7\u00f6z\u00fcm\u00fc olarak kabul edilen iki devletli \u00e7\u00f6z\u00fcm\u00fcn\u201d g\u00f6z ard\u0131 edildi\u011fi belirtildi.<\/p>\n<p>\u2013 \u0130ki devletli \u00e7\u00f6z\u00fcm\u00fcn uygulanmas\u0131nda \u201cilerleme eksikli\u011fi\u201d<\/p>\n<p>Uluslararas\u0131 toplumun \u00e7at\u0131\u015fman\u0131n adil ve kal\u0131c\u0131 \u015fekilde \u00e7\u00f6z\u00fclmesi i\u00e7in g\u00f6sterdi\u011fi \u00e7aba ve \u00e7a\u011fr\u0131lar\u0131n sahada sonu\u00e7 vermedi\u011fi aktar\u0131lan bildiride, \u201cYa\u015fanan trajik olaylar, \u00e7at\u0131\u015fmada yeni bir a\u015fama olmaktan ziyade, uzun s\u00fcredir devam eden bir \u00e7at\u0131\u015fman\u0131n tezah\u00fcr\u00fcd\u00fcr.\u201d ifadesine yer verildi.<\/p>\n<p>\u201c\u0130ki devletli \u00e7\u00f6z\u00fcm\u00fcn uygulanmas\u0131 y\u00f6n\u00fcnde ilerleme eksikli\u011finin her t\u00fcrl\u00fc a\u015f\u0131r\u0131l\u0131\u011f\u0131 ve \u015fiddeti temelde k\u00f6r\u00fckledi\u011fine inan\u0131yoruz.\u201d ifadesi kullan\u0131lan bildiride, her t\u00fcrl\u00fc \u015fiddet ve ter\u00f6rizmin k\u0131nand\u0131\u011f\u0131 vurguland\u0131.<\/p>\n<p>Ge\u00e7mi\u015f deneyimler g\u00f6z \u00f6n\u00fcne al\u0131nd\u0131\u011f\u0131nda, \u00e7at\u0131\u015fmay\u0131 \u00e7\u00f6z\u00fcms\u00fcz b\u0131rakman\u0131n gelecekte sava\u015f\u0131n tekrarlanma riski ta\u015f\u0131yaca\u011f\u0131na i\u015faret edilen bildiride, \u201cBu nedenle, ilgili taraflar\u0131n b\u00f6lgesel ve uluslararas\u0131 arabuluculuk dahil, ger\u00e7ek, kararl\u0131 g\u00f6r\u00fc\u015fmelere girmeleri gerekir.\u201d de\u011ferlendirmesi yap\u0131ld\u0131. Bildiride, uluslararas\u0131 toplumun, i\u015fgali ve Orta Do\u011fu\u2019daki \u015fiddet dalgalar\u0131n\u0131 sona erdiren siyasi ve adil bir \u00e7\u00f6z\u00fcm\u00fc destekleme sorumlulu\u011funu \u00fcstlenmesi gerekti\u011fi belirtildi.<\/p>\n<p>\u2013 Ate\u015fkes \u00e7a\u011fr\u0131s\u0131<\/p>\n<p>Bildiride, Antalya\u2019da d\u00fczenlenen son Bakanlar Toplant\u0131s\u0131\u2019n\u0131n, bu giri\u015fimlerin iki devletli \u00e7\u00f6z\u00fcm\u00fcn uygulanmas\u0131na y\u00f6nelik ivmenin s\u00fcrd\u00fcr\u00fclmesinde ne kadar \u00f6nemli oldu\u011funu vurgulad\u0131\u011f\u0131 bildirildi.<\/p>\n<p>\u0130\u015fgal alt\u0131ndaki Filistin topraklar\u0131ndaki son geli\u015fmelere y\u00f6nelik ciddi endi\u015felerin dile getirildi\u011fi bildiride, \u015funlar kaydedildi:<\/p>\n<p>\u201c\u00d6zellikle \u0130srail g\u00fc\u00e7lerinin ayr\u0131m g\u00f6zetmeyen sald\u0131r\u0131lar\u0131 sonucu \u00e7ok say\u0131da sivilin hayat\u0131n\u0131 kaybetmesi ve hayati \u00f6nem ta\u015f\u0131yan kalan altyap\u0131n\u0131n kas\u0131tl\u0131 olarak tahrip edilmesiyle sonu\u00e7lanan Gazze\u2019deki d\u00fc\u015fmanl\u0131klar\u0131n yeniden ba\u015flamas\u0131n\u0131 k\u0131n\u0131yoruz ve Birle\u015fmi\u015f Milletler (BM) kararlar\u0131 do\u011frultusunda derhal ve kal\u0131c\u0131 bir ate\u015fkes \u00e7a\u011fr\u0131s\u0131nda bulunuyoruz.\u201d<\/p>\n<p>\u2013 Filistin y\u00f6netimi alt\u0131nda birle\u015fme \u00e7a\u011fr\u0131s\u0131<\/p>\n<p>M\u0131s\u0131r, Katar ve ABD\u2019nin arabuluculu\u011funda 19 Ocak\u2019ta y\u00fcr\u00fcrl\u00fc\u011fe giren anla\u015fman\u0131n tam uygulanmas\u0131 \u00e7a\u011fr\u0131s\u0131nda bulunulan bildiride, \u201cAyr\u0131ca Gazze \u015eeridi\u2019nin, Do\u011fu Kud\u00fcs dahil Bat\u0131 \u015eeria ile Filistin y\u00f6netimi alt\u0131nda birle\u015ftirilmesi \u00e7a\u011fr\u0131s\u0131nda bulunuyoruz.\u201d ifadesi kullan\u0131ld\u0131.<\/p>\n<p>Bildiride, Filistin y\u00f6netimine, Gazze \u015eeridi\u2019nde ve y\u00f6netim b\u00f6lgesinin tamam\u0131nda t\u00fcm sorumluluklar\u0131 \u00fcstlenmesi i\u00e7in siyasi ve mali destek sa\u011flaman\u0131n \u00f6nemi vurguland\u0131.<\/p>\n<p>Filistin halk\u0131n\u0131n, Gazze ve Do\u011fu Kud\u00fcs dahil Bat\u0131 \u015eeria\u2019dan herhangi bir yerinden edilme veya s\u0131n\u0131r d\u0131\u015f\u0131 edilmesinin \u201ckesin ve kategorik olarak reddedildi\u011fi\u201d yinelenen bildiride, uluslararas\u0131 hukuk ve uluslararas\u0131 insani hukuka tam sayg\u0131 g\u00f6sterilmesi, Gazze\u2019deki t\u00fcm temel hizmetlerin derhal yeniden sa\u011flanmas\u0131, h\u0131zl\u0131, s\u00fcrekli ve engelsiz insani eri\u015fimin ve t\u00fcm Gazze \u015eeridi ile geneline b\u00fcy\u00fck \u00f6l\u00e7ekte insani yard\u0131m sa\u011flanmas\u0131 \u00e7a\u011fr\u0131s\u0131 yap\u0131ld\u0131.<\/p>\n<p>\u201cGazze\u2019yi ya\u015fanmaz hale getirerek insanlar\u0131 Gazze\u2019den zorla \u00e7\u0131karmak g\u00f6n\u00fcll\u00fc g\u00f6\u00e7 de\u011fildir. Kesinlikle reddetti\u011fimiz zorunlu yerinden edilmedir.\u201d ifadesine yer verilen bildiride, \u015fu de\u011ferlendirmelere yer verildi:<\/p>\n<p>\u201c\u0130nsani felaket devam ederken, yard\u0131m\u0131n silah olarak kullan\u0131lmas\u0131n\u0131 ve bu \u00e7at\u0131\u015fmada kald\u0131ra\u00e7 olarak kullan\u0131lmas\u0131n\u0131 reddediyoruz. Yard\u0131m Gazze\u2019ye k\u0131s\u0131tlama olmaks\u0131z\u0131n girmeli ve \u0130srail ge\u00e7i\u015fleri a\u00e7\u0131lmal\u0131 ve Gazze\u2019deki \u00e7aresiz ihtiyac\u0131 kar\u015f\u0131lamak i\u00e7in hava ve deniz yard\u0131m da\u011f\u0131t\u0131m\u0131ndan yararlan\u0131lmal\u0131. Gazze\u2019deki Filistin halk\u0131n\u0131 a\u00e7 b\u0131rakmak ve onlar\u0131 temel insani yard\u0131mdan mahrum b\u0131rakmak i\u00e7in hi\u00e7bir gerek\u00e7e kabul edilemez.\u201d<\/p>\n<p>\u2013 UNRWA\u2019ya \u201calternatif yok\u201d mesaj\u0131<\/p>\n<p>Birle\u015fmi\u015f Milletler Yak\u0131n Do\u011fu\u2019daki Filistinli M\u00fcltecilere Yard\u0131m ve Bay\u0131nd\u0131rl\u0131k Ajans\u0131n\u0131n (UNRWA) Filistinli m\u00fcltecilere temel hizmetlerin ve insani yard\u0131m\u0131n ula\u015ft\u0131r\u0131lmas\u0131nda \u201cvazge\u00e7ilmez ve yeri doldurulamaz bir rol oynad\u0131\u011f\u0131\u201d vurgulanan bildiride, Ajansa deste\u011fin yeniden teyit edildi\u011fi, BM Genel Kurulunca verilen yetki dolay\u0131s\u0131yla \u201cUNRWA\u2019ya alternatif olmad\u0131\u011f\u0131n\u0131n\u201d vurguland\u0131\u011f\u0131 aktar\u0131ld\u0131.<\/p>\n<p>Toplant\u0131da M\u0131s\u0131r, Katar ve ABD\u2019nin ate\u015fkes i\u00e7in arabuluculuk \u00e7abalar\u0131n\u0131n takdir edildi\u011fi kaydedilen bildiride, Arap Birli\u011fi ile \u0130\u0130T taraf\u0131ndan kabul edilen ve uluslararas\u0131 ortaklardan destek alan yeniden yap\u0131lanma plan\u0131n\u0131n g\u00fc\u00e7l\u00fc \u015fekilde desteklendi\u011fi yinelendi.<\/p>\n<p>Bildiride, BM ve uluslararas\u0131 ba\u011f\u0131\u015f\u00e7\u0131larla i\u015fbirli\u011fi halinde Gazze \u015eeridi\u2019nde \u201cerken iyile\u015fme ve yeniden yap\u0131lanma\u201d i\u00e7in M\u0131s\u0131r\u2019\u0131n Kahire kentinde d\u00fczenlenecek uluslararas\u0131 konferans\u0131n da desteklendi\u011fi belirtildi.<\/p>\n<p>New York\u2019ta haziranda Suudi Arabistan ve Fransa\u2019n\u0131n e\u015f ba\u015fkanl\u0131\u011f\u0131nda \u201cFilistin Sorununun Bar\u0131\u015f\u00e7\u0131l \u00c7\u00f6z\u00fcm\u00fc ve \u0130ki Devletli \u00c7\u00f6z\u00fcm\u00fcn Uygulanmas\u0131 \u0130\u00e7in Y\u00fcksek D\u00fczeyli Uluslararas\u0131 Konferans\u201d\u0131n toplanaca\u011f\u0131 an\u0131msat\u0131lan bildiride, bu konferansta, i\u015fgalin sona ermesi ve iki devletli \u00e7\u00f6z\u00fcm\u00fcn uygulanmas\u0131 i\u00e7in ilgili t\u00fcm akt\u00f6rlerce at\u0131lmas\u0131 gerekli ad\u0131mlar\u0131n belirlenece\u011fi ve bu hedefler i\u00e7in somut ve zamanl\u0131 taahh\u00fctler yoluyla gerekli \u00e7aba ve kaynaklar\u0131 acilen harekete ge\u00e7irmenin ama\u00e7lanaca\u011f\u0131 aktar\u0131ld\u0131.<\/p>\n<p>Bildiride, Bat\u0131 \u015eeria\u2019da \u0130srail\u2019in yerle\u015fim faaliyetleri, ev y\u0131k\u0131mlar\u0131, arazi m\u00fcsadereleri, altyap\u0131 y\u0131k\u0131mlar\u0131, Filistin \u015fehirlerine askeri m\u00fcdahaleler de dahil olmak \u00fczere uluslararas\u0131 hukuku ihlal etmesine son verilmesi istenerek, her t\u00fcrl\u00fc insani felaketin s\u00fcrmesi nedeniyle yard\u0131mlar\u0131n silah ve bu \u00e7at\u0131\u015fmada kald\u0131ra\u00e7 olarak kullan\u0131lmas\u0131n\u0131n reddedildi\u011fi vurguland\u0131.<\/p>\n<p>\u2013 Gazze\u2019ye insani yard\u0131mlar\u0131n giri\u015fi<\/p>\n<p>\u201cYard\u0131m Gazze\u2019ye k\u0131s\u0131tlama olmaks\u0131z\u0131n girmeli ve \u0130srail ge\u00e7i\u015fleri a\u00e7\u0131lmal\u0131 ve Gazze\u2019deki \u00e7aresiz ihtiyac\u0131 kar\u015f\u0131lamak i\u00e7in hava ve deniz yard\u0131m da\u011f\u0131t\u0131m\u0131ndan yararlan\u0131lmal\u0131d\u0131r.\u201d ifadesi kullan\u0131lan bildiride, Gazze\u2019deki Filistin halk\u0131n\u0131 a\u00e7 b\u0131rakmak ve temel insani yard\u0131mlardan mahrum b\u0131rakmak i\u00e7in hi\u00e7bir gerek\u00e7enin kabul edilemeyece\u011fine i\u015faret edildi.<\/p>\n<p>Bildiride, i\u015fgal alt\u0131ndaki Filistin topraklar\u0131n\u0131n baz\u0131 k\u0131s\u0131mlar\u0131n\u0131 ilhak etme giri\u015fimleri, Kud\u00fcs\u2019teki M\u00fcsl\u00fcman ve Hristiyan kutsal mekanlar\u0131ndaki yasal ve tarihi \u201cstat\u00fckonun\u201d korunmas\u0131 vurguland\u0131 ve bu konuda Ha\u015fimi muhaf\u0131zl\u0131\u011f\u0131n\u0131n oynad\u0131\u011f\u0131 kilit rol\u00fcn kabul edildi\u011fi belirtildi.<\/p>\n<p>Uluslararas\u0131 hukukun ve BM\u2019nin ilgili kararlar\u0131n\u0131n sayg\u0131 g\u00f6rmesinin hayati \u00f6nem ta\u015f\u0131d\u0131\u011f\u0131na i\u015faret edilen bildiride, iki devletli \u00e7\u00f6z\u00fcm\u00fcn uygulanmas\u0131 ve \u00e7at\u0131\u015fman\u0131n \u00e7\u00f6z\u00fclmesi i\u00e7in uluslararas\u0131 \u00e7abalar ve garantilerle desteklenen g\u00fc\u00e7l\u00fc bir siyasi iradenin, ayr\u0131ca iki devletli \u00e7\u00f6z\u00fcm\u00fcn uygulanmas\u0131n\u0131 engelleyen ve bar\u0131\u015f \u00e7abalar\u0131n\u0131 ray\u0131ndan \u00e7\u0131karan yasa d\u0131\u015f\u0131 eylemler i\u00e7in hesap verilebilirli\u011fin olmas\u0131 gerekti\u011fi aktar\u0131ld\u0131.<\/p>\n<p>Bildiride, \u015funlar kaydedildi:<\/p>\n<p>\u201cUluslararas\u0131 Adalet Divan\u0131 2024 tarihli tavsiye karar\u0131 do\u011frultusunda i\u015fgalin sona erdirilmesi i\u00e7in siyasi s\u00fcrecin yeniden ba\u015flat\u0131lmas\u0131 ve ilgili BM kararlar\u0131, bar\u0131\u015f i\u00e7in toprak ilkesi de dahil olmak \u00fczere Madrid \u015eartlar\u0131 ve Arap Bar\u0131\u015f Giri\u015fimi temelinde uluslararas\u0131 hukuk ve iki devletli \u00e7\u00f6z\u00fcme uygun adil ve kal\u0131c\u0131 bir bar\u0131\u015f\u0131n sa\u011flanmas\u0131, 4 Haziran 1967 s\u0131n\u0131rlar\u0131 temelinde, Kud\u00fcs de dahil olmak \u00fczere Filistin devletinin g\u00fc\u00e7lendirilmesi, a\u00e7\u0131k ve geri d\u00f6nd\u00fcr\u00fclemez \u00f6l\u00e7\u00fctlere ve g\u00fc\u00e7l\u00fc uluslararas\u0131 \u00e7aba ve garantilere sahip ba\u011flay\u0131c\u0131 bir takvim \u00e7er\u00e7evesinde, \u0130srail ve Filistin\u2019in bar\u0131\u015f ve g\u00fcvenlik i\u00e7inde yan yana ya\u015famas\u0131n\u0131n sa\u011flanmas\u0131, Orta Do\u011fu\u2019nun t\u00fcm halklar\u0131 aras\u0131nda bir arada ya\u015faman\u0131n ve g\u00fcvenlik ve b\u00f6lgesel b\u00fct\u00fcnle\u015fmenin yolunun a\u00e7\u0131lmas\u0131 dahil olmak \u00fczere t\u00fcm uluslararas\u0131 \u00e7abalar\u0131n olumlu ve geri d\u00f6nd\u00fcr\u00fclemez ad\u0131mlar at\u0131larak ilerletilmesine ihtiya\u00e7 vard\u0131r.\u201d<\/p>\n<\/p><\/div>\n<p><script async\n                    defer\n                    crossorigin=\"anonymous\"\n                    src=\"https:\/\/connect.facebook.net\/tr_TR\/sdk.js#xfbml=1&#038;version=v3.3\"\n            ><\/script><\/p>\n","protected":false},"excerpt":{"rendered":"<p>D\u0131\u015fi\u015fleri Bakan\u0131 Hakan Fidan\u2019\u0131n ev sahipli\u011finde Antalya\u2019da d\u00fczenlenen \u0130slam \u0130\u015fbirli\u011fi Te\u015fkilat\u0131 (\u0130\u0130T) ve Arap Birli\u011fi Bakanlar Komitesi (Gazze Temas Grubu) Toplant\u0131s\u0131 sonucunda, T\u00fcrkiye, Filistin, Suudi Arabistan, Katar, Endonezya, Nijerya, Bahreyn, \u00dcrd\u00fcn, M\u0131s\u0131r, \u0130rlanda, Norve\u00e7, Slovenya, \u0130spanya, \u00c7in ve Rusya taraf\u0131ndan kabul edilen ortak bildiri yay\u0131mland\u0131. Anadolu Ajans\u0131n\u0131n (AA) \u201cGlobal \u0130leti\u015fim Orta\u011f\u0131\u201d olarak yer ald\u0131\u011f\u0131, Belek [&hellip;]<\/p>\n","protected":false},"author":1,"featured_media":21765,"comment_status":"open","ping_status":"open","sticky":false,"template":"","format":"standard","meta":{"jnews-multi-image_gallery":[],"jnews_single_post":[],"jnews_primary_category":[],"footnotes":""},"categories":[2],"tags":[],"class_list":["post-21764","post","type-post","status-publish","format-standard","has-post-thumbnail","hentry","category-dunya"],"yoast_head":"<!-- This site is optimized with the Yoast SEO plugin v27.5 - https:\/\/yoast.com\/product\/yoast-seo-wordpress\/ -->\n<title>\u0130\u0130T-Arap Birli\u011fi Gazze Temas Grubu Toplant\u0131s\u0131 ortak bildirisi yay\u0131mland\u0131 - Haber Kuzey<\/title>\n<meta name=\"robots\" content=\"index, follow, max-snippet:-1, max-image-preview:large, max-video-preview:-1\" \/>\n<link rel=\"canonical\" href=\"https:\/\/haberkuzey.com\/index.php\/2025\/04\/12\/iit-arap-birligi-gazze-temas-grubu-toplantisi-ortak-bildirisi-yayimlandi\/\" \/>\n<meta property=\"og:locale\" content=\"tr_TR\" \/>\n<meta property=\"og:type\" content=\"article\" \/>\n<meta property=\"og:title\" content=\"\u0130\u0130T-Arap Birli\u011fi Gazze Temas Grubu Toplant\u0131s\u0131 ortak bildirisi yay\u0131mland\u0131 - Haber Kuzey\" \/>\n<meta property=\"og:description\" content=\"D\u0131\u015fi\u015fleri Bakan\u0131 Hakan Fidan\u2019\u0131n ev sahipli\u011finde Antalya\u2019da d\u00fczenlenen \u0130slam \u0130\u015fbirli\u011fi Te\u015fkilat\u0131 (\u0130\u0130T) ve Arap Birli\u011fi Bakanlar Komitesi (Gazze Temas Grubu) Toplant\u0131s\u0131 sonucunda, T\u00fcrkiye, Filistin, Suudi Arabistan, Katar, Endonezya, Nijerya, Bahreyn, \u00dcrd\u00fcn, M\u0131s\u0131r, \u0130rlanda, Norve\u00e7, Slovenya, \u0130spanya, \u00c7in ve Rusya taraf\u0131ndan kabul edilen ortak bildiri yay\u0131mland\u0131. Anadolu Ajans\u0131n\u0131n (AA) \u201cGlobal \u0130leti\u015fim Orta\u011f\u0131\u201d olarak yer ald\u0131\u011f\u0131, Belek [&hellip;]\" \/>\n<meta property=\"og:url\" content=\"https:\/\/haberkuzey.com\/index.php\/2025\/04\/12\/iit-arap-birligi-gazze-temas-grubu-toplantisi-ortak-bildirisi-yayimlandi\/\" \/>\n<meta property=\"og:site_name\" content=\"Haber Kuzey\" \/>\n<meta property=\"article:published_time\" content=\"2025-04-12T09:54:40+00:00\" \/>\n<meta property=\"og:image\" content=\"https:\/\/brtk.net\/wp-content\/uploads\/2025\/04\/12\/2039842.jpg?ver=d7a0b7b58db12c9312760af781ed5668\" \/>\n<meta name=\"author\" content=\"haberkuzey\" \/>\n<meta name=\"twitter:card\" content=\"summary_large_image\" \/>\n<meta name=\"twitter:label1\" content=\"Yazan:\" \/>\n\t<meta name=\"twitter:data1\" content=\"haberkuzey\" \/>\n\t<meta name=\"twitter:label2\" content=\"Tahmini okuma s\u00fcresi\" \/>\n\t<meta name=\"twitter:data2\" content=\"8 dakika\" \/>\n<script type=\"application\/ld+json\" class=\"yoast-schema-graph\">{\"@context\":\"https:\\\/\\\/schema.org\",\"@graph\":[{\"@type\":\"Article\",\"@id\":\"https:\\\/\\\/haberkuzey.com\\\/index.php\\\/2025\\\/04\\\/12\\\/iit-arap-birligi-gazze-temas-grubu-toplantisi-ortak-bildirisi-yayimlandi\\\/#article\",\"isPartOf\":{\"@id\":\"https:\\\/\\\/haberkuzey.com\\\/index.php\\\/2025\\\/04\\\/12\\\/iit-arap-birligi-gazze-temas-grubu-toplantisi-ortak-bildirisi-yayimlandi\\\/\"},\"author\":{\"name\":\"haberkuzey\",\"@id\":\"https:\\\/\\\/haberkuzey.com\\\/#\\\/schema\\\/person\\\/3372109ec735f9333f4fa47ebb9605ca\"},\"headline\":\"\u0130\u0130T-Arap Birli\u011fi Gazze Temas Grubu Toplant\u0131s\u0131 ortak bildirisi yay\u0131mland\u0131\",\"datePublished\":\"2025-04-12T09:54:40+00:00\",\"mainEntityOfPage\":{\"@id\":\"https:\\\/\\\/haberkuzey.com\\\/index.php\\\/2025\\\/04\\\/12\\\/iit-arap-birligi-gazze-temas-grubu-toplantisi-ortak-bildirisi-yayimlandi\\\/\"},\"wordCount\":1668,\"commentCount\":0,\"image\":{\"@id\":\"https:\\\/\\\/haberkuzey.com\\\/index.php\\\/2025\\\/04\\\/12\\\/iit-arap-birligi-gazze-temas-grubu-toplantisi-ortak-bildirisi-yayimlandi\\\/#primaryimage\"},\"thumbnailUrl\":\"https:\\\/\\\/haberkuzey.com\\\/wp-content\\\/uploads\\\/2025\\\/04\\\/2039842.jpg\",\"articleSection\":[\"D\u00fcnya\"],\"inLanguage\":\"tr\",\"potentialAction\":[{\"@type\":\"CommentAction\",\"name\":\"Comment\",\"target\":[\"https:\\\/\\\/haberkuzey.com\\\/index.php\\\/2025\\\/04\\\/12\\\/iit-arap-birligi-gazze-temas-grubu-toplantisi-ortak-bildirisi-yayimlandi\\\/#respond\"]}]},{\"@type\":\"WebPage\",\"@id\":\"https:\\\/\\\/haberkuzey.com\\\/index.php\\\/2025\\\/04\\\/12\\\/iit-arap-birligi-gazze-temas-grubu-toplantisi-ortak-bildirisi-yayimlandi\\\/\",\"url\":\"https:\\\/\\\/haberkuzey.com\\\/index.php\\\/2025\\\/04\\\/12\\\/iit-arap-birligi-gazze-temas-grubu-toplantisi-ortak-bildirisi-yayimlandi\\\/\",\"name\":\"\u0130\u0130T-Arap Birli\u011fi Gazze Temas Grubu Toplant\u0131s\u0131 ortak bildirisi yay\u0131mland\u0131 - Haber Kuzey\",\"isPartOf\":{\"@id\":\"https:\\\/\\\/haberkuzey.com\\\/#website\"},\"primaryImageOfPage\":{\"@id\":\"https:\\\/\\\/haberkuzey.com\\\/index.php\\\/2025\\\/04\\\/12\\\/iit-arap-birligi-gazze-temas-grubu-toplantisi-ortak-bildirisi-yayimlandi\\\/#primaryimage\"},\"image\":{\"@id\":\"https:\\\/\\\/haberkuzey.com\\\/index.php\\\/2025\\\/04\\\/12\\\/iit-arap-birligi-gazze-temas-grubu-toplantisi-ortak-bildirisi-yayimlandi\\\/#primaryimage\"},\"thumbnailUrl\":\"https:\\\/\\\/haberkuzey.com\\\/wp-content\\\/uploads\\\/2025\\\/04\\\/2039842.jpg\",\"datePublished\":\"2025-04-12T09:54:40+00:00\",\"author\":{\"@id\":\"https:\\\/\\\/haberkuzey.com\\\/#\\\/schema\\\/person\\\/3372109ec735f9333f4fa47ebb9605ca\"},\"breadcrumb\":{\"@id\":\"https:\\\/\\\/haberkuzey.com\\\/index.php\\\/2025\\\/04\\\/12\\\/iit-arap-birligi-gazze-temas-grubu-toplantisi-ortak-bildirisi-yayimlandi\\\/#breadcrumb\"},\"inLanguage\":\"tr\",\"potentialAction\":[{\"@type\":\"ReadAction\",\"target\":[\"https:\\\/\\\/haberkuzey.com\\\/index.php\\\/2025\\\/04\\\/12\\\/iit-arap-birligi-gazze-temas-grubu-toplantisi-ortak-bildirisi-yayimlandi\\\/\"]}]},{\"@type\":\"ImageObject\",\"inLanguage\":\"tr\",\"@id\":\"https:\\\/\\\/haberkuzey.com\\\/index.php\\\/2025\\\/04\\\/12\\\/iit-arap-birligi-gazze-temas-grubu-toplantisi-ortak-bildirisi-yayimlandi\\\/#primaryimage\",\"url\":\"https:\\\/\\\/haberkuzey.com\\\/wp-content\\\/uploads\\\/2025\\\/04\\\/2039842.jpg\",\"contentUrl\":\"https:\\\/\\\/haberkuzey.com\\\/wp-content\\\/uploads\\\/2025\\\/04\\\/2039842.jpg\",\"width\":864,\"height\":486},{\"@type\":\"BreadcrumbList\",\"@id\":\"https:\\\/\\\/haberkuzey.com\\\/index.php\\\/2025\\\/04\\\/12\\\/iit-arap-birligi-gazze-temas-grubu-toplantisi-ortak-bildirisi-yayimlandi\\\/#breadcrumb\",\"itemListElement\":[{\"@type\":\"ListItem\",\"position\":1,\"name\":\"Anasayfa\",\"item\":\"https:\\\/\\\/haberkuzey.com\\\/\"},{\"@type\":\"ListItem\",\"position\":2,\"name\":\"\u0130\u0130T-Arap Birli\u011fi Gazze Temas Grubu Toplant\u0131s\u0131 ortak bildirisi yay\u0131mland\u0131\"}]},{\"@type\":\"WebSite\",\"@id\":\"https:\\\/\\\/haberkuzey.com\\\/#website\",\"url\":\"https:\\\/\\\/haberkuzey.com\\\/\",\"name\":\"Haber Kuzey\",\"description\":\"Do\u011fru Haberin Adresi\",\"potentialAction\":[{\"@type\":\"SearchAction\",\"target\":{\"@type\":\"EntryPoint\",\"urlTemplate\":\"https:\\\/\\\/haberkuzey.com\\\/?s={search_term_string}\"},\"query-input\":{\"@type\":\"PropertyValueSpecification\",\"valueRequired\":true,\"valueName\":\"search_term_string\"}}],\"inLanguage\":\"tr\"},{\"@type\":\"Person\",\"@id\":\"https:\\\/\\\/haberkuzey.com\\\/#\\\/schema\\\/person\\\/3372109ec735f9333f4fa47ebb9605ca\",\"name\":\"haberkuzey\",\"image\":{\"@type\":\"ImageObject\",\"inLanguage\":\"tr\",\"@id\":\"https:\\\/\\\/secure.gravatar.com\\\/avatar\\\/f5fc875574b1575324358c3b9e6a32b8227aa5b74f3fa22e3cadb63e26fcc39c?s=96&d=mm&r=g\",\"url\":\"https:\\\/\\\/secure.gravatar.com\\\/avatar\\\/f5fc875574b1575324358c3b9e6a32b8227aa5b74f3fa22e3cadb63e26fcc39c?s=96&d=mm&r=g\",\"contentUrl\":\"https:\\\/\\\/secure.gravatar.com\\\/avatar\\\/f5fc875574b1575324358c3b9e6a32b8227aa5b74f3fa22e3cadb63e26fcc39c?s=96&d=mm&r=g\",\"caption\":\"haberkuzey\"},\"sameAs\":[\"https:\\\/\\\/haberkuzey.com\"],\"url\":\"https:\\\/\\\/haberkuzey.com\\\/index.php\\\/author\\\/haberkuzey\\\/\"}]}<\/script>\n<!-- \/ Yoast SEO plugin. -->","yoast_head_json":{"title":"\u0130\u0130T-Arap Birli\u011fi Gazze Temas Grubu Toplant\u0131s\u0131 ortak bildirisi yay\u0131mland\u0131 - Haber Kuzey","robots":{"index":"index","follow":"follow","max-snippet":"max-snippet:-1","max-image-preview":"max-image-preview:large","max-video-preview":"max-video-preview:-1"},"canonical":"https:\/\/haberkuzey.com\/index.php\/2025\/04\/12\/iit-arap-birligi-gazze-temas-grubu-toplantisi-ortak-bildirisi-yayimlandi\/","og_locale":"tr_TR","og_type":"article","og_title":"\u0130\u0130T-Arap Birli\u011fi Gazze Temas Grubu Toplant\u0131s\u0131 ortak bildirisi yay\u0131mland\u0131 - Haber Kuzey","og_description":"D\u0131\u015fi\u015fleri Bakan\u0131 Hakan Fidan\u2019\u0131n ev sahipli\u011finde Antalya\u2019da d\u00fczenlenen \u0130slam \u0130\u015fbirli\u011fi Te\u015fkilat\u0131 (\u0130\u0130T) ve Arap Birli\u011fi Bakanlar Komitesi (Gazze Temas Grubu) Toplant\u0131s\u0131 sonucunda, T\u00fcrkiye, Filistin, Suudi Arabistan, Katar, Endonezya, Nijerya, Bahreyn, \u00dcrd\u00fcn, M\u0131s\u0131r, \u0130rlanda, Norve\u00e7, Slovenya, \u0130spanya, \u00c7in ve Rusya taraf\u0131ndan kabul edilen ortak bildiri yay\u0131mland\u0131. Anadolu Ajans\u0131n\u0131n (AA) \u201cGlobal \u0130leti\u015fim Orta\u011f\u0131\u201d olarak yer ald\u0131\u011f\u0131, Belek [&hellip;]","og_url":"https:\/\/haberkuzey.com\/index.php\/2025\/04\/12\/iit-arap-birligi-gazze-temas-grubu-toplantisi-ortak-bildirisi-yayimlandi\/","og_site_name":"Haber Kuzey","article_published_time":"2025-04-12T09:54:40+00:00","og_image":[{"url":"https:\/\/brtk.net\/wp-content\/uploads\/2025\/04\/12\/2039842.jpg?ver=d7a0b7b58db12c9312760af781ed5668","type":"","width":"","height":""}],"author":"haberkuzey","twitter_card":"summary_large_image","twitter_misc":{"Yazan:":"haberkuzey","Tahmini okuma s\u00fcresi":"8 dakika"},"schema":{"@context":"https:\/\/schema.org","@graph":[{"@type":"Article","@id":"https:\/\/haberkuzey.com\/index.php\/2025\/04\/12\/iit-arap-birligi-gazze-temas-grubu-toplantisi-ortak-bildirisi-yayimlandi\/#article","isPartOf":{"@id":"https:\/\/haberkuzey.com\/index.php\/2025\/04\/12\/iit-arap-birligi-gazze-temas-grubu-toplantisi-ortak-bildirisi-yayimlandi\/"},"author":{"name":"haberkuzey","@id":"https:\/\/haberkuzey.com\/#\/schema\/person\/3372109ec735f9333f4fa47ebb9605ca"},"headline":"\u0130\u0130T-Arap Birli\u011fi Gazze Temas Grubu Toplant\u0131s\u0131 ortak bildirisi yay\u0131mland\u0131","datePublished":"2025-04-12T09:54:40+00:00","mainEntityOfPage":{"@id":"https:\/\/haberkuzey.com\/index.php\/2025\/04\/12\/iit-arap-birligi-gazze-temas-grubu-toplantisi-ortak-bildirisi-yayimlandi\/"},"wordCount":1668,"commentCount":0,"image":{"@id":"https:\/\/haberkuzey.com\/index.php\/2025\/04\/12\/iit-arap-birligi-gazze-temas-grubu-toplantisi-ortak-bildirisi-yayimlandi\/#primaryimage"},"thumbnailUrl":"https:\/\/haberkuzey.com\/wp-content\/uploads\/2025\/04\/2039842.jpg","articleSection":["D\u00fcnya"],"inLanguage":"tr","potentialAction":[{"@type":"CommentAction","name":"Comment","target":["https:\/\/haberkuzey.com\/index.php\/2025\/04\/12\/iit-arap-birligi-gazze-temas-grubu-toplantisi-ortak-bildirisi-yayimlandi\/#respond"]}]},{"@type":"WebPage","@id":"https:\/\/haberkuzey.com\/index.php\/2025\/04\/12\/iit-arap-birligi-gazze-temas-grubu-toplantisi-ortak-bildirisi-yayimlandi\/","url":"https:\/\/haberkuzey.com\/index.php\/2025\/04\/12\/iit-arap-birligi-gazze-temas-grubu-toplantisi-ortak-bildirisi-yayimlandi\/","name":"\u0130\u0130T-Arap Birli\u011fi Gazze Temas Grubu Toplant\u0131s\u0131 ortak bildirisi yay\u0131mland\u0131 - Haber Kuzey","isPartOf":{"@id":"https:\/\/haberkuzey.com\/#website"},"primaryImageOfPage":{"@id":"https:\/\/haberkuzey.com\/index.php\/2025\/04\/12\/iit-arap-birligi-gazze-temas-grubu-toplantisi-ortak-bildirisi-yayimlandi\/#primaryimage"},"image":{"@id":"https:\/\/haberkuzey.com\/index.php\/2025\/04\/12\/iit-arap-birligi-gazze-temas-grubu-toplantisi-ortak-bildirisi-yayimlandi\/#primaryimage"},"thumbnailUrl":"https:\/\/haberkuzey.com\/wp-content\/uploads\/2025\/04\/2039842.jpg","datePublished":"2025-04-12T09:54:40+00:00","author":{"@id":"https:\/\/haberkuzey.com\/#\/schema\/person\/3372109ec735f9333f4fa47ebb9605ca"},"breadcrumb":{"@id":"https:\/\/haberkuzey.com\/index.php\/2025\/04\/12\/iit-arap-birligi-gazze-temas-grubu-toplantisi-ortak-bildirisi-yayimlandi\/#breadcrumb"},"inLanguage":"tr","potentialAction":[{"@type":"ReadAction","target":["https:\/\/haberkuzey.com\/index.php\/2025\/04\/12\/iit-arap-birligi-gazze-temas-grubu-toplantisi-ortak-bildirisi-yayimlandi\/"]}]},{"@type":"ImageObject","inLanguage":"tr","@id":"https:\/\/haberkuzey.com\/index.php\/2025\/04\/12\/iit-arap-birligi-gazze-temas-grubu-toplantisi-ortak-bildirisi-yayimlandi\/#primaryimage","url":"https:\/\/haberkuzey.com\/wp-content\/uploads\/2025\/04\/2039842.jpg","contentUrl":"https:\/\/haberkuzey.com\/wp-content\/uploads\/2025\/04\/2039842.jpg","width":864,"height":486},{"@type":"BreadcrumbList","@id":"https:\/\/haberkuzey.com\/index.php\/2025\/04\/12\/iit-arap-birligi-gazze-temas-grubu-toplantisi-ortak-bildirisi-yayimlandi\/#breadcrumb","itemListElement":[{"@type":"ListItem","position":1,"name":"Anasayfa","item":"https:\/\/haberkuzey.com\/"},{"@type":"ListItem","position":2,"name":"\u0130\u0130T-Arap Birli\u011fi Gazze Temas Grubu Toplant\u0131s\u0131 ortak bildirisi yay\u0131mland\u0131"}]},{"@type":"WebSite","@id":"https:\/\/haberkuzey.com\/#website","url":"https:\/\/haberkuzey.com\/","name":"Haber Kuzey","description":"Do\u011fru Haberin Adresi","potentialAction":[{"@type":"SearchAction","target":{"@type":"EntryPoint","urlTemplate":"https:\/\/haberkuzey.com\/?s={search_term_string}"},"query-input":{"@type":"PropertyValueSpecification","valueRequired":true,"valueName":"search_term_string"}}],"inLanguage":"tr"},{"@type":"Person","@id":"https:\/\/haberkuzey.com\/#\/schema\/person\/3372109ec735f9333f4fa47ebb9605ca","name":"haberkuzey","image":{"@type":"ImageObject","inLanguage":"tr","@id":"https:\/\/secure.gravatar.com\/avatar\/f5fc875574b1575324358c3b9e6a32b8227aa5b74f3fa22e3cadb63e26fcc39c?s=96&d=mm&r=g","url":"https:\/\/secure.gravatar.com\/avatar\/f5fc875574b1575324358c3b9e6a32b8227aa5b74f3fa22e3cadb63e26fcc39c?s=96&d=mm&r=g","contentUrl":"https:\/\/secure.gravatar.com\/avatar\/f5fc875574b1575324358c3b9e6a32b8227aa5b74f3fa22e3cadb63e26fcc39c?s=96&d=mm&r=g","caption":"haberkuzey"},"sameAs":["https:\/\/haberkuzey.com"],"url":"https:\/\/haberkuzey.com\/index.php\/author\/haberkuzey\/"}]}},"_links":{"self":[{"href":"https:\/\/haberkuzey.com\/index.php\/wp-json\/wp\/v2\/posts\/21764","targetHints":{"allow":["GET"]}}],"collection":[{"href":"https:\/\/haberkuzey.com\/index.php\/wp-json\/wp\/v2\/posts"}],"about":[{"href":"https:\/\/haberkuzey.com\/index.php\/wp-json\/wp\/v2\/types\/post"}],"author":[{"embeddable":true,"href":"https:\/\/haberkuzey.com\/index.php\/wp-json\/wp\/v2\/users\/1"}],"replies":[{"embeddable":true,"href":"https:\/\/haberkuzey.com\/index.php\/wp-json\/wp\/v2\/comments?post=21764"}],"version-history":[{"count":0,"href":"https:\/\/haberkuzey.com\/index.php\/wp-json\/wp\/v2\/posts\/21764\/revisions"}],"wp:featuredmedia":[{"embeddable":true,"href":"https:\/\/haberkuzey.com\/index.php\/wp-json\/wp\/v2\/media\/21765"}],"wp:attachment":[{"href":"https:\/\/haberkuzey.com\/index.php\/wp-json\/wp\/v2\/media?parent=21764"}],"wp:term":[{"taxonomy":"category","embeddable":true,"href":"https:\/\/haberkuzey.com\/index.php\/wp-json\/wp\/v2\/categories?post=21764"},{"taxonomy":"post_tag","embeddable":true,"href":"https:\/\/haberkuzey.com\/index.php\/wp-json\/wp\/v2\/tags?post=21764"}],"curies":[{"name":"wp","href":"https:\/\/api.w.org\/{rel}","templated":true}]}}