{"id":21723,"date":"2025-04-11T17:24:50","date_gmt":"2025-04-11T14:24:50","guid":{"rendered":"https:\/\/haberkuzey.com\/index.php\/2025\/04\/11\/erdogan-dogu-akdenizdeki-ortak-cikarlarin-korunmasi-icin-libya-ile-yakin-temasi-surdurecegini-soyledi\/"},"modified":"2025-04-11T17:24:50","modified_gmt":"2025-04-11T14:24:50","slug":"erdogan-dogu-akdenizdeki-ortak-cikarlarin-korunmasi-icin-libya-ile-yakin-temasi-surdurecegini-soyledi","status":"publish","type":"post","link":"https:\/\/haberkuzey.com\/index.php\/2025\/04\/11\/erdogan-dogu-akdenizdeki-ortak-cikarlarin-korunmasi-icin-libya-ile-yakin-temasi-surdurecegini-soyledi\/","title":{"rendered":"Erdo\u011fan, Do\u011fu Akdeniz\u2019deki ortak \u00e7\u0131karlar\u0131n korunmas\u0131 i\u00e7in Libya ile yak\u0131n temas\u0131 s\u00fcrd\u00fcrece\u011fini s\u00f6yledi"},"content":{"rendered":"<div>\n<div class=\"mariselle-image-container center\">\n                                            <\/div>\n<p>T\u00fcrkiye Cumhurba\u015fkan\u0131 Recep Tayyip Erdo\u011fan, Libya Ba\u015fbakan\u0131 Abdulhamid Dibeybe\u2019yi kabul\u00fcnde, T\u00fcrkiye\u2019nin Libya\u2019n\u0131n huzur ve g\u00fcvenli\u011fine \u00f6nem verdi\u011fini, Libya ile her alanda i\u015fbirli\u011fini geli\u015ftirmeye devam edeceklerini ifade etti.<\/p>\n<p>TC Cumhurba\u015fkanl\u0131\u011f\u0131 \u0130leti\u015fim Ba\u015fkanl\u0131\u011f\u0131ndan, Erdo\u011fan ile Dibeybe\u2019nin Antalya Diplomasi Forumu kapsam\u0131ndaki g\u00f6r\u00fc\u015fmesinin ard\u0131ndan a\u00e7\u0131klama yap\u0131ld\u0131.<\/p>\n<p>A\u00e7\u0131klamaya g\u00f6re, g\u00f6r\u00fc\u015fmede T\u00fcrkiye ile Libya ikili ili\u015fkileri, b\u00f6lgesel ve k\u00fcresel konular ele al\u0131nd\u0131. <\/p>\n<p>Cumhurba\u015fkan\u0131 Erdo\u011fan g\u00f6r\u00fc\u015fmede, T\u00fcrkiye\u2019nin Libya\u2019n\u0131n huzur ve g\u00fcvenli\u011fine \u00f6nem verdi\u011fini, Libya ile her alanda i\u015fbirli\u011fini geli\u015ftirmeye devam edeceklerini ifade etti.<\/p>\n<p>Erdo\u011fan, T\u00fcrkiye ve Libya\u2019n\u0131n Do\u011fu Akdeniz\u2019deki ortak \u00e7\u0131karlar\u0131n\u0131n korunmas\u0131 i\u00e7in yak\u0131n temas\u0131 s\u00fcrd\u00fcrece\u011fini de belirtti.<\/p>\n<\/p><\/div>\n<p><script async\n                    defer\n                    crossorigin=\"anonymous\"\n                    src=\"https:\/\/connect.facebook.net\/tr_TR\/sdk.js#xfbml=1&#038;version=v3.3\"\n            ><\/script><\/p>\n","protected":false},"excerpt":{"rendered":"<p>T\u00fcrkiye Cumhurba\u015fkan\u0131 Recep Tayyip Erdo\u011fan, Libya Ba\u015fbakan\u0131 Abdulhamid Dibeybe\u2019yi kabul\u00fcnde, T\u00fcrkiye\u2019nin Libya\u2019n\u0131n huzur ve g\u00fcvenli\u011fine \u00f6nem verdi\u011fini, Libya ile her alanda i\u015fbirli\u011fini geli\u015ftirmeye devam edeceklerini ifade etti. TC Cumhurba\u015fkanl\u0131\u011f\u0131 \u0130leti\u015fim Ba\u015fkanl\u0131\u011f\u0131ndan, Erdo\u011fan ile Dibeybe\u2019nin Antalya Diplomasi Forumu kapsam\u0131ndaki g\u00f6r\u00fc\u015fmesinin ard\u0131ndan a\u00e7\u0131klama yap\u0131ld\u0131. A\u00e7\u0131klamaya g\u00f6re, g\u00f6r\u00fc\u015fmede T\u00fcrkiye ile Libya ikili ili\u015fkileri, b\u00f6lgesel ve k\u00fcresel konular ele [&hellip;]<\/p>\n","protected":false},"author":1,"featured_media":21724,"comment_status":"open","ping_status":"open","sticky":false,"template":"","format":"standard","meta":{"jnews-multi-image_gallery":[],"jnews_single_post":[],"jnews_primary_category":[],"footnotes":""},"categories":[2],"tags":[],"class_list":["post-21723","post","type-post","status-publish","format-standard","has-post-thumbnail","hentry","category-dunya"],"yoast_head":"<!-- This site is optimized with the Yoast SEO plugin v27.5 - https:\/\/yoast.com\/product\/yoast-seo-wordpress\/ -->\n<title>Erdo\u011fan, Do\u011fu Akdeniz\u2019deki ortak \u00e7\u0131karlar\u0131n korunmas\u0131 i\u00e7in Libya ile yak\u0131n temas\u0131 s\u00fcrd\u00fcrece\u011fini s\u00f6yledi - Haber Kuzey<\/title>\n<meta name=\"robots\" content=\"index, follow, max-snippet:-1, max-image-preview:large, max-video-preview:-1\" \/>\n<link rel=\"canonical\" href=\"https:\/\/haberkuzey.com\/index.php\/2025\/04\/11\/erdogan-dogu-akdenizdeki-ortak-cikarlarin-korunmasi-icin-libya-ile-yakin-temasi-surdurecegini-soyledi\/\" \/>\n<meta property=\"og:locale\" content=\"tr_TR\" \/>\n<meta property=\"og:type\" content=\"article\" \/>\n<meta property=\"og:title\" content=\"Erdo\u011fan, Do\u011fu Akdeniz\u2019deki ortak \u00e7\u0131karlar\u0131n korunmas\u0131 i\u00e7in Libya ile yak\u0131n temas\u0131 s\u00fcrd\u00fcrece\u011fini s\u00f6yledi - Haber Kuzey\" \/>\n<meta property=\"og:description\" content=\"T\u00fcrkiye Cumhurba\u015fkan\u0131 Recep Tayyip Erdo\u011fan, Libya Ba\u015fbakan\u0131 Abdulhamid Dibeybe\u2019yi kabul\u00fcnde, T\u00fcrkiye\u2019nin Libya\u2019n\u0131n huzur ve g\u00fcvenli\u011fine \u00f6nem verdi\u011fini, Libya ile her alanda i\u015fbirli\u011fini geli\u015ftirmeye devam edeceklerini ifade etti. TC Cumhurba\u015fkanl\u0131\u011f\u0131 \u0130leti\u015fim Ba\u015fkanl\u0131\u011f\u0131ndan, Erdo\u011fan ile Dibeybe\u2019nin Antalya Diplomasi Forumu kapsam\u0131ndaki g\u00f6r\u00fc\u015fmesinin ard\u0131ndan a\u00e7\u0131klama yap\u0131ld\u0131. A\u00e7\u0131klamaya g\u00f6re, g\u00f6r\u00fc\u015fmede T\u00fcrkiye ile Libya ikili ili\u015fkileri, b\u00f6lgesel ve k\u00fcresel konular ele [&hellip;]\" \/>\n<meta property=\"og:url\" content=\"https:\/\/haberkuzey.com\/index.php\/2025\/04\/11\/erdogan-dogu-akdenizdeki-ortak-cikarlarin-korunmasi-icin-libya-ile-yakin-temasi-surdurecegini-soyledi\/\" \/>\n<meta property=\"og:site_name\" content=\"Haber Kuzey\" \/>\n<meta property=\"article:published_time\" content=\"2025-04-11T14:24:50+00:00\" \/>\n<meta property=\"og:image\" content=\"https:\/\/brtk.net\/wp-content\/uploads\/2025\/04\/11\/1744372289398AA-20250411-37599906-37599902-ANTALYA_DIPLOMASI_FORUMU_2025-scaled.jpg?ver=79e76a93eb9d183ab47735d8a56136ce\" \/>\n<meta name=\"author\" content=\"haberkuzey\" \/>\n<meta name=\"twitter:card\" content=\"summary_large_image\" \/>\n<meta name=\"twitter:label1\" content=\"Yazan:\" \/>\n\t<meta name=\"twitter:data1\" content=\"haberkuzey\" \/>\n\t<meta name=\"twitter:label2\" content=\"Tahmini okuma s\u00fcresi\" \/>\n\t<meta name=\"twitter:data2\" content=\"1 dakika\" \/>\n<script type=\"application\/ld+json\" class=\"yoast-schema-graph\">{\"@context\":\"https:\\\/\\\/schema.org\",\"@graph\":[{\"@type\":\"Article\",\"@id\":\"https:\\\/\\\/haberkuzey.com\\\/index.php\\\/2025\\\/04\\\/11\\\/erdogan-dogu-akdenizdeki-ortak-cikarlarin-korunmasi-icin-libya-ile-yakin-temasi-surdurecegini-soyledi\\\/#article\",\"isPartOf\":{\"@id\":\"https:\\\/\\\/haberkuzey.com\\\/index.php\\\/2025\\\/04\\\/11\\\/erdogan-dogu-akdenizdeki-ortak-cikarlarin-korunmasi-icin-libya-ile-yakin-temasi-surdurecegini-soyledi\\\/\"},\"author\":{\"name\":\"haberkuzey\",\"@id\":\"https:\\\/\\\/haberkuzey.com\\\/#\\\/schema\\\/person\\\/3372109ec735f9333f4fa47ebb9605ca\"},\"headline\":\"Erdo\u011fan, Do\u011fu Akdeniz\u2019deki ortak \u00e7\u0131karlar\u0131n korunmas\u0131 i\u00e7in Libya ile yak\u0131n temas\u0131 s\u00fcrd\u00fcrece\u011fini s\u00f6yledi\",\"datePublished\":\"2025-04-11T14:24:50+00:00\",\"mainEntityOfPage\":{\"@id\":\"https:\\\/\\\/haberkuzey.com\\\/index.php\\\/2025\\\/04\\\/11\\\/erdogan-dogu-akdenizdeki-ortak-cikarlarin-korunmasi-icin-libya-ile-yakin-temasi-surdurecegini-soyledi\\\/\"},\"wordCount\":178,\"commentCount\":0,\"image\":{\"@id\":\"https:\\\/\\\/haberkuzey.com\\\/index.php\\\/2025\\\/04\\\/11\\\/erdogan-dogu-akdenizdeki-ortak-cikarlarin-korunmasi-icin-libya-ile-yakin-temasi-surdurecegini-soyledi\\\/#primaryimage\"},\"thumbnailUrl\":\"https:\\\/\\\/haberkuzey.com\\\/wp-content\\\/uploads\\\/2025\\\/04\\\/1744372289398AA-20250411-37599906-37599902-ANTALYA_DIPLOMASI_FORUMU_2025-scaled.jpg\",\"articleSection\":[\"D\u00fcnya\"],\"inLanguage\":\"tr\",\"potentialAction\":[{\"@type\":\"CommentAction\",\"name\":\"Comment\",\"target\":[\"https:\\\/\\\/haberkuzey.com\\\/index.php\\\/2025\\\/04\\\/11\\\/erdogan-dogu-akdenizdeki-ortak-cikarlarin-korunmasi-icin-libya-ile-yakin-temasi-surdurecegini-soyledi\\\/#respond\"]}]},{\"@type\":\"WebPage\",\"@id\":\"https:\\\/\\\/haberkuzey.com\\\/index.php\\\/2025\\\/04\\\/11\\\/erdogan-dogu-akdenizdeki-ortak-cikarlarin-korunmasi-icin-libya-ile-yakin-temasi-surdurecegini-soyledi\\\/\",\"url\":\"https:\\\/\\\/haberkuzey.com\\\/index.php\\\/2025\\\/04\\\/11\\\/erdogan-dogu-akdenizdeki-ortak-cikarlarin-korunmasi-icin-libya-ile-yakin-temasi-surdurecegini-soyledi\\\/\",\"name\":\"Erdo\u011fan, Do\u011fu Akdeniz\u2019deki ortak \u00e7\u0131karlar\u0131n korunmas\u0131 i\u00e7in Libya ile yak\u0131n temas\u0131 s\u00fcrd\u00fcrece\u011fini s\u00f6yledi - Haber Kuzey\",\"isPartOf\":{\"@id\":\"https:\\\/\\\/haberkuzey.com\\\/#website\"},\"primaryImageOfPage\":{\"@id\":\"https:\\\/\\\/haberkuzey.com\\\/index.php\\\/2025\\\/04\\\/11\\\/erdogan-dogu-akdenizdeki-ortak-cikarlarin-korunmasi-icin-libya-ile-yakin-temasi-surdurecegini-soyledi\\\/#primaryimage\"},\"image\":{\"@id\":\"https:\\\/\\\/haberkuzey.com\\\/index.php\\\/2025\\\/04\\\/11\\\/erdogan-dogu-akdenizdeki-ortak-cikarlarin-korunmasi-icin-libya-ile-yakin-temasi-surdurecegini-soyledi\\\/#primaryimage\"},\"thumbnailUrl\":\"https:\\\/\\\/haberkuzey.com\\\/wp-content\\\/uploads\\\/2025\\\/04\\\/1744372289398AA-20250411-37599906-37599902-ANTALYA_DIPLOMASI_FORUMU_2025-scaled.jpg\",\"datePublished\":\"2025-04-11T14:24:50+00:00\",\"author\":{\"@id\":\"https:\\\/\\\/haberkuzey.com\\\/#\\\/schema\\\/person\\\/3372109ec735f9333f4fa47ebb9605ca\"},\"breadcrumb\":{\"@id\":\"https:\\\/\\\/haberkuzey.com\\\/index.php\\\/2025\\\/04\\\/11\\\/erdogan-dogu-akdenizdeki-ortak-cikarlarin-korunmasi-icin-libya-ile-yakin-temasi-surdurecegini-soyledi\\\/#breadcrumb\"},\"inLanguage\":\"tr\",\"potentialAction\":[{\"@type\":\"ReadAction\",\"target\":[\"https:\\\/\\\/haberkuzey.com\\\/index.php\\\/2025\\\/04\\\/11\\\/erdogan-dogu-akdenizdeki-ortak-cikarlarin-korunmasi-icin-libya-ile-yakin-temasi-surdurecegini-soyledi\\\/\"]}]},{\"@type\":\"ImageObject\",\"inLanguage\":\"tr\",\"@id\":\"https:\\\/\\\/haberkuzey.com\\\/index.php\\\/2025\\\/04\\\/11\\\/erdogan-dogu-akdenizdeki-ortak-cikarlarin-korunmasi-icin-libya-ile-yakin-temasi-surdurecegini-soyledi\\\/#primaryimage\",\"url\":\"https:\\\/\\\/haberkuzey.com\\\/wp-content\\\/uploads\\\/2025\\\/04\\\/1744372289398AA-20250411-37599906-37599902-ANTALYA_DIPLOMASI_FORUMU_2025-scaled.jpg\",\"contentUrl\":\"https:\\\/\\\/haberkuzey.com\\\/wp-content\\\/uploads\\\/2025\\\/04\\\/1744372289398AA-20250411-37599906-37599902-ANTALYA_DIPLOMASI_FORUMU_2025-scaled.jpg\",\"width\":2560,\"height\":1849},{\"@type\":\"BreadcrumbList\",\"@id\":\"https:\\\/\\\/haberkuzey.com\\\/index.php\\\/2025\\\/04\\\/11\\\/erdogan-dogu-akdenizdeki-ortak-cikarlarin-korunmasi-icin-libya-ile-yakin-temasi-surdurecegini-soyledi\\\/#breadcrumb\",\"itemListElement\":[{\"@type\":\"ListItem\",\"position\":1,\"name\":\"Anasayfa\",\"item\":\"https:\\\/\\\/haberkuzey.com\\\/\"},{\"@type\":\"ListItem\",\"position\":2,\"name\":\"Erdo\u011fan, Do\u011fu Akdeniz\u2019deki ortak \u00e7\u0131karlar\u0131n korunmas\u0131 i\u00e7in Libya ile yak\u0131n temas\u0131 s\u00fcrd\u00fcrece\u011fini s\u00f6yledi\"}]},{\"@type\":\"WebSite\",\"@id\":\"https:\\\/\\\/haberkuzey.com\\\/#website\",\"url\":\"https:\\\/\\\/haberkuzey.com\\\/\",\"name\":\"Haber Kuzey\",\"description\":\"Do\u011fru Haberin Adresi\",\"potentialAction\":[{\"@type\":\"SearchAction\",\"target\":{\"@type\":\"EntryPoint\",\"urlTemplate\":\"https:\\\/\\\/haberkuzey.com\\\/?s={search_term_string}\"},\"query-input\":{\"@type\":\"PropertyValueSpecification\",\"valueRequired\":true,\"valueName\":\"search_term_string\"}}],\"inLanguage\":\"tr\"},{\"@type\":\"Person\",\"@id\":\"https:\\\/\\\/haberkuzey.com\\\/#\\\/schema\\\/person\\\/3372109ec735f9333f4fa47ebb9605ca\",\"name\":\"haberkuzey\",\"image\":{\"@type\":\"ImageObject\",\"inLanguage\":\"tr\",\"@id\":\"https:\\\/\\\/secure.gravatar.com\\\/avatar\\\/f5fc875574b1575324358c3b9e6a32b8227aa5b74f3fa22e3cadb63e26fcc39c?s=96&d=mm&r=g\",\"url\":\"https:\\\/\\\/secure.gravatar.com\\\/avatar\\\/f5fc875574b1575324358c3b9e6a32b8227aa5b74f3fa22e3cadb63e26fcc39c?s=96&d=mm&r=g\",\"contentUrl\":\"https:\\\/\\\/secure.gravatar.com\\\/avatar\\\/f5fc875574b1575324358c3b9e6a32b8227aa5b74f3fa22e3cadb63e26fcc39c?s=96&d=mm&r=g\",\"caption\":\"haberkuzey\"},\"sameAs\":[\"https:\\\/\\\/haberkuzey.com\"],\"url\":\"https:\\\/\\\/haberkuzey.com\\\/index.php\\\/author\\\/haberkuzey\\\/\"}]}<\/script>\n<!-- \/ Yoast SEO plugin. -->","yoast_head_json":{"title":"Erdo\u011fan, Do\u011fu Akdeniz\u2019deki ortak \u00e7\u0131karlar\u0131n korunmas\u0131 i\u00e7in Libya ile yak\u0131n temas\u0131 s\u00fcrd\u00fcrece\u011fini s\u00f6yledi - Haber Kuzey","robots":{"index":"index","follow":"follow","max-snippet":"max-snippet:-1","max-image-preview":"max-image-preview:large","max-video-preview":"max-video-preview:-1"},"canonical":"https:\/\/haberkuzey.com\/index.php\/2025\/04\/11\/erdogan-dogu-akdenizdeki-ortak-cikarlarin-korunmasi-icin-libya-ile-yakin-temasi-surdurecegini-soyledi\/","og_locale":"tr_TR","og_type":"article","og_title":"Erdo\u011fan, Do\u011fu Akdeniz\u2019deki ortak \u00e7\u0131karlar\u0131n korunmas\u0131 i\u00e7in Libya ile yak\u0131n temas\u0131 s\u00fcrd\u00fcrece\u011fini s\u00f6yledi - Haber Kuzey","og_description":"T\u00fcrkiye Cumhurba\u015fkan\u0131 Recep Tayyip Erdo\u011fan, Libya Ba\u015fbakan\u0131 Abdulhamid Dibeybe\u2019yi kabul\u00fcnde, T\u00fcrkiye\u2019nin Libya\u2019n\u0131n huzur ve g\u00fcvenli\u011fine \u00f6nem verdi\u011fini, Libya ile her alanda i\u015fbirli\u011fini geli\u015ftirmeye devam edeceklerini ifade etti. TC Cumhurba\u015fkanl\u0131\u011f\u0131 \u0130leti\u015fim Ba\u015fkanl\u0131\u011f\u0131ndan, Erdo\u011fan ile Dibeybe\u2019nin Antalya Diplomasi Forumu kapsam\u0131ndaki g\u00f6r\u00fc\u015fmesinin ard\u0131ndan a\u00e7\u0131klama yap\u0131ld\u0131. A\u00e7\u0131klamaya g\u00f6re, g\u00f6r\u00fc\u015fmede T\u00fcrkiye ile Libya ikili ili\u015fkileri, b\u00f6lgesel ve k\u00fcresel konular ele [&hellip;]","og_url":"https:\/\/haberkuzey.com\/index.php\/2025\/04\/11\/erdogan-dogu-akdenizdeki-ortak-cikarlarin-korunmasi-icin-libya-ile-yakin-temasi-surdurecegini-soyledi\/","og_site_name":"Haber Kuzey","article_published_time":"2025-04-11T14:24:50+00:00","og_image":[{"url":"https:\/\/brtk.net\/wp-content\/uploads\/2025\/04\/11\/1744372289398AA-20250411-37599906-37599902-ANTALYA_DIPLOMASI_FORUMU_2025-scaled.jpg?ver=79e76a93eb9d183ab47735d8a56136ce","type":"","width":"","height":""}],"author":"haberkuzey","twitter_card":"summary_large_image","twitter_misc":{"Yazan:":"haberkuzey","Tahmini okuma s\u00fcresi":"1 dakika"},"schema":{"@context":"https:\/\/schema.org","@graph":[{"@type":"Article","@id":"https:\/\/haberkuzey.com\/index.php\/2025\/04\/11\/erdogan-dogu-akdenizdeki-ortak-cikarlarin-korunmasi-icin-libya-ile-yakin-temasi-surdurecegini-soyledi\/#article","isPartOf":{"@id":"https:\/\/haberkuzey.com\/index.php\/2025\/04\/11\/erdogan-dogu-akdenizdeki-ortak-cikarlarin-korunmasi-icin-libya-ile-yakin-temasi-surdurecegini-soyledi\/"},"author":{"name":"haberkuzey","@id":"https:\/\/haberkuzey.com\/#\/schema\/person\/3372109ec735f9333f4fa47ebb9605ca"},"headline":"Erdo\u011fan, Do\u011fu Akdeniz\u2019deki ortak \u00e7\u0131karlar\u0131n korunmas\u0131 i\u00e7in Libya ile yak\u0131n temas\u0131 s\u00fcrd\u00fcrece\u011fini s\u00f6yledi","datePublished":"2025-04-11T14:24:50+00:00","mainEntityOfPage":{"@id":"https:\/\/haberkuzey.com\/index.php\/2025\/04\/11\/erdogan-dogu-akdenizdeki-ortak-cikarlarin-korunmasi-icin-libya-ile-yakin-temasi-surdurecegini-soyledi\/"},"wordCount":178,"commentCount":0,"image":{"@id":"https:\/\/haberkuzey.com\/index.php\/2025\/04\/11\/erdogan-dogu-akdenizdeki-ortak-cikarlarin-korunmasi-icin-libya-ile-yakin-temasi-surdurecegini-soyledi\/#primaryimage"},"thumbnailUrl":"https:\/\/haberkuzey.com\/wp-content\/uploads\/2025\/04\/1744372289398AA-20250411-37599906-37599902-ANTALYA_DIPLOMASI_FORUMU_2025-scaled.jpg","articleSection":["D\u00fcnya"],"inLanguage":"tr","potentialAction":[{"@type":"CommentAction","name":"Comment","target":["https:\/\/haberkuzey.com\/index.php\/2025\/04\/11\/erdogan-dogu-akdenizdeki-ortak-cikarlarin-korunmasi-icin-libya-ile-yakin-temasi-surdurecegini-soyledi\/#respond"]}]},{"@type":"WebPage","@id":"https:\/\/haberkuzey.com\/index.php\/2025\/04\/11\/erdogan-dogu-akdenizdeki-ortak-cikarlarin-korunmasi-icin-libya-ile-yakin-temasi-surdurecegini-soyledi\/","url":"https:\/\/haberkuzey.com\/index.php\/2025\/04\/11\/erdogan-dogu-akdenizdeki-ortak-cikarlarin-korunmasi-icin-libya-ile-yakin-temasi-surdurecegini-soyledi\/","name":"Erdo\u011fan, Do\u011fu Akdeniz\u2019deki ortak \u00e7\u0131karlar\u0131n korunmas\u0131 i\u00e7in Libya ile yak\u0131n temas\u0131 s\u00fcrd\u00fcrece\u011fini s\u00f6yledi - Haber Kuzey","isPartOf":{"@id":"https:\/\/haberkuzey.com\/#website"},"primaryImageOfPage":{"@id":"https:\/\/haberkuzey.com\/index.php\/2025\/04\/11\/erdogan-dogu-akdenizdeki-ortak-cikarlarin-korunmasi-icin-libya-ile-yakin-temasi-surdurecegini-soyledi\/#primaryimage"},"image":{"@id":"https:\/\/haberkuzey.com\/index.php\/2025\/04\/11\/erdogan-dogu-akdenizdeki-ortak-cikarlarin-korunmasi-icin-libya-ile-yakin-temasi-surdurecegini-soyledi\/#primaryimage"},"thumbnailUrl":"https:\/\/haberkuzey.com\/wp-content\/uploads\/2025\/04\/1744372289398AA-20250411-37599906-37599902-ANTALYA_DIPLOMASI_FORUMU_2025-scaled.jpg","datePublished":"2025-04-11T14:24:50+00:00","author":{"@id":"https:\/\/haberkuzey.com\/#\/schema\/person\/3372109ec735f9333f4fa47ebb9605ca"},"breadcrumb":{"@id":"https:\/\/haberkuzey.com\/index.php\/2025\/04\/11\/erdogan-dogu-akdenizdeki-ortak-cikarlarin-korunmasi-icin-libya-ile-yakin-temasi-surdurecegini-soyledi\/#breadcrumb"},"inLanguage":"tr","potentialAction":[{"@type":"ReadAction","target":["https:\/\/haberkuzey.com\/index.php\/2025\/04\/11\/erdogan-dogu-akdenizdeki-ortak-cikarlarin-korunmasi-icin-libya-ile-yakin-temasi-surdurecegini-soyledi\/"]}]},{"@type":"ImageObject","inLanguage":"tr","@id":"https:\/\/haberkuzey.com\/index.php\/2025\/04\/11\/erdogan-dogu-akdenizdeki-ortak-cikarlarin-korunmasi-icin-libya-ile-yakin-temasi-surdurecegini-soyledi\/#primaryimage","url":"https:\/\/haberkuzey.com\/wp-content\/uploads\/2025\/04\/1744372289398AA-20250411-37599906-37599902-ANTALYA_DIPLOMASI_FORUMU_2025-scaled.jpg","contentUrl":"https:\/\/haberkuzey.com\/wp-content\/uploads\/2025\/04\/1744372289398AA-20250411-37599906-37599902-ANTALYA_DIPLOMASI_FORUMU_2025-scaled.jpg","width":2560,"height":1849},{"@type":"BreadcrumbList","@id":"https:\/\/haberkuzey.com\/index.php\/2025\/04\/11\/erdogan-dogu-akdenizdeki-ortak-cikarlarin-korunmasi-icin-libya-ile-yakin-temasi-surdurecegini-soyledi\/#breadcrumb","itemListElement":[{"@type":"ListItem","position":1,"name":"Anasayfa","item":"https:\/\/haberkuzey.com\/"},{"@type":"ListItem","position":2,"name":"Erdo\u011fan, Do\u011fu Akdeniz\u2019deki ortak \u00e7\u0131karlar\u0131n korunmas\u0131 i\u00e7in Libya ile yak\u0131n temas\u0131 s\u00fcrd\u00fcrece\u011fini s\u00f6yledi"}]},{"@type":"WebSite","@id":"https:\/\/haberkuzey.com\/#website","url":"https:\/\/haberkuzey.com\/","name":"Haber Kuzey","description":"Do\u011fru Haberin Adresi","potentialAction":[{"@type":"SearchAction","target":{"@type":"EntryPoint","urlTemplate":"https:\/\/haberkuzey.com\/?s={search_term_string}"},"query-input":{"@type":"PropertyValueSpecification","valueRequired":true,"valueName":"search_term_string"}}],"inLanguage":"tr"},{"@type":"Person","@id":"https:\/\/haberkuzey.com\/#\/schema\/person\/3372109ec735f9333f4fa47ebb9605ca","name":"haberkuzey","image":{"@type":"ImageObject","inLanguage":"tr","@id":"https:\/\/secure.gravatar.com\/avatar\/f5fc875574b1575324358c3b9e6a32b8227aa5b74f3fa22e3cadb63e26fcc39c?s=96&d=mm&r=g","url":"https:\/\/secure.gravatar.com\/avatar\/f5fc875574b1575324358c3b9e6a32b8227aa5b74f3fa22e3cadb63e26fcc39c?s=96&d=mm&r=g","contentUrl":"https:\/\/secure.gravatar.com\/avatar\/f5fc875574b1575324358c3b9e6a32b8227aa5b74f3fa22e3cadb63e26fcc39c?s=96&d=mm&r=g","caption":"haberkuzey"},"sameAs":["https:\/\/haberkuzey.com"],"url":"https:\/\/haberkuzey.com\/index.php\/author\/haberkuzey\/"}]}},"_links":{"self":[{"href":"https:\/\/haberkuzey.com\/index.php\/wp-json\/wp\/v2\/posts\/21723","targetHints":{"allow":["GET"]}}],"collection":[{"href":"https:\/\/haberkuzey.com\/index.php\/wp-json\/wp\/v2\/posts"}],"about":[{"href":"https:\/\/haberkuzey.com\/index.php\/wp-json\/wp\/v2\/types\/post"}],"author":[{"embeddable":true,"href":"https:\/\/haberkuzey.com\/index.php\/wp-json\/wp\/v2\/users\/1"}],"replies":[{"embeddable":true,"href":"https:\/\/haberkuzey.com\/index.php\/wp-json\/wp\/v2\/comments?post=21723"}],"version-history":[{"count":0,"href":"https:\/\/haberkuzey.com\/index.php\/wp-json\/wp\/v2\/posts\/21723\/revisions"}],"wp:featuredmedia":[{"embeddable":true,"href":"https:\/\/haberkuzey.com\/index.php\/wp-json\/wp\/v2\/media\/21724"}],"wp:attachment":[{"href":"https:\/\/haberkuzey.com\/index.php\/wp-json\/wp\/v2\/media?parent=21723"}],"wp:term":[{"taxonomy":"category","embeddable":true,"href":"https:\/\/haberkuzey.com\/index.php\/wp-json\/wp\/v2\/categories?post=21723"},{"taxonomy":"post_tag","embeddable":true,"href":"https:\/\/haberkuzey.com\/index.php\/wp-json\/wp\/v2\/tags?post=21723"}],"curies":[{"name":"wp","href":"https:\/\/api.w.org\/{rel}","templated":true}]}}