{"id":21688,"date":"2025-04-11T11:07:17","date_gmt":"2025-04-11T08:07:17","guid":{"rendered":"https:\/\/haberkuzey.com\/index.php\/2025\/04\/11\/antalya-diplomasi-forumu-adf2025-basladi-cumhurbaskani-ersin-tatar-konusma-yapacak\/"},"modified":"2025-04-11T11:07:17","modified_gmt":"2025-04-11T08:07:17","slug":"antalya-diplomasi-forumu-adf2025-basladi-cumhurbaskani-ersin-tatar-konusma-yapacak","status":"publish","type":"post","link":"https:\/\/haberkuzey.com\/index.php\/2025\/04\/11\/antalya-diplomasi-forumu-adf2025-basladi-cumhurbaskani-ersin-tatar-konusma-yapacak\/","title":{"rendered":"Antalya Diplomasi Forumu (ADF2025) ba\u015flad\u0131: Cumhurba\u015fkan\u0131 Ersin Tatar konu\u015fma yapacak"},"content":{"rendered":"<div>\n<div class=\"mariselle-image-container center\">\n                                            <\/div>\n<p>T\u00fcrkiye Cumhurba\u015fkan\u0131 Recep Tayyip Erdo\u011fan\u2019\u0131n himayesinde, T\u00fcrkiye D\u0131\u015fi\u015fleri Bakanl\u0131\u011f\u0131n\u0131n ev sahipli\u011finde d\u00fczenlen 4. Antalya Diplomasi Forumu (ADF2025) Belek Turizm B\u00f6lgesi\u2019ndeki NEST Kongre Merkezi\u2019nde ba\u015flad\u0131.<\/p>\n<p>D\u00fcnya liderleri ve h\u00fck\u00fcmet yetkililerini bulu\u015fturacak Antalya Diplomasi Forumu\u2019na, Kuzey K\u0131br\u0131s T\u00fcrk Cumhuriyeti\u2019nden (KKTC) Cumhurba\u015fkan\u0131 Ersin Tatar, Ba\u015fbakan \u00dcnal \u00dcstel ve D\u0131\u015fi\u015fleri Bakan\u0131 Tahsin Ertu\u011frulo\u011flu da kat\u0131l\u0131yor.<\/p>\n<p>\u201cAyr\u0131\u015fan D\u00fcnyada Diplomasiyi Sahiplenmek\u201d ana temas\u0131yla d\u00fczenlenen forumun a\u00e7\u0131l\u0131\u015f konu\u015fmas\u0131n\u0131 T\u00fcrkiye Cumhurba\u015fkan\u0131 Recep Tayyip Erdo\u011fan yapacak.<\/p>\n<p>Cumhurba\u015fkan\u0131 Ersin Tatar, saat 12.00\u2019da Antalya Diplomasi Forumu kapsam\u0131nda konu\u015fma yapacak.<\/p>\n<p>ADF2025\u2019e 20\u2019yi a\u015fk\u0131n devlet ve h\u00fck\u00fcmet ba\u015fkan\u0131, 50\u2019den fazlas\u0131 d\u0131\u015fi\u015fleri bakan\u0131 olmak \u00fczere 70\u2019i a\u015fk\u0131n bakan ve yakla\u015f\u0131k 60 \u00fcst d\u00fczey uluslararas\u0131 kurulu\u015f temsilcisinin yan\u0131 s\u0131ra aralar\u0131nda \u00f6\u011frencilerin de bulundu\u011fu, 4 bini a\u015fk\u0131n konu\u011fun kat\u0131lmas\u0131 bekleniyor.<\/p>\n<p>Forumda muhtelif formatlarda d\u00fczenlenecek 50\u2019yi a\u015fk\u0131n oturumda, Orta Do\u011fu\u2019dan Asya Pasifik\u2019e, Afrika\u2019dan Latin Amerika\u2019ya uzanan \u00e7e\u015fitli co\u011frafyalar\u0131 ilgilendiren konular ile iklim de\u011fi\u015fikli\u011fi, ter\u00f6rizmle m\u00fccadele, insani yard\u0131m, dijitalle\u015fme, g\u0131da g\u00fcvenli\u011fi ve yapay zeka dahil olmak \u00fczere, k\u00fcresel g\u00fcndemin \u00f6ne \u00e7\u0131kan ba\u015fl\u0131klar\u0131 ele al\u0131nacak.<\/p>\n<p>ADF2025\u2019teki faaliyetler, Antalya Diplomasi Forumu resmi internet sitesi ve sosyal medya hesaplar\u0131ndan e\u015f zamanl\u0131 olarak izlenebilecek, ayr\u0131ca bir\u00e7ok oturum TRT arac\u0131l\u0131\u011f\u0131yla canl\u0131 yay\u0131nlanacak.<\/p>\n<p>Forumun detaylar\u0131 ve canl\u0131 yay\u0131nlar, etkinli\u011fin resmi web sitesi antalyadf.org \u00fczerinden takip edilebiliyor.<\/p>\n<\/p><\/div>\n<p><script async\n                    defer\n                    crossorigin=\"anonymous\"\n                    src=\"https:\/\/connect.facebook.net\/tr_TR\/sdk.js#xfbml=1&#038;version=v3.3\"\n            ><\/script><\/p>\n","protected":false},"excerpt":{"rendered":"<p>T\u00fcrkiye Cumhurba\u015fkan\u0131 Recep Tayyip Erdo\u011fan\u2019\u0131n himayesinde, T\u00fcrkiye D\u0131\u015fi\u015fleri Bakanl\u0131\u011f\u0131n\u0131n ev sahipli\u011finde d\u00fczenlen 4. Antalya Diplomasi Forumu (ADF2025) Belek Turizm B\u00f6lgesi\u2019ndeki NEST Kongre Merkezi\u2019nde ba\u015flad\u0131. D\u00fcnya liderleri ve h\u00fck\u00fcmet yetkililerini bulu\u015fturacak Antalya Diplomasi Forumu\u2019na, Kuzey K\u0131br\u0131s T\u00fcrk Cumhuriyeti\u2019nden (KKTC) Cumhurba\u015fkan\u0131 Ersin Tatar, Ba\u015fbakan \u00dcnal \u00dcstel ve D\u0131\u015fi\u015fleri Bakan\u0131 Tahsin Ertu\u011frulo\u011flu da kat\u0131l\u0131yor. \u201cAyr\u0131\u015fan D\u00fcnyada Diplomasiyi Sahiplenmek\u201d [&hellip;]<\/p>\n","protected":false},"author":1,"featured_media":21681,"comment_status":"open","ping_status":"open","sticky":false,"template":"","format":"standard","meta":{"jnews-multi-image_gallery":[],"jnews_single_post":[],"jnews_primary_category":[],"footnotes":""},"categories":[2],"tags":[],"class_list":["post-21688","post","type-post","status-publish","format-standard","has-post-thumbnail","hentry","category-dunya"],"yoast_head":"<!-- This site is optimized with the Yoast SEO plugin v27.5 - https:\/\/yoast.com\/product\/yoast-seo-wordpress\/ -->\n<title>Antalya Diplomasi Forumu (ADF2025) ba\u015flad\u0131: Cumhurba\u015fkan\u0131 Ersin Tatar konu\u015fma yapacak - Haber Kuzey<\/title>\n<meta name=\"robots\" content=\"index, follow, max-snippet:-1, max-image-preview:large, max-video-preview:-1\" \/>\n<link rel=\"canonical\" href=\"https:\/\/haberkuzey.com\/index.php\/2025\/04\/11\/antalya-diplomasi-forumu-adf2025-basladi-cumhurbaskani-ersin-tatar-konusma-yapacak\/\" \/>\n<meta property=\"og:locale\" content=\"tr_TR\" \/>\n<meta property=\"og:type\" content=\"article\" \/>\n<meta property=\"og:title\" content=\"Antalya Diplomasi Forumu (ADF2025) ba\u015flad\u0131: Cumhurba\u015fkan\u0131 Ersin Tatar konu\u015fma yapacak - Haber Kuzey\" \/>\n<meta property=\"og:description\" content=\"T\u00fcrkiye Cumhurba\u015fkan\u0131 Recep Tayyip Erdo\u011fan\u2019\u0131n himayesinde, T\u00fcrkiye D\u0131\u015fi\u015fleri Bakanl\u0131\u011f\u0131n\u0131n ev sahipli\u011finde d\u00fczenlen 4. Antalya Diplomasi Forumu (ADF2025) Belek Turizm B\u00f6lgesi\u2019ndeki NEST Kongre Merkezi\u2019nde ba\u015flad\u0131. D\u00fcnya liderleri ve h\u00fck\u00fcmet yetkililerini bulu\u015fturacak Antalya Diplomasi Forumu\u2019na, Kuzey K\u0131br\u0131s T\u00fcrk Cumhuriyeti\u2019nden (KKTC) Cumhurba\u015fkan\u0131 Ersin Tatar, Ba\u015fbakan \u00dcnal \u00dcstel ve D\u0131\u015fi\u015fleri Bakan\u0131 Tahsin Ertu\u011frulo\u011flu da kat\u0131l\u0131yor. \u201cAyr\u0131\u015fan D\u00fcnyada Diplomasiyi Sahiplenmek\u201d [&hellip;]\" \/>\n<meta property=\"og:url\" content=\"https:\/\/haberkuzey.com\/index.php\/2025\/04\/11\/antalya-diplomasi-forumu-adf2025-basladi-cumhurbaskani-ersin-tatar-konusma-yapacak\/\" \/>\n<meta property=\"og:site_name\" content=\"Haber Kuzey\" \/>\n<meta property=\"article:published_time\" content=\"2025-04-11T08:07:17+00:00\" \/>\n<meta property=\"og:image\" content=\"https:\/\/brtk.net\/wp-content\/uploads\/2025\/04\/11\/sadasdasdasda.jpg?ver=5a114cf2f9c816095f9f8cc1039d4cab\" \/>\n<meta name=\"author\" content=\"haberkuzey\" \/>\n<meta name=\"twitter:card\" content=\"summary_large_image\" \/>\n<meta name=\"twitter:label1\" content=\"Yazan:\" \/>\n\t<meta name=\"twitter:data1\" content=\"haberkuzey\" \/>\n\t<meta name=\"twitter:label2\" content=\"Tahmini okuma s\u00fcresi\" \/>\n\t<meta name=\"twitter:data2\" content=\"1 dakika\" \/>\n<script type=\"application\/ld+json\" class=\"yoast-schema-graph\">{\"@context\":\"https:\\\/\\\/schema.org\",\"@graph\":[{\"@type\":\"Article\",\"@id\":\"https:\\\/\\\/haberkuzey.com\\\/index.php\\\/2025\\\/04\\\/11\\\/antalya-diplomasi-forumu-adf2025-basladi-cumhurbaskani-ersin-tatar-konusma-yapacak\\\/#article\",\"isPartOf\":{\"@id\":\"https:\\\/\\\/haberkuzey.com\\\/index.php\\\/2025\\\/04\\\/11\\\/antalya-diplomasi-forumu-adf2025-basladi-cumhurbaskani-ersin-tatar-konusma-yapacak\\\/\"},\"author\":{\"name\":\"haberkuzey\",\"@id\":\"https:\\\/\\\/haberkuzey.com\\\/#\\\/schema\\\/person\\\/3372109ec735f9333f4fa47ebb9605ca\"},\"headline\":\"Antalya Diplomasi Forumu (ADF2025) ba\u015flad\u0131: Cumhurba\u015fkan\u0131 Ersin Tatar konu\u015fma yapacak\",\"datePublished\":\"2025-04-11T08:07:17+00:00\",\"mainEntityOfPage\":{\"@id\":\"https:\\\/\\\/haberkuzey.com\\\/index.php\\\/2025\\\/04\\\/11\\\/antalya-diplomasi-forumu-adf2025-basladi-cumhurbaskani-ersin-tatar-konusma-yapacak\\\/\"},\"wordCount\":301,\"commentCount\":0,\"image\":{\"@id\":\"https:\\\/\\\/haberkuzey.com\\\/index.php\\\/2025\\\/04\\\/11\\\/antalya-diplomasi-forumu-adf2025-basladi-cumhurbaskani-ersin-tatar-konusma-yapacak\\\/#primaryimage\"},\"thumbnailUrl\":\"https:\\\/\\\/haberkuzey.com\\\/wp-content\\\/uploads\\\/2025\\\/04\\\/sadasdasdasda.jpg\",\"articleSection\":[\"D\u00fcnya\"],\"inLanguage\":\"tr\",\"potentialAction\":[{\"@type\":\"CommentAction\",\"name\":\"Comment\",\"target\":[\"https:\\\/\\\/haberkuzey.com\\\/index.php\\\/2025\\\/04\\\/11\\\/antalya-diplomasi-forumu-adf2025-basladi-cumhurbaskani-ersin-tatar-konusma-yapacak\\\/#respond\"]}]},{\"@type\":\"WebPage\",\"@id\":\"https:\\\/\\\/haberkuzey.com\\\/index.php\\\/2025\\\/04\\\/11\\\/antalya-diplomasi-forumu-adf2025-basladi-cumhurbaskani-ersin-tatar-konusma-yapacak\\\/\",\"url\":\"https:\\\/\\\/haberkuzey.com\\\/index.php\\\/2025\\\/04\\\/11\\\/antalya-diplomasi-forumu-adf2025-basladi-cumhurbaskani-ersin-tatar-konusma-yapacak\\\/\",\"name\":\"Antalya Diplomasi Forumu (ADF2025) ba\u015flad\u0131: Cumhurba\u015fkan\u0131 Ersin Tatar konu\u015fma yapacak - Haber Kuzey\",\"isPartOf\":{\"@id\":\"https:\\\/\\\/haberkuzey.com\\\/#website\"},\"primaryImageOfPage\":{\"@id\":\"https:\\\/\\\/haberkuzey.com\\\/index.php\\\/2025\\\/04\\\/11\\\/antalya-diplomasi-forumu-adf2025-basladi-cumhurbaskani-ersin-tatar-konusma-yapacak\\\/#primaryimage\"},\"image\":{\"@id\":\"https:\\\/\\\/haberkuzey.com\\\/index.php\\\/2025\\\/04\\\/11\\\/antalya-diplomasi-forumu-adf2025-basladi-cumhurbaskani-ersin-tatar-konusma-yapacak\\\/#primaryimage\"},\"thumbnailUrl\":\"https:\\\/\\\/haberkuzey.com\\\/wp-content\\\/uploads\\\/2025\\\/04\\\/sadasdasdasda.jpg\",\"datePublished\":\"2025-04-11T08:07:17+00:00\",\"author\":{\"@id\":\"https:\\\/\\\/haberkuzey.com\\\/#\\\/schema\\\/person\\\/3372109ec735f9333f4fa47ebb9605ca\"},\"breadcrumb\":{\"@id\":\"https:\\\/\\\/haberkuzey.com\\\/index.php\\\/2025\\\/04\\\/11\\\/antalya-diplomasi-forumu-adf2025-basladi-cumhurbaskani-ersin-tatar-konusma-yapacak\\\/#breadcrumb\"},\"inLanguage\":\"tr\",\"potentialAction\":[{\"@type\":\"ReadAction\",\"target\":[\"https:\\\/\\\/haberkuzey.com\\\/index.php\\\/2025\\\/04\\\/11\\\/antalya-diplomasi-forumu-adf2025-basladi-cumhurbaskani-ersin-tatar-konusma-yapacak\\\/\"]}]},{\"@type\":\"ImageObject\",\"inLanguage\":\"tr\",\"@id\":\"https:\\\/\\\/haberkuzey.com\\\/index.php\\\/2025\\\/04\\\/11\\\/antalya-diplomasi-forumu-adf2025-basladi-cumhurbaskani-ersin-tatar-konusma-yapacak\\\/#primaryimage\",\"url\":\"https:\\\/\\\/haberkuzey.com\\\/wp-content\\\/uploads\\\/2025\\\/04\\\/sadasdasdasda.jpg\",\"contentUrl\":\"https:\\\/\\\/haberkuzey.com\\\/wp-content\\\/uploads\\\/2025\\\/04\\\/sadasdasdasda.jpg\",\"width\":639,\"height\":359},{\"@type\":\"BreadcrumbList\",\"@id\":\"https:\\\/\\\/haberkuzey.com\\\/index.php\\\/2025\\\/04\\\/11\\\/antalya-diplomasi-forumu-adf2025-basladi-cumhurbaskani-ersin-tatar-konusma-yapacak\\\/#breadcrumb\",\"itemListElement\":[{\"@type\":\"ListItem\",\"position\":1,\"name\":\"Anasayfa\",\"item\":\"https:\\\/\\\/haberkuzey.com\\\/\"},{\"@type\":\"ListItem\",\"position\":2,\"name\":\"Antalya Diplomasi Forumu (ADF2025) ba\u015flad\u0131: Cumhurba\u015fkan\u0131 Ersin Tatar konu\u015fma yapacak\"}]},{\"@type\":\"WebSite\",\"@id\":\"https:\\\/\\\/haberkuzey.com\\\/#website\",\"url\":\"https:\\\/\\\/haberkuzey.com\\\/\",\"name\":\"Haber Kuzey\",\"description\":\"Do\u011fru Haberin Adresi\",\"potentialAction\":[{\"@type\":\"SearchAction\",\"target\":{\"@type\":\"EntryPoint\",\"urlTemplate\":\"https:\\\/\\\/haberkuzey.com\\\/?s={search_term_string}\"},\"query-input\":{\"@type\":\"PropertyValueSpecification\",\"valueRequired\":true,\"valueName\":\"search_term_string\"}}],\"inLanguage\":\"tr\"},{\"@type\":\"Person\",\"@id\":\"https:\\\/\\\/haberkuzey.com\\\/#\\\/schema\\\/person\\\/3372109ec735f9333f4fa47ebb9605ca\",\"name\":\"haberkuzey\",\"image\":{\"@type\":\"ImageObject\",\"inLanguage\":\"tr\",\"@id\":\"https:\\\/\\\/secure.gravatar.com\\\/avatar\\\/f5fc875574b1575324358c3b9e6a32b8227aa5b74f3fa22e3cadb63e26fcc39c?s=96&d=mm&r=g\",\"url\":\"https:\\\/\\\/secure.gravatar.com\\\/avatar\\\/f5fc875574b1575324358c3b9e6a32b8227aa5b74f3fa22e3cadb63e26fcc39c?s=96&d=mm&r=g\",\"contentUrl\":\"https:\\\/\\\/secure.gravatar.com\\\/avatar\\\/f5fc875574b1575324358c3b9e6a32b8227aa5b74f3fa22e3cadb63e26fcc39c?s=96&d=mm&r=g\",\"caption\":\"haberkuzey\"},\"sameAs\":[\"https:\\\/\\\/haberkuzey.com\"],\"url\":\"https:\\\/\\\/haberkuzey.com\\\/index.php\\\/author\\\/haberkuzey\\\/\"}]}<\/script>\n<!-- \/ Yoast SEO plugin. -->","yoast_head_json":{"title":"Antalya Diplomasi Forumu (ADF2025) ba\u015flad\u0131: Cumhurba\u015fkan\u0131 Ersin Tatar konu\u015fma yapacak - Haber Kuzey","robots":{"index":"index","follow":"follow","max-snippet":"max-snippet:-1","max-image-preview":"max-image-preview:large","max-video-preview":"max-video-preview:-1"},"canonical":"https:\/\/haberkuzey.com\/index.php\/2025\/04\/11\/antalya-diplomasi-forumu-adf2025-basladi-cumhurbaskani-ersin-tatar-konusma-yapacak\/","og_locale":"tr_TR","og_type":"article","og_title":"Antalya Diplomasi Forumu (ADF2025) ba\u015flad\u0131: Cumhurba\u015fkan\u0131 Ersin Tatar konu\u015fma yapacak - Haber Kuzey","og_description":"T\u00fcrkiye Cumhurba\u015fkan\u0131 Recep Tayyip Erdo\u011fan\u2019\u0131n himayesinde, T\u00fcrkiye D\u0131\u015fi\u015fleri Bakanl\u0131\u011f\u0131n\u0131n ev sahipli\u011finde d\u00fczenlen 4. Antalya Diplomasi Forumu (ADF2025) Belek Turizm B\u00f6lgesi\u2019ndeki NEST Kongre Merkezi\u2019nde ba\u015flad\u0131. D\u00fcnya liderleri ve h\u00fck\u00fcmet yetkililerini bulu\u015fturacak Antalya Diplomasi Forumu\u2019na, Kuzey K\u0131br\u0131s T\u00fcrk Cumhuriyeti\u2019nden (KKTC) Cumhurba\u015fkan\u0131 Ersin Tatar, Ba\u015fbakan \u00dcnal \u00dcstel ve D\u0131\u015fi\u015fleri Bakan\u0131 Tahsin Ertu\u011frulo\u011flu da kat\u0131l\u0131yor. \u201cAyr\u0131\u015fan D\u00fcnyada Diplomasiyi Sahiplenmek\u201d [&hellip;]","og_url":"https:\/\/haberkuzey.com\/index.php\/2025\/04\/11\/antalya-diplomasi-forumu-adf2025-basladi-cumhurbaskani-ersin-tatar-konusma-yapacak\/","og_site_name":"Haber Kuzey","article_published_time":"2025-04-11T08:07:17+00:00","og_image":[{"url":"https:\/\/brtk.net\/wp-content\/uploads\/2025\/04\/11\/sadasdasdasda.jpg?ver=5a114cf2f9c816095f9f8cc1039d4cab","type":"","width":"","height":""}],"author":"haberkuzey","twitter_card":"summary_large_image","twitter_misc":{"Yazan:":"haberkuzey","Tahmini okuma s\u00fcresi":"1 dakika"},"schema":{"@context":"https:\/\/schema.org","@graph":[{"@type":"Article","@id":"https:\/\/haberkuzey.com\/index.php\/2025\/04\/11\/antalya-diplomasi-forumu-adf2025-basladi-cumhurbaskani-ersin-tatar-konusma-yapacak\/#article","isPartOf":{"@id":"https:\/\/haberkuzey.com\/index.php\/2025\/04\/11\/antalya-diplomasi-forumu-adf2025-basladi-cumhurbaskani-ersin-tatar-konusma-yapacak\/"},"author":{"name":"haberkuzey","@id":"https:\/\/haberkuzey.com\/#\/schema\/person\/3372109ec735f9333f4fa47ebb9605ca"},"headline":"Antalya Diplomasi Forumu (ADF2025) ba\u015flad\u0131: Cumhurba\u015fkan\u0131 Ersin Tatar konu\u015fma yapacak","datePublished":"2025-04-11T08:07:17+00:00","mainEntityOfPage":{"@id":"https:\/\/haberkuzey.com\/index.php\/2025\/04\/11\/antalya-diplomasi-forumu-adf2025-basladi-cumhurbaskani-ersin-tatar-konusma-yapacak\/"},"wordCount":301,"commentCount":0,"image":{"@id":"https:\/\/haberkuzey.com\/index.php\/2025\/04\/11\/antalya-diplomasi-forumu-adf2025-basladi-cumhurbaskani-ersin-tatar-konusma-yapacak\/#primaryimage"},"thumbnailUrl":"https:\/\/haberkuzey.com\/wp-content\/uploads\/2025\/04\/sadasdasdasda.jpg","articleSection":["D\u00fcnya"],"inLanguage":"tr","potentialAction":[{"@type":"CommentAction","name":"Comment","target":["https:\/\/haberkuzey.com\/index.php\/2025\/04\/11\/antalya-diplomasi-forumu-adf2025-basladi-cumhurbaskani-ersin-tatar-konusma-yapacak\/#respond"]}]},{"@type":"WebPage","@id":"https:\/\/haberkuzey.com\/index.php\/2025\/04\/11\/antalya-diplomasi-forumu-adf2025-basladi-cumhurbaskani-ersin-tatar-konusma-yapacak\/","url":"https:\/\/haberkuzey.com\/index.php\/2025\/04\/11\/antalya-diplomasi-forumu-adf2025-basladi-cumhurbaskani-ersin-tatar-konusma-yapacak\/","name":"Antalya Diplomasi Forumu (ADF2025) ba\u015flad\u0131: Cumhurba\u015fkan\u0131 Ersin Tatar konu\u015fma yapacak - Haber Kuzey","isPartOf":{"@id":"https:\/\/haberkuzey.com\/#website"},"primaryImageOfPage":{"@id":"https:\/\/haberkuzey.com\/index.php\/2025\/04\/11\/antalya-diplomasi-forumu-adf2025-basladi-cumhurbaskani-ersin-tatar-konusma-yapacak\/#primaryimage"},"image":{"@id":"https:\/\/haberkuzey.com\/index.php\/2025\/04\/11\/antalya-diplomasi-forumu-adf2025-basladi-cumhurbaskani-ersin-tatar-konusma-yapacak\/#primaryimage"},"thumbnailUrl":"https:\/\/haberkuzey.com\/wp-content\/uploads\/2025\/04\/sadasdasdasda.jpg","datePublished":"2025-04-11T08:07:17+00:00","author":{"@id":"https:\/\/haberkuzey.com\/#\/schema\/person\/3372109ec735f9333f4fa47ebb9605ca"},"breadcrumb":{"@id":"https:\/\/haberkuzey.com\/index.php\/2025\/04\/11\/antalya-diplomasi-forumu-adf2025-basladi-cumhurbaskani-ersin-tatar-konusma-yapacak\/#breadcrumb"},"inLanguage":"tr","potentialAction":[{"@type":"ReadAction","target":["https:\/\/haberkuzey.com\/index.php\/2025\/04\/11\/antalya-diplomasi-forumu-adf2025-basladi-cumhurbaskani-ersin-tatar-konusma-yapacak\/"]}]},{"@type":"ImageObject","inLanguage":"tr","@id":"https:\/\/haberkuzey.com\/index.php\/2025\/04\/11\/antalya-diplomasi-forumu-adf2025-basladi-cumhurbaskani-ersin-tatar-konusma-yapacak\/#primaryimage","url":"https:\/\/haberkuzey.com\/wp-content\/uploads\/2025\/04\/sadasdasdasda.jpg","contentUrl":"https:\/\/haberkuzey.com\/wp-content\/uploads\/2025\/04\/sadasdasdasda.jpg","width":639,"height":359},{"@type":"BreadcrumbList","@id":"https:\/\/haberkuzey.com\/index.php\/2025\/04\/11\/antalya-diplomasi-forumu-adf2025-basladi-cumhurbaskani-ersin-tatar-konusma-yapacak\/#breadcrumb","itemListElement":[{"@type":"ListItem","position":1,"name":"Anasayfa","item":"https:\/\/haberkuzey.com\/"},{"@type":"ListItem","position":2,"name":"Antalya Diplomasi Forumu (ADF2025) ba\u015flad\u0131: Cumhurba\u015fkan\u0131 Ersin Tatar konu\u015fma yapacak"}]},{"@type":"WebSite","@id":"https:\/\/haberkuzey.com\/#website","url":"https:\/\/haberkuzey.com\/","name":"Haber Kuzey","description":"Do\u011fru Haberin Adresi","potentialAction":[{"@type":"SearchAction","target":{"@type":"EntryPoint","urlTemplate":"https:\/\/haberkuzey.com\/?s={search_term_string}"},"query-input":{"@type":"PropertyValueSpecification","valueRequired":true,"valueName":"search_term_string"}}],"inLanguage":"tr"},{"@type":"Person","@id":"https:\/\/haberkuzey.com\/#\/schema\/person\/3372109ec735f9333f4fa47ebb9605ca","name":"haberkuzey","image":{"@type":"ImageObject","inLanguage":"tr","@id":"https:\/\/secure.gravatar.com\/avatar\/f5fc875574b1575324358c3b9e6a32b8227aa5b74f3fa22e3cadb63e26fcc39c?s=96&d=mm&r=g","url":"https:\/\/secure.gravatar.com\/avatar\/f5fc875574b1575324358c3b9e6a32b8227aa5b74f3fa22e3cadb63e26fcc39c?s=96&d=mm&r=g","contentUrl":"https:\/\/secure.gravatar.com\/avatar\/f5fc875574b1575324358c3b9e6a32b8227aa5b74f3fa22e3cadb63e26fcc39c?s=96&d=mm&r=g","caption":"haberkuzey"},"sameAs":["https:\/\/haberkuzey.com"],"url":"https:\/\/haberkuzey.com\/index.php\/author\/haberkuzey\/"}]}},"_links":{"self":[{"href":"https:\/\/haberkuzey.com\/index.php\/wp-json\/wp\/v2\/posts\/21688","targetHints":{"allow":["GET"]}}],"collection":[{"href":"https:\/\/haberkuzey.com\/index.php\/wp-json\/wp\/v2\/posts"}],"about":[{"href":"https:\/\/haberkuzey.com\/index.php\/wp-json\/wp\/v2\/types\/post"}],"author":[{"embeddable":true,"href":"https:\/\/haberkuzey.com\/index.php\/wp-json\/wp\/v2\/users\/1"}],"replies":[{"embeddable":true,"href":"https:\/\/haberkuzey.com\/index.php\/wp-json\/wp\/v2\/comments?post=21688"}],"version-history":[{"count":0,"href":"https:\/\/haberkuzey.com\/index.php\/wp-json\/wp\/v2\/posts\/21688\/revisions"}],"wp:featuredmedia":[{"embeddable":true,"href":"https:\/\/haberkuzey.com\/index.php\/wp-json\/wp\/v2\/media\/21681"}],"wp:attachment":[{"href":"https:\/\/haberkuzey.com\/index.php\/wp-json\/wp\/v2\/media?parent=21688"}],"wp:term":[{"taxonomy":"category","embeddable":true,"href":"https:\/\/haberkuzey.com\/index.php\/wp-json\/wp\/v2\/categories?post=21688"},{"taxonomy":"post_tag","embeddable":true,"href":"https:\/\/haberkuzey.com\/index.php\/wp-json\/wp\/v2\/tags?post=21688"}],"curies":[{"name":"wp","href":"https:\/\/api.w.org\/{rel}","templated":true}]}}