{"id":21680,"date":"2025-04-11T10:44:58","date_gmt":"2025-04-11T07:44:58","guid":{"rendered":"https:\/\/haberkuzey.com\/index.php\/2025\/04\/11\/antalya-diplomasi-forumu-2025-basladi\/"},"modified":"2025-04-11T10:44:58","modified_gmt":"2025-04-11T07:44:58","slug":"antalya-diplomasi-forumu-2025-basladi","status":"publish","type":"post","link":"https:\/\/haberkuzey.com\/index.php\/2025\/04\/11\/antalya-diplomasi-forumu-2025-basladi\/","title":{"rendered":"Antalya Diplomasi Forumu 2025 ba\u015flad\u0131"},"content":{"rendered":"<div>\n<div class=\"mariselle-image-container center\">\n                                            <\/div>\n<p>T\u00fcrkiye\u2019nin \u00f6nde gelen uluslararas\u0131 diplomasi platformlar\u0131ndan biri olan Antalya Diplomasi Forumu (ADF), bu y\u0131l d\u00f6rd\u00fcnc\u00fc kez kap\u0131lar\u0131n\u0131 a\u00e7t\u0131. 11-13 Nisan 2025 tarihleri aras\u0131nda Antalya\u2019daki NEST Kongre Merkezi\u2019nde d\u00fczenlenen forum, \u201cAyr\u0131\u015fan D\u00fcnyada Diplomasiyi Sahiplenmek\u201d temas\u0131yla ger\u00e7ekle\u015ftiriliyor.<\/p>\n<p>Cumhurba\u015fkan\u0131 Recep Tayyip Erdo\u011fan\u2019\u0131n himayelerinde ve D\u0131\u015fi\u015fleri Bakanl\u0131\u011f\u0131\u2019n\u0131n ev sahipli\u011finde d\u00fczenlenen forumda, k\u00fcresel meseleler, b\u00f6lgesel i\u015f birlikleri ve diplomasinin gelece\u011fi ele al\u0131n\u0131yor. Etkinlik, devlet ba\u015fkanlar\u0131, d\u0131\u015fi\u015fleri bakanlar\u0131, akademisyenler, i\u015f d\u00fcnyas\u0131 temsilcileri ve medya mensuplar\u0131ndan olu\u015fan geni\u015f bir kat\u0131l\u0131mc\u0131 kitlesini a\u011f\u0131rl\u0131yor.<\/p>\n<p>Kuzey K\u0131br\u0131s T\u00fcrk Cumhuriyeti (KKTC) de foruma geni\u015f bir heyetle kat\u0131l\u0131m sa\u011flad\u0131. Cumhurba\u015fkan\u0131 Ersin Tatar, Ba\u015fbakan \u00dcnal \u00dcstel, Ba\u015fbakan Yard\u0131mc\u0131s\u0131 Fikri Atao\u011flu, D\u0131\u015fi\u015fleri Bakan\u0131 Tahsin Ertu\u011frulo\u011flu ve Ula\u015ft\u0131rma Bakan\u0131 Erhan Ar\u0131kl\u0131 forumda KKTC\u2019yi temsil eden isimler aras\u0131nda yer al\u0131yor.<\/p>\n<p>Forumun detaylar\u0131 ve canl\u0131 yay\u0131nlar, etkinli\u011fin resmi web sitesi antalyadf.org \u00fczerinden takip edilebiliyor.<\/p>\n<\/p><\/div>\n<p><script async\n                    defer\n                    crossorigin=\"anonymous\"\n                    src=\"https:\/\/connect.facebook.net\/tr_TR\/sdk.js#xfbml=1&#038;version=v3.3\"\n            ><\/script><\/p>\n","protected":false},"excerpt":{"rendered":"<p>T\u00fcrkiye\u2019nin \u00f6nde gelen uluslararas\u0131 diplomasi platformlar\u0131ndan biri olan Antalya Diplomasi Forumu (ADF), bu y\u0131l d\u00f6rd\u00fcnc\u00fc kez kap\u0131lar\u0131n\u0131 a\u00e7t\u0131. 11-13 Nisan 2025 tarihleri aras\u0131nda Antalya\u2019daki NEST Kongre Merkezi\u2019nde d\u00fczenlenen forum, \u201cAyr\u0131\u015fan D\u00fcnyada Diplomasiyi Sahiplenmek\u201d temas\u0131yla ger\u00e7ekle\u015ftiriliyor. Cumhurba\u015fkan\u0131 Recep Tayyip Erdo\u011fan\u2019\u0131n himayelerinde ve D\u0131\u015fi\u015fleri Bakanl\u0131\u011f\u0131\u2019n\u0131n ev sahipli\u011finde d\u00fczenlenen forumda, k\u00fcresel meseleler, b\u00f6lgesel i\u015f birlikleri ve diplomasinin gelece\u011fi [&hellip;]<\/p>\n","protected":false},"author":1,"featured_media":21681,"comment_status":"open","ping_status":"open","sticky":false,"template":"","format":"standard","meta":{"jnews-multi-image_gallery":[],"jnews_single_post":[],"jnews_primary_category":[],"footnotes":""},"categories":[2],"tags":[],"class_list":["post-21680","post","type-post","status-publish","format-standard","has-post-thumbnail","hentry","category-dunya"],"yoast_head":"<!-- This site is optimized with the Yoast SEO plugin v27.5 - https:\/\/yoast.com\/product\/yoast-seo-wordpress\/ -->\n<title>Antalya Diplomasi Forumu 2025 ba\u015flad\u0131 - Haber Kuzey<\/title>\n<meta name=\"robots\" content=\"index, follow, max-snippet:-1, max-image-preview:large, max-video-preview:-1\" \/>\n<link rel=\"canonical\" href=\"https:\/\/haberkuzey.com\/index.php\/2025\/04\/11\/antalya-diplomasi-forumu-2025-basladi\/\" \/>\n<meta property=\"og:locale\" content=\"tr_TR\" \/>\n<meta property=\"og:type\" content=\"article\" \/>\n<meta property=\"og:title\" content=\"Antalya Diplomasi Forumu 2025 ba\u015flad\u0131 - Haber Kuzey\" \/>\n<meta property=\"og:description\" content=\"T\u00fcrkiye\u2019nin \u00f6nde gelen uluslararas\u0131 diplomasi platformlar\u0131ndan biri olan Antalya Diplomasi Forumu (ADF), bu y\u0131l d\u00f6rd\u00fcnc\u00fc kez kap\u0131lar\u0131n\u0131 a\u00e7t\u0131. 11-13 Nisan 2025 tarihleri aras\u0131nda Antalya\u2019daki NEST Kongre Merkezi\u2019nde d\u00fczenlenen forum, \u201cAyr\u0131\u015fan D\u00fcnyada Diplomasiyi Sahiplenmek\u201d temas\u0131yla ger\u00e7ekle\u015ftiriliyor. Cumhurba\u015fkan\u0131 Recep Tayyip Erdo\u011fan\u2019\u0131n himayelerinde ve D\u0131\u015fi\u015fleri Bakanl\u0131\u011f\u0131\u2019n\u0131n ev sahipli\u011finde d\u00fczenlenen forumda, k\u00fcresel meseleler, b\u00f6lgesel i\u015f birlikleri ve diplomasinin gelece\u011fi [&hellip;]\" \/>\n<meta property=\"og:url\" content=\"https:\/\/haberkuzey.com\/index.php\/2025\/04\/11\/antalya-diplomasi-forumu-2025-basladi\/\" \/>\n<meta property=\"og:site_name\" content=\"Haber Kuzey\" \/>\n<meta property=\"article:published_time\" content=\"2025-04-11T07:44:58+00:00\" \/>\n<meta property=\"og:image\" content=\"https:\/\/brtk.net\/wp-content\/uploads\/2025\/04\/11\/sadasdasdasda.jpg?ver=5a114cf2f9c816095f9f8cc1039d4cab\" \/>\n<meta name=\"author\" content=\"haberkuzey\" \/>\n<meta name=\"twitter:card\" content=\"summary_large_image\" \/>\n<meta name=\"twitter:label1\" content=\"Yazan:\" \/>\n\t<meta name=\"twitter:data1\" content=\"haberkuzey\" \/>\n\t<meta name=\"twitter:label2\" content=\"Tahmini okuma s\u00fcresi\" \/>\n\t<meta name=\"twitter:data2\" content=\"1 dakika\" \/>\n<script type=\"application\/ld+json\" class=\"yoast-schema-graph\">{\"@context\":\"https:\\\/\\\/schema.org\",\"@graph\":[{\"@type\":\"Article\",\"@id\":\"https:\\\/\\\/haberkuzey.com\\\/index.php\\\/2025\\\/04\\\/11\\\/antalya-diplomasi-forumu-2025-basladi\\\/#article\",\"isPartOf\":{\"@id\":\"https:\\\/\\\/haberkuzey.com\\\/index.php\\\/2025\\\/04\\\/11\\\/antalya-diplomasi-forumu-2025-basladi\\\/\"},\"author\":{\"name\":\"haberkuzey\",\"@id\":\"https:\\\/\\\/haberkuzey.com\\\/#\\\/schema\\\/person\\\/3372109ec735f9333f4fa47ebb9605ca\"},\"headline\":\"Antalya Diplomasi Forumu 2025 ba\u015flad\u0131\",\"datePublished\":\"2025-04-11T07:44:58+00:00\",\"mainEntityOfPage\":{\"@id\":\"https:\\\/\\\/haberkuzey.com\\\/index.php\\\/2025\\\/04\\\/11\\\/antalya-diplomasi-forumu-2025-basladi\\\/\"},\"wordCount\":198,\"commentCount\":0,\"image\":{\"@id\":\"https:\\\/\\\/haberkuzey.com\\\/index.php\\\/2025\\\/04\\\/11\\\/antalya-diplomasi-forumu-2025-basladi\\\/#primaryimage\"},\"thumbnailUrl\":\"https:\\\/\\\/haberkuzey.com\\\/wp-content\\\/uploads\\\/2025\\\/04\\\/sadasdasdasda.jpg\",\"articleSection\":[\"D\u00fcnya\"],\"inLanguage\":\"tr\",\"potentialAction\":[{\"@type\":\"CommentAction\",\"name\":\"Comment\",\"target\":[\"https:\\\/\\\/haberkuzey.com\\\/index.php\\\/2025\\\/04\\\/11\\\/antalya-diplomasi-forumu-2025-basladi\\\/#respond\"]}]},{\"@type\":\"WebPage\",\"@id\":\"https:\\\/\\\/haberkuzey.com\\\/index.php\\\/2025\\\/04\\\/11\\\/antalya-diplomasi-forumu-2025-basladi\\\/\",\"url\":\"https:\\\/\\\/haberkuzey.com\\\/index.php\\\/2025\\\/04\\\/11\\\/antalya-diplomasi-forumu-2025-basladi\\\/\",\"name\":\"Antalya Diplomasi Forumu 2025 ba\u015flad\u0131 - Haber Kuzey\",\"isPartOf\":{\"@id\":\"https:\\\/\\\/haberkuzey.com\\\/#website\"},\"primaryImageOfPage\":{\"@id\":\"https:\\\/\\\/haberkuzey.com\\\/index.php\\\/2025\\\/04\\\/11\\\/antalya-diplomasi-forumu-2025-basladi\\\/#primaryimage\"},\"image\":{\"@id\":\"https:\\\/\\\/haberkuzey.com\\\/index.php\\\/2025\\\/04\\\/11\\\/antalya-diplomasi-forumu-2025-basladi\\\/#primaryimage\"},\"thumbnailUrl\":\"https:\\\/\\\/haberkuzey.com\\\/wp-content\\\/uploads\\\/2025\\\/04\\\/sadasdasdasda.jpg\",\"datePublished\":\"2025-04-11T07:44:58+00:00\",\"author\":{\"@id\":\"https:\\\/\\\/haberkuzey.com\\\/#\\\/schema\\\/person\\\/3372109ec735f9333f4fa47ebb9605ca\"},\"breadcrumb\":{\"@id\":\"https:\\\/\\\/haberkuzey.com\\\/index.php\\\/2025\\\/04\\\/11\\\/antalya-diplomasi-forumu-2025-basladi\\\/#breadcrumb\"},\"inLanguage\":\"tr\",\"potentialAction\":[{\"@type\":\"ReadAction\",\"target\":[\"https:\\\/\\\/haberkuzey.com\\\/index.php\\\/2025\\\/04\\\/11\\\/antalya-diplomasi-forumu-2025-basladi\\\/\"]}]},{\"@type\":\"ImageObject\",\"inLanguage\":\"tr\",\"@id\":\"https:\\\/\\\/haberkuzey.com\\\/index.php\\\/2025\\\/04\\\/11\\\/antalya-diplomasi-forumu-2025-basladi\\\/#primaryimage\",\"url\":\"https:\\\/\\\/haberkuzey.com\\\/wp-content\\\/uploads\\\/2025\\\/04\\\/sadasdasdasda.jpg\",\"contentUrl\":\"https:\\\/\\\/haberkuzey.com\\\/wp-content\\\/uploads\\\/2025\\\/04\\\/sadasdasdasda.jpg\",\"width\":639,\"height\":359},{\"@type\":\"BreadcrumbList\",\"@id\":\"https:\\\/\\\/haberkuzey.com\\\/index.php\\\/2025\\\/04\\\/11\\\/antalya-diplomasi-forumu-2025-basladi\\\/#breadcrumb\",\"itemListElement\":[{\"@type\":\"ListItem\",\"position\":1,\"name\":\"Anasayfa\",\"item\":\"https:\\\/\\\/haberkuzey.com\\\/\"},{\"@type\":\"ListItem\",\"position\":2,\"name\":\"Antalya Diplomasi Forumu 2025 ba\u015flad\u0131\"}]},{\"@type\":\"WebSite\",\"@id\":\"https:\\\/\\\/haberkuzey.com\\\/#website\",\"url\":\"https:\\\/\\\/haberkuzey.com\\\/\",\"name\":\"Haber Kuzey\",\"description\":\"Do\u011fru Haberin Adresi\",\"potentialAction\":[{\"@type\":\"SearchAction\",\"target\":{\"@type\":\"EntryPoint\",\"urlTemplate\":\"https:\\\/\\\/haberkuzey.com\\\/?s={search_term_string}\"},\"query-input\":{\"@type\":\"PropertyValueSpecification\",\"valueRequired\":true,\"valueName\":\"search_term_string\"}}],\"inLanguage\":\"tr\"},{\"@type\":\"Person\",\"@id\":\"https:\\\/\\\/haberkuzey.com\\\/#\\\/schema\\\/person\\\/3372109ec735f9333f4fa47ebb9605ca\",\"name\":\"haberkuzey\",\"image\":{\"@type\":\"ImageObject\",\"inLanguage\":\"tr\",\"@id\":\"https:\\\/\\\/secure.gravatar.com\\\/avatar\\\/f5fc875574b1575324358c3b9e6a32b8227aa5b74f3fa22e3cadb63e26fcc39c?s=96&d=mm&r=g\",\"url\":\"https:\\\/\\\/secure.gravatar.com\\\/avatar\\\/f5fc875574b1575324358c3b9e6a32b8227aa5b74f3fa22e3cadb63e26fcc39c?s=96&d=mm&r=g\",\"contentUrl\":\"https:\\\/\\\/secure.gravatar.com\\\/avatar\\\/f5fc875574b1575324358c3b9e6a32b8227aa5b74f3fa22e3cadb63e26fcc39c?s=96&d=mm&r=g\",\"caption\":\"haberkuzey\"},\"sameAs\":[\"https:\\\/\\\/haberkuzey.com\"],\"url\":\"https:\\\/\\\/haberkuzey.com\\\/index.php\\\/author\\\/haberkuzey\\\/\"}]}<\/script>\n<!-- \/ Yoast SEO plugin. -->","yoast_head_json":{"title":"Antalya Diplomasi Forumu 2025 ba\u015flad\u0131 - Haber Kuzey","robots":{"index":"index","follow":"follow","max-snippet":"max-snippet:-1","max-image-preview":"max-image-preview:large","max-video-preview":"max-video-preview:-1"},"canonical":"https:\/\/haberkuzey.com\/index.php\/2025\/04\/11\/antalya-diplomasi-forumu-2025-basladi\/","og_locale":"tr_TR","og_type":"article","og_title":"Antalya Diplomasi Forumu 2025 ba\u015flad\u0131 - Haber Kuzey","og_description":"T\u00fcrkiye\u2019nin \u00f6nde gelen uluslararas\u0131 diplomasi platformlar\u0131ndan biri olan Antalya Diplomasi Forumu (ADF), bu y\u0131l d\u00f6rd\u00fcnc\u00fc kez kap\u0131lar\u0131n\u0131 a\u00e7t\u0131. 11-13 Nisan 2025 tarihleri aras\u0131nda Antalya\u2019daki NEST Kongre Merkezi\u2019nde d\u00fczenlenen forum, \u201cAyr\u0131\u015fan D\u00fcnyada Diplomasiyi Sahiplenmek\u201d temas\u0131yla ger\u00e7ekle\u015ftiriliyor. Cumhurba\u015fkan\u0131 Recep Tayyip Erdo\u011fan\u2019\u0131n himayelerinde ve D\u0131\u015fi\u015fleri Bakanl\u0131\u011f\u0131\u2019n\u0131n ev sahipli\u011finde d\u00fczenlenen forumda, k\u00fcresel meseleler, b\u00f6lgesel i\u015f birlikleri ve diplomasinin gelece\u011fi [&hellip;]","og_url":"https:\/\/haberkuzey.com\/index.php\/2025\/04\/11\/antalya-diplomasi-forumu-2025-basladi\/","og_site_name":"Haber Kuzey","article_published_time":"2025-04-11T07:44:58+00:00","og_image":[{"url":"https:\/\/brtk.net\/wp-content\/uploads\/2025\/04\/11\/sadasdasdasda.jpg?ver=5a114cf2f9c816095f9f8cc1039d4cab","type":"","width":"","height":""}],"author":"haberkuzey","twitter_card":"summary_large_image","twitter_misc":{"Yazan:":"haberkuzey","Tahmini okuma s\u00fcresi":"1 dakika"},"schema":{"@context":"https:\/\/schema.org","@graph":[{"@type":"Article","@id":"https:\/\/haberkuzey.com\/index.php\/2025\/04\/11\/antalya-diplomasi-forumu-2025-basladi\/#article","isPartOf":{"@id":"https:\/\/haberkuzey.com\/index.php\/2025\/04\/11\/antalya-diplomasi-forumu-2025-basladi\/"},"author":{"name":"haberkuzey","@id":"https:\/\/haberkuzey.com\/#\/schema\/person\/3372109ec735f9333f4fa47ebb9605ca"},"headline":"Antalya Diplomasi Forumu 2025 ba\u015flad\u0131","datePublished":"2025-04-11T07:44:58+00:00","mainEntityOfPage":{"@id":"https:\/\/haberkuzey.com\/index.php\/2025\/04\/11\/antalya-diplomasi-forumu-2025-basladi\/"},"wordCount":198,"commentCount":0,"image":{"@id":"https:\/\/haberkuzey.com\/index.php\/2025\/04\/11\/antalya-diplomasi-forumu-2025-basladi\/#primaryimage"},"thumbnailUrl":"https:\/\/haberkuzey.com\/wp-content\/uploads\/2025\/04\/sadasdasdasda.jpg","articleSection":["D\u00fcnya"],"inLanguage":"tr","potentialAction":[{"@type":"CommentAction","name":"Comment","target":["https:\/\/haberkuzey.com\/index.php\/2025\/04\/11\/antalya-diplomasi-forumu-2025-basladi\/#respond"]}]},{"@type":"WebPage","@id":"https:\/\/haberkuzey.com\/index.php\/2025\/04\/11\/antalya-diplomasi-forumu-2025-basladi\/","url":"https:\/\/haberkuzey.com\/index.php\/2025\/04\/11\/antalya-diplomasi-forumu-2025-basladi\/","name":"Antalya Diplomasi Forumu 2025 ba\u015flad\u0131 - Haber Kuzey","isPartOf":{"@id":"https:\/\/haberkuzey.com\/#website"},"primaryImageOfPage":{"@id":"https:\/\/haberkuzey.com\/index.php\/2025\/04\/11\/antalya-diplomasi-forumu-2025-basladi\/#primaryimage"},"image":{"@id":"https:\/\/haberkuzey.com\/index.php\/2025\/04\/11\/antalya-diplomasi-forumu-2025-basladi\/#primaryimage"},"thumbnailUrl":"https:\/\/haberkuzey.com\/wp-content\/uploads\/2025\/04\/sadasdasdasda.jpg","datePublished":"2025-04-11T07:44:58+00:00","author":{"@id":"https:\/\/haberkuzey.com\/#\/schema\/person\/3372109ec735f9333f4fa47ebb9605ca"},"breadcrumb":{"@id":"https:\/\/haberkuzey.com\/index.php\/2025\/04\/11\/antalya-diplomasi-forumu-2025-basladi\/#breadcrumb"},"inLanguage":"tr","potentialAction":[{"@type":"ReadAction","target":["https:\/\/haberkuzey.com\/index.php\/2025\/04\/11\/antalya-diplomasi-forumu-2025-basladi\/"]}]},{"@type":"ImageObject","inLanguage":"tr","@id":"https:\/\/haberkuzey.com\/index.php\/2025\/04\/11\/antalya-diplomasi-forumu-2025-basladi\/#primaryimage","url":"https:\/\/haberkuzey.com\/wp-content\/uploads\/2025\/04\/sadasdasdasda.jpg","contentUrl":"https:\/\/haberkuzey.com\/wp-content\/uploads\/2025\/04\/sadasdasdasda.jpg","width":639,"height":359},{"@type":"BreadcrumbList","@id":"https:\/\/haberkuzey.com\/index.php\/2025\/04\/11\/antalya-diplomasi-forumu-2025-basladi\/#breadcrumb","itemListElement":[{"@type":"ListItem","position":1,"name":"Anasayfa","item":"https:\/\/haberkuzey.com\/"},{"@type":"ListItem","position":2,"name":"Antalya Diplomasi Forumu 2025 ba\u015flad\u0131"}]},{"@type":"WebSite","@id":"https:\/\/haberkuzey.com\/#website","url":"https:\/\/haberkuzey.com\/","name":"Haber Kuzey","description":"Do\u011fru Haberin Adresi","potentialAction":[{"@type":"SearchAction","target":{"@type":"EntryPoint","urlTemplate":"https:\/\/haberkuzey.com\/?s={search_term_string}"},"query-input":{"@type":"PropertyValueSpecification","valueRequired":true,"valueName":"search_term_string"}}],"inLanguage":"tr"},{"@type":"Person","@id":"https:\/\/haberkuzey.com\/#\/schema\/person\/3372109ec735f9333f4fa47ebb9605ca","name":"haberkuzey","image":{"@type":"ImageObject","inLanguage":"tr","@id":"https:\/\/secure.gravatar.com\/avatar\/f5fc875574b1575324358c3b9e6a32b8227aa5b74f3fa22e3cadb63e26fcc39c?s=96&d=mm&r=g","url":"https:\/\/secure.gravatar.com\/avatar\/f5fc875574b1575324358c3b9e6a32b8227aa5b74f3fa22e3cadb63e26fcc39c?s=96&d=mm&r=g","contentUrl":"https:\/\/secure.gravatar.com\/avatar\/f5fc875574b1575324358c3b9e6a32b8227aa5b74f3fa22e3cadb63e26fcc39c?s=96&d=mm&r=g","caption":"haberkuzey"},"sameAs":["https:\/\/haberkuzey.com"],"url":"https:\/\/haberkuzey.com\/index.php\/author\/haberkuzey\/"}]}},"_links":{"self":[{"href":"https:\/\/haberkuzey.com\/index.php\/wp-json\/wp\/v2\/posts\/21680","targetHints":{"allow":["GET"]}}],"collection":[{"href":"https:\/\/haberkuzey.com\/index.php\/wp-json\/wp\/v2\/posts"}],"about":[{"href":"https:\/\/haberkuzey.com\/index.php\/wp-json\/wp\/v2\/types\/post"}],"author":[{"embeddable":true,"href":"https:\/\/haberkuzey.com\/index.php\/wp-json\/wp\/v2\/users\/1"}],"replies":[{"embeddable":true,"href":"https:\/\/haberkuzey.com\/index.php\/wp-json\/wp\/v2\/comments?post=21680"}],"version-history":[{"count":0,"href":"https:\/\/haberkuzey.com\/index.php\/wp-json\/wp\/v2\/posts\/21680\/revisions"}],"wp:featuredmedia":[{"embeddable":true,"href":"https:\/\/haberkuzey.com\/index.php\/wp-json\/wp\/v2\/media\/21681"}],"wp:attachment":[{"href":"https:\/\/haberkuzey.com\/index.php\/wp-json\/wp\/v2\/media?parent=21680"}],"wp:term":[{"taxonomy":"category","embeddable":true,"href":"https:\/\/haberkuzey.com\/index.php\/wp-json\/wp\/v2\/categories?post=21680"},{"taxonomy":"post_tag","embeddable":true,"href":"https:\/\/haberkuzey.com\/index.php\/wp-json\/wp\/v2\/tags?post=21680"}],"curies":[{"name":"wp","href":"https:\/\/api.w.org\/{rel}","templated":true}]}}