{"id":21678,"date":"2025-04-11T10:21:03","date_gmt":"2025-04-11T07:21:03","guid":{"rendered":"https:\/\/haberkuzey.com\/index.php\/2025\/04\/11\/tc-cumhurbaskani-yardimcisi-yilmaz-ozturkleri-yeni-makaminda-ziyaret-etti\/"},"modified":"2025-04-11T10:21:03","modified_gmt":"2025-04-11T07:21:03","slug":"tc-cumhurbaskani-yardimcisi-yilmaz-ozturkleri-yeni-makaminda-ziyaret-etti","status":"publish","type":"post","link":"https:\/\/haberkuzey.com\/index.php\/2025\/04\/11\/tc-cumhurbaskani-yardimcisi-yilmaz-ozturkleri-yeni-makaminda-ziyaret-etti\/","title":{"rendered":"TC Cumhurba\u015fkan\u0131 Yard\u0131mc\u0131s\u0131 Y\u0131lmaz, \u00d6zt\u00fcrkler\u2019i yeni makam\u0131nda ziyaret etti"},"content":{"rendered":"<div>\n<div class=\"mariselle-image-container center\">\n                                            <\/div>\n<p>T\u00fcrkiye Cumhuriyeti Cumhurba\u015fkan\u0131 Yard\u0131mc\u0131s\u0131 Cevdet Y\u0131lmaz ve \u00c7evre ve \u015eehircilik Bakan\u0131 Murat Kurum, Cumhuriyet Meclisi Ba\u015fkan\u0131 Ziya \u00d6zt\u00fcrkler\u2019i yeni makam odas\u0131nda ziyaret etti.<br \/>Ziyaret s\u0131ras\u0131nda Cevdet Y\u0131lmaz, \u00d6zt\u00fcrkler\u2019e tablo takdim etti.<\/p>\n<p>Samimi bir ortamda ger\u00e7ekle\u015fen g\u00f6r\u00fc\u015fmede Y\u0131lmaz, Meclis Ba\u015fkan\u0131 \u00d6zt\u00fcrkler\u2019e hay\u0131rl\u0131 olsun dileklerini ileterek ba\u015far\u0131lar diledi.<\/p>\n<p>Cumhurba\u015fkan\u0131 Ersin Tatar, Cumhurba\u015fkan\u0131 Yard\u0131mc\u0131s\u0131 Cevdet Y\u0131lmaz, Ba\u015fbakan \u00dcnal \u00dcstel ve baz\u0131 bakanlar, Cumhurba\u015fkanl\u0131\u011f\u0131 K\u00fclliyesi\u2019nde d\u00fczenlenen etkinliklerin ard\u0131ndan Cumhuriyet Meclisi Ba\u015fkan\u0131 Ziya \u00d6zt\u00fcrkler ile bir araya geldi.  <\/p>\n<p>\u00d6zt\u00fcrkler, T\u00fcrkiye ile KKTC aras\u0131ndaki g\u00fc\u00e7l\u00fc ili\u015fkilerin ve i\u015f birli\u011finin \u00f6nemli bir g\u00f6stergesi olarak de\u011ferlendirdi\u011fi g\u00f6r\u00fc\u015fmeden duydu\u011fu memnuniyeti ifade etti. <\/p>\n<p>Nazik ziyaretlerden \u00f6t\u00fcr\u00fc te\u015fekk\u00fcrlerini sunan \u00d6zt\u00fcrkler, bu t\u00fcr etkile\u015fimlerin iki \u00fclke aras\u0131ndaki ba\u011flar\u0131 daha da peki\u015ftirdi\u011fini vurgulad\u0131.<\/p>\n<\/p><\/div>\n<p><script async\n                    defer\n                    crossorigin=\"anonymous\"\n                    src=\"https:\/\/connect.facebook.net\/tr_TR\/sdk.js#xfbml=1&#038;version=v3.3\"\n            ><\/script><\/p>\n","protected":false},"excerpt":{"rendered":"<p>T\u00fcrkiye Cumhuriyeti Cumhurba\u015fkan\u0131 Yard\u0131mc\u0131s\u0131 Cevdet Y\u0131lmaz ve \u00c7evre ve \u015eehircilik Bakan\u0131 Murat Kurum, Cumhuriyet Meclisi Ba\u015fkan\u0131 Ziya \u00d6zt\u00fcrkler\u2019i yeni makam odas\u0131nda ziyaret etti.Ziyaret s\u0131ras\u0131nda Cevdet Y\u0131lmaz, \u00d6zt\u00fcrkler\u2019e tablo takdim etti. Samimi bir ortamda ger\u00e7ekle\u015fen g\u00f6r\u00fc\u015fmede Y\u0131lmaz, Meclis Ba\u015fkan\u0131 \u00d6zt\u00fcrkler\u2019e hay\u0131rl\u0131 olsun dileklerini ileterek ba\u015far\u0131lar diledi. Cumhurba\u015fkan\u0131 Ersin Tatar, Cumhurba\u015fkan\u0131 Yard\u0131mc\u0131s\u0131 Cevdet Y\u0131lmaz, Ba\u015fbakan \u00dcnal \u00dcstel [&hellip;]<\/p>\n","protected":false},"author":1,"featured_media":21679,"comment_status":"open","ping_status":"open","sticky":false,"template":"","format":"standard","meta":{"jnews-multi-image_gallery":[],"jnews_single_post":[],"jnews_primary_category":[],"footnotes":""},"categories":[2],"tags":[],"class_list":["post-21678","post","type-post","status-publish","format-standard","has-post-thumbnail","hentry","category-dunya"],"yoast_head":"<!-- This site is optimized with the Yoast SEO plugin v27.5 - https:\/\/yoast.com\/product\/yoast-seo-wordpress\/ -->\n<title>TC Cumhurba\u015fkan\u0131 Yard\u0131mc\u0131s\u0131 Y\u0131lmaz, \u00d6zt\u00fcrkler\u2019i yeni makam\u0131nda ziyaret etti - Haber Kuzey<\/title>\n<meta name=\"robots\" content=\"index, follow, max-snippet:-1, max-image-preview:large, max-video-preview:-1\" \/>\n<link rel=\"canonical\" href=\"https:\/\/haberkuzey.com\/index.php\/2025\/04\/11\/tc-cumhurbaskani-yardimcisi-yilmaz-ozturkleri-yeni-makaminda-ziyaret-etti\/\" \/>\n<meta property=\"og:locale\" content=\"tr_TR\" \/>\n<meta property=\"og:type\" content=\"article\" \/>\n<meta property=\"og:title\" content=\"TC Cumhurba\u015fkan\u0131 Yard\u0131mc\u0131s\u0131 Y\u0131lmaz, \u00d6zt\u00fcrkler\u2019i yeni makam\u0131nda ziyaret etti - Haber Kuzey\" \/>\n<meta property=\"og:description\" content=\"T\u00fcrkiye Cumhuriyeti Cumhurba\u015fkan\u0131 Yard\u0131mc\u0131s\u0131 Cevdet Y\u0131lmaz ve \u00c7evre ve \u015eehircilik Bakan\u0131 Murat Kurum, Cumhuriyet Meclisi Ba\u015fkan\u0131 Ziya \u00d6zt\u00fcrkler\u2019i yeni makam odas\u0131nda ziyaret etti.Ziyaret s\u0131ras\u0131nda Cevdet Y\u0131lmaz, \u00d6zt\u00fcrkler\u2019e tablo takdim etti. Samimi bir ortamda ger\u00e7ekle\u015fen g\u00f6r\u00fc\u015fmede Y\u0131lmaz, Meclis Ba\u015fkan\u0131 \u00d6zt\u00fcrkler\u2019e hay\u0131rl\u0131 olsun dileklerini ileterek ba\u015far\u0131lar diledi. Cumhurba\u015fkan\u0131 Ersin Tatar, Cumhurba\u015fkan\u0131 Yard\u0131mc\u0131s\u0131 Cevdet Y\u0131lmaz, Ba\u015fbakan \u00dcnal \u00dcstel [&hellip;]\" \/>\n<meta property=\"og:url\" content=\"https:\/\/haberkuzey.com\/index.php\/2025\/04\/11\/tc-cumhurbaskani-yardimcisi-yilmaz-ozturkleri-yeni-makaminda-ziyaret-etti\/\" \/>\n<meta property=\"og:site_name\" content=\"Haber Kuzey\" \/>\n<meta property=\"article:published_time\" content=\"2025-04-11T07:21:03+00:00\" \/>\n<meta property=\"og:image\" content=\"https:\/\/brtk.net\/wp-content\/uploads\/2025\/04\/11\/cd329655-8acb-4584-b69b-c231093e052f.jpg?ver=ced52a4cb224bda752ee42234c0c22a3\" \/>\n<meta name=\"author\" content=\"haberkuzey\" \/>\n<meta name=\"twitter:card\" content=\"summary_large_image\" \/>\n<meta name=\"twitter:label1\" content=\"Yazan:\" \/>\n\t<meta name=\"twitter:data1\" content=\"haberkuzey\" \/>\n\t<meta name=\"twitter:label2\" content=\"Tahmini okuma s\u00fcresi\" \/>\n\t<meta name=\"twitter:data2\" content=\"1 dakika\" \/>\n<script type=\"application\/ld+json\" class=\"yoast-schema-graph\">{\"@context\":\"https:\\\/\\\/schema.org\",\"@graph\":[{\"@type\":\"Article\",\"@id\":\"https:\\\/\\\/haberkuzey.com\\\/index.php\\\/2025\\\/04\\\/11\\\/tc-cumhurbaskani-yardimcisi-yilmaz-ozturkleri-yeni-makaminda-ziyaret-etti\\\/#article\",\"isPartOf\":{\"@id\":\"https:\\\/\\\/haberkuzey.com\\\/index.php\\\/2025\\\/04\\\/11\\\/tc-cumhurbaskani-yardimcisi-yilmaz-ozturkleri-yeni-makaminda-ziyaret-etti\\\/\"},\"author\":{\"name\":\"haberkuzey\",\"@id\":\"https:\\\/\\\/haberkuzey.com\\\/#\\\/schema\\\/person\\\/3372109ec735f9333f4fa47ebb9605ca\"},\"headline\":\"TC Cumhurba\u015fkan\u0131 Yard\u0131mc\u0131s\u0131 Y\u0131lmaz, \u00d6zt\u00fcrkler\u2019i yeni makam\u0131nda ziyaret etti\",\"datePublished\":\"2025-04-11T07:21:03+00:00\",\"mainEntityOfPage\":{\"@id\":\"https:\\\/\\\/haberkuzey.com\\\/index.php\\\/2025\\\/04\\\/11\\\/tc-cumhurbaskani-yardimcisi-yilmaz-ozturkleri-yeni-makaminda-ziyaret-etti\\\/\"},\"wordCount\":186,\"commentCount\":0,\"image\":{\"@id\":\"https:\\\/\\\/haberkuzey.com\\\/index.php\\\/2025\\\/04\\\/11\\\/tc-cumhurbaskani-yardimcisi-yilmaz-ozturkleri-yeni-makaminda-ziyaret-etti\\\/#primaryimage\"},\"thumbnailUrl\":\"https:\\\/\\\/haberkuzey.com\\\/wp-content\\\/uploads\\\/2025\\\/04\\\/cd329655-8acb-4584-b69b-c231093e052f.jpg\",\"articleSection\":[\"D\u00fcnya\"],\"inLanguage\":\"tr\",\"potentialAction\":[{\"@type\":\"CommentAction\",\"name\":\"Comment\",\"target\":[\"https:\\\/\\\/haberkuzey.com\\\/index.php\\\/2025\\\/04\\\/11\\\/tc-cumhurbaskani-yardimcisi-yilmaz-ozturkleri-yeni-makaminda-ziyaret-etti\\\/#respond\"]}]},{\"@type\":\"WebPage\",\"@id\":\"https:\\\/\\\/haberkuzey.com\\\/index.php\\\/2025\\\/04\\\/11\\\/tc-cumhurbaskani-yardimcisi-yilmaz-ozturkleri-yeni-makaminda-ziyaret-etti\\\/\",\"url\":\"https:\\\/\\\/haberkuzey.com\\\/index.php\\\/2025\\\/04\\\/11\\\/tc-cumhurbaskani-yardimcisi-yilmaz-ozturkleri-yeni-makaminda-ziyaret-etti\\\/\",\"name\":\"TC Cumhurba\u015fkan\u0131 Yard\u0131mc\u0131s\u0131 Y\u0131lmaz, \u00d6zt\u00fcrkler\u2019i yeni makam\u0131nda ziyaret etti - Haber Kuzey\",\"isPartOf\":{\"@id\":\"https:\\\/\\\/haberkuzey.com\\\/#website\"},\"primaryImageOfPage\":{\"@id\":\"https:\\\/\\\/haberkuzey.com\\\/index.php\\\/2025\\\/04\\\/11\\\/tc-cumhurbaskani-yardimcisi-yilmaz-ozturkleri-yeni-makaminda-ziyaret-etti\\\/#primaryimage\"},\"image\":{\"@id\":\"https:\\\/\\\/haberkuzey.com\\\/index.php\\\/2025\\\/04\\\/11\\\/tc-cumhurbaskani-yardimcisi-yilmaz-ozturkleri-yeni-makaminda-ziyaret-etti\\\/#primaryimage\"},\"thumbnailUrl\":\"https:\\\/\\\/haberkuzey.com\\\/wp-content\\\/uploads\\\/2025\\\/04\\\/cd329655-8acb-4584-b69b-c231093e052f.jpg\",\"datePublished\":\"2025-04-11T07:21:03+00:00\",\"author\":{\"@id\":\"https:\\\/\\\/haberkuzey.com\\\/#\\\/schema\\\/person\\\/3372109ec735f9333f4fa47ebb9605ca\"},\"breadcrumb\":{\"@id\":\"https:\\\/\\\/haberkuzey.com\\\/index.php\\\/2025\\\/04\\\/11\\\/tc-cumhurbaskani-yardimcisi-yilmaz-ozturkleri-yeni-makaminda-ziyaret-etti\\\/#breadcrumb\"},\"inLanguage\":\"tr\",\"potentialAction\":[{\"@type\":\"ReadAction\",\"target\":[\"https:\\\/\\\/haberkuzey.com\\\/index.php\\\/2025\\\/04\\\/11\\\/tc-cumhurbaskani-yardimcisi-yilmaz-ozturkleri-yeni-makaminda-ziyaret-etti\\\/\"]}]},{\"@type\":\"ImageObject\",\"inLanguage\":\"tr\",\"@id\":\"https:\\\/\\\/haberkuzey.com\\\/index.php\\\/2025\\\/04\\\/11\\\/tc-cumhurbaskani-yardimcisi-yilmaz-ozturkleri-yeni-makaminda-ziyaret-etti\\\/#primaryimage\",\"url\":\"https:\\\/\\\/haberkuzey.com\\\/wp-content\\\/uploads\\\/2025\\\/04\\\/cd329655-8acb-4584-b69b-c231093e052f.jpg\",\"contentUrl\":\"https:\\\/\\\/haberkuzey.com\\\/wp-content\\\/uploads\\\/2025\\\/04\\\/cd329655-8acb-4584-b69b-c231093e052f.jpg\",\"width\":1600,\"height\":751},{\"@type\":\"BreadcrumbList\",\"@id\":\"https:\\\/\\\/haberkuzey.com\\\/index.php\\\/2025\\\/04\\\/11\\\/tc-cumhurbaskani-yardimcisi-yilmaz-ozturkleri-yeni-makaminda-ziyaret-etti\\\/#breadcrumb\",\"itemListElement\":[{\"@type\":\"ListItem\",\"position\":1,\"name\":\"Anasayfa\",\"item\":\"https:\\\/\\\/haberkuzey.com\\\/\"},{\"@type\":\"ListItem\",\"position\":2,\"name\":\"TC Cumhurba\u015fkan\u0131 Yard\u0131mc\u0131s\u0131 Y\u0131lmaz, \u00d6zt\u00fcrkler\u2019i yeni makam\u0131nda ziyaret etti\"}]},{\"@type\":\"WebSite\",\"@id\":\"https:\\\/\\\/haberkuzey.com\\\/#website\",\"url\":\"https:\\\/\\\/haberkuzey.com\\\/\",\"name\":\"Haber Kuzey\",\"description\":\"Do\u011fru Haberin Adresi\",\"potentialAction\":[{\"@type\":\"SearchAction\",\"target\":{\"@type\":\"EntryPoint\",\"urlTemplate\":\"https:\\\/\\\/haberkuzey.com\\\/?s={search_term_string}\"},\"query-input\":{\"@type\":\"PropertyValueSpecification\",\"valueRequired\":true,\"valueName\":\"search_term_string\"}}],\"inLanguage\":\"tr\"},{\"@type\":\"Person\",\"@id\":\"https:\\\/\\\/haberkuzey.com\\\/#\\\/schema\\\/person\\\/3372109ec735f9333f4fa47ebb9605ca\",\"name\":\"haberkuzey\",\"image\":{\"@type\":\"ImageObject\",\"inLanguage\":\"tr\",\"@id\":\"https:\\\/\\\/secure.gravatar.com\\\/avatar\\\/f5fc875574b1575324358c3b9e6a32b8227aa5b74f3fa22e3cadb63e26fcc39c?s=96&d=mm&r=g\",\"url\":\"https:\\\/\\\/secure.gravatar.com\\\/avatar\\\/f5fc875574b1575324358c3b9e6a32b8227aa5b74f3fa22e3cadb63e26fcc39c?s=96&d=mm&r=g\",\"contentUrl\":\"https:\\\/\\\/secure.gravatar.com\\\/avatar\\\/f5fc875574b1575324358c3b9e6a32b8227aa5b74f3fa22e3cadb63e26fcc39c?s=96&d=mm&r=g\",\"caption\":\"haberkuzey\"},\"sameAs\":[\"https:\\\/\\\/haberkuzey.com\"],\"url\":\"https:\\\/\\\/haberkuzey.com\\\/index.php\\\/author\\\/haberkuzey\\\/\"}]}<\/script>\n<!-- \/ Yoast SEO plugin. -->","yoast_head_json":{"title":"TC Cumhurba\u015fkan\u0131 Yard\u0131mc\u0131s\u0131 Y\u0131lmaz, \u00d6zt\u00fcrkler\u2019i yeni makam\u0131nda ziyaret etti - Haber Kuzey","robots":{"index":"index","follow":"follow","max-snippet":"max-snippet:-1","max-image-preview":"max-image-preview:large","max-video-preview":"max-video-preview:-1"},"canonical":"https:\/\/haberkuzey.com\/index.php\/2025\/04\/11\/tc-cumhurbaskani-yardimcisi-yilmaz-ozturkleri-yeni-makaminda-ziyaret-etti\/","og_locale":"tr_TR","og_type":"article","og_title":"TC Cumhurba\u015fkan\u0131 Yard\u0131mc\u0131s\u0131 Y\u0131lmaz, \u00d6zt\u00fcrkler\u2019i yeni makam\u0131nda ziyaret etti - Haber Kuzey","og_description":"T\u00fcrkiye Cumhuriyeti Cumhurba\u015fkan\u0131 Yard\u0131mc\u0131s\u0131 Cevdet Y\u0131lmaz ve \u00c7evre ve \u015eehircilik Bakan\u0131 Murat Kurum, Cumhuriyet Meclisi Ba\u015fkan\u0131 Ziya \u00d6zt\u00fcrkler\u2019i yeni makam odas\u0131nda ziyaret etti.Ziyaret s\u0131ras\u0131nda Cevdet Y\u0131lmaz, \u00d6zt\u00fcrkler\u2019e tablo takdim etti. Samimi bir ortamda ger\u00e7ekle\u015fen g\u00f6r\u00fc\u015fmede Y\u0131lmaz, Meclis Ba\u015fkan\u0131 \u00d6zt\u00fcrkler\u2019e hay\u0131rl\u0131 olsun dileklerini ileterek ba\u015far\u0131lar diledi. Cumhurba\u015fkan\u0131 Ersin Tatar, Cumhurba\u015fkan\u0131 Yard\u0131mc\u0131s\u0131 Cevdet Y\u0131lmaz, Ba\u015fbakan \u00dcnal \u00dcstel [&hellip;]","og_url":"https:\/\/haberkuzey.com\/index.php\/2025\/04\/11\/tc-cumhurbaskani-yardimcisi-yilmaz-ozturkleri-yeni-makaminda-ziyaret-etti\/","og_site_name":"Haber Kuzey","article_published_time":"2025-04-11T07:21:03+00:00","og_image":[{"url":"https:\/\/brtk.net\/wp-content\/uploads\/2025\/04\/11\/cd329655-8acb-4584-b69b-c231093e052f.jpg?ver=ced52a4cb224bda752ee42234c0c22a3","type":"","width":"","height":""}],"author":"haberkuzey","twitter_card":"summary_large_image","twitter_misc":{"Yazan:":"haberkuzey","Tahmini okuma s\u00fcresi":"1 dakika"},"schema":{"@context":"https:\/\/schema.org","@graph":[{"@type":"Article","@id":"https:\/\/haberkuzey.com\/index.php\/2025\/04\/11\/tc-cumhurbaskani-yardimcisi-yilmaz-ozturkleri-yeni-makaminda-ziyaret-etti\/#article","isPartOf":{"@id":"https:\/\/haberkuzey.com\/index.php\/2025\/04\/11\/tc-cumhurbaskani-yardimcisi-yilmaz-ozturkleri-yeni-makaminda-ziyaret-etti\/"},"author":{"name":"haberkuzey","@id":"https:\/\/haberkuzey.com\/#\/schema\/person\/3372109ec735f9333f4fa47ebb9605ca"},"headline":"TC Cumhurba\u015fkan\u0131 Yard\u0131mc\u0131s\u0131 Y\u0131lmaz, \u00d6zt\u00fcrkler\u2019i yeni makam\u0131nda ziyaret etti","datePublished":"2025-04-11T07:21:03+00:00","mainEntityOfPage":{"@id":"https:\/\/haberkuzey.com\/index.php\/2025\/04\/11\/tc-cumhurbaskani-yardimcisi-yilmaz-ozturkleri-yeni-makaminda-ziyaret-etti\/"},"wordCount":186,"commentCount":0,"image":{"@id":"https:\/\/haberkuzey.com\/index.php\/2025\/04\/11\/tc-cumhurbaskani-yardimcisi-yilmaz-ozturkleri-yeni-makaminda-ziyaret-etti\/#primaryimage"},"thumbnailUrl":"https:\/\/haberkuzey.com\/wp-content\/uploads\/2025\/04\/cd329655-8acb-4584-b69b-c231093e052f.jpg","articleSection":["D\u00fcnya"],"inLanguage":"tr","potentialAction":[{"@type":"CommentAction","name":"Comment","target":["https:\/\/haberkuzey.com\/index.php\/2025\/04\/11\/tc-cumhurbaskani-yardimcisi-yilmaz-ozturkleri-yeni-makaminda-ziyaret-etti\/#respond"]}]},{"@type":"WebPage","@id":"https:\/\/haberkuzey.com\/index.php\/2025\/04\/11\/tc-cumhurbaskani-yardimcisi-yilmaz-ozturkleri-yeni-makaminda-ziyaret-etti\/","url":"https:\/\/haberkuzey.com\/index.php\/2025\/04\/11\/tc-cumhurbaskani-yardimcisi-yilmaz-ozturkleri-yeni-makaminda-ziyaret-etti\/","name":"TC Cumhurba\u015fkan\u0131 Yard\u0131mc\u0131s\u0131 Y\u0131lmaz, \u00d6zt\u00fcrkler\u2019i yeni makam\u0131nda ziyaret etti - Haber Kuzey","isPartOf":{"@id":"https:\/\/haberkuzey.com\/#website"},"primaryImageOfPage":{"@id":"https:\/\/haberkuzey.com\/index.php\/2025\/04\/11\/tc-cumhurbaskani-yardimcisi-yilmaz-ozturkleri-yeni-makaminda-ziyaret-etti\/#primaryimage"},"image":{"@id":"https:\/\/haberkuzey.com\/index.php\/2025\/04\/11\/tc-cumhurbaskani-yardimcisi-yilmaz-ozturkleri-yeni-makaminda-ziyaret-etti\/#primaryimage"},"thumbnailUrl":"https:\/\/haberkuzey.com\/wp-content\/uploads\/2025\/04\/cd329655-8acb-4584-b69b-c231093e052f.jpg","datePublished":"2025-04-11T07:21:03+00:00","author":{"@id":"https:\/\/haberkuzey.com\/#\/schema\/person\/3372109ec735f9333f4fa47ebb9605ca"},"breadcrumb":{"@id":"https:\/\/haberkuzey.com\/index.php\/2025\/04\/11\/tc-cumhurbaskani-yardimcisi-yilmaz-ozturkleri-yeni-makaminda-ziyaret-etti\/#breadcrumb"},"inLanguage":"tr","potentialAction":[{"@type":"ReadAction","target":["https:\/\/haberkuzey.com\/index.php\/2025\/04\/11\/tc-cumhurbaskani-yardimcisi-yilmaz-ozturkleri-yeni-makaminda-ziyaret-etti\/"]}]},{"@type":"ImageObject","inLanguage":"tr","@id":"https:\/\/haberkuzey.com\/index.php\/2025\/04\/11\/tc-cumhurbaskani-yardimcisi-yilmaz-ozturkleri-yeni-makaminda-ziyaret-etti\/#primaryimage","url":"https:\/\/haberkuzey.com\/wp-content\/uploads\/2025\/04\/cd329655-8acb-4584-b69b-c231093e052f.jpg","contentUrl":"https:\/\/haberkuzey.com\/wp-content\/uploads\/2025\/04\/cd329655-8acb-4584-b69b-c231093e052f.jpg","width":1600,"height":751},{"@type":"BreadcrumbList","@id":"https:\/\/haberkuzey.com\/index.php\/2025\/04\/11\/tc-cumhurbaskani-yardimcisi-yilmaz-ozturkleri-yeni-makaminda-ziyaret-etti\/#breadcrumb","itemListElement":[{"@type":"ListItem","position":1,"name":"Anasayfa","item":"https:\/\/haberkuzey.com\/"},{"@type":"ListItem","position":2,"name":"TC Cumhurba\u015fkan\u0131 Yard\u0131mc\u0131s\u0131 Y\u0131lmaz, \u00d6zt\u00fcrkler\u2019i yeni makam\u0131nda ziyaret etti"}]},{"@type":"WebSite","@id":"https:\/\/haberkuzey.com\/#website","url":"https:\/\/haberkuzey.com\/","name":"Haber Kuzey","description":"Do\u011fru Haberin Adresi","potentialAction":[{"@type":"SearchAction","target":{"@type":"EntryPoint","urlTemplate":"https:\/\/haberkuzey.com\/?s={search_term_string}"},"query-input":{"@type":"PropertyValueSpecification","valueRequired":true,"valueName":"search_term_string"}}],"inLanguage":"tr"},{"@type":"Person","@id":"https:\/\/haberkuzey.com\/#\/schema\/person\/3372109ec735f9333f4fa47ebb9605ca","name":"haberkuzey","image":{"@type":"ImageObject","inLanguage":"tr","@id":"https:\/\/secure.gravatar.com\/avatar\/f5fc875574b1575324358c3b9e6a32b8227aa5b74f3fa22e3cadb63e26fcc39c?s=96&d=mm&r=g","url":"https:\/\/secure.gravatar.com\/avatar\/f5fc875574b1575324358c3b9e6a32b8227aa5b74f3fa22e3cadb63e26fcc39c?s=96&d=mm&r=g","contentUrl":"https:\/\/secure.gravatar.com\/avatar\/f5fc875574b1575324358c3b9e6a32b8227aa5b74f3fa22e3cadb63e26fcc39c?s=96&d=mm&r=g","caption":"haberkuzey"},"sameAs":["https:\/\/haberkuzey.com"],"url":"https:\/\/haberkuzey.com\/index.php\/author\/haberkuzey\/"}]}},"_links":{"self":[{"href":"https:\/\/haberkuzey.com\/index.php\/wp-json\/wp\/v2\/posts\/21678","targetHints":{"allow":["GET"]}}],"collection":[{"href":"https:\/\/haberkuzey.com\/index.php\/wp-json\/wp\/v2\/posts"}],"about":[{"href":"https:\/\/haberkuzey.com\/index.php\/wp-json\/wp\/v2\/types\/post"}],"author":[{"embeddable":true,"href":"https:\/\/haberkuzey.com\/index.php\/wp-json\/wp\/v2\/users\/1"}],"replies":[{"embeddable":true,"href":"https:\/\/haberkuzey.com\/index.php\/wp-json\/wp\/v2\/comments?post=21678"}],"version-history":[{"count":0,"href":"https:\/\/haberkuzey.com\/index.php\/wp-json\/wp\/v2\/posts\/21678\/revisions"}],"wp:featuredmedia":[{"embeddable":true,"href":"https:\/\/haberkuzey.com\/index.php\/wp-json\/wp\/v2\/media\/21679"}],"wp:attachment":[{"href":"https:\/\/haberkuzey.com\/index.php\/wp-json\/wp\/v2\/media?parent=21678"}],"wp:term":[{"taxonomy":"category","embeddable":true,"href":"https:\/\/haberkuzey.com\/index.php\/wp-json\/wp\/v2\/categories?post=21678"},{"taxonomy":"post_tag","embeddable":true,"href":"https:\/\/haberkuzey.com\/index.php\/wp-json\/wp\/v2\/tags?post=21678"}],"curies":[{"name":"wp","href":"https:\/\/api.w.org\/{rel}","templated":true}]}}