{"id":21670,"date":"2025-04-11T09:32:54","date_gmt":"2025-04-11T06:32:54","guid":{"rendered":"https:\/\/haberkuzey.com\/index.php\/2025\/04\/11\/antalya-diplomasi-forumu-basliyor\/"},"modified":"2025-04-11T09:32:54","modified_gmt":"2025-04-11T06:32:54","slug":"antalya-diplomasi-forumu-basliyor","status":"publish","type":"post","link":"https:\/\/haberkuzey.com\/index.php\/2025\/04\/11\/antalya-diplomasi-forumu-basliyor\/","title":{"rendered":"Antalya Diplomasi Forumu ba\u015fl\u0131yor"},"content":{"rendered":"<div>\n<div class=\"mariselle-image-container center\">\n                                            <\/div>\n<p>D\u00fcnya liderleri ve h\u00fck\u00fcmet yetkilileri, 11-13 Nisan tarihlerinde \u201cAyr\u0131\u015fan D\u00fcnyada Diplomasiyi Sahiplenmek\u201d ana temas\u0131yla d\u00fczenlenecek 4. Antalya Diplomasi Forumu\u2019nda (ADF2025) bir araya gelecek.<\/p>\n<p> ADF2025, T\u00fcrkiye Cumhurba\u015fkan\u0131 Recep Tayyip Erdo\u011fan\u2019\u0131n himayesi ve T\u00fcrkiye D\u0131\u015fi\u015fleri Bakanl\u0131\u011f\u0131n\u0131n ev sahipli\u011finde bug\u00fcn ba\u015fl\u0131yor.<\/p>\n<p>\u201cAyr\u0131\u015fan D\u00fcnyada Diplomasiyi Sahiplenmek\u201d ana temas\u0131yla d\u00fczenlenen forumun a\u00e7\u0131l\u0131\u015f konu\u015fmas\u0131n\u0131 Cumhurba\u015fkan\u0131 Erdo\u011fan yapacak.<\/p>\n<p>ADF2025\u2019e 20\u2019yi a\u015fk\u0131n devlet ve h\u00fck\u00fcmet ba\u015fkan\u0131, 50\u2019den fazlas\u0131 d\u0131\u015fi\u015fleri bakan\u0131 olmak \u00fczere 70\u2019i a\u015fk\u0131n bakan ve yakla\u015f\u0131k 60 \u00fcst d\u00fczey uluslararas\u0131 kurulu\u015f temsilcisinin yan\u0131 s\u0131ra aralar\u0131nda \u00f6\u011frencilerin de bulundu\u011fu, 4 bini a\u015fk\u0131n konu\u011fun kat\u0131lmas\u0131 bekleniyor.<\/p>\n<p>Forumda muhtelif formatlarda d\u00fczenlenecek 50\u2019yi a\u015fk\u0131n oturumda, Orta Do\u011fu\u2019dan Asya Pasifik\u2019e, Afrika\u2019dan Latin Amerika\u2019ya uzanan \u00e7e\u015fitli co\u011frafyalar\u0131 ilgilendiren konular ile iklim de\u011fi\u015fikli\u011fi, ter\u00f6rizmle m\u00fccadele, insani yard\u0131m, dijitalle\u015fme, g\u0131da g\u00fcvenli\u011fi ve yapay zeka dahil olmak \u00fczere, k\u00fcresel g\u00fcndemin \u00f6ne \u00e7\u0131kan ba\u015fl\u0131klar\u0131 ele al\u0131nacak.<\/p>\n<p>ADF2025\u2019teki faaliyetler, Antalya Diplomasi Forumu resmi internet sitesi ve sosyal medya hesaplar\u0131ndan e\u015f zamanl\u0131 olarak izlenebilecek, ayr\u0131ca bir\u00e7ok oturum TRT arac\u0131l\u0131\u011f\u0131yla canl\u0131 yay\u0131nlanacak.<\/p>\n<p>T\u00fcrkiye D\u0131\u015fi\u015fleri Bakan\u0131 Hakan Fidan\u2019\u0131n, ADF2025 kapsam\u0131nda, \u0130slam \u0130\u015fbirli\u011fi Te\u015fkilat\u0131-Arap Birli\u011fi Gazze Temas Grubu Toplant\u0131s\u0131 ve T\u00fcrkiye-Bosna Hersek-H\u0131rvatistan \u00dc\u00e7l\u00fc Dan\u0131\u015fma Mekanizmas\u0131 D\u0131\u015fi\u015fleri Bakanlar\u0131 Toplant\u0131s\u0131\u2019n\u0131n yan\u0131 s\u0131ra T\u00fcrkiye-Irak Y\u00fcksek D\u00fczeyli G\u00fcvenlik Mekanizmas\u0131 Toplant\u0131s\u0131\u2019na kat\u0131lmas\u0131 \u00f6ng\u00f6r\u00fcl\u00fcyor.<\/p>\n<p>Foruma Cumhurba\u015fkan\u0131 Ersin Tatar,  Ba\u015fbakan \u00dcnal \u00dcstel, D\u0131\u015fi\u015fleri Bakan\u0131 Tahsin Ertu\u011frulo\u011flu, Ba\u015fbakan Yard\u0131mc\u0131s\u0131 Turizm K\u00fclt\u00fcr Gen\u00e7lik ve \u00c7evre Bakan\u0131 Fikri Atao\u011flu, Bay\u0131nd\u0131rl\u0131k ve Ula\u015ft\u0131rma Bakan\u0131 Erhan Ar\u0131kl\u0131 da kat\u0131l\u0131yor<\/p>\n<\/p><\/div>\n<p><script async\n                    defer\n                    crossorigin=\"anonymous\"\n                    src=\"https:\/\/connect.facebook.net\/tr_TR\/sdk.js#xfbml=1&#038;version=v3.3\"\n            ><\/script><\/p>\n","protected":false},"excerpt":{"rendered":"<p>D\u00fcnya liderleri ve h\u00fck\u00fcmet yetkilileri, 11-13 Nisan tarihlerinde \u201cAyr\u0131\u015fan D\u00fcnyada Diplomasiyi Sahiplenmek\u201d ana temas\u0131yla d\u00fczenlenecek 4. Antalya Diplomasi Forumu\u2019nda (ADF2025) bir araya gelecek. ADF2025, T\u00fcrkiye Cumhurba\u015fkan\u0131 Recep Tayyip Erdo\u011fan\u2019\u0131n himayesi ve T\u00fcrkiye D\u0131\u015fi\u015fleri Bakanl\u0131\u011f\u0131n\u0131n ev sahipli\u011finde bug\u00fcn ba\u015fl\u0131yor. \u201cAyr\u0131\u015fan D\u00fcnyada Diplomasiyi Sahiplenmek\u201d ana temas\u0131yla d\u00fczenlenen forumun a\u00e7\u0131l\u0131\u015f konu\u015fmas\u0131n\u0131 Cumhurba\u015fkan\u0131 Erdo\u011fan yapacak. ADF2025\u2019e 20\u2019yi a\u015fk\u0131n devlet [&hellip;]<\/p>\n","protected":false},"author":1,"featured_media":21671,"comment_status":"open","ping_status":"open","sticky":false,"template":"","format":"standard","meta":{"jnews-multi-image_gallery":[],"jnews_single_post":[],"jnews_primary_category":[],"footnotes":""},"categories":[2],"tags":[],"class_list":["post-21670","post","type-post","status-publish","format-standard","has-post-thumbnail","hentry","category-dunya"],"yoast_head":"<!-- This site is optimized with the Yoast SEO plugin v27.5 - https:\/\/yoast.com\/product\/yoast-seo-wordpress\/ -->\n<title>Antalya Diplomasi Forumu ba\u015fl\u0131yor - Haber Kuzey<\/title>\n<meta name=\"robots\" content=\"index, follow, max-snippet:-1, max-image-preview:large, max-video-preview:-1\" \/>\n<link rel=\"canonical\" href=\"https:\/\/haberkuzey.com\/index.php\/2025\/04\/11\/antalya-diplomasi-forumu-basliyor\/\" \/>\n<meta property=\"og:locale\" content=\"tr_TR\" \/>\n<meta property=\"og:type\" content=\"article\" \/>\n<meta property=\"og:title\" content=\"Antalya Diplomasi Forumu ba\u015fl\u0131yor - Haber Kuzey\" \/>\n<meta property=\"og:description\" content=\"D\u00fcnya liderleri ve h\u00fck\u00fcmet yetkilileri, 11-13 Nisan tarihlerinde \u201cAyr\u0131\u015fan D\u00fcnyada Diplomasiyi Sahiplenmek\u201d ana temas\u0131yla d\u00fczenlenecek 4. Antalya Diplomasi Forumu\u2019nda (ADF2025) bir araya gelecek. ADF2025, T\u00fcrkiye Cumhurba\u015fkan\u0131 Recep Tayyip Erdo\u011fan\u2019\u0131n himayesi ve T\u00fcrkiye D\u0131\u015fi\u015fleri Bakanl\u0131\u011f\u0131n\u0131n ev sahipli\u011finde bug\u00fcn ba\u015fl\u0131yor. \u201cAyr\u0131\u015fan D\u00fcnyada Diplomasiyi Sahiplenmek\u201d ana temas\u0131yla d\u00fczenlenen forumun a\u00e7\u0131l\u0131\u015f konu\u015fmas\u0131n\u0131 Cumhurba\u015fkan\u0131 Erdo\u011fan yapacak. ADF2025\u2019e 20\u2019yi a\u015fk\u0131n devlet [&hellip;]\" \/>\n<meta property=\"og:url\" content=\"https:\/\/haberkuzey.com\/index.php\/2025\/04\/11\/antalya-diplomasi-forumu-basliyor\/\" \/>\n<meta property=\"og:site_name\" content=\"Haber Kuzey\" \/>\n<meta property=\"article:published_time\" content=\"2025-04-11T06:32:54+00:00\" \/>\n<meta property=\"og:image\" content=\"https:\/\/brtk.net\/wp-content\/uploads\/2025\/04\/11\/diplomasi.jpg?ver=c2ea92369d87b2fb1ec08761024531e5\" \/>\n<meta name=\"author\" content=\"haberkuzey\" \/>\n<meta name=\"twitter:card\" content=\"summary_large_image\" \/>\n<meta name=\"twitter:label1\" content=\"Yazan:\" \/>\n\t<meta name=\"twitter:data1\" content=\"haberkuzey\" \/>\n\t<meta name=\"twitter:label2\" content=\"Tahmini okuma s\u00fcresi\" \/>\n\t<meta name=\"twitter:data2\" content=\"2 dakika\" \/>\n<script type=\"application\/ld+json\" class=\"yoast-schema-graph\">{\"@context\":\"https:\\\/\\\/schema.org\",\"@graph\":[{\"@type\":\"Article\",\"@id\":\"https:\\\/\\\/haberkuzey.com\\\/index.php\\\/2025\\\/04\\\/11\\\/antalya-diplomasi-forumu-basliyor\\\/#article\",\"isPartOf\":{\"@id\":\"https:\\\/\\\/haberkuzey.com\\\/index.php\\\/2025\\\/04\\\/11\\\/antalya-diplomasi-forumu-basliyor\\\/\"},\"author\":{\"name\":\"haberkuzey\",\"@id\":\"https:\\\/\\\/haberkuzey.com\\\/#\\\/schema\\\/person\\\/3372109ec735f9333f4fa47ebb9605ca\"},\"headline\":\"Antalya Diplomasi Forumu ba\u015fl\u0131yor\",\"datePublished\":\"2025-04-11T06:32:54+00:00\",\"mainEntityOfPage\":{\"@id\":\"https:\\\/\\\/haberkuzey.com\\\/index.php\\\/2025\\\/04\\\/11\\\/antalya-diplomasi-forumu-basliyor\\\/\"},\"wordCount\":349,\"commentCount\":0,\"image\":{\"@id\":\"https:\\\/\\\/haberkuzey.com\\\/index.php\\\/2025\\\/04\\\/11\\\/antalya-diplomasi-forumu-basliyor\\\/#primaryimage\"},\"thumbnailUrl\":\"https:\\\/\\\/haberkuzey.com\\\/wp-content\\\/uploads\\\/2025\\\/04\\\/diplomasi.jpg\",\"articleSection\":[\"D\u00fcnya\"],\"inLanguage\":\"tr\",\"potentialAction\":[{\"@type\":\"CommentAction\",\"name\":\"Comment\",\"target\":[\"https:\\\/\\\/haberkuzey.com\\\/index.php\\\/2025\\\/04\\\/11\\\/antalya-diplomasi-forumu-basliyor\\\/#respond\"]}]},{\"@type\":\"WebPage\",\"@id\":\"https:\\\/\\\/haberkuzey.com\\\/index.php\\\/2025\\\/04\\\/11\\\/antalya-diplomasi-forumu-basliyor\\\/\",\"url\":\"https:\\\/\\\/haberkuzey.com\\\/index.php\\\/2025\\\/04\\\/11\\\/antalya-diplomasi-forumu-basliyor\\\/\",\"name\":\"Antalya Diplomasi Forumu ba\u015fl\u0131yor - Haber Kuzey\",\"isPartOf\":{\"@id\":\"https:\\\/\\\/haberkuzey.com\\\/#website\"},\"primaryImageOfPage\":{\"@id\":\"https:\\\/\\\/haberkuzey.com\\\/index.php\\\/2025\\\/04\\\/11\\\/antalya-diplomasi-forumu-basliyor\\\/#primaryimage\"},\"image\":{\"@id\":\"https:\\\/\\\/haberkuzey.com\\\/index.php\\\/2025\\\/04\\\/11\\\/antalya-diplomasi-forumu-basliyor\\\/#primaryimage\"},\"thumbnailUrl\":\"https:\\\/\\\/haberkuzey.com\\\/wp-content\\\/uploads\\\/2025\\\/04\\\/diplomasi.jpg\",\"datePublished\":\"2025-04-11T06:32:54+00:00\",\"author\":{\"@id\":\"https:\\\/\\\/haberkuzey.com\\\/#\\\/schema\\\/person\\\/3372109ec735f9333f4fa47ebb9605ca\"},\"breadcrumb\":{\"@id\":\"https:\\\/\\\/haberkuzey.com\\\/index.php\\\/2025\\\/04\\\/11\\\/antalya-diplomasi-forumu-basliyor\\\/#breadcrumb\"},\"inLanguage\":\"tr\",\"potentialAction\":[{\"@type\":\"ReadAction\",\"target\":[\"https:\\\/\\\/haberkuzey.com\\\/index.php\\\/2025\\\/04\\\/11\\\/antalya-diplomasi-forumu-basliyor\\\/\"]}]},{\"@type\":\"ImageObject\",\"inLanguage\":\"tr\",\"@id\":\"https:\\\/\\\/haberkuzey.com\\\/index.php\\\/2025\\\/04\\\/11\\\/antalya-diplomasi-forumu-basliyor\\\/#primaryimage\",\"url\":\"https:\\\/\\\/haberkuzey.com\\\/wp-content\\\/uploads\\\/2025\\\/04\\\/diplomasi.jpg\",\"contentUrl\":\"https:\\\/\\\/haberkuzey.com\\\/wp-content\\\/uploads\\\/2025\\\/04\\\/diplomasi.jpg\",\"width\":1279,\"height\":851},{\"@type\":\"BreadcrumbList\",\"@id\":\"https:\\\/\\\/haberkuzey.com\\\/index.php\\\/2025\\\/04\\\/11\\\/antalya-diplomasi-forumu-basliyor\\\/#breadcrumb\",\"itemListElement\":[{\"@type\":\"ListItem\",\"position\":1,\"name\":\"Anasayfa\",\"item\":\"https:\\\/\\\/haberkuzey.com\\\/\"},{\"@type\":\"ListItem\",\"position\":2,\"name\":\"Antalya Diplomasi Forumu ba\u015fl\u0131yor\"}]},{\"@type\":\"WebSite\",\"@id\":\"https:\\\/\\\/haberkuzey.com\\\/#website\",\"url\":\"https:\\\/\\\/haberkuzey.com\\\/\",\"name\":\"Haber Kuzey\",\"description\":\"Do\u011fru Haberin Adresi\",\"potentialAction\":[{\"@type\":\"SearchAction\",\"target\":{\"@type\":\"EntryPoint\",\"urlTemplate\":\"https:\\\/\\\/haberkuzey.com\\\/?s={search_term_string}\"},\"query-input\":{\"@type\":\"PropertyValueSpecification\",\"valueRequired\":true,\"valueName\":\"search_term_string\"}}],\"inLanguage\":\"tr\"},{\"@type\":\"Person\",\"@id\":\"https:\\\/\\\/haberkuzey.com\\\/#\\\/schema\\\/person\\\/3372109ec735f9333f4fa47ebb9605ca\",\"name\":\"haberkuzey\",\"image\":{\"@type\":\"ImageObject\",\"inLanguage\":\"tr\",\"@id\":\"https:\\\/\\\/secure.gravatar.com\\\/avatar\\\/f5fc875574b1575324358c3b9e6a32b8227aa5b74f3fa22e3cadb63e26fcc39c?s=96&d=mm&r=g\",\"url\":\"https:\\\/\\\/secure.gravatar.com\\\/avatar\\\/f5fc875574b1575324358c3b9e6a32b8227aa5b74f3fa22e3cadb63e26fcc39c?s=96&d=mm&r=g\",\"contentUrl\":\"https:\\\/\\\/secure.gravatar.com\\\/avatar\\\/f5fc875574b1575324358c3b9e6a32b8227aa5b74f3fa22e3cadb63e26fcc39c?s=96&d=mm&r=g\",\"caption\":\"haberkuzey\"},\"sameAs\":[\"https:\\\/\\\/haberkuzey.com\"],\"url\":\"https:\\\/\\\/haberkuzey.com\\\/index.php\\\/author\\\/haberkuzey\\\/\"}]}<\/script>\n<!-- \/ Yoast SEO plugin. -->","yoast_head_json":{"title":"Antalya Diplomasi Forumu ba\u015fl\u0131yor - Haber Kuzey","robots":{"index":"index","follow":"follow","max-snippet":"max-snippet:-1","max-image-preview":"max-image-preview:large","max-video-preview":"max-video-preview:-1"},"canonical":"https:\/\/haberkuzey.com\/index.php\/2025\/04\/11\/antalya-diplomasi-forumu-basliyor\/","og_locale":"tr_TR","og_type":"article","og_title":"Antalya Diplomasi Forumu ba\u015fl\u0131yor - Haber Kuzey","og_description":"D\u00fcnya liderleri ve h\u00fck\u00fcmet yetkilileri, 11-13 Nisan tarihlerinde \u201cAyr\u0131\u015fan D\u00fcnyada Diplomasiyi Sahiplenmek\u201d ana temas\u0131yla d\u00fczenlenecek 4. Antalya Diplomasi Forumu\u2019nda (ADF2025) bir araya gelecek. ADF2025, T\u00fcrkiye Cumhurba\u015fkan\u0131 Recep Tayyip Erdo\u011fan\u2019\u0131n himayesi ve T\u00fcrkiye D\u0131\u015fi\u015fleri Bakanl\u0131\u011f\u0131n\u0131n ev sahipli\u011finde bug\u00fcn ba\u015fl\u0131yor. \u201cAyr\u0131\u015fan D\u00fcnyada Diplomasiyi Sahiplenmek\u201d ana temas\u0131yla d\u00fczenlenen forumun a\u00e7\u0131l\u0131\u015f konu\u015fmas\u0131n\u0131 Cumhurba\u015fkan\u0131 Erdo\u011fan yapacak. ADF2025\u2019e 20\u2019yi a\u015fk\u0131n devlet [&hellip;]","og_url":"https:\/\/haberkuzey.com\/index.php\/2025\/04\/11\/antalya-diplomasi-forumu-basliyor\/","og_site_name":"Haber Kuzey","article_published_time":"2025-04-11T06:32:54+00:00","og_image":[{"url":"https:\/\/brtk.net\/wp-content\/uploads\/2025\/04\/11\/diplomasi.jpg?ver=c2ea92369d87b2fb1ec08761024531e5","type":"","width":"","height":""}],"author":"haberkuzey","twitter_card":"summary_large_image","twitter_misc":{"Yazan:":"haberkuzey","Tahmini okuma s\u00fcresi":"2 dakika"},"schema":{"@context":"https:\/\/schema.org","@graph":[{"@type":"Article","@id":"https:\/\/haberkuzey.com\/index.php\/2025\/04\/11\/antalya-diplomasi-forumu-basliyor\/#article","isPartOf":{"@id":"https:\/\/haberkuzey.com\/index.php\/2025\/04\/11\/antalya-diplomasi-forumu-basliyor\/"},"author":{"name":"haberkuzey","@id":"https:\/\/haberkuzey.com\/#\/schema\/person\/3372109ec735f9333f4fa47ebb9605ca"},"headline":"Antalya Diplomasi Forumu ba\u015fl\u0131yor","datePublished":"2025-04-11T06:32:54+00:00","mainEntityOfPage":{"@id":"https:\/\/haberkuzey.com\/index.php\/2025\/04\/11\/antalya-diplomasi-forumu-basliyor\/"},"wordCount":349,"commentCount":0,"image":{"@id":"https:\/\/haberkuzey.com\/index.php\/2025\/04\/11\/antalya-diplomasi-forumu-basliyor\/#primaryimage"},"thumbnailUrl":"https:\/\/haberkuzey.com\/wp-content\/uploads\/2025\/04\/diplomasi.jpg","articleSection":["D\u00fcnya"],"inLanguage":"tr","potentialAction":[{"@type":"CommentAction","name":"Comment","target":["https:\/\/haberkuzey.com\/index.php\/2025\/04\/11\/antalya-diplomasi-forumu-basliyor\/#respond"]}]},{"@type":"WebPage","@id":"https:\/\/haberkuzey.com\/index.php\/2025\/04\/11\/antalya-diplomasi-forumu-basliyor\/","url":"https:\/\/haberkuzey.com\/index.php\/2025\/04\/11\/antalya-diplomasi-forumu-basliyor\/","name":"Antalya Diplomasi Forumu ba\u015fl\u0131yor - Haber Kuzey","isPartOf":{"@id":"https:\/\/haberkuzey.com\/#website"},"primaryImageOfPage":{"@id":"https:\/\/haberkuzey.com\/index.php\/2025\/04\/11\/antalya-diplomasi-forumu-basliyor\/#primaryimage"},"image":{"@id":"https:\/\/haberkuzey.com\/index.php\/2025\/04\/11\/antalya-diplomasi-forumu-basliyor\/#primaryimage"},"thumbnailUrl":"https:\/\/haberkuzey.com\/wp-content\/uploads\/2025\/04\/diplomasi.jpg","datePublished":"2025-04-11T06:32:54+00:00","author":{"@id":"https:\/\/haberkuzey.com\/#\/schema\/person\/3372109ec735f9333f4fa47ebb9605ca"},"breadcrumb":{"@id":"https:\/\/haberkuzey.com\/index.php\/2025\/04\/11\/antalya-diplomasi-forumu-basliyor\/#breadcrumb"},"inLanguage":"tr","potentialAction":[{"@type":"ReadAction","target":["https:\/\/haberkuzey.com\/index.php\/2025\/04\/11\/antalya-diplomasi-forumu-basliyor\/"]}]},{"@type":"ImageObject","inLanguage":"tr","@id":"https:\/\/haberkuzey.com\/index.php\/2025\/04\/11\/antalya-diplomasi-forumu-basliyor\/#primaryimage","url":"https:\/\/haberkuzey.com\/wp-content\/uploads\/2025\/04\/diplomasi.jpg","contentUrl":"https:\/\/haberkuzey.com\/wp-content\/uploads\/2025\/04\/diplomasi.jpg","width":1279,"height":851},{"@type":"BreadcrumbList","@id":"https:\/\/haberkuzey.com\/index.php\/2025\/04\/11\/antalya-diplomasi-forumu-basliyor\/#breadcrumb","itemListElement":[{"@type":"ListItem","position":1,"name":"Anasayfa","item":"https:\/\/haberkuzey.com\/"},{"@type":"ListItem","position":2,"name":"Antalya Diplomasi Forumu ba\u015fl\u0131yor"}]},{"@type":"WebSite","@id":"https:\/\/haberkuzey.com\/#website","url":"https:\/\/haberkuzey.com\/","name":"Haber Kuzey","description":"Do\u011fru Haberin Adresi","potentialAction":[{"@type":"SearchAction","target":{"@type":"EntryPoint","urlTemplate":"https:\/\/haberkuzey.com\/?s={search_term_string}"},"query-input":{"@type":"PropertyValueSpecification","valueRequired":true,"valueName":"search_term_string"}}],"inLanguage":"tr"},{"@type":"Person","@id":"https:\/\/haberkuzey.com\/#\/schema\/person\/3372109ec735f9333f4fa47ebb9605ca","name":"haberkuzey","image":{"@type":"ImageObject","inLanguage":"tr","@id":"https:\/\/secure.gravatar.com\/avatar\/f5fc875574b1575324358c3b9e6a32b8227aa5b74f3fa22e3cadb63e26fcc39c?s=96&d=mm&r=g","url":"https:\/\/secure.gravatar.com\/avatar\/f5fc875574b1575324358c3b9e6a32b8227aa5b74f3fa22e3cadb63e26fcc39c?s=96&d=mm&r=g","contentUrl":"https:\/\/secure.gravatar.com\/avatar\/f5fc875574b1575324358c3b9e6a32b8227aa5b74f3fa22e3cadb63e26fcc39c?s=96&d=mm&r=g","caption":"haberkuzey"},"sameAs":["https:\/\/haberkuzey.com"],"url":"https:\/\/haberkuzey.com\/index.php\/author\/haberkuzey\/"}]}},"_links":{"self":[{"href":"https:\/\/haberkuzey.com\/index.php\/wp-json\/wp\/v2\/posts\/21670","targetHints":{"allow":["GET"]}}],"collection":[{"href":"https:\/\/haberkuzey.com\/index.php\/wp-json\/wp\/v2\/posts"}],"about":[{"href":"https:\/\/haberkuzey.com\/index.php\/wp-json\/wp\/v2\/types\/post"}],"author":[{"embeddable":true,"href":"https:\/\/haberkuzey.com\/index.php\/wp-json\/wp\/v2\/users\/1"}],"replies":[{"embeddable":true,"href":"https:\/\/haberkuzey.com\/index.php\/wp-json\/wp\/v2\/comments?post=21670"}],"version-history":[{"count":0,"href":"https:\/\/haberkuzey.com\/index.php\/wp-json\/wp\/v2\/posts\/21670\/revisions"}],"wp:featuredmedia":[{"embeddable":true,"href":"https:\/\/haberkuzey.com\/index.php\/wp-json\/wp\/v2\/media\/21671"}],"wp:attachment":[{"href":"https:\/\/haberkuzey.com\/index.php\/wp-json\/wp\/v2\/media?parent=21670"}],"wp:term":[{"taxonomy":"category","embeddable":true,"href":"https:\/\/haberkuzey.com\/index.php\/wp-json\/wp\/v2\/categories?post=21670"},{"taxonomy":"post_tag","embeddable":true,"href":"https:\/\/haberkuzey.com\/index.php\/wp-json\/wp\/v2\/tags?post=21670"}],"curies":[{"name":"wp","href":"https:\/\/api.w.org\/{rel}","templated":true}]}}