{"id":21668,"date":"2025-04-10T21:22:20","date_gmt":"2025-04-10T18:22:20","guid":{"rendered":"https:\/\/haberkuzey.com\/index.php\/2025\/04\/10\/tc-saglik-bakan-yardimcisi-kirbiyik-bu-projelerle-yeni-ve-nitelikli-saglik-hizmetini-kibrisli-vatandaslarimiza-sunmus-olacagiz\/"},"modified":"2025-04-10T21:22:20","modified_gmt":"2025-04-10T18:22:20","slug":"tc-saglik-bakan-yardimcisi-kirbiyik-bu-projelerle-yeni-ve-nitelikli-saglik-hizmetini-kibrisli-vatandaslarimiza-sunmus-olacagiz","status":"publish","type":"post","link":"https:\/\/haberkuzey.com\/index.php\/2025\/04\/10\/tc-saglik-bakan-yardimcisi-kirbiyik-bu-projelerle-yeni-ve-nitelikli-saglik-hizmetini-kibrisli-vatandaslarimiza-sunmus-olacagiz\/","title":{"rendered":"TC  Sa\u011fl\u0131k Bakan Yard\u0131mc\u0131s\u0131 K\u0131rb\u0131y\u0131k: \u201cBu projelerle, yeni ve nitelikli sa\u011fl\u0131k hizmetini K\u0131br\u0131sl\u0131 vatanda\u015flar\u0131m\u0131za sunmu\u015f olaca\u011f\u0131z\u201d"},"content":{"rendered":"<div>\n<p>T\u00fcrkiye Sa\u011fl\u0131k Bakan Yard\u0131mc\u0131s\u0131 H\u00fcseyin K\u00fcr\u015fat K\u0131rb\u0131y\u0131k, 1. Etab\u0131na bu y\u0131l ba\u015flanacak Lefko\u015fa Yeni Devlet Hastanesi tamamland\u0131\u011f\u0131nda Kuzey K\u0131br\u0131s T\u00fcrk Cumhuriyeti\u2019nde kamu hastanelerinin toplam yatak kapasitesinin 1.850\u2019ye ula\u015faca\u011f\u0131n\u0131 s\u00f6yledi.<\/p>\n<p>T\u00fcrkiye Sa\u011fl\u0131k Bakan Yard\u0131mc\u0131s\u0131 H\u00fcseyin K\u00fcr\u015fat K\u0131rb\u0131y\u0131k, yeni Cumhurba\u015fkanl\u0131\u011f\u0131 Yerle\u015fkesi\u2019ndeki Lefko\u015fa Yeni Devlet Hastanesi tan\u0131t\u0131m toplant\u0131s\u0131nda, projeye ili\u015fkin sunum yapt\u0131.<\/p>\n<p>K\u0131rb\u0131y\u0131k, \u201cLefko\u015fa Devlet Hastanesi Yap\u0131m\u0131 ve Dr. Burhan Nalbanto\u011flu Sa\u011fl\u0131k Kamp\u00fcs\u00fc Renevasyonu\u201d ba\u015fl\u0131kl\u0131 sunumunda, T\u00fcrkiye Cumhuriyeti Sa\u011fl\u0131k Bakanl\u0131\u011f\u0131 ile KKTC Sa\u011fl\u0131k Bakanl\u0131\u011f\u0131 aras\u0131nda son d\u00f6nemde yap\u0131lan i\u015f birlikleri, KKTC\u2019deki temel sa\u011fl\u0131k istatistikleri ve iki bakanl\u0131\u011f\u0131n ortak hedefleri hakk\u0131nda bilgiler payla\u015ft\u0131. Lansmanda projeye ili\u015fkin g\u00f6rseller de payla\u015f\u0131ld\u0131.<\/p>\n<p>K\u0131rb\u0131y\u0131k, T\u00fcrkiye ve KKTC Sa\u011fl\u0131k Bakanl\u0131klar\u0131 aras\u0131nda son d\u00f6nemdeki giderek artan i\u015f\u00a0birlikleri kapsam\u0131nda yap\u0131lanlar aras\u0131nda, KKTC\u2019de 100 yatakl\u0131 pandemi hastanesi ile \u00e7e\u015fitli t\u0131bbi\u00a0cihaz ile ila\u00e7 ve a\u015f\u0131 tedariklerini s\u0131ralad\u0131.<\/p>\n<p>KKTC\u2019deki temel sa\u011fl\u0131k istatistiklerine ili\u015fkin bilgi de veren K\u0131rb\u0131y\u0131k, KKTC\u2019de yedi kamu, bir \u00fcniversite ve dokuz \u00f6zel hastane oldu\u011funu, kamuda 1.150 yatak, \u00fcniversitede 209 ve \u00f6zelde ise 266 yatak olmak \u00fczere toplam 1.625 yatak bulundu\u011fu belirtti.<\/p>\n<p>K\u0131rb\u0131y\u0131k, KKTC\u2019de hali haz\u0131rda 10 bin ki\u015fiye d\u00fc\u015fen yatak say\u0131s\u0131n\u0131n kamuda 24, toplamda 34; nitelikli yatak oran\u0131n\u0131n y\u00fczde 20 civar\u0131nda oldu\u011funu ve toplam yatak kapasitesinin y\u00fczde 12\u2019sinin yo\u011fun bak\u0131m yataklar\u0131ndan olu\u015ftu\u011funu s\u00f6yledi.<\/p>\n<p>T\u00fcrkiye ve KKTC Sa\u011fl\u0131k Bakanl\u0131klar\u0131n\u0131n ortak hedefine ili\u015fkin olarak K\u0131rb\u0131y\u0131k, KKTC\u2019nin geli\u015fme ve n\u00fcfus art\u0131\u015f h\u0131z\u0131, turizm potansiyeli, \u00fcniversite kapasitesi gibi unsurlar dikkate al\u0131narak \u00f6n\u00fcm\u00fczdeki d\u00f6nem sa\u011fl\u0131k altyap\u0131 planlamas\u0131n\u0131n 700 bin ki\u015fiye g\u00f6re ger\u00e7ekle\u015ftirildi\u011fini belirtti.<\/p>\n<p>K\u0131rb\u0131y\u0131k bu kapsamda OECD\u2019nin temel baz ald\u0131\u011f\u0131 10 bin ki\u015fiye d\u00fc\u015fen yatak say\u0131s\u0131 projeksiyonun toplamda 42 oldu\u011funu, bu hedefe ula\u015fabilmek i\u00e7in KKTC\u2019de kamu yata\u011f\u0131n\u0131n 26\u2019ya ula\u015fmas\u0131 gerekti\u011finin g\u00f6r\u00fcld\u00fc\u011f\u00fcn\u00fc s\u00f6yleyerek, bu projeksiyona g\u00f6re KKTC\u2019de toplam 1.820 kamu yata\u011f\u0131 kapasitesine ula\u015f\u0131lmas\u0131 gerekti\u011fini s\u00f6yledi.<\/p>\n<p>K\u0131rb\u0131y\u0131k, bu \u00e7er\u00e7evede \u00f6n\u00fcm\u00fczdeki d\u00f6nemde yeni hastane yap\u0131m\u0131yla toplam yatak kapasitesinin art\u0131r\u0131lmas\u0131 ve nitelikli yatak oran\u0131n\u0131n y\u00fckseltilmesinin hedeflendi\u011fini kaydetti. K\u0131rb\u0131y\u0131k bunun yan\u0131 s\u0131ra Dr. Burhan Nalbanto\u011flu Sa\u011fl\u0131k Kamp\u00fcs\u00fc Renovasyonu Projesiyle toplam 456 yata\u011f\u0131n nitelikli yata\u011fa d\u00f6n\u00fc\u015ft\u00fcr\u00fclmesinin hedefledi\u011fini s\u00f6yledi.<\/p>\n<p>K\u0131rb\u0131y\u0131k, 1.Etab\u0131na bu y\u0131l ba\u015flanmas\u0131 planlanan Lefko\u015fa Devlet Hastanesi tamamland\u0131\u011f\u0131nda\u00a0 kamu hastanelerinin toplam yatak kapasitesinin 1.850\u2019ye ula\u015faca\u011f\u0131n\u0131 belirtti.<\/p>\n<p>\u0130ki etaptan olu\u015facak Lefko\u015fa Devlet Hastanesi\u2019nin toplam arasa alan\u0131n\u0131n 215.012 metrekare, oturum alan\u0131n\u0131n\u00a0 25,400 metrekare, kapal\u0131 alan\u0131n\u0131n 100.000 metrekare oldu\u011funu belirten K\u0131rb\u0131y\u0131k, yeni hastanenin yatak say\u0131s\u0131n\u0131n 640, yo\u011fun bak\u0131m yatak say\u0131s\u0131n\u0131n 220, poliklinik yatak say\u0131s\u0131n\u0131n 160 ve ameliyathane say\u0131s\u0131n\u0131n ise 24 olaca\u011f\u0131 kaydetti. K\u0131rb\u0131yk, yeni hastanede 840 ara\u00e7 kapasiteli otopark olaca\u011f\u0131 bilgisini de payla\u015ft\u0131. K\u0131rb\u0131y\u0131k, 1. Etapta yatak say\u0131s\u0131n\u0131n 320 olaca\u011f\u0131n\u0131 s\u00f6yledi.<\/p>\n<p>K\u0131rb\u0131y\u0131k,\u00a0Dr. Burhan Nalbanto\u011flu Sa\u011fl\u0131k Kamp\u00fcs\u00fc Renevasyonu sonras\u0131nda ise hastanenin b\u00fcnyesinde 456 yatak bar\u0131nd\u0131ran, a nitelikli sa\u011fl\u0131k hizmeti sunan bir sa\u011fl\u0131k kamp\u00fcs\u00fcne d\u00f6n\u00fc\u015ft\u00fcr\u00fclece\u011fini s\u00f6yledi.\u00a0K\u0131rb\u0131y\u0131k, bu \u00e7al\u0131\u015fmalar\u0131n yeni hastanenin 1. Etap \u00e7al\u0131\u015fmalar\u0131yla e\u015f zamanl\u0131 olarak y\u00fcr\u00fct\u00fclece\u011fini kaydetti.<\/p>\n<p>K\u0131rb\u0131y\u0131k, \u201cBu projelerle, yeni ve nitelikli sa\u011fl\u0131k hizmetini K\u0131br\u0131sl\u0131 vatanda\u015flar\u0131m\u0131za sunmu\u015f olaca\u011f\u0131z. \u015eimdiden hay\u0131rl\u0131 olmas\u0131n\u0131 temenni ederim. Bu hastanelerimizle uluslararas\u0131 standartlarda \u00f6rnek g\u00f6sterilebilecek, gurur duyulacak eserleri in\u015fallah en k\u0131sa s\u00fcrece hayata ge\u00e7irece\u011fiz\u201d dedi.<\/p>\n<p>TAK\/BRT<\/p>\n<\/div>\n<p><script async\n                    defer\n                    crossorigin=\"anonymous\"\n                    src=\"https:\/\/connect.facebook.net\/tr_TR\/sdk.js#xfbml=1&#038;version=v3.3\"\n            ><\/script><\/p>\n","protected":false},"excerpt":{"rendered":"<p>T\u00fcrkiye Sa\u011fl\u0131k Bakan Yard\u0131mc\u0131s\u0131 H\u00fcseyin K\u00fcr\u015fat K\u0131rb\u0131y\u0131k, 1. Etab\u0131na bu y\u0131l ba\u015flanacak Lefko\u015fa Yeni Devlet Hastanesi tamamland\u0131\u011f\u0131nda Kuzey K\u0131br\u0131s T\u00fcrk Cumhuriyeti\u2019nde kamu hastanelerinin toplam yatak kapasitesinin 1.850\u2019ye ula\u015faca\u011f\u0131n\u0131 s\u00f6yledi. T\u00fcrkiye Sa\u011fl\u0131k Bakan Yard\u0131mc\u0131s\u0131 H\u00fcseyin K\u00fcr\u015fat K\u0131rb\u0131y\u0131k, yeni Cumhurba\u015fkanl\u0131\u011f\u0131 Yerle\u015fkesi\u2019ndeki Lefko\u015fa Yeni Devlet Hastanesi tan\u0131t\u0131m toplant\u0131s\u0131nda, projeye ili\u015fkin sunum yapt\u0131. K\u0131rb\u0131y\u0131k, \u201cLefko\u015fa Devlet Hastanesi Yap\u0131m\u0131 ve [&hellip;]<\/p>\n","protected":false},"author":1,"featured_media":21669,"comment_status":"open","ping_status":"open","sticky":false,"template":"","format":"standard","meta":{"jnews-multi-image_gallery":[],"jnews_single_post":[],"jnews_primary_category":[],"footnotes":""},"categories":[2],"tags":[],"class_list":["post-21668","post","type-post","status-publish","format-standard","has-post-thumbnail","hentry","category-dunya"],"yoast_head":"<!-- This site is optimized with the Yoast SEO plugin v27.5 - https:\/\/yoast.com\/product\/yoast-seo-wordpress\/ -->\n<title>TC Sa\u011fl\u0131k Bakan Yard\u0131mc\u0131s\u0131 K\u0131rb\u0131y\u0131k: \u201cBu projelerle, yeni ve nitelikli sa\u011fl\u0131k hizmetini K\u0131br\u0131sl\u0131 vatanda\u015flar\u0131m\u0131za sunmu\u015f olaca\u011f\u0131z\u201d - Haber Kuzey<\/title>\n<meta name=\"robots\" content=\"index, follow, max-snippet:-1, max-image-preview:large, max-video-preview:-1\" \/>\n<link rel=\"canonical\" href=\"https:\/\/haberkuzey.com\/index.php\/2025\/04\/10\/tc-saglik-bakan-yardimcisi-kirbiyik-bu-projelerle-yeni-ve-nitelikli-saglik-hizmetini-kibrisli-vatandaslarimiza-sunmus-olacagiz\/\" \/>\n<meta property=\"og:locale\" content=\"tr_TR\" \/>\n<meta property=\"og:type\" content=\"article\" \/>\n<meta property=\"og:title\" content=\"TC Sa\u011fl\u0131k Bakan Yard\u0131mc\u0131s\u0131 K\u0131rb\u0131y\u0131k: \u201cBu projelerle, yeni ve nitelikli sa\u011fl\u0131k hizmetini K\u0131br\u0131sl\u0131 vatanda\u015flar\u0131m\u0131za sunmu\u015f olaca\u011f\u0131z\u201d - Haber Kuzey\" \/>\n<meta property=\"og:description\" content=\"T\u00fcrkiye Sa\u011fl\u0131k Bakan Yard\u0131mc\u0131s\u0131 H\u00fcseyin K\u00fcr\u015fat K\u0131rb\u0131y\u0131k, 1. Etab\u0131na bu y\u0131l ba\u015flanacak Lefko\u015fa Yeni Devlet Hastanesi tamamland\u0131\u011f\u0131nda Kuzey K\u0131br\u0131s T\u00fcrk Cumhuriyeti\u2019nde kamu hastanelerinin toplam yatak kapasitesinin 1.850\u2019ye ula\u015faca\u011f\u0131n\u0131 s\u00f6yledi. T\u00fcrkiye Sa\u011fl\u0131k Bakan Yard\u0131mc\u0131s\u0131 H\u00fcseyin K\u00fcr\u015fat K\u0131rb\u0131y\u0131k, yeni Cumhurba\u015fkanl\u0131\u011f\u0131 Yerle\u015fkesi\u2019ndeki Lefko\u015fa Yeni Devlet Hastanesi tan\u0131t\u0131m toplant\u0131s\u0131nda, projeye ili\u015fkin sunum yapt\u0131. K\u0131rb\u0131y\u0131k, \u201cLefko\u015fa Devlet Hastanesi Yap\u0131m\u0131 ve [&hellip;]\" \/>\n<meta property=\"og:url\" content=\"https:\/\/haberkuzey.com\/index.php\/2025\/04\/10\/tc-saglik-bakan-yardimcisi-kirbiyik-bu-projelerle-yeni-ve-nitelikli-saglik-hizmetini-kibrisli-vatandaslarimiza-sunmus-olacagiz\/\" \/>\n<meta property=\"og:site_name\" content=\"Haber Kuzey\" \/>\n<meta property=\"article:published_time\" content=\"2025-04-10T18:22:20+00:00\" \/>\n<meta name=\"author\" content=\"haberkuzey\" \/>\n<meta name=\"twitter:card\" content=\"summary_large_image\" \/>\n<meta name=\"twitter:label1\" content=\"Yazan:\" \/>\n\t<meta name=\"twitter:data1\" content=\"haberkuzey\" \/>\n\t<meta name=\"twitter:label2\" content=\"Tahmini okuma s\u00fcresi\" \/>\n\t<meta name=\"twitter:data2\" content=\"4 dakika\" \/>\n<script type=\"application\/ld+json\" class=\"yoast-schema-graph\">{\"@context\":\"https:\\\/\\\/schema.org\",\"@graph\":[{\"@type\":\"Article\",\"@id\":\"https:\\\/\\\/haberkuzey.com\\\/index.php\\\/2025\\\/04\\\/10\\\/tc-saglik-bakan-yardimcisi-kirbiyik-bu-projelerle-yeni-ve-nitelikli-saglik-hizmetini-kibrisli-vatandaslarimiza-sunmus-olacagiz\\\/#article\",\"isPartOf\":{\"@id\":\"https:\\\/\\\/haberkuzey.com\\\/index.php\\\/2025\\\/04\\\/10\\\/tc-saglik-bakan-yardimcisi-kirbiyik-bu-projelerle-yeni-ve-nitelikli-saglik-hizmetini-kibrisli-vatandaslarimiza-sunmus-olacagiz\\\/\"},\"author\":{\"name\":\"haberkuzey\",\"@id\":\"https:\\\/\\\/haberkuzey.com\\\/#\\\/schema\\\/person\\\/3372109ec735f9333f4fa47ebb9605ca\"},\"headline\":\"TC Sa\u011fl\u0131k Bakan Yard\u0131mc\u0131s\u0131 K\u0131rb\u0131y\u0131k: \u201cBu projelerle, yeni ve nitelikli sa\u011fl\u0131k hizmetini K\u0131br\u0131sl\u0131 vatanda\u015flar\u0131m\u0131za sunmu\u015f olaca\u011f\u0131z\u201d\",\"datePublished\":\"2025-04-10T18:22:20+00:00\",\"mainEntityOfPage\":{\"@id\":\"https:\\\/\\\/haberkuzey.com\\\/index.php\\\/2025\\\/04\\\/10\\\/tc-saglik-bakan-yardimcisi-kirbiyik-bu-projelerle-yeni-ve-nitelikli-saglik-hizmetini-kibrisli-vatandaslarimiza-sunmus-olacagiz\\\/\"},\"wordCount\":766,\"commentCount\":0,\"image\":{\"@id\":\"https:\\\/\\\/haberkuzey.com\\\/index.php\\\/2025\\\/04\\\/10\\\/tc-saglik-bakan-yardimcisi-kirbiyik-bu-projelerle-yeni-ve-nitelikli-saglik-hizmetini-kibrisli-vatandaslarimiza-sunmus-olacagiz\\\/#primaryimage\"},\"thumbnailUrl\":\"https:\\\/\\\/haberkuzey.com\\\/wp-content\\\/uploads\\\/2025\\\/04\\\/1744304845858HASTANE-LANSMAN-TIM-3-scaled.jpeg\",\"articleSection\":[\"D\u00fcnya\"],\"inLanguage\":\"tr\",\"potentialAction\":[{\"@type\":\"CommentAction\",\"name\":\"Comment\",\"target\":[\"https:\\\/\\\/haberkuzey.com\\\/index.php\\\/2025\\\/04\\\/10\\\/tc-saglik-bakan-yardimcisi-kirbiyik-bu-projelerle-yeni-ve-nitelikli-saglik-hizmetini-kibrisli-vatandaslarimiza-sunmus-olacagiz\\\/#respond\"]}]},{\"@type\":\"WebPage\",\"@id\":\"https:\\\/\\\/haberkuzey.com\\\/index.php\\\/2025\\\/04\\\/10\\\/tc-saglik-bakan-yardimcisi-kirbiyik-bu-projelerle-yeni-ve-nitelikli-saglik-hizmetini-kibrisli-vatandaslarimiza-sunmus-olacagiz\\\/\",\"url\":\"https:\\\/\\\/haberkuzey.com\\\/index.php\\\/2025\\\/04\\\/10\\\/tc-saglik-bakan-yardimcisi-kirbiyik-bu-projelerle-yeni-ve-nitelikli-saglik-hizmetini-kibrisli-vatandaslarimiza-sunmus-olacagiz\\\/\",\"name\":\"TC Sa\u011fl\u0131k Bakan Yard\u0131mc\u0131s\u0131 K\u0131rb\u0131y\u0131k: \u201cBu projelerle, yeni ve nitelikli sa\u011fl\u0131k hizmetini K\u0131br\u0131sl\u0131 vatanda\u015flar\u0131m\u0131za sunmu\u015f olaca\u011f\u0131z\u201d - Haber Kuzey\",\"isPartOf\":{\"@id\":\"https:\\\/\\\/haberkuzey.com\\\/#website\"},\"primaryImageOfPage\":{\"@id\":\"https:\\\/\\\/haberkuzey.com\\\/index.php\\\/2025\\\/04\\\/10\\\/tc-saglik-bakan-yardimcisi-kirbiyik-bu-projelerle-yeni-ve-nitelikli-saglik-hizmetini-kibrisli-vatandaslarimiza-sunmus-olacagiz\\\/#primaryimage\"},\"image\":{\"@id\":\"https:\\\/\\\/haberkuzey.com\\\/index.php\\\/2025\\\/04\\\/10\\\/tc-saglik-bakan-yardimcisi-kirbiyik-bu-projelerle-yeni-ve-nitelikli-saglik-hizmetini-kibrisli-vatandaslarimiza-sunmus-olacagiz\\\/#primaryimage\"},\"thumbnailUrl\":\"https:\\\/\\\/haberkuzey.com\\\/wp-content\\\/uploads\\\/2025\\\/04\\\/1744304845858HASTANE-LANSMAN-TIM-3-scaled.jpeg\",\"datePublished\":\"2025-04-10T18:22:20+00:00\",\"author\":{\"@id\":\"https:\\\/\\\/haberkuzey.com\\\/#\\\/schema\\\/person\\\/3372109ec735f9333f4fa47ebb9605ca\"},\"breadcrumb\":{\"@id\":\"https:\\\/\\\/haberkuzey.com\\\/index.php\\\/2025\\\/04\\\/10\\\/tc-saglik-bakan-yardimcisi-kirbiyik-bu-projelerle-yeni-ve-nitelikli-saglik-hizmetini-kibrisli-vatandaslarimiza-sunmus-olacagiz\\\/#breadcrumb\"},\"inLanguage\":\"tr\",\"potentialAction\":[{\"@type\":\"ReadAction\",\"target\":[\"https:\\\/\\\/haberkuzey.com\\\/index.php\\\/2025\\\/04\\\/10\\\/tc-saglik-bakan-yardimcisi-kirbiyik-bu-projelerle-yeni-ve-nitelikli-saglik-hizmetini-kibrisli-vatandaslarimiza-sunmus-olacagiz\\\/\"]}]},{\"@type\":\"ImageObject\",\"inLanguage\":\"tr\",\"@id\":\"https:\\\/\\\/haberkuzey.com\\\/index.php\\\/2025\\\/04\\\/10\\\/tc-saglik-bakan-yardimcisi-kirbiyik-bu-projelerle-yeni-ve-nitelikli-saglik-hizmetini-kibrisli-vatandaslarimiza-sunmus-olacagiz\\\/#primaryimage\",\"url\":\"https:\\\/\\\/haberkuzey.com\\\/wp-content\\\/uploads\\\/2025\\\/04\\\/1744304845858HASTANE-LANSMAN-TIM-3-scaled.jpeg\",\"contentUrl\":\"https:\\\/\\\/haberkuzey.com\\\/wp-content\\\/uploads\\\/2025\\\/04\\\/1744304845858HASTANE-LANSMAN-TIM-3-scaled.jpeg\",\"width\":2560,\"height\":1709},{\"@type\":\"BreadcrumbList\",\"@id\":\"https:\\\/\\\/haberkuzey.com\\\/index.php\\\/2025\\\/04\\\/10\\\/tc-saglik-bakan-yardimcisi-kirbiyik-bu-projelerle-yeni-ve-nitelikli-saglik-hizmetini-kibrisli-vatandaslarimiza-sunmus-olacagiz\\\/#breadcrumb\",\"itemListElement\":[{\"@type\":\"ListItem\",\"position\":1,\"name\":\"Anasayfa\",\"item\":\"https:\\\/\\\/haberkuzey.com\\\/\"},{\"@type\":\"ListItem\",\"position\":2,\"name\":\"TC Sa\u011fl\u0131k Bakan Yard\u0131mc\u0131s\u0131 K\u0131rb\u0131y\u0131k: \u201cBu projelerle, yeni ve nitelikli sa\u011fl\u0131k hizmetini K\u0131br\u0131sl\u0131 vatanda\u015flar\u0131m\u0131za sunmu\u015f olaca\u011f\u0131z\u201d\"}]},{\"@type\":\"WebSite\",\"@id\":\"https:\\\/\\\/haberkuzey.com\\\/#website\",\"url\":\"https:\\\/\\\/haberkuzey.com\\\/\",\"name\":\"Haber Kuzey\",\"description\":\"Do\u011fru Haberin Adresi\",\"potentialAction\":[{\"@type\":\"SearchAction\",\"target\":{\"@type\":\"EntryPoint\",\"urlTemplate\":\"https:\\\/\\\/haberkuzey.com\\\/?s={search_term_string}\"},\"query-input\":{\"@type\":\"PropertyValueSpecification\",\"valueRequired\":true,\"valueName\":\"search_term_string\"}}],\"inLanguage\":\"tr\"},{\"@type\":\"Person\",\"@id\":\"https:\\\/\\\/haberkuzey.com\\\/#\\\/schema\\\/person\\\/3372109ec735f9333f4fa47ebb9605ca\",\"name\":\"haberkuzey\",\"image\":{\"@type\":\"ImageObject\",\"inLanguage\":\"tr\",\"@id\":\"https:\\\/\\\/secure.gravatar.com\\\/avatar\\\/f5fc875574b1575324358c3b9e6a32b8227aa5b74f3fa22e3cadb63e26fcc39c?s=96&d=mm&r=g\",\"url\":\"https:\\\/\\\/secure.gravatar.com\\\/avatar\\\/f5fc875574b1575324358c3b9e6a32b8227aa5b74f3fa22e3cadb63e26fcc39c?s=96&d=mm&r=g\",\"contentUrl\":\"https:\\\/\\\/secure.gravatar.com\\\/avatar\\\/f5fc875574b1575324358c3b9e6a32b8227aa5b74f3fa22e3cadb63e26fcc39c?s=96&d=mm&r=g\",\"caption\":\"haberkuzey\"},\"sameAs\":[\"https:\\\/\\\/haberkuzey.com\"],\"url\":\"https:\\\/\\\/haberkuzey.com\\\/index.php\\\/author\\\/haberkuzey\\\/\"}]}<\/script>\n<!-- \/ Yoast SEO plugin. -->","yoast_head_json":{"title":"TC Sa\u011fl\u0131k Bakan Yard\u0131mc\u0131s\u0131 K\u0131rb\u0131y\u0131k: \u201cBu projelerle, yeni ve nitelikli sa\u011fl\u0131k hizmetini K\u0131br\u0131sl\u0131 vatanda\u015flar\u0131m\u0131za sunmu\u015f olaca\u011f\u0131z\u201d - Haber Kuzey","robots":{"index":"index","follow":"follow","max-snippet":"max-snippet:-1","max-image-preview":"max-image-preview:large","max-video-preview":"max-video-preview:-1"},"canonical":"https:\/\/haberkuzey.com\/index.php\/2025\/04\/10\/tc-saglik-bakan-yardimcisi-kirbiyik-bu-projelerle-yeni-ve-nitelikli-saglik-hizmetini-kibrisli-vatandaslarimiza-sunmus-olacagiz\/","og_locale":"tr_TR","og_type":"article","og_title":"TC Sa\u011fl\u0131k Bakan Yard\u0131mc\u0131s\u0131 K\u0131rb\u0131y\u0131k: \u201cBu projelerle, yeni ve nitelikli sa\u011fl\u0131k hizmetini K\u0131br\u0131sl\u0131 vatanda\u015flar\u0131m\u0131za sunmu\u015f olaca\u011f\u0131z\u201d - Haber Kuzey","og_description":"T\u00fcrkiye Sa\u011fl\u0131k Bakan Yard\u0131mc\u0131s\u0131 H\u00fcseyin K\u00fcr\u015fat K\u0131rb\u0131y\u0131k, 1. Etab\u0131na bu y\u0131l ba\u015flanacak Lefko\u015fa Yeni Devlet Hastanesi tamamland\u0131\u011f\u0131nda Kuzey K\u0131br\u0131s T\u00fcrk Cumhuriyeti\u2019nde kamu hastanelerinin toplam yatak kapasitesinin 1.850\u2019ye ula\u015faca\u011f\u0131n\u0131 s\u00f6yledi. T\u00fcrkiye Sa\u011fl\u0131k Bakan Yard\u0131mc\u0131s\u0131 H\u00fcseyin K\u00fcr\u015fat K\u0131rb\u0131y\u0131k, yeni Cumhurba\u015fkanl\u0131\u011f\u0131 Yerle\u015fkesi\u2019ndeki Lefko\u015fa Yeni Devlet Hastanesi tan\u0131t\u0131m toplant\u0131s\u0131nda, projeye ili\u015fkin sunum yapt\u0131. K\u0131rb\u0131y\u0131k, \u201cLefko\u015fa Devlet Hastanesi Yap\u0131m\u0131 ve [&hellip;]","og_url":"https:\/\/haberkuzey.com\/index.php\/2025\/04\/10\/tc-saglik-bakan-yardimcisi-kirbiyik-bu-projelerle-yeni-ve-nitelikli-saglik-hizmetini-kibrisli-vatandaslarimiza-sunmus-olacagiz\/","og_site_name":"Haber Kuzey","article_published_time":"2025-04-10T18:22:20+00:00","author":"haberkuzey","twitter_card":"summary_large_image","twitter_misc":{"Yazan:":"haberkuzey","Tahmini okuma s\u00fcresi":"4 dakika"},"schema":{"@context":"https:\/\/schema.org","@graph":[{"@type":"Article","@id":"https:\/\/haberkuzey.com\/index.php\/2025\/04\/10\/tc-saglik-bakan-yardimcisi-kirbiyik-bu-projelerle-yeni-ve-nitelikli-saglik-hizmetini-kibrisli-vatandaslarimiza-sunmus-olacagiz\/#article","isPartOf":{"@id":"https:\/\/haberkuzey.com\/index.php\/2025\/04\/10\/tc-saglik-bakan-yardimcisi-kirbiyik-bu-projelerle-yeni-ve-nitelikli-saglik-hizmetini-kibrisli-vatandaslarimiza-sunmus-olacagiz\/"},"author":{"name":"haberkuzey","@id":"https:\/\/haberkuzey.com\/#\/schema\/person\/3372109ec735f9333f4fa47ebb9605ca"},"headline":"TC Sa\u011fl\u0131k Bakan Yard\u0131mc\u0131s\u0131 K\u0131rb\u0131y\u0131k: \u201cBu projelerle, yeni ve nitelikli sa\u011fl\u0131k hizmetini K\u0131br\u0131sl\u0131 vatanda\u015flar\u0131m\u0131za sunmu\u015f olaca\u011f\u0131z\u201d","datePublished":"2025-04-10T18:22:20+00:00","mainEntityOfPage":{"@id":"https:\/\/haberkuzey.com\/index.php\/2025\/04\/10\/tc-saglik-bakan-yardimcisi-kirbiyik-bu-projelerle-yeni-ve-nitelikli-saglik-hizmetini-kibrisli-vatandaslarimiza-sunmus-olacagiz\/"},"wordCount":766,"commentCount":0,"image":{"@id":"https:\/\/haberkuzey.com\/index.php\/2025\/04\/10\/tc-saglik-bakan-yardimcisi-kirbiyik-bu-projelerle-yeni-ve-nitelikli-saglik-hizmetini-kibrisli-vatandaslarimiza-sunmus-olacagiz\/#primaryimage"},"thumbnailUrl":"https:\/\/haberkuzey.com\/wp-content\/uploads\/2025\/04\/1744304845858HASTANE-LANSMAN-TIM-3-scaled.jpeg","articleSection":["D\u00fcnya"],"inLanguage":"tr","potentialAction":[{"@type":"CommentAction","name":"Comment","target":["https:\/\/haberkuzey.com\/index.php\/2025\/04\/10\/tc-saglik-bakan-yardimcisi-kirbiyik-bu-projelerle-yeni-ve-nitelikli-saglik-hizmetini-kibrisli-vatandaslarimiza-sunmus-olacagiz\/#respond"]}]},{"@type":"WebPage","@id":"https:\/\/haberkuzey.com\/index.php\/2025\/04\/10\/tc-saglik-bakan-yardimcisi-kirbiyik-bu-projelerle-yeni-ve-nitelikli-saglik-hizmetini-kibrisli-vatandaslarimiza-sunmus-olacagiz\/","url":"https:\/\/haberkuzey.com\/index.php\/2025\/04\/10\/tc-saglik-bakan-yardimcisi-kirbiyik-bu-projelerle-yeni-ve-nitelikli-saglik-hizmetini-kibrisli-vatandaslarimiza-sunmus-olacagiz\/","name":"TC Sa\u011fl\u0131k Bakan Yard\u0131mc\u0131s\u0131 K\u0131rb\u0131y\u0131k: \u201cBu projelerle, yeni ve nitelikli sa\u011fl\u0131k hizmetini K\u0131br\u0131sl\u0131 vatanda\u015flar\u0131m\u0131za sunmu\u015f olaca\u011f\u0131z\u201d - Haber Kuzey","isPartOf":{"@id":"https:\/\/haberkuzey.com\/#website"},"primaryImageOfPage":{"@id":"https:\/\/haberkuzey.com\/index.php\/2025\/04\/10\/tc-saglik-bakan-yardimcisi-kirbiyik-bu-projelerle-yeni-ve-nitelikli-saglik-hizmetini-kibrisli-vatandaslarimiza-sunmus-olacagiz\/#primaryimage"},"image":{"@id":"https:\/\/haberkuzey.com\/index.php\/2025\/04\/10\/tc-saglik-bakan-yardimcisi-kirbiyik-bu-projelerle-yeni-ve-nitelikli-saglik-hizmetini-kibrisli-vatandaslarimiza-sunmus-olacagiz\/#primaryimage"},"thumbnailUrl":"https:\/\/haberkuzey.com\/wp-content\/uploads\/2025\/04\/1744304845858HASTANE-LANSMAN-TIM-3-scaled.jpeg","datePublished":"2025-04-10T18:22:20+00:00","author":{"@id":"https:\/\/haberkuzey.com\/#\/schema\/person\/3372109ec735f9333f4fa47ebb9605ca"},"breadcrumb":{"@id":"https:\/\/haberkuzey.com\/index.php\/2025\/04\/10\/tc-saglik-bakan-yardimcisi-kirbiyik-bu-projelerle-yeni-ve-nitelikli-saglik-hizmetini-kibrisli-vatandaslarimiza-sunmus-olacagiz\/#breadcrumb"},"inLanguage":"tr","potentialAction":[{"@type":"ReadAction","target":["https:\/\/haberkuzey.com\/index.php\/2025\/04\/10\/tc-saglik-bakan-yardimcisi-kirbiyik-bu-projelerle-yeni-ve-nitelikli-saglik-hizmetini-kibrisli-vatandaslarimiza-sunmus-olacagiz\/"]}]},{"@type":"ImageObject","inLanguage":"tr","@id":"https:\/\/haberkuzey.com\/index.php\/2025\/04\/10\/tc-saglik-bakan-yardimcisi-kirbiyik-bu-projelerle-yeni-ve-nitelikli-saglik-hizmetini-kibrisli-vatandaslarimiza-sunmus-olacagiz\/#primaryimage","url":"https:\/\/haberkuzey.com\/wp-content\/uploads\/2025\/04\/1744304845858HASTANE-LANSMAN-TIM-3-scaled.jpeg","contentUrl":"https:\/\/haberkuzey.com\/wp-content\/uploads\/2025\/04\/1744304845858HASTANE-LANSMAN-TIM-3-scaled.jpeg","width":2560,"height":1709},{"@type":"BreadcrumbList","@id":"https:\/\/haberkuzey.com\/index.php\/2025\/04\/10\/tc-saglik-bakan-yardimcisi-kirbiyik-bu-projelerle-yeni-ve-nitelikli-saglik-hizmetini-kibrisli-vatandaslarimiza-sunmus-olacagiz\/#breadcrumb","itemListElement":[{"@type":"ListItem","position":1,"name":"Anasayfa","item":"https:\/\/haberkuzey.com\/"},{"@type":"ListItem","position":2,"name":"TC Sa\u011fl\u0131k Bakan Yard\u0131mc\u0131s\u0131 K\u0131rb\u0131y\u0131k: \u201cBu projelerle, yeni ve nitelikli sa\u011fl\u0131k hizmetini K\u0131br\u0131sl\u0131 vatanda\u015flar\u0131m\u0131za sunmu\u015f olaca\u011f\u0131z\u201d"}]},{"@type":"WebSite","@id":"https:\/\/haberkuzey.com\/#website","url":"https:\/\/haberkuzey.com\/","name":"Haber Kuzey","description":"Do\u011fru Haberin Adresi","potentialAction":[{"@type":"SearchAction","target":{"@type":"EntryPoint","urlTemplate":"https:\/\/haberkuzey.com\/?s={search_term_string}"},"query-input":{"@type":"PropertyValueSpecification","valueRequired":true,"valueName":"search_term_string"}}],"inLanguage":"tr"},{"@type":"Person","@id":"https:\/\/haberkuzey.com\/#\/schema\/person\/3372109ec735f9333f4fa47ebb9605ca","name":"haberkuzey","image":{"@type":"ImageObject","inLanguage":"tr","@id":"https:\/\/secure.gravatar.com\/avatar\/f5fc875574b1575324358c3b9e6a32b8227aa5b74f3fa22e3cadb63e26fcc39c?s=96&d=mm&r=g","url":"https:\/\/secure.gravatar.com\/avatar\/f5fc875574b1575324358c3b9e6a32b8227aa5b74f3fa22e3cadb63e26fcc39c?s=96&d=mm&r=g","contentUrl":"https:\/\/secure.gravatar.com\/avatar\/f5fc875574b1575324358c3b9e6a32b8227aa5b74f3fa22e3cadb63e26fcc39c?s=96&d=mm&r=g","caption":"haberkuzey"},"sameAs":["https:\/\/haberkuzey.com"],"url":"https:\/\/haberkuzey.com\/index.php\/author\/haberkuzey\/"}]}},"_links":{"self":[{"href":"https:\/\/haberkuzey.com\/index.php\/wp-json\/wp\/v2\/posts\/21668","targetHints":{"allow":["GET"]}}],"collection":[{"href":"https:\/\/haberkuzey.com\/index.php\/wp-json\/wp\/v2\/posts"}],"about":[{"href":"https:\/\/haberkuzey.com\/index.php\/wp-json\/wp\/v2\/types\/post"}],"author":[{"embeddable":true,"href":"https:\/\/haberkuzey.com\/index.php\/wp-json\/wp\/v2\/users\/1"}],"replies":[{"embeddable":true,"href":"https:\/\/haberkuzey.com\/index.php\/wp-json\/wp\/v2\/comments?post=21668"}],"version-history":[{"count":0,"href":"https:\/\/haberkuzey.com\/index.php\/wp-json\/wp\/v2\/posts\/21668\/revisions"}],"wp:featuredmedia":[{"embeddable":true,"href":"https:\/\/haberkuzey.com\/index.php\/wp-json\/wp\/v2\/media\/21669"}],"wp:attachment":[{"href":"https:\/\/haberkuzey.com\/index.php\/wp-json\/wp\/v2\/media?parent=21668"}],"wp:term":[{"taxonomy":"category","embeddable":true,"href":"https:\/\/haberkuzey.com\/index.php\/wp-json\/wp\/v2\/categories?post=21668"},{"taxonomy":"post_tag","embeddable":true,"href":"https:\/\/haberkuzey.com\/index.php\/wp-json\/wp\/v2\/tags?post=21668"}],"curies":[{"name":"wp","href":"https:\/\/api.w.org\/{rel}","templated":true}]}}