{"id":21658,"date":"2025-04-10T18:34:33","date_gmt":"2025-04-10T15:34:33","guid":{"rendered":"https:\/\/haberkuzey.com\/index.php\/2025\/04\/10\/turk-dunyasi-sivil-toplum-calistayi-duzenlendi-kktc-turk-dunyasinin-ayrilmaz-bir-parcasidir\/"},"modified":"2025-04-10T18:34:33","modified_gmt":"2025-04-10T15:34:33","slug":"turk-dunyasi-sivil-toplum-calistayi-duzenlendi-kktc-turk-dunyasinin-ayrilmaz-bir-parcasidir","status":"publish","type":"post","link":"https:\/\/haberkuzey.com\/index.php\/2025\/04\/10\/turk-dunyasi-sivil-toplum-calistayi-duzenlendi-kktc-turk-dunyasinin-ayrilmaz-bir-parcasidir\/","title":{"rendered":"\u201cT\u00fcrk D\u00fcnyas\u0131 Sivil Toplum \u00c7al\u0131\u015ftay\u0131\u201d d\u00fczenlendi. \u201cKKTC T\u00fcrk d\u00fcnyas\u0131n\u0131n ayr\u0131lmaz bir par\u00e7as\u0131d\u0131r\u201d"},"content":{"rendered":"<div>\n<div class=\"mariselle-image-container none\">\n                                            <\/div>\n<p style=\"font-weight: 300;\"><span style=\"font-weight: 300 !important;\">AK Parti Genel Ba\u015fkan Yard\u0131mc\u0131s\u0131 ve T\u00fcrk Devletleri ile \u0130li\u015fkiler Ba\u015fkan\u0131 K\u00fcr\u015fad Zorlu, \u201cKuzey K\u0131br\u0131s T\u00fcrk Cumhuriyeti, T\u00fcrkiye Cumhuriyeti Devleti\u2019nin oldu\u011fu gibi T\u00fcrk d\u00fcnyas\u0131n\u0131n da ayr\u0131lmaz bir par\u00e7as\u0131d\u0131r. Biz, T\u00fcrk d\u00fcnyas\u0131 olarak, Kuzey K\u0131br\u0131s T\u00fcrk Cumhuriyeti\u2019nin, d\u00fcnya y\u00fcz\u00fcnde tan\u0131nmas\u0131 i\u00e7in d\u00fcn nas\u0131l \u00e7aba sarf ediyorsak bug\u00fcn de hep birlikte, b\u00fct\u00fcn T\u00fcrk devletleriyle birlikte bunun m\u00fccadelesini vermeye devam ediyoruz ve edece\u011fiz.\u201d dedi.<\/span><\/p>\n<p style=\"font-weight: 300;\">EkoAvrasya Vakf\u0131, \u0130pekyolu Kamu Diplomasisi Te\u015fkilat\u0131 ve T\u00fcrk D\u00fcnyas\u0131 Sivil Toplum \u0130\u015fbirli\u011fi Derne\u011fi (T\u00dcRKS\u0130T) taraf\u0131ndan, sivil toplum kurulu\u015flar\u0131n\u0131n T\u00fcrk d\u00fcnyas\u0131nda daha etkin ve s\u00fcrd\u00fcr\u00fclebilir i\u015fbirlikleri kurabilmesi amac\u0131yla Ankara Ticaret Odas\u0131\u2019nda \u201cT\u00fcrk D\u00fcnyas\u0131 Sivil Toplum \u00c7al\u0131\u015ftay\u0131\u201d ger\u00e7ekle\u015ftirildi.<\/p>\n<p style=\"font-weight: 300;\">T\u00fcrk d\u00fcnyas\u0131ndaki sivil toplum kurulu\u015flar\u0131n\u0131n koordinasyonunu g\u00fc\u00e7lendirmek, gelecek vizyonunu belirlemek ve ortak stratejiler olu\u015fturarak b\u00f6lgesel dayan\u0131\u015fmay\u0131 art\u0131rmak hedefiyle d\u00fczenlenen \u00e7al\u0131\u015ftaya, AK Parti Genel Ba\u015fkan Yard\u0131mc\u0131s\u0131 ve T\u00fcrk Devletleri ile \u0130li\u015fkiler Ba\u015fkan\u0131 K\u00fcr\u015fad Zorlu, TBMM MHP Grup Ba\u015fkanvekili Filiz K\u0131l\u0131\u00e7, Azerbaycan Milli Meclisi Milletvekili Tenzile R\u00fcstemhanl\u0131, AK Parti \u0130stanbul Milletvekili \u015eamil Ayr\u0131m, Ankara Ticaret Odas\u0131 Y\u00f6netim Kurulu Ba\u015fkan\u0131 G\u00fcrsel Baran, EkoAvrasya Vakf\u0131 Y\u00f6netim Kurulu Ba\u015fkan\u0131 Hikmet Eren, \u0130pekyolu Kamu Diplomasisi Te\u015fkilat\u0131 Ba\u015fkan\u0131 Seyfullah T\u00fcrksoy ve T\u00dcRKS\u0130T Y\u00f6netim Kurulu Ba\u015fkan\u0131 Kemal Kurnaz kat\u0131ld\u0131.<\/p>\n<p style=\"font-weight: 300;\">Programda, Cumhurba\u015fkan\u0131 Ersin Tatar\u2019\u0131n g\u00f6nderdi\u011fi mesaj okundu.<\/p>\n<p style=\"font-weight: 300;\">\u00c7al\u0131\u015ftay\u0131n a\u00e7\u0131l\u0131\u015f\u0131nda konu\u015fan Zorlu, T\u00fcrk d\u00fcnyas\u0131n\u0131n, k\u00fcresel \u00f6l\u00e7ekte son d\u00f6nemde ya\u015fanan geli\u015fmeler kar\u015f\u0131s\u0131nda, t\u0131pk\u0131 tarihteki \u00f6rneklerinde oldu\u011fu gibi bug\u00fcn de tehdit ve f\u0131rsatlarla s\u0131nand\u0131\u011f\u0131n\u0131 ifade etti.<\/p>\n<p style=\"font-weight: 300;\">T\u00fcrk d\u00fcnyas\u0131nda sivil toplumun g\u00fc\u00e7lenmesi, daha yayg\u0131n bir i\u015fbirli\u011fi zemini kazanmas\u0131 ve etkili bir yap\u0131ya kavu\u015fmas\u0131n\u0131n d\u00fcne g\u00f6re \u00e7ok daha hayati bir ihtiya\u00e7 oldu\u011funa i\u015faret eden Zorlu, T\u00fcrk d\u00fcnyas\u0131nda bu yap\u0131lar\u0131 g\u00fc\u00e7lendirmenin, bug\u00fcn\u00fc korumakla kalmay\u0131p yar\u0131n\u0131 in\u015fa etmek anlam\u0131na geldi\u011fini bildirdi.<\/p>\n<p style=\"font-weight: 300;\">Zorlu, T\u00fcrk d\u00fcnyas\u0131nda ini\u015fli \u00e7\u0131k\u0131\u015fl\u0131 d\u00f6nemler ya\u015fansa da yakla\u015f\u0131k 35 y\u0131ld\u0131r kopar\u0131lm\u0131\u015f ba\u011flar\u0131n yeniden \u00f6r\u00fcld\u00fc\u011f\u00fcn\u00fc ve karde\u015fli\u011fin kurumsal zeminlere ta\u015f\u0131nmas\u0131na \u00e7al\u0131\u015f\u0131ld\u0131\u011f\u0131n\u0131 dile getirdi.<\/p>\n<p style=\"font-weight: 300;\">\u2013 \u201cT\u00fcrkiye g\u00fc\u00e7l\u00fc olursa T\u00fcrk d\u00fcnyas\u0131 g\u00fc\u00e7l\u00fc olacak\u201d<\/p>\n<p style=\"font-weight: 300;\">T\u00fcrkiye Cumhuriyeti Devleti\u2019nin, T\u00fcrk d\u00fcnyas\u0131 ve b\u00f6lge i\u00e7in k\u00fcresel geli\u015fmelerin oda\u011f\u0131nda yer alan \u00e7ok \u00f6nemli bir g\u00fc\u00e7 merkezi haline geldi\u011fini vurgulayan Zorlu, \u201cT\u00fcrk d\u00fcnyas\u0131n\u0131n, T\u00fcrk milletinin d\u00fc\u015fmanlar\u0131 her zaman olmu\u015ftur. Bu \u00f6neme binaen her zaman bizlerle u\u011fra\u015fanlar olmu\u015ftur ve olmaya devam edecektir. \u00d6zellikle \u00f6n\u00fcm\u00fczdeki s\u00fcre\u00e7te T\u00fcrk d\u00fcnyas\u0131n\u0131n aras\u0131ndaki ili\u015fkileri farkl\u0131 ba\u011flamlara \u00e7ekmeye \u00e7al\u0131\u015fan, bizlerin aras\u0131na girerek birtak\u0131m krizler olu\u015fturmaya \u00e7al\u0131\u015facak payla\u015f\u0131mlara, \u00e7abalara, giri\u015fimlere kar\u015f\u0131 son derece dikkatli olmak mecburiyetindeyiz. \u00c7\u00fcnk\u00fc biliyorlar ki T\u00fcrkiye g\u00fc\u00e7l\u00fc olursa T\u00fcrk d\u00fcnyas\u0131 g\u00fc\u00e7l\u00fc olacak ve biliyorlar ki T\u00fcrk d\u00fcnyas\u0131, daha da g\u00fc\u00e7lenirse d\u00fcnya d\u00fczeni yeni bir ivme kazanacak.\u201d diye konu\u015ftu.<\/p>\n<p style=\"font-weight: 300;\">Zorlu, KKTC\u2019nin, T\u00fcrkiye ve T\u00fcrk d\u00fcnyas\u0131n\u0131n ayr\u0131lmaz bir par\u00e7as\u0131 oldu\u011funu belirterek, \u015fu de\u011ferlendirmelerde bulundu:<\/p>\n<p style=\"font-weight: 300;\">\u201cSon g\u00fcnlerde bu konuda bahsetti\u011fim \u00e7er\u00e7evede kimi geli\u015fmeler ve \u00f6zellikle sosyal medya mecralar\u0131ndan yanl\u0131\u015f birtak\u0131m bilgi ve bilgilendirmeleri payla\u015farak bu nifaka ortak olmaya \u00e7al\u0131\u015fan \u00e7evreler oldu\u011funu g\u00f6r\u00fcyorum. Bizim \u00fclkemizde, T\u00fcrkiye B\u00fcy\u00fck Millet Meclisi \u00e7at\u0131s\u0131 alt\u0131nda g\u00f6rev yapan baz\u0131 siyaset\u00e7ilerin de buna isteyerek ya da istemeyerek ortak oldu\u011funu \u00fcz\u00fclerek g\u00f6r\u00fcyorum. \u00c7ok a\u00e7\u0131k buradan sesleniyorum ve s\u00f6yl\u00fcyorum, Kuzey K\u0131br\u0131s T\u00fcrk Cumhuriyeti, T\u00fcrkiye Cumhuriyeti Devleti\u2019nin oldu\u011fu gibi T\u00fcrk d\u00fcnyas\u0131n\u0131n da ayr\u0131lmaz bir par\u00e7as\u0131d\u0131r. Biz, T\u00fcrk d\u00fcnyas\u0131 olarak, Kuzey K\u0131br\u0131s T\u00fcrk Cumhuriyeti\u2019nin, d\u00fcnya y\u00fcz\u00fcnde tan\u0131nmas\u0131 i\u00e7in d\u00fcn nas\u0131l \u00e7aba sarf ediyorsak bug\u00fcn de hep birlikte, b\u00fct\u00fcn T\u00fcrk devletleriyle birlikte bunun m\u00fccadelesini vermeye devam ediyoruz ve edece\u011fiz.\u201d<\/p>\n<p style=\"font-weight: 300;\">T\u00fcrk d\u00fcnyas\u0131 devletlerinin her alanda i\u015fbirli\u011fi ger\u00e7ekle\u015ftirmek \u00fczere b\u00fcy\u00fck bir atak ba\u015flatt\u0131\u011f\u0131na dikkati \u00e7eken Zorlu, T\u00fcrk D\u00fcnyas\u0131 Polis Akademileri Platformunun kurulaca\u011f\u0131n\u0131 aktard\u0131.<\/p>\n<p style=\"font-weight: 300;\">AK Parti olarak, T\u00fcrk d\u00fcnyas\u0131yla ilgili yakla\u015f\u0131k 220 sivil toplum kurulu\u015funun kat\u0131l\u0131m\u0131yla \u00f6n\u00fcm\u00fczde d\u00f6nemde bir organizasyon yapmay\u0131 planlad\u0131klar\u0131n\u0131 dile getiren Zorlu, \u201cCumhurba\u015fkan\u0131m\u0131z Say\u0131n Recep Tayyip Erdo\u011fan\u2019\u0131n da ifade etti\u011fi gibi, T\u00fcrk d\u00fcnyas\u0131, gerisindeki yenili\u011fe ve geli\u015fmeye a\u00e7\u0131k muhte\u015fem medeniyet birikimi, g\u00fc\u00e7l\u00fc devlet gelene\u011fi, sa\u011flam sosyal yap\u0131s\u0131, vizyoner sivil toplum kurulu\u015flar\u0131 ile adeta yeni bir uyan\u0131\u015f, yeni bir \u015fahlan\u0131\u015f i\u00e7indedir. \u015e\u00fcphesiz bu uyan\u0131\u015f, yaln\u0131zca devletlerin iradesiyle de\u011fil, halklar\u0131n sahada kurdu\u011fu g\u00f6n\u00fcl k\u00f6pr\u00fcleriyle g\u00fc\u00e7 kazanacakt\u0131r.\u201d ifadelerini kulland\u0131.<\/p>\n<p style=\"font-weight: 300;\">\u2013 \u201c\u00c7al\u0131\u015ftay, ortak kaderimizi \u015fekillendirecek stratejik yolculu\u011fun \u00f6nemli kilometre ta\u015flar\u0131ndan biri\u201d<\/p>\n<p style=\"font-weight: 300;\">T\u00fcrk d\u00fcnyas\u0131n\u0131n, tarihsel tecr\u00fcbe, k\u00fclt\u00fcrel derinlik ve insani kapasitesiyle 21. y\u00fczy\u0131l\u0131n y\u00fckselen de\u011ferlerinden biri olma yolunda ilerledi\u011fini vurgulayan Zorlu, bu y\u00fckseli\u015fin kal\u0131c\u0131 ve anlaml\u0131 olabilmesi i\u00e7in sadece devletlerin de\u011fil, sivil toplum sermayesinin de g\u00fc\u00e7l\u00fc, \u00f6rg\u00fctl\u00fc ve birbirine kenetlenmi\u015f olmas\u0131 gerekti\u011fini vurgulad\u0131.<\/p>\n<p style=\"font-weight: 300;\">Zorlu, \u015funlar\u0131 kaydetti:<\/p>\n<p style=\"font-weight: 300;\">\u201cKamu diplomasisinin en etkili ta\u015f\u0131y\u0131c\u0131s\u0131 olan sivil toplumun, T\u00fcrk d\u00fcnyas\u0131 i\u00e7inde kurumsal i\u015fbirli\u011fi modelleri geli\u015ftirmesi hem bug\u00fcn\u00fcn ihtiya\u00e7lar\u0131na yan\u0131t vermek hem de gelecek ku\u015faklar\u0131n refah\u0131n\u0131 g\u00fcvence alt\u0131na almak a\u00e7\u0131s\u0131ndan b\u00fcy\u00fck \u00f6nem ta\u015f\u0131maktad\u0131r. Burada bug\u00fcn icra edilen \u00e7al\u0131\u015ftay\u0131 da sadece bir isti\u015fare de\u011fil, ortak kaderimizi \u015fekillendirecek stratejik bir yolculu\u011fun \u00f6nemli kilometre ta\u015flar\u0131ndan biri olarak g\u00f6rmekteyiz. Bu yolculukta her kurulu\u015f bir yelken, her fikir bir rota, her g\u00f6n\u00fcl bir pusula olacakt\u0131r.\u201d<\/p>\n<p style=\"font-weight: 300;\">T\u00fcrk d\u00fcnyas\u0131n\u0131n her alanda i\u015fbirli\u011fini ger\u00e7ekle\u015ftirmeye y\u00f6nelik toplum faaliyetlerinin, g\u00f6n\u00fcl birli\u011fi, ideal birli\u011fi ve kurumsal birli\u011fin sa\u011flanmas\u0131 olmak \u00fczere \u00fc\u00e7 sacaya\u011f\u0131 \u00fczerinde y\u00fckselebilece\u011fini belirten Zorlu, bu ad\u0131mlar\u0131n birbirini tamamlayabilmesinin de yeti\u015fmi\u015f insan kayna\u011f\u0131 ile do\u011fru ve etkili bir kamuoyunun olu\u015fumuna ba\u011fl\u0131 oldu\u011funu s\u00f6yledi.<\/p>\n<p style=\"font-weight: 300;\">21 Mart Nevruz G\u00fcn\u00fc\u2019n\u00fcn, T\u00fcrkiye\u2019de resmi bayram olarak kutlanmas\u0131na y\u00f6nelik kanun teklifinin yak\u0131n zamanda haz\u0131r olaca\u011f\u0131n\u0131 belirten Zorlu, Cumhurba\u015fkan\u0131 Recep Tayyip Erdo\u011fan\u2019\u0131n, 21 Mart\u2019\u0131n, T\u00fcrk Devletleri Te\u015fkilatlar\u0131n\u0131n ortak bayram\u0131 olmas\u0131 hususunu, Budape\u015fte\u2019de ger\u00e7ekle\u015ftirilecek zirvede \u00f6nerece\u011fini ve 21 Mart 2026\u2019da T\u00fcrk d\u00fcnyas\u0131n\u0131, T\u00fcrkiye\u2019de bir araya getirme \u00e7abas\u0131nda olacaklar\u0131n\u0131 ifade etti.<\/p>\n<p>\u00a0<\/p>\n<p>\u00a0<\/p>\n<\/p><\/div>\n<p><script async\n                    defer\n                    crossorigin=\"anonymous\"\n                    src=\"https:\/\/connect.facebook.net\/tr_TR\/sdk.js#xfbml=1&#038;version=v3.3\"\n            ><\/script><\/p>\n","protected":false},"excerpt":{"rendered":"<p>AK Parti Genel Ba\u015fkan Yard\u0131mc\u0131s\u0131 ve T\u00fcrk Devletleri ile \u0130li\u015fkiler Ba\u015fkan\u0131 K\u00fcr\u015fad Zorlu, \u201cKuzey K\u0131br\u0131s T\u00fcrk Cumhuriyeti, T\u00fcrkiye Cumhuriyeti Devleti\u2019nin oldu\u011fu gibi T\u00fcrk d\u00fcnyas\u0131n\u0131n da ayr\u0131lmaz bir par\u00e7as\u0131d\u0131r. Biz, T\u00fcrk d\u00fcnyas\u0131 olarak, Kuzey K\u0131br\u0131s T\u00fcrk Cumhuriyeti\u2019nin, d\u00fcnya y\u00fcz\u00fcnde tan\u0131nmas\u0131 i\u00e7in d\u00fcn nas\u0131l \u00e7aba sarf ediyorsak bug\u00fcn de hep birlikte, b\u00fct\u00fcn T\u00fcrk devletleriyle birlikte bunun m\u00fccadelesini [&hellip;]<\/p>\n","protected":false},"author":1,"featured_media":21659,"comment_status":"open","ping_status":"open","sticky":false,"template":"","format":"standard","meta":{"jnews-multi-image_gallery":[],"jnews_single_post":[],"jnews_primary_category":[],"footnotes":""},"categories":[2],"tags":[],"class_list":["post-21658","post","type-post","status-publish","format-standard","has-post-thumbnail","hentry","category-dunya"],"yoast_head":"<!-- This site is optimized with the Yoast SEO plugin v27.5 - https:\/\/yoast.com\/product\/yoast-seo-wordpress\/ -->\n<title>\u201cT\u00fcrk D\u00fcnyas\u0131 Sivil Toplum \u00c7al\u0131\u015ftay\u0131\u201d d\u00fczenlendi. \u201cKKTC T\u00fcrk d\u00fcnyas\u0131n\u0131n ayr\u0131lmaz bir par\u00e7as\u0131d\u0131r\u201d - Haber Kuzey<\/title>\n<meta name=\"robots\" content=\"index, follow, max-snippet:-1, max-image-preview:large, max-video-preview:-1\" \/>\n<link rel=\"canonical\" href=\"https:\/\/haberkuzey.com\/index.php\/2025\/04\/10\/turk-dunyasi-sivil-toplum-calistayi-duzenlendi-kktc-turk-dunyasinin-ayrilmaz-bir-parcasidir\/\" \/>\n<meta property=\"og:locale\" content=\"tr_TR\" \/>\n<meta property=\"og:type\" content=\"article\" \/>\n<meta property=\"og:title\" content=\"\u201cT\u00fcrk D\u00fcnyas\u0131 Sivil Toplum \u00c7al\u0131\u015ftay\u0131\u201d d\u00fczenlendi. \u201cKKTC T\u00fcrk d\u00fcnyas\u0131n\u0131n ayr\u0131lmaz bir par\u00e7as\u0131d\u0131r\u201d - Haber Kuzey\" \/>\n<meta property=\"og:description\" content=\"AK Parti Genel Ba\u015fkan Yard\u0131mc\u0131s\u0131 ve T\u00fcrk Devletleri ile \u0130li\u015fkiler Ba\u015fkan\u0131 K\u00fcr\u015fad Zorlu, \u201cKuzey K\u0131br\u0131s T\u00fcrk Cumhuriyeti, T\u00fcrkiye Cumhuriyeti Devleti\u2019nin oldu\u011fu gibi T\u00fcrk d\u00fcnyas\u0131n\u0131n da ayr\u0131lmaz bir par\u00e7as\u0131d\u0131r. Biz, T\u00fcrk d\u00fcnyas\u0131 olarak, Kuzey K\u0131br\u0131s T\u00fcrk Cumhuriyeti\u2019nin, d\u00fcnya y\u00fcz\u00fcnde tan\u0131nmas\u0131 i\u00e7in d\u00fcn nas\u0131l \u00e7aba sarf ediyorsak bug\u00fcn de hep birlikte, b\u00fct\u00fcn T\u00fcrk devletleriyle birlikte bunun m\u00fccadelesini [&hellip;]\" \/>\n<meta property=\"og:url\" content=\"https:\/\/haberkuzey.com\/index.php\/2025\/04\/10\/turk-dunyasi-sivil-toplum-calistayi-duzenlendi-kktc-turk-dunyasinin-ayrilmaz-bir-parcasidir\/\" \/>\n<meta property=\"og:site_name\" content=\"Haber Kuzey\" \/>\n<meta property=\"article:published_time\" content=\"2025-04-10T15:34:33+00:00\" \/>\n<meta property=\"og:image\" content=\"https:\/\/brtk.net\/wp-content\/uploads\/2025\/04\/10\/Turk-Dunyasi-Sivil-Toplum-Calistayi-duzenlendi.jpg?ver=253ef2a54b9f8191e2050b1a48e2dec0\" \/>\n<meta name=\"author\" content=\"haberkuzey\" \/>\n<meta name=\"twitter:card\" content=\"summary_large_image\" \/>\n<meta name=\"twitter:label1\" content=\"Yazan:\" \/>\n\t<meta name=\"twitter:data1\" content=\"haberkuzey\" \/>\n\t<meta name=\"twitter:label2\" content=\"Tahmini okuma s\u00fcresi\" \/>\n\t<meta name=\"twitter:data2\" content=\"6 dakika\" \/>\n<script type=\"application\/ld+json\" class=\"yoast-schema-graph\">{\"@context\":\"https:\\\/\\\/schema.org\",\"@graph\":[{\"@type\":\"Article\",\"@id\":\"https:\\\/\\\/haberkuzey.com\\\/index.php\\\/2025\\\/04\\\/10\\\/turk-dunyasi-sivil-toplum-calistayi-duzenlendi-kktc-turk-dunyasinin-ayrilmaz-bir-parcasidir\\\/#article\",\"isPartOf\":{\"@id\":\"https:\\\/\\\/haberkuzey.com\\\/index.php\\\/2025\\\/04\\\/10\\\/turk-dunyasi-sivil-toplum-calistayi-duzenlendi-kktc-turk-dunyasinin-ayrilmaz-bir-parcasidir\\\/\"},\"author\":{\"name\":\"haberkuzey\",\"@id\":\"https:\\\/\\\/haberkuzey.com\\\/#\\\/schema\\\/person\\\/3372109ec735f9333f4fa47ebb9605ca\"},\"headline\":\"\u201cT\u00fcrk D\u00fcnyas\u0131 Sivil Toplum \u00c7al\u0131\u015ftay\u0131\u201d d\u00fczenlendi. \u201cKKTC T\u00fcrk d\u00fcnyas\u0131n\u0131n ayr\u0131lmaz bir par\u00e7as\u0131d\u0131r\u201d\",\"datePublished\":\"2025-04-10T15:34:33+00:00\",\"mainEntityOfPage\":{\"@id\":\"https:\\\/\\\/haberkuzey.com\\\/index.php\\\/2025\\\/04\\\/10\\\/turk-dunyasi-sivil-toplum-calistayi-duzenlendi-kktc-turk-dunyasinin-ayrilmaz-bir-parcasidir\\\/\"},\"wordCount\":1291,\"commentCount\":0,\"image\":{\"@id\":\"https:\\\/\\\/haberkuzey.com\\\/index.php\\\/2025\\\/04\\\/10\\\/turk-dunyasi-sivil-toplum-calistayi-duzenlendi-kktc-turk-dunyasinin-ayrilmaz-bir-parcasidir\\\/#primaryimage\"},\"thumbnailUrl\":\"https:\\\/\\\/haberkuzey.com\\\/wp-content\\\/uploads\\\/2025\\\/04\\\/Turk-Dunyasi-Sivil-Toplum-Calistayi-duzenlendi.jpg\",\"articleSection\":[\"D\u00fcnya\"],\"inLanguage\":\"tr\",\"potentialAction\":[{\"@type\":\"CommentAction\",\"name\":\"Comment\",\"target\":[\"https:\\\/\\\/haberkuzey.com\\\/index.php\\\/2025\\\/04\\\/10\\\/turk-dunyasi-sivil-toplum-calistayi-duzenlendi-kktc-turk-dunyasinin-ayrilmaz-bir-parcasidir\\\/#respond\"]}]},{\"@type\":\"WebPage\",\"@id\":\"https:\\\/\\\/haberkuzey.com\\\/index.php\\\/2025\\\/04\\\/10\\\/turk-dunyasi-sivil-toplum-calistayi-duzenlendi-kktc-turk-dunyasinin-ayrilmaz-bir-parcasidir\\\/\",\"url\":\"https:\\\/\\\/haberkuzey.com\\\/index.php\\\/2025\\\/04\\\/10\\\/turk-dunyasi-sivil-toplum-calistayi-duzenlendi-kktc-turk-dunyasinin-ayrilmaz-bir-parcasidir\\\/\",\"name\":\"\u201cT\u00fcrk D\u00fcnyas\u0131 Sivil Toplum \u00c7al\u0131\u015ftay\u0131\u201d d\u00fczenlendi. \u201cKKTC T\u00fcrk d\u00fcnyas\u0131n\u0131n ayr\u0131lmaz bir par\u00e7as\u0131d\u0131r\u201d - Haber Kuzey\",\"isPartOf\":{\"@id\":\"https:\\\/\\\/haberkuzey.com\\\/#website\"},\"primaryImageOfPage\":{\"@id\":\"https:\\\/\\\/haberkuzey.com\\\/index.php\\\/2025\\\/04\\\/10\\\/turk-dunyasi-sivil-toplum-calistayi-duzenlendi-kktc-turk-dunyasinin-ayrilmaz-bir-parcasidir\\\/#primaryimage\"},\"image\":{\"@id\":\"https:\\\/\\\/haberkuzey.com\\\/index.php\\\/2025\\\/04\\\/10\\\/turk-dunyasi-sivil-toplum-calistayi-duzenlendi-kktc-turk-dunyasinin-ayrilmaz-bir-parcasidir\\\/#primaryimage\"},\"thumbnailUrl\":\"https:\\\/\\\/haberkuzey.com\\\/wp-content\\\/uploads\\\/2025\\\/04\\\/Turk-Dunyasi-Sivil-Toplum-Calistayi-duzenlendi.jpg\",\"datePublished\":\"2025-04-10T15:34:33+00:00\",\"author\":{\"@id\":\"https:\\\/\\\/haberkuzey.com\\\/#\\\/schema\\\/person\\\/3372109ec735f9333f4fa47ebb9605ca\"},\"breadcrumb\":{\"@id\":\"https:\\\/\\\/haberkuzey.com\\\/index.php\\\/2025\\\/04\\\/10\\\/turk-dunyasi-sivil-toplum-calistayi-duzenlendi-kktc-turk-dunyasinin-ayrilmaz-bir-parcasidir\\\/#breadcrumb\"},\"inLanguage\":\"tr\",\"potentialAction\":[{\"@type\":\"ReadAction\",\"target\":[\"https:\\\/\\\/haberkuzey.com\\\/index.php\\\/2025\\\/04\\\/10\\\/turk-dunyasi-sivil-toplum-calistayi-duzenlendi-kktc-turk-dunyasinin-ayrilmaz-bir-parcasidir\\\/\"]}]},{\"@type\":\"ImageObject\",\"inLanguage\":\"tr\",\"@id\":\"https:\\\/\\\/haberkuzey.com\\\/index.php\\\/2025\\\/04\\\/10\\\/turk-dunyasi-sivil-toplum-calistayi-duzenlendi-kktc-turk-dunyasinin-ayrilmaz-bir-parcasidir\\\/#primaryimage\",\"url\":\"https:\\\/\\\/haberkuzey.com\\\/wp-content\\\/uploads\\\/2025\\\/04\\\/Turk-Dunyasi-Sivil-Toplum-Calistayi-duzenlendi.jpg\",\"contentUrl\":\"https:\\\/\\\/haberkuzey.com\\\/wp-content\\\/uploads\\\/2025\\\/04\\\/Turk-Dunyasi-Sivil-Toplum-Calistayi-duzenlendi.jpg\",\"width\":864,\"height\":486},{\"@type\":\"BreadcrumbList\",\"@id\":\"https:\\\/\\\/haberkuzey.com\\\/index.php\\\/2025\\\/04\\\/10\\\/turk-dunyasi-sivil-toplum-calistayi-duzenlendi-kktc-turk-dunyasinin-ayrilmaz-bir-parcasidir\\\/#breadcrumb\",\"itemListElement\":[{\"@type\":\"ListItem\",\"position\":1,\"name\":\"Anasayfa\",\"item\":\"https:\\\/\\\/haberkuzey.com\\\/\"},{\"@type\":\"ListItem\",\"position\":2,\"name\":\"\u201cT\u00fcrk D\u00fcnyas\u0131 Sivil Toplum \u00c7al\u0131\u015ftay\u0131\u201d d\u00fczenlendi. \u201cKKTC T\u00fcrk d\u00fcnyas\u0131n\u0131n ayr\u0131lmaz bir par\u00e7as\u0131d\u0131r\u201d\"}]},{\"@type\":\"WebSite\",\"@id\":\"https:\\\/\\\/haberkuzey.com\\\/#website\",\"url\":\"https:\\\/\\\/haberkuzey.com\\\/\",\"name\":\"Haber Kuzey\",\"description\":\"Do\u011fru Haberin Adresi\",\"potentialAction\":[{\"@type\":\"SearchAction\",\"target\":{\"@type\":\"EntryPoint\",\"urlTemplate\":\"https:\\\/\\\/haberkuzey.com\\\/?s={search_term_string}\"},\"query-input\":{\"@type\":\"PropertyValueSpecification\",\"valueRequired\":true,\"valueName\":\"search_term_string\"}}],\"inLanguage\":\"tr\"},{\"@type\":\"Person\",\"@id\":\"https:\\\/\\\/haberkuzey.com\\\/#\\\/schema\\\/person\\\/3372109ec735f9333f4fa47ebb9605ca\",\"name\":\"haberkuzey\",\"image\":{\"@type\":\"ImageObject\",\"inLanguage\":\"tr\",\"@id\":\"https:\\\/\\\/secure.gravatar.com\\\/avatar\\\/f5fc875574b1575324358c3b9e6a32b8227aa5b74f3fa22e3cadb63e26fcc39c?s=96&d=mm&r=g\",\"url\":\"https:\\\/\\\/secure.gravatar.com\\\/avatar\\\/f5fc875574b1575324358c3b9e6a32b8227aa5b74f3fa22e3cadb63e26fcc39c?s=96&d=mm&r=g\",\"contentUrl\":\"https:\\\/\\\/secure.gravatar.com\\\/avatar\\\/f5fc875574b1575324358c3b9e6a32b8227aa5b74f3fa22e3cadb63e26fcc39c?s=96&d=mm&r=g\",\"caption\":\"haberkuzey\"},\"sameAs\":[\"https:\\\/\\\/haberkuzey.com\"],\"url\":\"https:\\\/\\\/haberkuzey.com\\\/index.php\\\/author\\\/haberkuzey\\\/\"}]}<\/script>\n<!-- \/ Yoast SEO plugin. -->","yoast_head_json":{"title":"\u201cT\u00fcrk D\u00fcnyas\u0131 Sivil Toplum \u00c7al\u0131\u015ftay\u0131\u201d d\u00fczenlendi. \u201cKKTC T\u00fcrk d\u00fcnyas\u0131n\u0131n ayr\u0131lmaz bir par\u00e7as\u0131d\u0131r\u201d - Haber Kuzey","robots":{"index":"index","follow":"follow","max-snippet":"max-snippet:-1","max-image-preview":"max-image-preview:large","max-video-preview":"max-video-preview:-1"},"canonical":"https:\/\/haberkuzey.com\/index.php\/2025\/04\/10\/turk-dunyasi-sivil-toplum-calistayi-duzenlendi-kktc-turk-dunyasinin-ayrilmaz-bir-parcasidir\/","og_locale":"tr_TR","og_type":"article","og_title":"\u201cT\u00fcrk D\u00fcnyas\u0131 Sivil Toplum \u00c7al\u0131\u015ftay\u0131\u201d d\u00fczenlendi. \u201cKKTC T\u00fcrk d\u00fcnyas\u0131n\u0131n ayr\u0131lmaz bir par\u00e7as\u0131d\u0131r\u201d - Haber Kuzey","og_description":"AK Parti Genel Ba\u015fkan Yard\u0131mc\u0131s\u0131 ve T\u00fcrk Devletleri ile \u0130li\u015fkiler Ba\u015fkan\u0131 K\u00fcr\u015fad Zorlu, \u201cKuzey K\u0131br\u0131s T\u00fcrk Cumhuriyeti, T\u00fcrkiye Cumhuriyeti Devleti\u2019nin oldu\u011fu gibi T\u00fcrk d\u00fcnyas\u0131n\u0131n da ayr\u0131lmaz bir par\u00e7as\u0131d\u0131r. Biz, T\u00fcrk d\u00fcnyas\u0131 olarak, Kuzey K\u0131br\u0131s T\u00fcrk Cumhuriyeti\u2019nin, d\u00fcnya y\u00fcz\u00fcnde tan\u0131nmas\u0131 i\u00e7in d\u00fcn nas\u0131l \u00e7aba sarf ediyorsak bug\u00fcn de hep birlikte, b\u00fct\u00fcn T\u00fcrk devletleriyle birlikte bunun m\u00fccadelesini [&hellip;]","og_url":"https:\/\/haberkuzey.com\/index.php\/2025\/04\/10\/turk-dunyasi-sivil-toplum-calistayi-duzenlendi-kktc-turk-dunyasinin-ayrilmaz-bir-parcasidir\/","og_site_name":"Haber Kuzey","article_published_time":"2025-04-10T15:34:33+00:00","og_image":[{"url":"https:\/\/brtk.net\/wp-content\/uploads\/2025\/04\/10\/Turk-Dunyasi-Sivil-Toplum-Calistayi-duzenlendi.jpg?ver=253ef2a54b9f8191e2050b1a48e2dec0","type":"","width":"","height":""}],"author":"haberkuzey","twitter_card":"summary_large_image","twitter_misc":{"Yazan:":"haberkuzey","Tahmini okuma s\u00fcresi":"6 dakika"},"schema":{"@context":"https:\/\/schema.org","@graph":[{"@type":"Article","@id":"https:\/\/haberkuzey.com\/index.php\/2025\/04\/10\/turk-dunyasi-sivil-toplum-calistayi-duzenlendi-kktc-turk-dunyasinin-ayrilmaz-bir-parcasidir\/#article","isPartOf":{"@id":"https:\/\/haberkuzey.com\/index.php\/2025\/04\/10\/turk-dunyasi-sivil-toplum-calistayi-duzenlendi-kktc-turk-dunyasinin-ayrilmaz-bir-parcasidir\/"},"author":{"name":"haberkuzey","@id":"https:\/\/haberkuzey.com\/#\/schema\/person\/3372109ec735f9333f4fa47ebb9605ca"},"headline":"\u201cT\u00fcrk D\u00fcnyas\u0131 Sivil Toplum \u00c7al\u0131\u015ftay\u0131\u201d d\u00fczenlendi. \u201cKKTC T\u00fcrk d\u00fcnyas\u0131n\u0131n ayr\u0131lmaz bir par\u00e7as\u0131d\u0131r\u201d","datePublished":"2025-04-10T15:34:33+00:00","mainEntityOfPage":{"@id":"https:\/\/haberkuzey.com\/index.php\/2025\/04\/10\/turk-dunyasi-sivil-toplum-calistayi-duzenlendi-kktc-turk-dunyasinin-ayrilmaz-bir-parcasidir\/"},"wordCount":1291,"commentCount":0,"image":{"@id":"https:\/\/haberkuzey.com\/index.php\/2025\/04\/10\/turk-dunyasi-sivil-toplum-calistayi-duzenlendi-kktc-turk-dunyasinin-ayrilmaz-bir-parcasidir\/#primaryimage"},"thumbnailUrl":"https:\/\/haberkuzey.com\/wp-content\/uploads\/2025\/04\/Turk-Dunyasi-Sivil-Toplum-Calistayi-duzenlendi.jpg","articleSection":["D\u00fcnya"],"inLanguage":"tr","potentialAction":[{"@type":"CommentAction","name":"Comment","target":["https:\/\/haberkuzey.com\/index.php\/2025\/04\/10\/turk-dunyasi-sivil-toplum-calistayi-duzenlendi-kktc-turk-dunyasinin-ayrilmaz-bir-parcasidir\/#respond"]}]},{"@type":"WebPage","@id":"https:\/\/haberkuzey.com\/index.php\/2025\/04\/10\/turk-dunyasi-sivil-toplum-calistayi-duzenlendi-kktc-turk-dunyasinin-ayrilmaz-bir-parcasidir\/","url":"https:\/\/haberkuzey.com\/index.php\/2025\/04\/10\/turk-dunyasi-sivil-toplum-calistayi-duzenlendi-kktc-turk-dunyasinin-ayrilmaz-bir-parcasidir\/","name":"\u201cT\u00fcrk D\u00fcnyas\u0131 Sivil Toplum \u00c7al\u0131\u015ftay\u0131\u201d d\u00fczenlendi. \u201cKKTC T\u00fcrk d\u00fcnyas\u0131n\u0131n ayr\u0131lmaz bir par\u00e7as\u0131d\u0131r\u201d - Haber Kuzey","isPartOf":{"@id":"https:\/\/haberkuzey.com\/#website"},"primaryImageOfPage":{"@id":"https:\/\/haberkuzey.com\/index.php\/2025\/04\/10\/turk-dunyasi-sivil-toplum-calistayi-duzenlendi-kktc-turk-dunyasinin-ayrilmaz-bir-parcasidir\/#primaryimage"},"image":{"@id":"https:\/\/haberkuzey.com\/index.php\/2025\/04\/10\/turk-dunyasi-sivil-toplum-calistayi-duzenlendi-kktc-turk-dunyasinin-ayrilmaz-bir-parcasidir\/#primaryimage"},"thumbnailUrl":"https:\/\/haberkuzey.com\/wp-content\/uploads\/2025\/04\/Turk-Dunyasi-Sivil-Toplum-Calistayi-duzenlendi.jpg","datePublished":"2025-04-10T15:34:33+00:00","author":{"@id":"https:\/\/haberkuzey.com\/#\/schema\/person\/3372109ec735f9333f4fa47ebb9605ca"},"breadcrumb":{"@id":"https:\/\/haberkuzey.com\/index.php\/2025\/04\/10\/turk-dunyasi-sivil-toplum-calistayi-duzenlendi-kktc-turk-dunyasinin-ayrilmaz-bir-parcasidir\/#breadcrumb"},"inLanguage":"tr","potentialAction":[{"@type":"ReadAction","target":["https:\/\/haberkuzey.com\/index.php\/2025\/04\/10\/turk-dunyasi-sivil-toplum-calistayi-duzenlendi-kktc-turk-dunyasinin-ayrilmaz-bir-parcasidir\/"]}]},{"@type":"ImageObject","inLanguage":"tr","@id":"https:\/\/haberkuzey.com\/index.php\/2025\/04\/10\/turk-dunyasi-sivil-toplum-calistayi-duzenlendi-kktc-turk-dunyasinin-ayrilmaz-bir-parcasidir\/#primaryimage","url":"https:\/\/haberkuzey.com\/wp-content\/uploads\/2025\/04\/Turk-Dunyasi-Sivil-Toplum-Calistayi-duzenlendi.jpg","contentUrl":"https:\/\/haberkuzey.com\/wp-content\/uploads\/2025\/04\/Turk-Dunyasi-Sivil-Toplum-Calistayi-duzenlendi.jpg","width":864,"height":486},{"@type":"BreadcrumbList","@id":"https:\/\/haberkuzey.com\/index.php\/2025\/04\/10\/turk-dunyasi-sivil-toplum-calistayi-duzenlendi-kktc-turk-dunyasinin-ayrilmaz-bir-parcasidir\/#breadcrumb","itemListElement":[{"@type":"ListItem","position":1,"name":"Anasayfa","item":"https:\/\/haberkuzey.com\/"},{"@type":"ListItem","position":2,"name":"\u201cT\u00fcrk D\u00fcnyas\u0131 Sivil Toplum \u00c7al\u0131\u015ftay\u0131\u201d d\u00fczenlendi. \u201cKKTC T\u00fcrk d\u00fcnyas\u0131n\u0131n ayr\u0131lmaz bir par\u00e7as\u0131d\u0131r\u201d"}]},{"@type":"WebSite","@id":"https:\/\/haberkuzey.com\/#website","url":"https:\/\/haberkuzey.com\/","name":"Haber Kuzey","description":"Do\u011fru Haberin Adresi","potentialAction":[{"@type":"SearchAction","target":{"@type":"EntryPoint","urlTemplate":"https:\/\/haberkuzey.com\/?s={search_term_string}"},"query-input":{"@type":"PropertyValueSpecification","valueRequired":true,"valueName":"search_term_string"}}],"inLanguage":"tr"},{"@type":"Person","@id":"https:\/\/haberkuzey.com\/#\/schema\/person\/3372109ec735f9333f4fa47ebb9605ca","name":"haberkuzey","image":{"@type":"ImageObject","inLanguage":"tr","@id":"https:\/\/secure.gravatar.com\/avatar\/f5fc875574b1575324358c3b9e6a32b8227aa5b74f3fa22e3cadb63e26fcc39c?s=96&d=mm&r=g","url":"https:\/\/secure.gravatar.com\/avatar\/f5fc875574b1575324358c3b9e6a32b8227aa5b74f3fa22e3cadb63e26fcc39c?s=96&d=mm&r=g","contentUrl":"https:\/\/secure.gravatar.com\/avatar\/f5fc875574b1575324358c3b9e6a32b8227aa5b74f3fa22e3cadb63e26fcc39c?s=96&d=mm&r=g","caption":"haberkuzey"},"sameAs":["https:\/\/haberkuzey.com"],"url":"https:\/\/haberkuzey.com\/index.php\/author\/haberkuzey\/"}]}},"_links":{"self":[{"href":"https:\/\/haberkuzey.com\/index.php\/wp-json\/wp\/v2\/posts\/21658","targetHints":{"allow":["GET"]}}],"collection":[{"href":"https:\/\/haberkuzey.com\/index.php\/wp-json\/wp\/v2\/posts"}],"about":[{"href":"https:\/\/haberkuzey.com\/index.php\/wp-json\/wp\/v2\/types\/post"}],"author":[{"embeddable":true,"href":"https:\/\/haberkuzey.com\/index.php\/wp-json\/wp\/v2\/users\/1"}],"replies":[{"embeddable":true,"href":"https:\/\/haberkuzey.com\/index.php\/wp-json\/wp\/v2\/comments?post=21658"}],"version-history":[{"count":0,"href":"https:\/\/haberkuzey.com\/index.php\/wp-json\/wp\/v2\/posts\/21658\/revisions"}],"wp:featuredmedia":[{"embeddable":true,"href":"https:\/\/haberkuzey.com\/index.php\/wp-json\/wp\/v2\/media\/21659"}],"wp:attachment":[{"href":"https:\/\/haberkuzey.com\/index.php\/wp-json\/wp\/v2\/media?parent=21658"}],"wp:term":[{"taxonomy":"category","embeddable":true,"href":"https:\/\/haberkuzey.com\/index.php\/wp-json\/wp\/v2\/categories?post=21658"},{"taxonomy":"post_tag","embeddable":true,"href":"https:\/\/haberkuzey.com\/index.php\/wp-json\/wp\/v2\/tags?post=21658"}],"curies":[{"name":"wp","href":"https:\/\/api.w.org\/{rel}","templated":true}]}}