{"id":21631,"date":"2025-04-10T15:34:15","date_gmt":"2025-04-10T12:34:15","guid":{"rendered":"https:\/\/haberkuzey.com\/index.php\/2025\/04\/10\/yuksek-mahkeme-binasi-temel-atma-toreni-kurum-kktc-master-planimizi-hayata-gecirecek-adimlarimizi-kararlilikla-atiyoruz\/"},"modified":"2025-04-10T15:34:15","modified_gmt":"2025-04-10T12:34:15","slug":"yuksek-mahkeme-binasi-temel-atma-toreni-kurum-kktc-master-planimizi-hayata-gecirecek-adimlarimizi-kararlilikla-atiyoruz","status":"publish","type":"post","link":"https:\/\/haberkuzey.com\/index.php\/2025\/04\/10\/yuksek-mahkeme-binasi-temel-atma-toreni-kurum-kktc-master-planimizi-hayata-gecirecek-adimlarimizi-kararlilikla-atiyoruz\/","title":{"rendered":"Y\u00fcksek Mahkeme Binas\u0131 Temel Atma T\u00f6reni. Kurum: KKTC Master Plan\u0131m\u0131z\u0131 hayata ge\u00e7irecek ad\u0131mlar\u0131m\u0131z\u0131 kararl\u0131l\u0131kla at\u0131yoruz"},"content":{"rendered":"<div>\n<div class=\"mariselle-image-container none\">\n                                            <\/div>\n<p>T\u00fcrkiye Cumhuriyeti \u00c7evre, \u015eehircilik ve \u0130klim De\u011fi\u015fikli\u011fi Bakan\u0131 Murat Kurum, \u201cK\u0131br\u0131s T\u00fcrk halk\u0131n\u0131n gelecek 50 y\u0131l\u0131n\u0131, 100 y\u0131l\u0131n\u0131 garanti alt\u0131na alacak KKTC Master Plan\u0131m\u0131z\u0131 hayata ge\u00e7irecek ad\u0131mlar\u0131m\u0131z\u0131 kararl\u0131l\u0131kla at\u0131yoruz\u201d dedi.<\/p>\n<p>Kurum, \u201cbu planla Akdeniz\u2019in en \u00f6zel cazibe merkezi olacak K\u0131br\u0131s\u2019ta; \u00fclkenin imar\u0131ndan arazi planlamas\u0131na, ye\u015fil alanlar\u0131ndan altyap\u0131s\u0131na kadar her \u015feyi d\u00fc\u015f\u00fcnen, buradaki istihdam\u0131 ve \u00fcretimi olabilecek en y\u00fcksek noktaya ta\u015f\u0131yan bir \u015fehircilik anlay\u0131\u015f\u0131n\u0131 hep birlikte ortaya koyacaklar\u0131n\u0131\u201d s\u00f6yledi.<\/p>\n<p>Kurum, Y\u00fcksek Mahkeme binas\u0131 tamamland\u0131\u011f\u0131nda \u201cmuhte\u015fem\u201d bir eser olaca\u011f\u0131n\u0131 da belirterek, K\u0131br\u0131s T\u00fcrk halk\u0131n\u0131n en iyi imkanlarla, en donan\u0131ml\u0131 mekanlarda adalet hizmeti alaca\u011f\u0131n\u0131 belirtti.<\/p>\n<p>Murat Kurum, Y\u00fcksek Mahkeme Binas\u0131 Temel Atma T\u00f6reninde konu\u015ftu.\u00a0<\/p>\n<p>\u201cK\u0131br\u0131s\u2019\u0131m\u0131z\u0131 her f\u0131rsatta ziyaret ediyoruz. Buraya yapt\u0131\u011f\u0131m\u0131z her ziyarette, g\u00fczel bir gayretin ve yat\u0131r\u0131m\u0131n m\u00fcjdesini veriyoruz\u201d diyen Kurum, \u015f\u00f6yle devam etti:\u00a0<\/p>\n<p>\u201cBug\u00fcn yine, Kuzey K\u0131br\u0131s T\u00fcrk Cumhuriyeti Y\u00fcksek Mahkeme binas\u0131n\u0131n temelini atman\u0131n heyecan\u0131 i\u00e7erisindeyiz. Ben K\u0131br\u0131s T\u00fcrk\u00fc\u2019n\u00fcn \u015fan\u0131na yara\u015f\u0131r bu yeni yat\u0131r\u0131mlar\u0131m\u0131z\u0131n hay\u0131rl\u0131 u\u011furlu olmas\u0131n\u0131 diliyorum.\u00a0<\/p>\n<p>Her zaman s\u00f6yledi\u011fimiz bir s\u00f6z var.\u00a0\u2018Kuzey K\u0131br\u0131s\u2019\u0131n hakl\u0131 davas\u0131, bizim milli davam\u0131zd\u0131r!\u2019\u00a0\u0130nan\u0131n bu s\u00f6z, herhangi bir s\u00f6z de\u011fildir. Bu s\u00f6z; tarih\u00ee sorumlulu\u011fumuzun ve K\u0131br\u0131s T\u00fcrk\u00fc\u2019n\u00fcn g\u00fc\u00e7l\u00fc yar\u0131nlar\u0131n\u0131n bir yans\u0131mas\u0131d\u0131r.\u00a0Bu y\u00fczden karde\u015flerimizle\u00a0\u2018ortak gelece\u011fimizi, yine ortak ad\u0131mlarla\u2019 planl\u0131yoruz. Bu irade; yeri geldi\u011finde Say\u0131n Cumhurba\u015fkan\u0131m\u0131z\u0131n dilinden K\u0131br\u0131s T\u00fcrk Halk\u0131n\u0131n maruz b\u0131rak\u0131ld\u0131\u011f\u0131 izolasyona tepki olarak ortaya \u00e7\u0131k\u0131yor.\u00a0<\/p>\n<p>Yeri geldi\u011finde ise BM genel kurulunda, t\u00fcm d\u00fcnyaya\u00a0\u2018Kuzey K\u0131br\u0131s T\u00fcrk Cumhuriyeti\u2019ni acilen ve \u015farts\u0131z bir \u015fekilde tan\u0131y\u0131n!\u2019 \u00e7a\u011fr\u0131s\u0131na d\u00f6n\u00fc\u015f\u00fcyor.<\/p>\n<p>Devletimizin t\u00fcm kurumlar\u0131, bu g\u00fc\u00e7l\u00fc duru\u015fla adeta seferber olmu\u015f durumdad\u0131r. \u00d6zellikle de Bakanl\u0131\u011f\u0131m\u0131z; \u00e7evre, \u015fehir ve iklim de\u011fi\u015fikli\u011fi alan\u0131nda durmadan, dinlenmeden \u00e7al\u0131\u015f\u0131yor.<\/p>\n<p>K\u0131br\u0131s\u2019ta \u00e7ok \u00e7e\u015fitli alanlarda \u00e7al\u0131\u015fmalar y\u00fcr\u00fct\u00fcyoruz. Sosyal konut projelerinden dijital tapu ve kadastroya, co\u011frafi bilgi sistemlerinden ye\u015fil alan \u00fcretimine kadar bir\u00e7ok projeyi ayn\u0131 anda hayata ge\u00e7iriyoruz.\u201d<\/p>\n<p>Murat Kurum, KKTC Cumhurba\u015fkanl\u0131\u011f\u0131 yerle\u015fkesiyle Cumhuriyet Meclisi Binalar\u0131n\u0131 tamamlad\u0131klar\u0131n\u0131, Millet bah\u00e7esi ve cami projelerini de y\u0131l ortas\u0131na kadar bitirerek, K\u0131br\u0131s T\u00fcrk halk\u0131n\u0131n hizmetine sunacaklar\u0131n\u0131 s\u00f6yledi.\u00a0<\/p>\n<p>KKTC\u2019nin gelece\u011fine damga vuraca\u011f\u0131na inand\u0131\u011f\u0131 baz\u0131 hedefleri de payla\u015fan Kurum, \u015funlar\u0131 kaydetti:\u00a0<\/p>\n<p><em>-\u201cDijital tapu sistemini, K\u0131br\u0131s\u2019a ta\u015f\u0131yoruz\u201d<\/em><\/p>\n<p>\u00a0\u201c\u0130n\u015fallah \u00e7ok yak\u0131nda burada; tapu ve kadastro alan\u0131nda yeni bir \u00e7a\u011f ba\u015flat\u0131yoruz. T\u00fcrkiye\u2019de y\u0131llard\u0131r ba\u015far\u0131yla uygulad\u0131\u011f\u0131m\u0131z dijital tapu sistemini, K\u0131br\u0131s\u2019a ta\u015f\u0131yoruz. Vatanda\u015f\u0131m\u0131z\u0131n ta\u015f\u0131nmaz i\u015flemlerini \u00e7ok daha h\u0131zl\u0131 yapabilmesi i\u00e7in, KKTC tapu kadastro bilgi sistemi TAKB\u0130S\u2019i 2025 Haziran ay\u0131 sonunda devreye al\u0131yoruz.<\/p>\n<p>\u00dclkemizde her g\u00fcn 2 milyon ki\u015finin ziyaret etti\u011fi Parsel Sorgu sistemini; bu ay\u0131n sonunda K\u0131br\u0131s\u2019ta da hayata ge\u00e7iriyoruz. \u0130n\u015fallah bu uygulamayla; K\u0131br\u0131s\u2019ta art\u0131k herkes, ta\u015f\u0131nmazlar\u0131n\u0131n bilgilerine cep telefonlar\u0131 ya da bilgisayarlar\u0131 \u00fczerinden kolayca ula\u015fabilecek.\u00a0<\/p>\n<p>Yine bu ay sonunda havalanacak u\u00e7aklar\u0131m\u0131zla; KKTC\u2019nin 3 boyutlu gelece\u011fini \u00e7izmeye ba\u015fl\u0131yoruz.\u00a0<\/p>\n<p>T\u00fcm \u015fehirlerimizin dijital ikizlerini \u00e7\u0131kar\u0131yor, \u015fehirlerimizin afetlere kar\u015f\u0131 haz\u0131rlayacak olan her t\u00fcrl\u00fc sim\u00fclasyonu yapacak altyap\u0131y\u0131 kuruyoruz.\u00a0<\/p>\n<p><em>\u2013 Meteoroloji radar\u0131 kurulacak<\/em><\/p>\n<p>Bunun yan\u0131nda, Ada\u2019da meteoroloji radar\u0131m\u0131z\u0131 kuruyor; t\u00fcm meteorolojik tahminleri ve erken uyar\u0131lar\u0131 da halk\u0131m\u0131z\u0131n istifadesine sunuyoruz.\u00a0<\/p>\n<p>Yine K\u0131br\u0131s\u2019ta devam eden \u00e7\u00f6p sorununu karde\u015flerimizin g\u00fcndeminden tamamen \u00e7\u0131kar\u0131yoruz.\u00a0<\/p>\n<p><em>-KKTC\u2019ye 30 Depozito \u0130ade Makinesi\u2026<\/em><\/p>\n<p>Bu noktada; \u00e7ok yak\u0131nda d\u00fczenli depolama sistemimize dair ad\u0131mlar\u0131 beraberce atacak; S\u0131f\u0131r At\u0131k prensibiyle at\u0131klar\u0131n tamam\u0131n\u0131 bertaraf edece\u011fiz. Ayr\u0131ca, KKTC\u2019ye 30 adet Depozito \u0130ade Makinesi kurulumunu da \u00f6n\u00fcm\u00fczdeki aylarda yapaca\u011f\u0131z.\u201d<\/p>\n<p><em>\u2013 Yeni sosyal konutlar\u2026<\/em><\/p>\n<p>Kurum, yeni sosyal konut projesine de de\u011findi\u011fi konu\u015fmas\u0131n\u0131 \u015f\u00f6yle s\u00fcrd\u00fcrd\u00fc:<\/p>\n<p>\u201cAs\u0131l m\u00fcjdemizi sona saklad\u0131m. Beklentinin b\u00fcy\u00fck oldu\u011funu biliyorum. 3.3 milyon konutu d\u00f6n\u00fc\u015ft\u00fcrm\u00fc\u015f, 1.4 milyon sosyal konut \u00fcretmi\u015f bir \u00fclke olarak; bu tecr\u00fcbemizi K\u0131br\u0131s\u2019l\u0131 karde\u015flerimiz i\u00e7in de kullanaca\u011f\u0131z. Evet, TOK\u0130\u2019mizle K\u0131br\u0131s\u2019ta yeni sosyal konutlar yapaca\u011f\u0131z.<\/p>\n<p>Bu muhte\u015fem projemizi de in\u015fallah Say\u0131n Cumhurba\u015fkan\u0131m\u0131z May\u0131s ay\u0131ndaki ziyaretinde sizlerle payla\u015facaklar. Ben \u015fimdiden, t\u00fcm hedeflerimizin, t\u00fcm yat\u0131r\u0131mlar\u0131m\u0131z\u0131n K\u0131br\u0131sl\u0131 karde\u015flerimiz i\u00e7in hay\u0131rl\u0131 u\u011furlu olmas\u0131n\u0131 diliyorum.\u201d<\/p>\n<p>Murat Kurum, K\u0131br\u0131s\u2019ta hi\u00e7bir \u00e7al\u0131\u015fmalar\u0131n\u0131 par\u00e7al\u0131 olarak d\u00fc\u015f\u00fcnmediklerini, aksine, in\u015fa ettikleri her eseri, Cumhurba\u015fkan\u0131 Ersin Tatar\u2019\u0131n \u201cG\u00fc\u00e7l\u00fc K\u0131br\u0131s Vizyonu\u201d ekseninde, h\u00fck\u00fcmetin yo\u011fun gayretleri neticesinde, bir b\u00fct\u00fcn\u00fcn par\u00e7alar\u0131 olarak hayata ge\u00e7irdiklerini s\u00f6yledi.\u00a0<\/p>\n<p>Cumhurba\u015fkan\u0131 Yard\u0131mc\u0131s\u0131 Cevdet Y\u0131lmaz\u2019\u0131n koordinasyonunda, ba\u015fbakan ve bakan arkada\u015flar\u0131yla; K\u0131br\u0131s T\u00fcrk halk\u0131n\u0131n gelecek 50 y\u0131l\u0131n\u0131, 100 y\u0131l\u0131n\u0131 garanti alt\u0131na alacak KKTC Master Plan\u0131n\u0131 hayata ge\u00e7irecek ad\u0131mlar\u0131 kararl\u0131l\u0131kla att\u0131klar\u0131n\u0131 ifade eden Kurum, \u015f\u00f6yle devam etti:\u00a0<\/p>\n<p>\u201cBu planla in\u015fallah Akdeniz\u2019in en \u00f6zel cazibe merkezi olacak K\u0131br\u0131s\u2019ta; \u00fclkenin imar\u0131ndan arazi planlamas\u0131na, ye\u015fil alanlar\u0131ndan altyap\u0131s\u0131na kadar her \u015feyi d\u00fc\u015f\u00fcnen;\u00a0\u00a0buradaki istihdam\u0131 ve \u00fcretimi olabilecek en y\u00fcksek noktaya ta\u015f\u0131yan bir \u015fehircilik anlay\u0131\u015f\u0131n\u0131 hep birlikte ortaya koyaca\u011f\u0131z.<\/p>\n<p>Bu noktada; K\u0131br\u0131s\u2019\u0131n tarihi derinli\u011fine ve devlet g\u00fcc\u00fcne yara\u015f\u0131r mek\u00e2nlara kavu\u015fmas\u0131n\u0131 \u00e7ok \u00f6nemsiyoruz.\u00a0<\/p>\n<p>\u0130n\u015fallah, bug\u00fcn burada temellerini att\u0131\u011f\u0131m\u0131z Y\u00fcksek Mahkememiz bitti\u011finde; mahkeme salonlar\u0131yla, toplant\u0131 ve t\u00f6ren alanlar\u0131yla muhte\u015fem bir eser olacak. Hakimlerimiz, savc\u0131lar\u0131m\u0131z, avukatlar\u0131m\u0131z ve adalet te\u015fkilat\u0131m\u0131z \u00e7ok daha g\u00fczel mekanlarda hizmet verecek; K\u0131br\u0131s T\u00fcrk halk\u0131 en iyi imkanlarla, en donan\u0131ml\u0131 mekanlarda adalet hizmeti alacak.\u00a0<\/p>\n<p>Yine, K\u00fct\u00fcphanemiz de tamamland\u0131\u011f\u0131nda, K\u0131br\u0131s\u2019\u0131m\u0131z\u0131n g\u00fc\u00e7l\u00fc nesillerini yeti\u015ftirecek bir ilim merkezi olacak. Bilime, tarihe, ecdada k\u0131ymet veren; milli \u015fuuru y\u00fcksek, adalet, merhamet ve \u015fefkat duygusu sa\u011flam bir nesil burada yeti\u015fecek.\u00a0<\/p>\n<p>\u015eunu samimiyetle s\u00f6yl\u00fcyorum. Benzer eserleri \u00e7o\u011faltmak i\u00e7in t\u00fcm ruhumuzla, t\u00fcm imk\u00e2nlar\u0131m\u0131zla al\u0131nteri d\u00f6kmeye devam edece\u011fiz.\u00a0<\/p>\n<p>Ada\u2019da yar\u0131m as\u0131rdan fazla s\u00fcredir adalet m\u00fccadelesi veren K\u0131br\u0131s T\u00fcrk halk\u0131na destek vermeye; karde\u015flerimizle ekme\u011fimizi, suyumuzu, gelece\u011fimizi payla\u015fmaya devam edece\u011fiz.\u00a0<\/p>\n<p>Ben bu duygularla s\u00f6zlerime son verirken; bu gurur verici projelere liderlik eden Say\u0131n Cumhurba\u015fkan\u0131m\u0131z Ersin Tatar\u2019a ve h\u00fck\u00fcmetimize \u00e7ok te\u015fekk\u00fcr ediyorum.\u00a0<\/p>\n<p>Gece g\u00fcnd\u00fcz demeden \u00e7al\u0131\u015fan emek\u00e7i karde\u015flerimize \u015f\u00fckranlar\u0131m\u0131 sunuyorum.\u00a0<\/p>\n<p>Bir kez daha, eserlerimizin K\u0131br\u0131s\u2019\u0131m\u0131z i\u00e7in hay\u0131rl\u0131 u\u011furlu olmas\u0131n\u0131 temenni ediyor, daha nice g\u00fczel eserlerin in\u015fas\u0131nda bulu\u015fmak dile\u011fiyle diyor, sizleri bir kez daha sayg\u0131yla selaml\u0131yorum.\u201d<\/p>\n<\/p><\/div>\n<p><script async\n                    defer\n                    crossorigin=\"anonymous\"\n                    src=\"https:\/\/connect.facebook.net\/tr_TR\/sdk.js#xfbml=1&#038;version=v3.3\"\n            ><\/script><\/p>\n","protected":false},"excerpt":{"rendered":"<p>T\u00fcrkiye Cumhuriyeti \u00c7evre, \u015eehircilik ve \u0130klim De\u011fi\u015fikli\u011fi Bakan\u0131 Murat Kurum, \u201cK\u0131br\u0131s T\u00fcrk halk\u0131n\u0131n gelecek 50 y\u0131l\u0131n\u0131, 100 y\u0131l\u0131n\u0131 garanti alt\u0131na alacak KKTC Master Plan\u0131m\u0131z\u0131 hayata ge\u00e7irecek ad\u0131mlar\u0131m\u0131z\u0131 kararl\u0131l\u0131kla at\u0131yoruz\u201d dedi. Kurum, \u201cbu planla Akdeniz\u2019in en \u00f6zel cazibe merkezi olacak K\u0131br\u0131s\u2019ta; \u00fclkenin imar\u0131ndan arazi planlamas\u0131na, ye\u015fil alanlar\u0131ndan altyap\u0131s\u0131na kadar her \u015feyi d\u00fc\u015f\u00fcnen, buradaki istihdam\u0131 ve \u00fcretimi [&hellip;]<\/p>\n","protected":false},"author":1,"featured_media":21632,"comment_status":"open","ping_status":"open","sticky":false,"template":"","format":"standard","meta":{"jnews-multi-image_gallery":[],"jnews_single_post":[],"jnews_primary_category":[],"footnotes":""},"categories":[2],"tags":[],"class_list":["post-21631","post","type-post","status-publish","format-standard","has-post-thumbnail","hentry","category-dunya"],"yoast_head":"<!-- This site is optimized with the Yoast SEO plugin v27.5 - https:\/\/yoast.com\/product\/yoast-seo-wordpress\/ -->\n<title>Y\u00fcksek Mahkeme Binas\u0131 Temel Atma T\u00f6reni. Kurum: KKTC Master Plan\u0131m\u0131z\u0131 hayata ge\u00e7irecek ad\u0131mlar\u0131m\u0131z\u0131 kararl\u0131l\u0131kla at\u0131yoruz - Haber Kuzey<\/title>\n<meta name=\"robots\" content=\"index, follow, max-snippet:-1, max-image-preview:large, max-video-preview:-1\" \/>\n<link rel=\"canonical\" href=\"https:\/\/haberkuzey.com\/index.php\/2025\/04\/10\/yuksek-mahkeme-binasi-temel-atma-toreni-kurum-kktc-master-planimizi-hayata-gecirecek-adimlarimizi-kararlilikla-atiyoruz\/\" \/>\n<meta property=\"og:locale\" content=\"tr_TR\" \/>\n<meta property=\"og:type\" content=\"article\" \/>\n<meta property=\"og:title\" content=\"Y\u00fcksek Mahkeme Binas\u0131 Temel Atma T\u00f6reni. Kurum: KKTC Master Plan\u0131m\u0131z\u0131 hayata ge\u00e7irecek ad\u0131mlar\u0131m\u0131z\u0131 kararl\u0131l\u0131kla at\u0131yoruz - Haber Kuzey\" \/>\n<meta property=\"og:description\" content=\"T\u00fcrkiye Cumhuriyeti \u00c7evre, \u015eehircilik ve \u0130klim De\u011fi\u015fikli\u011fi Bakan\u0131 Murat Kurum, \u201cK\u0131br\u0131s T\u00fcrk halk\u0131n\u0131n gelecek 50 y\u0131l\u0131n\u0131, 100 y\u0131l\u0131n\u0131 garanti alt\u0131na alacak KKTC Master Plan\u0131m\u0131z\u0131 hayata ge\u00e7irecek ad\u0131mlar\u0131m\u0131z\u0131 kararl\u0131l\u0131kla at\u0131yoruz\u201d dedi. Kurum, \u201cbu planla Akdeniz\u2019in en \u00f6zel cazibe merkezi olacak K\u0131br\u0131s\u2019ta; \u00fclkenin imar\u0131ndan arazi planlamas\u0131na, ye\u015fil alanlar\u0131ndan altyap\u0131s\u0131na kadar her \u015feyi d\u00fc\u015f\u00fcnen, buradaki istihdam\u0131 ve \u00fcretimi [&hellip;]\" \/>\n<meta property=\"og:url\" content=\"https:\/\/haberkuzey.com\/index.php\/2025\/04\/10\/yuksek-mahkeme-binasi-temel-atma-toreni-kurum-kktc-master-planimizi-hayata-gecirecek-adimlarimizi-kararlilikla-atiyoruz\/\" \/>\n<meta property=\"og:site_name\" content=\"Haber Kuzey\" \/>\n<meta property=\"article:published_time\" content=\"2025-04-10T12:34:15+00:00\" \/>\n<meta property=\"og:image\" content=\"https:\/\/brtk.net\/wp-content\/uploads\/2025\/04\/10\/KURUM-scaled.jpeg?ver=9eb33d54f0781ec9099c2d1a51451792\" \/>\n<meta name=\"author\" content=\"haberkuzey\" \/>\n<meta name=\"twitter:card\" content=\"summary_large_image\" \/>\n<meta name=\"twitter:label1\" content=\"Yazan:\" \/>\n\t<meta name=\"twitter:data1\" content=\"haberkuzey\" \/>\n\t<meta name=\"twitter:label2\" content=\"Tahmini okuma s\u00fcresi\" \/>\n\t<meta name=\"twitter:data2\" content=\"7 dakika\" \/>\n<script type=\"application\/ld+json\" class=\"yoast-schema-graph\">{\"@context\":\"https:\\\/\\\/schema.org\",\"@graph\":[{\"@type\":\"Article\",\"@id\":\"https:\\\/\\\/haberkuzey.com\\\/index.php\\\/2025\\\/04\\\/10\\\/yuksek-mahkeme-binasi-temel-atma-toreni-kurum-kktc-master-planimizi-hayata-gecirecek-adimlarimizi-kararlilikla-atiyoruz\\\/#article\",\"isPartOf\":{\"@id\":\"https:\\\/\\\/haberkuzey.com\\\/index.php\\\/2025\\\/04\\\/10\\\/yuksek-mahkeme-binasi-temel-atma-toreni-kurum-kktc-master-planimizi-hayata-gecirecek-adimlarimizi-kararlilikla-atiyoruz\\\/\"},\"author\":{\"name\":\"haberkuzey\",\"@id\":\"https:\\\/\\\/haberkuzey.com\\\/#\\\/schema\\\/person\\\/3372109ec735f9333f4fa47ebb9605ca\"},\"headline\":\"Y\u00fcksek Mahkeme Binas\u0131 Temel Atma T\u00f6reni. Kurum: KKTC Master Plan\u0131m\u0131z\u0131 hayata ge\u00e7irecek ad\u0131mlar\u0131m\u0131z\u0131 kararl\u0131l\u0131kla at\u0131yoruz\",\"datePublished\":\"2025-04-10T12:34:15+00:00\",\"mainEntityOfPage\":{\"@id\":\"https:\\\/\\\/haberkuzey.com\\\/index.php\\\/2025\\\/04\\\/10\\\/yuksek-mahkeme-binasi-temel-atma-toreni-kurum-kktc-master-planimizi-hayata-gecirecek-adimlarimizi-kararlilikla-atiyoruz\\\/\"},\"wordCount\":1346,\"commentCount\":0,\"image\":{\"@id\":\"https:\\\/\\\/haberkuzey.com\\\/index.php\\\/2025\\\/04\\\/10\\\/yuksek-mahkeme-binasi-temel-atma-toreni-kurum-kktc-master-planimizi-hayata-gecirecek-adimlarimizi-kararlilikla-atiyoruz\\\/#primaryimage\"},\"thumbnailUrl\":\"https:\\\/\\\/haberkuzey.com\\\/wp-content\\\/uploads\\\/2025\\\/04\\\/KURUM-scaled.jpeg\",\"articleSection\":[\"D\u00fcnya\"],\"inLanguage\":\"tr\",\"potentialAction\":[{\"@type\":\"CommentAction\",\"name\":\"Comment\",\"target\":[\"https:\\\/\\\/haberkuzey.com\\\/index.php\\\/2025\\\/04\\\/10\\\/yuksek-mahkeme-binasi-temel-atma-toreni-kurum-kktc-master-planimizi-hayata-gecirecek-adimlarimizi-kararlilikla-atiyoruz\\\/#respond\"]}]},{\"@type\":\"WebPage\",\"@id\":\"https:\\\/\\\/haberkuzey.com\\\/index.php\\\/2025\\\/04\\\/10\\\/yuksek-mahkeme-binasi-temel-atma-toreni-kurum-kktc-master-planimizi-hayata-gecirecek-adimlarimizi-kararlilikla-atiyoruz\\\/\",\"url\":\"https:\\\/\\\/haberkuzey.com\\\/index.php\\\/2025\\\/04\\\/10\\\/yuksek-mahkeme-binasi-temel-atma-toreni-kurum-kktc-master-planimizi-hayata-gecirecek-adimlarimizi-kararlilikla-atiyoruz\\\/\",\"name\":\"Y\u00fcksek Mahkeme Binas\u0131 Temel Atma T\u00f6reni. Kurum: KKTC Master Plan\u0131m\u0131z\u0131 hayata ge\u00e7irecek ad\u0131mlar\u0131m\u0131z\u0131 kararl\u0131l\u0131kla at\u0131yoruz - Haber Kuzey\",\"isPartOf\":{\"@id\":\"https:\\\/\\\/haberkuzey.com\\\/#website\"},\"primaryImageOfPage\":{\"@id\":\"https:\\\/\\\/haberkuzey.com\\\/index.php\\\/2025\\\/04\\\/10\\\/yuksek-mahkeme-binasi-temel-atma-toreni-kurum-kktc-master-planimizi-hayata-gecirecek-adimlarimizi-kararlilikla-atiyoruz\\\/#primaryimage\"},\"image\":{\"@id\":\"https:\\\/\\\/haberkuzey.com\\\/index.php\\\/2025\\\/04\\\/10\\\/yuksek-mahkeme-binasi-temel-atma-toreni-kurum-kktc-master-planimizi-hayata-gecirecek-adimlarimizi-kararlilikla-atiyoruz\\\/#primaryimage\"},\"thumbnailUrl\":\"https:\\\/\\\/haberkuzey.com\\\/wp-content\\\/uploads\\\/2025\\\/04\\\/KURUM-scaled.jpeg\",\"datePublished\":\"2025-04-10T12:34:15+00:00\",\"author\":{\"@id\":\"https:\\\/\\\/haberkuzey.com\\\/#\\\/schema\\\/person\\\/3372109ec735f9333f4fa47ebb9605ca\"},\"breadcrumb\":{\"@id\":\"https:\\\/\\\/haberkuzey.com\\\/index.php\\\/2025\\\/04\\\/10\\\/yuksek-mahkeme-binasi-temel-atma-toreni-kurum-kktc-master-planimizi-hayata-gecirecek-adimlarimizi-kararlilikla-atiyoruz\\\/#breadcrumb\"},\"inLanguage\":\"tr\",\"potentialAction\":[{\"@type\":\"ReadAction\",\"target\":[\"https:\\\/\\\/haberkuzey.com\\\/index.php\\\/2025\\\/04\\\/10\\\/yuksek-mahkeme-binasi-temel-atma-toreni-kurum-kktc-master-planimizi-hayata-gecirecek-adimlarimizi-kararlilikla-atiyoruz\\\/\"]}]},{\"@type\":\"ImageObject\",\"inLanguage\":\"tr\",\"@id\":\"https:\\\/\\\/haberkuzey.com\\\/index.php\\\/2025\\\/04\\\/10\\\/yuksek-mahkeme-binasi-temel-atma-toreni-kurum-kktc-master-planimizi-hayata-gecirecek-adimlarimizi-kararlilikla-atiyoruz\\\/#primaryimage\",\"url\":\"https:\\\/\\\/haberkuzey.com\\\/wp-content\\\/uploads\\\/2025\\\/04\\\/KURUM-scaled.jpeg\",\"contentUrl\":\"https:\\\/\\\/haberkuzey.com\\\/wp-content\\\/uploads\\\/2025\\\/04\\\/KURUM-scaled.jpeg\",\"width\":2560,\"height\":1707},{\"@type\":\"BreadcrumbList\",\"@id\":\"https:\\\/\\\/haberkuzey.com\\\/index.php\\\/2025\\\/04\\\/10\\\/yuksek-mahkeme-binasi-temel-atma-toreni-kurum-kktc-master-planimizi-hayata-gecirecek-adimlarimizi-kararlilikla-atiyoruz\\\/#breadcrumb\",\"itemListElement\":[{\"@type\":\"ListItem\",\"position\":1,\"name\":\"Anasayfa\",\"item\":\"https:\\\/\\\/haberkuzey.com\\\/\"},{\"@type\":\"ListItem\",\"position\":2,\"name\":\"Y\u00fcksek Mahkeme Binas\u0131 Temel Atma T\u00f6reni. Kurum: KKTC Master Plan\u0131m\u0131z\u0131 hayata ge\u00e7irecek ad\u0131mlar\u0131m\u0131z\u0131 kararl\u0131l\u0131kla at\u0131yoruz\"}]},{\"@type\":\"WebSite\",\"@id\":\"https:\\\/\\\/haberkuzey.com\\\/#website\",\"url\":\"https:\\\/\\\/haberkuzey.com\\\/\",\"name\":\"Haber Kuzey\",\"description\":\"Do\u011fru Haberin Adresi\",\"potentialAction\":[{\"@type\":\"SearchAction\",\"target\":{\"@type\":\"EntryPoint\",\"urlTemplate\":\"https:\\\/\\\/haberkuzey.com\\\/?s={search_term_string}\"},\"query-input\":{\"@type\":\"PropertyValueSpecification\",\"valueRequired\":true,\"valueName\":\"search_term_string\"}}],\"inLanguage\":\"tr\"},{\"@type\":\"Person\",\"@id\":\"https:\\\/\\\/haberkuzey.com\\\/#\\\/schema\\\/person\\\/3372109ec735f9333f4fa47ebb9605ca\",\"name\":\"haberkuzey\",\"image\":{\"@type\":\"ImageObject\",\"inLanguage\":\"tr\",\"@id\":\"https:\\\/\\\/secure.gravatar.com\\\/avatar\\\/f5fc875574b1575324358c3b9e6a32b8227aa5b74f3fa22e3cadb63e26fcc39c?s=96&d=mm&r=g\",\"url\":\"https:\\\/\\\/secure.gravatar.com\\\/avatar\\\/f5fc875574b1575324358c3b9e6a32b8227aa5b74f3fa22e3cadb63e26fcc39c?s=96&d=mm&r=g\",\"contentUrl\":\"https:\\\/\\\/secure.gravatar.com\\\/avatar\\\/f5fc875574b1575324358c3b9e6a32b8227aa5b74f3fa22e3cadb63e26fcc39c?s=96&d=mm&r=g\",\"caption\":\"haberkuzey\"},\"sameAs\":[\"https:\\\/\\\/haberkuzey.com\"],\"url\":\"https:\\\/\\\/haberkuzey.com\\\/index.php\\\/author\\\/haberkuzey\\\/\"}]}<\/script>\n<!-- \/ Yoast SEO plugin. -->","yoast_head_json":{"title":"Y\u00fcksek Mahkeme Binas\u0131 Temel Atma T\u00f6reni. Kurum: KKTC Master Plan\u0131m\u0131z\u0131 hayata ge\u00e7irecek ad\u0131mlar\u0131m\u0131z\u0131 kararl\u0131l\u0131kla at\u0131yoruz - Haber Kuzey","robots":{"index":"index","follow":"follow","max-snippet":"max-snippet:-1","max-image-preview":"max-image-preview:large","max-video-preview":"max-video-preview:-1"},"canonical":"https:\/\/haberkuzey.com\/index.php\/2025\/04\/10\/yuksek-mahkeme-binasi-temel-atma-toreni-kurum-kktc-master-planimizi-hayata-gecirecek-adimlarimizi-kararlilikla-atiyoruz\/","og_locale":"tr_TR","og_type":"article","og_title":"Y\u00fcksek Mahkeme Binas\u0131 Temel Atma T\u00f6reni. Kurum: KKTC Master Plan\u0131m\u0131z\u0131 hayata ge\u00e7irecek ad\u0131mlar\u0131m\u0131z\u0131 kararl\u0131l\u0131kla at\u0131yoruz - Haber Kuzey","og_description":"T\u00fcrkiye Cumhuriyeti \u00c7evre, \u015eehircilik ve \u0130klim De\u011fi\u015fikli\u011fi Bakan\u0131 Murat Kurum, \u201cK\u0131br\u0131s T\u00fcrk halk\u0131n\u0131n gelecek 50 y\u0131l\u0131n\u0131, 100 y\u0131l\u0131n\u0131 garanti alt\u0131na alacak KKTC Master Plan\u0131m\u0131z\u0131 hayata ge\u00e7irecek ad\u0131mlar\u0131m\u0131z\u0131 kararl\u0131l\u0131kla at\u0131yoruz\u201d dedi. Kurum, \u201cbu planla Akdeniz\u2019in en \u00f6zel cazibe merkezi olacak K\u0131br\u0131s\u2019ta; \u00fclkenin imar\u0131ndan arazi planlamas\u0131na, ye\u015fil alanlar\u0131ndan altyap\u0131s\u0131na kadar her \u015feyi d\u00fc\u015f\u00fcnen, buradaki istihdam\u0131 ve \u00fcretimi [&hellip;]","og_url":"https:\/\/haberkuzey.com\/index.php\/2025\/04\/10\/yuksek-mahkeme-binasi-temel-atma-toreni-kurum-kktc-master-planimizi-hayata-gecirecek-adimlarimizi-kararlilikla-atiyoruz\/","og_site_name":"Haber Kuzey","article_published_time":"2025-04-10T12:34:15+00:00","og_image":[{"url":"https:\/\/brtk.net\/wp-content\/uploads\/2025\/04\/10\/KURUM-scaled.jpeg?ver=9eb33d54f0781ec9099c2d1a51451792","type":"","width":"","height":""}],"author":"haberkuzey","twitter_card":"summary_large_image","twitter_misc":{"Yazan:":"haberkuzey","Tahmini okuma s\u00fcresi":"7 dakika"},"schema":{"@context":"https:\/\/schema.org","@graph":[{"@type":"Article","@id":"https:\/\/haberkuzey.com\/index.php\/2025\/04\/10\/yuksek-mahkeme-binasi-temel-atma-toreni-kurum-kktc-master-planimizi-hayata-gecirecek-adimlarimizi-kararlilikla-atiyoruz\/#article","isPartOf":{"@id":"https:\/\/haberkuzey.com\/index.php\/2025\/04\/10\/yuksek-mahkeme-binasi-temel-atma-toreni-kurum-kktc-master-planimizi-hayata-gecirecek-adimlarimizi-kararlilikla-atiyoruz\/"},"author":{"name":"haberkuzey","@id":"https:\/\/haberkuzey.com\/#\/schema\/person\/3372109ec735f9333f4fa47ebb9605ca"},"headline":"Y\u00fcksek Mahkeme Binas\u0131 Temel Atma T\u00f6reni. Kurum: KKTC Master Plan\u0131m\u0131z\u0131 hayata ge\u00e7irecek ad\u0131mlar\u0131m\u0131z\u0131 kararl\u0131l\u0131kla at\u0131yoruz","datePublished":"2025-04-10T12:34:15+00:00","mainEntityOfPage":{"@id":"https:\/\/haberkuzey.com\/index.php\/2025\/04\/10\/yuksek-mahkeme-binasi-temel-atma-toreni-kurum-kktc-master-planimizi-hayata-gecirecek-adimlarimizi-kararlilikla-atiyoruz\/"},"wordCount":1346,"commentCount":0,"image":{"@id":"https:\/\/haberkuzey.com\/index.php\/2025\/04\/10\/yuksek-mahkeme-binasi-temel-atma-toreni-kurum-kktc-master-planimizi-hayata-gecirecek-adimlarimizi-kararlilikla-atiyoruz\/#primaryimage"},"thumbnailUrl":"https:\/\/haberkuzey.com\/wp-content\/uploads\/2025\/04\/KURUM-scaled.jpeg","articleSection":["D\u00fcnya"],"inLanguage":"tr","potentialAction":[{"@type":"CommentAction","name":"Comment","target":["https:\/\/haberkuzey.com\/index.php\/2025\/04\/10\/yuksek-mahkeme-binasi-temel-atma-toreni-kurum-kktc-master-planimizi-hayata-gecirecek-adimlarimizi-kararlilikla-atiyoruz\/#respond"]}]},{"@type":"WebPage","@id":"https:\/\/haberkuzey.com\/index.php\/2025\/04\/10\/yuksek-mahkeme-binasi-temel-atma-toreni-kurum-kktc-master-planimizi-hayata-gecirecek-adimlarimizi-kararlilikla-atiyoruz\/","url":"https:\/\/haberkuzey.com\/index.php\/2025\/04\/10\/yuksek-mahkeme-binasi-temel-atma-toreni-kurum-kktc-master-planimizi-hayata-gecirecek-adimlarimizi-kararlilikla-atiyoruz\/","name":"Y\u00fcksek Mahkeme Binas\u0131 Temel Atma T\u00f6reni. Kurum: KKTC Master Plan\u0131m\u0131z\u0131 hayata ge\u00e7irecek ad\u0131mlar\u0131m\u0131z\u0131 kararl\u0131l\u0131kla at\u0131yoruz - Haber Kuzey","isPartOf":{"@id":"https:\/\/haberkuzey.com\/#website"},"primaryImageOfPage":{"@id":"https:\/\/haberkuzey.com\/index.php\/2025\/04\/10\/yuksek-mahkeme-binasi-temel-atma-toreni-kurum-kktc-master-planimizi-hayata-gecirecek-adimlarimizi-kararlilikla-atiyoruz\/#primaryimage"},"image":{"@id":"https:\/\/haberkuzey.com\/index.php\/2025\/04\/10\/yuksek-mahkeme-binasi-temel-atma-toreni-kurum-kktc-master-planimizi-hayata-gecirecek-adimlarimizi-kararlilikla-atiyoruz\/#primaryimage"},"thumbnailUrl":"https:\/\/haberkuzey.com\/wp-content\/uploads\/2025\/04\/KURUM-scaled.jpeg","datePublished":"2025-04-10T12:34:15+00:00","author":{"@id":"https:\/\/haberkuzey.com\/#\/schema\/person\/3372109ec735f9333f4fa47ebb9605ca"},"breadcrumb":{"@id":"https:\/\/haberkuzey.com\/index.php\/2025\/04\/10\/yuksek-mahkeme-binasi-temel-atma-toreni-kurum-kktc-master-planimizi-hayata-gecirecek-adimlarimizi-kararlilikla-atiyoruz\/#breadcrumb"},"inLanguage":"tr","potentialAction":[{"@type":"ReadAction","target":["https:\/\/haberkuzey.com\/index.php\/2025\/04\/10\/yuksek-mahkeme-binasi-temel-atma-toreni-kurum-kktc-master-planimizi-hayata-gecirecek-adimlarimizi-kararlilikla-atiyoruz\/"]}]},{"@type":"ImageObject","inLanguage":"tr","@id":"https:\/\/haberkuzey.com\/index.php\/2025\/04\/10\/yuksek-mahkeme-binasi-temel-atma-toreni-kurum-kktc-master-planimizi-hayata-gecirecek-adimlarimizi-kararlilikla-atiyoruz\/#primaryimage","url":"https:\/\/haberkuzey.com\/wp-content\/uploads\/2025\/04\/KURUM-scaled.jpeg","contentUrl":"https:\/\/haberkuzey.com\/wp-content\/uploads\/2025\/04\/KURUM-scaled.jpeg","width":2560,"height":1707},{"@type":"BreadcrumbList","@id":"https:\/\/haberkuzey.com\/index.php\/2025\/04\/10\/yuksek-mahkeme-binasi-temel-atma-toreni-kurum-kktc-master-planimizi-hayata-gecirecek-adimlarimizi-kararlilikla-atiyoruz\/#breadcrumb","itemListElement":[{"@type":"ListItem","position":1,"name":"Anasayfa","item":"https:\/\/haberkuzey.com\/"},{"@type":"ListItem","position":2,"name":"Y\u00fcksek Mahkeme Binas\u0131 Temel Atma T\u00f6reni. Kurum: KKTC Master Plan\u0131m\u0131z\u0131 hayata ge\u00e7irecek ad\u0131mlar\u0131m\u0131z\u0131 kararl\u0131l\u0131kla at\u0131yoruz"}]},{"@type":"WebSite","@id":"https:\/\/haberkuzey.com\/#website","url":"https:\/\/haberkuzey.com\/","name":"Haber Kuzey","description":"Do\u011fru Haberin Adresi","potentialAction":[{"@type":"SearchAction","target":{"@type":"EntryPoint","urlTemplate":"https:\/\/haberkuzey.com\/?s={search_term_string}"},"query-input":{"@type":"PropertyValueSpecification","valueRequired":true,"valueName":"search_term_string"}}],"inLanguage":"tr"},{"@type":"Person","@id":"https:\/\/haberkuzey.com\/#\/schema\/person\/3372109ec735f9333f4fa47ebb9605ca","name":"haberkuzey","image":{"@type":"ImageObject","inLanguage":"tr","@id":"https:\/\/secure.gravatar.com\/avatar\/f5fc875574b1575324358c3b9e6a32b8227aa5b74f3fa22e3cadb63e26fcc39c?s=96&d=mm&r=g","url":"https:\/\/secure.gravatar.com\/avatar\/f5fc875574b1575324358c3b9e6a32b8227aa5b74f3fa22e3cadb63e26fcc39c?s=96&d=mm&r=g","contentUrl":"https:\/\/secure.gravatar.com\/avatar\/f5fc875574b1575324358c3b9e6a32b8227aa5b74f3fa22e3cadb63e26fcc39c?s=96&d=mm&r=g","caption":"haberkuzey"},"sameAs":["https:\/\/haberkuzey.com"],"url":"https:\/\/haberkuzey.com\/index.php\/author\/haberkuzey\/"}]}},"_links":{"self":[{"href":"https:\/\/haberkuzey.com\/index.php\/wp-json\/wp\/v2\/posts\/21631","targetHints":{"allow":["GET"]}}],"collection":[{"href":"https:\/\/haberkuzey.com\/index.php\/wp-json\/wp\/v2\/posts"}],"about":[{"href":"https:\/\/haberkuzey.com\/index.php\/wp-json\/wp\/v2\/types\/post"}],"author":[{"embeddable":true,"href":"https:\/\/haberkuzey.com\/index.php\/wp-json\/wp\/v2\/users\/1"}],"replies":[{"embeddable":true,"href":"https:\/\/haberkuzey.com\/index.php\/wp-json\/wp\/v2\/comments?post=21631"}],"version-history":[{"count":0,"href":"https:\/\/haberkuzey.com\/index.php\/wp-json\/wp\/v2\/posts\/21631\/revisions"}],"wp:featuredmedia":[{"embeddable":true,"href":"https:\/\/haberkuzey.com\/index.php\/wp-json\/wp\/v2\/media\/21632"}],"wp:attachment":[{"href":"https:\/\/haberkuzey.com\/index.php\/wp-json\/wp\/v2\/media?parent=21631"}],"wp:term":[{"taxonomy":"category","embeddable":true,"href":"https:\/\/haberkuzey.com\/index.php\/wp-json\/wp\/v2\/categories?post=21631"},{"taxonomy":"post_tag","embeddable":true,"href":"https:\/\/haberkuzey.com\/index.php\/wp-json\/wp\/v2\/tags?post=21631"}],"curies":[{"name":"wp","href":"https:\/\/api.w.org\/{rel}","templated":true}]}}