{"id":21575,"date":"2025-04-09T21:19:12","date_gmt":"2025-04-09T18:19:12","guid":{"rendered":"https:\/\/haberkuzey.com\/index.php\/2025\/04\/09\/desticiozbekistan-kazakistan-ve-turkmenistanin-guney-kibrista-elcilik-acmasi-hayal-kirikligi-yaratti\/"},"modified":"2025-04-09T21:19:12","modified_gmt":"2025-04-09T18:19:12","slug":"desticiozbekistan-kazakistan-ve-turkmenistanin-guney-kibrista-elcilik-acmasi-hayal-kirikligi-yaratti","status":"publish","type":"post","link":"https:\/\/haberkuzey.com\/index.php\/2025\/04\/09\/desticiozbekistan-kazakistan-ve-turkmenistanin-guney-kibrista-elcilik-acmasi-hayal-kirikligi-yaratti\/","title":{"rendered":"Destici:\u00d6zbekistan, Kazakistan ve T\u00fcrkmenistan\u2019\u0131n G\u00fcney K\u0131br\u0131s\u2019ta el\u00e7ilik a\u00e7mas\u0131 hayal k\u0131r\u0131kl\u0131\u011f\u0131 yaratt\u0131"},"content":{"rendered":"<div>\n<div class=\"mariselle-image-container center\">\n                                            <\/div>\n<p>T\u00fcrkiye\u2019deki B\u00fcy\u00fck Birlik Partisi Genel Ba\u015fkan\u0131 Mustafa Destici, , partisinin genel merkezinde d\u00fczenledi\u011fi bas\u0131n toplant\u0131s\u0131nda \u00d6zbekistan, Kazakistan ve T\u00fcrkmenistan\u2019\u0131n G\u00fcney K\u0131br\u0131s\u2019ta el\u00e7ilik a\u00e7mas\u0131na tepki g\u00f6sterdi.<\/p>\n<p>Destici, \u201cT\u00fcrk Devletleri Te\u015fkilat\u0131 \u00fcyesi \u00fc\u00e7 \u00fclkenin Kuzey K\u0131br\u0131s T\u00fcrk Cumhuriyeti\u2019ni resmi olarak tan\u0131may\u0131p tam bunun kar\u015f\u0131s\u0131nda G\u00fcney K\u0131br\u0131s Rum Y\u00f6netimi b\u00f6lgesine b\u00fcy\u00fckel\u00e7i atamas\u0131 ger\u00e7ekten onlar ad\u0131na b\u00fcy\u00fck bir talihsizlik, bizim a\u00e7\u0131m\u0131zdan da b\u00fcy\u00fck bir hayal k\u0131r\u0131kl\u0131\u011f\u0131 oldu\u201d diye konu\u015ftu.<\/p>\n<p>D\u0131\u015fi\u015fleri Bakanl\u0131\u011f\u0131 ve T\u00fcrk Devletleri Te\u015fkilat\u0131\u2019ndaki temsilcilerin, T\u00fcrk Devletleri Te\u015fkilat\u0131n\u0131 acilen toplant\u0131ya \u00e7a\u011f\u0131rmas\u0131n\u0131 talep eden Destici, durumun T\u00fcrkiye ve T\u00fcrk milleti a\u00e7\u0131s\u0131ndan hassasiyetini \u00fcye \u00fclkelere ciddi \u015fekilde anlat\u0131lmas\u0131 gerekti\u011finin alt\u0131n\u0131 \u00e7izdi.<\/p>\n<p>Destici, \u201cKuzey K\u0131br\u0131s T\u00fcrk Cumhuriyeti\u2019nin T\u00fcrk Devletleri Te\u015fkilat\u0131na \u00fcyeli\u011fi kesin olarak kabul edilmelidir\u201d ifadesini kulland\u0131.<\/p>\n<\/p><\/div>\n<p><script async\n                    defer\n                    crossorigin=\"anonymous\"\n                    src=\"https:\/\/connect.facebook.net\/tr_TR\/sdk.js#xfbml=1&#038;version=v3.3\"\n            ><\/script><\/p>\n","protected":false},"excerpt":{"rendered":"<p>T\u00fcrkiye\u2019deki B\u00fcy\u00fck Birlik Partisi Genel Ba\u015fkan\u0131 Mustafa Destici, , partisinin genel merkezinde d\u00fczenledi\u011fi bas\u0131n toplant\u0131s\u0131nda \u00d6zbekistan, Kazakistan ve T\u00fcrkmenistan\u2019\u0131n G\u00fcney K\u0131br\u0131s\u2019ta el\u00e7ilik a\u00e7mas\u0131na tepki g\u00f6sterdi. Destici, \u201cT\u00fcrk Devletleri Te\u015fkilat\u0131 \u00fcyesi \u00fc\u00e7 \u00fclkenin Kuzey K\u0131br\u0131s T\u00fcrk Cumhuriyeti\u2019ni resmi olarak tan\u0131may\u0131p tam bunun kar\u015f\u0131s\u0131nda G\u00fcney K\u0131br\u0131s Rum Y\u00f6netimi b\u00f6lgesine b\u00fcy\u00fckel\u00e7i atamas\u0131 ger\u00e7ekten onlar ad\u0131na b\u00fcy\u00fck bir talihsizlik, [&hellip;]<\/p>\n","protected":false},"author":1,"featured_media":21576,"comment_status":"open","ping_status":"open","sticky":false,"template":"","format":"standard","meta":{"jnews-multi-image_gallery":[],"jnews_single_post":[],"jnews_primary_category":[],"footnotes":""},"categories":[2],"tags":[],"class_list":["post-21575","post","type-post","status-publish","format-standard","has-post-thumbnail","hentry","category-dunya"],"yoast_head":"<!-- This site is optimized with the Yoast SEO plugin v27.5 - https:\/\/yoast.com\/product\/yoast-seo-wordpress\/ -->\n<title>Destici:\u00d6zbekistan, Kazakistan ve T\u00fcrkmenistan\u2019\u0131n G\u00fcney K\u0131br\u0131s\u2019ta el\u00e7ilik a\u00e7mas\u0131 hayal k\u0131r\u0131kl\u0131\u011f\u0131 yaratt\u0131 - Haber Kuzey<\/title>\n<meta name=\"robots\" content=\"index, follow, max-snippet:-1, max-image-preview:large, max-video-preview:-1\" \/>\n<link rel=\"canonical\" href=\"https:\/\/haberkuzey.com\/index.php\/2025\/04\/09\/desticiozbekistan-kazakistan-ve-turkmenistanin-guney-kibrista-elcilik-acmasi-hayal-kirikligi-yaratti\/\" \/>\n<meta property=\"og:locale\" content=\"tr_TR\" \/>\n<meta property=\"og:type\" content=\"article\" \/>\n<meta property=\"og:title\" content=\"Destici:\u00d6zbekistan, Kazakistan ve T\u00fcrkmenistan\u2019\u0131n G\u00fcney K\u0131br\u0131s\u2019ta el\u00e7ilik a\u00e7mas\u0131 hayal k\u0131r\u0131kl\u0131\u011f\u0131 yaratt\u0131 - Haber Kuzey\" \/>\n<meta property=\"og:description\" content=\"T\u00fcrkiye\u2019deki B\u00fcy\u00fck Birlik Partisi Genel Ba\u015fkan\u0131 Mustafa Destici, , partisinin genel merkezinde d\u00fczenledi\u011fi bas\u0131n toplant\u0131s\u0131nda \u00d6zbekistan, Kazakistan ve T\u00fcrkmenistan\u2019\u0131n G\u00fcney K\u0131br\u0131s\u2019ta el\u00e7ilik a\u00e7mas\u0131na tepki g\u00f6sterdi. Destici, \u201cT\u00fcrk Devletleri Te\u015fkilat\u0131 \u00fcyesi \u00fc\u00e7 \u00fclkenin Kuzey K\u0131br\u0131s T\u00fcrk Cumhuriyeti\u2019ni resmi olarak tan\u0131may\u0131p tam bunun kar\u015f\u0131s\u0131nda G\u00fcney K\u0131br\u0131s Rum Y\u00f6netimi b\u00f6lgesine b\u00fcy\u00fckel\u00e7i atamas\u0131 ger\u00e7ekten onlar ad\u0131na b\u00fcy\u00fck bir talihsizlik, [&hellip;]\" \/>\n<meta property=\"og:url\" content=\"https:\/\/haberkuzey.com\/index.php\/2025\/04\/09\/desticiozbekistan-kazakistan-ve-turkmenistanin-guney-kibrista-elcilik-acmasi-hayal-kirikligi-yaratti\/\" \/>\n<meta property=\"og:site_name\" content=\"Haber Kuzey\" \/>\n<meta property=\"article:published_time\" content=\"2025-04-09T18:19:12+00:00\" \/>\n<meta property=\"og:image\" content=\"https:\/\/brtk.net\/wp-content\/uploads\/2025\/04\/09\/destici.jpg?ver=0ee1a2f0ced8ed1da9bb6494bfb0134a\" \/>\n<meta name=\"author\" content=\"haberkuzey\" \/>\n<meta name=\"twitter:card\" content=\"summary_large_image\" \/>\n<meta name=\"twitter:label1\" content=\"Yazan:\" \/>\n\t<meta name=\"twitter:data1\" content=\"haberkuzey\" \/>\n\t<meta name=\"twitter:label2\" content=\"Tahmini okuma s\u00fcresi\" \/>\n\t<meta name=\"twitter:data2\" content=\"1 dakika\" \/>\n<script type=\"application\/ld+json\" class=\"yoast-schema-graph\">{\"@context\":\"https:\\\/\\\/schema.org\",\"@graph\":[{\"@type\":\"Article\",\"@id\":\"https:\\\/\\\/haberkuzey.com\\\/index.php\\\/2025\\\/04\\\/09\\\/desticiozbekistan-kazakistan-ve-turkmenistanin-guney-kibrista-elcilik-acmasi-hayal-kirikligi-yaratti\\\/#article\",\"isPartOf\":{\"@id\":\"https:\\\/\\\/haberkuzey.com\\\/index.php\\\/2025\\\/04\\\/09\\\/desticiozbekistan-kazakistan-ve-turkmenistanin-guney-kibrista-elcilik-acmasi-hayal-kirikligi-yaratti\\\/\"},\"author\":{\"name\":\"haberkuzey\",\"@id\":\"https:\\\/\\\/haberkuzey.com\\\/#\\\/schema\\\/person\\\/3372109ec735f9333f4fa47ebb9605ca\"},\"headline\":\"Destici:\u00d6zbekistan, Kazakistan ve T\u00fcrkmenistan\u2019\u0131n G\u00fcney K\u0131br\u0131s\u2019ta el\u00e7ilik a\u00e7mas\u0131 hayal k\u0131r\u0131kl\u0131\u011f\u0131 yaratt\u0131\",\"datePublished\":\"2025-04-09T18:19:12+00:00\",\"mainEntityOfPage\":{\"@id\":\"https:\\\/\\\/haberkuzey.com\\\/index.php\\\/2025\\\/04\\\/09\\\/desticiozbekistan-kazakistan-ve-turkmenistanin-guney-kibrista-elcilik-acmasi-hayal-kirikligi-yaratti\\\/\"},\"wordCount\":206,\"commentCount\":0,\"image\":{\"@id\":\"https:\\\/\\\/haberkuzey.com\\\/index.php\\\/2025\\\/04\\\/09\\\/desticiozbekistan-kazakistan-ve-turkmenistanin-guney-kibrista-elcilik-acmasi-hayal-kirikligi-yaratti\\\/#primaryimage\"},\"thumbnailUrl\":\"https:\\\/\\\/haberkuzey.com\\\/wp-content\\\/uploads\\\/2025\\\/04\\\/destici.jpg\",\"articleSection\":[\"D\u00fcnya\"],\"inLanguage\":\"tr\",\"potentialAction\":[{\"@type\":\"CommentAction\",\"name\":\"Comment\",\"target\":[\"https:\\\/\\\/haberkuzey.com\\\/index.php\\\/2025\\\/04\\\/09\\\/desticiozbekistan-kazakistan-ve-turkmenistanin-guney-kibrista-elcilik-acmasi-hayal-kirikligi-yaratti\\\/#respond\"]}]},{\"@type\":\"WebPage\",\"@id\":\"https:\\\/\\\/haberkuzey.com\\\/index.php\\\/2025\\\/04\\\/09\\\/desticiozbekistan-kazakistan-ve-turkmenistanin-guney-kibrista-elcilik-acmasi-hayal-kirikligi-yaratti\\\/\",\"url\":\"https:\\\/\\\/haberkuzey.com\\\/index.php\\\/2025\\\/04\\\/09\\\/desticiozbekistan-kazakistan-ve-turkmenistanin-guney-kibrista-elcilik-acmasi-hayal-kirikligi-yaratti\\\/\",\"name\":\"Destici:\u00d6zbekistan, Kazakistan ve T\u00fcrkmenistan\u2019\u0131n G\u00fcney K\u0131br\u0131s\u2019ta el\u00e7ilik a\u00e7mas\u0131 hayal k\u0131r\u0131kl\u0131\u011f\u0131 yaratt\u0131 - Haber Kuzey\",\"isPartOf\":{\"@id\":\"https:\\\/\\\/haberkuzey.com\\\/#website\"},\"primaryImageOfPage\":{\"@id\":\"https:\\\/\\\/haberkuzey.com\\\/index.php\\\/2025\\\/04\\\/09\\\/desticiozbekistan-kazakistan-ve-turkmenistanin-guney-kibrista-elcilik-acmasi-hayal-kirikligi-yaratti\\\/#primaryimage\"},\"image\":{\"@id\":\"https:\\\/\\\/haberkuzey.com\\\/index.php\\\/2025\\\/04\\\/09\\\/desticiozbekistan-kazakistan-ve-turkmenistanin-guney-kibrista-elcilik-acmasi-hayal-kirikligi-yaratti\\\/#primaryimage\"},\"thumbnailUrl\":\"https:\\\/\\\/haberkuzey.com\\\/wp-content\\\/uploads\\\/2025\\\/04\\\/destici.jpg\",\"datePublished\":\"2025-04-09T18:19:12+00:00\",\"author\":{\"@id\":\"https:\\\/\\\/haberkuzey.com\\\/#\\\/schema\\\/person\\\/3372109ec735f9333f4fa47ebb9605ca\"},\"breadcrumb\":{\"@id\":\"https:\\\/\\\/haberkuzey.com\\\/index.php\\\/2025\\\/04\\\/09\\\/desticiozbekistan-kazakistan-ve-turkmenistanin-guney-kibrista-elcilik-acmasi-hayal-kirikligi-yaratti\\\/#breadcrumb\"},\"inLanguage\":\"tr\",\"potentialAction\":[{\"@type\":\"ReadAction\",\"target\":[\"https:\\\/\\\/haberkuzey.com\\\/index.php\\\/2025\\\/04\\\/09\\\/desticiozbekistan-kazakistan-ve-turkmenistanin-guney-kibrista-elcilik-acmasi-hayal-kirikligi-yaratti\\\/\"]}]},{\"@type\":\"ImageObject\",\"inLanguage\":\"tr\",\"@id\":\"https:\\\/\\\/haberkuzey.com\\\/index.php\\\/2025\\\/04\\\/09\\\/desticiozbekistan-kazakistan-ve-turkmenistanin-guney-kibrista-elcilik-acmasi-hayal-kirikligi-yaratti\\\/#primaryimage\",\"url\":\"https:\\\/\\\/haberkuzey.com\\\/wp-content\\\/uploads\\\/2025\\\/04\\\/destici.jpg\",\"contentUrl\":\"https:\\\/\\\/haberkuzey.com\\\/wp-content\\\/uploads\\\/2025\\\/04\\\/destici.jpg\",\"width\":1225,\"height\":643},{\"@type\":\"BreadcrumbList\",\"@id\":\"https:\\\/\\\/haberkuzey.com\\\/index.php\\\/2025\\\/04\\\/09\\\/desticiozbekistan-kazakistan-ve-turkmenistanin-guney-kibrista-elcilik-acmasi-hayal-kirikligi-yaratti\\\/#breadcrumb\",\"itemListElement\":[{\"@type\":\"ListItem\",\"position\":1,\"name\":\"Anasayfa\",\"item\":\"https:\\\/\\\/haberkuzey.com\\\/\"},{\"@type\":\"ListItem\",\"position\":2,\"name\":\"Destici:\u00d6zbekistan, Kazakistan ve T\u00fcrkmenistan\u2019\u0131n G\u00fcney K\u0131br\u0131s\u2019ta el\u00e7ilik a\u00e7mas\u0131 hayal k\u0131r\u0131kl\u0131\u011f\u0131 yaratt\u0131\"}]},{\"@type\":\"WebSite\",\"@id\":\"https:\\\/\\\/haberkuzey.com\\\/#website\",\"url\":\"https:\\\/\\\/haberkuzey.com\\\/\",\"name\":\"Haber Kuzey\",\"description\":\"Do\u011fru Haberin Adresi\",\"potentialAction\":[{\"@type\":\"SearchAction\",\"target\":{\"@type\":\"EntryPoint\",\"urlTemplate\":\"https:\\\/\\\/haberkuzey.com\\\/?s={search_term_string}\"},\"query-input\":{\"@type\":\"PropertyValueSpecification\",\"valueRequired\":true,\"valueName\":\"search_term_string\"}}],\"inLanguage\":\"tr\"},{\"@type\":\"Person\",\"@id\":\"https:\\\/\\\/haberkuzey.com\\\/#\\\/schema\\\/person\\\/3372109ec735f9333f4fa47ebb9605ca\",\"name\":\"haberkuzey\",\"image\":{\"@type\":\"ImageObject\",\"inLanguage\":\"tr\",\"@id\":\"https:\\\/\\\/secure.gravatar.com\\\/avatar\\\/f5fc875574b1575324358c3b9e6a32b8227aa5b74f3fa22e3cadb63e26fcc39c?s=96&d=mm&r=g\",\"url\":\"https:\\\/\\\/secure.gravatar.com\\\/avatar\\\/f5fc875574b1575324358c3b9e6a32b8227aa5b74f3fa22e3cadb63e26fcc39c?s=96&d=mm&r=g\",\"contentUrl\":\"https:\\\/\\\/secure.gravatar.com\\\/avatar\\\/f5fc875574b1575324358c3b9e6a32b8227aa5b74f3fa22e3cadb63e26fcc39c?s=96&d=mm&r=g\",\"caption\":\"haberkuzey\"},\"sameAs\":[\"https:\\\/\\\/haberkuzey.com\"],\"url\":\"https:\\\/\\\/haberkuzey.com\\\/index.php\\\/author\\\/haberkuzey\\\/\"}]}<\/script>\n<!-- \/ Yoast SEO plugin. -->","yoast_head_json":{"title":"Destici:\u00d6zbekistan, Kazakistan ve T\u00fcrkmenistan\u2019\u0131n G\u00fcney K\u0131br\u0131s\u2019ta el\u00e7ilik a\u00e7mas\u0131 hayal k\u0131r\u0131kl\u0131\u011f\u0131 yaratt\u0131 - Haber Kuzey","robots":{"index":"index","follow":"follow","max-snippet":"max-snippet:-1","max-image-preview":"max-image-preview:large","max-video-preview":"max-video-preview:-1"},"canonical":"https:\/\/haberkuzey.com\/index.php\/2025\/04\/09\/desticiozbekistan-kazakistan-ve-turkmenistanin-guney-kibrista-elcilik-acmasi-hayal-kirikligi-yaratti\/","og_locale":"tr_TR","og_type":"article","og_title":"Destici:\u00d6zbekistan, Kazakistan ve T\u00fcrkmenistan\u2019\u0131n G\u00fcney K\u0131br\u0131s\u2019ta el\u00e7ilik a\u00e7mas\u0131 hayal k\u0131r\u0131kl\u0131\u011f\u0131 yaratt\u0131 - Haber Kuzey","og_description":"T\u00fcrkiye\u2019deki B\u00fcy\u00fck Birlik Partisi Genel Ba\u015fkan\u0131 Mustafa Destici, , partisinin genel merkezinde d\u00fczenledi\u011fi bas\u0131n toplant\u0131s\u0131nda \u00d6zbekistan, Kazakistan ve T\u00fcrkmenistan\u2019\u0131n G\u00fcney K\u0131br\u0131s\u2019ta el\u00e7ilik a\u00e7mas\u0131na tepki g\u00f6sterdi. Destici, \u201cT\u00fcrk Devletleri Te\u015fkilat\u0131 \u00fcyesi \u00fc\u00e7 \u00fclkenin Kuzey K\u0131br\u0131s T\u00fcrk Cumhuriyeti\u2019ni resmi olarak tan\u0131may\u0131p tam bunun kar\u015f\u0131s\u0131nda G\u00fcney K\u0131br\u0131s Rum Y\u00f6netimi b\u00f6lgesine b\u00fcy\u00fckel\u00e7i atamas\u0131 ger\u00e7ekten onlar ad\u0131na b\u00fcy\u00fck bir talihsizlik, [&hellip;]","og_url":"https:\/\/haberkuzey.com\/index.php\/2025\/04\/09\/desticiozbekistan-kazakistan-ve-turkmenistanin-guney-kibrista-elcilik-acmasi-hayal-kirikligi-yaratti\/","og_site_name":"Haber Kuzey","article_published_time":"2025-04-09T18:19:12+00:00","og_image":[{"url":"https:\/\/brtk.net\/wp-content\/uploads\/2025\/04\/09\/destici.jpg?ver=0ee1a2f0ced8ed1da9bb6494bfb0134a","type":"","width":"","height":""}],"author":"haberkuzey","twitter_card":"summary_large_image","twitter_misc":{"Yazan:":"haberkuzey","Tahmini okuma s\u00fcresi":"1 dakika"},"schema":{"@context":"https:\/\/schema.org","@graph":[{"@type":"Article","@id":"https:\/\/haberkuzey.com\/index.php\/2025\/04\/09\/desticiozbekistan-kazakistan-ve-turkmenistanin-guney-kibrista-elcilik-acmasi-hayal-kirikligi-yaratti\/#article","isPartOf":{"@id":"https:\/\/haberkuzey.com\/index.php\/2025\/04\/09\/desticiozbekistan-kazakistan-ve-turkmenistanin-guney-kibrista-elcilik-acmasi-hayal-kirikligi-yaratti\/"},"author":{"name":"haberkuzey","@id":"https:\/\/haberkuzey.com\/#\/schema\/person\/3372109ec735f9333f4fa47ebb9605ca"},"headline":"Destici:\u00d6zbekistan, Kazakistan ve T\u00fcrkmenistan\u2019\u0131n G\u00fcney K\u0131br\u0131s\u2019ta el\u00e7ilik a\u00e7mas\u0131 hayal k\u0131r\u0131kl\u0131\u011f\u0131 yaratt\u0131","datePublished":"2025-04-09T18:19:12+00:00","mainEntityOfPage":{"@id":"https:\/\/haberkuzey.com\/index.php\/2025\/04\/09\/desticiozbekistan-kazakistan-ve-turkmenistanin-guney-kibrista-elcilik-acmasi-hayal-kirikligi-yaratti\/"},"wordCount":206,"commentCount":0,"image":{"@id":"https:\/\/haberkuzey.com\/index.php\/2025\/04\/09\/desticiozbekistan-kazakistan-ve-turkmenistanin-guney-kibrista-elcilik-acmasi-hayal-kirikligi-yaratti\/#primaryimage"},"thumbnailUrl":"https:\/\/haberkuzey.com\/wp-content\/uploads\/2025\/04\/destici.jpg","articleSection":["D\u00fcnya"],"inLanguage":"tr","potentialAction":[{"@type":"CommentAction","name":"Comment","target":["https:\/\/haberkuzey.com\/index.php\/2025\/04\/09\/desticiozbekistan-kazakistan-ve-turkmenistanin-guney-kibrista-elcilik-acmasi-hayal-kirikligi-yaratti\/#respond"]}]},{"@type":"WebPage","@id":"https:\/\/haberkuzey.com\/index.php\/2025\/04\/09\/desticiozbekistan-kazakistan-ve-turkmenistanin-guney-kibrista-elcilik-acmasi-hayal-kirikligi-yaratti\/","url":"https:\/\/haberkuzey.com\/index.php\/2025\/04\/09\/desticiozbekistan-kazakistan-ve-turkmenistanin-guney-kibrista-elcilik-acmasi-hayal-kirikligi-yaratti\/","name":"Destici:\u00d6zbekistan, Kazakistan ve T\u00fcrkmenistan\u2019\u0131n G\u00fcney K\u0131br\u0131s\u2019ta el\u00e7ilik a\u00e7mas\u0131 hayal k\u0131r\u0131kl\u0131\u011f\u0131 yaratt\u0131 - Haber Kuzey","isPartOf":{"@id":"https:\/\/haberkuzey.com\/#website"},"primaryImageOfPage":{"@id":"https:\/\/haberkuzey.com\/index.php\/2025\/04\/09\/desticiozbekistan-kazakistan-ve-turkmenistanin-guney-kibrista-elcilik-acmasi-hayal-kirikligi-yaratti\/#primaryimage"},"image":{"@id":"https:\/\/haberkuzey.com\/index.php\/2025\/04\/09\/desticiozbekistan-kazakistan-ve-turkmenistanin-guney-kibrista-elcilik-acmasi-hayal-kirikligi-yaratti\/#primaryimage"},"thumbnailUrl":"https:\/\/haberkuzey.com\/wp-content\/uploads\/2025\/04\/destici.jpg","datePublished":"2025-04-09T18:19:12+00:00","author":{"@id":"https:\/\/haberkuzey.com\/#\/schema\/person\/3372109ec735f9333f4fa47ebb9605ca"},"breadcrumb":{"@id":"https:\/\/haberkuzey.com\/index.php\/2025\/04\/09\/desticiozbekistan-kazakistan-ve-turkmenistanin-guney-kibrista-elcilik-acmasi-hayal-kirikligi-yaratti\/#breadcrumb"},"inLanguage":"tr","potentialAction":[{"@type":"ReadAction","target":["https:\/\/haberkuzey.com\/index.php\/2025\/04\/09\/desticiozbekistan-kazakistan-ve-turkmenistanin-guney-kibrista-elcilik-acmasi-hayal-kirikligi-yaratti\/"]}]},{"@type":"ImageObject","inLanguage":"tr","@id":"https:\/\/haberkuzey.com\/index.php\/2025\/04\/09\/desticiozbekistan-kazakistan-ve-turkmenistanin-guney-kibrista-elcilik-acmasi-hayal-kirikligi-yaratti\/#primaryimage","url":"https:\/\/haberkuzey.com\/wp-content\/uploads\/2025\/04\/destici.jpg","contentUrl":"https:\/\/haberkuzey.com\/wp-content\/uploads\/2025\/04\/destici.jpg","width":1225,"height":643},{"@type":"BreadcrumbList","@id":"https:\/\/haberkuzey.com\/index.php\/2025\/04\/09\/desticiozbekistan-kazakistan-ve-turkmenistanin-guney-kibrista-elcilik-acmasi-hayal-kirikligi-yaratti\/#breadcrumb","itemListElement":[{"@type":"ListItem","position":1,"name":"Anasayfa","item":"https:\/\/haberkuzey.com\/"},{"@type":"ListItem","position":2,"name":"Destici:\u00d6zbekistan, Kazakistan ve T\u00fcrkmenistan\u2019\u0131n G\u00fcney K\u0131br\u0131s\u2019ta el\u00e7ilik a\u00e7mas\u0131 hayal k\u0131r\u0131kl\u0131\u011f\u0131 yaratt\u0131"}]},{"@type":"WebSite","@id":"https:\/\/haberkuzey.com\/#website","url":"https:\/\/haberkuzey.com\/","name":"Haber Kuzey","description":"Do\u011fru Haberin Adresi","potentialAction":[{"@type":"SearchAction","target":{"@type":"EntryPoint","urlTemplate":"https:\/\/haberkuzey.com\/?s={search_term_string}"},"query-input":{"@type":"PropertyValueSpecification","valueRequired":true,"valueName":"search_term_string"}}],"inLanguage":"tr"},{"@type":"Person","@id":"https:\/\/haberkuzey.com\/#\/schema\/person\/3372109ec735f9333f4fa47ebb9605ca","name":"haberkuzey","image":{"@type":"ImageObject","inLanguage":"tr","@id":"https:\/\/secure.gravatar.com\/avatar\/f5fc875574b1575324358c3b9e6a32b8227aa5b74f3fa22e3cadb63e26fcc39c?s=96&d=mm&r=g","url":"https:\/\/secure.gravatar.com\/avatar\/f5fc875574b1575324358c3b9e6a32b8227aa5b74f3fa22e3cadb63e26fcc39c?s=96&d=mm&r=g","contentUrl":"https:\/\/secure.gravatar.com\/avatar\/f5fc875574b1575324358c3b9e6a32b8227aa5b74f3fa22e3cadb63e26fcc39c?s=96&d=mm&r=g","caption":"haberkuzey"},"sameAs":["https:\/\/haberkuzey.com"],"url":"https:\/\/haberkuzey.com\/index.php\/author\/haberkuzey\/"}]}},"_links":{"self":[{"href":"https:\/\/haberkuzey.com\/index.php\/wp-json\/wp\/v2\/posts\/21575","targetHints":{"allow":["GET"]}}],"collection":[{"href":"https:\/\/haberkuzey.com\/index.php\/wp-json\/wp\/v2\/posts"}],"about":[{"href":"https:\/\/haberkuzey.com\/index.php\/wp-json\/wp\/v2\/types\/post"}],"author":[{"embeddable":true,"href":"https:\/\/haberkuzey.com\/index.php\/wp-json\/wp\/v2\/users\/1"}],"replies":[{"embeddable":true,"href":"https:\/\/haberkuzey.com\/index.php\/wp-json\/wp\/v2\/comments?post=21575"}],"version-history":[{"count":0,"href":"https:\/\/haberkuzey.com\/index.php\/wp-json\/wp\/v2\/posts\/21575\/revisions"}],"wp:featuredmedia":[{"embeddable":true,"href":"https:\/\/haberkuzey.com\/index.php\/wp-json\/wp\/v2\/media\/21576"}],"wp:attachment":[{"href":"https:\/\/haberkuzey.com\/index.php\/wp-json\/wp\/v2\/media?parent=21575"}],"wp:term":[{"taxonomy":"category","embeddable":true,"href":"https:\/\/haberkuzey.com\/index.php\/wp-json\/wp\/v2\/categories?post=21575"},{"taxonomy":"post_tag","embeddable":true,"href":"https:\/\/haberkuzey.com\/index.php\/wp-json\/wp\/v2\/tags?post=21575"}],"curies":[{"name":"wp","href":"https:\/\/api.w.org\/{rel}","templated":true}]}}