{"id":21564,"date":"2025-04-09T18:54:04","date_gmt":"2025-04-09T15:54:04","guid":{"rendered":"https:\/\/haberkuzey.com\/index.php\/2025\/04\/09\/tc-diyanet-isleri-baskani-erbas-din-isleri-baskani-morali-kabul-etti\/"},"modified":"2025-04-09T18:54:04","modified_gmt":"2025-04-09T15:54:04","slug":"tc-diyanet-isleri-baskani-erbas-din-isleri-baskani-morali-kabul-etti","status":"publish","type":"post","link":"https:\/\/haberkuzey.com\/index.php\/2025\/04\/09\/tc-diyanet-isleri-baskani-erbas-din-isleri-baskani-morali-kabul-etti\/","title":{"rendered":"TC Diyanet \u0130\u015fleri Ba\u015fkan\u0131 Erba\u015f, Din \u0130\u015fleri Ba\u015fkan\u0131 Moral\u2019\u0131 kabul etti"},"content":{"rendered":"<div>\n<div class=\"mariselle-image-container center\">\n                                            <\/div>\n<p>T\u00fcrkiye Cumhuriyeti (TC) Diyanet \u0130\u015fleri Ba\u015fkan\u0131 Ali Erba\u015f, Din \u0130\u015fleri Ba\u015fkan\u0131 Hakan Moral\u2019\u0131 kabul etti.<\/p>\n<p>Ba\u015fkanl\u0131ktan yap\u0131lan yaz\u0131l\u0131 a\u00e7\u0131klamaya g\u00f6re, Erba\u015f, g\u00f6r\u00fc\u015fmede, yeni g\u00f6revine atanan Moral\u2019\u0131 tebrik etti, \u00e7al\u0131\u015fmalar\u0131nda ba\u015far\u0131lar diledi.<\/p>\n<p>K\u0131br\u0131s\u2019\u0131n, T\u00fcrkiye\u2019nin kalbi oldu\u011funu vurgulayan Erba\u015f, \u201cSizlerin orada olmas\u0131 ve bu hizmetleri en g\u00fczel bir \u015fekilde y\u00fcr\u00fctmeniz her zaman bizleri mutlu ediyor. \u0130n\u015fallah bug\u00fcne kadar oldu\u011fu gibi bundan sonra da birlik, beraberlik i\u00e7erisinde tecr\u00fcbelerimizi payla\u015farak, ge\u00e7mi\u015f tecr\u00fcbelerden istifade ederek, olumlu olumsuz y\u00f6nleri de\u011ferlendirerek, daha iyiye nas\u0131l gidebiliriz, daha g\u00fczel i\u015fler nas\u0131l yapabiliriz? Bunlar\u0131n gayretinde olaca\u011f\u0131z. Cenab-\u0131 Hak birli\u011fimizi, beraberli\u011fimizi daim eylesin.\u201d ifadelerini kulland\u0131.<\/p>\n<div class=\"mariselle-image-container center\">\n                <img decoding=\"async\" width=\"2560\" height=\"1767\" class=\"lazy-image\" alt=\"\" sizes=\"(max-width: 2560px) 100vw, 2560px\" src=\"https:\/\/brtk.net\/wp-content\/uploads\/2025\/04\/09\/1744207480135AA-20250409-37579972-37579956-DIYANET_ISLERI_BASKANI_ERBAS_KKTC_DIN_ISLERI_BASKANI_MORALI_KABUL_ETTI-scaled.jpg?ver=a387bec1e3cc65b73f55d31b65f4b5fa\" srcset=\"https:\/\/brtk.net\/wp-content\/uploads\/2025\/04\/09\/1744207480135AA-20250409-37579972-37579956-DIYANET_ISLERI_BASKANI_ERBAS_KKTC_DIN_ISLERI_BASKANI_MORALI_KABUL_ETTI-scaled.jpg?ver=a387bec1e3cc65b73f55d31b65f4b5fa 2560w, https:\/\/brtk.net\/wp-content\/uploads\/2025\/04\/09\/1744207480135AA-20250409-37579972-37579956-DIYANET_ISLERI_BASKANI_ERBAS_KKTC_DIN_ISLERI_BASKANI_MORALI_KABUL_ETTI-300x207.jpg?ver=a387bec1e3cc65b73f55d31b65f4b5fa 300w, https:\/\/brtk.net\/wp-content\/uploads\/2025\/04\/09\/1744207480135AA-20250409-37579972-37579956-DIYANET_ISLERI_BASKANI_ERBAS_KKTC_DIN_ISLERI_BASKANI_MORALI_KABUL_ETTI-1024x707.jpg?ver=b55c1e3452db8c47ade8af675211cb80 1024w, https:\/\/brtk.net\/wp-content\/uploads\/2025\/04\/09\/1744207480135AA-20250409-37579972-37579956-DIYANET_ISLERI_BASKANI_ERBAS_KKTC_DIN_ISLERI_BASKANI_MORALI_KABUL_ETTI-768x530.jpg?ver=9b308c90d0d9d4cb8a36f8df59eeb1b2 768w, https:\/\/brtk.net\/wp-content\/uploads\/2025\/04\/09\/1744207480135AA-20250409-37579972-37579956-DIYANET_ISLERI_BASKANI_ERBAS_KKTC_DIN_ISLERI_BASKANI_MORALI_KABUL_ETTI-1536x1060.jpg?ver=4e8f84f450ee553d4dd1b0ab0510fed3 1536w, https:\/\/brtk.net\/wp-content\/uploads\/2025\/04\/09\/1744207480135AA-20250409-37579972-37579956-DIYANET_ISLERI_BASKANI_ERBAS_KKTC_DIN_ISLERI_BASKANI_MORALI_KABUL_ETTI-2048x1414.jpg?ver=f90ca5717af80426ddf2a996a4fe2a95 2048w\"\/>                            <\/div>\n<p>Hakan Moral de ziyaretten duydu\u011fu memnuniyeti dile getirerek, Erba\u015f\u2019a te\u015fekk\u00fcr etti.<\/p>\n<p>Kabulde, Diyanet \u0130\u015fleri Ba\u015fkanl\u0131\u011f\u0131 D\u0131\u015f \u0130li\u015fkiler Genel M\u00fcd\u00fcr\u00fc Mahmut \u00d6zdemir ile 1. Hukuk M\u00fc\u015faviri Selami A\u00e7an da yer ald\u0131.<\/p>\n<\/p><\/div>\n<p><script async\n                    defer\n                    crossorigin=\"anonymous\"\n                    src=\"https:\/\/connect.facebook.net\/tr_TR\/sdk.js#xfbml=1&#038;version=v3.3\"\n            ><\/script><\/p>\n","protected":false},"excerpt":{"rendered":"<p>T\u00fcrkiye Cumhuriyeti (TC) Diyanet \u0130\u015fleri Ba\u015fkan\u0131 Ali Erba\u015f, Din \u0130\u015fleri Ba\u015fkan\u0131 Hakan Moral\u2019\u0131 kabul etti. Ba\u015fkanl\u0131ktan yap\u0131lan yaz\u0131l\u0131 a\u00e7\u0131klamaya g\u00f6re, Erba\u015f, g\u00f6r\u00fc\u015fmede, yeni g\u00f6revine atanan Moral\u2019\u0131 tebrik etti, \u00e7al\u0131\u015fmalar\u0131nda ba\u015far\u0131lar diledi. K\u0131br\u0131s\u2019\u0131n, T\u00fcrkiye\u2019nin kalbi oldu\u011funu vurgulayan Erba\u015f, \u201cSizlerin orada olmas\u0131 ve bu hizmetleri en g\u00fczel bir \u015fekilde y\u00fcr\u00fctmeniz her zaman bizleri mutlu ediyor. \u0130n\u015fallah bug\u00fcne [&hellip;]<\/p>\n","protected":false},"author":1,"featured_media":21565,"comment_status":"open","ping_status":"open","sticky":false,"template":"","format":"standard","meta":{"jnews-multi-image_gallery":[],"jnews_single_post":[],"jnews_primary_category":[],"footnotes":""},"categories":[2],"tags":[],"class_list":["post-21564","post","type-post","status-publish","format-standard","has-post-thumbnail","hentry","category-dunya"],"yoast_head":"<!-- This site is optimized with the Yoast SEO plugin v27.5 - https:\/\/yoast.com\/product\/yoast-seo-wordpress\/ -->\n<title>TC Diyanet \u0130\u015fleri Ba\u015fkan\u0131 Erba\u015f, Din \u0130\u015fleri Ba\u015fkan\u0131 Moral\u2019\u0131 kabul etti - Haber Kuzey<\/title>\n<meta name=\"robots\" content=\"index, follow, max-snippet:-1, max-image-preview:large, max-video-preview:-1\" \/>\n<link rel=\"canonical\" href=\"https:\/\/haberkuzey.com\/index.php\/2025\/04\/09\/tc-diyanet-isleri-baskani-erbas-din-isleri-baskani-morali-kabul-etti\/\" \/>\n<meta property=\"og:locale\" content=\"tr_TR\" \/>\n<meta property=\"og:type\" content=\"article\" \/>\n<meta property=\"og:title\" content=\"TC Diyanet \u0130\u015fleri Ba\u015fkan\u0131 Erba\u015f, Din \u0130\u015fleri Ba\u015fkan\u0131 Moral\u2019\u0131 kabul etti - Haber Kuzey\" \/>\n<meta property=\"og:description\" content=\"T\u00fcrkiye Cumhuriyeti (TC) Diyanet \u0130\u015fleri Ba\u015fkan\u0131 Ali Erba\u015f, Din \u0130\u015fleri Ba\u015fkan\u0131 Hakan Moral\u2019\u0131 kabul etti. Ba\u015fkanl\u0131ktan yap\u0131lan yaz\u0131l\u0131 a\u00e7\u0131klamaya g\u00f6re, Erba\u015f, g\u00f6r\u00fc\u015fmede, yeni g\u00f6revine atanan Moral\u2019\u0131 tebrik etti, \u00e7al\u0131\u015fmalar\u0131nda ba\u015far\u0131lar diledi. K\u0131br\u0131s\u2019\u0131n, T\u00fcrkiye\u2019nin kalbi oldu\u011funu vurgulayan Erba\u015f, \u201cSizlerin orada olmas\u0131 ve bu hizmetleri en g\u00fczel bir \u015fekilde y\u00fcr\u00fctmeniz her zaman bizleri mutlu ediyor. \u0130n\u015fallah bug\u00fcne [&hellip;]\" \/>\n<meta property=\"og:url\" content=\"https:\/\/haberkuzey.com\/index.php\/2025\/04\/09\/tc-diyanet-isleri-baskani-erbas-din-isleri-baskani-morali-kabul-etti\/\" \/>\n<meta property=\"og:site_name\" content=\"Haber Kuzey\" \/>\n<meta property=\"article:published_time\" content=\"2025-04-09T15:54:04+00:00\" \/>\n<meta property=\"og:image\" content=\"https:\/\/brtk.net\/wp-content\/uploads\/2025\/04\/09\/1744207480137AA-20250409-37579972-37579959-DIYANET_ISLERI_BASKANI_ERBAS_KKTC_DIN_ISLERI_BASKANI_MORALI_KABUL_ETTI-scaled.jpg?ver=ac241aaafa2123ae7c657390e1d1e54b\" \/>\n<meta name=\"author\" content=\"haberkuzey\" \/>\n<meta name=\"twitter:card\" content=\"summary_large_image\" \/>\n<meta name=\"twitter:label1\" content=\"Yazan:\" \/>\n\t<meta name=\"twitter:data1\" content=\"haberkuzey\" \/>\n\t<meta name=\"twitter:label2\" content=\"Tahmini okuma s\u00fcresi\" \/>\n\t<meta name=\"twitter:data2\" content=\"1 dakika\" \/>\n<script type=\"application\/ld+json\" class=\"yoast-schema-graph\">{\"@context\":\"https:\\\/\\\/schema.org\",\"@graph\":[{\"@type\":\"Article\",\"@id\":\"https:\\\/\\\/haberkuzey.com\\\/index.php\\\/2025\\\/04\\\/09\\\/tc-diyanet-isleri-baskani-erbas-din-isleri-baskani-morali-kabul-etti\\\/#article\",\"isPartOf\":{\"@id\":\"https:\\\/\\\/haberkuzey.com\\\/index.php\\\/2025\\\/04\\\/09\\\/tc-diyanet-isleri-baskani-erbas-din-isleri-baskani-morali-kabul-etti\\\/\"},\"author\":{\"name\":\"haberkuzey\",\"@id\":\"https:\\\/\\\/haberkuzey.com\\\/#\\\/schema\\\/person\\\/3372109ec735f9333f4fa47ebb9605ca\"},\"headline\":\"TC Diyanet \u0130\u015fleri Ba\u015fkan\u0131 Erba\u015f, Din \u0130\u015fleri Ba\u015fkan\u0131 Moral\u2019\u0131 kabul etti\",\"datePublished\":\"2025-04-09T15:54:04+00:00\",\"mainEntityOfPage\":{\"@id\":\"https:\\\/\\\/haberkuzey.com\\\/index.php\\\/2025\\\/04\\\/09\\\/tc-diyanet-isleri-baskani-erbas-din-isleri-baskani-morali-kabul-etti\\\/\"},\"wordCount\":189,\"commentCount\":0,\"image\":{\"@id\":\"https:\\\/\\\/haberkuzey.com\\\/index.php\\\/2025\\\/04\\\/09\\\/tc-diyanet-isleri-baskani-erbas-din-isleri-baskani-morali-kabul-etti\\\/#primaryimage\"},\"thumbnailUrl\":\"https:\\\/\\\/haberkuzey.com\\\/wp-content\\\/uploads\\\/2025\\\/04\\\/1744207480137AA-20250409-37579972-37579961-DIYANET_ISLERI_BASKANI_ERBAS_KKTC_DIN_ISLERI_BASKANI_MORA.jpeg\",\"articleSection\":[\"D\u00fcnya\"],\"inLanguage\":\"tr\",\"potentialAction\":[{\"@type\":\"CommentAction\",\"name\":\"Comment\",\"target\":[\"https:\\\/\\\/haberkuzey.com\\\/index.php\\\/2025\\\/04\\\/09\\\/tc-diyanet-isleri-baskani-erbas-din-isleri-baskani-morali-kabul-etti\\\/#respond\"]}]},{\"@type\":\"WebPage\",\"@id\":\"https:\\\/\\\/haberkuzey.com\\\/index.php\\\/2025\\\/04\\\/09\\\/tc-diyanet-isleri-baskani-erbas-din-isleri-baskani-morali-kabul-etti\\\/\",\"url\":\"https:\\\/\\\/haberkuzey.com\\\/index.php\\\/2025\\\/04\\\/09\\\/tc-diyanet-isleri-baskani-erbas-din-isleri-baskani-morali-kabul-etti\\\/\",\"name\":\"TC Diyanet \u0130\u015fleri Ba\u015fkan\u0131 Erba\u015f, Din \u0130\u015fleri Ba\u015fkan\u0131 Moral\u2019\u0131 kabul etti - Haber Kuzey\",\"isPartOf\":{\"@id\":\"https:\\\/\\\/haberkuzey.com\\\/#website\"},\"primaryImageOfPage\":{\"@id\":\"https:\\\/\\\/haberkuzey.com\\\/index.php\\\/2025\\\/04\\\/09\\\/tc-diyanet-isleri-baskani-erbas-din-isleri-baskani-morali-kabul-etti\\\/#primaryimage\"},\"image\":{\"@id\":\"https:\\\/\\\/haberkuzey.com\\\/index.php\\\/2025\\\/04\\\/09\\\/tc-diyanet-isleri-baskani-erbas-din-isleri-baskani-morali-kabul-etti\\\/#primaryimage\"},\"thumbnailUrl\":\"https:\\\/\\\/haberkuzey.com\\\/wp-content\\\/uploads\\\/2025\\\/04\\\/1744207480137AA-20250409-37579972-37579961-DIYANET_ISLERI_BASKANI_ERBAS_KKTC_DIN_ISLERI_BASKANI_MORA.jpeg\",\"datePublished\":\"2025-04-09T15:54:04+00:00\",\"author\":{\"@id\":\"https:\\\/\\\/haberkuzey.com\\\/#\\\/schema\\\/person\\\/3372109ec735f9333f4fa47ebb9605ca\"},\"breadcrumb\":{\"@id\":\"https:\\\/\\\/haberkuzey.com\\\/index.php\\\/2025\\\/04\\\/09\\\/tc-diyanet-isleri-baskani-erbas-din-isleri-baskani-morali-kabul-etti\\\/#breadcrumb\"},\"inLanguage\":\"tr\",\"potentialAction\":[{\"@type\":\"ReadAction\",\"target\":[\"https:\\\/\\\/haberkuzey.com\\\/index.php\\\/2025\\\/04\\\/09\\\/tc-diyanet-isleri-baskani-erbas-din-isleri-baskani-morali-kabul-etti\\\/\"]}]},{\"@type\":\"ImageObject\",\"inLanguage\":\"tr\",\"@id\":\"https:\\\/\\\/haberkuzey.com\\\/index.php\\\/2025\\\/04\\\/09\\\/tc-diyanet-isleri-baskani-erbas-din-isleri-baskani-morali-kabul-etti\\\/#primaryimage\",\"url\":\"https:\\\/\\\/haberkuzey.com\\\/wp-content\\\/uploads\\\/2025\\\/04\\\/1744207480137AA-20250409-37579972-37579961-DIYANET_ISLERI_BASKANI_ERBAS_KKTC_DIN_ISLERI_BASKANI_MORA.jpeg\",\"contentUrl\":\"https:\\\/\\\/haberkuzey.com\\\/wp-content\\\/uploads\\\/2025\\\/04\\\/1744207480137AA-20250409-37579972-37579961-DIYANET_ISLERI_BASKANI_ERBAS_KKTC_DIN_ISLERI_BASKANI_MORA.jpeg\",\"width\":2560,\"height\":1706},{\"@type\":\"BreadcrumbList\",\"@id\":\"https:\\\/\\\/haberkuzey.com\\\/index.php\\\/2025\\\/04\\\/09\\\/tc-diyanet-isleri-baskani-erbas-din-isleri-baskani-morali-kabul-etti\\\/#breadcrumb\",\"itemListElement\":[{\"@type\":\"ListItem\",\"position\":1,\"name\":\"Anasayfa\",\"item\":\"https:\\\/\\\/haberkuzey.com\\\/\"},{\"@type\":\"ListItem\",\"position\":2,\"name\":\"TC Diyanet \u0130\u015fleri Ba\u015fkan\u0131 Erba\u015f, Din \u0130\u015fleri Ba\u015fkan\u0131 Moral\u2019\u0131 kabul etti\"}]},{\"@type\":\"WebSite\",\"@id\":\"https:\\\/\\\/haberkuzey.com\\\/#website\",\"url\":\"https:\\\/\\\/haberkuzey.com\\\/\",\"name\":\"Haber Kuzey\",\"description\":\"Do\u011fru Haberin Adresi\",\"potentialAction\":[{\"@type\":\"SearchAction\",\"target\":{\"@type\":\"EntryPoint\",\"urlTemplate\":\"https:\\\/\\\/haberkuzey.com\\\/?s={search_term_string}\"},\"query-input\":{\"@type\":\"PropertyValueSpecification\",\"valueRequired\":true,\"valueName\":\"search_term_string\"}}],\"inLanguage\":\"tr\"},{\"@type\":\"Person\",\"@id\":\"https:\\\/\\\/haberkuzey.com\\\/#\\\/schema\\\/person\\\/3372109ec735f9333f4fa47ebb9605ca\",\"name\":\"haberkuzey\",\"image\":{\"@type\":\"ImageObject\",\"inLanguage\":\"tr\",\"@id\":\"https:\\\/\\\/secure.gravatar.com\\\/avatar\\\/f5fc875574b1575324358c3b9e6a32b8227aa5b74f3fa22e3cadb63e26fcc39c?s=96&d=mm&r=g\",\"url\":\"https:\\\/\\\/secure.gravatar.com\\\/avatar\\\/f5fc875574b1575324358c3b9e6a32b8227aa5b74f3fa22e3cadb63e26fcc39c?s=96&d=mm&r=g\",\"contentUrl\":\"https:\\\/\\\/secure.gravatar.com\\\/avatar\\\/f5fc875574b1575324358c3b9e6a32b8227aa5b74f3fa22e3cadb63e26fcc39c?s=96&d=mm&r=g\",\"caption\":\"haberkuzey\"},\"sameAs\":[\"https:\\\/\\\/haberkuzey.com\"],\"url\":\"https:\\\/\\\/haberkuzey.com\\\/index.php\\\/author\\\/haberkuzey\\\/\"}]}<\/script>\n<!-- \/ Yoast SEO plugin. -->","yoast_head_json":{"title":"TC Diyanet \u0130\u015fleri Ba\u015fkan\u0131 Erba\u015f, Din \u0130\u015fleri Ba\u015fkan\u0131 Moral\u2019\u0131 kabul etti - Haber Kuzey","robots":{"index":"index","follow":"follow","max-snippet":"max-snippet:-1","max-image-preview":"max-image-preview:large","max-video-preview":"max-video-preview:-1"},"canonical":"https:\/\/haberkuzey.com\/index.php\/2025\/04\/09\/tc-diyanet-isleri-baskani-erbas-din-isleri-baskani-morali-kabul-etti\/","og_locale":"tr_TR","og_type":"article","og_title":"TC Diyanet \u0130\u015fleri Ba\u015fkan\u0131 Erba\u015f, Din \u0130\u015fleri Ba\u015fkan\u0131 Moral\u2019\u0131 kabul etti - Haber Kuzey","og_description":"T\u00fcrkiye Cumhuriyeti (TC) Diyanet \u0130\u015fleri Ba\u015fkan\u0131 Ali Erba\u015f, Din \u0130\u015fleri Ba\u015fkan\u0131 Hakan Moral\u2019\u0131 kabul etti. Ba\u015fkanl\u0131ktan yap\u0131lan yaz\u0131l\u0131 a\u00e7\u0131klamaya g\u00f6re, Erba\u015f, g\u00f6r\u00fc\u015fmede, yeni g\u00f6revine atanan Moral\u2019\u0131 tebrik etti, \u00e7al\u0131\u015fmalar\u0131nda ba\u015far\u0131lar diledi. K\u0131br\u0131s\u2019\u0131n, T\u00fcrkiye\u2019nin kalbi oldu\u011funu vurgulayan Erba\u015f, \u201cSizlerin orada olmas\u0131 ve bu hizmetleri en g\u00fczel bir \u015fekilde y\u00fcr\u00fctmeniz her zaman bizleri mutlu ediyor. \u0130n\u015fallah bug\u00fcne [&hellip;]","og_url":"https:\/\/haberkuzey.com\/index.php\/2025\/04\/09\/tc-diyanet-isleri-baskani-erbas-din-isleri-baskani-morali-kabul-etti\/","og_site_name":"Haber Kuzey","article_published_time":"2025-04-09T15:54:04+00:00","og_image":[{"url":"https:\/\/brtk.net\/wp-content\/uploads\/2025\/04\/09\/1744207480137AA-20250409-37579972-37579959-DIYANET_ISLERI_BASKANI_ERBAS_KKTC_DIN_ISLERI_BASKANI_MORALI_KABUL_ETTI-scaled.jpg?ver=ac241aaafa2123ae7c657390e1d1e54b","type":"","width":"","height":""}],"author":"haberkuzey","twitter_card":"summary_large_image","twitter_misc":{"Yazan:":"haberkuzey","Tahmini okuma s\u00fcresi":"1 dakika"},"schema":{"@context":"https:\/\/schema.org","@graph":[{"@type":"Article","@id":"https:\/\/haberkuzey.com\/index.php\/2025\/04\/09\/tc-diyanet-isleri-baskani-erbas-din-isleri-baskani-morali-kabul-etti\/#article","isPartOf":{"@id":"https:\/\/haberkuzey.com\/index.php\/2025\/04\/09\/tc-diyanet-isleri-baskani-erbas-din-isleri-baskani-morali-kabul-etti\/"},"author":{"name":"haberkuzey","@id":"https:\/\/haberkuzey.com\/#\/schema\/person\/3372109ec735f9333f4fa47ebb9605ca"},"headline":"TC Diyanet \u0130\u015fleri Ba\u015fkan\u0131 Erba\u015f, Din \u0130\u015fleri Ba\u015fkan\u0131 Moral\u2019\u0131 kabul etti","datePublished":"2025-04-09T15:54:04+00:00","mainEntityOfPage":{"@id":"https:\/\/haberkuzey.com\/index.php\/2025\/04\/09\/tc-diyanet-isleri-baskani-erbas-din-isleri-baskani-morali-kabul-etti\/"},"wordCount":189,"commentCount":0,"image":{"@id":"https:\/\/haberkuzey.com\/index.php\/2025\/04\/09\/tc-diyanet-isleri-baskani-erbas-din-isleri-baskani-morali-kabul-etti\/#primaryimage"},"thumbnailUrl":"https:\/\/haberkuzey.com\/wp-content\/uploads\/2025\/04\/1744207480137AA-20250409-37579972-37579961-DIYANET_ISLERI_BASKANI_ERBAS_KKTC_DIN_ISLERI_BASKANI_MORA.jpeg","articleSection":["D\u00fcnya"],"inLanguage":"tr","potentialAction":[{"@type":"CommentAction","name":"Comment","target":["https:\/\/haberkuzey.com\/index.php\/2025\/04\/09\/tc-diyanet-isleri-baskani-erbas-din-isleri-baskani-morali-kabul-etti\/#respond"]}]},{"@type":"WebPage","@id":"https:\/\/haberkuzey.com\/index.php\/2025\/04\/09\/tc-diyanet-isleri-baskani-erbas-din-isleri-baskani-morali-kabul-etti\/","url":"https:\/\/haberkuzey.com\/index.php\/2025\/04\/09\/tc-diyanet-isleri-baskani-erbas-din-isleri-baskani-morali-kabul-etti\/","name":"TC Diyanet \u0130\u015fleri Ba\u015fkan\u0131 Erba\u015f, Din \u0130\u015fleri Ba\u015fkan\u0131 Moral\u2019\u0131 kabul etti - Haber Kuzey","isPartOf":{"@id":"https:\/\/haberkuzey.com\/#website"},"primaryImageOfPage":{"@id":"https:\/\/haberkuzey.com\/index.php\/2025\/04\/09\/tc-diyanet-isleri-baskani-erbas-din-isleri-baskani-morali-kabul-etti\/#primaryimage"},"image":{"@id":"https:\/\/haberkuzey.com\/index.php\/2025\/04\/09\/tc-diyanet-isleri-baskani-erbas-din-isleri-baskani-morali-kabul-etti\/#primaryimage"},"thumbnailUrl":"https:\/\/haberkuzey.com\/wp-content\/uploads\/2025\/04\/1744207480137AA-20250409-37579972-37579961-DIYANET_ISLERI_BASKANI_ERBAS_KKTC_DIN_ISLERI_BASKANI_MORA.jpeg","datePublished":"2025-04-09T15:54:04+00:00","author":{"@id":"https:\/\/haberkuzey.com\/#\/schema\/person\/3372109ec735f9333f4fa47ebb9605ca"},"breadcrumb":{"@id":"https:\/\/haberkuzey.com\/index.php\/2025\/04\/09\/tc-diyanet-isleri-baskani-erbas-din-isleri-baskani-morali-kabul-etti\/#breadcrumb"},"inLanguage":"tr","potentialAction":[{"@type":"ReadAction","target":["https:\/\/haberkuzey.com\/index.php\/2025\/04\/09\/tc-diyanet-isleri-baskani-erbas-din-isleri-baskani-morali-kabul-etti\/"]}]},{"@type":"ImageObject","inLanguage":"tr","@id":"https:\/\/haberkuzey.com\/index.php\/2025\/04\/09\/tc-diyanet-isleri-baskani-erbas-din-isleri-baskani-morali-kabul-etti\/#primaryimage","url":"https:\/\/haberkuzey.com\/wp-content\/uploads\/2025\/04\/1744207480137AA-20250409-37579972-37579961-DIYANET_ISLERI_BASKANI_ERBAS_KKTC_DIN_ISLERI_BASKANI_MORA.jpeg","contentUrl":"https:\/\/haberkuzey.com\/wp-content\/uploads\/2025\/04\/1744207480137AA-20250409-37579972-37579961-DIYANET_ISLERI_BASKANI_ERBAS_KKTC_DIN_ISLERI_BASKANI_MORA.jpeg","width":2560,"height":1706},{"@type":"BreadcrumbList","@id":"https:\/\/haberkuzey.com\/index.php\/2025\/04\/09\/tc-diyanet-isleri-baskani-erbas-din-isleri-baskani-morali-kabul-etti\/#breadcrumb","itemListElement":[{"@type":"ListItem","position":1,"name":"Anasayfa","item":"https:\/\/haberkuzey.com\/"},{"@type":"ListItem","position":2,"name":"TC Diyanet \u0130\u015fleri Ba\u015fkan\u0131 Erba\u015f, Din \u0130\u015fleri Ba\u015fkan\u0131 Moral\u2019\u0131 kabul etti"}]},{"@type":"WebSite","@id":"https:\/\/haberkuzey.com\/#website","url":"https:\/\/haberkuzey.com\/","name":"Haber Kuzey","description":"Do\u011fru Haberin Adresi","potentialAction":[{"@type":"SearchAction","target":{"@type":"EntryPoint","urlTemplate":"https:\/\/haberkuzey.com\/?s={search_term_string}"},"query-input":{"@type":"PropertyValueSpecification","valueRequired":true,"valueName":"search_term_string"}}],"inLanguage":"tr"},{"@type":"Person","@id":"https:\/\/haberkuzey.com\/#\/schema\/person\/3372109ec735f9333f4fa47ebb9605ca","name":"haberkuzey","image":{"@type":"ImageObject","inLanguage":"tr","@id":"https:\/\/secure.gravatar.com\/avatar\/f5fc875574b1575324358c3b9e6a32b8227aa5b74f3fa22e3cadb63e26fcc39c?s=96&d=mm&r=g","url":"https:\/\/secure.gravatar.com\/avatar\/f5fc875574b1575324358c3b9e6a32b8227aa5b74f3fa22e3cadb63e26fcc39c?s=96&d=mm&r=g","contentUrl":"https:\/\/secure.gravatar.com\/avatar\/f5fc875574b1575324358c3b9e6a32b8227aa5b74f3fa22e3cadb63e26fcc39c?s=96&d=mm&r=g","caption":"haberkuzey"},"sameAs":["https:\/\/haberkuzey.com"],"url":"https:\/\/haberkuzey.com\/index.php\/author\/haberkuzey\/"}]}},"_links":{"self":[{"href":"https:\/\/haberkuzey.com\/index.php\/wp-json\/wp\/v2\/posts\/21564","targetHints":{"allow":["GET"]}}],"collection":[{"href":"https:\/\/haberkuzey.com\/index.php\/wp-json\/wp\/v2\/posts"}],"about":[{"href":"https:\/\/haberkuzey.com\/index.php\/wp-json\/wp\/v2\/types\/post"}],"author":[{"embeddable":true,"href":"https:\/\/haberkuzey.com\/index.php\/wp-json\/wp\/v2\/users\/1"}],"replies":[{"embeddable":true,"href":"https:\/\/haberkuzey.com\/index.php\/wp-json\/wp\/v2\/comments?post=21564"}],"version-history":[{"count":0,"href":"https:\/\/haberkuzey.com\/index.php\/wp-json\/wp\/v2\/posts\/21564\/revisions"}],"wp:featuredmedia":[{"embeddable":true,"href":"https:\/\/haberkuzey.com\/index.php\/wp-json\/wp\/v2\/media\/21565"}],"wp:attachment":[{"href":"https:\/\/haberkuzey.com\/index.php\/wp-json\/wp\/v2\/media?parent=21564"}],"wp:term":[{"taxonomy":"category","embeddable":true,"href":"https:\/\/haberkuzey.com\/index.php\/wp-json\/wp\/v2\/categories?post=21564"},{"taxonomy":"post_tag","embeddable":true,"href":"https:\/\/haberkuzey.com\/index.php\/wp-json\/wp\/v2\/tags?post=21564"}],"curies":[{"name":"wp","href":"https:\/\/api.w.org\/{rel}","templated":true}]}}