{"id":21549,"date":"2025-04-09T16:58:37","date_gmt":"2025-04-09T13:58:37","guid":{"rendered":"https:\/\/haberkuzey.com\/index.php\/2025\/04\/09\/t-c-yargitay-jandarma-darbe-davasinda-121-sanik-hakkindaki-omur-boyu-hapis-cezalarini-onadi\/"},"modified":"2025-04-09T16:58:37","modified_gmt":"2025-04-09T13:58:37","slug":"t-c-yargitay-jandarma-darbe-davasinda-121-sanik-hakkindaki-omur-boyu-hapis-cezalarini-onadi","status":"publish","type":"post","link":"https:\/\/haberkuzey.com\/index.php\/2025\/04\/09\/t-c-yargitay-jandarma-darbe-davasinda-121-sanik-hakkindaki-omur-boyu-hapis-cezalarini-onadi\/","title":{"rendered":"T.C. Yarg\u0131tay, jandarma darbe davas\u0131nda 121 san\u0131k hakk\u0131ndaki \u00f6m\u00fcr boyu hapis cezalar\u0131n\u0131 onad\u0131"},"content":{"rendered":"<div>\n<div class=\"mariselle-image-container center\">\n                                            <\/div>\n<p>T\u00fcrkiye Cumhuriyeti Yarg\u0131tay 3. Ceza Dairesi, FET\u00d6\u2019n\u00fcn 15 Temmuz darbe giri\u015fiminde Jandarma Genel Komutanl\u0131\u011f\u0131\u2019ndaki eylemlere ili\u015fkin, aralar\u0131nda eski kurmay albay Erkan \u00d6ktem\u2019in de bulundu\u011fu 121 san\u0131k hakk\u0131ndaki a\u011f\u0131rla\u015ft\u0131r\u0131lm\u0131\u015f m\u00fcebbet ve m\u00fcebbet hapis cezalar\u0131n\u0131 onad\u0131.<\/p>\n<p>Daire, Ankara 23. A\u011f\u0131r Ceza Mahkemesince 26 Haziran 2020\u2019de verilen h\u00fck\u00fcmlere ili\u015fkin temyiz incelemesini tamamlad\u0131.<\/p>\n<p>Buna g\u00f6re, aralar\u0131nda eski kurmay albay Erkan \u00d6ktem ile Hrant Dink\u2019in \u00f6ld\u00fcr\u00fclmesine ili\u015fkin davada \u201ckasten \u00f6ld\u00fcrme\u201d su\u00e7undan m\u00fcebbet hapis cezas\u0131na \u00e7arpt\u0131r\u0131lan eski yarbay Muharrem Demirkale\u2019nin de bulundu\u011fu 121 san\u0131\u011fa \u201canayasay\u0131 ihlal\u201d su\u00e7undan verilen a\u011f\u0131rla\u015ft\u0131r\u0131lm\u0131\u015f m\u00fcebbet ile m\u00fcebbet hapis cezalar\u0131n\u0131n onanmas\u0131na karar verildi.<\/p>\n<p>\u00d6ktem\u2019e, ayr\u0131ca, d\u00f6nemin TEM Daire Ba\u015fkan\u0131 Turgut Aslan\u2019\u0131n korumas\u0131 Hasan G\u00fclhan\u2019\u0131n da bulundu\u011fu 9 ki\u015finin \u015fehit edilmesi nedeniyle verilen 9 kez a\u011f\u0131rla\u015ft\u0131r\u0131lm\u0131\u015f m\u00fcebbet hapis ve Aslan ile G\u00fcven \u015ea\u011fban\u2019a y\u00f6nelik \u201ckasten \u00f6ld\u00fcrmeye te\u015febb\u00fcs\u201d su\u00e7undan verilen 40 y\u0131l hapis cezas\u0131n\u0131n da onanmas\u0131 kararla\u015ft\u0131r\u0131ld\u0131.<\/p>\n<p>S\u00f6z konusu 121 san\u0131ktan baz\u0131lar\u0131 hakk\u0131nda \u201ckasten \u00f6ld\u00fcrme\u201d, \u201cki\u015fiyi h\u00fcrriyetinden yoksun b\u0131rakma\u201d, \u201ckasten \u00f6ld\u00fcrmeye te\u015febb\u00fcs\u201d su\u00e7lar\u0131ndan verilen cezalar\u0131n da onanmas\u0131 kararla\u015ft\u0131r\u0131ld\u0131.<\/p>\n<p>\u2013 19 san\u0131k hakk\u0131ndaki \u201cFET\u00d6 \u00fcyeli\u011fi\u201d cezas\u0131na onama<\/p>\n<p>Yarg\u0131tay 3. Ceza Dairesi, aralar\u0131nda FET\u00d6\u2019n\u00fcn jandarma yap\u0131lanmas\u0131nda \u201cmahrem imam\u201d olarak yer ald\u0131\u011f\u0131 belirtilen sivil san\u0131k Mevl\u00fct Y\u0131lmaz\u2019a \u201csilahl\u0131 ter\u00f6r \u00f6rg\u00fct\u00fcne \u00fcye olma\u201d su\u00e7undan verilen 12 y\u0131l hapis cezas\u0131n\u0131 onad\u0131.<\/p>\n<p>Daire, yerel mahkemece ayn\u0131 su\u00e7tan 6 y\u0131l 3 aydan 10 y\u0131la kadar s\u00fcreli hapis cezas\u0131na mahkum edilen 18 san\u0131\u011f\u0131n cezas\u0131n\u0131 da uygun buldu.<\/p>\n<p>Y\u00fcksek mahkeme, \u00e7o\u011fu er 42 san\u0131k hakk\u0131nda verilen beraat kararlar\u0131 ile 29 san\u0131k hakk\u0131ndaki davan\u0131n d\u00fc\u015f\u00fcr\u00fclmesi ve \u201ckarar verilmesine yer olmad\u0131\u011f\u0131\u201d kararlar\u0131n\u0131 da onad\u0131.<\/p>\n<p>\u2013 19 san\u0131k hakk\u0131ndaki h\u00fck\u00fcm bozuldu<\/p>\n<p>Yarg\u0131tay 3. Ceza Dairesi, yerel mahkemece darbe te\u015febb\u00fcs\u00fcne \u201cyard\u0131m eden\u201d s\u0131fat\u0131yla kat\u0131ld\u0131klar\u0131 gerek\u00e7esiyle 12 y\u0131l 6\u2019\u015far ay ile 15 y\u0131l s\u00fcreli hapis cezas\u0131na \u00e7arpt\u0131r\u0131lan san\u0131klar Osman Tosun, Salim Bakta\u015f, Sungur Poroy, Tu\u011frul Satun, Mustafa Kemal Yara\u015f, U\u011fur \u00d6zaslan, Ahmet Evren Saka, Bora Polat, \u0130brahim G\u00fcler, \u0130smail Hakk\u0131 Avu\u00e7, Mehmet Deniz, Mehmet K\u00fcr\u015fad Yaman, Metin S\u00f6nmez, Ramazan Karl\u0131er, Sad\u0131k El\u00e7ik, Serhat Savc\u0131 ve Taner Yurt hakk\u0131ndaki h\u00fck\u00fcmleri \u201ceksik ceza tayini\u201d nedeniyle bozdu.<\/p>\n<p>Dairenin karar\u0131nda, bu san\u0131klar\u0131n darbe te\u015febb\u00fcs\u00fcne \u201cm\u00fc\u015fterek fail\u201d olarak kat\u0131ld\u0131klar\u0131 belirtilerek, \u201canayasal d\u00fczeni ihlal\u201d su\u00e7undan cezaland\u0131r\u0131lmalar\u0131 gerekti\u011fi ifade edildi.<\/p>\n<p>Yarg\u0131lama a\u015famas\u0131nda etkin pi\u015fmanl\u0131k h\u00fck\u00fcmlerinden faydalanmak \u00fczere itiraf\u00e7\u0131 olan ancak mahkemece \u201csilahl\u0131 ter\u00f6r \u00f6rg\u00fct\u00fcne \u00fcye olmak\u201d su\u00e7undan 8 y\u0131l 1 ay 15 g\u00fcn hapis cezas\u0131na \u00e7arpt\u0131r\u0131lan san\u0131k Beytullah \u00d6. hakk\u0131ndaki h\u00fck\u00fcm de cezas\u0131nda \u201ctakdir indirimi\u201d yap\u0131lmamas\u0131 nedeniyle bozuldu.<\/p>\n<p>\u201cSilahl\u0131 ter\u00f6r \u00f6rg\u00fct\u00fcne \u00fcye olmak\u201d su\u00e7undan 11 y\u0131l 3 ay hapis cezas\u0131 verilen san\u0131k Bayram Kaplan hakk\u0131ndaki h\u00fck\u00fcm de san\u0131\u011f\u0131n eylemine uyan \u201canayasal d\u00fczeni ihlal\u201d su\u00e7undan cezaland\u0131r\u0131lmas\u0131 gerekti\u011fi belirtilerek bozuldu.<\/p>\n<p>\u2013 Davan\u0131n ge\u00e7mi\u015fi<\/p>\n<p>FET\u00d6\u2019n\u00fcn darbe giri\u015fimi s\u0131ras\u0131nda Jandarma Genel Komutanl\u0131\u011f\u0131n\u0131n Be\u015ftepe\u2019deki karargah\u0131 darbeciler taraf\u0131ndan ele ge\u00e7irilmi\u015f, 9 ki\u015fi \u015fehit edilmi\u015f, d\u00f6nemim TEM Daire Ba\u015fkan\u0131 Turgut Aslan ba\u015f\u0131ndan vurularak yaralanm\u0131\u015f, darbeye kar\u015f\u0131 duran baz\u0131 jandarma komutanlar\u0131 da rehin al\u0131nm\u0131\u015ft\u0131.<\/p>\n<p>Jandarma Genel Komutanl\u0131\u011f\u0131ndaki eylemlere ili\u015fkin Ankara Cumhuriyet Ba\u015fsavc\u0131l\u0131\u011f\u0131nca haz\u0131rlanan iddianame Ankara 23. A\u011f\u0131r Ceza mahkemesince kabul edilmi\u015f, san\u0131klar\u0131n yarg\u0131lanmas\u0131na 6 Kas\u0131m 2017\u2019de ba\u015flan\u0131lm\u0131\u015ft\u0131.<\/p>\n<p>Yarg\u0131lama a\u015famas\u0131nda savc\u0131l\u0131k makam\u0131, 9 Temmuz 2019\u2019da m\u00fctalaas\u0131n\u0131 a\u00e7\u0131klam\u0131\u015f, esas hakk\u0131ndaki savunmalar\u0131n ard\u0131ndan mahkeme 26 Haziran 2020\u2019de h\u00fckm\u00fcn\u00fc a\u00e7\u0131klam\u0131\u015ft\u0131.<\/p>\n<\/p><\/div>\n<p><script async\n                    defer\n                    crossorigin=\"anonymous\"\n                    src=\"https:\/\/connect.facebook.net\/tr_TR\/sdk.js#xfbml=1&#038;version=v3.3\"\n            ><\/script><\/p>\n","protected":false},"excerpt":{"rendered":"<p>T\u00fcrkiye Cumhuriyeti Yarg\u0131tay 3. Ceza Dairesi, FET\u00d6\u2019n\u00fcn 15 Temmuz darbe giri\u015fiminde Jandarma Genel Komutanl\u0131\u011f\u0131\u2019ndaki eylemlere ili\u015fkin, aralar\u0131nda eski kurmay albay Erkan \u00d6ktem\u2019in de bulundu\u011fu 121 san\u0131k hakk\u0131ndaki a\u011f\u0131rla\u015ft\u0131r\u0131lm\u0131\u015f m\u00fcebbet ve m\u00fcebbet hapis cezalar\u0131n\u0131 onad\u0131. Daire, Ankara 23. A\u011f\u0131r Ceza Mahkemesince 26 Haziran 2020\u2019de verilen h\u00fck\u00fcmlere ili\u015fkin temyiz incelemesini tamamlad\u0131. Buna g\u00f6re, aralar\u0131nda eski kurmay albay [&hellip;]<\/p>\n","protected":false},"author":1,"featured_media":21550,"comment_status":"open","ping_status":"open","sticky":false,"template":"","format":"standard","meta":{"jnews-multi-image_gallery":[],"jnews_single_post":[],"jnews_primary_category":[],"footnotes":""},"categories":[2],"tags":[],"class_list":["post-21549","post","type-post","status-publish","format-standard","has-post-thumbnail","hentry","category-dunya"],"yoast_head":"<!-- This site is optimized with the Yoast SEO plugin v27.5 - https:\/\/yoast.com\/product\/yoast-seo-wordpress\/ -->\n<title>T.C. Yarg\u0131tay, jandarma darbe davas\u0131nda 121 san\u0131k hakk\u0131ndaki \u00f6m\u00fcr boyu hapis cezalar\u0131n\u0131 onad\u0131 - Haber Kuzey<\/title>\n<meta name=\"robots\" content=\"index, follow, max-snippet:-1, max-image-preview:large, max-video-preview:-1\" \/>\n<link rel=\"canonical\" href=\"https:\/\/haberkuzey.com\/index.php\/2025\/04\/09\/t-c-yargitay-jandarma-darbe-davasinda-121-sanik-hakkindaki-omur-boyu-hapis-cezalarini-onadi\/\" \/>\n<meta property=\"og:locale\" content=\"tr_TR\" \/>\n<meta property=\"og:type\" content=\"article\" \/>\n<meta property=\"og:title\" content=\"T.C. Yarg\u0131tay, jandarma darbe davas\u0131nda 121 san\u0131k hakk\u0131ndaki \u00f6m\u00fcr boyu hapis cezalar\u0131n\u0131 onad\u0131 - Haber Kuzey\" \/>\n<meta property=\"og:description\" content=\"T\u00fcrkiye Cumhuriyeti Yarg\u0131tay 3. Ceza Dairesi, FET\u00d6\u2019n\u00fcn 15 Temmuz darbe giri\u015fiminde Jandarma Genel Komutanl\u0131\u011f\u0131\u2019ndaki eylemlere ili\u015fkin, aralar\u0131nda eski kurmay albay Erkan \u00d6ktem\u2019in de bulundu\u011fu 121 san\u0131k hakk\u0131ndaki a\u011f\u0131rla\u015ft\u0131r\u0131lm\u0131\u015f m\u00fcebbet ve m\u00fcebbet hapis cezalar\u0131n\u0131 onad\u0131. Daire, Ankara 23. A\u011f\u0131r Ceza Mahkemesince 26 Haziran 2020\u2019de verilen h\u00fck\u00fcmlere ili\u015fkin temyiz incelemesini tamamlad\u0131. Buna g\u00f6re, aralar\u0131nda eski kurmay albay [&hellip;]\" \/>\n<meta property=\"og:url\" content=\"https:\/\/haberkuzey.com\/index.php\/2025\/04\/09\/t-c-yargitay-jandarma-darbe-davasinda-121-sanik-hakkindaki-omur-boyu-hapis-cezalarini-onadi\/\" \/>\n<meta property=\"og:site_name\" content=\"Haber Kuzey\" \/>\n<meta property=\"article:published_time\" content=\"2025-04-09T13:58:37+00:00\" \/>\n<meta property=\"og:image\" content=\"https:\/\/brtk.net\/wp-content\/uploads\/2025\/04\/09\/1744202926979thumbs_b_c_4c5e4c32fd7b2f45595041b53638a2cf.jpg?ver=6bdae48ba16e76fd5df8775f41824b0a\" \/>\n<meta name=\"author\" content=\"haberkuzey\" \/>\n<meta name=\"twitter:card\" content=\"summary_large_image\" \/>\n<meta name=\"twitter:label1\" content=\"Yazan:\" \/>\n\t<meta name=\"twitter:data1\" content=\"haberkuzey\" \/>\n\t<meta name=\"twitter:label2\" content=\"Tahmini okuma s\u00fcresi\" \/>\n\t<meta name=\"twitter:data2\" content=\"4 dakika\" \/>\n<script type=\"application\/ld+json\" class=\"yoast-schema-graph\">{\"@context\":\"https:\\\/\\\/schema.org\",\"@graph\":[{\"@type\":\"Article\",\"@id\":\"https:\\\/\\\/haberkuzey.com\\\/index.php\\\/2025\\\/04\\\/09\\\/t-c-yargitay-jandarma-darbe-davasinda-121-sanik-hakkindaki-omur-boyu-hapis-cezalarini-onadi\\\/#article\",\"isPartOf\":{\"@id\":\"https:\\\/\\\/haberkuzey.com\\\/index.php\\\/2025\\\/04\\\/09\\\/t-c-yargitay-jandarma-darbe-davasinda-121-sanik-hakkindaki-omur-boyu-hapis-cezalarini-onadi\\\/\"},\"author\":{\"name\":\"haberkuzey\",\"@id\":\"https:\\\/\\\/haberkuzey.com\\\/#\\\/schema\\\/person\\\/3372109ec735f9333f4fa47ebb9605ca\"},\"headline\":\"T.C. Yarg\u0131tay, jandarma darbe davas\u0131nda 121 san\u0131k hakk\u0131ndaki \u00f6m\u00fcr boyu hapis cezalar\u0131n\u0131 onad\u0131\",\"datePublished\":\"2025-04-09T13:58:37+00:00\",\"mainEntityOfPage\":{\"@id\":\"https:\\\/\\\/haberkuzey.com\\\/index.php\\\/2025\\\/04\\\/09\\\/t-c-yargitay-jandarma-darbe-davasinda-121-sanik-hakkindaki-omur-boyu-hapis-cezalarini-onadi\\\/\"},\"wordCount\":729,\"commentCount\":0,\"image\":{\"@id\":\"https:\\\/\\\/haberkuzey.com\\\/index.php\\\/2025\\\/04\\\/09\\\/t-c-yargitay-jandarma-darbe-davasinda-121-sanik-hakkindaki-omur-boyu-hapis-cezalarini-onadi\\\/#primaryimage\"},\"thumbnailUrl\":\"https:\\\/\\\/haberkuzey.com\\\/wp-content\\\/uploads\\\/2025\\\/04\\\/1744202926979thumbs_b_c_4c5e4c32fd7b2f45595041b53638a2cf.jpg\",\"articleSection\":[\"D\u00fcnya\"],\"inLanguage\":\"tr\",\"potentialAction\":[{\"@type\":\"CommentAction\",\"name\":\"Comment\",\"target\":[\"https:\\\/\\\/haberkuzey.com\\\/index.php\\\/2025\\\/04\\\/09\\\/t-c-yargitay-jandarma-darbe-davasinda-121-sanik-hakkindaki-omur-boyu-hapis-cezalarini-onadi\\\/#respond\"]}]},{\"@type\":\"WebPage\",\"@id\":\"https:\\\/\\\/haberkuzey.com\\\/index.php\\\/2025\\\/04\\\/09\\\/t-c-yargitay-jandarma-darbe-davasinda-121-sanik-hakkindaki-omur-boyu-hapis-cezalarini-onadi\\\/\",\"url\":\"https:\\\/\\\/haberkuzey.com\\\/index.php\\\/2025\\\/04\\\/09\\\/t-c-yargitay-jandarma-darbe-davasinda-121-sanik-hakkindaki-omur-boyu-hapis-cezalarini-onadi\\\/\",\"name\":\"T.C. Yarg\u0131tay, jandarma darbe davas\u0131nda 121 san\u0131k hakk\u0131ndaki \u00f6m\u00fcr boyu hapis cezalar\u0131n\u0131 onad\u0131 - Haber Kuzey\",\"isPartOf\":{\"@id\":\"https:\\\/\\\/haberkuzey.com\\\/#website\"},\"primaryImageOfPage\":{\"@id\":\"https:\\\/\\\/haberkuzey.com\\\/index.php\\\/2025\\\/04\\\/09\\\/t-c-yargitay-jandarma-darbe-davasinda-121-sanik-hakkindaki-omur-boyu-hapis-cezalarini-onadi\\\/#primaryimage\"},\"image\":{\"@id\":\"https:\\\/\\\/haberkuzey.com\\\/index.php\\\/2025\\\/04\\\/09\\\/t-c-yargitay-jandarma-darbe-davasinda-121-sanik-hakkindaki-omur-boyu-hapis-cezalarini-onadi\\\/#primaryimage\"},\"thumbnailUrl\":\"https:\\\/\\\/haberkuzey.com\\\/wp-content\\\/uploads\\\/2025\\\/04\\\/1744202926979thumbs_b_c_4c5e4c32fd7b2f45595041b53638a2cf.jpg\",\"datePublished\":\"2025-04-09T13:58:37+00:00\",\"author\":{\"@id\":\"https:\\\/\\\/haberkuzey.com\\\/#\\\/schema\\\/person\\\/3372109ec735f9333f4fa47ebb9605ca\"},\"breadcrumb\":{\"@id\":\"https:\\\/\\\/haberkuzey.com\\\/index.php\\\/2025\\\/04\\\/09\\\/t-c-yargitay-jandarma-darbe-davasinda-121-sanik-hakkindaki-omur-boyu-hapis-cezalarini-onadi\\\/#breadcrumb\"},\"inLanguage\":\"tr\",\"potentialAction\":[{\"@type\":\"ReadAction\",\"target\":[\"https:\\\/\\\/haberkuzey.com\\\/index.php\\\/2025\\\/04\\\/09\\\/t-c-yargitay-jandarma-darbe-davasinda-121-sanik-hakkindaki-omur-boyu-hapis-cezalarini-onadi\\\/\"]}]},{\"@type\":\"ImageObject\",\"inLanguage\":\"tr\",\"@id\":\"https:\\\/\\\/haberkuzey.com\\\/index.php\\\/2025\\\/04\\\/09\\\/t-c-yargitay-jandarma-darbe-davasinda-121-sanik-hakkindaki-omur-boyu-hapis-cezalarini-onadi\\\/#primaryimage\",\"url\":\"https:\\\/\\\/haberkuzey.com\\\/wp-content\\\/uploads\\\/2025\\\/04\\\/1744202926979thumbs_b_c_4c5e4c32fd7b2f45595041b53638a2cf.jpg\",\"contentUrl\":\"https:\\\/\\\/haberkuzey.com\\\/wp-content\\\/uploads\\\/2025\\\/04\\\/1744202926979thumbs_b_c_4c5e4c32fd7b2f45595041b53638a2cf.jpg\",\"width\":864,\"height\":486},{\"@type\":\"BreadcrumbList\",\"@id\":\"https:\\\/\\\/haberkuzey.com\\\/index.php\\\/2025\\\/04\\\/09\\\/t-c-yargitay-jandarma-darbe-davasinda-121-sanik-hakkindaki-omur-boyu-hapis-cezalarini-onadi\\\/#breadcrumb\",\"itemListElement\":[{\"@type\":\"ListItem\",\"position\":1,\"name\":\"Anasayfa\",\"item\":\"https:\\\/\\\/haberkuzey.com\\\/\"},{\"@type\":\"ListItem\",\"position\":2,\"name\":\"T.C. Yarg\u0131tay, jandarma darbe davas\u0131nda 121 san\u0131k hakk\u0131ndaki \u00f6m\u00fcr boyu hapis cezalar\u0131n\u0131 onad\u0131\"}]},{\"@type\":\"WebSite\",\"@id\":\"https:\\\/\\\/haberkuzey.com\\\/#website\",\"url\":\"https:\\\/\\\/haberkuzey.com\\\/\",\"name\":\"Haber Kuzey\",\"description\":\"Do\u011fru Haberin Adresi\",\"potentialAction\":[{\"@type\":\"SearchAction\",\"target\":{\"@type\":\"EntryPoint\",\"urlTemplate\":\"https:\\\/\\\/haberkuzey.com\\\/?s={search_term_string}\"},\"query-input\":{\"@type\":\"PropertyValueSpecification\",\"valueRequired\":true,\"valueName\":\"search_term_string\"}}],\"inLanguage\":\"tr\"},{\"@type\":\"Person\",\"@id\":\"https:\\\/\\\/haberkuzey.com\\\/#\\\/schema\\\/person\\\/3372109ec735f9333f4fa47ebb9605ca\",\"name\":\"haberkuzey\",\"image\":{\"@type\":\"ImageObject\",\"inLanguage\":\"tr\",\"@id\":\"https:\\\/\\\/secure.gravatar.com\\\/avatar\\\/f5fc875574b1575324358c3b9e6a32b8227aa5b74f3fa22e3cadb63e26fcc39c?s=96&d=mm&r=g\",\"url\":\"https:\\\/\\\/secure.gravatar.com\\\/avatar\\\/f5fc875574b1575324358c3b9e6a32b8227aa5b74f3fa22e3cadb63e26fcc39c?s=96&d=mm&r=g\",\"contentUrl\":\"https:\\\/\\\/secure.gravatar.com\\\/avatar\\\/f5fc875574b1575324358c3b9e6a32b8227aa5b74f3fa22e3cadb63e26fcc39c?s=96&d=mm&r=g\",\"caption\":\"haberkuzey\"},\"sameAs\":[\"https:\\\/\\\/haberkuzey.com\"],\"url\":\"https:\\\/\\\/haberkuzey.com\\\/index.php\\\/author\\\/haberkuzey\\\/\"}]}<\/script>\n<!-- \/ Yoast SEO plugin. -->","yoast_head_json":{"title":"T.C. Yarg\u0131tay, jandarma darbe davas\u0131nda 121 san\u0131k hakk\u0131ndaki \u00f6m\u00fcr boyu hapis cezalar\u0131n\u0131 onad\u0131 - Haber Kuzey","robots":{"index":"index","follow":"follow","max-snippet":"max-snippet:-1","max-image-preview":"max-image-preview:large","max-video-preview":"max-video-preview:-1"},"canonical":"https:\/\/haberkuzey.com\/index.php\/2025\/04\/09\/t-c-yargitay-jandarma-darbe-davasinda-121-sanik-hakkindaki-omur-boyu-hapis-cezalarini-onadi\/","og_locale":"tr_TR","og_type":"article","og_title":"T.C. Yarg\u0131tay, jandarma darbe davas\u0131nda 121 san\u0131k hakk\u0131ndaki \u00f6m\u00fcr boyu hapis cezalar\u0131n\u0131 onad\u0131 - Haber Kuzey","og_description":"T\u00fcrkiye Cumhuriyeti Yarg\u0131tay 3. Ceza Dairesi, FET\u00d6\u2019n\u00fcn 15 Temmuz darbe giri\u015fiminde Jandarma Genel Komutanl\u0131\u011f\u0131\u2019ndaki eylemlere ili\u015fkin, aralar\u0131nda eski kurmay albay Erkan \u00d6ktem\u2019in de bulundu\u011fu 121 san\u0131k hakk\u0131ndaki a\u011f\u0131rla\u015ft\u0131r\u0131lm\u0131\u015f m\u00fcebbet ve m\u00fcebbet hapis cezalar\u0131n\u0131 onad\u0131. Daire, Ankara 23. A\u011f\u0131r Ceza Mahkemesince 26 Haziran 2020\u2019de verilen h\u00fck\u00fcmlere ili\u015fkin temyiz incelemesini tamamlad\u0131. Buna g\u00f6re, aralar\u0131nda eski kurmay albay [&hellip;]","og_url":"https:\/\/haberkuzey.com\/index.php\/2025\/04\/09\/t-c-yargitay-jandarma-darbe-davasinda-121-sanik-hakkindaki-omur-boyu-hapis-cezalarini-onadi\/","og_site_name":"Haber Kuzey","article_published_time":"2025-04-09T13:58:37+00:00","og_image":[{"url":"https:\/\/brtk.net\/wp-content\/uploads\/2025\/04\/09\/1744202926979thumbs_b_c_4c5e4c32fd7b2f45595041b53638a2cf.jpg?ver=6bdae48ba16e76fd5df8775f41824b0a","type":"","width":"","height":""}],"author":"haberkuzey","twitter_card":"summary_large_image","twitter_misc":{"Yazan:":"haberkuzey","Tahmini okuma s\u00fcresi":"4 dakika"},"schema":{"@context":"https:\/\/schema.org","@graph":[{"@type":"Article","@id":"https:\/\/haberkuzey.com\/index.php\/2025\/04\/09\/t-c-yargitay-jandarma-darbe-davasinda-121-sanik-hakkindaki-omur-boyu-hapis-cezalarini-onadi\/#article","isPartOf":{"@id":"https:\/\/haberkuzey.com\/index.php\/2025\/04\/09\/t-c-yargitay-jandarma-darbe-davasinda-121-sanik-hakkindaki-omur-boyu-hapis-cezalarini-onadi\/"},"author":{"name":"haberkuzey","@id":"https:\/\/haberkuzey.com\/#\/schema\/person\/3372109ec735f9333f4fa47ebb9605ca"},"headline":"T.C. Yarg\u0131tay, jandarma darbe davas\u0131nda 121 san\u0131k hakk\u0131ndaki \u00f6m\u00fcr boyu hapis cezalar\u0131n\u0131 onad\u0131","datePublished":"2025-04-09T13:58:37+00:00","mainEntityOfPage":{"@id":"https:\/\/haberkuzey.com\/index.php\/2025\/04\/09\/t-c-yargitay-jandarma-darbe-davasinda-121-sanik-hakkindaki-omur-boyu-hapis-cezalarini-onadi\/"},"wordCount":729,"commentCount":0,"image":{"@id":"https:\/\/haberkuzey.com\/index.php\/2025\/04\/09\/t-c-yargitay-jandarma-darbe-davasinda-121-sanik-hakkindaki-omur-boyu-hapis-cezalarini-onadi\/#primaryimage"},"thumbnailUrl":"https:\/\/haberkuzey.com\/wp-content\/uploads\/2025\/04\/1744202926979thumbs_b_c_4c5e4c32fd7b2f45595041b53638a2cf.jpg","articleSection":["D\u00fcnya"],"inLanguage":"tr","potentialAction":[{"@type":"CommentAction","name":"Comment","target":["https:\/\/haberkuzey.com\/index.php\/2025\/04\/09\/t-c-yargitay-jandarma-darbe-davasinda-121-sanik-hakkindaki-omur-boyu-hapis-cezalarini-onadi\/#respond"]}]},{"@type":"WebPage","@id":"https:\/\/haberkuzey.com\/index.php\/2025\/04\/09\/t-c-yargitay-jandarma-darbe-davasinda-121-sanik-hakkindaki-omur-boyu-hapis-cezalarini-onadi\/","url":"https:\/\/haberkuzey.com\/index.php\/2025\/04\/09\/t-c-yargitay-jandarma-darbe-davasinda-121-sanik-hakkindaki-omur-boyu-hapis-cezalarini-onadi\/","name":"T.C. Yarg\u0131tay, jandarma darbe davas\u0131nda 121 san\u0131k hakk\u0131ndaki \u00f6m\u00fcr boyu hapis cezalar\u0131n\u0131 onad\u0131 - Haber Kuzey","isPartOf":{"@id":"https:\/\/haberkuzey.com\/#website"},"primaryImageOfPage":{"@id":"https:\/\/haberkuzey.com\/index.php\/2025\/04\/09\/t-c-yargitay-jandarma-darbe-davasinda-121-sanik-hakkindaki-omur-boyu-hapis-cezalarini-onadi\/#primaryimage"},"image":{"@id":"https:\/\/haberkuzey.com\/index.php\/2025\/04\/09\/t-c-yargitay-jandarma-darbe-davasinda-121-sanik-hakkindaki-omur-boyu-hapis-cezalarini-onadi\/#primaryimage"},"thumbnailUrl":"https:\/\/haberkuzey.com\/wp-content\/uploads\/2025\/04\/1744202926979thumbs_b_c_4c5e4c32fd7b2f45595041b53638a2cf.jpg","datePublished":"2025-04-09T13:58:37+00:00","author":{"@id":"https:\/\/haberkuzey.com\/#\/schema\/person\/3372109ec735f9333f4fa47ebb9605ca"},"breadcrumb":{"@id":"https:\/\/haberkuzey.com\/index.php\/2025\/04\/09\/t-c-yargitay-jandarma-darbe-davasinda-121-sanik-hakkindaki-omur-boyu-hapis-cezalarini-onadi\/#breadcrumb"},"inLanguage":"tr","potentialAction":[{"@type":"ReadAction","target":["https:\/\/haberkuzey.com\/index.php\/2025\/04\/09\/t-c-yargitay-jandarma-darbe-davasinda-121-sanik-hakkindaki-omur-boyu-hapis-cezalarini-onadi\/"]}]},{"@type":"ImageObject","inLanguage":"tr","@id":"https:\/\/haberkuzey.com\/index.php\/2025\/04\/09\/t-c-yargitay-jandarma-darbe-davasinda-121-sanik-hakkindaki-omur-boyu-hapis-cezalarini-onadi\/#primaryimage","url":"https:\/\/haberkuzey.com\/wp-content\/uploads\/2025\/04\/1744202926979thumbs_b_c_4c5e4c32fd7b2f45595041b53638a2cf.jpg","contentUrl":"https:\/\/haberkuzey.com\/wp-content\/uploads\/2025\/04\/1744202926979thumbs_b_c_4c5e4c32fd7b2f45595041b53638a2cf.jpg","width":864,"height":486},{"@type":"BreadcrumbList","@id":"https:\/\/haberkuzey.com\/index.php\/2025\/04\/09\/t-c-yargitay-jandarma-darbe-davasinda-121-sanik-hakkindaki-omur-boyu-hapis-cezalarini-onadi\/#breadcrumb","itemListElement":[{"@type":"ListItem","position":1,"name":"Anasayfa","item":"https:\/\/haberkuzey.com\/"},{"@type":"ListItem","position":2,"name":"T.C. Yarg\u0131tay, jandarma darbe davas\u0131nda 121 san\u0131k hakk\u0131ndaki \u00f6m\u00fcr boyu hapis cezalar\u0131n\u0131 onad\u0131"}]},{"@type":"WebSite","@id":"https:\/\/haberkuzey.com\/#website","url":"https:\/\/haberkuzey.com\/","name":"Haber Kuzey","description":"Do\u011fru Haberin Adresi","potentialAction":[{"@type":"SearchAction","target":{"@type":"EntryPoint","urlTemplate":"https:\/\/haberkuzey.com\/?s={search_term_string}"},"query-input":{"@type":"PropertyValueSpecification","valueRequired":true,"valueName":"search_term_string"}}],"inLanguage":"tr"},{"@type":"Person","@id":"https:\/\/haberkuzey.com\/#\/schema\/person\/3372109ec735f9333f4fa47ebb9605ca","name":"haberkuzey","image":{"@type":"ImageObject","inLanguage":"tr","@id":"https:\/\/secure.gravatar.com\/avatar\/f5fc875574b1575324358c3b9e6a32b8227aa5b74f3fa22e3cadb63e26fcc39c?s=96&d=mm&r=g","url":"https:\/\/secure.gravatar.com\/avatar\/f5fc875574b1575324358c3b9e6a32b8227aa5b74f3fa22e3cadb63e26fcc39c?s=96&d=mm&r=g","contentUrl":"https:\/\/secure.gravatar.com\/avatar\/f5fc875574b1575324358c3b9e6a32b8227aa5b74f3fa22e3cadb63e26fcc39c?s=96&d=mm&r=g","caption":"haberkuzey"},"sameAs":["https:\/\/haberkuzey.com"],"url":"https:\/\/haberkuzey.com\/index.php\/author\/haberkuzey\/"}]}},"_links":{"self":[{"href":"https:\/\/haberkuzey.com\/index.php\/wp-json\/wp\/v2\/posts\/21549","targetHints":{"allow":["GET"]}}],"collection":[{"href":"https:\/\/haberkuzey.com\/index.php\/wp-json\/wp\/v2\/posts"}],"about":[{"href":"https:\/\/haberkuzey.com\/index.php\/wp-json\/wp\/v2\/types\/post"}],"author":[{"embeddable":true,"href":"https:\/\/haberkuzey.com\/index.php\/wp-json\/wp\/v2\/users\/1"}],"replies":[{"embeddable":true,"href":"https:\/\/haberkuzey.com\/index.php\/wp-json\/wp\/v2\/comments?post=21549"}],"version-history":[{"count":0,"href":"https:\/\/haberkuzey.com\/index.php\/wp-json\/wp\/v2\/posts\/21549\/revisions"}],"wp:featuredmedia":[{"embeddable":true,"href":"https:\/\/haberkuzey.com\/index.php\/wp-json\/wp\/v2\/media\/21550"}],"wp:attachment":[{"href":"https:\/\/haberkuzey.com\/index.php\/wp-json\/wp\/v2\/media?parent=21549"}],"wp:term":[{"taxonomy":"category","embeddable":true,"href":"https:\/\/haberkuzey.com\/index.php\/wp-json\/wp\/v2\/categories?post=21549"},{"taxonomy":"post_tag","embeddable":true,"href":"https:\/\/haberkuzey.com\/index.php\/wp-json\/wp\/v2\/tags?post=21549"}],"curies":[{"name":"wp","href":"https:\/\/api.w.org\/{rel}","templated":true}]}}