{"id":21464,"date":"2025-04-08T15:26:03","date_gmt":"2025-04-08T12:26:03","guid":{"rendered":"https:\/\/haberkuzey.com\/index.php\/2025\/04\/08\/tdt-saglik-bakanlari-toplantisinda-kktcye-uygulanan-izolasyonlara-karsi-dayanisma-cagrisi\/"},"modified":"2025-04-08T15:26:03","modified_gmt":"2025-04-08T12:26:03","slug":"tdt-saglik-bakanlari-toplantisinda-kktcye-uygulanan-izolasyonlara-karsi-dayanisma-cagrisi","status":"publish","type":"post","link":"https:\/\/haberkuzey.com\/index.php\/2025\/04\/08\/tdt-saglik-bakanlari-toplantisinda-kktcye-uygulanan-izolasyonlara-karsi-dayanisma-cagrisi\/","title":{"rendered":"TDT Sa\u011fl\u0131k Bakanlar\u0131 toplant\u0131s\u0131nda KKTC\u2019ye uygulanan izolasyonlara kar\u015f\u0131 dayan\u0131\u015fma \u00e7a\u011fr\u0131s\u0131"},"content":{"rendered":"<div>\n<div class=\"mariselle-image-container none\">\n                                            <\/div>\n<p>TC Sa\u011fl\u0131k Bakan\u0131 Kemal Memi\u015fo\u011flu,\u00a0T\u00fcrk Devletleri Te\u015fkilat\u0131 (TDT) Sa\u011fl\u0131k Bakanlar\u0131 toplant\u0131s\u0131nda\u00a0K\u0131br\u0131sl\u0131 T\u00fcrklerine ba\u015fta sa\u011fl\u0131k olmak \u00fczere her alanda uygulanan izolasyonlara kar\u015f\u0131 dayan\u0131\u015fma \u00e7a\u011fr\u0131s\u0131nda bulundu.<\/p>\n<p>Memi\u015fo\u011flu, hep beraber g\u00f6n\u00fcl ve \u00fclk\u00fc birli\u011fi i\u00e7erisinde \u00e7al\u0131\u015farak te\u015fkilat\u0131 \u00e7ok daha ileriye ta\u015f\u0131may\u0131 hedeflediklerini kaydederek, \u201cBu vesile ile K\u0131br\u0131sl\u0131 T\u00fcrk karde\u015flerimizin ba\u015fta sa\u011fl\u0131k olmak \u00fczere her alanda maruz kald\u0131klar\u0131 izolasyona kar\u015f\u0131 T\u00fcrk d\u00fcnyas\u0131 ailesi olarak g\u00f6sterece\u011fimiz dayan\u0131\u015fman\u0131n \u00f6nemli oldu\u011funu burada bir kez daha vurgulamak istiyorum. T\u00fcrkiye olarak K\u0131br\u0131s T\u00fcrk\u00fc karde\u015flerimizin hakl\u0131 davas\u0131n\u0131 payla\u015f\u0131yor, bir aile olarak g\u00f6rd\u00fc\u011f\u00fcm\u00fcz T\u00fcrk Devletleri Te\u015fkilat\u0131n\u0131n ve siz karde\u015flerimizin deste\u011fini \u00f6nemsiyoruz.\u201d diye konu\u015ftu.<\/p>\n<p>5\u2019inci Toplant\u0131s\u0131 Kazakistan\u2019\u0131n ba\u015fkenti Astana\u2019da d\u00fczenlendi.<\/p>\n<p>Kazakistan Sa\u011fl\u0131k Bakan\u0131 Akmaral Alnazarova\u2019n\u0131n ev sahipli\u011findeki toplant\u0131ya T\u00fcrkiye Sa\u011fl\u0131k Bakan\u0131 Kemal Memi\u015fo\u011flu, Azerbaycan Sa\u011fl\u0131k Bakan\u0131 Teymur Musayev, K\u0131rg\u0131zistan Sa\u011fl\u0131k Bakan\u0131 Erkin \u00c7e\u00e7eybayev, \u00d6zbekistan Sa\u011fl\u0131k Bakan\u0131 Asilbek Hudayarov\u2019un yan\u0131 s\u0131ra T\u00fcrkmenistan Sa\u011fl\u0131k ve Medikal Sanayi Bakanl\u0131\u011f\u0131 Bula\u015f\u0131c\u0131 Hastal\u0131k Merkezleri Genel M\u00fcd\u00fcr\u00fc Annam\u0131rat Recepov, Macaristan \u0130\u00e7i\u015fleri Devlet Sekreteri Yard\u0131mc\u0131s\u0131 Judit Bidlo ile TDT Genel Sekreteri Kuban\u0131\u00e7bek \u00d6m\u00fcraliyev, T\u00fcrk Yat\u0131r\u0131m Fonu Ba\u015fkan\u0131 Bagdat Amreyev, D\u00fcnya Sa\u011fl\u0131k \u00d6rg\u00fct\u00fc B\u00f6lge Direkt\u00f6r\u00fc Hans Kluge kat\u0131ld\u0131.<\/p>\n<p>Toplant\u0131, Kazakistan Cumhurba\u015fkan\u0131 Kas\u0131m C\u00f6mert Tokayev\u2019in toplant\u0131ya \u00f6zel g\u00f6nderdi\u011fi tebrik mesaj\u0131n\u0131n okunmas\u0131yla ba\u015flad\u0131.<\/p>\n<p>Kazak Bakan Alnazarova, yapt\u0131\u011f\u0131 a\u00e7\u0131l\u0131\u015f konu\u015fmas\u0131nda TDT \u00fcyesi \u00fclkelerin sa\u011fl\u0131k bakanlar\u0131n\u0131 \u00fclkesinde a\u011f\u0131rlamaktan duydu\u011fu memnuniyeti dile getirdi.<\/p>\n<p>Cumhurba\u015fkan\u0131 Tokayev\u2019in Astana\u2019da ger\u00e7ekle\u015ftirilen TDT Devlet Ba\u015fkanlar\u0131 10. Zirvesi\u2019nde sa\u011fl\u0131k sekt\u00f6r\u00fcnde i\u015fbirli\u011fini geli\u015ftirmenin \u00f6nemini vurgulad\u0131\u011f\u0131n\u0131 hat\u0131rlatan Alnazarova, sa\u011fl\u0131k sekt\u00f6r\u00fcnde eri\u015febilirlik, e\u015fitlik ve sa\u011fl\u0131k sistemlerinin s\u00fcrd\u00fcr\u00fclebilirli\u011fini sa\u011flama konular\u0131nda ortak bir ad\u0131m at\u0131lmas\u0131 amac\u0131yla 2025 y\u0131l\u0131n\u0131 TDT \u00fclkelerinde \u201cbirinci basamak sa\u011fl\u0131k hizmeti y\u0131l\u0131\u201d olarak ilan etmeyi \u00f6nerdiklerini kaydetti.<\/p>\n<p>Alnazarova, Kazakistan\u2019\u0131n sa\u011fl\u0131k sisteminin dijitalle\u015ftirilmesine \u00f6ncelik verdi\u011fini belirterek \u201c\u00dclkemizde sa\u011fl\u0131k alan\u0131nda 52 hizmet sunuluyor. Bunlar\u0131n y\u00fczde 90\u2019\u0131ndan fazlas\u0131 tamamen dijitalle\u015ftirilmi\u015ftir.\u201d dedi.<\/p>\n<p>Bu alandaki ba\u015far\u0131lar\u0131n\u0131 TDT \u00fclkeleriyle payla\u015fmaya haz\u0131r olduklar\u0131n\u0131 aktaran Alnazarova, ayr\u0131ca TDT \u00fclkeleri aras\u0131nda organ nakli i\u00e7in ortak altyap\u0131 olu\u015fturmaya y\u00f6nelik giri\u015fimi desteklediklerini s\u00f6yledi.<\/p>\n<p>Alnazarova, \u201cKazakistan olarak T\u00fcrk Devletleri Te\u015fkilat\u0131 \u00e7er\u00e7evesinde sa\u011fl\u0131k alan\u0131nda aktif bir i\u015fbirli\u011fine haz\u0131r\u0131z.\u201d diye konu\u015ftu.<\/p>\n<p>\u2013 \u201cT\u00fcrk Devletleri Te\u015fkilat\u0131 \u00e7at\u0131s\u0131 alt\u0131nda, sa\u011fl\u0131k alan\u0131nda ortak projeler geli\u015ftirmeyi T\u00fcrkiye olarak \u00e7ok \u00f6nemsiyoruz\u201d<\/p>\n<p>Toplant\u0131da konu\u015fan Sa\u011fl\u0131k Bakan\u0131 Memi\u015fo\u011flu, TDT 5. Sa\u011fl\u0131k Bakanlar\u0131 Toplant\u0131s\u0131\u2019nda T\u00fcrk devletlerinden mevkida\u015flar\u0131yla bir araya gelmekten b\u00fcy\u00fck memnuniyet duydu\u011funu ve bu anlaml\u0131 bulu\u015fmaya ev sahipli\u011fi yapan Kazakistan h\u00fck\u00fcmetine \u015f\u00fckranlar\u0131n\u0131 sundu\u011funu belirtti.<\/p>\n<p>Memi\u015fo\u011flu, T\u00fcrk d\u00fcnyas\u0131n\u0131n ortak tarih, k\u00fclt\u00fcr ve g\u00fc\u00e7l\u00fc ba\u011flarla birbirine kenetlenmi\u015f b\u00fcy\u00fck bir aile oldu\u011funu vurgulayarak \u201c\u00dclke olarak \u00e7e\u015fitli platformlarda en y\u00fcksek d\u00fczeyde dillendirdi\u011fimiz \u00fczere T\u00fcrk Devletleri Te\u015fkilat\u0131 yaln\u0131zca b\u00f6lgesel de\u011fil, k\u00fcresel d\u00fczeyde etkin bir i\u015fbirli\u011fi platformudur. Te\u015fkilat\u0131m\u0131z, siyasi ve ekonomik ili\u015fkiler kadar sa\u011fl\u0131k ve insani alanlarda da ortak \u00e7\u00f6z\u00fcmler \u00fcretme kapasitesine sahiptir.\u201d dedi.<\/p>\n<p>Bug\u00fcn birinci basamak sa\u011fl\u0131k hizmetleri d\u00fczeyinde insan kaynaklar\u0131 kapasitesini geli\u015ftirme ve k\u00fcresel sa\u011fl\u0131k diplomasisini g\u00fc\u00e7lendirme vizyonuyla bir araya geldiklerine dikkati \u00e7eken Memi\u015fo\u011flu, \u201cHepimizin malumu oldu\u011fu \u00fczere, sa\u011fl\u0131k sistemlerinin s\u00fcrd\u00fcr\u00fclebilirli\u011fi, birinci basamak sa\u011fl\u0131k hizmetlerinin etkinli\u011fine ve nitelikli sa\u011fl\u0131k personeline dayan\u0131r. Sa\u011fl\u0131k \u00e7al\u0131\u015fanlar\u0131n\u0131n e\u011fitimi ve \u00fclkelerimiz aras\u0131nda tecr\u00fcbe payla\u015f\u0131m\u0131 b\u00f6lgesel sa\u011fl\u0131k dayan\u0131kl\u0131l\u0131\u011f\u0131m\u0131z\u0131 g\u00fc\u00e7lendirecektir.\u201d ifadelerini kulland\u0131.<\/p>\n<p>Memi\u015fo\u011flu, T\u00fcrkiye\u2019nin y\u0131llard\u0131r s\u00fcrd\u00fcrd\u00fc\u011f\u00fc sa\u011fl\u0131k reformlar\u0131yla birinci basamak sa\u011fl\u0131k hizmetlerinde \u00f6nemli ba\u015far\u0131lar elde etti\u011finin alt\u0131n\u0131 \u00e7izerek, \u015funlar\u0131 kaydetti:<\/p>\n<p>\u201cAile hekimli\u011fi sistemimizin g\u00fc\u00e7lendirilmesi, toplum temelli sa\u011fl\u0131k hizmetlerinin yayg\u0131nla\u015ft\u0131r\u0131lmas\u0131, dijital sa\u011fl\u0131k \u00e7\u00f6z\u00fcmlerinin entegrasyonu ve yeniledi\u011fimiz modern hastane altyap\u0131m\u0131z sayesinde, vatanda\u015flar\u0131m\u0131za daha eri\u015filebilir ve etkin bir sa\u011fl\u0131k hizmeti sunmaktay\u0131z. Bu birikimimizi, TDT \u00e7at\u0131s\u0131 alt\u0131ndaki karde\u015f \u00fclkelerimizle payla\u015fma gayreti i\u00e7erisindeyiz.\u201d<\/p>\n<p>Memi\u015fo\u011flu, k\u00fcresel sa\u011fl\u0131k diplomasisinin yaln\u0131zca \u00fclkeler aras\u0131 i\u015fbirli\u011fini de\u011fil, ayn\u0131 zamanda kriz anlar\u0131nda ortak hareket edebilme kapasitesini de gerektirdi\u011fini belirterek \u201cKOVID-19 pandemisi ve son d\u00f6nemde ya\u015fad\u0131\u011f\u0131m\u0131z do\u011fal afetler, sa\u011fl\u0131k alan\u0131nda dayan\u0131\u015fman\u0131n ne kadar hayati oldu\u011funu bir kez daha g\u00f6stermi\u015ftir.\u201d diye konu\u015ftu.<\/p>\n<p>T\u00fcrkiye\u2019nin insani ve teknik kapasitesiyle her zaman dost ve karde\u015f \u00fclkelerin yan\u0131nda oldu\u011funu ve olmaya devam edece\u011fini aktaran Memi\u015fo\u011flu, \u201cT\u00fcrk Devletleri Te\u015fkilat\u0131 \u00e7at\u0131s\u0131 alt\u0131nda, sa\u011fl\u0131k alan\u0131nda ortak projeler geli\u015ftirmeye y\u00f6nelik giri\u015fimlerin art\u0131r\u0131lmas\u0131n\u0131 T\u00fcrkiye olarak \u00e7ok \u00f6nemsiyor ve destekliyoruz.\u201d ifadesini kulland\u0131.<\/p>\n<p>\u00d6zellikle sa\u011fl\u0131k personeli de\u011fi\u015fim programlar\u0131, ortak e\u011fitim inisiyatifleri ve kriz durumlar\u0131nda koordineli m\u00fcdahale mekanizmalar\u0131 gibi konular\u0131n i\u015fbirli\u011fini daha da ileriye ta\u015f\u0131d\u0131\u011f\u0131n\u0131 belirten Memi\u015fo\u011flu, \u015f\u00f6yle devam etti:<\/p>\n<p>\u201cSa\u011fl\u0131k alan\u0131nda yeni tematik alanlar\u0131 i\u00e7eren ve \u00fcye \u00fclkelerimize muhtelif sorumluluklar y\u00fckleyen sa\u011fl\u0131k eylem plan\u0131m\u0131z\u0131n t\u00fcm \u00fcye \u00fclkelerin daha yo\u011fun gayretleri ve adanmas\u0131yla etkisinin artaca\u011f\u0131na ve hedeflerimize ula\u015faca\u011f\u0131m\u0131za inan\u0131yorum. Say\u0131n Cumhurba\u015fkan\u0131m\u0131z Recep Tayyip Erdo\u011fan\u2019\u0131n T\u00fcrk Devletleri Te\u015fkilat\u0131 \u00fcye \u00fclkeleri i\u00e7in yapm\u0131\u015f oldu\u011fu \u2018birli\u011fimiz g\u00fcc\u00fcm\u00fczd\u00fcr\u2019 vurgusu \u00fclkelerimiz aras\u0131ndaki i\u015fbirli\u011finin, \u00fclkelerimizin gelece\u011fe daha g\u00fcvenle bakabilmesi i\u00e7in bir \u00e7a\u011fr\u0131 niteli\u011fi ta\u015f\u0131maktad\u0131r. Bu nedenle, TDT olarak ortak hareket etmeli, sa\u011fl\u0131kta e\u015fitli\u011fi sa\u011flamak ad\u0131na somut ad\u0131mlar atmal\u0131y\u0131z.\u201d<\/p>\n<p>Bakan Memi\u015fo\u011flu, bu ba\u011flamda, sa\u011fl\u0131k alan\u0131nda ortak \u00fcretim kapasitesini art\u0131rmak, t\u0131bbi malzeme ve ila\u00e7 \u00fcretiminde i\u015fbirli\u011fini g\u00fc\u00e7lendirmek i\u00e7in birlikte \u00e7al\u0131\u015fma \u00e7a\u011fr\u0131s\u0131 yaparak \u201cBiz T\u00fcrkiye olarak yak\u0131n d\u00f6nemde \u201c\u00dcreten Sa\u011fl\u0131k Sistemi\u201d vizyonu ile yeni bir s\u00fcre\u00e7 ba\u015flatt\u0131k. Fikirden \u00fcretime, \u00fcretimden da\u011f\u0131t\u0131m ve payla\u015f\u0131ma giden bir temel \u00fczerinde \u015fekillenen bu s\u00fcrecin \u00f6nemli bir par\u00e7as\u0131n\u0131n da T\u00fcrk D\u00fcnyas\u0131n\u0131n olmas\u0131 bizim en temel hedeflerimiz aras\u0131ndad\u0131r.\u201d ifadelerini kulland\u0131.<\/p>\n<p>Memi\u015fo\u011flu, hep beraber g\u00f6n\u00fcl ve \u00fclk\u00fc birli\u011fi i\u00e7erisinde \u00e7al\u0131\u015farak te\u015fkilat\u0131 \u00e7ok daha ileriye ta\u015f\u0131may\u0131 hedeflediklerini kaydederek, \u201cBu vesile ile K\u0131br\u0131sl\u0131 T\u00fcrk karde\u015flerimizin ba\u015fta sa\u011fl\u0131k olmak \u00fczere her alanda maruz kald\u0131klar\u0131 izolasyona kar\u015f\u0131 T\u00fcrk d\u00fcnyas\u0131 ailesi olarak g\u00f6sterece\u011fimiz dayan\u0131\u015fman\u0131n \u00f6nemli oldu\u011funu burada bir kez daha vurgulamak istiyorum. T\u00fcrkiye olarak K\u0131br\u0131s T\u00fcrk\u00fc karde\u015flerimizin hakl\u0131 davas\u0131n\u0131 payla\u015f\u0131yor, bir aile olarak g\u00f6rd\u00fc\u011f\u00fcm\u00fcz T\u00fcrk Devletleri Te\u015fkilat\u0131n\u0131n ve siz karde\u015flerimizin deste\u011fini \u00f6nemsiyoruz.\u201d diye konu\u015ftu.<\/p>\n<p>Azerbaycan Sa\u011fl\u0131k Bakan\u0131 Musayev, konu\u015fmas\u0131na, ge\u00e7en y\u0131l Aktau kentinde Azerbaycan Havayollar\u0131\u2019na ait u\u00e7a\u011f\u0131n d\u00fc\u015fmesi sonras\u0131 g\u00f6sterdikleri profesyonellik ve yard\u0131mlar\u0131 i\u00e7in Kazak mevkida\u015f\u0131na ve sa\u011fl\u0131k \u00e7al\u0131\u015fanlar\u0131na bir kez daha te\u015fekk\u00fcr ederek ba\u015flad\u0131.<\/p>\n<p>TDT\u2019nin \u00fcye ve g\u00f6zlemci \u00fclkeler aras\u0131nda i\u015fbirli\u011finin geli\u015ftirilmesi i\u00e7in h\u0131zl\u0131 bir platform haline geldi\u011finin alt\u0131n\u0131 \u00e7izen Musayev, devlet ba\u015fkanlar\u0131n\u0131n himayesinde siyasi, ekonomi ve k\u00fclt\u00fcrel alanlarda ili\u015fkilerin sadece te\u015fkilat \u00e7er\u00e7evesinde de\u011fil ayn\u0131 zamanda ikili ili\u015fkilerde de \u00f6ne \u00e7\u0131kt\u0131\u011f\u0131na dikkati \u00e7ekti.<\/p>\n<p>Musayev, TDT Sa\u011fl\u0131k Toplant\u0131lar\u0131n\u0131n \u00fclkelerin sa\u011fl\u0131k \u00e7al\u0131\u015fanlar\u0131 aras\u0131nda temaslar\u0131 geli\u015ftirdi\u011fini ve sayesinde tecr\u00fcbe payla\u015f\u0131m\u0131na da \u00f6nemli f\u0131rsatlar sunuldu\u011funu belirtti.<\/p>\n<p>K\u0131rg\u0131zistan Sa\u011fl\u0131k Bakan\u0131 \u00c7e\u00e7eybayev de TDT \u00fcyesi \u00fclkelerin sa\u011fl\u0131k sekt\u00f6r\u00fcndeki i\u015fbirli\u011finde baz\u0131 \u00e7\u00f6z\u00fclmesi gereken engellerin oldu\u011funa i\u015faret ederek, \u201cKar\u015f\u0131l\u0131kl\u0131 etkile\u015fim ile halklar\u0131m\u0131za \u00e7ok daha iyi sa\u011fl\u0131k hizmeti sunabilece\u011fimize inan\u0131yoruz.\u201d dedi.<\/p>\n<p>\u00d6zbek Bakan Hudayarov, TDT \u00e7er\u00e7evesinde sa\u011fl\u0131k sekt\u00f6r\u00fcnde yapay zekan\u0131n kullan\u0131lmas\u0131, sa\u011fl\u0131k personelinin mesleki becerilerinin geli\u015ftirilmesi, ortak e\u011fitim programlar\u0131n\u0131n d\u00fczenlenmesi gibi giri\u015fimleri desteklediklerini aktard\u0131.<\/p>\n<p>TDT Genel Sekreteri \u00d6m\u00fcraliyev, bug\u00fcnk\u00fc bulu\u015fman\u0131n \u00fcye \u00fclkeler aras\u0131ndaki s\u0131k\u0131 bir i\u015fbirli\u011finin kan\u0131t\u0131 oldu\u011funu vurgulad\u0131.<\/p>\n<p>\u00d6m\u00fcraliyev, halihaz\u0131rda geleneksel t\u0131ptan sa\u011fl\u0131k sekt\u00f6r\u00fcndeki dijitalle\u015fmeye kadar \u00fcye \u00fclkeler aras\u0131nda 12 alt grubun \u00e7al\u0131\u015fmalar\u0131n\u0131n devam etti\u011fini s\u00f6yledi.<\/p>\n<p>Toplant\u0131 sonunda, \u00fcye \u00fclkelerin sa\u011fl\u0131k bakanl\u0131klar\u0131 aras\u0131nda \u201c2025-2026 Eylem Plan\u0131\u201dn\u0131 onaylayan bakanlar ayr\u0131ca TDT Sa\u011fl\u0131k Bakanlar\u0131 Ortak Deklarasyonu da imzaland\u0131.<\/p>\n<p>Bunun yan\u0131 s\u0131ra TDT \u00fcyesi \u00fclkelerin sa\u011fl\u0131k bakanl\u0131klar\u0131n\u0131n yetkili kurumlar\u0131 aras\u0131nda acil sa\u011fl\u0131k hizmetleri, b\u0131\u0307yog\u00fcvenl\u0131\u0307k, t\u0131p e\u011f\u0131\u0307t\u0131\u0307m\u0131\u0307 ve b\u0131\u0307l\u0131\u0307mi, ila\u00e7 ve t\u0131bbi cihaz alan\u0131nda i\u015fbirli\u011fine ili\u015fkin mutabakat zaptlar\u0131na imza at\u0131ld\u0131.<\/p>\n<p>Toplant\u0131, aile foto\u011fraf\u0131 \u00e7ekilmesiyle sona erdi.<\/p>\n<\/p><\/div>\n<p><script async\n                    defer\n                    crossorigin=\"anonymous\"\n                    src=\"https:\/\/connect.facebook.net\/tr_TR\/sdk.js#xfbml=1&#038;version=v3.3\"\n            ><\/script><\/p>\n","protected":false},"excerpt":{"rendered":"<p>TC Sa\u011fl\u0131k Bakan\u0131 Kemal Memi\u015fo\u011flu,\u00a0T\u00fcrk Devletleri Te\u015fkilat\u0131 (TDT) Sa\u011fl\u0131k Bakanlar\u0131 toplant\u0131s\u0131nda\u00a0K\u0131br\u0131sl\u0131 T\u00fcrklerine ba\u015fta sa\u011fl\u0131k olmak \u00fczere her alanda uygulanan izolasyonlara kar\u015f\u0131 dayan\u0131\u015fma \u00e7a\u011fr\u0131s\u0131nda bulundu. Memi\u015fo\u011flu, hep beraber g\u00f6n\u00fcl ve \u00fclk\u00fc birli\u011fi i\u00e7erisinde \u00e7al\u0131\u015farak te\u015fkilat\u0131 \u00e7ok daha ileriye ta\u015f\u0131may\u0131 hedeflediklerini kaydederek, \u201cBu vesile ile K\u0131br\u0131sl\u0131 T\u00fcrk karde\u015flerimizin ba\u015fta sa\u011fl\u0131k olmak \u00fczere her alanda maruz kald\u0131klar\u0131 izolasyona [&hellip;]<\/p>\n","protected":false},"author":1,"featured_media":21465,"comment_status":"open","ping_status":"open","sticky":false,"template":"","format":"standard","meta":{"jnews-multi-image_gallery":[],"jnews_single_post":[],"jnews_primary_category":[],"footnotes":""},"categories":[2],"tags":[],"class_list":["post-21464","post","type-post","status-publish","format-standard","has-post-thumbnail","hentry","category-dunya"],"yoast_head":"<!-- This site is optimized with the Yoast SEO plugin v27.5 - https:\/\/yoast.com\/product\/yoast-seo-wordpress\/ -->\n<title>TDT Sa\u011fl\u0131k Bakanlar\u0131 toplant\u0131s\u0131nda KKTC\u2019ye uygulanan izolasyonlara kar\u015f\u0131 dayan\u0131\u015fma \u00e7a\u011fr\u0131s\u0131 - Haber Kuzey<\/title>\n<meta name=\"robots\" content=\"index, follow, max-snippet:-1, max-image-preview:large, max-video-preview:-1\" \/>\n<link rel=\"canonical\" href=\"https:\/\/haberkuzey.com\/index.php\/2025\/04\/08\/tdt-saglik-bakanlari-toplantisinda-kktcye-uygulanan-izolasyonlara-karsi-dayanisma-cagrisi\/\" \/>\n<meta property=\"og:locale\" content=\"tr_TR\" \/>\n<meta property=\"og:type\" content=\"article\" \/>\n<meta property=\"og:title\" content=\"TDT Sa\u011fl\u0131k Bakanlar\u0131 toplant\u0131s\u0131nda KKTC\u2019ye uygulanan izolasyonlara kar\u015f\u0131 dayan\u0131\u015fma \u00e7a\u011fr\u0131s\u0131 - Haber Kuzey\" \/>\n<meta property=\"og:description\" content=\"TC Sa\u011fl\u0131k Bakan\u0131 Kemal Memi\u015fo\u011flu,\u00a0T\u00fcrk Devletleri Te\u015fkilat\u0131 (TDT) Sa\u011fl\u0131k Bakanlar\u0131 toplant\u0131s\u0131nda\u00a0K\u0131br\u0131sl\u0131 T\u00fcrklerine ba\u015fta sa\u011fl\u0131k olmak \u00fczere her alanda uygulanan izolasyonlara kar\u015f\u0131 dayan\u0131\u015fma \u00e7a\u011fr\u0131s\u0131nda bulundu. Memi\u015fo\u011flu, hep beraber g\u00f6n\u00fcl ve \u00fclk\u00fc birli\u011fi i\u00e7erisinde \u00e7al\u0131\u015farak te\u015fkilat\u0131 \u00e7ok daha ileriye ta\u015f\u0131may\u0131 hedeflediklerini kaydederek, \u201cBu vesile ile K\u0131br\u0131sl\u0131 T\u00fcrk karde\u015flerimizin ba\u015fta sa\u011fl\u0131k olmak \u00fczere her alanda maruz kald\u0131klar\u0131 izolasyona [&hellip;]\" \/>\n<meta property=\"og:url\" content=\"https:\/\/haberkuzey.com\/index.php\/2025\/04\/08\/tdt-saglik-bakanlari-toplantisinda-kktcye-uygulanan-izolasyonlara-karsi-dayanisma-cagrisi\/\" \/>\n<meta property=\"og:site_name\" content=\"Haber Kuzey\" \/>\n<meta property=\"article:published_time\" content=\"2025-04-08T12:26:03+00:00\" \/>\n<meta property=\"og:image\" content=\"https:\/\/brtk.net\/wp-content\/uploads\/2025\/04\/08\/1744105810567GoAM6WFWkAI2zBY.jpg?ver=bdd934d0b872fb0d544da224d251cd3b\" \/>\n<meta name=\"author\" content=\"haberkuzey\" \/>\n<meta name=\"twitter:card\" content=\"summary_large_image\" \/>\n<meta name=\"twitter:label1\" content=\"Yazan:\" \/>\n\t<meta name=\"twitter:data1\" content=\"haberkuzey\" \/>\n\t<meta name=\"twitter:label2\" content=\"Tahmini okuma s\u00fcresi\" \/>\n\t<meta name=\"twitter:data2\" content=\"9 dakika\" \/>\n<script type=\"application\/ld+json\" class=\"yoast-schema-graph\">{\"@context\":\"https:\\\/\\\/schema.org\",\"@graph\":[{\"@type\":\"Article\",\"@id\":\"https:\\\/\\\/haberkuzey.com\\\/index.php\\\/2025\\\/04\\\/08\\\/tdt-saglik-bakanlari-toplantisinda-kktcye-uygulanan-izolasyonlara-karsi-dayanisma-cagrisi\\\/#article\",\"isPartOf\":{\"@id\":\"https:\\\/\\\/haberkuzey.com\\\/index.php\\\/2025\\\/04\\\/08\\\/tdt-saglik-bakanlari-toplantisinda-kktcye-uygulanan-izolasyonlara-karsi-dayanisma-cagrisi\\\/\"},\"author\":{\"name\":\"haberkuzey\",\"@id\":\"https:\\\/\\\/haberkuzey.com\\\/#\\\/schema\\\/person\\\/3372109ec735f9333f4fa47ebb9605ca\"},\"headline\":\"TDT Sa\u011fl\u0131k Bakanlar\u0131 toplant\u0131s\u0131nda KKTC\u2019ye uygulanan izolasyonlara kar\u015f\u0131 dayan\u0131\u015fma \u00e7a\u011fr\u0131s\u0131\",\"datePublished\":\"2025-04-08T12:26:03+00:00\",\"mainEntityOfPage\":{\"@id\":\"https:\\\/\\\/haberkuzey.com\\\/index.php\\\/2025\\\/04\\\/08\\\/tdt-saglik-bakanlari-toplantisinda-kktcye-uygulanan-izolasyonlara-karsi-dayanisma-cagrisi\\\/\"},\"wordCount\":1762,\"commentCount\":0,\"image\":{\"@id\":\"https:\\\/\\\/haberkuzey.com\\\/index.php\\\/2025\\\/04\\\/08\\\/tdt-saglik-bakanlari-toplantisinda-kktcye-uygulanan-izolasyonlara-karsi-dayanisma-cagrisi\\\/#primaryimage\"},\"thumbnailUrl\":\"https:\\\/\\\/haberkuzey.com\\\/wp-content\\\/uploads\\\/2025\\\/04\\\/1744105810567GoAM6WFWkAI2zBY.jpg\",\"articleSection\":[\"D\u00fcnya\"],\"inLanguage\":\"tr\",\"potentialAction\":[{\"@type\":\"CommentAction\",\"name\":\"Comment\",\"target\":[\"https:\\\/\\\/haberkuzey.com\\\/index.php\\\/2025\\\/04\\\/08\\\/tdt-saglik-bakanlari-toplantisinda-kktcye-uygulanan-izolasyonlara-karsi-dayanisma-cagrisi\\\/#respond\"]}]},{\"@type\":\"WebPage\",\"@id\":\"https:\\\/\\\/haberkuzey.com\\\/index.php\\\/2025\\\/04\\\/08\\\/tdt-saglik-bakanlari-toplantisinda-kktcye-uygulanan-izolasyonlara-karsi-dayanisma-cagrisi\\\/\",\"url\":\"https:\\\/\\\/haberkuzey.com\\\/index.php\\\/2025\\\/04\\\/08\\\/tdt-saglik-bakanlari-toplantisinda-kktcye-uygulanan-izolasyonlara-karsi-dayanisma-cagrisi\\\/\",\"name\":\"TDT Sa\u011fl\u0131k Bakanlar\u0131 toplant\u0131s\u0131nda KKTC\u2019ye uygulanan izolasyonlara kar\u015f\u0131 dayan\u0131\u015fma \u00e7a\u011fr\u0131s\u0131 - Haber Kuzey\",\"isPartOf\":{\"@id\":\"https:\\\/\\\/haberkuzey.com\\\/#website\"},\"primaryImageOfPage\":{\"@id\":\"https:\\\/\\\/haberkuzey.com\\\/index.php\\\/2025\\\/04\\\/08\\\/tdt-saglik-bakanlari-toplantisinda-kktcye-uygulanan-izolasyonlara-karsi-dayanisma-cagrisi\\\/#primaryimage\"},\"image\":{\"@id\":\"https:\\\/\\\/haberkuzey.com\\\/index.php\\\/2025\\\/04\\\/08\\\/tdt-saglik-bakanlari-toplantisinda-kktcye-uygulanan-izolasyonlara-karsi-dayanisma-cagrisi\\\/#primaryimage\"},\"thumbnailUrl\":\"https:\\\/\\\/haberkuzey.com\\\/wp-content\\\/uploads\\\/2025\\\/04\\\/1744105810567GoAM6WFWkAI2zBY.jpg\",\"datePublished\":\"2025-04-08T12:26:03+00:00\",\"author\":{\"@id\":\"https:\\\/\\\/haberkuzey.com\\\/#\\\/schema\\\/person\\\/3372109ec735f9333f4fa47ebb9605ca\"},\"breadcrumb\":{\"@id\":\"https:\\\/\\\/haberkuzey.com\\\/index.php\\\/2025\\\/04\\\/08\\\/tdt-saglik-bakanlari-toplantisinda-kktcye-uygulanan-izolasyonlara-karsi-dayanisma-cagrisi\\\/#breadcrumb\"},\"inLanguage\":\"tr\",\"potentialAction\":[{\"@type\":\"ReadAction\",\"target\":[\"https:\\\/\\\/haberkuzey.com\\\/index.php\\\/2025\\\/04\\\/08\\\/tdt-saglik-bakanlari-toplantisinda-kktcye-uygulanan-izolasyonlara-karsi-dayanisma-cagrisi\\\/\"]}]},{\"@type\":\"ImageObject\",\"inLanguage\":\"tr\",\"@id\":\"https:\\\/\\\/haberkuzey.com\\\/index.php\\\/2025\\\/04\\\/08\\\/tdt-saglik-bakanlari-toplantisinda-kktcye-uygulanan-izolasyonlara-karsi-dayanisma-cagrisi\\\/#primaryimage\",\"url\":\"https:\\\/\\\/haberkuzey.com\\\/wp-content\\\/uploads\\\/2025\\\/04\\\/1744105810567GoAM6WFWkAI2zBY.jpg\",\"contentUrl\":\"https:\\\/\\\/haberkuzey.com\\\/wp-content\\\/uploads\\\/2025\\\/04\\\/1744105810567GoAM6WFWkAI2zBY.jpg\",\"width\":926,\"height\":436},{\"@type\":\"BreadcrumbList\",\"@id\":\"https:\\\/\\\/haberkuzey.com\\\/index.php\\\/2025\\\/04\\\/08\\\/tdt-saglik-bakanlari-toplantisinda-kktcye-uygulanan-izolasyonlara-karsi-dayanisma-cagrisi\\\/#breadcrumb\",\"itemListElement\":[{\"@type\":\"ListItem\",\"position\":1,\"name\":\"Anasayfa\",\"item\":\"https:\\\/\\\/haberkuzey.com\\\/\"},{\"@type\":\"ListItem\",\"position\":2,\"name\":\"TDT Sa\u011fl\u0131k Bakanlar\u0131 toplant\u0131s\u0131nda KKTC\u2019ye uygulanan izolasyonlara kar\u015f\u0131 dayan\u0131\u015fma \u00e7a\u011fr\u0131s\u0131\"}]},{\"@type\":\"WebSite\",\"@id\":\"https:\\\/\\\/haberkuzey.com\\\/#website\",\"url\":\"https:\\\/\\\/haberkuzey.com\\\/\",\"name\":\"Haber Kuzey\",\"description\":\"Do\u011fru Haberin Adresi\",\"potentialAction\":[{\"@type\":\"SearchAction\",\"target\":{\"@type\":\"EntryPoint\",\"urlTemplate\":\"https:\\\/\\\/haberkuzey.com\\\/?s={search_term_string}\"},\"query-input\":{\"@type\":\"PropertyValueSpecification\",\"valueRequired\":true,\"valueName\":\"search_term_string\"}}],\"inLanguage\":\"tr\"},{\"@type\":\"Person\",\"@id\":\"https:\\\/\\\/haberkuzey.com\\\/#\\\/schema\\\/person\\\/3372109ec735f9333f4fa47ebb9605ca\",\"name\":\"haberkuzey\",\"image\":{\"@type\":\"ImageObject\",\"inLanguage\":\"tr\",\"@id\":\"https:\\\/\\\/secure.gravatar.com\\\/avatar\\\/f5fc875574b1575324358c3b9e6a32b8227aa5b74f3fa22e3cadb63e26fcc39c?s=96&d=mm&r=g\",\"url\":\"https:\\\/\\\/secure.gravatar.com\\\/avatar\\\/f5fc875574b1575324358c3b9e6a32b8227aa5b74f3fa22e3cadb63e26fcc39c?s=96&d=mm&r=g\",\"contentUrl\":\"https:\\\/\\\/secure.gravatar.com\\\/avatar\\\/f5fc875574b1575324358c3b9e6a32b8227aa5b74f3fa22e3cadb63e26fcc39c?s=96&d=mm&r=g\",\"caption\":\"haberkuzey\"},\"sameAs\":[\"https:\\\/\\\/haberkuzey.com\"],\"url\":\"https:\\\/\\\/haberkuzey.com\\\/index.php\\\/author\\\/haberkuzey\\\/\"}]}<\/script>\n<!-- \/ Yoast SEO plugin. -->","yoast_head_json":{"title":"TDT Sa\u011fl\u0131k Bakanlar\u0131 toplant\u0131s\u0131nda KKTC\u2019ye uygulanan izolasyonlara kar\u015f\u0131 dayan\u0131\u015fma \u00e7a\u011fr\u0131s\u0131 - Haber Kuzey","robots":{"index":"index","follow":"follow","max-snippet":"max-snippet:-1","max-image-preview":"max-image-preview:large","max-video-preview":"max-video-preview:-1"},"canonical":"https:\/\/haberkuzey.com\/index.php\/2025\/04\/08\/tdt-saglik-bakanlari-toplantisinda-kktcye-uygulanan-izolasyonlara-karsi-dayanisma-cagrisi\/","og_locale":"tr_TR","og_type":"article","og_title":"TDT Sa\u011fl\u0131k Bakanlar\u0131 toplant\u0131s\u0131nda KKTC\u2019ye uygulanan izolasyonlara kar\u015f\u0131 dayan\u0131\u015fma \u00e7a\u011fr\u0131s\u0131 - Haber Kuzey","og_description":"TC Sa\u011fl\u0131k Bakan\u0131 Kemal Memi\u015fo\u011flu,\u00a0T\u00fcrk Devletleri Te\u015fkilat\u0131 (TDT) Sa\u011fl\u0131k Bakanlar\u0131 toplant\u0131s\u0131nda\u00a0K\u0131br\u0131sl\u0131 T\u00fcrklerine ba\u015fta sa\u011fl\u0131k olmak \u00fczere her alanda uygulanan izolasyonlara kar\u015f\u0131 dayan\u0131\u015fma \u00e7a\u011fr\u0131s\u0131nda bulundu. Memi\u015fo\u011flu, hep beraber g\u00f6n\u00fcl ve \u00fclk\u00fc birli\u011fi i\u00e7erisinde \u00e7al\u0131\u015farak te\u015fkilat\u0131 \u00e7ok daha ileriye ta\u015f\u0131may\u0131 hedeflediklerini kaydederek, \u201cBu vesile ile K\u0131br\u0131sl\u0131 T\u00fcrk karde\u015flerimizin ba\u015fta sa\u011fl\u0131k olmak \u00fczere her alanda maruz kald\u0131klar\u0131 izolasyona [&hellip;]","og_url":"https:\/\/haberkuzey.com\/index.php\/2025\/04\/08\/tdt-saglik-bakanlari-toplantisinda-kktcye-uygulanan-izolasyonlara-karsi-dayanisma-cagrisi\/","og_site_name":"Haber Kuzey","article_published_time":"2025-04-08T12:26:03+00:00","og_image":[{"url":"https:\/\/brtk.net\/wp-content\/uploads\/2025\/04\/08\/1744105810567GoAM6WFWkAI2zBY.jpg?ver=bdd934d0b872fb0d544da224d251cd3b","type":"","width":"","height":""}],"author":"haberkuzey","twitter_card":"summary_large_image","twitter_misc":{"Yazan:":"haberkuzey","Tahmini okuma s\u00fcresi":"9 dakika"},"schema":{"@context":"https:\/\/schema.org","@graph":[{"@type":"Article","@id":"https:\/\/haberkuzey.com\/index.php\/2025\/04\/08\/tdt-saglik-bakanlari-toplantisinda-kktcye-uygulanan-izolasyonlara-karsi-dayanisma-cagrisi\/#article","isPartOf":{"@id":"https:\/\/haberkuzey.com\/index.php\/2025\/04\/08\/tdt-saglik-bakanlari-toplantisinda-kktcye-uygulanan-izolasyonlara-karsi-dayanisma-cagrisi\/"},"author":{"name":"haberkuzey","@id":"https:\/\/haberkuzey.com\/#\/schema\/person\/3372109ec735f9333f4fa47ebb9605ca"},"headline":"TDT Sa\u011fl\u0131k Bakanlar\u0131 toplant\u0131s\u0131nda KKTC\u2019ye uygulanan izolasyonlara kar\u015f\u0131 dayan\u0131\u015fma \u00e7a\u011fr\u0131s\u0131","datePublished":"2025-04-08T12:26:03+00:00","mainEntityOfPage":{"@id":"https:\/\/haberkuzey.com\/index.php\/2025\/04\/08\/tdt-saglik-bakanlari-toplantisinda-kktcye-uygulanan-izolasyonlara-karsi-dayanisma-cagrisi\/"},"wordCount":1762,"commentCount":0,"image":{"@id":"https:\/\/haberkuzey.com\/index.php\/2025\/04\/08\/tdt-saglik-bakanlari-toplantisinda-kktcye-uygulanan-izolasyonlara-karsi-dayanisma-cagrisi\/#primaryimage"},"thumbnailUrl":"https:\/\/haberkuzey.com\/wp-content\/uploads\/2025\/04\/1744105810567GoAM6WFWkAI2zBY.jpg","articleSection":["D\u00fcnya"],"inLanguage":"tr","potentialAction":[{"@type":"CommentAction","name":"Comment","target":["https:\/\/haberkuzey.com\/index.php\/2025\/04\/08\/tdt-saglik-bakanlari-toplantisinda-kktcye-uygulanan-izolasyonlara-karsi-dayanisma-cagrisi\/#respond"]}]},{"@type":"WebPage","@id":"https:\/\/haberkuzey.com\/index.php\/2025\/04\/08\/tdt-saglik-bakanlari-toplantisinda-kktcye-uygulanan-izolasyonlara-karsi-dayanisma-cagrisi\/","url":"https:\/\/haberkuzey.com\/index.php\/2025\/04\/08\/tdt-saglik-bakanlari-toplantisinda-kktcye-uygulanan-izolasyonlara-karsi-dayanisma-cagrisi\/","name":"TDT Sa\u011fl\u0131k Bakanlar\u0131 toplant\u0131s\u0131nda KKTC\u2019ye uygulanan izolasyonlara kar\u015f\u0131 dayan\u0131\u015fma \u00e7a\u011fr\u0131s\u0131 - Haber Kuzey","isPartOf":{"@id":"https:\/\/haberkuzey.com\/#website"},"primaryImageOfPage":{"@id":"https:\/\/haberkuzey.com\/index.php\/2025\/04\/08\/tdt-saglik-bakanlari-toplantisinda-kktcye-uygulanan-izolasyonlara-karsi-dayanisma-cagrisi\/#primaryimage"},"image":{"@id":"https:\/\/haberkuzey.com\/index.php\/2025\/04\/08\/tdt-saglik-bakanlari-toplantisinda-kktcye-uygulanan-izolasyonlara-karsi-dayanisma-cagrisi\/#primaryimage"},"thumbnailUrl":"https:\/\/haberkuzey.com\/wp-content\/uploads\/2025\/04\/1744105810567GoAM6WFWkAI2zBY.jpg","datePublished":"2025-04-08T12:26:03+00:00","author":{"@id":"https:\/\/haberkuzey.com\/#\/schema\/person\/3372109ec735f9333f4fa47ebb9605ca"},"breadcrumb":{"@id":"https:\/\/haberkuzey.com\/index.php\/2025\/04\/08\/tdt-saglik-bakanlari-toplantisinda-kktcye-uygulanan-izolasyonlara-karsi-dayanisma-cagrisi\/#breadcrumb"},"inLanguage":"tr","potentialAction":[{"@type":"ReadAction","target":["https:\/\/haberkuzey.com\/index.php\/2025\/04\/08\/tdt-saglik-bakanlari-toplantisinda-kktcye-uygulanan-izolasyonlara-karsi-dayanisma-cagrisi\/"]}]},{"@type":"ImageObject","inLanguage":"tr","@id":"https:\/\/haberkuzey.com\/index.php\/2025\/04\/08\/tdt-saglik-bakanlari-toplantisinda-kktcye-uygulanan-izolasyonlara-karsi-dayanisma-cagrisi\/#primaryimage","url":"https:\/\/haberkuzey.com\/wp-content\/uploads\/2025\/04\/1744105810567GoAM6WFWkAI2zBY.jpg","contentUrl":"https:\/\/haberkuzey.com\/wp-content\/uploads\/2025\/04\/1744105810567GoAM6WFWkAI2zBY.jpg","width":926,"height":436},{"@type":"BreadcrumbList","@id":"https:\/\/haberkuzey.com\/index.php\/2025\/04\/08\/tdt-saglik-bakanlari-toplantisinda-kktcye-uygulanan-izolasyonlara-karsi-dayanisma-cagrisi\/#breadcrumb","itemListElement":[{"@type":"ListItem","position":1,"name":"Anasayfa","item":"https:\/\/haberkuzey.com\/"},{"@type":"ListItem","position":2,"name":"TDT Sa\u011fl\u0131k Bakanlar\u0131 toplant\u0131s\u0131nda KKTC\u2019ye uygulanan izolasyonlara kar\u015f\u0131 dayan\u0131\u015fma \u00e7a\u011fr\u0131s\u0131"}]},{"@type":"WebSite","@id":"https:\/\/haberkuzey.com\/#website","url":"https:\/\/haberkuzey.com\/","name":"Haber Kuzey","description":"Do\u011fru Haberin Adresi","potentialAction":[{"@type":"SearchAction","target":{"@type":"EntryPoint","urlTemplate":"https:\/\/haberkuzey.com\/?s={search_term_string}"},"query-input":{"@type":"PropertyValueSpecification","valueRequired":true,"valueName":"search_term_string"}}],"inLanguage":"tr"},{"@type":"Person","@id":"https:\/\/haberkuzey.com\/#\/schema\/person\/3372109ec735f9333f4fa47ebb9605ca","name":"haberkuzey","image":{"@type":"ImageObject","inLanguage":"tr","@id":"https:\/\/secure.gravatar.com\/avatar\/f5fc875574b1575324358c3b9e6a32b8227aa5b74f3fa22e3cadb63e26fcc39c?s=96&d=mm&r=g","url":"https:\/\/secure.gravatar.com\/avatar\/f5fc875574b1575324358c3b9e6a32b8227aa5b74f3fa22e3cadb63e26fcc39c?s=96&d=mm&r=g","contentUrl":"https:\/\/secure.gravatar.com\/avatar\/f5fc875574b1575324358c3b9e6a32b8227aa5b74f3fa22e3cadb63e26fcc39c?s=96&d=mm&r=g","caption":"haberkuzey"},"sameAs":["https:\/\/haberkuzey.com"],"url":"https:\/\/haberkuzey.com\/index.php\/author\/haberkuzey\/"}]}},"_links":{"self":[{"href":"https:\/\/haberkuzey.com\/index.php\/wp-json\/wp\/v2\/posts\/21464","targetHints":{"allow":["GET"]}}],"collection":[{"href":"https:\/\/haberkuzey.com\/index.php\/wp-json\/wp\/v2\/posts"}],"about":[{"href":"https:\/\/haberkuzey.com\/index.php\/wp-json\/wp\/v2\/types\/post"}],"author":[{"embeddable":true,"href":"https:\/\/haberkuzey.com\/index.php\/wp-json\/wp\/v2\/users\/1"}],"replies":[{"embeddable":true,"href":"https:\/\/haberkuzey.com\/index.php\/wp-json\/wp\/v2\/comments?post=21464"}],"version-history":[{"count":0,"href":"https:\/\/haberkuzey.com\/index.php\/wp-json\/wp\/v2\/posts\/21464\/revisions"}],"wp:featuredmedia":[{"embeddable":true,"href":"https:\/\/haberkuzey.com\/index.php\/wp-json\/wp\/v2\/media\/21465"}],"wp:attachment":[{"href":"https:\/\/haberkuzey.com\/index.php\/wp-json\/wp\/v2\/media?parent=21464"}],"wp:term":[{"taxonomy":"category","embeddable":true,"href":"https:\/\/haberkuzey.com\/index.php\/wp-json\/wp\/v2\/categories?post=21464"},{"taxonomy":"post_tag","embeddable":true,"href":"https:\/\/haberkuzey.com\/index.php\/wp-json\/wp\/v2\/tags?post=21464"}],"curies":[{"name":"wp","href":"https:\/\/api.w.org\/{rel}","templated":true}]}}