{"id":21414,"date":"2025-04-06T22:05:30","date_gmt":"2025-04-06T19:05:30","guid":{"rendered":"https:\/\/haberkuzey.com\/index.php\/2025\/04\/06\/erdogan-aanin-kurulusunun-105-yilini-kutladi\/"},"modified":"2025-04-06T22:05:30","modified_gmt":"2025-04-06T19:05:30","slug":"erdogan-aanin-kurulusunun-105-yilini-kutladi","status":"publish","type":"post","link":"https:\/\/haberkuzey.com\/index.php\/2025\/04\/06\/erdogan-aanin-kurulusunun-105-yilini-kutladi\/","title":{"rendered":"Erdo\u011fan, AA\u2019n\u0131n kurulu\u015funun 105. y\u0131l\u0131n\u0131 kutlad\u0131"},"content":{"rendered":"<div>\n<div class=\"mariselle-image-container center\">\n                                            <\/div>\n<p>\nT\u00fcrkiye Cumhurba\u015fkan\u0131 Recep Tayyip Erdo\u011fan, \u201cAnadolu Ajans\u0131, T\u00fcrk bas\u0131n tarihinde \u00f6nemli bir yer edinmi\u015f, T\u00fcrkiye\u2019nin sesi olmu\u015f ve uluslararas\u0131 arenada da \u00fclkemizin duru\u015funu en do\u011fru \u015fekilde temsil etmi\u015ftir.\u201d ifadesini kulland\u0131.<\/p>\n<p>Erdo\u011fan, Anadolu Ajans\u0131n\u0131n (AA) kurulu\u015funun 105. y\u0131l d\u00f6n\u00fcm\u00fc dolay\u0131s\u0131yla AA Y\u00f6netim Kurulu Ba\u015fkan\u0131 ve Genel M\u00fcd\u00fcr\u00fc Serdar Karag\u00f6z\u2019e kutlama mesaj\u0131 g\u00f6nderdi.<\/p>\n<p>T\u00fcrkiye\u2019nin k\u00f6kl\u00fc ve sayg\u0131n kurumlar\u0131ndan, \u00fclkenin at\u0131l\u0131mlar\u0131n\u0131, de\u011fi\u015fimlerini tarihe not d\u00fc\u015fen ve her ge\u00e7en g\u00fcn ba\u015far\u0131lar\u0131na yenilerini ekleyen Anadolu Ajans\u0131n\u0131n kurulu\u015f y\u0131l d\u00f6n\u00fcm\u00fcn\u00fc tebrik eden Erdo\u011fan, mesaj\u0131nda \u015funlar\u0131 kaydetti:<\/p>\n<p>\u201cAnadolu Ajans\u0131, T\u00fcrk bas\u0131n tarihinde \u00f6nemli bir yer edinmi\u015f, T\u00fcrkiye\u2019nin sesi olmu\u015f ve uluslararas\u0131 arenada da \u00fclkemizin duru\u015funu en do\u011fru \u015fekilde temsil etmi\u015ftir. Kuruldu\u011fu g\u00fcnden bug\u00fcne kadar tarafs\u0131z ve g\u00fcvenilir habercilik ilkesinden \u00f6d\u00fcn vermeden, her \u015fartta ve ko\u015fulda do\u011fru bilgiyi aktarma misyonunu ba\u015far\u0131yla s\u00fcrd\u00fcren Anadolu Ajans\u0131, habercili\u011fin T\u00fcrkiye ve d\u00fcnyadaki y\u00fcz ak\u0131 olmu\u015ftur. Sundu\u011fu zengin i\u00e7erik ve haber ak\u0131\u015f\u0131yla sadece \u00fclkemizde de\u011fil, d\u00fcnyada milyonlarca insana ula\u015fan Anadolu Ajans\u0131, dijitalle\u015fme ve teknolojinin sundu\u011fu olanaklar\u0131 da en do\u011fru \u015fekilde kullanarak g\u00fcc\u00fcne g\u00fc\u00e7 katm\u0131\u015ft\u0131r. T\u00fcrkiye\u2019nin prestij kurumlar\u0131ndan olan Anadolu Ajans\u0131n\u0131n t\u00fcm \u00e7al\u0131\u015fanlar\u0131n\u0131 tebrik ediyor, azim ve kararl\u0131l\u0131klar\u0131, hakikate olan ba\u011fl\u0131l\u0131klar\u0131 i\u00e7in te\u015fekk\u00fcr ediyorum.\u201d<\/p>\n<p>Erdo\u011fan mesaj\u0131nda, AA\u2019n\u0131n kurulu\u015f y\u0131ld\u00f6n\u00fcm\u00fc vesilesiyle ba\u015fta Gazi Mustafa Kemal Atat\u00fcrk olmak \u00fczere AA\u2019n\u0131n kurulu\u015funda eme\u011fi ge\u00e7enleri \u015f\u00fckranla and\u0131\u011f\u0131n\u0131 belirterek, kurumun ve t\u00fcm \u00e7al\u0131\u015fanlar\u0131n\u0131n ba\u015far\u0131l\u0131 faaliyetlerinin devam\u0131n\u0131 diledi\u011fini ifade etti.<\/p>\n<\/p><\/div>\n<p><script async\n                    defer\n                    crossorigin=\"anonymous\"\n                    src=\"https:\/\/connect.facebook.net\/tr_TR\/sdk.js#xfbml=1&#038;version=v3.3\"\n            ><\/script><\/p>\n","protected":false},"excerpt":{"rendered":"<p>T\u00fcrkiye Cumhurba\u015fkan\u0131 Recep Tayyip Erdo\u011fan, \u201cAnadolu Ajans\u0131, T\u00fcrk bas\u0131n tarihinde \u00f6nemli bir yer edinmi\u015f, T\u00fcrkiye\u2019nin sesi olmu\u015f ve uluslararas\u0131 arenada da \u00fclkemizin duru\u015funu en do\u011fru \u015fekilde temsil etmi\u015ftir.\u201d ifadesini kulland\u0131. Erdo\u011fan, Anadolu Ajans\u0131n\u0131n (AA) kurulu\u015funun 105. y\u0131l d\u00f6n\u00fcm\u00fc dolay\u0131s\u0131yla AA Y\u00f6netim Kurulu Ba\u015fkan\u0131 ve Genel M\u00fcd\u00fcr\u00fc Serdar Karag\u00f6z\u2019e kutlama mesaj\u0131 g\u00f6nderdi. T\u00fcrkiye\u2019nin k\u00f6kl\u00fc ve sayg\u0131n [&hellip;]<\/p>\n","protected":false},"author":1,"featured_media":21415,"comment_status":"open","ping_status":"open","sticky":false,"template":"","format":"standard","meta":{"jnews-multi-image_gallery":[],"jnews_single_post":[],"jnews_primary_category":[],"footnotes":""},"categories":[2],"tags":[],"class_list":["post-21414","post","type-post","status-publish","format-standard","has-post-thumbnail","hentry","category-dunya"],"yoast_head":"<!-- This site is optimized with the Yoast SEO plugin v27.5 - https:\/\/yoast.com\/product\/yoast-seo-wordpress\/ -->\n<title>Erdo\u011fan, AA\u2019n\u0131n kurulu\u015funun 105. y\u0131l\u0131n\u0131 kutlad\u0131 - Haber Kuzey<\/title>\n<meta name=\"robots\" content=\"index, follow, max-snippet:-1, max-image-preview:large, max-video-preview:-1\" \/>\n<link rel=\"canonical\" href=\"https:\/\/haberkuzey.com\/index.php\/2025\/04\/06\/erdogan-aanin-kurulusunun-105-yilini-kutladi\/\" \/>\n<meta property=\"og:locale\" content=\"tr_TR\" \/>\n<meta property=\"og:type\" content=\"article\" \/>\n<meta property=\"og:title\" content=\"Erdo\u011fan, AA\u2019n\u0131n kurulu\u015funun 105. y\u0131l\u0131n\u0131 kutlad\u0131 - Haber Kuzey\" \/>\n<meta property=\"og:description\" content=\"T\u00fcrkiye Cumhurba\u015fkan\u0131 Recep Tayyip Erdo\u011fan, \u201cAnadolu Ajans\u0131, T\u00fcrk bas\u0131n tarihinde \u00f6nemli bir yer edinmi\u015f, T\u00fcrkiye\u2019nin sesi olmu\u015f ve uluslararas\u0131 arenada da \u00fclkemizin duru\u015funu en do\u011fru \u015fekilde temsil etmi\u015ftir.\u201d ifadesini kulland\u0131. Erdo\u011fan, Anadolu Ajans\u0131n\u0131n (AA) kurulu\u015funun 105. y\u0131l d\u00f6n\u00fcm\u00fc dolay\u0131s\u0131yla AA Y\u00f6netim Kurulu Ba\u015fkan\u0131 ve Genel M\u00fcd\u00fcr\u00fc Serdar Karag\u00f6z\u2019e kutlama mesaj\u0131 g\u00f6nderdi. T\u00fcrkiye\u2019nin k\u00f6kl\u00fc ve sayg\u0131n [&hellip;]\" \/>\n<meta property=\"og:url\" content=\"https:\/\/haberkuzey.com\/index.php\/2025\/04\/06\/erdogan-aanin-kurulusunun-105-yilini-kutladi\/\" \/>\n<meta property=\"og:site_name\" content=\"Haber Kuzey\" \/>\n<meta property=\"article:published_time\" content=\"2025-04-06T19:05:30+00:00\" \/>\n<meta property=\"og:image\" content=\"https:\/\/brtk.net\/wp-content\/uploads\/2025\/04\/06\/1743946883328thumbs_b_c_80e3e5d0e19c616afc356ab462427ae0.jpg?ver=cefb7fddcd48c579dbb226362c749dfc\" \/>\n<meta name=\"author\" content=\"haberkuzey\" \/>\n<meta name=\"twitter:card\" content=\"summary_large_image\" \/>\n<meta name=\"twitter:label1\" content=\"Yazan:\" \/>\n\t<meta name=\"twitter:data1\" content=\"haberkuzey\" \/>\n\t<meta name=\"twitter:label2\" content=\"Tahmini okuma s\u00fcresi\" \/>\n\t<meta name=\"twitter:data2\" content=\"2 dakika\" \/>\n<script type=\"application\/ld+json\" class=\"yoast-schema-graph\">{\"@context\":\"https:\\\/\\\/schema.org\",\"@graph\":[{\"@type\":\"Article\",\"@id\":\"https:\\\/\\\/haberkuzey.com\\\/index.php\\\/2025\\\/04\\\/06\\\/erdogan-aanin-kurulusunun-105-yilini-kutladi\\\/#article\",\"isPartOf\":{\"@id\":\"https:\\\/\\\/haberkuzey.com\\\/index.php\\\/2025\\\/04\\\/06\\\/erdogan-aanin-kurulusunun-105-yilini-kutladi\\\/\"},\"author\":{\"name\":\"haberkuzey\",\"@id\":\"https:\\\/\\\/haberkuzey.com\\\/#\\\/schema\\\/person\\\/3372109ec735f9333f4fa47ebb9605ca\"},\"headline\":\"Erdo\u011fan, AA\u2019n\u0131n kurulu\u015funun 105. y\u0131l\u0131n\u0131 kutlad\u0131\",\"datePublished\":\"2025-04-06T19:05:30+00:00\",\"mainEntityOfPage\":{\"@id\":\"https:\\\/\\\/haberkuzey.com\\\/index.php\\\/2025\\\/04\\\/06\\\/erdogan-aanin-kurulusunun-105-yilini-kutladi\\\/\"},\"wordCount\":346,\"commentCount\":0,\"image\":{\"@id\":\"https:\\\/\\\/haberkuzey.com\\\/index.php\\\/2025\\\/04\\\/06\\\/erdogan-aanin-kurulusunun-105-yilini-kutladi\\\/#primaryimage\"},\"thumbnailUrl\":\"https:\\\/\\\/haberkuzey.com\\\/wp-content\\\/uploads\\\/2025\\\/04\\\/1743946883328thumbs_b_c_80e3e5d0e19c616afc356ab462427ae0.jpg\",\"articleSection\":[\"D\u00fcnya\"],\"inLanguage\":\"tr\",\"potentialAction\":[{\"@type\":\"CommentAction\",\"name\":\"Comment\",\"target\":[\"https:\\\/\\\/haberkuzey.com\\\/index.php\\\/2025\\\/04\\\/06\\\/erdogan-aanin-kurulusunun-105-yilini-kutladi\\\/#respond\"]}]},{\"@type\":\"WebPage\",\"@id\":\"https:\\\/\\\/haberkuzey.com\\\/index.php\\\/2025\\\/04\\\/06\\\/erdogan-aanin-kurulusunun-105-yilini-kutladi\\\/\",\"url\":\"https:\\\/\\\/haberkuzey.com\\\/index.php\\\/2025\\\/04\\\/06\\\/erdogan-aanin-kurulusunun-105-yilini-kutladi\\\/\",\"name\":\"Erdo\u011fan, AA\u2019n\u0131n kurulu\u015funun 105. y\u0131l\u0131n\u0131 kutlad\u0131 - Haber Kuzey\",\"isPartOf\":{\"@id\":\"https:\\\/\\\/haberkuzey.com\\\/#website\"},\"primaryImageOfPage\":{\"@id\":\"https:\\\/\\\/haberkuzey.com\\\/index.php\\\/2025\\\/04\\\/06\\\/erdogan-aanin-kurulusunun-105-yilini-kutladi\\\/#primaryimage\"},\"image\":{\"@id\":\"https:\\\/\\\/haberkuzey.com\\\/index.php\\\/2025\\\/04\\\/06\\\/erdogan-aanin-kurulusunun-105-yilini-kutladi\\\/#primaryimage\"},\"thumbnailUrl\":\"https:\\\/\\\/haberkuzey.com\\\/wp-content\\\/uploads\\\/2025\\\/04\\\/1743946883328thumbs_b_c_80e3e5d0e19c616afc356ab462427ae0.jpg\",\"datePublished\":\"2025-04-06T19:05:30+00:00\",\"author\":{\"@id\":\"https:\\\/\\\/haberkuzey.com\\\/#\\\/schema\\\/person\\\/3372109ec735f9333f4fa47ebb9605ca\"},\"breadcrumb\":{\"@id\":\"https:\\\/\\\/haberkuzey.com\\\/index.php\\\/2025\\\/04\\\/06\\\/erdogan-aanin-kurulusunun-105-yilini-kutladi\\\/#breadcrumb\"},\"inLanguage\":\"tr\",\"potentialAction\":[{\"@type\":\"ReadAction\",\"target\":[\"https:\\\/\\\/haberkuzey.com\\\/index.php\\\/2025\\\/04\\\/06\\\/erdogan-aanin-kurulusunun-105-yilini-kutladi\\\/\"]}]},{\"@type\":\"ImageObject\",\"inLanguage\":\"tr\",\"@id\":\"https:\\\/\\\/haberkuzey.com\\\/index.php\\\/2025\\\/04\\\/06\\\/erdogan-aanin-kurulusunun-105-yilini-kutladi\\\/#primaryimage\",\"url\":\"https:\\\/\\\/haberkuzey.com\\\/wp-content\\\/uploads\\\/2025\\\/04\\\/1743946883328thumbs_b_c_80e3e5d0e19c616afc356ab462427ae0.jpg\",\"contentUrl\":\"https:\\\/\\\/haberkuzey.com\\\/wp-content\\\/uploads\\\/2025\\\/04\\\/1743946883328thumbs_b_c_80e3e5d0e19c616afc356ab462427ae0.jpg\",\"width\":864,\"height\":486},{\"@type\":\"BreadcrumbList\",\"@id\":\"https:\\\/\\\/haberkuzey.com\\\/index.php\\\/2025\\\/04\\\/06\\\/erdogan-aanin-kurulusunun-105-yilini-kutladi\\\/#breadcrumb\",\"itemListElement\":[{\"@type\":\"ListItem\",\"position\":1,\"name\":\"Anasayfa\",\"item\":\"https:\\\/\\\/haberkuzey.com\\\/\"},{\"@type\":\"ListItem\",\"position\":2,\"name\":\"Erdo\u011fan, AA\u2019n\u0131n kurulu\u015funun 105. y\u0131l\u0131n\u0131 kutlad\u0131\"}]},{\"@type\":\"WebSite\",\"@id\":\"https:\\\/\\\/haberkuzey.com\\\/#website\",\"url\":\"https:\\\/\\\/haberkuzey.com\\\/\",\"name\":\"Haber Kuzey\",\"description\":\"Do\u011fru Haberin Adresi\",\"potentialAction\":[{\"@type\":\"SearchAction\",\"target\":{\"@type\":\"EntryPoint\",\"urlTemplate\":\"https:\\\/\\\/haberkuzey.com\\\/?s={search_term_string}\"},\"query-input\":{\"@type\":\"PropertyValueSpecification\",\"valueRequired\":true,\"valueName\":\"search_term_string\"}}],\"inLanguage\":\"tr\"},{\"@type\":\"Person\",\"@id\":\"https:\\\/\\\/haberkuzey.com\\\/#\\\/schema\\\/person\\\/3372109ec735f9333f4fa47ebb9605ca\",\"name\":\"haberkuzey\",\"image\":{\"@type\":\"ImageObject\",\"inLanguage\":\"tr\",\"@id\":\"https:\\\/\\\/secure.gravatar.com\\\/avatar\\\/f5fc875574b1575324358c3b9e6a32b8227aa5b74f3fa22e3cadb63e26fcc39c?s=96&d=mm&r=g\",\"url\":\"https:\\\/\\\/secure.gravatar.com\\\/avatar\\\/f5fc875574b1575324358c3b9e6a32b8227aa5b74f3fa22e3cadb63e26fcc39c?s=96&d=mm&r=g\",\"contentUrl\":\"https:\\\/\\\/secure.gravatar.com\\\/avatar\\\/f5fc875574b1575324358c3b9e6a32b8227aa5b74f3fa22e3cadb63e26fcc39c?s=96&d=mm&r=g\",\"caption\":\"haberkuzey\"},\"sameAs\":[\"https:\\\/\\\/haberkuzey.com\"],\"url\":\"https:\\\/\\\/haberkuzey.com\\\/index.php\\\/author\\\/haberkuzey\\\/\"}]}<\/script>\n<!-- \/ Yoast SEO plugin. -->","yoast_head_json":{"title":"Erdo\u011fan, AA\u2019n\u0131n kurulu\u015funun 105. y\u0131l\u0131n\u0131 kutlad\u0131 - Haber Kuzey","robots":{"index":"index","follow":"follow","max-snippet":"max-snippet:-1","max-image-preview":"max-image-preview:large","max-video-preview":"max-video-preview:-1"},"canonical":"https:\/\/haberkuzey.com\/index.php\/2025\/04\/06\/erdogan-aanin-kurulusunun-105-yilini-kutladi\/","og_locale":"tr_TR","og_type":"article","og_title":"Erdo\u011fan, AA\u2019n\u0131n kurulu\u015funun 105. y\u0131l\u0131n\u0131 kutlad\u0131 - Haber Kuzey","og_description":"T\u00fcrkiye Cumhurba\u015fkan\u0131 Recep Tayyip Erdo\u011fan, \u201cAnadolu Ajans\u0131, T\u00fcrk bas\u0131n tarihinde \u00f6nemli bir yer edinmi\u015f, T\u00fcrkiye\u2019nin sesi olmu\u015f ve uluslararas\u0131 arenada da \u00fclkemizin duru\u015funu en do\u011fru \u015fekilde temsil etmi\u015ftir.\u201d ifadesini kulland\u0131. Erdo\u011fan, Anadolu Ajans\u0131n\u0131n (AA) kurulu\u015funun 105. y\u0131l d\u00f6n\u00fcm\u00fc dolay\u0131s\u0131yla AA Y\u00f6netim Kurulu Ba\u015fkan\u0131 ve Genel M\u00fcd\u00fcr\u00fc Serdar Karag\u00f6z\u2019e kutlama mesaj\u0131 g\u00f6nderdi. T\u00fcrkiye\u2019nin k\u00f6kl\u00fc ve sayg\u0131n [&hellip;]","og_url":"https:\/\/haberkuzey.com\/index.php\/2025\/04\/06\/erdogan-aanin-kurulusunun-105-yilini-kutladi\/","og_site_name":"Haber Kuzey","article_published_time":"2025-04-06T19:05:30+00:00","og_image":[{"url":"https:\/\/brtk.net\/wp-content\/uploads\/2025\/04\/06\/1743946883328thumbs_b_c_80e3e5d0e19c616afc356ab462427ae0.jpg?ver=cefb7fddcd48c579dbb226362c749dfc","type":"","width":"","height":""}],"author":"haberkuzey","twitter_card":"summary_large_image","twitter_misc":{"Yazan:":"haberkuzey","Tahmini okuma s\u00fcresi":"2 dakika"},"schema":{"@context":"https:\/\/schema.org","@graph":[{"@type":"Article","@id":"https:\/\/haberkuzey.com\/index.php\/2025\/04\/06\/erdogan-aanin-kurulusunun-105-yilini-kutladi\/#article","isPartOf":{"@id":"https:\/\/haberkuzey.com\/index.php\/2025\/04\/06\/erdogan-aanin-kurulusunun-105-yilini-kutladi\/"},"author":{"name":"haberkuzey","@id":"https:\/\/haberkuzey.com\/#\/schema\/person\/3372109ec735f9333f4fa47ebb9605ca"},"headline":"Erdo\u011fan, AA\u2019n\u0131n kurulu\u015funun 105. y\u0131l\u0131n\u0131 kutlad\u0131","datePublished":"2025-04-06T19:05:30+00:00","mainEntityOfPage":{"@id":"https:\/\/haberkuzey.com\/index.php\/2025\/04\/06\/erdogan-aanin-kurulusunun-105-yilini-kutladi\/"},"wordCount":346,"commentCount":0,"image":{"@id":"https:\/\/haberkuzey.com\/index.php\/2025\/04\/06\/erdogan-aanin-kurulusunun-105-yilini-kutladi\/#primaryimage"},"thumbnailUrl":"https:\/\/haberkuzey.com\/wp-content\/uploads\/2025\/04\/1743946883328thumbs_b_c_80e3e5d0e19c616afc356ab462427ae0.jpg","articleSection":["D\u00fcnya"],"inLanguage":"tr","potentialAction":[{"@type":"CommentAction","name":"Comment","target":["https:\/\/haberkuzey.com\/index.php\/2025\/04\/06\/erdogan-aanin-kurulusunun-105-yilini-kutladi\/#respond"]}]},{"@type":"WebPage","@id":"https:\/\/haberkuzey.com\/index.php\/2025\/04\/06\/erdogan-aanin-kurulusunun-105-yilini-kutladi\/","url":"https:\/\/haberkuzey.com\/index.php\/2025\/04\/06\/erdogan-aanin-kurulusunun-105-yilini-kutladi\/","name":"Erdo\u011fan, AA\u2019n\u0131n kurulu\u015funun 105. y\u0131l\u0131n\u0131 kutlad\u0131 - Haber Kuzey","isPartOf":{"@id":"https:\/\/haberkuzey.com\/#website"},"primaryImageOfPage":{"@id":"https:\/\/haberkuzey.com\/index.php\/2025\/04\/06\/erdogan-aanin-kurulusunun-105-yilini-kutladi\/#primaryimage"},"image":{"@id":"https:\/\/haberkuzey.com\/index.php\/2025\/04\/06\/erdogan-aanin-kurulusunun-105-yilini-kutladi\/#primaryimage"},"thumbnailUrl":"https:\/\/haberkuzey.com\/wp-content\/uploads\/2025\/04\/1743946883328thumbs_b_c_80e3e5d0e19c616afc356ab462427ae0.jpg","datePublished":"2025-04-06T19:05:30+00:00","author":{"@id":"https:\/\/haberkuzey.com\/#\/schema\/person\/3372109ec735f9333f4fa47ebb9605ca"},"breadcrumb":{"@id":"https:\/\/haberkuzey.com\/index.php\/2025\/04\/06\/erdogan-aanin-kurulusunun-105-yilini-kutladi\/#breadcrumb"},"inLanguage":"tr","potentialAction":[{"@type":"ReadAction","target":["https:\/\/haberkuzey.com\/index.php\/2025\/04\/06\/erdogan-aanin-kurulusunun-105-yilini-kutladi\/"]}]},{"@type":"ImageObject","inLanguage":"tr","@id":"https:\/\/haberkuzey.com\/index.php\/2025\/04\/06\/erdogan-aanin-kurulusunun-105-yilini-kutladi\/#primaryimage","url":"https:\/\/haberkuzey.com\/wp-content\/uploads\/2025\/04\/1743946883328thumbs_b_c_80e3e5d0e19c616afc356ab462427ae0.jpg","contentUrl":"https:\/\/haberkuzey.com\/wp-content\/uploads\/2025\/04\/1743946883328thumbs_b_c_80e3e5d0e19c616afc356ab462427ae0.jpg","width":864,"height":486},{"@type":"BreadcrumbList","@id":"https:\/\/haberkuzey.com\/index.php\/2025\/04\/06\/erdogan-aanin-kurulusunun-105-yilini-kutladi\/#breadcrumb","itemListElement":[{"@type":"ListItem","position":1,"name":"Anasayfa","item":"https:\/\/haberkuzey.com\/"},{"@type":"ListItem","position":2,"name":"Erdo\u011fan, AA\u2019n\u0131n kurulu\u015funun 105. y\u0131l\u0131n\u0131 kutlad\u0131"}]},{"@type":"WebSite","@id":"https:\/\/haberkuzey.com\/#website","url":"https:\/\/haberkuzey.com\/","name":"Haber Kuzey","description":"Do\u011fru Haberin Adresi","potentialAction":[{"@type":"SearchAction","target":{"@type":"EntryPoint","urlTemplate":"https:\/\/haberkuzey.com\/?s={search_term_string}"},"query-input":{"@type":"PropertyValueSpecification","valueRequired":true,"valueName":"search_term_string"}}],"inLanguage":"tr"},{"@type":"Person","@id":"https:\/\/haberkuzey.com\/#\/schema\/person\/3372109ec735f9333f4fa47ebb9605ca","name":"haberkuzey","image":{"@type":"ImageObject","inLanguage":"tr","@id":"https:\/\/secure.gravatar.com\/avatar\/f5fc875574b1575324358c3b9e6a32b8227aa5b74f3fa22e3cadb63e26fcc39c?s=96&d=mm&r=g","url":"https:\/\/secure.gravatar.com\/avatar\/f5fc875574b1575324358c3b9e6a32b8227aa5b74f3fa22e3cadb63e26fcc39c?s=96&d=mm&r=g","contentUrl":"https:\/\/secure.gravatar.com\/avatar\/f5fc875574b1575324358c3b9e6a32b8227aa5b74f3fa22e3cadb63e26fcc39c?s=96&d=mm&r=g","caption":"haberkuzey"},"sameAs":["https:\/\/haberkuzey.com"],"url":"https:\/\/haberkuzey.com\/index.php\/author\/haberkuzey\/"}]}},"_links":{"self":[{"href":"https:\/\/haberkuzey.com\/index.php\/wp-json\/wp\/v2\/posts\/21414","targetHints":{"allow":["GET"]}}],"collection":[{"href":"https:\/\/haberkuzey.com\/index.php\/wp-json\/wp\/v2\/posts"}],"about":[{"href":"https:\/\/haberkuzey.com\/index.php\/wp-json\/wp\/v2\/types\/post"}],"author":[{"embeddable":true,"href":"https:\/\/haberkuzey.com\/index.php\/wp-json\/wp\/v2\/users\/1"}],"replies":[{"embeddable":true,"href":"https:\/\/haberkuzey.com\/index.php\/wp-json\/wp\/v2\/comments?post=21414"}],"version-history":[{"count":0,"href":"https:\/\/haberkuzey.com\/index.php\/wp-json\/wp\/v2\/posts\/21414\/revisions"}],"wp:featuredmedia":[{"embeddable":true,"href":"https:\/\/haberkuzey.com\/index.php\/wp-json\/wp\/v2\/media\/21415"}],"wp:attachment":[{"href":"https:\/\/haberkuzey.com\/index.php\/wp-json\/wp\/v2\/media?parent=21414"}],"wp:term":[{"taxonomy":"category","embeddable":true,"href":"https:\/\/haberkuzey.com\/index.php\/wp-json\/wp\/v2\/categories?post=21414"},{"taxonomy":"post_tag","embeddable":true,"href":"https:\/\/haberkuzey.com\/index.php\/wp-json\/wp\/v2\/tags?post=21414"}],"curies":[{"name":"wp","href":"https:\/\/api.w.org\/{rel}","templated":true}]}}