{"id":21410,"date":"2025-04-06T21:54:06","date_gmt":"2025-04-06T18:54:06","guid":{"rendered":"https:\/\/haberkuzey.com\/index.php\/2025\/04\/06\/cevdet-yilmazdan-ozgur-ozelin-aciklamalarina-tepki\/"},"modified":"2025-04-06T21:54:06","modified_gmt":"2025-04-06T18:54:06","slug":"cevdet-yilmazdan-ozgur-ozelin-aciklamalarina-tepki","status":"publish","type":"post","link":"https:\/\/haberkuzey.com\/index.php\/2025\/04\/06\/cevdet-yilmazdan-ozgur-ozelin-aciklamalarina-tepki\/","title":{"rendered":"Cevdet Y\u0131lmaz\u2019dan \u00d6zg\u00fcr \u00d6zel\u2019in a\u00e7\u0131klamalar\u0131na tepki"},"content":{"rendered":"<div>\n<div class=\"mariselle-image-container center\">\n                                            <\/div>\n<p>T\u00fcrkiye Cumhurba\u015fkan\u0131 Yard\u0131mc\u0131s\u0131 Cevdet Y\u0131lmaz, \u201cHalk\u0131n se\u00e7ti\u011fine \u2018cunta\u2019 demek, esas itibar\u0131yla halk\u0131 \u2018cuntac\u0131\u2019 olarak nitelendirmektir. Milli iradeyi yok saymakt\u0131r.\u201d ifadesini kulland\u0131.<\/p>\n<p>Y\u0131lmaz, sosyal medya hesab\u0131ndan yapt\u0131\u011f\u0131 a\u00e7\u0131klamada, CHP Genel Ba\u015fkan\u0131 \u00d6zg\u00fcr \u00d6zel\u2019in partisinin 21. Ola\u011fan\u00fcst\u00fc Kurultay\u0131\u2019nda yapt\u0131\u011f\u0131 konu\u015fmada, Cumhurba\u015fkan\u0131 Recep Tayyip Erdo\u011fan ve h\u00fck\u00fcmete y\u00f6nelik s\u00f6zlerine tepki g\u00f6sterdi.<\/p>\n<p>\u00d6zel\u2019in, May\u0131s 2023 se\u00e7imlerinde milletin y\u00fczde 50\u2019den fazla oyunu alarak se\u00e7ilen Cumhurba\u015fkan\u0131 Erdo\u011fan ve h\u00fck\u00fcmeti \u201ccunta\u201d olmakla su\u00e7lad\u0131\u011f\u0131n\u0131 belirten Y\u0131lmaz, \u201cHalk\u0131n se\u00e7ti\u011fine \u2018cunta\u2019 demek, esas itibar\u0131yla halk\u0131 \u2018cuntac\u0131\u2019 olarak nitelendirmektir. Milli iradeyi yok saymakt\u0131r.\u201d de\u011ferlendirmesinde bulundu.<\/p>\n<p>Y\u0131lmaz, \u015f\u00f6yle devam etti:<\/p>\n<p>\u201cBu dil demokratik siyasetin de\u011fil, vesayet\u00e7i gelene\u011fin bug\u00fcnk\u00fc d\u0131\u015fa vurumudur. Olsa olsa i\u00e7indeki \u2018cunta\u2019 \u00f6zlemini ba\u015fkalar\u0131na yans\u0131tma halidir. AK Parti ve Cumhur \u0130ttifak\u0131 taban\u0131n\u0131 a\u015fa\u011f\u0131layan, siyasi nezaketten nasibini almam\u0131\u015f bu dil, f\u0131rsat bulunca her t\u00fcrl\u00fc a\u015f\u0131r\u0131l\u0131\u011f\u0131 ve bask\u0131y\u0131 yapaca\u011f\u0131n\u0131 \u015fimdiden ortaya koymaktad\u0131r.<\/p>\n<p>Gerginli\u011fi, kutupla\u015ft\u0131rmay\u0131, kampla\u015ft\u0131rmay\u0131 hedefleyen bu muhalefet dilinin, ana muhalefet partisine de \u00fclkemize ve demokrasimize de zarardan ba\u015fka bir sonucu olmayacakt\u0131r. Sorumsuz ve sald\u0131rgan siyaset tarz\u0131, ge\u00e7mi\u015fte defalarca oldu\u011fu gibi zaman\u0131 gelince halk\u0131m\u0131zdan gerekli demokratik cevab\u0131 sand\u0131klarda alacakt\u0131r.\u201d<\/p>\n<p>\u2013 \u201cT\u00fcrkiye Y\u00fczy\u0131l\u0131\u2019n\u0131 in\u015fa etmeye devam edece\u011fiz\u201d<\/p>\n<p>Cevdet Y\u0131lmaz, di\u011fer taraftan T\u00fcrkiye Hazine ve Maliye Bakan\u0131 Mehmet \u015eim\u015fek\u2019e y\u00f6nelik sergilenen \u201c\u00e7irkin\u201d \u00fcslubun da kabul edilemez oldu\u011funu vurgulayarak, \u015funlar\u0131 kaydetti:<\/p>\n<p>\u201cBu yakla\u015f\u0131m, ekonomik istikrar\u0131m\u0131z\u0131 bozma, g\u00fcven ortam\u0131n\u0131 zedeleme ve insan\u0131m\u0131z\u0131n refah\u0131na kastetme anlam\u0131na gelmektedir. Sorumlu bir muhalefet; ekonomiyi baltalamay\u0131 de\u011fil, 85 milyonun refah\u0131 i\u00e7in yap\u0131c\u0131 ele\u015ftiriler ile ekonomik politikalara destek olmay\u0131 gerektirir.<\/p>\n<p>Sorumsuz siyaset\u00e7iler ne derse desin; Cumhurba\u015fkan\u0131\u2019m\u0131z Say\u0131n Recep Tayyip Erdo\u011fan\u2019\u0131n dirayetli liderli\u011finde, milletimizin duas\u0131 ve deste\u011fiyle T\u00fcrkiye Y\u00fczy\u0131l\u0131\u2019n\u0131 in\u015fa etmeye devam edece\u011fiz. Demokrasi ve kalk\u0131nma yolunda yeni hedeflere y\u00fcr\u00fcyecek, ter\u00f6rs\u00fcz T\u00fcrkiye hedefine ula\u015facak, etkin d\u0131\u015f politika ile milli menfaatlerimizi koruyacak, ekonomik program\u0131m\u0131z\u0131 kararl\u0131l\u0131kla uygularken, halk\u0131m\u0131z\u0131n refah\u0131n\u0131 art\u0131rmak i\u00e7in t\u00fcm g\u00fcc\u00fcm\u00fczle \u00e7al\u0131\u015fmay\u0131 s\u00fcrd\u00fcrece\u011fiz.\u201d<\/p>\n<\/p><\/div>\n<p><script async\n                    defer\n                    crossorigin=\"anonymous\"\n                    src=\"https:\/\/connect.facebook.net\/tr_TR\/sdk.js#xfbml=1&#038;version=v3.3\"\n            ><\/script><\/p>\n","protected":false},"excerpt":{"rendered":"<p>T\u00fcrkiye Cumhurba\u015fkan\u0131 Yard\u0131mc\u0131s\u0131 Cevdet Y\u0131lmaz, \u201cHalk\u0131n se\u00e7ti\u011fine \u2018cunta\u2019 demek, esas itibar\u0131yla halk\u0131 \u2018cuntac\u0131\u2019 olarak nitelendirmektir. Milli iradeyi yok saymakt\u0131r.\u201d ifadesini kulland\u0131. Y\u0131lmaz, sosyal medya hesab\u0131ndan yapt\u0131\u011f\u0131 a\u00e7\u0131klamada, CHP Genel Ba\u015fkan\u0131 \u00d6zg\u00fcr \u00d6zel\u2019in partisinin 21. Ola\u011fan\u00fcst\u00fc Kurultay\u0131\u2019nda yapt\u0131\u011f\u0131 konu\u015fmada, Cumhurba\u015fkan\u0131 Recep Tayyip Erdo\u011fan ve h\u00fck\u00fcmete y\u00f6nelik s\u00f6zlerine tepki g\u00f6sterdi. \u00d6zel\u2019in, May\u0131s 2023 se\u00e7imlerinde milletin y\u00fczde 50\u2019den [&hellip;]<\/p>\n","protected":false},"author":1,"featured_media":21411,"comment_status":"open","ping_status":"open","sticky":false,"template":"","format":"standard","meta":{"jnews-multi-image_gallery":[],"jnews_single_post":[],"jnews_primary_category":[],"footnotes":""},"categories":[2],"tags":[],"class_list":["post-21410","post","type-post","status-publish","format-standard","has-post-thumbnail","hentry","category-dunya"],"yoast_head":"<!-- This site is optimized with the Yoast SEO plugin v27.5 - https:\/\/yoast.com\/product\/yoast-seo-wordpress\/ -->\n<title>Cevdet Y\u0131lmaz\u2019dan \u00d6zg\u00fcr \u00d6zel\u2019in a\u00e7\u0131klamalar\u0131na tepki - Haber Kuzey<\/title>\n<meta name=\"robots\" content=\"index, follow, max-snippet:-1, max-image-preview:large, max-video-preview:-1\" \/>\n<link rel=\"canonical\" href=\"https:\/\/haberkuzey.com\/index.php\/2025\/04\/06\/cevdet-yilmazdan-ozgur-ozelin-aciklamalarina-tepki\/\" \/>\n<meta property=\"og:locale\" content=\"tr_TR\" \/>\n<meta property=\"og:type\" content=\"article\" \/>\n<meta property=\"og:title\" content=\"Cevdet Y\u0131lmaz\u2019dan \u00d6zg\u00fcr \u00d6zel\u2019in a\u00e7\u0131klamalar\u0131na tepki - Haber Kuzey\" \/>\n<meta property=\"og:description\" content=\"T\u00fcrkiye Cumhurba\u015fkan\u0131 Yard\u0131mc\u0131s\u0131 Cevdet Y\u0131lmaz, \u201cHalk\u0131n se\u00e7ti\u011fine \u2018cunta\u2019 demek, esas itibar\u0131yla halk\u0131 \u2018cuntac\u0131\u2019 olarak nitelendirmektir. Milli iradeyi yok saymakt\u0131r.\u201d ifadesini kulland\u0131. Y\u0131lmaz, sosyal medya hesab\u0131ndan yapt\u0131\u011f\u0131 a\u00e7\u0131klamada, CHP Genel Ba\u015fkan\u0131 \u00d6zg\u00fcr \u00d6zel\u2019in partisinin 21. Ola\u011fan\u00fcst\u00fc Kurultay\u0131\u2019nda yapt\u0131\u011f\u0131 konu\u015fmada, Cumhurba\u015fkan\u0131 Recep Tayyip Erdo\u011fan ve h\u00fck\u00fcmete y\u00f6nelik s\u00f6zlerine tepki g\u00f6sterdi. \u00d6zel\u2019in, May\u0131s 2023 se\u00e7imlerinde milletin y\u00fczde 50\u2019den [&hellip;]\" \/>\n<meta property=\"og:url\" content=\"https:\/\/haberkuzey.com\/index.php\/2025\/04\/06\/cevdet-yilmazdan-ozgur-ozelin-aciklamalarina-tepki\/\" \/>\n<meta property=\"og:site_name\" content=\"Haber Kuzey\" \/>\n<meta property=\"article:published_time\" content=\"2025-04-06T18:54:06+00:00\" \/>\n<meta property=\"og:image\" content=\"https:\/\/brtk.net\/wp-content\/uploads\/2025\/04\/06\/1743944103193thumbs_b_c_a3e336a866729702ba6b2bdfc07e1442.jpg?ver=b9fb4df2ea6d5d228588c15395c119ba\" \/>\n<meta name=\"author\" content=\"haberkuzey\" \/>\n<meta name=\"twitter:card\" content=\"summary_large_image\" \/>\n<meta name=\"twitter:label1\" content=\"Yazan:\" \/>\n\t<meta name=\"twitter:data1\" content=\"haberkuzey\" \/>\n\t<meta name=\"twitter:label2\" content=\"Tahmini okuma s\u00fcresi\" \/>\n\t<meta name=\"twitter:data2\" content=\"2 dakika\" \/>\n<script type=\"application\/ld+json\" class=\"yoast-schema-graph\">{\"@context\":\"https:\\\/\\\/schema.org\",\"@graph\":[{\"@type\":\"Article\",\"@id\":\"https:\\\/\\\/haberkuzey.com\\\/index.php\\\/2025\\\/04\\\/06\\\/cevdet-yilmazdan-ozgur-ozelin-aciklamalarina-tepki\\\/#article\",\"isPartOf\":{\"@id\":\"https:\\\/\\\/haberkuzey.com\\\/index.php\\\/2025\\\/04\\\/06\\\/cevdet-yilmazdan-ozgur-ozelin-aciklamalarina-tepki\\\/\"},\"author\":{\"name\":\"haberkuzey\",\"@id\":\"https:\\\/\\\/haberkuzey.com\\\/#\\\/schema\\\/person\\\/3372109ec735f9333f4fa47ebb9605ca\"},\"headline\":\"Cevdet Y\u0131lmaz\u2019dan \u00d6zg\u00fcr \u00d6zel\u2019in a\u00e7\u0131klamalar\u0131na tepki\",\"datePublished\":\"2025-04-06T18:54:06+00:00\",\"mainEntityOfPage\":{\"@id\":\"https:\\\/\\\/haberkuzey.com\\\/index.php\\\/2025\\\/04\\\/06\\\/cevdet-yilmazdan-ozgur-ozelin-aciklamalarina-tepki\\\/\"},\"wordCount\":435,\"commentCount\":0,\"image\":{\"@id\":\"https:\\\/\\\/haberkuzey.com\\\/index.php\\\/2025\\\/04\\\/06\\\/cevdet-yilmazdan-ozgur-ozelin-aciklamalarina-tepki\\\/#primaryimage\"},\"thumbnailUrl\":\"https:\\\/\\\/haberkuzey.com\\\/wp-content\\\/uploads\\\/2025\\\/04\\\/1743944103193thumbs_b_c_a3e336a866729702ba6b2bdfc07e1442.jpg\",\"articleSection\":[\"D\u00fcnya\"],\"inLanguage\":\"tr\",\"potentialAction\":[{\"@type\":\"CommentAction\",\"name\":\"Comment\",\"target\":[\"https:\\\/\\\/haberkuzey.com\\\/index.php\\\/2025\\\/04\\\/06\\\/cevdet-yilmazdan-ozgur-ozelin-aciklamalarina-tepki\\\/#respond\"]}]},{\"@type\":\"WebPage\",\"@id\":\"https:\\\/\\\/haberkuzey.com\\\/index.php\\\/2025\\\/04\\\/06\\\/cevdet-yilmazdan-ozgur-ozelin-aciklamalarina-tepki\\\/\",\"url\":\"https:\\\/\\\/haberkuzey.com\\\/index.php\\\/2025\\\/04\\\/06\\\/cevdet-yilmazdan-ozgur-ozelin-aciklamalarina-tepki\\\/\",\"name\":\"Cevdet Y\u0131lmaz\u2019dan \u00d6zg\u00fcr \u00d6zel\u2019in a\u00e7\u0131klamalar\u0131na tepki - Haber Kuzey\",\"isPartOf\":{\"@id\":\"https:\\\/\\\/haberkuzey.com\\\/#website\"},\"primaryImageOfPage\":{\"@id\":\"https:\\\/\\\/haberkuzey.com\\\/index.php\\\/2025\\\/04\\\/06\\\/cevdet-yilmazdan-ozgur-ozelin-aciklamalarina-tepki\\\/#primaryimage\"},\"image\":{\"@id\":\"https:\\\/\\\/haberkuzey.com\\\/index.php\\\/2025\\\/04\\\/06\\\/cevdet-yilmazdan-ozgur-ozelin-aciklamalarina-tepki\\\/#primaryimage\"},\"thumbnailUrl\":\"https:\\\/\\\/haberkuzey.com\\\/wp-content\\\/uploads\\\/2025\\\/04\\\/1743944103193thumbs_b_c_a3e336a866729702ba6b2bdfc07e1442.jpg\",\"datePublished\":\"2025-04-06T18:54:06+00:00\",\"author\":{\"@id\":\"https:\\\/\\\/haberkuzey.com\\\/#\\\/schema\\\/person\\\/3372109ec735f9333f4fa47ebb9605ca\"},\"breadcrumb\":{\"@id\":\"https:\\\/\\\/haberkuzey.com\\\/index.php\\\/2025\\\/04\\\/06\\\/cevdet-yilmazdan-ozgur-ozelin-aciklamalarina-tepki\\\/#breadcrumb\"},\"inLanguage\":\"tr\",\"potentialAction\":[{\"@type\":\"ReadAction\",\"target\":[\"https:\\\/\\\/haberkuzey.com\\\/index.php\\\/2025\\\/04\\\/06\\\/cevdet-yilmazdan-ozgur-ozelin-aciklamalarina-tepki\\\/\"]}]},{\"@type\":\"ImageObject\",\"inLanguage\":\"tr\",\"@id\":\"https:\\\/\\\/haberkuzey.com\\\/index.php\\\/2025\\\/04\\\/06\\\/cevdet-yilmazdan-ozgur-ozelin-aciklamalarina-tepki\\\/#primaryimage\",\"url\":\"https:\\\/\\\/haberkuzey.com\\\/wp-content\\\/uploads\\\/2025\\\/04\\\/1743944103193thumbs_b_c_a3e336a866729702ba6b2bdfc07e1442.jpg\",\"contentUrl\":\"https:\\\/\\\/haberkuzey.com\\\/wp-content\\\/uploads\\\/2025\\\/04\\\/1743944103193thumbs_b_c_a3e336a866729702ba6b2bdfc07e1442.jpg\",\"width\":864,\"height\":486},{\"@type\":\"BreadcrumbList\",\"@id\":\"https:\\\/\\\/haberkuzey.com\\\/index.php\\\/2025\\\/04\\\/06\\\/cevdet-yilmazdan-ozgur-ozelin-aciklamalarina-tepki\\\/#breadcrumb\",\"itemListElement\":[{\"@type\":\"ListItem\",\"position\":1,\"name\":\"Anasayfa\",\"item\":\"https:\\\/\\\/haberkuzey.com\\\/\"},{\"@type\":\"ListItem\",\"position\":2,\"name\":\"Cevdet Y\u0131lmaz\u2019dan \u00d6zg\u00fcr \u00d6zel\u2019in a\u00e7\u0131klamalar\u0131na tepki\"}]},{\"@type\":\"WebSite\",\"@id\":\"https:\\\/\\\/haberkuzey.com\\\/#website\",\"url\":\"https:\\\/\\\/haberkuzey.com\\\/\",\"name\":\"Haber Kuzey\",\"description\":\"Do\u011fru Haberin Adresi\",\"potentialAction\":[{\"@type\":\"SearchAction\",\"target\":{\"@type\":\"EntryPoint\",\"urlTemplate\":\"https:\\\/\\\/haberkuzey.com\\\/?s={search_term_string}\"},\"query-input\":{\"@type\":\"PropertyValueSpecification\",\"valueRequired\":true,\"valueName\":\"search_term_string\"}}],\"inLanguage\":\"tr\"},{\"@type\":\"Person\",\"@id\":\"https:\\\/\\\/haberkuzey.com\\\/#\\\/schema\\\/person\\\/3372109ec735f9333f4fa47ebb9605ca\",\"name\":\"haberkuzey\",\"image\":{\"@type\":\"ImageObject\",\"inLanguage\":\"tr\",\"@id\":\"https:\\\/\\\/secure.gravatar.com\\\/avatar\\\/f5fc875574b1575324358c3b9e6a32b8227aa5b74f3fa22e3cadb63e26fcc39c?s=96&d=mm&r=g\",\"url\":\"https:\\\/\\\/secure.gravatar.com\\\/avatar\\\/f5fc875574b1575324358c3b9e6a32b8227aa5b74f3fa22e3cadb63e26fcc39c?s=96&d=mm&r=g\",\"contentUrl\":\"https:\\\/\\\/secure.gravatar.com\\\/avatar\\\/f5fc875574b1575324358c3b9e6a32b8227aa5b74f3fa22e3cadb63e26fcc39c?s=96&d=mm&r=g\",\"caption\":\"haberkuzey\"},\"sameAs\":[\"https:\\\/\\\/haberkuzey.com\"],\"url\":\"https:\\\/\\\/haberkuzey.com\\\/index.php\\\/author\\\/haberkuzey\\\/\"}]}<\/script>\n<!-- \/ Yoast SEO plugin. -->","yoast_head_json":{"title":"Cevdet Y\u0131lmaz\u2019dan \u00d6zg\u00fcr \u00d6zel\u2019in a\u00e7\u0131klamalar\u0131na tepki - Haber Kuzey","robots":{"index":"index","follow":"follow","max-snippet":"max-snippet:-1","max-image-preview":"max-image-preview:large","max-video-preview":"max-video-preview:-1"},"canonical":"https:\/\/haberkuzey.com\/index.php\/2025\/04\/06\/cevdet-yilmazdan-ozgur-ozelin-aciklamalarina-tepki\/","og_locale":"tr_TR","og_type":"article","og_title":"Cevdet Y\u0131lmaz\u2019dan \u00d6zg\u00fcr \u00d6zel\u2019in a\u00e7\u0131klamalar\u0131na tepki - Haber Kuzey","og_description":"T\u00fcrkiye Cumhurba\u015fkan\u0131 Yard\u0131mc\u0131s\u0131 Cevdet Y\u0131lmaz, \u201cHalk\u0131n se\u00e7ti\u011fine \u2018cunta\u2019 demek, esas itibar\u0131yla halk\u0131 \u2018cuntac\u0131\u2019 olarak nitelendirmektir. Milli iradeyi yok saymakt\u0131r.\u201d ifadesini kulland\u0131. Y\u0131lmaz, sosyal medya hesab\u0131ndan yapt\u0131\u011f\u0131 a\u00e7\u0131klamada, CHP Genel Ba\u015fkan\u0131 \u00d6zg\u00fcr \u00d6zel\u2019in partisinin 21. Ola\u011fan\u00fcst\u00fc Kurultay\u0131\u2019nda yapt\u0131\u011f\u0131 konu\u015fmada, Cumhurba\u015fkan\u0131 Recep Tayyip Erdo\u011fan ve h\u00fck\u00fcmete y\u00f6nelik s\u00f6zlerine tepki g\u00f6sterdi. \u00d6zel\u2019in, May\u0131s 2023 se\u00e7imlerinde milletin y\u00fczde 50\u2019den [&hellip;]","og_url":"https:\/\/haberkuzey.com\/index.php\/2025\/04\/06\/cevdet-yilmazdan-ozgur-ozelin-aciklamalarina-tepki\/","og_site_name":"Haber Kuzey","article_published_time":"2025-04-06T18:54:06+00:00","og_image":[{"url":"https:\/\/brtk.net\/wp-content\/uploads\/2025\/04\/06\/1743944103193thumbs_b_c_a3e336a866729702ba6b2bdfc07e1442.jpg?ver=b9fb4df2ea6d5d228588c15395c119ba","type":"","width":"","height":""}],"author":"haberkuzey","twitter_card":"summary_large_image","twitter_misc":{"Yazan:":"haberkuzey","Tahmini okuma s\u00fcresi":"2 dakika"},"schema":{"@context":"https:\/\/schema.org","@graph":[{"@type":"Article","@id":"https:\/\/haberkuzey.com\/index.php\/2025\/04\/06\/cevdet-yilmazdan-ozgur-ozelin-aciklamalarina-tepki\/#article","isPartOf":{"@id":"https:\/\/haberkuzey.com\/index.php\/2025\/04\/06\/cevdet-yilmazdan-ozgur-ozelin-aciklamalarina-tepki\/"},"author":{"name":"haberkuzey","@id":"https:\/\/haberkuzey.com\/#\/schema\/person\/3372109ec735f9333f4fa47ebb9605ca"},"headline":"Cevdet Y\u0131lmaz\u2019dan \u00d6zg\u00fcr \u00d6zel\u2019in a\u00e7\u0131klamalar\u0131na tepki","datePublished":"2025-04-06T18:54:06+00:00","mainEntityOfPage":{"@id":"https:\/\/haberkuzey.com\/index.php\/2025\/04\/06\/cevdet-yilmazdan-ozgur-ozelin-aciklamalarina-tepki\/"},"wordCount":435,"commentCount":0,"image":{"@id":"https:\/\/haberkuzey.com\/index.php\/2025\/04\/06\/cevdet-yilmazdan-ozgur-ozelin-aciklamalarina-tepki\/#primaryimage"},"thumbnailUrl":"https:\/\/haberkuzey.com\/wp-content\/uploads\/2025\/04\/1743944103193thumbs_b_c_a3e336a866729702ba6b2bdfc07e1442.jpg","articleSection":["D\u00fcnya"],"inLanguage":"tr","potentialAction":[{"@type":"CommentAction","name":"Comment","target":["https:\/\/haberkuzey.com\/index.php\/2025\/04\/06\/cevdet-yilmazdan-ozgur-ozelin-aciklamalarina-tepki\/#respond"]}]},{"@type":"WebPage","@id":"https:\/\/haberkuzey.com\/index.php\/2025\/04\/06\/cevdet-yilmazdan-ozgur-ozelin-aciklamalarina-tepki\/","url":"https:\/\/haberkuzey.com\/index.php\/2025\/04\/06\/cevdet-yilmazdan-ozgur-ozelin-aciklamalarina-tepki\/","name":"Cevdet Y\u0131lmaz\u2019dan \u00d6zg\u00fcr \u00d6zel\u2019in a\u00e7\u0131klamalar\u0131na tepki - Haber Kuzey","isPartOf":{"@id":"https:\/\/haberkuzey.com\/#website"},"primaryImageOfPage":{"@id":"https:\/\/haberkuzey.com\/index.php\/2025\/04\/06\/cevdet-yilmazdan-ozgur-ozelin-aciklamalarina-tepki\/#primaryimage"},"image":{"@id":"https:\/\/haberkuzey.com\/index.php\/2025\/04\/06\/cevdet-yilmazdan-ozgur-ozelin-aciklamalarina-tepki\/#primaryimage"},"thumbnailUrl":"https:\/\/haberkuzey.com\/wp-content\/uploads\/2025\/04\/1743944103193thumbs_b_c_a3e336a866729702ba6b2bdfc07e1442.jpg","datePublished":"2025-04-06T18:54:06+00:00","author":{"@id":"https:\/\/haberkuzey.com\/#\/schema\/person\/3372109ec735f9333f4fa47ebb9605ca"},"breadcrumb":{"@id":"https:\/\/haberkuzey.com\/index.php\/2025\/04\/06\/cevdet-yilmazdan-ozgur-ozelin-aciklamalarina-tepki\/#breadcrumb"},"inLanguage":"tr","potentialAction":[{"@type":"ReadAction","target":["https:\/\/haberkuzey.com\/index.php\/2025\/04\/06\/cevdet-yilmazdan-ozgur-ozelin-aciklamalarina-tepki\/"]}]},{"@type":"ImageObject","inLanguage":"tr","@id":"https:\/\/haberkuzey.com\/index.php\/2025\/04\/06\/cevdet-yilmazdan-ozgur-ozelin-aciklamalarina-tepki\/#primaryimage","url":"https:\/\/haberkuzey.com\/wp-content\/uploads\/2025\/04\/1743944103193thumbs_b_c_a3e336a866729702ba6b2bdfc07e1442.jpg","contentUrl":"https:\/\/haberkuzey.com\/wp-content\/uploads\/2025\/04\/1743944103193thumbs_b_c_a3e336a866729702ba6b2bdfc07e1442.jpg","width":864,"height":486},{"@type":"BreadcrumbList","@id":"https:\/\/haberkuzey.com\/index.php\/2025\/04\/06\/cevdet-yilmazdan-ozgur-ozelin-aciklamalarina-tepki\/#breadcrumb","itemListElement":[{"@type":"ListItem","position":1,"name":"Anasayfa","item":"https:\/\/haberkuzey.com\/"},{"@type":"ListItem","position":2,"name":"Cevdet Y\u0131lmaz\u2019dan \u00d6zg\u00fcr \u00d6zel\u2019in a\u00e7\u0131klamalar\u0131na tepki"}]},{"@type":"WebSite","@id":"https:\/\/haberkuzey.com\/#website","url":"https:\/\/haberkuzey.com\/","name":"Haber Kuzey","description":"Do\u011fru Haberin Adresi","potentialAction":[{"@type":"SearchAction","target":{"@type":"EntryPoint","urlTemplate":"https:\/\/haberkuzey.com\/?s={search_term_string}"},"query-input":{"@type":"PropertyValueSpecification","valueRequired":true,"valueName":"search_term_string"}}],"inLanguage":"tr"},{"@type":"Person","@id":"https:\/\/haberkuzey.com\/#\/schema\/person\/3372109ec735f9333f4fa47ebb9605ca","name":"haberkuzey","image":{"@type":"ImageObject","inLanguage":"tr","@id":"https:\/\/secure.gravatar.com\/avatar\/f5fc875574b1575324358c3b9e6a32b8227aa5b74f3fa22e3cadb63e26fcc39c?s=96&d=mm&r=g","url":"https:\/\/secure.gravatar.com\/avatar\/f5fc875574b1575324358c3b9e6a32b8227aa5b74f3fa22e3cadb63e26fcc39c?s=96&d=mm&r=g","contentUrl":"https:\/\/secure.gravatar.com\/avatar\/f5fc875574b1575324358c3b9e6a32b8227aa5b74f3fa22e3cadb63e26fcc39c?s=96&d=mm&r=g","caption":"haberkuzey"},"sameAs":["https:\/\/haberkuzey.com"],"url":"https:\/\/haberkuzey.com\/index.php\/author\/haberkuzey\/"}]}},"_links":{"self":[{"href":"https:\/\/haberkuzey.com\/index.php\/wp-json\/wp\/v2\/posts\/21410","targetHints":{"allow":["GET"]}}],"collection":[{"href":"https:\/\/haberkuzey.com\/index.php\/wp-json\/wp\/v2\/posts"}],"about":[{"href":"https:\/\/haberkuzey.com\/index.php\/wp-json\/wp\/v2\/types\/post"}],"author":[{"embeddable":true,"href":"https:\/\/haberkuzey.com\/index.php\/wp-json\/wp\/v2\/users\/1"}],"replies":[{"embeddable":true,"href":"https:\/\/haberkuzey.com\/index.php\/wp-json\/wp\/v2\/comments?post=21410"}],"version-history":[{"count":0,"href":"https:\/\/haberkuzey.com\/index.php\/wp-json\/wp\/v2\/posts\/21410\/revisions"}],"wp:featuredmedia":[{"embeddable":true,"href":"https:\/\/haberkuzey.com\/index.php\/wp-json\/wp\/v2\/media\/21411"}],"wp:attachment":[{"href":"https:\/\/haberkuzey.com\/index.php\/wp-json\/wp\/v2\/media?parent=21410"}],"wp:term":[{"taxonomy":"category","embeddable":true,"href":"https:\/\/haberkuzey.com\/index.php\/wp-json\/wp\/v2\/categories?post=21410"},{"taxonomy":"post_tag","embeddable":true,"href":"https:\/\/haberkuzey.com\/index.php\/wp-json\/wp\/v2\/tags?post=21410"}],"curies":[{"name":"wp","href":"https:\/\/api.w.org\/{rel}","templated":true}]}}