{"id":21390,"date":"2025-04-06T14:38:16","date_gmt":"2025-04-06T11:38:16","guid":{"rendered":"https:\/\/haberkuzey.com\/index.php\/2025\/04\/06\/ctp-29-olagan-kurultayi-erhurmanin-genel-baskanligini-ve-cumhurbaskani-adayligini-onayladi\/"},"modified":"2025-04-06T14:38:16","modified_gmt":"2025-04-06T11:38:16","slug":"ctp-29-olagan-kurultayi-erhurmanin-genel-baskanligini-ve-cumhurbaskani-adayligini-onayladi","status":"publish","type":"post","link":"https:\/\/haberkuzey.com\/index.php\/2025\/04\/06\/ctp-29-olagan-kurultayi-erhurmanin-genel-baskanligini-ve-cumhurbaskani-adayligini-onayladi\/","title":{"rendered":"CTP 29. Ola\u011fan Kurultay\u0131 Erh\u00fcrman\u2019\u0131n genel ba\u015fkanl\u0131\u011f\u0131n\u0131 ve cumhurba\u015fkan\u0131 adayl\u0131\u011f\u0131n\u0131 onaylad\u0131"},"content":{"rendered":"<div>\n<div class=\"mariselle-image-container center\">\n                                            <\/div>\n<p>Cumhuriyet\u00e7i T\u00fcrk Partisi (CTP) 29. Ola\u011fan Kurultay\u0131, Tufan Erh\u00fcrman\u2019\u0131n yeniden Genel Ba\u015fkan olmas\u0131n\u0131 ve ekim ay\u0131nda yap\u0131lacak Cumhurba\u015fkanl\u0131\u011f\u0131 se\u00e7iminde adayl\u0131\u011f\u0131n\u0131 oy birli\u011fiyle onaylad\u0131. <\/p>\n<p>Lefko\u015fa Atat\u00fcrk Spor Salonu\u2019ndaki kurultayda demokrasi \u015fehitleri i\u00e7in sayg\u0131 duru\u015funda bulunuldu ve ard\u0131ndan da divan olu\u015fturuldu.<br \/>Divan Ba\u015fkan\u0131 Ferdi Sabit Soyer, Divan Genel Sekreteri Cemal T\u00fcrkler, Divan \u00fcyeleri Selda \u015eafak, Dilan A\u015fan, Meft\u00fcne Hocal\u0131, yedek \u00fcye ise \u0130smail Karaday\u0131 oldu. <\/p>\n<p>Kurultayda partinin 2.5 y\u0131ll\u0131k faaliyet ve mali raporlar\u0131 sunularak onayland\u0131.<br \/>Divan Ba\u015fkan\u0131 Soyer, kurultay\u0131n a\u00e7\u0131l\u0131\u015f\u0131nda k\u0131sa bir konu\u015fma yaparak sadece K\u0131br\u0131s\u2019ta de\u011fil b\u00f6lgede ve d\u00fcnyada bar\u0131\u015f, demokrasi ve ekonomi a\u00e7\u0131s\u0131ndan zor ve \u00e7etin ko\u015fullar oldu\u011funu s\u00f6yledi.<\/p>\n<p>Ortado\u011fu\u2019da 10 binlerce insan\u0131n \u00f6lmesinin izlendi\u011fini, gerilimin devam etti\u011fini ifade eden Soyer, yak\u0131nda d\u00fcnya \u00e7ap\u0131nda enflasyonist geli\u015fmeler olaca\u011f\u0131n\u0131 da belirterek, \u201cBiz enflasyon alt\u0131nda ezilen bir halkken bu geli\u015fmeler \u00fczerimizde tsunami yaratacak\u201d dedi.<br \/>T\u00fcm bu ko\u015fullar g\u00f6z \u00f6n\u00fcnde bulunduruldu\u011funda federal \u00e7\u00f6z\u00fcm\u00fc savunmaktan asla geri durulmamas\u0131 gerekti\u011fini belirten Soyer, T\u00fcrkiye, Yunanistan ve K\u0131br\u0131s halklar\u0131n\u0131n bar\u0131\u015f ve i\u015f birli\u011fi i\u00e7inde ya\u015famas\u0131n\u0131n \u00f6nemine dikkat \u00e7ekti.<br \/>\u201cBiz ne yapabiliriz, bizden bir \u015fey olmaz\u201d \u015feklinde baz\u0131 yakla\u015f\u0131mlar oldu\u011funu da ifade eden Soyer, insan ve yurt sevgisinin, bar\u0131\u015f ve demokrasinin \u00f6nemini vurgulad\u0131.<br \/>Soyer s\u00f6zlerini \u201cBirlik, m\u00fccadele ve dayan\u0131\u015fma. Kurtulmak yok tek ba\u015f\u0131na, ya hep beraber ya hi\u00e7birimiz\u201d diyerek tamamlad\u0131. <\/p>\n<p>-Raporlar<br \/>Faaliyet raporu CTP Genel Ba\u015fkan\u0131 As\u0131m Akansoy, mali rapor ise CTP Mali Sekreteri, De\u011firmenlik-Ak\u0131nc\u0131lar Belediye Ba\u015fkan\u0131 Ali Karavezirler taraf\u0131ndan sunuldu. <\/p>\n<div class=\"mariselle-image-container center\">\n                <img decoding=\"async\" width=\"2048\" height=\"1005\" class=\"lazy-image\" alt=\"\" sizes=\"(max-width: 2048px) 100vw, 2048px\" src=\"https:\/\/brtk.net\/wp-content\/uploads\/2025\/04\/06\/ak.jpg?ver=1053262037840d3b7ca10fd60185da26\" srcset=\"https:\/\/brtk.net\/wp-content\/uploads\/2025\/04\/06\/ak.jpg?ver=1053262037840d3b7ca10fd60185da26 2048w, https:\/\/brtk.net\/wp-content\/uploads\/2025\/04\/06\/ak-300x147.jpg?ver=1053262037840d3b7ca10fd60185da26 300w, https:\/\/brtk.net\/wp-content\/uploads\/2025\/04\/06\/ak-1024x503.jpg?ver=1053262037840d3b7ca10fd60185da26 1024w, https:\/\/brtk.net\/wp-content\/uploads\/2025\/04\/06\/ak-768x377.jpg?ver=1053262037840d3b7ca10fd60185da26 768w, https:\/\/brtk.net\/wp-content\/uploads\/2025\/04\/06\/ak-1536x754.jpg?ver=d2359c2dcb0411435ac52ac97285fbe0 1536w\"\/>                            <\/div>\n<p>CTP Genel Sekreteri As\u0131m Akansoy, Eyl\u00fcl 2022- Nisan 2025 d\u00f6neminde ait faaliyet raporunu sundu\u011fu konu\u015fmas\u0131nda 1970\u2019de, bu yola K\u0131br\u0131sl\u0131 T\u00fcrklerin toplumsal varl\u0131\u011f\u0131n\u0131 g\u00fc\u00e7lendirmek, kendi ayaklar\u0131 \u00fczerinde duran ve kendi kendine yeten bir toplum olu\u015fturmak, K\u0131br\u0131s\u2019ta iki b\u00f6lgeli, iki toplumlu ve siyasi e\u015fitli\u011fe dayal\u0131 federal bir \u00e7\u00f6z\u00fcme varmak hedefiyle \u00e7\u0131kt\u0131klar\u0131n\u0131, bunun i\u00e7in \u00e7al\u0131\u015ft\u0131klar\u0131n\u0131 s\u00f6yledi.<br \/>\u00d6n\u00fcm\u00fczdeki ekim ay\u0131nda ger\u00e7ekle\u015ftirilecek Cumhurba\u015fkanl\u0131\u011f\u0131 se\u00e7imlerinde izlenecek stratejinin belirlenmesi i\u00e7in yo\u011fun bir \u00e7al\u0131\u015fmaya girildi\u011fini de kaydeden Akansoy, bu kapsamda \u201cCumhurba\u015fkanl\u0131\u011f\u0131 Se\u00e7imleri \u0130leti\u015fim Stratejisi\u201d haz\u0131rland\u0131\u011f\u0131n\u0131 ifade etti.<\/p>\n<p>Akansoy, kurultaydan hemen ard\u0131ndan ortakla\u015ft\u0131r\u0131lacak bu strateji \u00fczerinden se\u00e7im konseptini belirleyerek \u00e7al\u0131\u015fmalara ba\u015flanaca\u011f\u0131n\u0131, yeni bir d\u00f6nemi ba\u015flatmak, K\u0131br\u0131s T\u00fcrk halk\u0131n\u0131 d\u00fcnyayla bulu\u015fturmak, Cumhurba\u015fkanl\u0131\u011f\u0131 se\u00e7imini kazanmak i\u00e7in yola \u00e7\u0131k\u0131laca\u011f\u0131n\u0131 s\u00f6yledi.<br \/>CTP\u2019nin Sal\u0131 ak\u015fam\u0131 saat 18.00\u2019de, \u201cSokaktay\u0131z, Ayd\u0131nl\u0131k \u0130\u00e7in Kol Kolay\u0131z\u201d slogan\u0131yla sokakta olaca\u011f\u0131n\u0131 da belirten Akansoy, \u201cEvet, bu <\/p>\n<p>yol birlikte y\u00fcr\u00fcnecek. Ya\u015fas\u0131n CTP, ya\u015fas\u0131n K\u0131br\u0131sl\u0131 T\u00fcrk toplumunun varl\u0131k m\u00fccadelesi, ya\u015fas\u0131n demokrasi ve federasyon\u201d s\u00f6zleriyle tamamlad\u0131.<\/p>\n<p>Faaliyet ve mali raporlar\u0131n genel g\u00f6r\u00fc\u015fmesinde s\u00f6z alan olmazken, daha sonra Tufan Erh\u00fcrman\u2019\u0131n hem CTP Genel Ba\u015fkanl\u0131\u011f\u0131 hem de Cumhurba\u015fkan\u0131 adayl\u0131\u011f\u0131, alk\u0131\u015flarla onayland\u0131. <\/p>\n<p>CTP Parti Meclisi de tek aday Tufan Erh\u00fcrman\u2019\u0131n Cumhurba\u015fkanl\u0131\u011f\u0131 adayl\u0131\u011f\u0131n\u0131 oy birli\u011fiyle kabul etmi\u015fti.<br \/>Kurultayda daha sonra Erh\u00fcrman konu\u015fmaya ba\u015flad\u0131.<\/p>\n<\/p><\/div>\n<p><script async\n                    defer\n                    crossorigin=\"anonymous\"\n                    src=\"https:\/\/connect.facebook.net\/tr_TR\/sdk.js#xfbml=1&#038;version=v3.3\"\n            ><\/script><\/p>\n","protected":false},"excerpt":{"rendered":"<p>Cumhuriyet\u00e7i T\u00fcrk Partisi (CTP) 29. Ola\u011fan Kurultay\u0131, Tufan Erh\u00fcrman\u2019\u0131n yeniden Genel Ba\u015fkan olmas\u0131n\u0131 ve ekim ay\u0131nda yap\u0131lacak Cumhurba\u015fkanl\u0131\u011f\u0131 se\u00e7iminde adayl\u0131\u011f\u0131n\u0131 oy birli\u011fiyle onaylad\u0131. Lefko\u015fa Atat\u00fcrk Spor Salonu\u2019ndaki kurultayda demokrasi \u015fehitleri i\u00e7in sayg\u0131 duru\u015funda bulunuldu ve ard\u0131ndan da divan olu\u015fturuldu.Divan Ba\u015fkan\u0131 Ferdi Sabit Soyer, Divan Genel Sekreteri Cemal T\u00fcrkler, Divan \u00fcyeleri Selda \u015eafak, Dilan A\u015fan, Meft\u00fcne [&hellip;]<\/p>\n","protected":false},"author":1,"featured_media":21391,"comment_status":"open","ping_status":"open","sticky":false,"template":"","format":"standard","meta":{"jnews-multi-image_gallery":[],"jnews_single_post":[],"jnews_primary_category":[],"footnotes":""},"categories":[1],"tags":[],"class_list":["post-21390","post","type-post","status-publish","format-standard","has-post-thumbnail","hentry","category-kibris"],"yoast_head":"<!-- This site is optimized with the Yoast SEO plugin v27.5 - https:\/\/yoast.com\/product\/yoast-seo-wordpress\/ -->\n<title>CTP 29. Ola\u011fan Kurultay\u0131 Erh\u00fcrman\u2019\u0131n genel ba\u015fkanl\u0131\u011f\u0131n\u0131 ve cumhurba\u015fkan\u0131 adayl\u0131\u011f\u0131n\u0131 onaylad\u0131 - Haber Kuzey<\/title>\n<meta name=\"robots\" content=\"index, follow, max-snippet:-1, max-image-preview:large, max-video-preview:-1\" \/>\n<link rel=\"canonical\" href=\"https:\/\/haberkuzey.com\/index.php\/2025\/04\/06\/ctp-29-olagan-kurultayi-erhurmanin-genel-baskanligini-ve-cumhurbaskani-adayligini-onayladi\/\" \/>\n<meta property=\"og:locale\" content=\"tr_TR\" \/>\n<meta property=\"og:type\" content=\"article\" \/>\n<meta property=\"og:title\" content=\"CTP 29. Ola\u011fan Kurultay\u0131 Erh\u00fcrman\u2019\u0131n genel ba\u015fkanl\u0131\u011f\u0131n\u0131 ve cumhurba\u015fkan\u0131 adayl\u0131\u011f\u0131n\u0131 onaylad\u0131 - Haber Kuzey\" \/>\n<meta property=\"og:description\" content=\"Cumhuriyet\u00e7i T\u00fcrk Partisi (CTP) 29. Ola\u011fan Kurultay\u0131, Tufan Erh\u00fcrman\u2019\u0131n yeniden Genel Ba\u015fkan olmas\u0131n\u0131 ve ekim ay\u0131nda yap\u0131lacak Cumhurba\u015fkanl\u0131\u011f\u0131 se\u00e7iminde adayl\u0131\u011f\u0131n\u0131 oy birli\u011fiyle onaylad\u0131. Lefko\u015fa Atat\u00fcrk Spor Salonu\u2019ndaki kurultayda demokrasi \u015fehitleri i\u00e7in sayg\u0131 duru\u015funda bulunuldu ve ard\u0131ndan da divan olu\u015fturuldu.Divan Ba\u015fkan\u0131 Ferdi Sabit Soyer, Divan Genel Sekreteri Cemal T\u00fcrkler, Divan \u00fcyeleri Selda \u015eafak, Dilan A\u015fan, Meft\u00fcne [&hellip;]\" \/>\n<meta property=\"og:url\" content=\"https:\/\/haberkuzey.com\/index.php\/2025\/04\/06\/ctp-29-olagan-kurultayi-erhurmanin-genel-baskanligini-ve-cumhurbaskani-adayligini-onayladi\/\" \/>\n<meta property=\"og:site_name\" content=\"Haber Kuzey\" \/>\n<meta property=\"article:published_time\" content=\"2025-04-06T11:38:16+00:00\" \/>\n<meta property=\"og:image\" content=\"https:\/\/brtk.net\/wp-content\/uploads\/2025\/04\/06\/1743929073103ctp.jpg?ver=33ac78b5d4ffa794e6c0df3a9b867435\" \/>\n<meta name=\"author\" content=\"haberkuzey\" \/>\n<meta name=\"twitter:card\" content=\"summary_large_image\" \/>\n<meta name=\"twitter:label1\" content=\"Yazan:\" \/>\n\t<meta name=\"twitter:data1\" content=\"haberkuzey\" \/>\n\t<meta name=\"twitter:label2\" content=\"Tahmini okuma s\u00fcresi\" \/>\n\t<meta name=\"twitter:data2\" content=\"3 dakika\" \/>\n<script type=\"application\/ld+json\" class=\"yoast-schema-graph\">{\"@context\":\"https:\\\/\\\/schema.org\",\"@graph\":[{\"@type\":\"Article\",\"@id\":\"https:\\\/\\\/haberkuzey.com\\\/index.php\\\/2025\\\/04\\\/06\\\/ctp-29-olagan-kurultayi-erhurmanin-genel-baskanligini-ve-cumhurbaskani-adayligini-onayladi\\\/#article\",\"isPartOf\":{\"@id\":\"https:\\\/\\\/haberkuzey.com\\\/index.php\\\/2025\\\/04\\\/06\\\/ctp-29-olagan-kurultayi-erhurmanin-genel-baskanligini-ve-cumhurbaskani-adayligini-onayladi\\\/\"},\"author\":{\"name\":\"haberkuzey\",\"@id\":\"https:\\\/\\\/haberkuzey.com\\\/#\\\/schema\\\/person\\\/3372109ec735f9333f4fa47ebb9605ca\"},\"headline\":\"CTP 29. Ola\u011fan Kurultay\u0131 Erh\u00fcrman\u2019\u0131n genel ba\u015fkanl\u0131\u011f\u0131n\u0131 ve cumhurba\u015fkan\u0131 adayl\u0131\u011f\u0131n\u0131 onaylad\u0131\",\"datePublished\":\"2025-04-06T11:38:16+00:00\",\"mainEntityOfPage\":{\"@id\":\"https:\\\/\\\/haberkuzey.com\\\/index.php\\\/2025\\\/04\\\/06\\\/ctp-29-olagan-kurultayi-erhurmanin-genel-baskanligini-ve-cumhurbaskani-adayligini-onayladi\\\/\"},\"wordCount\":610,\"commentCount\":0,\"image\":{\"@id\":\"https:\\\/\\\/haberkuzey.com\\\/index.php\\\/2025\\\/04\\\/06\\\/ctp-29-olagan-kurultayi-erhurmanin-genel-baskanligini-ve-cumhurbaskani-adayligini-onayladi\\\/#primaryimage\"},\"thumbnailUrl\":\"https:\\\/\\\/haberkuzey.com\\\/wp-content\\\/uploads\\\/2025\\\/04\\\/IMG-20250406-WA0043.jpg\",\"articleSection\":[\"K\u0131br\u0131s\"],\"inLanguage\":\"tr\",\"potentialAction\":[{\"@type\":\"CommentAction\",\"name\":\"Comment\",\"target\":[\"https:\\\/\\\/haberkuzey.com\\\/index.php\\\/2025\\\/04\\\/06\\\/ctp-29-olagan-kurultayi-erhurmanin-genel-baskanligini-ve-cumhurbaskani-adayligini-onayladi\\\/#respond\"]}]},{\"@type\":\"WebPage\",\"@id\":\"https:\\\/\\\/haberkuzey.com\\\/index.php\\\/2025\\\/04\\\/06\\\/ctp-29-olagan-kurultayi-erhurmanin-genel-baskanligini-ve-cumhurbaskani-adayligini-onayladi\\\/\",\"url\":\"https:\\\/\\\/haberkuzey.com\\\/index.php\\\/2025\\\/04\\\/06\\\/ctp-29-olagan-kurultayi-erhurmanin-genel-baskanligini-ve-cumhurbaskani-adayligini-onayladi\\\/\",\"name\":\"CTP 29. Ola\u011fan Kurultay\u0131 Erh\u00fcrman\u2019\u0131n genel ba\u015fkanl\u0131\u011f\u0131n\u0131 ve cumhurba\u015fkan\u0131 adayl\u0131\u011f\u0131n\u0131 onaylad\u0131 - Haber Kuzey\",\"isPartOf\":{\"@id\":\"https:\\\/\\\/haberkuzey.com\\\/#website\"},\"primaryImageOfPage\":{\"@id\":\"https:\\\/\\\/haberkuzey.com\\\/index.php\\\/2025\\\/04\\\/06\\\/ctp-29-olagan-kurultayi-erhurmanin-genel-baskanligini-ve-cumhurbaskani-adayligini-onayladi\\\/#primaryimage\"},\"image\":{\"@id\":\"https:\\\/\\\/haberkuzey.com\\\/index.php\\\/2025\\\/04\\\/06\\\/ctp-29-olagan-kurultayi-erhurmanin-genel-baskanligini-ve-cumhurbaskani-adayligini-onayladi\\\/#primaryimage\"},\"thumbnailUrl\":\"https:\\\/\\\/haberkuzey.com\\\/wp-content\\\/uploads\\\/2025\\\/04\\\/IMG-20250406-WA0043.jpg\",\"datePublished\":\"2025-04-06T11:38:16+00:00\",\"author\":{\"@id\":\"https:\\\/\\\/haberkuzey.com\\\/#\\\/schema\\\/person\\\/3372109ec735f9333f4fa47ebb9605ca\"},\"breadcrumb\":{\"@id\":\"https:\\\/\\\/haberkuzey.com\\\/index.php\\\/2025\\\/04\\\/06\\\/ctp-29-olagan-kurultayi-erhurmanin-genel-baskanligini-ve-cumhurbaskani-adayligini-onayladi\\\/#breadcrumb\"},\"inLanguage\":\"tr\",\"potentialAction\":[{\"@type\":\"ReadAction\",\"target\":[\"https:\\\/\\\/haberkuzey.com\\\/index.php\\\/2025\\\/04\\\/06\\\/ctp-29-olagan-kurultayi-erhurmanin-genel-baskanligini-ve-cumhurbaskani-adayligini-onayladi\\\/\"]}]},{\"@type\":\"ImageObject\",\"inLanguage\":\"tr\",\"@id\":\"https:\\\/\\\/haberkuzey.com\\\/index.php\\\/2025\\\/04\\\/06\\\/ctp-29-olagan-kurultayi-erhurmanin-genel-baskanligini-ve-cumhurbaskani-adayligini-onayladi\\\/#primaryimage\",\"url\":\"https:\\\/\\\/haberkuzey.com\\\/wp-content\\\/uploads\\\/2025\\\/04\\\/IMG-20250406-WA0043.jpg\",\"contentUrl\":\"https:\\\/\\\/haberkuzey.com\\\/wp-content\\\/uploads\\\/2025\\\/04\\\/IMG-20250406-WA0043.jpg\",\"width\":2048,\"height\":1536},{\"@type\":\"BreadcrumbList\",\"@id\":\"https:\\\/\\\/haberkuzey.com\\\/index.php\\\/2025\\\/04\\\/06\\\/ctp-29-olagan-kurultayi-erhurmanin-genel-baskanligini-ve-cumhurbaskani-adayligini-onayladi\\\/#breadcrumb\",\"itemListElement\":[{\"@type\":\"ListItem\",\"position\":1,\"name\":\"Anasayfa\",\"item\":\"https:\\\/\\\/haberkuzey.com\\\/\"},{\"@type\":\"ListItem\",\"position\":2,\"name\":\"CTP 29. Ola\u011fan Kurultay\u0131 Erh\u00fcrman\u2019\u0131n genel ba\u015fkanl\u0131\u011f\u0131n\u0131 ve cumhurba\u015fkan\u0131 adayl\u0131\u011f\u0131n\u0131 onaylad\u0131\"}]},{\"@type\":\"WebSite\",\"@id\":\"https:\\\/\\\/haberkuzey.com\\\/#website\",\"url\":\"https:\\\/\\\/haberkuzey.com\\\/\",\"name\":\"Haber Kuzey\",\"description\":\"Do\u011fru Haberin Adresi\",\"potentialAction\":[{\"@type\":\"SearchAction\",\"target\":{\"@type\":\"EntryPoint\",\"urlTemplate\":\"https:\\\/\\\/haberkuzey.com\\\/?s={search_term_string}\"},\"query-input\":{\"@type\":\"PropertyValueSpecification\",\"valueRequired\":true,\"valueName\":\"search_term_string\"}}],\"inLanguage\":\"tr\"},{\"@type\":\"Person\",\"@id\":\"https:\\\/\\\/haberkuzey.com\\\/#\\\/schema\\\/person\\\/3372109ec735f9333f4fa47ebb9605ca\",\"name\":\"haberkuzey\",\"image\":{\"@type\":\"ImageObject\",\"inLanguage\":\"tr\",\"@id\":\"https:\\\/\\\/secure.gravatar.com\\\/avatar\\\/f5fc875574b1575324358c3b9e6a32b8227aa5b74f3fa22e3cadb63e26fcc39c?s=96&d=mm&r=g\",\"url\":\"https:\\\/\\\/secure.gravatar.com\\\/avatar\\\/f5fc875574b1575324358c3b9e6a32b8227aa5b74f3fa22e3cadb63e26fcc39c?s=96&d=mm&r=g\",\"contentUrl\":\"https:\\\/\\\/secure.gravatar.com\\\/avatar\\\/f5fc875574b1575324358c3b9e6a32b8227aa5b74f3fa22e3cadb63e26fcc39c?s=96&d=mm&r=g\",\"caption\":\"haberkuzey\"},\"sameAs\":[\"https:\\\/\\\/haberkuzey.com\"],\"url\":\"https:\\\/\\\/haberkuzey.com\\\/index.php\\\/author\\\/haberkuzey\\\/\"}]}<\/script>\n<!-- \/ Yoast SEO plugin. -->","yoast_head_json":{"title":"CTP 29. Ola\u011fan Kurultay\u0131 Erh\u00fcrman\u2019\u0131n genel ba\u015fkanl\u0131\u011f\u0131n\u0131 ve cumhurba\u015fkan\u0131 adayl\u0131\u011f\u0131n\u0131 onaylad\u0131 - Haber Kuzey","robots":{"index":"index","follow":"follow","max-snippet":"max-snippet:-1","max-image-preview":"max-image-preview:large","max-video-preview":"max-video-preview:-1"},"canonical":"https:\/\/haberkuzey.com\/index.php\/2025\/04\/06\/ctp-29-olagan-kurultayi-erhurmanin-genel-baskanligini-ve-cumhurbaskani-adayligini-onayladi\/","og_locale":"tr_TR","og_type":"article","og_title":"CTP 29. Ola\u011fan Kurultay\u0131 Erh\u00fcrman\u2019\u0131n genel ba\u015fkanl\u0131\u011f\u0131n\u0131 ve cumhurba\u015fkan\u0131 adayl\u0131\u011f\u0131n\u0131 onaylad\u0131 - Haber Kuzey","og_description":"Cumhuriyet\u00e7i T\u00fcrk Partisi (CTP) 29. Ola\u011fan Kurultay\u0131, Tufan Erh\u00fcrman\u2019\u0131n yeniden Genel Ba\u015fkan olmas\u0131n\u0131 ve ekim ay\u0131nda yap\u0131lacak Cumhurba\u015fkanl\u0131\u011f\u0131 se\u00e7iminde adayl\u0131\u011f\u0131n\u0131 oy birli\u011fiyle onaylad\u0131. Lefko\u015fa Atat\u00fcrk Spor Salonu\u2019ndaki kurultayda demokrasi \u015fehitleri i\u00e7in sayg\u0131 duru\u015funda bulunuldu ve ard\u0131ndan da divan olu\u015fturuldu.Divan Ba\u015fkan\u0131 Ferdi Sabit Soyer, Divan Genel Sekreteri Cemal T\u00fcrkler, Divan \u00fcyeleri Selda \u015eafak, Dilan A\u015fan, Meft\u00fcne [&hellip;]","og_url":"https:\/\/haberkuzey.com\/index.php\/2025\/04\/06\/ctp-29-olagan-kurultayi-erhurmanin-genel-baskanligini-ve-cumhurbaskani-adayligini-onayladi\/","og_site_name":"Haber Kuzey","article_published_time":"2025-04-06T11:38:16+00:00","og_image":[{"url":"https:\/\/brtk.net\/wp-content\/uploads\/2025\/04\/06\/1743929073103ctp.jpg?ver=33ac78b5d4ffa794e6c0df3a9b867435","type":"","width":"","height":""}],"author":"haberkuzey","twitter_card":"summary_large_image","twitter_misc":{"Yazan:":"haberkuzey","Tahmini okuma s\u00fcresi":"3 dakika"},"schema":{"@context":"https:\/\/schema.org","@graph":[{"@type":"Article","@id":"https:\/\/haberkuzey.com\/index.php\/2025\/04\/06\/ctp-29-olagan-kurultayi-erhurmanin-genel-baskanligini-ve-cumhurbaskani-adayligini-onayladi\/#article","isPartOf":{"@id":"https:\/\/haberkuzey.com\/index.php\/2025\/04\/06\/ctp-29-olagan-kurultayi-erhurmanin-genel-baskanligini-ve-cumhurbaskani-adayligini-onayladi\/"},"author":{"name":"haberkuzey","@id":"https:\/\/haberkuzey.com\/#\/schema\/person\/3372109ec735f9333f4fa47ebb9605ca"},"headline":"CTP 29. Ola\u011fan Kurultay\u0131 Erh\u00fcrman\u2019\u0131n genel ba\u015fkanl\u0131\u011f\u0131n\u0131 ve cumhurba\u015fkan\u0131 adayl\u0131\u011f\u0131n\u0131 onaylad\u0131","datePublished":"2025-04-06T11:38:16+00:00","mainEntityOfPage":{"@id":"https:\/\/haberkuzey.com\/index.php\/2025\/04\/06\/ctp-29-olagan-kurultayi-erhurmanin-genel-baskanligini-ve-cumhurbaskani-adayligini-onayladi\/"},"wordCount":610,"commentCount":0,"image":{"@id":"https:\/\/haberkuzey.com\/index.php\/2025\/04\/06\/ctp-29-olagan-kurultayi-erhurmanin-genel-baskanligini-ve-cumhurbaskani-adayligini-onayladi\/#primaryimage"},"thumbnailUrl":"https:\/\/haberkuzey.com\/wp-content\/uploads\/2025\/04\/IMG-20250406-WA0043.jpg","articleSection":["K\u0131br\u0131s"],"inLanguage":"tr","potentialAction":[{"@type":"CommentAction","name":"Comment","target":["https:\/\/haberkuzey.com\/index.php\/2025\/04\/06\/ctp-29-olagan-kurultayi-erhurmanin-genel-baskanligini-ve-cumhurbaskani-adayligini-onayladi\/#respond"]}]},{"@type":"WebPage","@id":"https:\/\/haberkuzey.com\/index.php\/2025\/04\/06\/ctp-29-olagan-kurultayi-erhurmanin-genel-baskanligini-ve-cumhurbaskani-adayligini-onayladi\/","url":"https:\/\/haberkuzey.com\/index.php\/2025\/04\/06\/ctp-29-olagan-kurultayi-erhurmanin-genel-baskanligini-ve-cumhurbaskani-adayligini-onayladi\/","name":"CTP 29. Ola\u011fan Kurultay\u0131 Erh\u00fcrman\u2019\u0131n genel ba\u015fkanl\u0131\u011f\u0131n\u0131 ve cumhurba\u015fkan\u0131 adayl\u0131\u011f\u0131n\u0131 onaylad\u0131 - Haber Kuzey","isPartOf":{"@id":"https:\/\/haberkuzey.com\/#website"},"primaryImageOfPage":{"@id":"https:\/\/haberkuzey.com\/index.php\/2025\/04\/06\/ctp-29-olagan-kurultayi-erhurmanin-genel-baskanligini-ve-cumhurbaskani-adayligini-onayladi\/#primaryimage"},"image":{"@id":"https:\/\/haberkuzey.com\/index.php\/2025\/04\/06\/ctp-29-olagan-kurultayi-erhurmanin-genel-baskanligini-ve-cumhurbaskani-adayligini-onayladi\/#primaryimage"},"thumbnailUrl":"https:\/\/haberkuzey.com\/wp-content\/uploads\/2025\/04\/IMG-20250406-WA0043.jpg","datePublished":"2025-04-06T11:38:16+00:00","author":{"@id":"https:\/\/haberkuzey.com\/#\/schema\/person\/3372109ec735f9333f4fa47ebb9605ca"},"breadcrumb":{"@id":"https:\/\/haberkuzey.com\/index.php\/2025\/04\/06\/ctp-29-olagan-kurultayi-erhurmanin-genel-baskanligini-ve-cumhurbaskani-adayligini-onayladi\/#breadcrumb"},"inLanguage":"tr","potentialAction":[{"@type":"ReadAction","target":["https:\/\/haberkuzey.com\/index.php\/2025\/04\/06\/ctp-29-olagan-kurultayi-erhurmanin-genel-baskanligini-ve-cumhurbaskani-adayligini-onayladi\/"]}]},{"@type":"ImageObject","inLanguage":"tr","@id":"https:\/\/haberkuzey.com\/index.php\/2025\/04\/06\/ctp-29-olagan-kurultayi-erhurmanin-genel-baskanligini-ve-cumhurbaskani-adayligini-onayladi\/#primaryimage","url":"https:\/\/haberkuzey.com\/wp-content\/uploads\/2025\/04\/IMG-20250406-WA0043.jpg","contentUrl":"https:\/\/haberkuzey.com\/wp-content\/uploads\/2025\/04\/IMG-20250406-WA0043.jpg","width":2048,"height":1536},{"@type":"BreadcrumbList","@id":"https:\/\/haberkuzey.com\/index.php\/2025\/04\/06\/ctp-29-olagan-kurultayi-erhurmanin-genel-baskanligini-ve-cumhurbaskani-adayligini-onayladi\/#breadcrumb","itemListElement":[{"@type":"ListItem","position":1,"name":"Anasayfa","item":"https:\/\/haberkuzey.com\/"},{"@type":"ListItem","position":2,"name":"CTP 29. Ola\u011fan Kurultay\u0131 Erh\u00fcrman\u2019\u0131n genel ba\u015fkanl\u0131\u011f\u0131n\u0131 ve cumhurba\u015fkan\u0131 adayl\u0131\u011f\u0131n\u0131 onaylad\u0131"}]},{"@type":"WebSite","@id":"https:\/\/haberkuzey.com\/#website","url":"https:\/\/haberkuzey.com\/","name":"Haber Kuzey","description":"Do\u011fru Haberin Adresi","potentialAction":[{"@type":"SearchAction","target":{"@type":"EntryPoint","urlTemplate":"https:\/\/haberkuzey.com\/?s={search_term_string}"},"query-input":{"@type":"PropertyValueSpecification","valueRequired":true,"valueName":"search_term_string"}}],"inLanguage":"tr"},{"@type":"Person","@id":"https:\/\/haberkuzey.com\/#\/schema\/person\/3372109ec735f9333f4fa47ebb9605ca","name":"haberkuzey","image":{"@type":"ImageObject","inLanguage":"tr","@id":"https:\/\/secure.gravatar.com\/avatar\/f5fc875574b1575324358c3b9e6a32b8227aa5b74f3fa22e3cadb63e26fcc39c?s=96&d=mm&r=g","url":"https:\/\/secure.gravatar.com\/avatar\/f5fc875574b1575324358c3b9e6a32b8227aa5b74f3fa22e3cadb63e26fcc39c?s=96&d=mm&r=g","contentUrl":"https:\/\/secure.gravatar.com\/avatar\/f5fc875574b1575324358c3b9e6a32b8227aa5b74f3fa22e3cadb63e26fcc39c?s=96&d=mm&r=g","caption":"haberkuzey"},"sameAs":["https:\/\/haberkuzey.com"],"url":"https:\/\/haberkuzey.com\/index.php\/author\/haberkuzey\/"}]}},"_links":{"self":[{"href":"https:\/\/haberkuzey.com\/index.php\/wp-json\/wp\/v2\/posts\/21390","targetHints":{"allow":["GET"]}}],"collection":[{"href":"https:\/\/haberkuzey.com\/index.php\/wp-json\/wp\/v2\/posts"}],"about":[{"href":"https:\/\/haberkuzey.com\/index.php\/wp-json\/wp\/v2\/types\/post"}],"author":[{"embeddable":true,"href":"https:\/\/haberkuzey.com\/index.php\/wp-json\/wp\/v2\/users\/1"}],"replies":[{"embeddable":true,"href":"https:\/\/haberkuzey.com\/index.php\/wp-json\/wp\/v2\/comments?post=21390"}],"version-history":[{"count":0,"href":"https:\/\/haberkuzey.com\/index.php\/wp-json\/wp\/v2\/posts\/21390\/revisions"}],"wp:featuredmedia":[{"embeddable":true,"href":"https:\/\/haberkuzey.com\/index.php\/wp-json\/wp\/v2\/media\/21391"}],"wp:attachment":[{"href":"https:\/\/haberkuzey.com\/index.php\/wp-json\/wp\/v2\/media?parent=21390"}],"wp:term":[{"taxonomy":"category","embeddable":true,"href":"https:\/\/haberkuzey.com\/index.php\/wp-json\/wp\/v2\/categories?post=21390"},{"taxonomy":"post_tag","embeddable":true,"href":"https:\/\/haberkuzey.com\/index.php\/wp-json\/wp\/v2\/tags?post=21390"}],"curies":[{"name":"wp","href":"https:\/\/api.w.org\/{rel}","templated":true}]}}