{"id":21297,"date":"2025-04-04T14:46:43","date_gmt":"2025-04-04T11:46:43","guid":{"rendered":"https:\/\/haberkuzey.com\/index.php\/2025\/04\/04\/erhurmancozum-odakli-konusmaya-devam-edecegiz\/"},"modified":"2025-04-04T14:46:43","modified_gmt":"2025-04-04T11:46:43","slug":"erhurmancozum-odakli-konusmaya-devam-edecegiz","status":"publish","type":"post","link":"https:\/\/haberkuzey.com\/index.php\/2025\/04\/04\/erhurmancozum-odakli-konusmaya-devam-edecegiz\/","title":{"rendered":"Erh\u00fcrman:\u00c7\u00f6z\u00fcm odakl\u0131 konu\u015fmaya devam edece\u011fiz"},"content":{"rendered":"<div>\n<div class=\"mariselle-image-container center\">\n                                            <\/div>\n<p>Cumhuriyet\u00e7i T\u00fcrk Partisi (CTP) Genel Ba\u015fkan\u0131 Tufan Erh\u00fcrman, \u201cK\u0131br\u0131s sorununda da di\u011fer sorunlarda da \u00e7\u00f6z\u00fcm odakl\u0131 konu\u015fmaya devam edeceklerini\u201d s\u00f6yledi.<\/p>\n<p>CTP\u2019den verilen bilgiye g\u00f6re, kat\u0131ld\u0131\u011f\u0131 programda sorular\u0131 yan\u0131tlayan CTP Genel Ba\u015fkan\u0131 Tufan Erh\u00fcrman, \u201cK\u0131br\u0131s T\u00fcrk halk\u0131 i\u00e7in d\u00f6rt bu\u00e7uk y\u0131l kay\u0131p d\u00f6nem.\u201d ifadelerini kulland\u0131.<\/p>\n<p>K\u0131br\u0131s sorunuyla ilgili de\u011ferlendirmelerde bulunan Erh\u00fcrman, uzun s\u00fcredir konu\u015fulan yeni ge\u00e7i\u015f noktalar\u0131ndan bahsetti. \u201cNe kadar \u00e7ok ge\u00e7i\u015f noktas\u0131 olabilirse, o kadar iyi olur.\u201d diyen Erh\u00fcrman, insanlar\u0131n ge\u00e7i\u015flerde s\u0131k\u0131nt\u0131 ya\u015fad\u0131\u011f\u0131na dikkat \u00e7ekti ve ge\u00e7i\u015flerin rahatlat\u0131lmas\u0131 gerekti\u011fine vurgu yapt\u0131.<\/p>\n<p>D\u00f6rt bu\u00e7uk y\u0131l i\u00e7erisinde kapsaml\u0131 \u00e7\u00f6z\u00fcm i\u00e7in diplomasi bir yana , do\u011fru d\u00fczg\u00fcn temas bile olmad\u0131\u011f\u0131n\u0131 savunan Tufan Erh\u00fcrman, \u201cK\u0131br\u0131s T\u00fcrk halk\u0131 i\u00e7in d\u00f6rt bu\u00e7uk y\u0131l kay\u0131p d\u00f6nem.\u201d ifadelerini kulland\u0131. D\u00f6rt bu\u00e7uk y\u0131l ayn\u0131 yerde duruldu\u011fu i\u00e7in olmayan sorunlar\u0131n da eklendi\u011finin alt\u0131n\u0131 \u00e7izen Erh\u00fcrman, ekonominin G\u00fcney\u2019e kayd\u0131\u011f\u0131n\u0131 vurgulayarak in\u015faat ve turizm sekt\u00f6rlerinde ya\u015fanan s\u0131k\u0131nt\u0131lar\u0131 an\u0131smatt\u0131. \u201cKarma evliliklerden do\u011fan \u00e7ocuklar\u0131n\u201d haklar\u0131n\u0131n ihlalinin de d\u00f6rt bu\u00e7uk y\u0131l devam etti\u011fini s\u00f6yleyen Erh\u00fcrman, Ersin Tatar\u2019\u0131n \u201ckahve bile i\u00e7mem\u201d s\u00f6zlerini hat\u0131rlatarak \u201cKahve bile i\u00e7mem deniliyordu, \u015fimdi resmi g\u00f6r\u00fc\u015fmeler yap\u0131yor Hristodulidis ile. BM Genel Sekreteri Guterres temmuza bir toplant\u0131 daha koyuyor. Ki\u015fisel temsilci atanmas\u0131 kabul g\u00f6r\u00fcyor.\u201d dedi.<\/p>\n<p>Son d\u00f6rt bu\u00e7uk y\u0131lda bir ge\u00e7i\u015f noktas\u0131n\u0131n bile a\u00e7\u0131lmad\u0131\u011f\u0131na dikkat \u00e7eken Erh\u00fcrman, ge\u00e7en haftalarda Cenevre\u2019de ger\u00e7ekle\u015ftirilen gayriresmi K\u0131br\u0131s konferans\u0131yla ilgili de konu\u015ftu.<\/p>\n<p>S\u00f6z konusu konferansla ilgili \u201cBir, s\u0131f\u0131rdan b\u00fcy\u00fckt\u00fcr\u201d yorumlar\u0131n\u0131 yineleyen Erh\u00fcrman, \u201cBunlar\u0131 konu\u015fmak i\u00e7in Cenevre\u2019ye mi gitmek gerekiyordu?\u201d diye sordu ve Genel Sekreter\u2019in uzun s\u00fcreden beri hi\u00e7 olmayan bir \u015feyi ba\u015flatmak istedi\u011fini vurgulad\u0131.<\/p>\n<p>\u0130ki liderde kapsaml\u0131 \u00e7\u00f6z\u00fcmle ilgili ne niyet ne de irade g\u00f6r\u00fcld\u00fc\u011f\u00fcn\u00fc belirten Erh\u00fcrman, uluslararas\u0131 geli\u015fmelerin de bu masan\u0131n kurulmas\u0131n\u0131 te\u015fvik etti\u011fini kaydetti.<\/p>\n<p>Sonu\u00e7 olarak diyalog ve diplomasinin ba\u015flad\u0131\u011f\u0131n\u0131 vurgulayan Erh\u00fcrman, \u201cSay\u0131n Hristodulidis ve Say\u0131n Tatar\u2019da \u2018\u00e7\u00f6z\u00fcms\u00fczl\u00fck \u00e7\u00f6z\u00fcmd\u00fcr\u2019 anlay\u0131\u015f\u0131 var. \u0130ki devletli \u00e7\u00f6z\u00fcm\u00fcn T\u00fcrk\u00e7esi, biz b\u00f6yle iyiyizdir.\u201d dedi.<\/p>\n<p>\u201cHristodulidis\u2019in, Tatar\u2019\u0131n arkas\u0131na saklanarak \u00e7\u00f6z\u00fcm isteyen lider elbisesini \u00fczerine oturtmaya \u00e7al\u0131\u015ft\u0131\u011f\u0131n\u0131\u201d ifade eden Erh\u00fcrman, \u201cBu halk\u0131n iradesi \u00e7\u00f6z\u00fcm iradesidir. Saha \u00e7al\u0131\u015fmalar\u0131 g\u00f6steriyor. Bu halk\u0131n i\u00e7erisinde farkl\u0131 \u00e7\u00f6z\u00fcm modellerinden bahseden \u00e7ok insan var. K\u0131br\u0131s sorunuyla ilgili \u00e7\u00f6z\u00fcm isteyip istemedi\u011fi soruldu\u011funda \u00e7\u00f6z\u00fcm istiyorum diyor y\u00fczde 80\u2019den fazlas\u0131\u2026\u201d diye konu\u015ftu.<\/p>\n<p>Erh\u00fcrman, BM Genel Sekreteri\u2019nin, \u201cGe\u00e7mi\u015fi, gelece\u011fe ba\u011flayan bir k\u00f6pr\u00fc\u201d kurmaya \u00e7al\u0131\u015ft\u0131\u011f\u0131n\u0131 vurgulad\u0131. \u201c\u00c7\u00f6z\u00fcms\u00fczl\u00fck nerede do\u011fdu\u011fundan ba\u011f\u0131ms\u0131z olarak bu adada kendi hayat\u0131n\u0131 kuran her insan i\u00e7in bir bedel ta\u015f\u0131yor.\u201d diyen Erh\u00fcrman, K\u0131br\u0131s sorununun g\u00fcnl\u00fck ya\u015fam\u0131 olumsuz etkiledi\u011fi i\u00e7in insanlar\u0131n \u00e7\u00f6z\u00fcm istedi\u011fine i\u015faret etti. Y\u0131llard\u0131r n\u00fcfus say\u0131m\u0131 yap\u0131lmas\u0131 gerekti\u011fini dile getirdiklerini belirten Erh\u00fcrman, n\u00fcfus politikas\u0131 uygulaman\u0131n \u00f6nemine i\u015faret etti. Kar\u015f\u0131lar\u0131ndaki zihniyetin tek derdinin \u201ckoltuk\u201d oldu\u011funa dikkat \u00e7ekti. Tufan Erh\u00fcrman, \u201cK\u0131br\u0131s sorununda da di\u011fer sorunlarda da \u00e7\u00f6z\u00fcm odakl\u0131 a\u015famaya ge\u00e7mek zorunday\u0131z. Bu halk\u0131n akl\u0131yla kimse dalga ge\u00e7mesin. Bu halk\u0131n deneyimi de akl\u0131 da vard\u0131r. \u00c7\u00f6z\u00fcm odakl\u0131 konu\u015fmaya devam edece\u011fiz.\u201d diye ekledi.<\/p>\n<\/p><\/div>\n<p><script async\n                    defer\n                    crossorigin=\"anonymous\"\n                    src=\"https:\/\/connect.facebook.net\/tr_TR\/sdk.js#xfbml=1&#038;version=v3.3\"\n            ><\/script><\/p>\n","protected":false},"excerpt":{"rendered":"<p>Cumhuriyet\u00e7i T\u00fcrk Partisi (CTP) Genel Ba\u015fkan\u0131 Tufan Erh\u00fcrman, \u201cK\u0131br\u0131s sorununda da di\u011fer sorunlarda da \u00e7\u00f6z\u00fcm odakl\u0131 konu\u015fmaya devam edeceklerini\u201d s\u00f6yledi. CTP\u2019den verilen bilgiye g\u00f6re, kat\u0131ld\u0131\u011f\u0131 programda sorular\u0131 yan\u0131tlayan CTP Genel Ba\u015fkan\u0131 Tufan Erh\u00fcrman, \u201cK\u0131br\u0131s T\u00fcrk halk\u0131 i\u00e7in d\u00f6rt bu\u00e7uk y\u0131l kay\u0131p d\u00f6nem.\u201d ifadelerini kulland\u0131. K\u0131br\u0131s sorunuyla ilgili de\u011ferlendirmelerde bulunan Erh\u00fcrman, uzun s\u00fcredir konu\u015fulan yeni ge\u00e7i\u015f [&hellip;]<\/p>\n","protected":false},"author":1,"featured_media":14760,"comment_status":"open","ping_status":"open","sticky":false,"template":"","format":"standard","meta":{"jnews-multi-image_gallery":[],"jnews_single_post":[],"jnews_primary_category":[],"footnotes":""},"categories":[1],"tags":[],"class_list":["post-21297","post","type-post","status-publish","format-standard","has-post-thumbnail","hentry","category-kibris"],"yoast_head":"<!-- This site is optimized with the Yoast SEO plugin v27.5 - https:\/\/yoast.com\/product\/yoast-seo-wordpress\/ -->\n<title>Erh\u00fcrman:\u00c7\u00f6z\u00fcm odakl\u0131 konu\u015fmaya devam edece\u011fiz - Haber Kuzey<\/title>\n<meta name=\"robots\" content=\"index, follow, max-snippet:-1, max-image-preview:large, max-video-preview:-1\" \/>\n<link rel=\"canonical\" href=\"https:\/\/haberkuzey.com\/index.php\/2025\/04\/04\/erhurmancozum-odakli-konusmaya-devam-edecegiz\/\" \/>\n<meta property=\"og:locale\" content=\"tr_TR\" \/>\n<meta property=\"og:type\" content=\"article\" \/>\n<meta property=\"og:title\" content=\"Erh\u00fcrman:\u00c7\u00f6z\u00fcm odakl\u0131 konu\u015fmaya devam edece\u011fiz - Haber Kuzey\" \/>\n<meta property=\"og:description\" content=\"Cumhuriyet\u00e7i T\u00fcrk Partisi (CTP) Genel Ba\u015fkan\u0131 Tufan Erh\u00fcrman, \u201cK\u0131br\u0131s sorununda da di\u011fer sorunlarda da \u00e7\u00f6z\u00fcm odakl\u0131 konu\u015fmaya devam edeceklerini\u201d s\u00f6yledi. CTP\u2019den verilen bilgiye g\u00f6re, kat\u0131ld\u0131\u011f\u0131 programda sorular\u0131 yan\u0131tlayan CTP Genel Ba\u015fkan\u0131 Tufan Erh\u00fcrman, \u201cK\u0131br\u0131s T\u00fcrk halk\u0131 i\u00e7in d\u00f6rt bu\u00e7uk y\u0131l kay\u0131p d\u00f6nem.\u201d ifadelerini kulland\u0131. K\u0131br\u0131s sorunuyla ilgili de\u011ferlendirmelerde bulunan Erh\u00fcrman, uzun s\u00fcredir konu\u015fulan yeni ge\u00e7i\u015f [&hellip;]\" \/>\n<meta property=\"og:url\" content=\"https:\/\/haberkuzey.com\/index.php\/2025\/04\/04\/erhurmancozum-odakli-konusmaya-devam-edecegiz\/\" \/>\n<meta property=\"og:site_name\" content=\"Haber Kuzey\" \/>\n<meta property=\"article:published_time\" content=\"2025-04-04T11:46:43+00:00\" \/>\n<meta property=\"og:image\" content=\"https:\/\/brtk.net\/wp-content\/uploads\/2024\/12\/11\/Tufan-Erhurman-scaled.jpg?ver=ca66f3bcb9e172211ace80b21d009b63\" \/>\n<meta name=\"author\" content=\"haberkuzey\" \/>\n<meta name=\"twitter:card\" content=\"summary_large_image\" \/>\n<meta name=\"twitter:label1\" content=\"Yazan:\" \/>\n\t<meta name=\"twitter:data1\" content=\"haberkuzey\" \/>\n\t<meta name=\"twitter:label2\" content=\"Tahmini okuma s\u00fcresi\" \/>\n\t<meta name=\"twitter:data2\" content=\"3 dakika\" \/>\n<script type=\"application\/ld+json\" class=\"yoast-schema-graph\">{\"@context\":\"https:\\\/\\\/schema.org\",\"@graph\":[{\"@type\":\"Article\",\"@id\":\"https:\\\/\\\/haberkuzey.com\\\/index.php\\\/2025\\\/04\\\/04\\\/erhurmancozum-odakli-konusmaya-devam-edecegiz\\\/#article\",\"isPartOf\":{\"@id\":\"https:\\\/\\\/haberkuzey.com\\\/index.php\\\/2025\\\/04\\\/04\\\/erhurmancozum-odakli-konusmaya-devam-edecegiz\\\/\"},\"author\":{\"name\":\"haberkuzey\",\"@id\":\"https:\\\/\\\/haberkuzey.com\\\/#\\\/schema\\\/person\\\/3372109ec735f9333f4fa47ebb9605ca\"},\"headline\":\"Erh\u00fcrman:\u00c7\u00f6z\u00fcm odakl\u0131 konu\u015fmaya devam edece\u011fiz\",\"datePublished\":\"2025-04-04T11:46:43+00:00\",\"mainEntityOfPage\":{\"@id\":\"https:\\\/\\\/haberkuzey.com\\\/index.php\\\/2025\\\/04\\\/04\\\/erhurmancozum-odakli-konusmaya-devam-edecegiz\\\/\"},\"wordCount\":683,\"commentCount\":0,\"image\":{\"@id\":\"https:\\\/\\\/haberkuzey.com\\\/index.php\\\/2025\\\/04\\\/04\\\/erhurmancozum-odakli-konusmaya-devam-edecegiz\\\/#primaryimage\"},\"thumbnailUrl\":\"https:\\\/\\\/haberkuzey.com\\\/wp-content\\\/uploads\\\/2024\\\/12\\\/Tufan-Erhurman-scaled.jpg\",\"articleSection\":[\"K\u0131br\u0131s\"],\"inLanguage\":\"tr\",\"potentialAction\":[{\"@type\":\"CommentAction\",\"name\":\"Comment\",\"target\":[\"https:\\\/\\\/haberkuzey.com\\\/index.php\\\/2025\\\/04\\\/04\\\/erhurmancozum-odakli-konusmaya-devam-edecegiz\\\/#respond\"]}]},{\"@type\":\"WebPage\",\"@id\":\"https:\\\/\\\/haberkuzey.com\\\/index.php\\\/2025\\\/04\\\/04\\\/erhurmancozum-odakli-konusmaya-devam-edecegiz\\\/\",\"url\":\"https:\\\/\\\/haberkuzey.com\\\/index.php\\\/2025\\\/04\\\/04\\\/erhurmancozum-odakli-konusmaya-devam-edecegiz\\\/\",\"name\":\"Erh\u00fcrman:\u00c7\u00f6z\u00fcm odakl\u0131 konu\u015fmaya devam edece\u011fiz - Haber Kuzey\",\"isPartOf\":{\"@id\":\"https:\\\/\\\/haberkuzey.com\\\/#website\"},\"primaryImageOfPage\":{\"@id\":\"https:\\\/\\\/haberkuzey.com\\\/index.php\\\/2025\\\/04\\\/04\\\/erhurmancozum-odakli-konusmaya-devam-edecegiz\\\/#primaryimage\"},\"image\":{\"@id\":\"https:\\\/\\\/haberkuzey.com\\\/index.php\\\/2025\\\/04\\\/04\\\/erhurmancozum-odakli-konusmaya-devam-edecegiz\\\/#primaryimage\"},\"thumbnailUrl\":\"https:\\\/\\\/haberkuzey.com\\\/wp-content\\\/uploads\\\/2024\\\/12\\\/Tufan-Erhurman-scaled.jpg\",\"datePublished\":\"2025-04-04T11:46:43+00:00\",\"author\":{\"@id\":\"https:\\\/\\\/haberkuzey.com\\\/#\\\/schema\\\/person\\\/3372109ec735f9333f4fa47ebb9605ca\"},\"breadcrumb\":{\"@id\":\"https:\\\/\\\/haberkuzey.com\\\/index.php\\\/2025\\\/04\\\/04\\\/erhurmancozum-odakli-konusmaya-devam-edecegiz\\\/#breadcrumb\"},\"inLanguage\":\"tr\",\"potentialAction\":[{\"@type\":\"ReadAction\",\"target\":[\"https:\\\/\\\/haberkuzey.com\\\/index.php\\\/2025\\\/04\\\/04\\\/erhurmancozum-odakli-konusmaya-devam-edecegiz\\\/\"]}]},{\"@type\":\"ImageObject\",\"inLanguage\":\"tr\",\"@id\":\"https:\\\/\\\/haberkuzey.com\\\/index.php\\\/2025\\\/04\\\/04\\\/erhurmancozum-odakli-konusmaya-devam-edecegiz\\\/#primaryimage\",\"url\":\"https:\\\/\\\/haberkuzey.com\\\/wp-content\\\/uploads\\\/2024\\\/12\\\/Tufan-Erhurman-scaled.jpg\",\"contentUrl\":\"https:\\\/\\\/haberkuzey.com\\\/wp-content\\\/uploads\\\/2024\\\/12\\\/Tufan-Erhurman-scaled.jpg\",\"width\":2560,\"height\":1927},{\"@type\":\"BreadcrumbList\",\"@id\":\"https:\\\/\\\/haberkuzey.com\\\/index.php\\\/2025\\\/04\\\/04\\\/erhurmancozum-odakli-konusmaya-devam-edecegiz\\\/#breadcrumb\",\"itemListElement\":[{\"@type\":\"ListItem\",\"position\":1,\"name\":\"Anasayfa\",\"item\":\"https:\\\/\\\/haberkuzey.com\\\/\"},{\"@type\":\"ListItem\",\"position\":2,\"name\":\"Erh\u00fcrman:\u00c7\u00f6z\u00fcm odakl\u0131 konu\u015fmaya devam edece\u011fiz\"}]},{\"@type\":\"WebSite\",\"@id\":\"https:\\\/\\\/haberkuzey.com\\\/#website\",\"url\":\"https:\\\/\\\/haberkuzey.com\\\/\",\"name\":\"Haber Kuzey\",\"description\":\"Do\u011fru Haberin Adresi\",\"potentialAction\":[{\"@type\":\"SearchAction\",\"target\":{\"@type\":\"EntryPoint\",\"urlTemplate\":\"https:\\\/\\\/haberkuzey.com\\\/?s={search_term_string}\"},\"query-input\":{\"@type\":\"PropertyValueSpecification\",\"valueRequired\":true,\"valueName\":\"search_term_string\"}}],\"inLanguage\":\"tr\"},{\"@type\":\"Person\",\"@id\":\"https:\\\/\\\/haberkuzey.com\\\/#\\\/schema\\\/person\\\/3372109ec735f9333f4fa47ebb9605ca\",\"name\":\"haberkuzey\",\"image\":{\"@type\":\"ImageObject\",\"inLanguage\":\"tr\",\"@id\":\"https:\\\/\\\/secure.gravatar.com\\\/avatar\\\/f5fc875574b1575324358c3b9e6a32b8227aa5b74f3fa22e3cadb63e26fcc39c?s=96&d=mm&r=g\",\"url\":\"https:\\\/\\\/secure.gravatar.com\\\/avatar\\\/f5fc875574b1575324358c3b9e6a32b8227aa5b74f3fa22e3cadb63e26fcc39c?s=96&d=mm&r=g\",\"contentUrl\":\"https:\\\/\\\/secure.gravatar.com\\\/avatar\\\/f5fc875574b1575324358c3b9e6a32b8227aa5b74f3fa22e3cadb63e26fcc39c?s=96&d=mm&r=g\",\"caption\":\"haberkuzey\"},\"sameAs\":[\"https:\\\/\\\/haberkuzey.com\"],\"url\":\"https:\\\/\\\/haberkuzey.com\\\/index.php\\\/author\\\/haberkuzey\\\/\"}]}<\/script>\n<!-- \/ Yoast SEO plugin. -->","yoast_head_json":{"title":"Erh\u00fcrman:\u00c7\u00f6z\u00fcm odakl\u0131 konu\u015fmaya devam edece\u011fiz - Haber Kuzey","robots":{"index":"index","follow":"follow","max-snippet":"max-snippet:-1","max-image-preview":"max-image-preview:large","max-video-preview":"max-video-preview:-1"},"canonical":"https:\/\/haberkuzey.com\/index.php\/2025\/04\/04\/erhurmancozum-odakli-konusmaya-devam-edecegiz\/","og_locale":"tr_TR","og_type":"article","og_title":"Erh\u00fcrman:\u00c7\u00f6z\u00fcm odakl\u0131 konu\u015fmaya devam edece\u011fiz - Haber Kuzey","og_description":"Cumhuriyet\u00e7i T\u00fcrk Partisi (CTP) Genel Ba\u015fkan\u0131 Tufan Erh\u00fcrman, \u201cK\u0131br\u0131s sorununda da di\u011fer sorunlarda da \u00e7\u00f6z\u00fcm odakl\u0131 konu\u015fmaya devam edeceklerini\u201d s\u00f6yledi. CTP\u2019den verilen bilgiye g\u00f6re, kat\u0131ld\u0131\u011f\u0131 programda sorular\u0131 yan\u0131tlayan CTP Genel Ba\u015fkan\u0131 Tufan Erh\u00fcrman, \u201cK\u0131br\u0131s T\u00fcrk halk\u0131 i\u00e7in d\u00f6rt bu\u00e7uk y\u0131l kay\u0131p d\u00f6nem.\u201d ifadelerini kulland\u0131. K\u0131br\u0131s sorunuyla ilgili de\u011ferlendirmelerde bulunan Erh\u00fcrman, uzun s\u00fcredir konu\u015fulan yeni ge\u00e7i\u015f [&hellip;]","og_url":"https:\/\/haberkuzey.com\/index.php\/2025\/04\/04\/erhurmancozum-odakli-konusmaya-devam-edecegiz\/","og_site_name":"Haber Kuzey","article_published_time":"2025-04-04T11:46:43+00:00","og_image":[{"url":"https:\/\/brtk.net\/wp-content\/uploads\/2024\/12\/11\/Tufan-Erhurman-scaled.jpg?ver=ca66f3bcb9e172211ace80b21d009b63","type":"","width":"","height":""}],"author":"haberkuzey","twitter_card":"summary_large_image","twitter_misc":{"Yazan:":"haberkuzey","Tahmini okuma s\u00fcresi":"3 dakika"},"schema":{"@context":"https:\/\/schema.org","@graph":[{"@type":"Article","@id":"https:\/\/haberkuzey.com\/index.php\/2025\/04\/04\/erhurmancozum-odakli-konusmaya-devam-edecegiz\/#article","isPartOf":{"@id":"https:\/\/haberkuzey.com\/index.php\/2025\/04\/04\/erhurmancozum-odakli-konusmaya-devam-edecegiz\/"},"author":{"name":"haberkuzey","@id":"https:\/\/haberkuzey.com\/#\/schema\/person\/3372109ec735f9333f4fa47ebb9605ca"},"headline":"Erh\u00fcrman:\u00c7\u00f6z\u00fcm odakl\u0131 konu\u015fmaya devam edece\u011fiz","datePublished":"2025-04-04T11:46:43+00:00","mainEntityOfPage":{"@id":"https:\/\/haberkuzey.com\/index.php\/2025\/04\/04\/erhurmancozum-odakli-konusmaya-devam-edecegiz\/"},"wordCount":683,"commentCount":0,"image":{"@id":"https:\/\/haberkuzey.com\/index.php\/2025\/04\/04\/erhurmancozum-odakli-konusmaya-devam-edecegiz\/#primaryimage"},"thumbnailUrl":"https:\/\/haberkuzey.com\/wp-content\/uploads\/2024\/12\/Tufan-Erhurman-scaled.jpg","articleSection":["K\u0131br\u0131s"],"inLanguage":"tr","potentialAction":[{"@type":"CommentAction","name":"Comment","target":["https:\/\/haberkuzey.com\/index.php\/2025\/04\/04\/erhurmancozum-odakli-konusmaya-devam-edecegiz\/#respond"]}]},{"@type":"WebPage","@id":"https:\/\/haberkuzey.com\/index.php\/2025\/04\/04\/erhurmancozum-odakli-konusmaya-devam-edecegiz\/","url":"https:\/\/haberkuzey.com\/index.php\/2025\/04\/04\/erhurmancozum-odakli-konusmaya-devam-edecegiz\/","name":"Erh\u00fcrman:\u00c7\u00f6z\u00fcm odakl\u0131 konu\u015fmaya devam edece\u011fiz - Haber Kuzey","isPartOf":{"@id":"https:\/\/haberkuzey.com\/#website"},"primaryImageOfPage":{"@id":"https:\/\/haberkuzey.com\/index.php\/2025\/04\/04\/erhurmancozum-odakli-konusmaya-devam-edecegiz\/#primaryimage"},"image":{"@id":"https:\/\/haberkuzey.com\/index.php\/2025\/04\/04\/erhurmancozum-odakli-konusmaya-devam-edecegiz\/#primaryimage"},"thumbnailUrl":"https:\/\/haberkuzey.com\/wp-content\/uploads\/2024\/12\/Tufan-Erhurman-scaled.jpg","datePublished":"2025-04-04T11:46:43+00:00","author":{"@id":"https:\/\/haberkuzey.com\/#\/schema\/person\/3372109ec735f9333f4fa47ebb9605ca"},"breadcrumb":{"@id":"https:\/\/haberkuzey.com\/index.php\/2025\/04\/04\/erhurmancozum-odakli-konusmaya-devam-edecegiz\/#breadcrumb"},"inLanguage":"tr","potentialAction":[{"@type":"ReadAction","target":["https:\/\/haberkuzey.com\/index.php\/2025\/04\/04\/erhurmancozum-odakli-konusmaya-devam-edecegiz\/"]}]},{"@type":"ImageObject","inLanguage":"tr","@id":"https:\/\/haberkuzey.com\/index.php\/2025\/04\/04\/erhurmancozum-odakli-konusmaya-devam-edecegiz\/#primaryimage","url":"https:\/\/haberkuzey.com\/wp-content\/uploads\/2024\/12\/Tufan-Erhurman-scaled.jpg","contentUrl":"https:\/\/haberkuzey.com\/wp-content\/uploads\/2024\/12\/Tufan-Erhurman-scaled.jpg","width":2560,"height":1927},{"@type":"BreadcrumbList","@id":"https:\/\/haberkuzey.com\/index.php\/2025\/04\/04\/erhurmancozum-odakli-konusmaya-devam-edecegiz\/#breadcrumb","itemListElement":[{"@type":"ListItem","position":1,"name":"Anasayfa","item":"https:\/\/haberkuzey.com\/"},{"@type":"ListItem","position":2,"name":"Erh\u00fcrman:\u00c7\u00f6z\u00fcm odakl\u0131 konu\u015fmaya devam edece\u011fiz"}]},{"@type":"WebSite","@id":"https:\/\/haberkuzey.com\/#website","url":"https:\/\/haberkuzey.com\/","name":"Haber Kuzey","description":"Do\u011fru Haberin Adresi","potentialAction":[{"@type":"SearchAction","target":{"@type":"EntryPoint","urlTemplate":"https:\/\/haberkuzey.com\/?s={search_term_string}"},"query-input":{"@type":"PropertyValueSpecification","valueRequired":true,"valueName":"search_term_string"}}],"inLanguage":"tr"},{"@type":"Person","@id":"https:\/\/haberkuzey.com\/#\/schema\/person\/3372109ec735f9333f4fa47ebb9605ca","name":"haberkuzey","image":{"@type":"ImageObject","inLanguage":"tr","@id":"https:\/\/secure.gravatar.com\/avatar\/f5fc875574b1575324358c3b9e6a32b8227aa5b74f3fa22e3cadb63e26fcc39c?s=96&d=mm&r=g","url":"https:\/\/secure.gravatar.com\/avatar\/f5fc875574b1575324358c3b9e6a32b8227aa5b74f3fa22e3cadb63e26fcc39c?s=96&d=mm&r=g","contentUrl":"https:\/\/secure.gravatar.com\/avatar\/f5fc875574b1575324358c3b9e6a32b8227aa5b74f3fa22e3cadb63e26fcc39c?s=96&d=mm&r=g","caption":"haberkuzey"},"sameAs":["https:\/\/haberkuzey.com"],"url":"https:\/\/haberkuzey.com\/index.php\/author\/haberkuzey\/"}]}},"_links":{"self":[{"href":"https:\/\/haberkuzey.com\/index.php\/wp-json\/wp\/v2\/posts\/21297","targetHints":{"allow":["GET"]}}],"collection":[{"href":"https:\/\/haberkuzey.com\/index.php\/wp-json\/wp\/v2\/posts"}],"about":[{"href":"https:\/\/haberkuzey.com\/index.php\/wp-json\/wp\/v2\/types\/post"}],"author":[{"embeddable":true,"href":"https:\/\/haberkuzey.com\/index.php\/wp-json\/wp\/v2\/users\/1"}],"replies":[{"embeddable":true,"href":"https:\/\/haberkuzey.com\/index.php\/wp-json\/wp\/v2\/comments?post=21297"}],"version-history":[{"count":0,"href":"https:\/\/haberkuzey.com\/index.php\/wp-json\/wp\/v2\/posts\/21297\/revisions"}],"wp:featuredmedia":[{"embeddable":true,"href":"https:\/\/haberkuzey.com\/index.php\/wp-json\/wp\/v2\/media\/14760"}],"wp:attachment":[{"href":"https:\/\/haberkuzey.com\/index.php\/wp-json\/wp\/v2\/media?parent=21297"}],"wp:term":[{"taxonomy":"category","embeddable":true,"href":"https:\/\/haberkuzey.com\/index.php\/wp-json\/wp\/v2\/categories?post=21297"},{"taxonomy":"post_tag","embeddable":true,"href":"https:\/\/haberkuzey.com\/index.php\/wp-json\/wp\/v2\/tags?post=21297"}],"curies":[{"name":"wp","href":"https:\/\/api.w.org\/{rel}","templated":true}]}}