{"id":21165,"date":"2025-04-02T09:38:49","date_gmt":"2025-04-02T06:38:49","guid":{"rendered":"https:\/\/haberkuzey.com\/index.php\/2025\/04\/02\/liderlerin-ara-bolgedeki-gorusmesi-basladi-2\/"},"modified":"2025-04-02T09:38:49","modified_gmt":"2025-04-02T06:38:49","slug":"liderlerin-ara-bolgedeki-gorusmesi-basladi-2","status":"publish","type":"post","link":"https:\/\/haberkuzey.com\/index.php\/2025\/04\/02\/liderlerin-ara-bolgedeki-gorusmesi-basladi-2\/","title":{"rendered":"Liderlerin ara b\u00f6lgedeki g\u00f6r\u00fc\u015fmesi ba\u015flad\u0131\u2026"},"content":{"rendered":"<div>\n<div class=\"mariselle-image-container center\">\n                                            <\/div>\n<p> Cenevre\u2019deki gayriresmi 5+1 toplant\u0131dan sonra K\u0131br\u0131s\u2019taki iki lider bu sabah bir araya geldi. Cumhurba\u015fkan\u0131 Ersin Tatar ve Rum Lider Nikos Hristodulidis\u2019in g\u00f6r\u00fc\u015fmesi saat 09.17\u2019de ba\u015flad\u0131. <\/p>\n<p>G\u00f6r\u00fc\u015fme BM karargah\u0131n\u0131n bulundu\u011fu ara b\u00f6lgede, ge\u00e7mi\u015fte de m\u00fczakerelerin yap\u0131ld\u0131\u011f\u0131 ve bir d\u00f6nem \u201cLefko\u015fa Konferans Merkezi\u201d diye isimlendirilen Birle\u015fmi\u015f Milletler (BM) Genel Sekreteri\u2019nin K\u0131br\u0131s \u00d6zel Temsilcisi\u2019nin Ofis binas\u0131nda ger\u00e7ekle\u015fiyor.<\/p>\n<p>Toplant\u0131 i\u00e7in Ofis binas\u0131 \u00f6n\u00fcnde bekleyen BM Genel Sekreteri\u2019nin K\u0131br\u0131s \u00d6zel Temsilcisi ve K\u0131br\u0131s\u2019taki Birle\u015fmi\u015f Milletler Bar\u0131\u015f G\u00fcc\u00fc (UNFICYP) Misyon \u015eefi Colin Stewart ve di\u011fer BM yetkilileri \u00f6nce merkeze ilk gelen Tatar\u2019\u0131, ard\u0131ndan da Hristodulidis\u2019i kar\u015f\u0131lad\u0131. <\/p>\n<p>Cumhurba\u015fkan\u0131 Tatar\u2019a Cumhurba\u015fkanl\u0131\u011f\u0131 \u00d6zel Temsilcisi G\u00fcne\u015f Onar, Hristodulidis\u2019e ise Rum m\u00fczakereci Menelaos Menelau e\u015flik ediyor.<\/p>\n<div class=\"mariselle-image-container center\">\n                <img decoding=\"async\" width=\"1068\" height=\"362\" class=\"lazy-image\" alt=\"\" sizes=\"(max-width: 1068px) 100vw, 1068px\" src=\"https:\/\/brtk.net\/wp-content\/uploads\/2025\/04\/02\/aaaaaaadd.jpg?ver=63ad06eb543248f1e6b2d402d94354ee\" srcset=\"https:\/\/brtk.net\/wp-content\/uploads\/2025\/04\/02\/aaaaaaadd.jpg?ver=63ad06eb543248f1e6b2d402d94354ee 1068w, https:\/\/brtk.net\/wp-content\/uploads\/2025\/04\/02\/aaaaaaadd-300x102.jpg?ver=63ad06eb543248f1e6b2d402d94354ee 300w, https:\/\/brtk.net\/wp-content\/uploads\/2025\/04\/02\/aaaaaaadd-1024x347.jpg?ver=63ad06eb543248f1e6b2d402d94354ee 1024w, https:\/\/brtk.net\/wp-content\/uploads\/2025\/04\/02\/aaaaaaadd-768x260.jpg?ver=63ad06eb543248f1e6b2d402d94354ee 768w\"\/>                            <\/div>\n<p>Kay\u0131p \u015eah\u0131slar Komitesi\u2019nin (K\u015eK) 1000\u2019inci toplant\u0131s\u0131 sebebiyle bug\u00fcn Ledra Palas\u2019ta d\u00fczenlenecek ve Stewart\u2019\u0131n da kat\u0131l\u0131m g\u00f6sterece\u011fi etkinli\u011fe kat\u0131lamayacak olan liderler, toplant\u0131dan \u00f6nce K\u015eK \u00fcyeleriyle foto\u011fraf i\u00e7in poz vererek Komite\u2019ye desteklerini belirtti.<\/p>\n<p>Cumhurba\u015fkan\u0131 Ersin Tatar g\u00f6r\u00fc\u015fmenin ard\u0131ndan saat 14.00\u2019te Cumhurba\u015fkanl\u0131\u011f\u0131\u2019nda bas\u0131na a\u00e7\u0131klama yapacak. \u0130ki lider en son Cenevre\u2019de 17-18 Mart tarihlerinde yap\u0131lan 5+1 gayriresmi K\u0131br\u0131s zirvesinde bir araya gelmi\u015fti. \u0130ki liderin bug\u00fcnk\u00fc toplant\u0131da Cenevre\u2019de ele al\u0131nan yeni kap\u0131lar ve G\u00fcven Yarat\u0131c\u0131 \u00d6nlemler gibi konular\u0131 ele almalar\u0131 bekleniyor.<\/p>\n<\/p><\/div>\n<p><script async\n                    defer\n                    crossorigin=\"anonymous\"\n                    src=\"https:\/\/connect.facebook.net\/tr_TR\/sdk.js#xfbml=1&#038;version=v3.3\"\n            ><\/script><\/p>\n","protected":false},"excerpt":{"rendered":"<p>Cenevre\u2019deki gayriresmi 5+1 toplant\u0131dan sonra K\u0131br\u0131s\u2019taki iki lider bu sabah bir araya geldi. Cumhurba\u015fkan\u0131 Ersin Tatar ve Rum Lider Nikos Hristodulidis\u2019in g\u00f6r\u00fc\u015fmesi saat 09.17\u2019de ba\u015flad\u0131. G\u00f6r\u00fc\u015fme BM karargah\u0131n\u0131n bulundu\u011fu ara b\u00f6lgede, ge\u00e7mi\u015fte de m\u00fczakerelerin yap\u0131ld\u0131\u011f\u0131 ve bir d\u00f6nem \u201cLefko\u015fa Konferans Merkezi\u201d diye isimlendirilen Birle\u015fmi\u015f Milletler (BM) Genel Sekreteri\u2019nin K\u0131br\u0131s \u00d6zel Temsilcisi\u2019nin Ofis binas\u0131nda ger\u00e7ekle\u015fiyor. Toplant\u0131 [&hellip;]<\/p>\n","protected":false},"author":1,"featured_media":21166,"comment_status":"open","ping_status":"open","sticky":false,"template":"","format":"standard","meta":{"jnews-multi-image_gallery":[],"jnews_single_post":[],"jnews_primary_category":[],"footnotes":""},"categories":[1],"tags":[],"class_list":["post-21165","post","type-post","status-publish","format-standard","has-post-thumbnail","hentry","category-kibris"],"yoast_head":"<!-- This site is optimized with the Yoast SEO plugin v27.5 - https:\/\/yoast.com\/product\/yoast-seo-wordpress\/ -->\n<title>Liderlerin ara b\u00f6lgedeki g\u00f6r\u00fc\u015fmesi ba\u015flad\u0131\u2026 - Haber Kuzey<\/title>\n<meta name=\"robots\" content=\"index, follow, max-snippet:-1, max-image-preview:large, max-video-preview:-1\" \/>\n<link rel=\"canonical\" href=\"https:\/\/haberkuzey.com\/index.php\/2025\/04\/02\/liderlerin-ara-bolgedeki-gorusmesi-basladi-2\/\" \/>\n<meta property=\"og:locale\" content=\"tr_TR\" \/>\n<meta property=\"og:type\" content=\"article\" \/>\n<meta property=\"og:title\" content=\"Liderlerin ara b\u00f6lgedeki g\u00f6r\u00fc\u015fmesi ba\u015flad\u0131\u2026 - Haber Kuzey\" \/>\n<meta property=\"og:description\" content=\"Cenevre\u2019deki gayriresmi 5+1 toplant\u0131dan sonra K\u0131br\u0131s\u2019taki iki lider bu sabah bir araya geldi. Cumhurba\u015fkan\u0131 Ersin Tatar ve Rum Lider Nikos Hristodulidis\u2019in g\u00f6r\u00fc\u015fmesi saat 09.17\u2019de ba\u015flad\u0131. G\u00f6r\u00fc\u015fme BM karargah\u0131n\u0131n bulundu\u011fu ara b\u00f6lgede, ge\u00e7mi\u015fte de m\u00fczakerelerin yap\u0131ld\u0131\u011f\u0131 ve bir d\u00f6nem \u201cLefko\u015fa Konferans Merkezi\u201d diye isimlendirilen Birle\u015fmi\u015f Milletler (BM) Genel Sekreteri\u2019nin K\u0131br\u0131s \u00d6zel Temsilcisi\u2019nin Ofis binas\u0131nda ger\u00e7ekle\u015fiyor. Toplant\u0131 [&hellip;]\" \/>\n<meta property=\"og:url\" content=\"https:\/\/haberkuzey.com\/index.php\/2025\/04\/02\/liderlerin-ara-bolgedeki-gorusmesi-basladi-2\/\" \/>\n<meta property=\"og:site_name\" content=\"Haber Kuzey\" \/>\n<meta property=\"article:published_time\" content=\"2025-04-02T06:38:49+00:00\" \/>\n<meta property=\"og:image\" content=\"https:\/\/brtk.net\/wp-content\/uploads\/2025\/04\/02\/asdasaaaaaaaaaaaaaaa.jpg?ver=1b6a925417db5abc1b5c0c702c4c9af8\" \/>\n<meta name=\"author\" content=\"haberkuzey\" \/>\n<meta name=\"twitter:card\" content=\"summary_large_image\" \/>\n<meta name=\"twitter:label1\" content=\"Yazan:\" \/>\n\t<meta name=\"twitter:data1\" content=\"haberkuzey\" \/>\n\t<meta name=\"twitter:label2\" content=\"Tahmini okuma s\u00fcresi\" \/>\n\t<meta name=\"twitter:data2\" content=\"1 dakika\" \/>\n<script type=\"application\/ld+json\" class=\"yoast-schema-graph\">{\"@context\":\"https:\\\/\\\/schema.org\",\"@graph\":[{\"@type\":\"Article\",\"@id\":\"https:\\\/\\\/haberkuzey.com\\\/index.php\\\/2025\\\/04\\\/02\\\/liderlerin-ara-bolgedeki-gorusmesi-basladi-2\\\/#article\",\"isPartOf\":{\"@id\":\"https:\\\/\\\/haberkuzey.com\\\/index.php\\\/2025\\\/04\\\/02\\\/liderlerin-ara-bolgedeki-gorusmesi-basladi-2\\\/\"},\"author\":{\"name\":\"haberkuzey\",\"@id\":\"https:\\\/\\\/haberkuzey.com\\\/#\\\/schema\\\/person\\\/3372109ec735f9333f4fa47ebb9605ca\"},\"headline\":\"Liderlerin ara b\u00f6lgedeki g\u00f6r\u00fc\u015fmesi ba\u015flad\u0131\u2026\",\"datePublished\":\"2025-04-02T06:38:49+00:00\",\"mainEntityOfPage\":{\"@id\":\"https:\\\/\\\/haberkuzey.com\\\/index.php\\\/2025\\\/04\\\/02\\\/liderlerin-ara-bolgedeki-gorusmesi-basladi-2\\\/\"},\"wordCount\":279,\"commentCount\":0,\"image\":{\"@id\":\"https:\\\/\\\/haberkuzey.com\\\/index.php\\\/2025\\\/04\\\/02\\\/liderlerin-ara-bolgedeki-gorusmesi-basladi-2\\\/#primaryimage\"},\"thumbnailUrl\":\"https:\\\/\\\/haberkuzey.com\\\/wp-content\\\/uploads\\\/2025\\\/04\\\/asdasaaaaaaaaaaaaaaa.jpg\",\"articleSection\":[\"K\u0131br\u0131s\"],\"inLanguage\":\"tr\",\"potentialAction\":[{\"@type\":\"CommentAction\",\"name\":\"Comment\",\"target\":[\"https:\\\/\\\/haberkuzey.com\\\/index.php\\\/2025\\\/04\\\/02\\\/liderlerin-ara-bolgedeki-gorusmesi-basladi-2\\\/#respond\"]}]},{\"@type\":\"WebPage\",\"@id\":\"https:\\\/\\\/haberkuzey.com\\\/index.php\\\/2025\\\/04\\\/02\\\/liderlerin-ara-bolgedeki-gorusmesi-basladi-2\\\/\",\"url\":\"https:\\\/\\\/haberkuzey.com\\\/index.php\\\/2025\\\/04\\\/02\\\/liderlerin-ara-bolgedeki-gorusmesi-basladi-2\\\/\",\"name\":\"Liderlerin ara b\u00f6lgedeki g\u00f6r\u00fc\u015fmesi ba\u015flad\u0131\u2026 - Haber Kuzey\",\"isPartOf\":{\"@id\":\"https:\\\/\\\/haberkuzey.com\\\/#website\"},\"primaryImageOfPage\":{\"@id\":\"https:\\\/\\\/haberkuzey.com\\\/index.php\\\/2025\\\/04\\\/02\\\/liderlerin-ara-bolgedeki-gorusmesi-basladi-2\\\/#primaryimage\"},\"image\":{\"@id\":\"https:\\\/\\\/haberkuzey.com\\\/index.php\\\/2025\\\/04\\\/02\\\/liderlerin-ara-bolgedeki-gorusmesi-basladi-2\\\/#primaryimage\"},\"thumbnailUrl\":\"https:\\\/\\\/haberkuzey.com\\\/wp-content\\\/uploads\\\/2025\\\/04\\\/asdasaaaaaaaaaaaaaaa.jpg\",\"datePublished\":\"2025-04-02T06:38:49+00:00\",\"author\":{\"@id\":\"https:\\\/\\\/haberkuzey.com\\\/#\\\/schema\\\/person\\\/3372109ec735f9333f4fa47ebb9605ca\"},\"breadcrumb\":{\"@id\":\"https:\\\/\\\/haberkuzey.com\\\/index.php\\\/2025\\\/04\\\/02\\\/liderlerin-ara-bolgedeki-gorusmesi-basladi-2\\\/#breadcrumb\"},\"inLanguage\":\"tr\",\"potentialAction\":[{\"@type\":\"ReadAction\",\"target\":[\"https:\\\/\\\/haberkuzey.com\\\/index.php\\\/2025\\\/04\\\/02\\\/liderlerin-ara-bolgedeki-gorusmesi-basladi-2\\\/\"]}]},{\"@type\":\"ImageObject\",\"inLanguage\":\"tr\",\"@id\":\"https:\\\/\\\/haberkuzey.com\\\/index.php\\\/2025\\\/04\\\/02\\\/liderlerin-ara-bolgedeki-gorusmesi-basladi-2\\\/#primaryimage\",\"url\":\"https:\\\/\\\/haberkuzey.com\\\/wp-content\\\/uploads\\\/2025\\\/04\\\/asdasaaaaaaaaaaaaaaa.jpg\",\"contentUrl\":\"https:\\\/\\\/haberkuzey.com\\\/wp-content\\\/uploads\\\/2025\\\/04\\\/asdasaaaaaaaaaaaaaaa.jpg\",\"width\":828,\"height\":399},{\"@type\":\"BreadcrumbList\",\"@id\":\"https:\\\/\\\/haberkuzey.com\\\/index.php\\\/2025\\\/04\\\/02\\\/liderlerin-ara-bolgedeki-gorusmesi-basladi-2\\\/#breadcrumb\",\"itemListElement\":[{\"@type\":\"ListItem\",\"position\":1,\"name\":\"Anasayfa\",\"item\":\"https:\\\/\\\/haberkuzey.com\\\/\"},{\"@type\":\"ListItem\",\"position\":2,\"name\":\"Liderlerin ara b\u00f6lgedeki g\u00f6r\u00fc\u015fmesi ba\u015flad\u0131\u2026\"}]},{\"@type\":\"WebSite\",\"@id\":\"https:\\\/\\\/haberkuzey.com\\\/#website\",\"url\":\"https:\\\/\\\/haberkuzey.com\\\/\",\"name\":\"Haber Kuzey\",\"description\":\"Do\u011fru Haberin Adresi\",\"potentialAction\":[{\"@type\":\"SearchAction\",\"target\":{\"@type\":\"EntryPoint\",\"urlTemplate\":\"https:\\\/\\\/haberkuzey.com\\\/?s={search_term_string}\"},\"query-input\":{\"@type\":\"PropertyValueSpecification\",\"valueRequired\":true,\"valueName\":\"search_term_string\"}}],\"inLanguage\":\"tr\"},{\"@type\":\"Person\",\"@id\":\"https:\\\/\\\/haberkuzey.com\\\/#\\\/schema\\\/person\\\/3372109ec735f9333f4fa47ebb9605ca\",\"name\":\"haberkuzey\",\"image\":{\"@type\":\"ImageObject\",\"inLanguage\":\"tr\",\"@id\":\"https:\\\/\\\/secure.gravatar.com\\\/avatar\\\/f5fc875574b1575324358c3b9e6a32b8227aa5b74f3fa22e3cadb63e26fcc39c?s=96&d=mm&r=g\",\"url\":\"https:\\\/\\\/secure.gravatar.com\\\/avatar\\\/f5fc875574b1575324358c3b9e6a32b8227aa5b74f3fa22e3cadb63e26fcc39c?s=96&d=mm&r=g\",\"contentUrl\":\"https:\\\/\\\/secure.gravatar.com\\\/avatar\\\/f5fc875574b1575324358c3b9e6a32b8227aa5b74f3fa22e3cadb63e26fcc39c?s=96&d=mm&r=g\",\"caption\":\"haberkuzey\"},\"sameAs\":[\"https:\\\/\\\/haberkuzey.com\"],\"url\":\"https:\\\/\\\/haberkuzey.com\\\/index.php\\\/author\\\/haberkuzey\\\/\"}]}<\/script>\n<!-- \/ Yoast SEO plugin. -->","yoast_head_json":{"title":"Liderlerin ara b\u00f6lgedeki g\u00f6r\u00fc\u015fmesi ba\u015flad\u0131\u2026 - Haber Kuzey","robots":{"index":"index","follow":"follow","max-snippet":"max-snippet:-1","max-image-preview":"max-image-preview:large","max-video-preview":"max-video-preview:-1"},"canonical":"https:\/\/haberkuzey.com\/index.php\/2025\/04\/02\/liderlerin-ara-bolgedeki-gorusmesi-basladi-2\/","og_locale":"tr_TR","og_type":"article","og_title":"Liderlerin ara b\u00f6lgedeki g\u00f6r\u00fc\u015fmesi ba\u015flad\u0131\u2026 - Haber Kuzey","og_description":"Cenevre\u2019deki gayriresmi 5+1 toplant\u0131dan sonra K\u0131br\u0131s\u2019taki iki lider bu sabah bir araya geldi. Cumhurba\u015fkan\u0131 Ersin Tatar ve Rum Lider Nikos Hristodulidis\u2019in g\u00f6r\u00fc\u015fmesi saat 09.17\u2019de ba\u015flad\u0131. G\u00f6r\u00fc\u015fme BM karargah\u0131n\u0131n bulundu\u011fu ara b\u00f6lgede, ge\u00e7mi\u015fte de m\u00fczakerelerin yap\u0131ld\u0131\u011f\u0131 ve bir d\u00f6nem \u201cLefko\u015fa Konferans Merkezi\u201d diye isimlendirilen Birle\u015fmi\u015f Milletler (BM) Genel Sekreteri\u2019nin K\u0131br\u0131s \u00d6zel Temsilcisi\u2019nin Ofis binas\u0131nda ger\u00e7ekle\u015fiyor. Toplant\u0131 [&hellip;]","og_url":"https:\/\/haberkuzey.com\/index.php\/2025\/04\/02\/liderlerin-ara-bolgedeki-gorusmesi-basladi-2\/","og_site_name":"Haber Kuzey","article_published_time":"2025-04-02T06:38:49+00:00","og_image":[{"url":"https:\/\/brtk.net\/wp-content\/uploads\/2025\/04\/02\/asdasaaaaaaaaaaaaaaa.jpg?ver=1b6a925417db5abc1b5c0c702c4c9af8","type":"","width":"","height":""}],"author":"haberkuzey","twitter_card":"summary_large_image","twitter_misc":{"Yazan:":"haberkuzey","Tahmini okuma s\u00fcresi":"1 dakika"},"schema":{"@context":"https:\/\/schema.org","@graph":[{"@type":"Article","@id":"https:\/\/haberkuzey.com\/index.php\/2025\/04\/02\/liderlerin-ara-bolgedeki-gorusmesi-basladi-2\/#article","isPartOf":{"@id":"https:\/\/haberkuzey.com\/index.php\/2025\/04\/02\/liderlerin-ara-bolgedeki-gorusmesi-basladi-2\/"},"author":{"name":"haberkuzey","@id":"https:\/\/haberkuzey.com\/#\/schema\/person\/3372109ec735f9333f4fa47ebb9605ca"},"headline":"Liderlerin ara b\u00f6lgedeki g\u00f6r\u00fc\u015fmesi ba\u015flad\u0131\u2026","datePublished":"2025-04-02T06:38:49+00:00","mainEntityOfPage":{"@id":"https:\/\/haberkuzey.com\/index.php\/2025\/04\/02\/liderlerin-ara-bolgedeki-gorusmesi-basladi-2\/"},"wordCount":279,"commentCount":0,"image":{"@id":"https:\/\/haberkuzey.com\/index.php\/2025\/04\/02\/liderlerin-ara-bolgedeki-gorusmesi-basladi-2\/#primaryimage"},"thumbnailUrl":"https:\/\/haberkuzey.com\/wp-content\/uploads\/2025\/04\/asdasaaaaaaaaaaaaaaa.jpg","articleSection":["K\u0131br\u0131s"],"inLanguage":"tr","potentialAction":[{"@type":"CommentAction","name":"Comment","target":["https:\/\/haberkuzey.com\/index.php\/2025\/04\/02\/liderlerin-ara-bolgedeki-gorusmesi-basladi-2\/#respond"]}]},{"@type":"WebPage","@id":"https:\/\/haberkuzey.com\/index.php\/2025\/04\/02\/liderlerin-ara-bolgedeki-gorusmesi-basladi-2\/","url":"https:\/\/haberkuzey.com\/index.php\/2025\/04\/02\/liderlerin-ara-bolgedeki-gorusmesi-basladi-2\/","name":"Liderlerin ara b\u00f6lgedeki g\u00f6r\u00fc\u015fmesi ba\u015flad\u0131\u2026 - Haber Kuzey","isPartOf":{"@id":"https:\/\/haberkuzey.com\/#website"},"primaryImageOfPage":{"@id":"https:\/\/haberkuzey.com\/index.php\/2025\/04\/02\/liderlerin-ara-bolgedeki-gorusmesi-basladi-2\/#primaryimage"},"image":{"@id":"https:\/\/haberkuzey.com\/index.php\/2025\/04\/02\/liderlerin-ara-bolgedeki-gorusmesi-basladi-2\/#primaryimage"},"thumbnailUrl":"https:\/\/haberkuzey.com\/wp-content\/uploads\/2025\/04\/asdasaaaaaaaaaaaaaaa.jpg","datePublished":"2025-04-02T06:38:49+00:00","author":{"@id":"https:\/\/haberkuzey.com\/#\/schema\/person\/3372109ec735f9333f4fa47ebb9605ca"},"breadcrumb":{"@id":"https:\/\/haberkuzey.com\/index.php\/2025\/04\/02\/liderlerin-ara-bolgedeki-gorusmesi-basladi-2\/#breadcrumb"},"inLanguage":"tr","potentialAction":[{"@type":"ReadAction","target":["https:\/\/haberkuzey.com\/index.php\/2025\/04\/02\/liderlerin-ara-bolgedeki-gorusmesi-basladi-2\/"]}]},{"@type":"ImageObject","inLanguage":"tr","@id":"https:\/\/haberkuzey.com\/index.php\/2025\/04\/02\/liderlerin-ara-bolgedeki-gorusmesi-basladi-2\/#primaryimage","url":"https:\/\/haberkuzey.com\/wp-content\/uploads\/2025\/04\/asdasaaaaaaaaaaaaaaa.jpg","contentUrl":"https:\/\/haberkuzey.com\/wp-content\/uploads\/2025\/04\/asdasaaaaaaaaaaaaaaa.jpg","width":828,"height":399},{"@type":"BreadcrumbList","@id":"https:\/\/haberkuzey.com\/index.php\/2025\/04\/02\/liderlerin-ara-bolgedeki-gorusmesi-basladi-2\/#breadcrumb","itemListElement":[{"@type":"ListItem","position":1,"name":"Anasayfa","item":"https:\/\/haberkuzey.com\/"},{"@type":"ListItem","position":2,"name":"Liderlerin ara b\u00f6lgedeki g\u00f6r\u00fc\u015fmesi ba\u015flad\u0131\u2026"}]},{"@type":"WebSite","@id":"https:\/\/haberkuzey.com\/#website","url":"https:\/\/haberkuzey.com\/","name":"Haber Kuzey","description":"Do\u011fru Haberin Adresi","potentialAction":[{"@type":"SearchAction","target":{"@type":"EntryPoint","urlTemplate":"https:\/\/haberkuzey.com\/?s={search_term_string}"},"query-input":{"@type":"PropertyValueSpecification","valueRequired":true,"valueName":"search_term_string"}}],"inLanguage":"tr"},{"@type":"Person","@id":"https:\/\/haberkuzey.com\/#\/schema\/person\/3372109ec735f9333f4fa47ebb9605ca","name":"haberkuzey","image":{"@type":"ImageObject","inLanguage":"tr","@id":"https:\/\/secure.gravatar.com\/avatar\/f5fc875574b1575324358c3b9e6a32b8227aa5b74f3fa22e3cadb63e26fcc39c?s=96&d=mm&r=g","url":"https:\/\/secure.gravatar.com\/avatar\/f5fc875574b1575324358c3b9e6a32b8227aa5b74f3fa22e3cadb63e26fcc39c?s=96&d=mm&r=g","contentUrl":"https:\/\/secure.gravatar.com\/avatar\/f5fc875574b1575324358c3b9e6a32b8227aa5b74f3fa22e3cadb63e26fcc39c?s=96&d=mm&r=g","caption":"haberkuzey"},"sameAs":["https:\/\/haberkuzey.com"],"url":"https:\/\/haberkuzey.com\/index.php\/author\/haberkuzey\/"}]}},"_links":{"self":[{"href":"https:\/\/haberkuzey.com\/index.php\/wp-json\/wp\/v2\/posts\/21165","targetHints":{"allow":["GET"]}}],"collection":[{"href":"https:\/\/haberkuzey.com\/index.php\/wp-json\/wp\/v2\/posts"}],"about":[{"href":"https:\/\/haberkuzey.com\/index.php\/wp-json\/wp\/v2\/types\/post"}],"author":[{"embeddable":true,"href":"https:\/\/haberkuzey.com\/index.php\/wp-json\/wp\/v2\/users\/1"}],"replies":[{"embeddable":true,"href":"https:\/\/haberkuzey.com\/index.php\/wp-json\/wp\/v2\/comments?post=21165"}],"version-history":[{"count":0,"href":"https:\/\/haberkuzey.com\/index.php\/wp-json\/wp\/v2\/posts\/21165\/revisions"}],"wp:featuredmedia":[{"embeddable":true,"href":"https:\/\/haberkuzey.com\/index.php\/wp-json\/wp\/v2\/media\/21166"}],"wp:attachment":[{"href":"https:\/\/haberkuzey.com\/index.php\/wp-json\/wp\/v2\/media?parent=21165"}],"wp:term":[{"taxonomy":"category","embeddable":true,"href":"https:\/\/haberkuzey.com\/index.php\/wp-json\/wp\/v2\/categories?post=21165"},{"taxonomy":"post_tag","embeddable":true,"href":"https:\/\/haberkuzey.com\/index.php\/wp-json\/wp\/v2\/tags?post=21165"}],"curies":[{"name":"wp","href":"https:\/\/api.w.org\/{rel}","templated":true}]}}