{"id":21107,"date":"2025-03-31T17:57:55","date_gmt":"2025-03-31T14:57:55","guid":{"rendered":"https:\/\/haberkuzey.com\/index.php\/2025\/03\/31\/basbakan-ustel-kibris-ve-kibrisli-asigi-volkan-konakin-vedasi-derinden-uzdu\/"},"modified":"2025-03-31T17:57:55","modified_gmt":"2025-03-31T14:57:55","slug":"basbakan-ustel-kibris-ve-kibrisli-asigi-volkan-konakin-vedasi-derinden-uzdu","status":"publish","type":"post","link":"https:\/\/haberkuzey.com\/index.php\/2025\/03\/31\/basbakan-ustel-kibris-ve-kibrisli-asigi-volkan-konakin-vedasi-derinden-uzdu\/","title":{"rendered":"Ba\u015fbakan \u00dcstel: K\u0131br\u0131s ve K\u0131br\u0131sl\u0131 a\u015f\u0131\u011f\u0131  Volkan Konak\u2019\u0131n vedas\u0131 derinden \u00fczd\u00fc"},"content":{"rendered":"<div>\n<div class=\"mariselle-image-container center\">\n                                            <\/div>\n<p>Ba\u015fbakan \u00dcnal \u00dcstel, \u00fcnl\u00fc sanat\u00e7\u0131 Volkan Konak\u2019\u0131n sahnede ge\u00e7irdi\u011fi rahats\u0131zl\u0131k sonucu hayat\u0131n\u0131 kaybetmesinin ard\u0131ndan mesaj yay\u0131mlad\u0131. <\/p>\n<p>\u00dcstel mesaj\u0131nda, \u201cK\u0131br\u0131s T\u00fcrk Halk\u0131\u2019n\u0131n ezgilerini repertuarlar\u0131na alarak d\u00fcnyaya duyuran, Kuzeyin o\u011flu ismine uygun olarak T\u00fcrkiye\u2019nin Kuzeyi Karadenizle, K\u0131br\u0131s\u2019\u0131n Kuzeyini adeta kucakla\u015ft\u0131ran, K\u0131br\u0131s ve K\u0131br\u0131sl\u0131 a\u015f\u0131\u011f\u0131 \u00fcnl\u00fc ses sanat\u00e7\u0131s\u0131 Volkan Konak\u2019\u0131n, \u00e7ok sevdi\u011fi \u00fclkemizde sahnede ge\u00e7irdi\u011fi kalp krizi sonucu t\u00fcm sevenlerine zamans\u0131z vedas\u0131 bizleri derinden \u00fczm\u00fc\u015ft\u00fcr\u201d ifadelerini kulland\u0131.  <\/p>\n<p>Volkan Konak\u2019a Allah\u2019tan rahmet dileyen Ba\u015fbakan \u00dcstel, \u201cmilletimize ve t\u00fcm sevenlerine ba\u015fsa\u011fl\u0131\u011f\u0131 diliyorum\u201d dedi.<\/p>\n<\/p><\/div>\n<p><script async\n                    defer\n                    crossorigin=\"anonymous\"\n                    src=\"https:\/\/connect.facebook.net\/tr_TR\/sdk.js#xfbml=1&#038;version=v3.3\"\n            ><\/script><\/p>\n","protected":false},"excerpt":{"rendered":"<p>Ba\u015fbakan \u00dcnal \u00dcstel, \u00fcnl\u00fc sanat\u00e7\u0131 Volkan Konak\u2019\u0131n sahnede ge\u00e7irdi\u011fi rahats\u0131zl\u0131k sonucu hayat\u0131n\u0131 kaybetmesinin ard\u0131ndan mesaj yay\u0131mlad\u0131. \u00dcstel mesaj\u0131nda, \u201cK\u0131br\u0131s T\u00fcrk Halk\u0131\u2019n\u0131n ezgilerini repertuarlar\u0131na alarak d\u00fcnyaya duyuran, Kuzeyin o\u011flu ismine uygun olarak T\u00fcrkiye\u2019nin Kuzeyi Karadenizle, K\u0131br\u0131s\u2019\u0131n Kuzeyini adeta kucakla\u015ft\u0131ran, K\u0131br\u0131s ve K\u0131br\u0131sl\u0131 a\u015f\u0131\u011f\u0131 \u00fcnl\u00fc ses sanat\u00e7\u0131s\u0131 Volkan Konak\u2019\u0131n, \u00e7ok sevdi\u011fi \u00fclkemizde sahnede ge\u00e7irdi\u011fi kalp krizi sonucu [&hellip;]<\/p>\n","protected":false},"author":1,"featured_media":11467,"comment_status":"open","ping_status":"open","sticky":false,"template":"","format":"standard","meta":{"jnews-multi-image_gallery":[],"jnews_single_post":[],"jnews_primary_category":[],"footnotes":""},"categories":[2],"tags":[],"class_list":["post-21107","post","type-post","status-publish","format-standard","has-post-thumbnail","hentry","category-dunya"],"yoast_head":"<!-- This site is optimized with the Yoast SEO plugin v27.5 - https:\/\/yoast.com\/product\/yoast-seo-wordpress\/ -->\n<title>Ba\u015fbakan \u00dcstel: K\u0131br\u0131s ve K\u0131br\u0131sl\u0131 a\u015f\u0131\u011f\u0131 Volkan Konak\u2019\u0131n vedas\u0131 derinden \u00fczd\u00fc - Haber Kuzey<\/title>\n<meta name=\"robots\" content=\"index, follow, max-snippet:-1, max-image-preview:large, max-video-preview:-1\" \/>\n<link rel=\"canonical\" href=\"https:\/\/haberkuzey.com\/index.php\/2025\/03\/31\/basbakan-ustel-kibris-ve-kibrisli-asigi-volkan-konakin-vedasi-derinden-uzdu\/\" \/>\n<meta property=\"og:locale\" content=\"tr_TR\" \/>\n<meta property=\"og:type\" content=\"article\" \/>\n<meta property=\"og:title\" content=\"Ba\u015fbakan \u00dcstel: K\u0131br\u0131s ve K\u0131br\u0131sl\u0131 a\u015f\u0131\u011f\u0131 Volkan Konak\u2019\u0131n vedas\u0131 derinden \u00fczd\u00fc - Haber Kuzey\" \/>\n<meta property=\"og:description\" content=\"Ba\u015fbakan \u00dcnal \u00dcstel, \u00fcnl\u00fc sanat\u00e7\u0131 Volkan Konak\u2019\u0131n sahnede ge\u00e7irdi\u011fi rahats\u0131zl\u0131k sonucu hayat\u0131n\u0131 kaybetmesinin ard\u0131ndan mesaj yay\u0131mlad\u0131. \u00dcstel mesaj\u0131nda, \u201cK\u0131br\u0131s T\u00fcrk Halk\u0131\u2019n\u0131n ezgilerini repertuarlar\u0131na alarak d\u00fcnyaya duyuran, Kuzeyin o\u011flu ismine uygun olarak T\u00fcrkiye\u2019nin Kuzeyi Karadenizle, K\u0131br\u0131s\u2019\u0131n Kuzeyini adeta kucakla\u015ft\u0131ran, K\u0131br\u0131s ve K\u0131br\u0131sl\u0131 a\u015f\u0131\u011f\u0131 \u00fcnl\u00fc ses sanat\u00e7\u0131s\u0131 Volkan Konak\u2019\u0131n, \u00e7ok sevdi\u011fi \u00fclkemizde sahnede ge\u00e7irdi\u011fi kalp krizi sonucu [&hellip;]\" \/>\n<meta property=\"og:url\" content=\"https:\/\/haberkuzey.com\/index.php\/2025\/03\/31\/basbakan-ustel-kibris-ve-kibrisli-asigi-volkan-konakin-vedasi-derinden-uzdu\/\" \/>\n<meta property=\"og:site_name\" content=\"Haber Kuzey\" \/>\n<meta property=\"article:published_time\" content=\"2025-03-31T14:57:55+00:00\" \/>\n<meta property=\"og:image\" content=\"https:\/\/brtk.net\/wp-content\/uploads\/2024\/11\/06\/UNAL-USTEL-YAZI-YAZARKEN-2.png?ver=33fbfc5ecb922c66c2f49029db2c92e3\" \/>\n<meta name=\"author\" content=\"haberkuzey\" \/>\n<meta name=\"twitter:card\" content=\"summary_large_image\" \/>\n<meta name=\"twitter:label1\" content=\"Yazan:\" \/>\n\t<meta name=\"twitter:data1\" content=\"haberkuzey\" \/>\n\t<meta name=\"twitter:label2\" content=\"Tahmini okuma s\u00fcresi\" \/>\n\t<meta name=\"twitter:data2\" content=\"1 dakika\" \/>\n<script type=\"application\/ld+json\" class=\"yoast-schema-graph\">{\"@context\":\"https:\\\/\\\/schema.org\",\"@graph\":[{\"@type\":\"Article\",\"@id\":\"https:\\\/\\\/haberkuzey.com\\\/index.php\\\/2025\\\/03\\\/31\\\/basbakan-ustel-kibris-ve-kibrisli-asigi-volkan-konakin-vedasi-derinden-uzdu\\\/#article\",\"isPartOf\":{\"@id\":\"https:\\\/\\\/haberkuzey.com\\\/index.php\\\/2025\\\/03\\\/31\\\/basbakan-ustel-kibris-ve-kibrisli-asigi-volkan-konakin-vedasi-derinden-uzdu\\\/\"},\"author\":{\"name\":\"haberkuzey\",\"@id\":\"https:\\\/\\\/haberkuzey.com\\\/#\\\/schema\\\/person\\\/3372109ec735f9333f4fa47ebb9605ca\"},\"headline\":\"Ba\u015fbakan \u00dcstel: K\u0131br\u0131s ve K\u0131br\u0131sl\u0131 a\u015f\u0131\u011f\u0131 Volkan Konak\u2019\u0131n vedas\u0131 derinden \u00fczd\u00fc\",\"datePublished\":\"2025-03-31T14:57:55+00:00\",\"mainEntityOfPage\":{\"@id\":\"https:\\\/\\\/haberkuzey.com\\\/index.php\\\/2025\\\/03\\\/31\\\/basbakan-ustel-kibris-ve-kibrisli-asigi-volkan-konakin-vedasi-derinden-uzdu\\\/\"},\"wordCount\":139,\"commentCount\":0,\"image\":{\"@id\":\"https:\\\/\\\/haberkuzey.com\\\/index.php\\\/2025\\\/03\\\/31\\\/basbakan-ustel-kibris-ve-kibrisli-asigi-volkan-konakin-vedasi-derinden-uzdu\\\/#primaryimage\"},\"thumbnailUrl\":\"https:\\\/\\\/haberkuzey.com\\\/wp-content\\\/uploads\\\/2024\\\/10\\\/UNAL-USTEL-YAZI-YAZARKEN-1.png\",\"articleSection\":[\"D\u00fcnya\"],\"inLanguage\":\"tr\",\"potentialAction\":[{\"@type\":\"CommentAction\",\"name\":\"Comment\",\"target\":[\"https:\\\/\\\/haberkuzey.com\\\/index.php\\\/2025\\\/03\\\/31\\\/basbakan-ustel-kibris-ve-kibrisli-asigi-volkan-konakin-vedasi-derinden-uzdu\\\/#respond\"]}]},{\"@type\":\"WebPage\",\"@id\":\"https:\\\/\\\/haberkuzey.com\\\/index.php\\\/2025\\\/03\\\/31\\\/basbakan-ustel-kibris-ve-kibrisli-asigi-volkan-konakin-vedasi-derinden-uzdu\\\/\",\"url\":\"https:\\\/\\\/haberkuzey.com\\\/index.php\\\/2025\\\/03\\\/31\\\/basbakan-ustel-kibris-ve-kibrisli-asigi-volkan-konakin-vedasi-derinden-uzdu\\\/\",\"name\":\"Ba\u015fbakan \u00dcstel: K\u0131br\u0131s ve K\u0131br\u0131sl\u0131 a\u015f\u0131\u011f\u0131 Volkan Konak\u2019\u0131n vedas\u0131 derinden \u00fczd\u00fc - Haber Kuzey\",\"isPartOf\":{\"@id\":\"https:\\\/\\\/haberkuzey.com\\\/#website\"},\"primaryImageOfPage\":{\"@id\":\"https:\\\/\\\/haberkuzey.com\\\/index.php\\\/2025\\\/03\\\/31\\\/basbakan-ustel-kibris-ve-kibrisli-asigi-volkan-konakin-vedasi-derinden-uzdu\\\/#primaryimage\"},\"image\":{\"@id\":\"https:\\\/\\\/haberkuzey.com\\\/index.php\\\/2025\\\/03\\\/31\\\/basbakan-ustel-kibris-ve-kibrisli-asigi-volkan-konakin-vedasi-derinden-uzdu\\\/#primaryimage\"},\"thumbnailUrl\":\"https:\\\/\\\/haberkuzey.com\\\/wp-content\\\/uploads\\\/2024\\\/10\\\/UNAL-USTEL-YAZI-YAZARKEN-1.png\",\"datePublished\":\"2025-03-31T14:57:55+00:00\",\"author\":{\"@id\":\"https:\\\/\\\/haberkuzey.com\\\/#\\\/schema\\\/person\\\/3372109ec735f9333f4fa47ebb9605ca\"},\"breadcrumb\":{\"@id\":\"https:\\\/\\\/haberkuzey.com\\\/index.php\\\/2025\\\/03\\\/31\\\/basbakan-ustel-kibris-ve-kibrisli-asigi-volkan-konakin-vedasi-derinden-uzdu\\\/#breadcrumb\"},\"inLanguage\":\"tr\",\"potentialAction\":[{\"@type\":\"ReadAction\",\"target\":[\"https:\\\/\\\/haberkuzey.com\\\/index.php\\\/2025\\\/03\\\/31\\\/basbakan-ustel-kibris-ve-kibrisli-asigi-volkan-konakin-vedasi-derinden-uzdu\\\/\"]}]},{\"@type\":\"ImageObject\",\"inLanguage\":\"tr\",\"@id\":\"https:\\\/\\\/haberkuzey.com\\\/index.php\\\/2025\\\/03\\\/31\\\/basbakan-ustel-kibris-ve-kibrisli-asigi-volkan-konakin-vedasi-derinden-uzdu\\\/#primaryimage\",\"url\":\"https:\\\/\\\/haberkuzey.com\\\/wp-content\\\/uploads\\\/2024\\\/10\\\/UNAL-USTEL-YAZI-YAZARKEN-1.png\",\"contentUrl\":\"https:\\\/\\\/haberkuzey.com\\\/wp-content\\\/uploads\\\/2024\\\/10\\\/UNAL-USTEL-YAZI-YAZARKEN-1.png\",\"width\":1849,\"height\":1040},{\"@type\":\"BreadcrumbList\",\"@id\":\"https:\\\/\\\/haberkuzey.com\\\/index.php\\\/2025\\\/03\\\/31\\\/basbakan-ustel-kibris-ve-kibrisli-asigi-volkan-konakin-vedasi-derinden-uzdu\\\/#breadcrumb\",\"itemListElement\":[{\"@type\":\"ListItem\",\"position\":1,\"name\":\"Anasayfa\",\"item\":\"https:\\\/\\\/haberkuzey.com\\\/\"},{\"@type\":\"ListItem\",\"position\":2,\"name\":\"Ba\u015fbakan \u00dcstel: K\u0131br\u0131s ve K\u0131br\u0131sl\u0131 a\u015f\u0131\u011f\u0131 Volkan Konak\u2019\u0131n vedas\u0131 derinden \u00fczd\u00fc\"}]},{\"@type\":\"WebSite\",\"@id\":\"https:\\\/\\\/haberkuzey.com\\\/#website\",\"url\":\"https:\\\/\\\/haberkuzey.com\\\/\",\"name\":\"Haber Kuzey\",\"description\":\"Do\u011fru Haberin Adresi\",\"potentialAction\":[{\"@type\":\"SearchAction\",\"target\":{\"@type\":\"EntryPoint\",\"urlTemplate\":\"https:\\\/\\\/haberkuzey.com\\\/?s={search_term_string}\"},\"query-input\":{\"@type\":\"PropertyValueSpecification\",\"valueRequired\":true,\"valueName\":\"search_term_string\"}}],\"inLanguage\":\"tr\"},{\"@type\":\"Person\",\"@id\":\"https:\\\/\\\/haberkuzey.com\\\/#\\\/schema\\\/person\\\/3372109ec735f9333f4fa47ebb9605ca\",\"name\":\"haberkuzey\",\"image\":{\"@type\":\"ImageObject\",\"inLanguage\":\"tr\",\"@id\":\"https:\\\/\\\/secure.gravatar.com\\\/avatar\\\/f5fc875574b1575324358c3b9e6a32b8227aa5b74f3fa22e3cadb63e26fcc39c?s=96&d=mm&r=g\",\"url\":\"https:\\\/\\\/secure.gravatar.com\\\/avatar\\\/f5fc875574b1575324358c3b9e6a32b8227aa5b74f3fa22e3cadb63e26fcc39c?s=96&d=mm&r=g\",\"contentUrl\":\"https:\\\/\\\/secure.gravatar.com\\\/avatar\\\/f5fc875574b1575324358c3b9e6a32b8227aa5b74f3fa22e3cadb63e26fcc39c?s=96&d=mm&r=g\",\"caption\":\"haberkuzey\"},\"sameAs\":[\"https:\\\/\\\/haberkuzey.com\"],\"url\":\"https:\\\/\\\/haberkuzey.com\\\/index.php\\\/author\\\/haberkuzey\\\/\"}]}<\/script>\n<!-- \/ Yoast SEO plugin. -->","yoast_head_json":{"title":"Ba\u015fbakan \u00dcstel: K\u0131br\u0131s ve K\u0131br\u0131sl\u0131 a\u015f\u0131\u011f\u0131 Volkan Konak\u2019\u0131n vedas\u0131 derinden \u00fczd\u00fc - Haber Kuzey","robots":{"index":"index","follow":"follow","max-snippet":"max-snippet:-1","max-image-preview":"max-image-preview:large","max-video-preview":"max-video-preview:-1"},"canonical":"https:\/\/haberkuzey.com\/index.php\/2025\/03\/31\/basbakan-ustel-kibris-ve-kibrisli-asigi-volkan-konakin-vedasi-derinden-uzdu\/","og_locale":"tr_TR","og_type":"article","og_title":"Ba\u015fbakan \u00dcstel: K\u0131br\u0131s ve K\u0131br\u0131sl\u0131 a\u015f\u0131\u011f\u0131 Volkan Konak\u2019\u0131n vedas\u0131 derinden \u00fczd\u00fc - Haber Kuzey","og_description":"Ba\u015fbakan \u00dcnal \u00dcstel, \u00fcnl\u00fc sanat\u00e7\u0131 Volkan Konak\u2019\u0131n sahnede ge\u00e7irdi\u011fi rahats\u0131zl\u0131k sonucu hayat\u0131n\u0131 kaybetmesinin ard\u0131ndan mesaj yay\u0131mlad\u0131. \u00dcstel mesaj\u0131nda, \u201cK\u0131br\u0131s T\u00fcrk Halk\u0131\u2019n\u0131n ezgilerini repertuarlar\u0131na alarak d\u00fcnyaya duyuran, Kuzeyin o\u011flu ismine uygun olarak T\u00fcrkiye\u2019nin Kuzeyi Karadenizle, K\u0131br\u0131s\u2019\u0131n Kuzeyini adeta kucakla\u015ft\u0131ran, K\u0131br\u0131s ve K\u0131br\u0131sl\u0131 a\u015f\u0131\u011f\u0131 \u00fcnl\u00fc ses sanat\u00e7\u0131s\u0131 Volkan Konak\u2019\u0131n, \u00e7ok sevdi\u011fi \u00fclkemizde sahnede ge\u00e7irdi\u011fi kalp krizi sonucu [&hellip;]","og_url":"https:\/\/haberkuzey.com\/index.php\/2025\/03\/31\/basbakan-ustel-kibris-ve-kibrisli-asigi-volkan-konakin-vedasi-derinden-uzdu\/","og_site_name":"Haber Kuzey","article_published_time":"2025-03-31T14:57:55+00:00","og_image":[{"url":"https:\/\/brtk.net\/wp-content\/uploads\/2024\/11\/06\/UNAL-USTEL-YAZI-YAZARKEN-2.png?ver=33fbfc5ecb922c66c2f49029db2c92e3","type":"","width":"","height":""}],"author":"haberkuzey","twitter_card":"summary_large_image","twitter_misc":{"Yazan:":"haberkuzey","Tahmini okuma s\u00fcresi":"1 dakika"},"schema":{"@context":"https:\/\/schema.org","@graph":[{"@type":"Article","@id":"https:\/\/haberkuzey.com\/index.php\/2025\/03\/31\/basbakan-ustel-kibris-ve-kibrisli-asigi-volkan-konakin-vedasi-derinden-uzdu\/#article","isPartOf":{"@id":"https:\/\/haberkuzey.com\/index.php\/2025\/03\/31\/basbakan-ustel-kibris-ve-kibrisli-asigi-volkan-konakin-vedasi-derinden-uzdu\/"},"author":{"name":"haberkuzey","@id":"https:\/\/haberkuzey.com\/#\/schema\/person\/3372109ec735f9333f4fa47ebb9605ca"},"headline":"Ba\u015fbakan \u00dcstel: K\u0131br\u0131s ve K\u0131br\u0131sl\u0131 a\u015f\u0131\u011f\u0131 Volkan Konak\u2019\u0131n vedas\u0131 derinden \u00fczd\u00fc","datePublished":"2025-03-31T14:57:55+00:00","mainEntityOfPage":{"@id":"https:\/\/haberkuzey.com\/index.php\/2025\/03\/31\/basbakan-ustel-kibris-ve-kibrisli-asigi-volkan-konakin-vedasi-derinden-uzdu\/"},"wordCount":139,"commentCount":0,"image":{"@id":"https:\/\/haberkuzey.com\/index.php\/2025\/03\/31\/basbakan-ustel-kibris-ve-kibrisli-asigi-volkan-konakin-vedasi-derinden-uzdu\/#primaryimage"},"thumbnailUrl":"https:\/\/haberkuzey.com\/wp-content\/uploads\/2024\/10\/UNAL-USTEL-YAZI-YAZARKEN-1.png","articleSection":["D\u00fcnya"],"inLanguage":"tr","potentialAction":[{"@type":"CommentAction","name":"Comment","target":["https:\/\/haberkuzey.com\/index.php\/2025\/03\/31\/basbakan-ustel-kibris-ve-kibrisli-asigi-volkan-konakin-vedasi-derinden-uzdu\/#respond"]}]},{"@type":"WebPage","@id":"https:\/\/haberkuzey.com\/index.php\/2025\/03\/31\/basbakan-ustel-kibris-ve-kibrisli-asigi-volkan-konakin-vedasi-derinden-uzdu\/","url":"https:\/\/haberkuzey.com\/index.php\/2025\/03\/31\/basbakan-ustel-kibris-ve-kibrisli-asigi-volkan-konakin-vedasi-derinden-uzdu\/","name":"Ba\u015fbakan \u00dcstel: K\u0131br\u0131s ve K\u0131br\u0131sl\u0131 a\u015f\u0131\u011f\u0131 Volkan Konak\u2019\u0131n vedas\u0131 derinden \u00fczd\u00fc - Haber Kuzey","isPartOf":{"@id":"https:\/\/haberkuzey.com\/#website"},"primaryImageOfPage":{"@id":"https:\/\/haberkuzey.com\/index.php\/2025\/03\/31\/basbakan-ustel-kibris-ve-kibrisli-asigi-volkan-konakin-vedasi-derinden-uzdu\/#primaryimage"},"image":{"@id":"https:\/\/haberkuzey.com\/index.php\/2025\/03\/31\/basbakan-ustel-kibris-ve-kibrisli-asigi-volkan-konakin-vedasi-derinden-uzdu\/#primaryimage"},"thumbnailUrl":"https:\/\/haberkuzey.com\/wp-content\/uploads\/2024\/10\/UNAL-USTEL-YAZI-YAZARKEN-1.png","datePublished":"2025-03-31T14:57:55+00:00","author":{"@id":"https:\/\/haberkuzey.com\/#\/schema\/person\/3372109ec735f9333f4fa47ebb9605ca"},"breadcrumb":{"@id":"https:\/\/haberkuzey.com\/index.php\/2025\/03\/31\/basbakan-ustel-kibris-ve-kibrisli-asigi-volkan-konakin-vedasi-derinden-uzdu\/#breadcrumb"},"inLanguage":"tr","potentialAction":[{"@type":"ReadAction","target":["https:\/\/haberkuzey.com\/index.php\/2025\/03\/31\/basbakan-ustel-kibris-ve-kibrisli-asigi-volkan-konakin-vedasi-derinden-uzdu\/"]}]},{"@type":"ImageObject","inLanguage":"tr","@id":"https:\/\/haberkuzey.com\/index.php\/2025\/03\/31\/basbakan-ustel-kibris-ve-kibrisli-asigi-volkan-konakin-vedasi-derinden-uzdu\/#primaryimage","url":"https:\/\/haberkuzey.com\/wp-content\/uploads\/2024\/10\/UNAL-USTEL-YAZI-YAZARKEN-1.png","contentUrl":"https:\/\/haberkuzey.com\/wp-content\/uploads\/2024\/10\/UNAL-USTEL-YAZI-YAZARKEN-1.png","width":1849,"height":1040},{"@type":"BreadcrumbList","@id":"https:\/\/haberkuzey.com\/index.php\/2025\/03\/31\/basbakan-ustel-kibris-ve-kibrisli-asigi-volkan-konakin-vedasi-derinden-uzdu\/#breadcrumb","itemListElement":[{"@type":"ListItem","position":1,"name":"Anasayfa","item":"https:\/\/haberkuzey.com\/"},{"@type":"ListItem","position":2,"name":"Ba\u015fbakan \u00dcstel: K\u0131br\u0131s ve K\u0131br\u0131sl\u0131 a\u015f\u0131\u011f\u0131 Volkan Konak\u2019\u0131n vedas\u0131 derinden \u00fczd\u00fc"}]},{"@type":"WebSite","@id":"https:\/\/haberkuzey.com\/#website","url":"https:\/\/haberkuzey.com\/","name":"Haber Kuzey","description":"Do\u011fru Haberin Adresi","potentialAction":[{"@type":"SearchAction","target":{"@type":"EntryPoint","urlTemplate":"https:\/\/haberkuzey.com\/?s={search_term_string}"},"query-input":{"@type":"PropertyValueSpecification","valueRequired":true,"valueName":"search_term_string"}}],"inLanguage":"tr"},{"@type":"Person","@id":"https:\/\/haberkuzey.com\/#\/schema\/person\/3372109ec735f9333f4fa47ebb9605ca","name":"haberkuzey","image":{"@type":"ImageObject","inLanguage":"tr","@id":"https:\/\/secure.gravatar.com\/avatar\/f5fc875574b1575324358c3b9e6a32b8227aa5b74f3fa22e3cadb63e26fcc39c?s=96&d=mm&r=g","url":"https:\/\/secure.gravatar.com\/avatar\/f5fc875574b1575324358c3b9e6a32b8227aa5b74f3fa22e3cadb63e26fcc39c?s=96&d=mm&r=g","contentUrl":"https:\/\/secure.gravatar.com\/avatar\/f5fc875574b1575324358c3b9e6a32b8227aa5b74f3fa22e3cadb63e26fcc39c?s=96&d=mm&r=g","caption":"haberkuzey"},"sameAs":["https:\/\/haberkuzey.com"],"url":"https:\/\/haberkuzey.com\/index.php\/author\/haberkuzey\/"}]}},"_links":{"self":[{"href":"https:\/\/haberkuzey.com\/index.php\/wp-json\/wp\/v2\/posts\/21107","targetHints":{"allow":["GET"]}}],"collection":[{"href":"https:\/\/haberkuzey.com\/index.php\/wp-json\/wp\/v2\/posts"}],"about":[{"href":"https:\/\/haberkuzey.com\/index.php\/wp-json\/wp\/v2\/types\/post"}],"author":[{"embeddable":true,"href":"https:\/\/haberkuzey.com\/index.php\/wp-json\/wp\/v2\/users\/1"}],"replies":[{"embeddable":true,"href":"https:\/\/haberkuzey.com\/index.php\/wp-json\/wp\/v2\/comments?post=21107"}],"version-history":[{"count":0,"href":"https:\/\/haberkuzey.com\/index.php\/wp-json\/wp\/v2\/posts\/21107\/revisions"}],"wp:featuredmedia":[{"embeddable":true,"href":"https:\/\/haberkuzey.com\/index.php\/wp-json\/wp\/v2\/media\/11467"}],"wp:attachment":[{"href":"https:\/\/haberkuzey.com\/index.php\/wp-json\/wp\/v2\/media?parent=21107"}],"wp:term":[{"taxonomy":"category","embeddable":true,"href":"https:\/\/haberkuzey.com\/index.php\/wp-json\/wp\/v2\/categories?post=21107"},{"taxonomy":"post_tag","embeddable":true,"href":"https:\/\/haberkuzey.com\/index.php\/wp-json\/wp\/v2\/tags?post=21107"}],"curies":[{"name":"wp","href":"https:\/\/api.w.org\/{rel}","templated":true}]}}