{"id":21046,"date":"2025-03-30T00:10:14","date_gmt":"2025-03-29T22:10:14","guid":{"rendered":"https:\/\/haberkuzey.com\/index.php\/2025\/03\/30\/erdogan-abbas-ile-telefonda-gorustu\/"},"modified":"2025-03-30T00:10:14","modified_gmt":"2025-03-29T22:10:14","slug":"erdogan-abbas-ile-telefonda-gorustu","status":"publish","type":"post","link":"https:\/\/haberkuzey.com\/index.php\/2025\/03\/30\/erdogan-abbas-ile-telefonda-gorustu\/","title":{"rendered":"Erdo\u011fan, Abbas ile telefonda g\u00f6r\u00fc\u015ft\u00fc"},"content":{"rendered":"<div>\n<div class=\"mariselle-image-container center\">\n                                            <\/div>\n<p>T\u00fcrkiye Cumhurba\u015fkan\u0131 Recep Tayyip Erdo\u011fan, Filistin Devlet Ba\u015fkan\u0131 Mahmud Abbas ile yapt\u0131\u011f\u0131 telefon g\u00f6r\u00fc\u015fmesinde, \u0130srail\u2019in yeniden \u015fiddetlenen sald\u0131r\u0131lar\u0131yla Gazze\u2019deki insani krizin derinle\u015fti\u011fini, Filistinlilerin bu s\u00fcreci ancak birlik i\u00e7erisinde yekv\u00fccut olarak a\u015fabilece\u011fini kaydetti.<\/p>\n<p>TC Cumhurba\u015fkanl\u0131\u011f\u0131 \u0130leti\u015fim Ba\u015fkanl\u0131\u011f\u0131ndan yap\u0131lan a\u00e7\u0131klamaya g\u00f6re, Cumhurba\u015fkan\u0131 Erdo\u011fan ile Abbas\u2019\u0131n telefon g\u00f6r\u00fc\u015fmesinde \u0130srail\u2019in Filistin\u2019e y\u00f6nelik sald\u0131r\u0131lar\u0131, b\u00f6lgesel ve k\u00fcresel konular ele al\u0131nd\u0131.<\/p>\n<p>Erdo\u011fan g\u00f6r\u00fc\u015fmede, \u0130srail\u2019in yeniden \u015fiddetlenen sald\u0131r\u0131lar\u0131 nedeniyle Gazze\u2019deki insani krizin derinle\u015fti\u011fini kaydederek, Filistinlilerin bu s\u00fcreci ancak birlik i\u00e7erisinde yekv\u00fccut olarak a\u015fabilece\u011fini ifade etti.<\/p>\n<p>T\u00fcrkiye\u2019nin her platformda Filistin\u2019in sesini duyurmak i\u00e7in gayret g\u00f6stermeye devam edece\u011fine dikkati \u00e7eken Erdo\u011fan, g\u00f6r\u00fc\u015fmede Filistin halk\u0131n\u0131n en k\u0131sa zamanda bar\u0131\u015fa ve huzura kavu\u015fmas\u0131n\u0131 temenni etti.<\/p>\n<p>Erdo\u011fan, Abbas\u2019\u0131n Ramazan Bayram\u0131\u2019n\u0131 da kutlad\u0131.<\/p>\n<\/p><\/div>\n<p><script async\n                    defer\n                    crossorigin=\"anonymous\"\n                    src=\"https:\/\/connect.facebook.net\/tr_TR\/sdk.js#xfbml=1&#038;version=v3.3\"\n            ><\/script><\/p>\n","protected":false},"excerpt":{"rendered":"<p>T\u00fcrkiye Cumhurba\u015fkan\u0131 Recep Tayyip Erdo\u011fan, Filistin Devlet Ba\u015fkan\u0131 Mahmud Abbas ile yapt\u0131\u011f\u0131 telefon g\u00f6r\u00fc\u015fmesinde, \u0130srail\u2019in yeniden \u015fiddetlenen sald\u0131r\u0131lar\u0131yla Gazze\u2019deki insani krizin derinle\u015fti\u011fini, Filistinlilerin bu s\u00fcreci ancak birlik i\u00e7erisinde yekv\u00fccut olarak a\u015fabilece\u011fini kaydetti. TC Cumhurba\u015fkanl\u0131\u011f\u0131 \u0130leti\u015fim Ba\u015fkanl\u0131\u011f\u0131ndan yap\u0131lan a\u00e7\u0131klamaya g\u00f6re, Cumhurba\u015fkan\u0131 Erdo\u011fan ile Abbas\u2019\u0131n telefon g\u00f6r\u00fc\u015fmesinde \u0130srail\u2019in Filistin\u2019e y\u00f6nelik sald\u0131r\u0131lar\u0131, b\u00f6lgesel ve k\u00fcresel konular ele al\u0131nd\u0131. [&hellip;]<\/p>\n","protected":false},"author":1,"featured_media":21047,"comment_status":"open","ping_status":"open","sticky":false,"template":"","format":"standard","meta":{"jnews-multi-image_gallery":[],"jnews_single_post":[],"jnews_primary_category":[],"footnotes":""},"categories":[2],"tags":[],"class_list":["post-21046","post","type-post","status-publish","format-standard","has-post-thumbnail","hentry","category-dunya"],"yoast_head":"<!-- This site is optimized with the Yoast SEO plugin v27.5 - https:\/\/yoast.com\/product\/yoast-seo-wordpress\/ -->\n<title>Erdo\u011fan, Abbas ile telefonda g\u00f6r\u00fc\u015ft\u00fc - Haber Kuzey<\/title>\n<meta name=\"robots\" content=\"index, follow, max-snippet:-1, max-image-preview:large, max-video-preview:-1\" \/>\n<link rel=\"canonical\" href=\"https:\/\/haberkuzey.com\/index.php\/2025\/03\/30\/erdogan-abbas-ile-telefonda-gorustu\/\" \/>\n<meta property=\"og:locale\" content=\"tr_TR\" \/>\n<meta property=\"og:type\" content=\"article\" \/>\n<meta property=\"og:title\" content=\"Erdo\u011fan, Abbas ile telefonda g\u00f6r\u00fc\u015ft\u00fc - Haber Kuzey\" \/>\n<meta property=\"og:description\" content=\"T\u00fcrkiye Cumhurba\u015fkan\u0131 Recep Tayyip Erdo\u011fan, Filistin Devlet Ba\u015fkan\u0131 Mahmud Abbas ile yapt\u0131\u011f\u0131 telefon g\u00f6r\u00fc\u015fmesinde, \u0130srail\u2019in yeniden \u015fiddetlenen sald\u0131r\u0131lar\u0131yla Gazze\u2019deki insani krizin derinle\u015fti\u011fini, Filistinlilerin bu s\u00fcreci ancak birlik i\u00e7erisinde yekv\u00fccut olarak a\u015fabilece\u011fini kaydetti. TC Cumhurba\u015fkanl\u0131\u011f\u0131 \u0130leti\u015fim Ba\u015fkanl\u0131\u011f\u0131ndan yap\u0131lan a\u00e7\u0131klamaya g\u00f6re, Cumhurba\u015fkan\u0131 Erdo\u011fan ile Abbas\u2019\u0131n telefon g\u00f6r\u00fc\u015fmesinde \u0130srail\u2019in Filistin\u2019e y\u00f6nelik sald\u0131r\u0131lar\u0131, b\u00f6lgesel ve k\u00fcresel konular ele al\u0131nd\u0131. [&hellip;]\" \/>\n<meta property=\"og:url\" content=\"https:\/\/haberkuzey.com\/index.php\/2025\/03\/30\/erdogan-abbas-ile-telefonda-gorustu\/\" \/>\n<meta property=\"og:site_name\" content=\"Haber Kuzey\" \/>\n<meta property=\"article:published_time\" content=\"2025-03-29T22:10:14+00:00\" \/>\n<meta property=\"og:image\" content=\"https:\/\/brtk.net\/wp-content\/uploads\/2025\/03\/29\/1743253953381thumbs_b_c_a16e7d33f9d480d18c9e3925105942ab.jpg?ver=704f689cab74cfe8f3d29a5a02ececcb\" \/>\n<meta name=\"author\" content=\"haberkuzey\" \/>\n<meta name=\"twitter:card\" content=\"summary_large_image\" \/>\n<meta name=\"twitter:label1\" content=\"Yazan:\" \/>\n\t<meta name=\"twitter:data1\" content=\"haberkuzey\" \/>\n\t<meta name=\"twitter:label2\" content=\"Tahmini okuma s\u00fcresi\" \/>\n\t<meta name=\"twitter:data2\" content=\"1 dakika\" \/>\n<script type=\"application\/ld+json\" class=\"yoast-schema-graph\">{\"@context\":\"https:\\\/\\\/schema.org\",\"@graph\":[{\"@type\":\"Article\",\"@id\":\"https:\\\/\\\/haberkuzey.com\\\/index.php\\\/2025\\\/03\\\/30\\\/erdogan-abbas-ile-telefonda-gorustu\\\/#article\",\"isPartOf\":{\"@id\":\"https:\\\/\\\/haberkuzey.com\\\/index.php\\\/2025\\\/03\\\/30\\\/erdogan-abbas-ile-telefonda-gorustu\\\/\"},\"author\":{\"name\":\"haberkuzey\",\"@id\":\"https:\\\/\\\/haberkuzey.com\\\/#\\\/schema\\\/person\\\/3372109ec735f9333f4fa47ebb9605ca\"},\"headline\":\"Erdo\u011fan, Abbas ile telefonda g\u00f6r\u00fc\u015ft\u00fc\",\"datePublished\":\"2025-03-29T22:10:14+00:00\",\"mainEntityOfPage\":{\"@id\":\"https:\\\/\\\/haberkuzey.com\\\/index.php\\\/2025\\\/03\\\/30\\\/erdogan-abbas-ile-telefonda-gorustu\\\/\"},\"wordCount\":188,\"commentCount\":0,\"image\":{\"@id\":\"https:\\\/\\\/haberkuzey.com\\\/index.php\\\/2025\\\/03\\\/30\\\/erdogan-abbas-ile-telefonda-gorustu\\\/#primaryimage\"},\"thumbnailUrl\":\"https:\\\/\\\/haberkuzey.com\\\/wp-content\\\/uploads\\\/2025\\\/03\\\/1743253953381thumbs_b_c_a16e7d33f9d480d18c9e3925105942ab.jpg\",\"articleSection\":[\"D\u00fcnya\"],\"inLanguage\":\"tr\",\"potentialAction\":[{\"@type\":\"CommentAction\",\"name\":\"Comment\",\"target\":[\"https:\\\/\\\/haberkuzey.com\\\/index.php\\\/2025\\\/03\\\/30\\\/erdogan-abbas-ile-telefonda-gorustu\\\/#respond\"]}]},{\"@type\":\"WebPage\",\"@id\":\"https:\\\/\\\/haberkuzey.com\\\/index.php\\\/2025\\\/03\\\/30\\\/erdogan-abbas-ile-telefonda-gorustu\\\/\",\"url\":\"https:\\\/\\\/haberkuzey.com\\\/index.php\\\/2025\\\/03\\\/30\\\/erdogan-abbas-ile-telefonda-gorustu\\\/\",\"name\":\"Erdo\u011fan, Abbas ile telefonda g\u00f6r\u00fc\u015ft\u00fc - Haber Kuzey\",\"isPartOf\":{\"@id\":\"https:\\\/\\\/haberkuzey.com\\\/#website\"},\"primaryImageOfPage\":{\"@id\":\"https:\\\/\\\/haberkuzey.com\\\/index.php\\\/2025\\\/03\\\/30\\\/erdogan-abbas-ile-telefonda-gorustu\\\/#primaryimage\"},\"image\":{\"@id\":\"https:\\\/\\\/haberkuzey.com\\\/index.php\\\/2025\\\/03\\\/30\\\/erdogan-abbas-ile-telefonda-gorustu\\\/#primaryimage\"},\"thumbnailUrl\":\"https:\\\/\\\/haberkuzey.com\\\/wp-content\\\/uploads\\\/2025\\\/03\\\/1743253953381thumbs_b_c_a16e7d33f9d480d18c9e3925105942ab.jpg\",\"datePublished\":\"2025-03-29T22:10:14+00:00\",\"author\":{\"@id\":\"https:\\\/\\\/haberkuzey.com\\\/#\\\/schema\\\/person\\\/3372109ec735f9333f4fa47ebb9605ca\"},\"breadcrumb\":{\"@id\":\"https:\\\/\\\/haberkuzey.com\\\/index.php\\\/2025\\\/03\\\/30\\\/erdogan-abbas-ile-telefonda-gorustu\\\/#breadcrumb\"},\"inLanguage\":\"tr\",\"potentialAction\":[{\"@type\":\"ReadAction\",\"target\":[\"https:\\\/\\\/haberkuzey.com\\\/index.php\\\/2025\\\/03\\\/30\\\/erdogan-abbas-ile-telefonda-gorustu\\\/\"]}]},{\"@type\":\"ImageObject\",\"inLanguage\":\"tr\",\"@id\":\"https:\\\/\\\/haberkuzey.com\\\/index.php\\\/2025\\\/03\\\/30\\\/erdogan-abbas-ile-telefonda-gorustu\\\/#primaryimage\",\"url\":\"https:\\\/\\\/haberkuzey.com\\\/wp-content\\\/uploads\\\/2025\\\/03\\\/1743253953381thumbs_b_c_a16e7d33f9d480d18c9e3925105942ab.jpg\",\"contentUrl\":\"https:\\\/\\\/haberkuzey.com\\\/wp-content\\\/uploads\\\/2025\\\/03\\\/1743253953381thumbs_b_c_a16e7d33f9d480d18c9e3925105942ab.jpg\",\"width\":864,\"height\":486},{\"@type\":\"BreadcrumbList\",\"@id\":\"https:\\\/\\\/haberkuzey.com\\\/index.php\\\/2025\\\/03\\\/30\\\/erdogan-abbas-ile-telefonda-gorustu\\\/#breadcrumb\",\"itemListElement\":[{\"@type\":\"ListItem\",\"position\":1,\"name\":\"Anasayfa\",\"item\":\"https:\\\/\\\/haberkuzey.com\\\/\"},{\"@type\":\"ListItem\",\"position\":2,\"name\":\"Erdo\u011fan, Abbas ile telefonda g\u00f6r\u00fc\u015ft\u00fc\"}]},{\"@type\":\"WebSite\",\"@id\":\"https:\\\/\\\/haberkuzey.com\\\/#website\",\"url\":\"https:\\\/\\\/haberkuzey.com\\\/\",\"name\":\"Haber Kuzey\",\"description\":\"Do\u011fru Haberin Adresi\",\"potentialAction\":[{\"@type\":\"SearchAction\",\"target\":{\"@type\":\"EntryPoint\",\"urlTemplate\":\"https:\\\/\\\/haberkuzey.com\\\/?s={search_term_string}\"},\"query-input\":{\"@type\":\"PropertyValueSpecification\",\"valueRequired\":true,\"valueName\":\"search_term_string\"}}],\"inLanguage\":\"tr\"},{\"@type\":\"Person\",\"@id\":\"https:\\\/\\\/haberkuzey.com\\\/#\\\/schema\\\/person\\\/3372109ec735f9333f4fa47ebb9605ca\",\"name\":\"haberkuzey\",\"image\":{\"@type\":\"ImageObject\",\"inLanguage\":\"tr\",\"@id\":\"https:\\\/\\\/secure.gravatar.com\\\/avatar\\\/f5fc875574b1575324358c3b9e6a32b8227aa5b74f3fa22e3cadb63e26fcc39c?s=96&d=mm&r=g\",\"url\":\"https:\\\/\\\/secure.gravatar.com\\\/avatar\\\/f5fc875574b1575324358c3b9e6a32b8227aa5b74f3fa22e3cadb63e26fcc39c?s=96&d=mm&r=g\",\"contentUrl\":\"https:\\\/\\\/secure.gravatar.com\\\/avatar\\\/f5fc875574b1575324358c3b9e6a32b8227aa5b74f3fa22e3cadb63e26fcc39c?s=96&d=mm&r=g\",\"caption\":\"haberkuzey\"},\"sameAs\":[\"https:\\\/\\\/haberkuzey.com\"],\"url\":\"https:\\\/\\\/haberkuzey.com\\\/index.php\\\/author\\\/haberkuzey\\\/\"}]}<\/script>\n<!-- \/ Yoast SEO plugin. -->","yoast_head_json":{"title":"Erdo\u011fan, Abbas ile telefonda g\u00f6r\u00fc\u015ft\u00fc - Haber Kuzey","robots":{"index":"index","follow":"follow","max-snippet":"max-snippet:-1","max-image-preview":"max-image-preview:large","max-video-preview":"max-video-preview:-1"},"canonical":"https:\/\/haberkuzey.com\/index.php\/2025\/03\/30\/erdogan-abbas-ile-telefonda-gorustu\/","og_locale":"tr_TR","og_type":"article","og_title":"Erdo\u011fan, Abbas ile telefonda g\u00f6r\u00fc\u015ft\u00fc - Haber Kuzey","og_description":"T\u00fcrkiye Cumhurba\u015fkan\u0131 Recep Tayyip Erdo\u011fan, Filistin Devlet Ba\u015fkan\u0131 Mahmud Abbas ile yapt\u0131\u011f\u0131 telefon g\u00f6r\u00fc\u015fmesinde, \u0130srail\u2019in yeniden \u015fiddetlenen sald\u0131r\u0131lar\u0131yla Gazze\u2019deki insani krizin derinle\u015fti\u011fini, Filistinlilerin bu s\u00fcreci ancak birlik i\u00e7erisinde yekv\u00fccut olarak a\u015fabilece\u011fini kaydetti. TC Cumhurba\u015fkanl\u0131\u011f\u0131 \u0130leti\u015fim Ba\u015fkanl\u0131\u011f\u0131ndan yap\u0131lan a\u00e7\u0131klamaya g\u00f6re, Cumhurba\u015fkan\u0131 Erdo\u011fan ile Abbas\u2019\u0131n telefon g\u00f6r\u00fc\u015fmesinde \u0130srail\u2019in Filistin\u2019e y\u00f6nelik sald\u0131r\u0131lar\u0131, b\u00f6lgesel ve k\u00fcresel konular ele al\u0131nd\u0131. [&hellip;]","og_url":"https:\/\/haberkuzey.com\/index.php\/2025\/03\/30\/erdogan-abbas-ile-telefonda-gorustu\/","og_site_name":"Haber Kuzey","article_published_time":"2025-03-29T22:10:14+00:00","og_image":[{"url":"https:\/\/brtk.net\/wp-content\/uploads\/2025\/03\/29\/1743253953381thumbs_b_c_a16e7d33f9d480d18c9e3925105942ab.jpg?ver=704f689cab74cfe8f3d29a5a02ececcb","type":"","width":"","height":""}],"author":"haberkuzey","twitter_card":"summary_large_image","twitter_misc":{"Yazan:":"haberkuzey","Tahmini okuma s\u00fcresi":"1 dakika"},"schema":{"@context":"https:\/\/schema.org","@graph":[{"@type":"Article","@id":"https:\/\/haberkuzey.com\/index.php\/2025\/03\/30\/erdogan-abbas-ile-telefonda-gorustu\/#article","isPartOf":{"@id":"https:\/\/haberkuzey.com\/index.php\/2025\/03\/30\/erdogan-abbas-ile-telefonda-gorustu\/"},"author":{"name":"haberkuzey","@id":"https:\/\/haberkuzey.com\/#\/schema\/person\/3372109ec735f9333f4fa47ebb9605ca"},"headline":"Erdo\u011fan, Abbas ile telefonda g\u00f6r\u00fc\u015ft\u00fc","datePublished":"2025-03-29T22:10:14+00:00","mainEntityOfPage":{"@id":"https:\/\/haberkuzey.com\/index.php\/2025\/03\/30\/erdogan-abbas-ile-telefonda-gorustu\/"},"wordCount":188,"commentCount":0,"image":{"@id":"https:\/\/haberkuzey.com\/index.php\/2025\/03\/30\/erdogan-abbas-ile-telefonda-gorustu\/#primaryimage"},"thumbnailUrl":"https:\/\/haberkuzey.com\/wp-content\/uploads\/2025\/03\/1743253953381thumbs_b_c_a16e7d33f9d480d18c9e3925105942ab.jpg","articleSection":["D\u00fcnya"],"inLanguage":"tr","potentialAction":[{"@type":"CommentAction","name":"Comment","target":["https:\/\/haberkuzey.com\/index.php\/2025\/03\/30\/erdogan-abbas-ile-telefonda-gorustu\/#respond"]}]},{"@type":"WebPage","@id":"https:\/\/haberkuzey.com\/index.php\/2025\/03\/30\/erdogan-abbas-ile-telefonda-gorustu\/","url":"https:\/\/haberkuzey.com\/index.php\/2025\/03\/30\/erdogan-abbas-ile-telefonda-gorustu\/","name":"Erdo\u011fan, Abbas ile telefonda g\u00f6r\u00fc\u015ft\u00fc - Haber Kuzey","isPartOf":{"@id":"https:\/\/haberkuzey.com\/#website"},"primaryImageOfPage":{"@id":"https:\/\/haberkuzey.com\/index.php\/2025\/03\/30\/erdogan-abbas-ile-telefonda-gorustu\/#primaryimage"},"image":{"@id":"https:\/\/haberkuzey.com\/index.php\/2025\/03\/30\/erdogan-abbas-ile-telefonda-gorustu\/#primaryimage"},"thumbnailUrl":"https:\/\/haberkuzey.com\/wp-content\/uploads\/2025\/03\/1743253953381thumbs_b_c_a16e7d33f9d480d18c9e3925105942ab.jpg","datePublished":"2025-03-29T22:10:14+00:00","author":{"@id":"https:\/\/haberkuzey.com\/#\/schema\/person\/3372109ec735f9333f4fa47ebb9605ca"},"breadcrumb":{"@id":"https:\/\/haberkuzey.com\/index.php\/2025\/03\/30\/erdogan-abbas-ile-telefonda-gorustu\/#breadcrumb"},"inLanguage":"tr","potentialAction":[{"@type":"ReadAction","target":["https:\/\/haberkuzey.com\/index.php\/2025\/03\/30\/erdogan-abbas-ile-telefonda-gorustu\/"]}]},{"@type":"ImageObject","inLanguage":"tr","@id":"https:\/\/haberkuzey.com\/index.php\/2025\/03\/30\/erdogan-abbas-ile-telefonda-gorustu\/#primaryimage","url":"https:\/\/haberkuzey.com\/wp-content\/uploads\/2025\/03\/1743253953381thumbs_b_c_a16e7d33f9d480d18c9e3925105942ab.jpg","contentUrl":"https:\/\/haberkuzey.com\/wp-content\/uploads\/2025\/03\/1743253953381thumbs_b_c_a16e7d33f9d480d18c9e3925105942ab.jpg","width":864,"height":486},{"@type":"BreadcrumbList","@id":"https:\/\/haberkuzey.com\/index.php\/2025\/03\/30\/erdogan-abbas-ile-telefonda-gorustu\/#breadcrumb","itemListElement":[{"@type":"ListItem","position":1,"name":"Anasayfa","item":"https:\/\/haberkuzey.com\/"},{"@type":"ListItem","position":2,"name":"Erdo\u011fan, Abbas ile telefonda g\u00f6r\u00fc\u015ft\u00fc"}]},{"@type":"WebSite","@id":"https:\/\/haberkuzey.com\/#website","url":"https:\/\/haberkuzey.com\/","name":"Haber Kuzey","description":"Do\u011fru Haberin Adresi","potentialAction":[{"@type":"SearchAction","target":{"@type":"EntryPoint","urlTemplate":"https:\/\/haberkuzey.com\/?s={search_term_string}"},"query-input":{"@type":"PropertyValueSpecification","valueRequired":true,"valueName":"search_term_string"}}],"inLanguage":"tr"},{"@type":"Person","@id":"https:\/\/haberkuzey.com\/#\/schema\/person\/3372109ec735f9333f4fa47ebb9605ca","name":"haberkuzey","image":{"@type":"ImageObject","inLanguage":"tr","@id":"https:\/\/secure.gravatar.com\/avatar\/f5fc875574b1575324358c3b9e6a32b8227aa5b74f3fa22e3cadb63e26fcc39c?s=96&d=mm&r=g","url":"https:\/\/secure.gravatar.com\/avatar\/f5fc875574b1575324358c3b9e6a32b8227aa5b74f3fa22e3cadb63e26fcc39c?s=96&d=mm&r=g","contentUrl":"https:\/\/secure.gravatar.com\/avatar\/f5fc875574b1575324358c3b9e6a32b8227aa5b74f3fa22e3cadb63e26fcc39c?s=96&d=mm&r=g","caption":"haberkuzey"},"sameAs":["https:\/\/haberkuzey.com"],"url":"https:\/\/haberkuzey.com\/index.php\/author\/haberkuzey\/"}]}},"_links":{"self":[{"href":"https:\/\/haberkuzey.com\/index.php\/wp-json\/wp\/v2\/posts\/21046","targetHints":{"allow":["GET"]}}],"collection":[{"href":"https:\/\/haberkuzey.com\/index.php\/wp-json\/wp\/v2\/posts"}],"about":[{"href":"https:\/\/haberkuzey.com\/index.php\/wp-json\/wp\/v2\/types\/post"}],"author":[{"embeddable":true,"href":"https:\/\/haberkuzey.com\/index.php\/wp-json\/wp\/v2\/users\/1"}],"replies":[{"embeddable":true,"href":"https:\/\/haberkuzey.com\/index.php\/wp-json\/wp\/v2\/comments?post=21046"}],"version-history":[{"count":0,"href":"https:\/\/haberkuzey.com\/index.php\/wp-json\/wp\/v2\/posts\/21046\/revisions"}],"wp:featuredmedia":[{"embeddable":true,"href":"https:\/\/haberkuzey.com\/index.php\/wp-json\/wp\/v2\/media\/21047"}],"wp:attachment":[{"href":"https:\/\/haberkuzey.com\/index.php\/wp-json\/wp\/v2\/media?parent=21046"}],"wp:term":[{"taxonomy":"category","embeddable":true,"href":"https:\/\/haberkuzey.com\/index.php\/wp-json\/wp\/v2\/categories?post=21046"},{"taxonomy":"post_tag","embeddable":true,"href":"https:\/\/haberkuzey.com\/index.php\/wp-json\/wp\/v2\/tags?post=21046"}],"curies":[{"name":"wp","href":"https:\/\/api.w.org\/{rel}","templated":true}]}}