{"id":21037,"date":"2025-03-29T17:47:50","date_gmt":"2025-03-29T15:47:50","guid":{"rendered":"https:\/\/haberkuzey.com\/index.php\/2025\/03\/29\/erdogan-katar-emiri-al-sani-ile-telefonda-gorustu\/"},"modified":"2025-03-29T17:47:50","modified_gmt":"2025-03-29T15:47:50","slug":"erdogan-katar-emiri-al-sani-ile-telefonda-gorustu","status":"publish","type":"post","link":"https:\/\/haberkuzey.com\/index.php\/2025\/03\/29\/erdogan-katar-emiri-al-sani-ile-telefonda-gorustu\/","title":{"rendered":"Erdo\u011fan, Katar Emiri Al Sani ile telefonda g\u00f6r\u00fc\u015ft\u00fc"},"content":{"rendered":"<div>\n<div class=\"mariselle-image-container center\">\n                                            <\/div>\n<p>\nT\u00fcrkiye Cumhurba\u015fkan\u0131 Recep Tayyip Erdo\u011fan, Katar Emiri \u015eeyh Temim bin Hamad Al Sani ile ger\u00e7ekle\u015ftirdi\u011fi telefon g\u00f6r\u00fc\u015fmesinde, \u0130srail\u2019in Gazze, L\u00fcbnan ve Suriye\u2019deki sald\u0131r\u0131lar\u0131 ve zul\u00fcmleri sebebiyle bayram\u0131n buruk kar\u015f\u0131land\u0131\u011f\u0131n\u0131, akan kan ve g\u00f6zya\u015flar\u0131n\u0131n dindirilmesi ve mazlumlara yard\u0131m i\u00e7in azami gayret g\u00f6stermeye devam edeceklerini belirtti.<\/p>\n<p>TC Cumhurba\u015fkanl\u0131\u011f\u0131 \u0130leti\u015fim Ba\u015fkanl\u0131\u011f\u0131ndan yap\u0131lan a\u00e7\u0131klamaya g\u00f6re, T\u00fcrkiye Cumhurba\u015fkan\u0131 Erdo\u011fan ile Katar Emiri Al Sani\u2019nin ger\u00e7ekle\u015ftirdi\u011fi telefon g\u00f6r\u00fc\u015fmesinde, T\u00fcrkiye-Katar ikili ili\u015fkileri, b\u00f6lgesel ve k\u00fcresel konular ele al\u0131nd\u0131.<\/p>\n<p>Erdo\u011fan g\u00f6r\u00fc\u015fmede, \u0130srail\u2019in Gazze, L\u00fcbnan ve Suriye\u2019deki sald\u0131r\u0131lar\u0131 ve zul\u00fcmleri sebebiyle bayram\u0131n buruk kar\u015f\u0131land\u0131\u011f\u0131n\u0131, akan kan ve g\u00f6zya\u015flar\u0131n\u0131n dindirilmesi ve mazlumlara yard\u0131m i\u00e7in azami gayret g\u00f6stermeye devam edeceklerini ifade etti.<\/p>\n<p>Erdo\u011fan, Al Sani\u2019nin Ramazan Bayram\u0131\u2019n\u0131 da tebrik etti.<\/p>\n<\/p><\/div>\n<p><script async\n                    defer\n                    crossorigin=\"anonymous\"\n                    src=\"https:\/\/connect.facebook.net\/tr_TR\/sdk.js#xfbml=1&#038;version=v3.3\"\n            ><\/script><\/p>\n","protected":false},"excerpt":{"rendered":"<p>T\u00fcrkiye Cumhurba\u015fkan\u0131 Recep Tayyip Erdo\u011fan, Katar Emiri \u015eeyh Temim bin Hamad Al Sani ile ger\u00e7ekle\u015ftirdi\u011fi telefon g\u00f6r\u00fc\u015fmesinde, \u0130srail\u2019in Gazze, L\u00fcbnan ve Suriye\u2019deki sald\u0131r\u0131lar\u0131 ve zul\u00fcmleri sebebiyle bayram\u0131n buruk kar\u015f\u0131land\u0131\u011f\u0131n\u0131, akan kan ve g\u00f6zya\u015flar\u0131n\u0131n dindirilmesi ve mazlumlara yard\u0131m i\u00e7in azami gayret g\u00f6stermeye devam edeceklerini belirtti. TC Cumhurba\u015fkanl\u0131\u011f\u0131 \u0130leti\u015fim Ba\u015fkanl\u0131\u011f\u0131ndan yap\u0131lan a\u00e7\u0131klamaya g\u00f6re, T\u00fcrkiye Cumhurba\u015fkan\u0131 Erdo\u011fan ile [&hellip;]<\/p>\n","protected":false},"author":1,"featured_media":21038,"comment_status":"open","ping_status":"open","sticky":false,"template":"","format":"standard","meta":{"jnews-multi-image_gallery":[],"jnews_single_post":[],"jnews_primary_category":[],"footnotes":""},"categories":[2],"tags":[],"class_list":["post-21037","post","type-post","status-publish","format-standard","has-post-thumbnail","hentry","category-dunya"],"yoast_head":"<!-- This site is optimized with the Yoast SEO plugin v27.5 - https:\/\/yoast.com\/product\/yoast-seo-wordpress\/ -->\n<title>Erdo\u011fan, Katar Emiri Al Sani ile telefonda g\u00f6r\u00fc\u015ft\u00fc - Haber Kuzey<\/title>\n<meta name=\"robots\" content=\"index, follow, max-snippet:-1, max-image-preview:large, max-video-preview:-1\" \/>\n<link rel=\"canonical\" href=\"https:\/\/haberkuzey.com\/index.php\/2025\/03\/29\/erdogan-katar-emiri-al-sani-ile-telefonda-gorustu\/\" \/>\n<meta property=\"og:locale\" content=\"tr_TR\" \/>\n<meta property=\"og:type\" content=\"article\" \/>\n<meta property=\"og:title\" content=\"Erdo\u011fan, Katar Emiri Al Sani ile telefonda g\u00f6r\u00fc\u015ft\u00fc - Haber Kuzey\" \/>\n<meta property=\"og:description\" content=\"T\u00fcrkiye Cumhurba\u015fkan\u0131 Recep Tayyip Erdo\u011fan, Katar Emiri \u015eeyh Temim bin Hamad Al Sani ile ger\u00e7ekle\u015ftirdi\u011fi telefon g\u00f6r\u00fc\u015fmesinde, \u0130srail\u2019in Gazze, L\u00fcbnan ve Suriye\u2019deki sald\u0131r\u0131lar\u0131 ve zul\u00fcmleri sebebiyle bayram\u0131n buruk kar\u015f\u0131land\u0131\u011f\u0131n\u0131, akan kan ve g\u00f6zya\u015flar\u0131n\u0131n dindirilmesi ve mazlumlara yard\u0131m i\u00e7in azami gayret g\u00f6stermeye devam edeceklerini belirtti. TC Cumhurba\u015fkanl\u0131\u011f\u0131 \u0130leti\u015fim Ba\u015fkanl\u0131\u011f\u0131ndan yap\u0131lan a\u00e7\u0131klamaya g\u00f6re, T\u00fcrkiye Cumhurba\u015fkan\u0131 Erdo\u011fan ile [&hellip;]\" \/>\n<meta property=\"og:url\" content=\"https:\/\/haberkuzey.com\/index.php\/2025\/03\/29\/erdogan-katar-emiri-al-sani-ile-telefonda-gorustu\/\" \/>\n<meta property=\"og:site_name\" content=\"Haber Kuzey\" \/>\n<meta property=\"article:published_time\" content=\"2025-03-29T15:47:50+00:00\" \/>\n<meta property=\"og:image\" content=\"https:\/\/brtk.net\/wp-content\/uploads\/2025\/03\/29\/1743253466014thumbs_b_c_6fe88327c90d8622dfa302ef2d4ab0c3.jpg?ver=2236f98921a81648d06b5f6105ed60c3\" \/>\n<meta name=\"author\" content=\"haberkuzey\" \/>\n<meta name=\"twitter:card\" content=\"summary_large_image\" \/>\n<meta name=\"twitter:label1\" content=\"Yazan:\" \/>\n\t<meta name=\"twitter:data1\" content=\"haberkuzey\" \/>\n\t<meta name=\"twitter:label2\" content=\"Tahmini okuma s\u00fcresi\" \/>\n\t<meta name=\"twitter:data2\" content=\"1 dakika\" \/>\n<script type=\"application\/ld+json\" class=\"yoast-schema-graph\">{\"@context\":\"https:\\\/\\\/schema.org\",\"@graph\":[{\"@type\":\"Article\",\"@id\":\"https:\\\/\\\/haberkuzey.com\\\/index.php\\\/2025\\\/03\\\/29\\\/erdogan-katar-emiri-al-sani-ile-telefonda-gorustu\\\/#article\",\"isPartOf\":{\"@id\":\"https:\\\/\\\/haberkuzey.com\\\/index.php\\\/2025\\\/03\\\/29\\\/erdogan-katar-emiri-al-sani-ile-telefonda-gorustu\\\/\"},\"author\":{\"name\":\"haberkuzey\",\"@id\":\"https:\\\/\\\/haberkuzey.com\\\/#\\\/schema\\\/person\\\/3372109ec735f9333f4fa47ebb9605ca\"},\"headline\":\"Erdo\u011fan, Katar Emiri Al Sani ile telefonda g\u00f6r\u00fc\u015ft\u00fc\",\"datePublished\":\"2025-03-29T15:47:50+00:00\",\"mainEntityOfPage\":{\"@id\":\"https:\\\/\\\/haberkuzey.com\\\/index.php\\\/2025\\\/03\\\/29\\\/erdogan-katar-emiri-al-sani-ile-telefonda-gorustu\\\/\"},\"wordCount\":187,\"commentCount\":0,\"image\":{\"@id\":\"https:\\\/\\\/haberkuzey.com\\\/index.php\\\/2025\\\/03\\\/29\\\/erdogan-katar-emiri-al-sani-ile-telefonda-gorustu\\\/#primaryimage\"},\"thumbnailUrl\":\"https:\\\/\\\/haberkuzey.com\\\/wp-content\\\/uploads\\\/2025\\\/03\\\/1743253466014thumbs_b_c_6fe88327c90d8622dfa302ef2d4ab0c3.jpg\",\"articleSection\":[\"D\u00fcnya\"],\"inLanguage\":\"tr\",\"potentialAction\":[{\"@type\":\"CommentAction\",\"name\":\"Comment\",\"target\":[\"https:\\\/\\\/haberkuzey.com\\\/index.php\\\/2025\\\/03\\\/29\\\/erdogan-katar-emiri-al-sani-ile-telefonda-gorustu\\\/#respond\"]}]},{\"@type\":\"WebPage\",\"@id\":\"https:\\\/\\\/haberkuzey.com\\\/index.php\\\/2025\\\/03\\\/29\\\/erdogan-katar-emiri-al-sani-ile-telefonda-gorustu\\\/\",\"url\":\"https:\\\/\\\/haberkuzey.com\\\/index.php\\\/2025\\\/03\\\/29\\\/erdogan-katar-emiri-al-sani-ile-telefonda-gorustu\\\/\",\"name\":\"Erdo\u011fan, Katar Emiri Al Sani ile telefonda g\u00f6r\u00fc\u015ft\u00fc - Haber Kuzey\",\"isPartOf\":{\"@id\":\"https:\\\/\\\/haberkuzey.com\\\/#website\"},\"primaryImageOfPage\":{\"@id\":\"https:\\\/\\\/haberkuzey.com\\\/index.php\\\/2025\\\/03\\\/29\\\/erdogan-katar-emiri-al-sani-ile-telefonda-gorustu\\\/#primaryimage\"},\"image\":{\"@id\":\"https:\\\/\\\/haberkuzey.com\\\/index.php\\\/2025\\\/03\\\/29\\\/erdogan-katar-emiri-al-sani-ile-telefonda-gorustu\\\/#primaryimage\"},\"thumbnailUrl\":\"https:\\\/\\\/haberkuzey.com\\\/wp-content\\\/uploads\\\/2025\\\/03\\\/1743253466014thumbs_b_c_6fe88327c90d8622dfa302ef2d4ab0c3.jpg\",\"datePublished\":\"2025-03-29T15:47:50+00:00\",\"author\":{\"@id\":\"https:\\\/\\\/haberkuzey.com\\\/#\\\/schema\\\/person\\\/3372109ec735f9333f4fa47ebb9605ca\"},\"breadcrumb\":{\"@id\":\"https:\\\/\\\/haberkuzey.com\\\/index.php\\\/2025\\\/03\\\/29\\\/erdogan-katar-emiri-al-sani-ile-telefonda-gorustu\\\/#breadcrumb\"},\"inLanguage\":\"tr\",\"potentialAction\":[{\"@type\":\"ReadAction\",\"target\":[\"https:\\\/\\\/haberkuzey.com\\\/index.php\\\/2025\\\/03\\\/29\\\/erdogan-katar-emiri-al-sani-ile-telefonda-gorustu\\\/\"]}]},{\"@type\":\"ImageObject\",\"inLanguage\":\"tr\",\"@id\":\"https:\\\/\\\/haberkuzey.com\\\/index.php\\\/2025\\\/03\\\/29\\\/erdogan-katar-emiri-al-sani-ile-telefonda-gorustu\\\/#primaryimage\",\"url\":\"https:\\\/\\\/haberkuzey.com\\\/wp-content\\\/uploads\\\/2025\\\/03\\\/1743253466014thumbs_b_c_6fe88327c90d8622dfa302ef2d4ab0c3.jpg\",\"contentUrl\":\"https:\\\/\\\/haberkuzey.com\\\/wp-content\\\/uploads\\\/2025\\\/03\\\/1743253466014thumbs_b_c_6fe88327c90d8622dfa302ef2d4ab0c3.jpg\",\"width\":864,\"height\":486},{\"@type\":\"BreadcrumbList\",\"@id\":\"https:\\\/\\\/haberkuzey.com\\\/index.php\\\/2025\\\/03\\\/29\\\/erdogan-katar-emiri-al-sani-ile-telefonda-gorustu\\\/#breadcrumb\",\"itemListElement\":[{\"@type\":\"ListItem\",\"position\":1,\"name\":\"Anasayfa\",\"item\":\"https:\\\/\\\/haberkuzey.com\\\/\"},{\"@type\":\"ListItem\",\"position\":2,\"name\":\"Erdo\u011fan, Katar Emiri Al Sani ile telefonda g\u00f6r\u00fc\u015ft\u00fc\"}]},{\"@type\":\"WebSite\",\"@id\":\"https:\\\/\\\/haberkuzey.com\\\/#website\",\"url\":\"https:\\\/\\\/haberkuzey.com\\\/\",\"name\":\"Haber Kuzey\",\"description\":\"Do\u011fru Haberin Adresi\",\"potentialAction\":[{\"@type\":\"SearchAction\",\"target\":{\"@type\":\"EntryPoint\",\"urlTemplate\":\"https:\\\/\\\/haberkuzey.com\\\/?s={search_term_string}\"},\"query-input\":{\"@type\":\"PropertyValueSpecification\",\"valueRequired\":true,\"valueName\":\"search_term_string\"}}],\"inLanguage\":\"tr\"},{\"@type\":\"Person\",\"@id\":\"https:\\\/\\\/haberkuzey.com\\\/#\\\/schema\\\/person\\\/3372109ec735f9333f4fa47ebb9605ca\",\"name\":\"haberkuzey\",\"image\":{\"@type\":\"ImageObject\",\"inLanguage\":\"tr\",\"@id\":\"https:\\\/\\\/secure.gravatar.com\\\/avatar\\\/f5fc875574b1575324358c3b9e6a32b8227aa5b74f3fa22e3cadb63e26fcc39c?s=96&d=mm&r=g\",\"url\":\"https:\\\/\\\/secure.gravatar.com\\\/avatar\\\/f5fc875574b1575324358c3b9e6a32b8227aa5b74f3fa22e3cadb63e26fcc39c?s=96&d=mm&r=g\",\"contentUrl\":\"https:\\\/\\\/secure.gravatar.com\\\/avatar\\\/f5fc875574b1575324358c3b9e6a32b8227aa5b74f3fa22e3cadb63e26fcc39c?s=96&d=mm&r=g\",\"caption\":\"haberkuzey\"},\"sameAs\":[\"https:\\\/\\\/haberkuzey.com\"],\"url\":\"https:\\\/\\\/haberkuzey.com\\\/index.php\\\/author\\\/haberkuzey\\\/\"}]}<\/script>\n<!-- \/ Yoast SEO plugin. -->","yoast_head_json":{"title":"Erdo\u011fan, Katar Emiri Al Sani ile telefonda g\u00f6r\u00fc\u015ft\u00fc - Haber Kuzey","robots":{"index":"index","follow":"follow","max-snippet":"max-snippet:-1","max-image-preview":"max-image-preview:large","max-video-preview":"max-video-preview:-1"},"canonical":"https:\/\/haberkuzey.com\/index.php\/2025\/03\/29\/erdogan-katar-emiri-al-sani-ile-telefonda-gorustu\/","og_locale":"tr_TR","og_type":"article","og_title":"Erdo\u011fan, Katar Emiri Al Sani ile telefonda g\u00f6r\u00fc\u015ft\u00fc - Haber Kuzey","og_description":"T\u00fcrkiye Cumhurba\u015fkan\u0131 Recep Tayyip Erdo\u011fan, Katar Emiri \u015eeyh Temim bin Hamad Al Sani ile ger\u00e7ekle\u015ftirdi\u011fi telefon g\u00f6r\u00fc\u015fmesinde, \u0130srail\u2019in Gazze, L\u00fcbnan ve Suriye\u2019deki sald\u0131r\u0131lar\u0131 ve zul\u00fcmleri sebebiyle bayram\u0131n buruk kar\u015f\u0131land\u0131\u011f\u0131n\u0131, akan kan ve g\u00f6zya\u015flar\u0131n\u0131n dindirilmesi ve mazlumlara yard\u0131m i\u00e7in azami gayret g\u00f6stermeye devam edeceklerini belirtti. TC Cumhurba\u015fkanl\u0131\u011f\u0131 \u0130leti\u015fim Ba\u015fkanl\u0131\u011f\u0131ndan yap\u0131lan a\u00e7\u0131klamaya g\u00f6re, T\u00fcrkiye Cumhurba\u015fkan\u0131 Erdo\u011fan ile [&hellip;]","og_url":"https:\/\/haberkuzey.com\/index.php\/2025\/03\/29\/erdogan-katar-emiri-al-sani-ile-telefonda-gorustu\/","og_site_name":"Haber Kuzey","article_published_time":"2025-03-29T15:47:50+00:00","og_image":[{"url":"https:\/\/brtk.net\/wp-content\/uploads\/2025\/03\/29\/1743253466014thumbs_b_c_6fe88327c90d8622dfa302ef2d4ab0c3.jpg?ver=2236f98921a81648d06b5f6105ed60c3","type":"","width":"","height":""}],"author":"haberkuzey","twitter_card":"summary_large_image","twitter_misc":{"Yazan:":"haberkuzey","Tahmini okuma s\u00fcresi":"1 dakika"},"schema":{"@context":"https:\/\/schema.org","@graph":[{"@type":"Article","@id":"https:\/\/haberkuzey.com\/index.php\/2025\/03\/29\/erdogan-katar-emiri-al-sani-ile-telefonda-gorustu\/#article","isPartOf":{"@id":"https:\/\/haberkuzey.com\/index.php\/2025\/03\/29\/erdogan-katar-emiri-al-sani-ile-telefonda-gorustu\/"},"author":{"name":"haberkuzey","@id":"https:\/\/haberkuzey.com\/#\/schema\/person\/3372109ec735f9333f4fa47ebb9605ca"},"headline":"Erdo\u011fan, Katar Emiri Al Sani ile telefonda g\u00f6r\u00fc\u015ft\u00fc","datePublished":"2025-03-29T15:47:50+00:00","mainEntityOfPage":{"@id":"https:\/\/haberkuzey.com\/index.php\/2025\/03\/29\/erdogan-katar-emiri-al-sani-ile-telefonda-gorustu\/"},"wordCount":187,"commentCount":0,"image":{"@id":"https:\/\/haberkuzey.com\/index.php\/2025\/03\/29\/erdogan-katar-emiri-al-sani-ile-telefonda-gorustu\/#primaryimage"},"thumbnailUrl":"https:\/\/haberkuzey.com\/wp-content\/uploads\/2025\/03\/1743253466014thumbs_b_c_6fe88327c90d8622dfa302ef2d4ab0c3.jpg","articleSection":["D\u00fcnya"],"inLanguage":"tr","potentialAction":[{"@type":"CommentAction","name":"Comment","target":["https:\/\/haberkuzey.com\/index.php\/2025\/03\/29\/erdogan-katar-emiri-al-sani-ile-telefonda-gorustu\/#respond"]}]},{"@type":"WebPage","@id":"https:\/\/haberkuzey.com\/index.php\/2025\/03\/29\/erdogan-katar-emiri-al-sani-ile-telefonda-gorustu\/","url":"https:\/\/haberkuzey.com\/index.php\/2025\/03\/29\/erdogan-katar-emiri-al-sani-ile-telefonda-gorustu\/","name":"Erdo\u011fan, Katar Emiri Al Sani ile telefonda g\u00f6r\u00fc\u015ft\u00fc - Haber Kuzey","isPartOf":{"@id":"https:\/\/haberkuzey.com\/#website"},"primaryImageOfPage":{"@id":"https:\/\/haberkuzey.com\/index.php\/2025\/03\/29\/erdogan-katar-emiri-al-sani-ile-telefonda-gorustu\/#primaryimage"},"image":{"@id":"https:\/\/haberkuzey.com\/index.php\/2025\/03\/29\/erdogan-katar-emiri-al-sani-ile-telefonda-gorustu\/#primaryimage"},"thumbnailUrl":"https:\/\/haberkuzey.com\/wp-content\/uploads\/2025\/03\/1743253466014thumbs_b_c_6fe88327c90d8622dfa302ef2d4ab0c3.jpg","datePublished":"2025-03-29T15:47:50+00:00","author":{"@id":"https:\/\/haberkuzey.com\/#\/schema\/person\/3372109ec735f9333f4fa47ebb9605ca"},"breadcrumb":{"@id":"https:\/\/haberkuzey.com\/index.php\/2025\/03\/29\/erdogan-katar-emiri-al-sani-ile-telefonda-gorustu\/#breadcrumb"},"inLanguage":"tr","potentialAction":[{"@type":"ReadAction","target":["https:\/\/haberkuzey.com\/index.php\/2025\/03\/29\/erdogan-katar-emiri-al-sani-ile-telefonda-gorustu\/"]}]},{"@type":"ImageObject","inLanguage":"tr","@id":"https:\/\/haberkuzey.com\/index.php\/2025\/03\/29\/erdogan-katar-emiri-al-sani-ile-telefonda-gorustu\/#primaryimage","url":"https:\/\/haberkuzey.com\/wp-content\/uploads\/2025\/03\/1743253466014thumbs_b_c_6fe88327c90d8622dfa302ef2d4ab0c3.jpg","contentUrl":"https:\/\/haberkuzey.com\/wp-content\/uploads\/2025\/03\/1743253466014thumbs_b_c_6fe88327c90d8622dfa302ef2d4ab0c3.jpg","width":864,"height":486},{"@type":"BreadcrumbList","@id":"https:\/\/haberkuzey.com\/index.php\/2025\/03\/29\/erdogan-katar-emiri-al-sani-ile-telefonda-gorustu\/#breadcrumb","itemListElement":[{"@type":"ListItem","position":1,"name":"Anasayfa","item":"https:\/\/haberkuzey.com\/"},{"@type":"ListItem","position":2,"name":"Erdo\u011fan, Katar Emiri Al Sani ile telefonda g\u00f6r\u00fc\u015ft\u00fc"}]},{"@type":"WebSite","@id":"https:\/\/haberkuzey.com\/#website","url":"https:\/\/haberkuzey.com\/","name":"Haber Kuzey","description":"Do\u011fru Haberin Adresi","potentialAction":[{"@type":"SearchAction","target":{"@type":"EntryPoint","urlTemplate":"https:\/\/haberkuzey.com\/?s={search_term_string}"},"query-input":{"@type":"PropertyValueSpecification","valueRequired":true,"valueName":"search_term_string"}}],"inLanguage":"tr"},{"@type":"Person","@id":"https:\/\/haberkuzey.com\/#\/schema\/person\/3372109ec735f9333f4fa47ebb9605ca","name":"haberkuzey","image":{"@type":"ImageObject","inLanguage":"tr","@id":"https:\/\/secure.gravatar.com\/avatar\/f5fc875574b1575324358c3b9e6a32b8227aa5b74f3fa22e3cadb63e26fcc39c?s=96&d=mm&r=g","url":"https:\/\/secure.gravatar.com\/avatar\/f5fc875574b1575324358c3b9e6a32b8227aa5b74f3fa22e3cadb63e26fcc39c?s=96&d=mm&r=g","contentUrl":"https:\/\/secure.gravatar.com\/avatar\/f5fc875574b1575324358c3b9e6a32b8227aa5b74f3fa22e3cadb63e26fcc39c?s=96&d=mm&r=g","caption":"haberkuzey"},"sameAs":["https:\/\/haberkuzey.com"],"url":"https:\/\/haberkuzey.com\/index.php\/author\/haberkuzey\/"}]}},"_links":{"self":[{"href":"https:\/\/haberkuzey.com\/index.php\/wp-json\/wp\/v2\/posts\/21037","targetHints":{"allow":["GET"]}}],"collection":[{"href":"https:\/\/haberkuzey.com\/index.php\/wp-json\/wp\/v2\/posts"}],"about":[{"href":"https:\/\/haberkuzey.com\/index.php\/wp-json\/wp\/v2\/types\/post"}],"author":[{"embeddable":true,"href":"https:\/\/haberkuzey.com\/index.php\/wp-json\/wp\/v2\/users\/1"}],"replies":[{"embeddable":true,"href":"https:\/\/haberkuzey.com\/index.php\/wp-json\/wp\/v2\/comments?post=21037"}],"version-history":[{"count":0,"href":"https:\/\/haberkuzey.com\/index.php\/wp-json\/wp\/v2\/posts\/21037\/revisions"}],"wp:featuredmedia":[{"embeddable":true,"href":"https:\/\/haberkuzey.com\/index.php\/wp-json\/wp\/v2\/media\/21038"}],"wp:attachment":[{"href":"https:\/\/haberkuzey.com\/index.php\/wp-json\/wp\/v2\/media?parent=21037"}],"wp:term":[{"taxonomy":"category","embeddable":true,"href":"https:\/\/haberkuzey.com\/index.php\/wp-json\/wp\/v2\/categories?post=21037"},{"taxonomy":"post_tag","embeddable":true,"href":"https:\/\/haberkuzey.com\/index.php\/wp-json\/wp\/v2\/tags?post=21037"}],"curies":[{"name":"wp","href":"https:\/\/api.w.org\/{rel}","templated":true}]}}