{"id":21031,"date":"2025-03-29T17:25:13","date_gmt":"2025-03-29T15:25:13","guid":{"rendered":"https:\/\/haberkuzey.com\/index.php\/2025\/03\/29\/chp-istanbul-maltepede-miting-yapti\/"},"modified":"2025-03-29T17:25:13","modified_gmt":"2025-03-29T15:25:13","slug":"chp-istanbul-maltepede-miting-yapti","status":"publish","type":"post","link":"https:\/\/haberkuzey.com\/index.php\/2025\/03\/29\/chp-istanbul-maltepede-miting-yapti\/","title":{"rendered":"CHP Istanbul Maltepe\u2019de miting yapt\u0131"},"content":{"rendered":"<div>\n<div class=\"mariselle-image-container center\">\n                                            <\/div>\n<p>Cumhuriyet Halk Partisi, tutuklanan \u0130stanbul B\u00fcy\u00fck\u015fehir Belediye (\u0130BB) Ba\u015fkan\u0131 Ekrem \u0130mamo\u011flu i\u00e7in \u0130stanbul Maltepe\u2019de miting d\u00fczenledi. <\/p>\n<p>\u00c7ok say\u0131da ki\u015finin kat\u0131ld\u0131\u011f\u0131 mitingde \u0130mamo\u011flu\u2019nun e\u015fi Dilek \u0130mamo\u011flu, CHP \u0130stanbul \u0130l Ba\u015fkan\u0131 \u00d6zg\u00fcr \u00c7elik, Ankara Belediye Ba\u015fkan\u0131 Mansur Yava\u015f ve CHP Genel Ba\u015fkan\u0131 \u00d6zg\u00fcr \u00d6zel birer konu\u015fma yapt\u0131. \u0130BB Ba\u015fkan\u0131 Ekrem \u0130mamo\u011flu\u2019nun Marmara (Silivri) Cezaevi\u2019nden miting alan\u0131na g\u00f6nderdi\u011fi mektup da okundu<\/p>\n<p> CHP Genel Ba\u015fkan\u0131 \u00d6zg\u00fcr \u00d6zel, \u201cBiz art\u0131k endi\u015feyi, korkuyu ve yorgunlu\u011fu evde b\u0131rakt\u0131k. Sokaklarday\u0131z. Meydanlarday\u0131z. Bug\u00fcn burada bir tarih yaz\u0131yorsunuz.\u201d dedi.<\/p>\n<p>\u00d6zel, Sara\u00e7hane\u2019de ger\u00e7ekle\u015fen eylemler i\u00e7in, \u201c\u00d6nlerine \u00e7ekilen barikat\u0131 kimseye zarar vermeden devirip ge\u00e7en, Sara\u00e7hane\u2019ye toplanan y\u00fczbinler gelece\u011fimize \u0130stanbul\u2019un gelece\u011fine, gelecek cumhurba\u015fkan\u0131m\u0131za iktidar\u0131m\u0131za sahip \u00e7\u0131kt\u0131lar.\u201d ifadelerini kulland\u0131.<\/p>\n<\/p><\/div>\n<p><script async\n                    defer\n                    crossorigin=\"anonymous\"\n                    src=\"https:\/\/connect.facebook.net\/tr_TR\/sdk.js#xfbml=1&#038;version=v3.3\"\n            ><\/script><\/p>\n","protected":false},"excerpt":{"rendered":"<p>Cumhuriyet Halk Partisi, tutuklanan \u0130stanbul B\u00fcy\u00fck\u015fehir Belediye (\u0130BB) Ba\u015fkan\u0131 Ekrem \u0130mamo\u011flu i\u00e7in \u0130stanbul Maltepe\u2019de miting d\u00fczenledi. \u00c7ok say\u0131da ki\u015finin kat\u0131ld\u0131\u011f\u0131 mitingde \u0130mamo\u011flu\u2019nun e\u015fi Dilek \u0130mamo\u011flu, CHP \u0130stanbul \u0130l Ba\u015fkan\u0131 \u00d6zg\u00fcr \u00c7elik, Ankara Belediye Ba\u015fkan\u0131 Mansur Yava\u015f ve CHP Genel Ba\u015fkan\u0131 \u00d6zg\u00fcr \u00d6zel birer konu\u015fma yapt\u0131. \u0130BB Ba\u015fkan\u0131 Ekrem \u0130mamo\u011flu\u2019nun Marmara (Silivri) Cezaevi\u2019nden miting alan\u0131na g\u00f6nderdi\u011fi [&hellip;]<\/p>\n","protected":false},"author":1,"featured_media":21032,"comment_status":"open","ping_status":"open","sticky":false,"template":"","format":"standard","meta":{"jnews-multi-image_gallery":[],"jnews_single_post":[],"jnews_primary_category":[],"footnotes":""},"categories":[2],"tags":[],"class_list":["post-21031","post","type-post","status-publish","format-standard","has-post-thumbnail","hentry","category-dunya"],"yoast_head":"<!-- This site is optimized with the Yoast SEO plugin v27.5 - https:\/\/yoast.com\/product\/yoast-seo-wordpress\/ -->\n<title>CHP Istanbul Maltepe\u2019de miting yapt\u0131 - Haber Kuzey<\/title>\n<meta name=\"robots\" content=\"index, follow, max-snippet:-1, max-image-preview:large, max-video-preview:-1\" \/>\n<link rel=\"canonical\" href=\"https:\/\/haberkuzey.com\/index.php\/2025\/03\/29\/chp-istanbul-maltepede-miting-yapti\/\" \/>\n<meta property=\"og:locale\" content=\"tr_TR\" \/>\n<meta property=\"og:type\" content=\"article\" \/>\n<meta property=\"og:title\" content=\"CHP Istanbul Maltepe\u2019de miting yapt\u0131 - Haber Kuzey\" \/>\n<meta property=\"og:description\" content=\"Cumhuriyet Halk Partisi, tutuklanan \u0130stanbul B\u00fcy\u00fck\u015fehir Belediye (\u0130BB) Ba\u015fkan\u0131 Ekrem \u0130mamo\u011flu i\u00e7in \u0130stanbul Maltepe\u2019de miting d\u00fczenledi. \u00c7ok say\u0131da ki\u015finin kat\u0131ld\u0131\u011f\u0131 mitingde \u0130mamo\u011flu\u2019nun e\u015fi Dilek \u0130mamo\u011flu, CHP \u0130stanbul \u0130l Ba\u015fkan\u0131 \u00d6zg\u00fcr \u00c7elik, Ankara Belediye Ba\u015fkan\u0131 Mansur Yava\u015f ve CHP Genel Ba\u015fkan\u0131 \u00d6zg\u00fcr \u00d6zel birer konu\u015fma yapt\u0131. \u0130BB Ba\u015fkan\u0131 Ekrem \u0130mamo\u011flu\u2019nun Marmara (Silivri) Cezaevi\u2019nden miting alan\u0131na g\u00f6nderdi\u011fi [&hellip;]\" \/>\n<meta property=\"og:url\" content=\"https:\/\/haberkuzey.com\/index.php\/2025\/03\/29\/chp-istanbul-maltepede-miting-yapti\/\" \/>\n<meta property=\"og:site_name\" content=\"Haber Kuzey\" \/>\n<meta property=\"article:published_time\" content=\"2025-03-29T15:25:13+00:00\" \/>\n<meta property=\"og:image\" content=\"https:\/\/brtk.net\/wp-content\/uploads\/2025\/03\/29\/1743259722787chp-lideri-ozgur-ozel-maltepe-mitinginde-j8ed.png?ver=0611fe1f503e8a1c70f8333a32417aea\" \/>\n<meta name=\"author\" content=\"haberkuzey\" \/>\n<meta name=\"twitter:card\" content=\"summary_large_image\" \/>\n<meta name=\"twitter:label1\" content=\"Yazan:\" \/>\n\t<meta name=\"twitter:data1\" content=\"haberkuzey\" \/>\n\t<meta name=\"twitter:label2\" content=\"Tahmini okuma s\u00fcresi\" \/>\n\t<meta name=\"twitter:data2\" content=\"1 dakika\" \/>\n<script type=\"application\/ld+json\" class=\"yoast-schema-graph\">{\"@context\":\"https:\\\/\\\/schema.org\",\"@graph\":[{\"@type\":\"Article\",\"@id\":\"https:\\\/\\\/haberkuzey.com\\\/index.php\\\/2025\\\/03\\\/29\\\/chp-istanbul-maltepede-miting-yapti\\\/#article\",\"isPartOf\":{\"@id\":\"https:\\\/\\\/haberkuzey.com\\\/index.php\\\/2025\\\/03\\\/29\\\/chp-istanbul-maltepede-miting-yapti\\\/\"},\"author\":{\"name\":\"haberkuzey\",\"@id\":\"https:\\\/\\\/haberkuzey.com\\\/#\\\/schema\\\/person\\\/3372109ec735f9333f4fa47ebb9605ca\"},\"headline\":\"CHP Istanbul Maltepe\u2019de miting yapt\u0131\",\"datePublished\":\"2025-03-29T15:25:13+00:00\",\"mainEntityOfPage\":{\"@id\":\"https:\\\/\\\/haberkuzey.com\\\/index.php\\\/2025\\\/03\\\/29\\\/chp-istanbul-maltepede-miting-yapti\\\/\"},\"wordCount\":168,\"commentCount\":0,\"image\":{\"@id\":\"https:\\\/\\\/haberkuzey.com\\\/index.php\\\/2025\\\/03\\\/29\\\/chp-istanbul-maltepede-miting-yapti\\\/#primaryimage\"},\"thumbnailUrl\":\"https:\\\/\\\/haberkuzey.com\\\/wp-content\\\/uploads\\\/2025\\\/03\\\/1743259722787chp-lideri-ozgur-ozel-maltepe-mitinginde-j8ed.png\",\"articleSection\":[\"D\u00fcnya\"],\"inLanguage\":\"tr\",\"potentialAction\":[{\"@type\":\"CommentAction\",\"name\":\"Comment\",\"target\":[\"https:\\\/\\\/haberkuzey.com\\\/index.php\\\/2025\\\/03\\\/29\\\/chp-istanbul-maltepede-miting-yapti\\\/#respond\"]}]},{\"@type\":\"WebPage\",\"@id\":\"https:\\\/\\\/haberkuzey.com\\\/index.php\\\/2025\\\/03\\\/29\\\/chp-istanbul-maltepede-miting-yapti\\\/\",\"url\":\"https:\\\/\\\/haberkuzey.com\\\/index.php\\\/2025\\\/03\\\/29\\\/chp-istanbul-maltepede-miting-yapti\\\/\",\"name\":\"CHP Istanbul Maltepe\u2019de miting yapt\u0131 - Haber Kuzey\",\"isPartOf\":{\"@id\":\"https:\\\/\\\/haberkuzey.com\\\/#website\"},\"primaryImageOfPage\":{\"@id\":\"https:\\\/\\\/haberkuzey.com\\\/index.php\\\/2025\\\/03\\\/29\\\/chp-istanbul-maltepede-miting-yapti\\\/#primaryimage\"},\"image\":{\"@id\":\"https:\\\/\\\/haberkuzey.com\\\/index.php\\\/2025\\\/03\\\/29\\\/chp-istanbul-maltepede-miting-yapti\\\/#primaryimage\"},\"thumbnailUrl\":\"https:\\\/\\\/haberkuzey.com\\\/wp-content\\\/uploads\\\/2025\\\/03\\\/1743259722787chp-lideri-ozgur-ozel-maltepe-mitinginde-j8ed.png\",\"datePublished\":\"2025-03-29T15:25:13+00:00\",\"author\":{\"@id\":\"https:\\\/\\\/haberkuzey.com\\\/#\\\/schema\\\/person\\\/3372109ec735f9333f4fa47ebb9605ca\"},\"breadcrumb\":{\"@id\":\"https:\\\/\\\/haberkuzey.com\\\/index.php\\\/2025\\\/03\\\/29\\\/chp-istanbul-maltepede-miting-yapti\\\/#breadcrumb\"},\"inLanguage\":\"tr\",\"potentialAction\":[{\"@type\":\"ReadAction\",\"target\":[\"https:\\\/\\\/haberkuzey.com\\\/index.php\\\/2025\\\/03\\\/29\\\/chp-istanbul-maltepede-miting-yapti\\\/\"]}]},{\"@type\":\"ImageObject\",\"inLanguage\":\"tr\",\"@id\":\"https:\\\/\\\/haberkuzey.com\\\/index.php\\\/2025\\\/03\\\/29\\\/chp-istanbul-maltepede-miting-yapti\\\/#primaryimage\",\"url\":\"https:\\\/\\\/haberkuzey.com\\\/wp-content\\\/uploads\\\/2025\\\/03\\\/1743259722787chp-lideri-ozgur-ozel-maltepe-mitinginde-j8ed.png\",\"contentUrl\":\"https:\\\/\\\/haberkuzey.com\\\/wp-content\\\/uploads\\\/2025\\\/03\\\/1743259722787chp-lideri-ozgur-ozel-maltepe-mitinginde-j8ed.png\",\"width\":1280,\"height\":720},{\"@type\":\"BreadcrumbList\",\"@id\":\"https:\\\/\\\/haberkuzey.com\\\/index.php\\\/2025\\\/03\\\/29\\\/chp-istanbul-maltepede-miting-yapti\\\/#breadcrumb\",\"itemListElement\":[{\"@type\":\"ListItem\",\"position\":1,\"name\":\"Anasayfa\",\"item\":\"https:\\\/\\\/haberkuzey.com\\\/\"},{\"@type\":\"ListItem\",\"position\":2,\"name\":\"CHP Istanbul Maltepe\u2019de miting yapt\u0131\"}]},{\"@type\":\"WebSite\",\"@id\":\"https:\\\/\\\/haberkuzey.com\\\/#website\",\"url\":\"https:\\\/\\\/haberkuzey.com\\\/\",\"name\":\"Haber Kuzey\",\"description\":\"Do\u011fru Haberin Adresi\",\"potentialAction\":[{\"@type\":\"SearchAction\",\"target\":{\"@type\":\"EntryPoint\",\"urlTemplate\":\"https:\\\/\\\/haberkuzey.com\\\/?s={search_term_string}\"},\"query-input\":{\"@type\":\"PropertyValueSpecification\",\"valueRequired\":true,\"valueName\":\"search_term_string\"}}],\"inLanguage\":\"tr\"},{\"@type\":\"Person\",\"@id\":\"https:\\\/\\\/haberkuzey.com\\\/#\\\/schema\\\/person\\\/3372109ec735f9333f4fa47ebb9605ca\",\"name\":\"haberkuzey\",\"image\":{\"@type\":\"ImageObject\",\"inLanguage\":\"tr\",\"@id\":\"https:\\\/\\\/secure.gravatar.com\\\/avatar\\\/f5fc875574b1575324358c3b9e6a32b8227aa5b74f3fa22e3cadb63e26fcc39c?s=96&d=mm&r=g\",\"url\":\"https:\\\/\\\/secure.gravatar.com\\\/avatar\\\/f5fc875574b1575324358c3b9e6a32b8227aa5b74f3fa22e3cadb63e26fcc39c?s=96&d=mm&r=g\",\"contentUrl\":\"https:\\\/\\\/secure.gravatar.com\\\/avatar\\\/f5fc875574b1575324358c3b9e6a32b8227aa5b74f3fa22e3cadb63e26fcc39c?s=96&d=mm&r=g\",\"caption\":\"haberkuzey\"},\"sameAs\":[\"https:\\\/\\\/haberkuzey.com\"],\"url\":\"https:\\\/\\\/haberkuzey.com\\\/index.php\\\/author\\\/haberkuzey\\\/\"}]}<\/script>\n<!-- \/ Yoast SEO plugin. -->","yoast_head_json":{"title":"CHP Istanbul Maltepe\u2019de miting yapt\u0131 - Haber Kuzey","robots":{"index":"index","follow":"follow","max-snippet":"max-snippet:-1","max-image-preview":"max-image-preview:large","max-video-preview":"max-video-preview:-1"},"canonical":"https:\/\/haberkuzey.com\/index.php\/2025\/03\/29\/chp-istanbul-maltepede-miting-yapti\/","og_locale":"tr_TR","og_type":"article","og_title":"CHP Istanbul Maltepe\u2019de miting yapt\u0131 - Haber Kuzey","og_description":"Cumhuriyet Halk Partisi, tutuklanan \u0130stanbul B\u00fcy\u00fck\u015fehir Belediye (\u0130BB) Ba\u015fkan\u0131 Ekrem \u0130mamo\u011flu i\u00e7in \u0130stanbul Maltepe\u2019de miting d\u00fczenledi. \u00c7ok say\u0131da ki\u015finin kat\u0131ld\u0131\u011f\u0131 mitingde \u0130mamo\u011flu\u2019nun e\u015fi Dilek \u0130mamo\u011flu, CHP \u0130stanbul \u0130l Ba\u015fkan\u0131 \u00d6zg\u00fcr \u00c7elik, Ankara Belediye Ba\u015fkan\u0131 Mansur Yava\u015f ve CHP Genel Ba\u015fkan\u0131 \u00d6zg\u00fcr \u00d6zel birer konu\u015fma yapt\u0131. \u0130BB Ba\u015fkan\u0131 Ekrem \u0130mamo\u011flu\u2019nun Marmara (Silivri) Cezaevi\u2019nden miting alan\u0131na g\u00f6nderdi\u011fi [&hellip;]","og_url":"https:\/\/haberkuzey.com\/index.php\/2025\/03\/29\/chp-istanbul-maltepede-miting-yapti\/","og_site_name":"Haber Kuzey","article_published_time":"2025-03-29T15:25:13+00:00","og_image":[{"url":"https:\/\/brtk.net\/wp-content\/uploads\/2025\/03\/29\/1743259722787chp-lideri-ozgur-ozel-maltepe-mitinginde-j8ed.png?ver=0611fe1f503e8a1c70f8333a32417aea","type":"","width":"","height":""}],"author":"haberkuzey","twitter_card":"summary_large_image","twitter_misc":{"Yazan:":"haberkuzey","Tahmini okuma s\u00fcresi":"1 dakika"},"schema":{"@context":"https:\/\/schema.org","@graph":[{"@type":"Article","@id":"https:\/\/haberkuzey.com\/index.php\/2025\/03\/29\/chp-istanbul-maltepede-miting-yapti\/#article","isPartOf":{"@id":"https:\/\/haberkuzey.com\/index.php\/2025\/03\/29\/chp-istanbul-maltepede-miting-yapti\/"},"author":{"name":"haberkuzey","@id":"https:\/\/haberkuzey.com\/#\/schema\/person\/3372109ec735f9333f4fa47ebb9605ca"},"headline":"CHP Istanbul Maltepe\u2019de miting yapt\u0131","datePublished":"2025-03-29T15:25:13+00:00","mainEntityOfPage":{"@id":"https:\/\/haberkuzey.com\/index.php\/2025\/03\/29\/chp-istanbul-maltepede-miting-yapti\/"},"wordCount":168,"commentCount":0,"image":{"@id":"https:\/\/haberkuzey.com\/index.php\/2025\/03\/29\/chp-istanbul-maltepede-miting-yapti\/#primaryimage"},"thumbnailUrl":"https:\/\/haberkuzey.com\/wp-content\/uploads\/2025\/03\/1743259722787chp-lideri-ozgur-ozel-maltepe-mitinginde-j8ed.png","articleSection":["D\u00fcnya"],"inLanguage":"tr","potentialAction":[{"@type":"CommentAction","name":"Comment","target":["https:\/\/haberkuzey.com\/index.php\/2025\/03\/29\/chp-istanbul-maltepede-miting-yapti\/#respond"]}]},{"@type":"WebPage","@id":"https:\/\/haberkuzey.com\/index.php\/2025\/03\/29\/chp-istanbul-maltepede-miting-yapti\/","url":"https:\/\/haberkuzey.com\/index.php\/2025\/03\/29\/chp-istanbul-maltepede-miting-yapti\/","name":"CHP Istanbul Maltepe\u2019de miting yapt\u0131 - Haber Kuzey","isPartOf":{"@id":"https:\/\/haberkuzey.com\/#website"},"primaryImageOfPage":{"@id":"https:\/\/haberkuzey.com\/index.php\/2025\/03\/29\/chp-istanbul-maltepede-miting-yapti\/#primaryimage"},"image":{"@id":"https:\/\/haberkuzey.com\/index.php\/2025\/03\/29\/chp-istanbul-maltepede-miting-yapti\/#primaryimage"},"thumbnailUrl":"https:\/\/haberkuzey.com\/wp-content\/uploads\/2025\/03\/1743259722787chp-lideri-ozgur-ozel-maltepe-mitinginde-j8ed.png","datePublished":"2025-03-29T15:25:13+00:00","author":{"@id":"https:\/\/haberkuzey.com\/#\/schema\/person\/3372109ec735f9333f4fa47ebb9605ca"},"breadcrumb":{"@id":"https:\/\/haberkuzey.com\/index.php\/2025\/03\/29\/chp-istanbul-maltepede-miting-yapti\/#breadcrumb"},"inLanguage":"tr","potentialAction":[{"@type":"ReadAction","target":["https:\/\/haberkuzey.com\/index.php\/2025\/03\/29\/chp-istanbul-maltepede-miting-yapti\/"]}]},{"@type":"ImageObject","inLanguage":"tr","@id":"https:\/\/haberkuzey.com\/index.php\/2025\/03\/29\/chp-istanbul-maltepede-miting-yapti\/#primaryimage","url":"https:\/\/haberkuzey.com\/wp-content\/uploads\/2025\/03\/1743259722787chp-lideri-ozgur-ozel-maltepe-mitinginde-j8ed.png","contentUrl":"https:\/\/haberkuzey.com\/wp-content\/uploads\/2025\/03\/1743259722787chp-lideri-ozgur-ozel-maltepe-mitinginde-j8ed.png","width":1280,"height":720},{"@type":"BreadcrumbList","@id":"https:\/\/haberkuzey.com\/index.php\/2025\/03\/29\/chp-istanbul-maltepede-miting-yapti\/#breadcrumb","itemListElement":[{"@type":"ListItem","position":1,"name":"Anasayfa","item":"https:\/\/haberkuzey.com\/"},{"@type":"ListItem","position":2,"name":"CHP Istanbul Maltepe\u2019de miting yapt\u0131"}]},{"@type":"WebSite","@id":"https:\/\/haberkuzey.com\/#website","url":"https:\/\/haberkuzey.com\/","name":"Haber Kuzey","description":"Do\u011fru Haberin Adresi","potentialAction":[{"@type":"SearchAction","target":{"@type":"EntryPoint","urlTemplate":"https:\/\/haberkuzey.com\/?s={search_term_string}"},"query-input":{"@type":"PropertyValueSpecification","valueRequired":true,"valueName":"search_term_string"}}],"inLanguage":"tr"},{"@type":"Person","@id":"https:\/\/haberkuzey.com\/#\/schema\/person\/3372109ec735f9333f4fa47ebb9605ca","name":"haberkuzey","image":{"@type":"ImageObject","inLanguage":"tr","@id":"https:\/\/secure.gravatar.com\/avatar\/f5fc875574b1575324358c3b9e6a32b8227aa5b74f3fa22e3cadb63e26fcc39c?s=96&d=mm&r=g","url":"https:\/\/secure.gravatar.com\/avatar\/f5fc875574b1575324358c3b9e6a32b8227aa5b74f3fa22e3cadb63e26fcc39c?s=96&d=mm&r=g","contentUrl":"https:\/\/secure.gravatar.com\/avatar\/f5fc875574b1575324358c3b9e6a32b8227aa5b74f3fa22e3cadb63e26fcc39c?s=96&d=mm&r=g","caption":"haberkuzey"},"sameAs":["https:\/\/haberkuzey.com"],"url":"https:\/\/haberkuzey.com\/index.php\/author\/haberkuzey\/"}]}},"_links":{"self":[{"href":"https:\/\/haberkuzey.com\/index.php\/wp-json\/wp\/v2\/posts\/21031","targetHints":{"allow":["GET"]}}],"collection":[{"href":"https:\/\/haberkuzey.com\/index.php\/wp-json\/wp\/v2\/posts"}],"about":[{"href":"https:\/\/haberkuzey.com\/index.php\/wp-json\/wp\/v2\/types\/post"}],"author":[{"embeddable":true,"href":"https:\/\/haberkuzey.com\/index.php\/wp-json\/wp\/v2\/users\/1"}],"replies":[{"embeddable":true,"href":"https:\/\/haberkuzey.com\/index.php\/wp-json\/wp\/v2\/comments?post=21031"}],"version-history":[{"count":0,"href":"https:\/\/haberkuzey.com\/index.php\/wp-json\/wp\/v2\/posts\/21031\/revisions"}],"wp:featuredmedia":[{"embeddable":true,"href":"https:\/\/haberkuzey.com\/index.php\/wp-json\/wp\/v2\/media\/21032"}],"wp:attachment":[{"href":"https:\/\/haberkuzey.com\/index.php\/wp-json\/wp\/v2\/media?parent=21031"}],"wp:term":[{"taxonomy":"category","embeddable":true,"href":"https:\/\/haberkuzey.com\/index.php\/wp-json\/wp\/v2\/categories?post=21031"},{"taxonomy":"post_tag","embeddable":true,"href":"https:\/\/haberkuzey.com\/index.php\/wp-json\/wp\/v2\/tags?post=21031"}],"curies":[{"name":"wp","href":"https:\/\/api.w.org\/{rel}","templated":true}]}}