{"id":21003,"date":"2025-03-29T13:42:41","date_gmt":"2025-03-29T11:42:41","guid":{"rendered":"https:\/\/haberkuzey.com\/index.php\/2025\/03\/29\/turkiye-cumhuriyet-tarihinin-en-yuksek-ikinci-gunluk-ihracati-dun-kaydedildi\/"},"modified":"2025-03-29T13:42:41","modified_gmt":"2025-03-29T11:42:41","slug":"turkiye-cumhuriyet-tarihinin-en-yuksek-ikinci-gunluk-ihracati-dun-kaydedildi","status":"publish","type":"post","link":"https:\/\/haberkuzey.com\/index.php\/2025\/03\/29\/turkiye-cumhuriyet-tarihinin-en-yuksek-ikinci-gunluk-ihracati-dun-kaydedildi\/","title":{"rendered":"T\u00fcrkiye Cumhuriyet tarihinin en y\u00fcksek ikinci g\u00fcnl\u00fck ihracat\u0131 d\u00fcn kaydedildi"},"content":{"rendered":"<div>\n<div class=\"mariselle-image-container center\">\n                                            <\/div>\n<p>T\u00fcrkiye Ticaret Bakan\u0131 \u00d6mer Bolat, mal ihracat\u0131nda Cumhuriyet tarihinin en y\u00fcksek ikinci g\u00fcnl\u00fck ihracat rakam\u0131na ula\u015f\u0131ld\u0131\u011f\u0131n\u0131 bildirerek, \u201cCuma g\u00fcn\u00fc ger\u00e7ekle\u015fen 2 milyar 65 milyon dolarl\u0131k g\u00fcnl\u00fck mal ihracat\u0131 rakam\u0131, 101 y\u0131ll\u0131k Cumhuriyet tarihimizin en y\u00fcksek ikinci g\u00fcnl\u00fck ihracat rakam\u0131 olarak tarihe ge\u00e7mi\u015ftir.\u201d ifadesini kulland\u0131.<\/p>\n<p>Bolat, sosyal medya hesab\u0131ndan g\u00fcnl\u00fck ihracatta elde edilen rekora ili\u015fkin payla\u015f\u0131m yapt\u0131.<\/p>\n<p>Ramazan Bayram\u0131\u2019na ihracatta b\u00fcy\u00fck bir ba\u015far\u0131 haberiyle girilece\u011fini aktaran Bolat, \u201cG\u00fcnl\u00fck ihracatta bayram hediyesi. Mal ihracat\u0131nda Cumhuriyet tarihinin en y\u00fcksek ikinci g\u00fcnl\u00fck ihracat rakam\u0131 ger\u00e7ekle\u015ftirildi. Cuma g\u00fcn\u00fc ger\u00e7ekle\u015fen 2 milyar 65 milyon dolarl\u0131k g\u00fcnl\u00fck mal ihracat\u0131 rakam\u0131, 101 y\u0131ll\u0131k Cumhuriyet tarihimizin en y\u00fcksek ikinci g\u00fcnl\u00fck ihracat rakam\u0131 olarak tarihe ge\u00e7mi\u015ftir.\u201d de\u011ferlendirmesinde bulundu.<\/p>\n<p>Bolat, ihracattaki art\u0131\u015f ivmesinin devam etti\u011fine dikkati \u00e7ekerek, \u015funlar\u0131 kaydetti:<\/p>\n<p>\u201cUluslararas\u0131 korumac\u0131l\u0131\u011f\u0131n \u00e7ok artt\u0131\u011f\u0131 bir ortamda, mal ve hizmetler ihracat\u0131m\u0131z \u00fclke ekonomimizin ve ekonomik b\u00fcy\u00fcmenin lokomotifi olmaya devam ediyor. Say\u0131n Cumhurba\u015fkan\u0131\u2019m\u0131z\u0131n gelece\u011fimizin ufku olarak belirledi\u011fi \u2018T\u00fcrkiye Y\u00fczy\u0131l\u0131 Ticaretin Y\u00fczy\u0131l\u0131 olacak\u2019 hedefi do\u011frultusunda h\u00fck\u00fcmetlerimizin son 22 y\u0131lda 7,5 kat art\u0131rarak 377 milyar dolara y\u00fckseltmeyi ba\u015fard\u0131\u011f\u0131 mal ve hizmetler ihracat\u0131m\u0131z, \u00fcretim ve istihdam art\u0131\u015f\u0131na, i\u015fsizli\u011fin azalmas\u0131na, \u00fclkemize kazand\u0131rd\u0131\u011f\u0131 d\u00f6vizlerle d\u0131\u015f ticaret ve cari i\u015flemler hesab\u0131na olumlu katk\u0131lar sa\u011flamaya devam ediyor. Bu vesileyle, b\u00fct\u00fcn ihracat\u00e7\u0131lar\u0131m\u0131za fedakarane ihracat ba\u015far\u0131lar\u0131 i\u00e7in \u00e7ok te\u015fekk\u00fcrler ediyoruz. M\u00fcbarek Ramazan Bayram\u0131\u2019m\u0131z \u00fclkemize, halk\u0131m\u0131za ve t\u00fcm M\u00fcsl\u00fcman alemine sa\u011fl\u0131k, huzur, ba\u015far\u0131 ve esenlik getirsin in\u015fallah. G\u00fczel T\u00fcrkiye\u2019miz.\u201d<\/p>\n<\/p><\/div>\n<p><script async\n                    defer\n                    crossorigin=\"anonymous\"\n                    src=\"https:\/\/connect.facebook.net\/tr_TR\/sdk.js#xfbml=1&#038;version=v3.3\"\n            ><\/script><\/p>\n","protected":false},"excerpt":{"rendered":"<p>T\u00fcrkiye Ticaret Bakan\u0131 \u00d6mer Bolat, mal ihracat\u0131nda Cumhuriyet tarihinin en y\u00fcksek ikinci g\u00fcnl\u00fck ihracat rakam\u0131na ula\u015f\u0131ld\u0131\u011f\u0131n\u0131 bildirerek, \u201cCuma g\u00fcn\u00fc ger\u00e7ekle\u015fen 2 milyar 65 milyon dolarl\u0131k g\u00fcnl\u00fck mal ihracat\u0131 rakam\u0131, 101 y\u0131ll\u0131k Cumhuriyet tarihimizin en y\u00fcksek ikinci g\u00fcnl\u00fck ihracat rakam\u0131 olarak tarihe ge\u00e7mi\u015ftir.\u201d ifadesini kulland\u0131. Bolat, sosyal medya hesab\u0131ndan g\u00fcnl\u00fck ihracatta elde edilen rekora ili\u015fkin payla\u015f\u0131m [&hellip;]<\/p>\n","protected":false},"author":1,"featured_media":21004,"comment_status":"open","ping_status":"open","sticky":false,"template":"","format":"standard","meta":{"jnews-multi-image_gallery":[],"jnews_single_post":[],"jnews_primary_category":[],"footnotes":""},"categories":[2],"tags":[],"class_list":["post-21003","post","type-post","status-publish","format-standard","has-post-thumbnail","hentry","category-dunya"],"yoast_head":"<!-- This site is optimized with the Yoast SEO plugin v27.5 - https:\/\/yoast.com\/product\/yoast-seo-wordpress\/ -->\n<title>T\u00fcrkiye Cumhuriyet tarihinin en y\u00fcksek ikinci g\u00fcnl\u00fck ihracat\u0131 d\u00fcn kaydedildi - Haber Kuzey<\/title>\n<meta name=\"robots\" content=\"index, follow, max-snippet:-1, max-image-preview:large, max-video-preview:-1\" \/>\n<link rel=\"canonical\" href=\"https:\/\/haberkuzey.com\/index.php\/2025\/03\/29\/turkiye-cumhuriyet-tarihinin-en-yuksek-ikinci-gunluk-ihracati-dun-kaydedildi\/\" \/>\n<meta property=\"og:locale\" content=\"tr_TR\" \/>\n<meta property=\"og:type\" content=\"article\" \/>\n<meta property=\"og:title\" content=\"T\u00fcrkiye Cumhuriyet tarihinin en y\u00fcksek ikinci g\u00fcnl\u00fck ihracat\u0131 d\u00fcn kaydedildi - Haber Kuzey\" \/>\n<meta property=\"og:description\" content=\"T\u00fcrkiye Ticaret Bakan\u0131 \u00d6mer Bolat, mal ihracat\u0131nda Cumhuriyet tarihinin en y\u00fcksek ikinci g\u00fcnl\u00fck ihracat rakam\u0131na ula\u015f\u0131ld\u0131\u011f\u0131n\u0131 bildirerek, \u201cCuma g\u00fcn\u00fc ger\u00e7ekle\u015fen 2 milyar 65 milyon dolarl\u0131k g\u00fcnl\u00fck mal ihracat\u0131 rakam\u0131, 101 y\u0131ll\u0131k Cumhuriyet tarihimizin en y\u00fcksek ikinci g\u00fcnl\u00fck ihracat rakam\u0131 olarak tarihe ge\u00e7mi\u015ftir.\u201d ifadesini kulland\u0131. Bolat, sosyal medya hesab\u0131ndan g\u00fcnl\u00fck ihracatta elde edilen rekora ili\u015fkin payla\u015f\u0131m [&hellip;]\" \/>\n<meta property=\"og:url\" content=\"https:\/\/haberkuzey.com\/index.php\/2025\/03\/29\/turkiye-cumhuriyet-tarihinin-en-yuksek-ikinci-gunluk-ihracati-dun-kaydedildi\/\" \/>\n<meta property=\"og:site_name\" content=\"Haber Kuzey\" \/>\n<meta property=\"article:published_time\" content=\"2025-03-29T11:42:41+00:00\" \/>\n<meta property=\"og:image\" content=\"https:\/\/brtk.net\/wp-content\/uploads\/2025\/03\/29\/1743237888168Ekran-goruntusu-2025-03-29-104434.png?ver=417b2a7ff99f36511b9a1ccab515d032\" \/>\n<meta name=\"author\" content=\"haberkuzey\" \/>\n<meta name=\"twitter:card\" content=\"summary_large_image\" \/>\n<meta name=\"twitter:label1\" content=\"Yazan:\" \/>\n\t<meta name=\"twitter:data1\" content=\"haberkuzey\" \/>\n\t<meta name=\"twitter:label2\" content=\"Tahmini okuma s\u00fcresi\" \/>\n\t<meta name=\"twitter:data2\" content=\"2 dakika\" \/>\n<script type=\"application\/ld+json\" class=\"yoast-schema-graph\">{\"@context\":\"https:\\\/\\\/schema.org\",\"@graph\":[{\"@type\":\"Article\",\"@id\":\"https:\\\/\\\/haberkuzey.com\\\/index.php\\\/2025\\\/03\\\/29\\\/turkiye-cumhuriyet-tarihinin-en-yuksek-ikinci-gunluk-ihracati-dun-kaydedildi\\\/#article\",\"isPartOf\":{\"@id\":\"https:\\\/\\\/haberkuzey.com\\\/index.php\\\/2025\\\/03\\\/29\\\/turkiye-cumhuriyet-tarihinin-en-yuksek-ikinci-gunluk-ihracati-dun-kaydedildi\\\/\"},\"author\":{\"name\":\"haberkuzey\",\"@id\":\"https:\\\/\\\/haberkuzey.com\\\/#\\\/schema\\\/person\\\/3372109ec735f9333f4fa47ebb9605ca\"},\"headline\":\"T\u00fcrkiye Cumhuriyet tarihinin en y\u00fcksek ikinci g\u00fcnl\u00fck ihracat\u0131 d\u00fcn kaydedildi\",\"datePublished\":\"2025-03-29T11:42:41+00:00\",\"mainEntityOfPage\":{\"@id\":\"https:\\\/\\\/haberkuzey.com\\\/index.php\\\/2025\\\/03\\\/29\\\/turkiye-cumhuriyet-tarihinin-en-yuksek-ikinci-gunluk-ihracati-dun-kaydedildi\\\/\"},\"wordCount\":337,\"commentCount\":0,\"image\":{\"@id\":\"https:\\\/\\\/haberkuzey.com\\\/index.php\\\/2025\\\/03\\\/29\\\/turkiye-cumhuriyet-tarihinin-en-yuksek-ikinci-gunluk-ihracati-dun-kaydedildi\\\/#primaryimage\"},\"thumbnailUrl\":\"https:\\\/\\\/haberkuzey.com\\\/wp-content\\\/uploads\\\/2025\\\/03\\\/1743237888168Ekran-goruntusu-2025-03-29-104434.png\",\"articleSection\":[\"D\u00fcnya\"],\"inLanguage\":\"tr\",\"potentialAction\":[{\"@type\":\"CommentAction\",\"name\":\"Comment\",\"target\":[\"https:\\\/\\\/haberkuzey.com\\\/index.php\\\/2025\\\/03\\\/29\\\/turkiye-cumhuriyet-tarihinin-en-yuksek-ikinci-gunluk-ihracati-dun-kaydedildi\\\/#respond\"]}]},{\"@type\":\"WebPage\",\"@id\":\"https:\\\/\\\/haberkuzey.com\\\/index.php\\\/2025\\\/03\\\/29\\\/turkiye-cumhuriyet-tarihinin-en-yuksek-ikinci-gunluk-ihracati-dun-kaydedildi\\\/\",\"url\":\"https:\\\/\\\/haberkuzey.com\\\/index.php\\\/2025\\\/03\\\/29\\\/turkiye-cumhuriyet-tarihinin-en-yuksek-ikinci-gunluk-ihracati-dun-kaydedildi\\\/\",\"name\":\"T\u00fcrkiye Cumhuriyet tarihinin en y\u00fcksek ikinci g\u00fcnl\u00fck ihracat\u0131 d\u00fcn kaydedildi - Haber Kuzey\",\"isPartOf\":{\"@id\":\"https:\\\/\\\/haberkuzey.com\\\/#website\"},\"primaryImageOfPage\":{\"@id\":\"https:\\\/\\\/haberkuzey.com\\\/index.php\\\/2025\\\/03\\\/29\\\/turkiye-cumhuriyet-tarihinin-en-yuksek-ikinci-gunluk-ihracati-dun-kaydedildi\\\/#primaryimage\"},\"image\":{\"@id\":\"https:\\\/\\\/haberkuzey.com\\\/index.php\\\/2025\\\/03\\\/29\\\/turkiye-cumhuriyet-tarihinin-en-yuksek-ikinci-gunluk-ihracati-dun-kaydedildi\\\/#primaryimage\"},\"thumbnailUrl\":\"https:\\\/\\\/haberkuzey.com\\\/wp-content\\\/uploads\\\/2025\\\/03\\\/1743237888168Ekran-goruntusu-2025-03-29-104434.png\",\"datePublished\":\"2025-03-29T11:42:41+00:00\",\"author\":{\"@id\":\"https:\\\/\\\/haberkuzey.com\\\/#\\\/schema\\\/person\\\/3372109ec735f9333f4fa47ebb9605ca\"},\"breadcrumb\":{\"@id\":\"https:\\\/\\\/haberkuzey.com\\\/index.php\\\/2025\\\/03\\\/29\\\/turkiye-cumhuriyet-tarihinin-en-yuksek-ikinci-gunluk-ihracati-dun-kaydedildi\\\/#breadcrumb\"},\"inLanguage\":\"tr\",\"potentialAction\":[{\"@type\":\"ReadAction\",\"target\":[\"https:\\\/\\\/haberkuzey.com\\\/index.php\\\/2025\\\/03\\\/29\\\/turkiye-cumhuriyet-tarihinin-en-yuksek-ikinci-gunluk-ihracati-dun-kaydedildi\\\/\"]}]},{\"@type\":\"ImageObject\",\"inLanguage\":\"tr\",\"@id\":\"https:\\\/\\\/haberkuzey.com\\\/index.php\\\/2025\\\/03\\\/29\\\/turkiye-cumhuriyet-tarihinin-en-yuksek-ikinci-gunluk-ihracati-dun-kaydedildi\\\/#primaryimage\",\"url\":\"https:\\\/\\\/haberkuzey.com\\\/wp-content\\\/uploads\\\/2025\\\/03\\\/1743237888168Ekran-goruntusu-2025-03-29-104434.png\",\"contentUrl\":\"https:\\\/\\\/haberkuzey.com\\\/wp-content\\\/uploads\\\/2025\\\/03\\\/1743237888168Ekran-goruntusu-2025-03-29-104434.png\",\"width\":1143,\"height\":642},{\"@type\":\"BreadcrumbList\",\"@id\":\"https:\\\/\\\/haberkuzey.com\\\/index.php\\\/2025\\\/03\\\/29\\\/turkiye-cumhuriyet-tarihinin-en-yuksek-ikinci-gunluk-ihracati-dun-kaydedildi\\\/#breadcrumb\",\"itemListElement\":[{\"@type\":\"ListItem\",\"position\":1,\"name\":\"Anasayfa\",\"item\":\"https:\\\/\\\/haberkuzey.com\\\/\"},{\"@type\":\"ListItem\",\"position\":2,\"name\":\"T\u00fcrkiye Cumhuriyet tarihinin en y\u00fcksek ikinci g\u00fcnl\u00fck ihracat\u0131 d\u00fcn kaydedildi\"}]},{\"@type\":\"WebSite\",\"@id\":\"https:\\\/\\\/haberkuzey.com\\\/#website\",\"url\":\"https:\\\/\\\/haberkuzey.com\\\/\",\"name\":\"Haber Kuzey\",\"description\":\"Do\u011fru Haberin Adresi\",\"potentialAction\":[{\"@type\":\"SearchAction\",\"target\":{\"@type\":\"EntryPoint\",\"urlTemplate\":\"https:\\\/\\\/haberkuzey.com\\\/?s={search_term_string}\"},\"query-input\":{\"@type\":\"PropertyValueSpecification\",\"valueRequired\":true,\"valueName\":\"search_term_string\"}}],\"inLanguage\":\"tr\"},{\"@type\":\"Person\",\"@id\":\"https:\\\/\\\/haberkuzey.com\\\/#\\\/schema\\\/person\\\/3372109ec735f9333f4fa47ebb9605ca\",\"name\":\"haberkuzey\",\"image\":{\"@type\":\"ImageObject\",\"inLanguage\":\"tr\",\"@id\":\"https:\\\/\\\/secure.gravatar.com\\\/avatar\\\/f5fc875574b1575324358c3b9e6a32b8227aa5b74f3fa22e3cadb63e26fcc39c?s=96&d=mm&r=g\",\"url\":\"https:\\\/\\\/secure.gravatar.com\\\/avatar\\\/f5fc875574b1575324358c3b9e6a32b8227aa5b74f3fa22e3cadb63e26fcc39c?s=96&d=mm&r=g\",\"contentUrl\":\"https:\\\/\\\/secure.gravatar.com\\\/avatar\\\/f5fc875574b1575324358c3b9e6a32b8227aa5b74f3fa22e3cadb63e26fcc39c?s=96&d=mm&r=g\",\"caption\":\"haberkuzey\"},\"sameAs\":[\"https:\\\/\\\/haberkuzey.com\"],\"url\":\"https:\\\/\\\/haberkuzey.com\\\/index.php\\\/author\\\/haberkuzey\\\/\"}]}<\/script>\n<!-- \/ Yoast SEO plugin. -->","yoast_head_json":{"title":"T\u00fcrkiye Cumhuriyet tarihinin en y\u00fcksek ikinci g\u00fcnl\u00fck ihracat\u0131 d\u00fcn kaydedildi - Haber Kuzey","robots":{"index":"index","follow":"follow","max-snippet":"max-snippet:-1","max-image-preview":"max-image-preview:large","max-video-preview":"max-video-preview:-1"},"canonical":"https:\/\/haberkuzey.com\/index.php\/2025\/03\/29\/turkiye-cumhuriyet-tarihinin-en-yuksek-ikinci-gunluk-ihracati-dun-kaydedildi\/","og_locale":"tr_TR","og_type":"article","og_title":"T\u00fcrkiye Cumhuriyet tarihinin en y\u00fcksek ikinci g\u00fcnl\u00fck ihracat\u0131 d\u00fcn kaydedildi - Haber Kuzey","og_description":"T\u00fcrkiye Ticaret Bakan\u0131 \u00d6mer Bolat, mal ihracat\u0131nda Cumhuriyet tarihinin en y\u00fcksek ikinci g\u00fcnl\u00fck ihracat rakam\u0131na ula\u015f\u0131ld\u0131\u011f\u0131n\u0131 bildirerek, \u201cCuma g\u00fcn\u00fc ger\u00e7ekle\u015fen 2 milyar 65 milyon dolarl\u0131k g\u00fcnl\u00fck mal ihracat\u0131 rakam\u0131, 101 y\u0131ll\u0131k Cumhuriyet tarihimizin en y\u00fcksek ikinci g\u00fcnl\u00fck ihracat rakam\u0131 olarak tarihe ge\u00e7mi\u015ftir.\u201d ifadesini kulland\u0131. Bolat, sosyal medya hesab\u0131ndan g\u00fcnl\u00fck ihracatta elde edilen rekora ili\u015fkin payla\u015f\u0131m [&hellip;]","og_url":"https:\/\/haberkuzey.com\/index.php\/2025\/03\/29\/turkiye-cumhuriyet-tarihinin-en-yuksek-ikinci-gunluk-ihracati-dun-kaydedildi\/","og_site_name":"Haber Kuzey","article_published_time":"2025-03-29T11:42:41+00:00","og_image":[{"url":"https:\/\/brtk.net\/wp-content\/uploads\/2025\/03\/29\/1743237888168Ekran-goruntusu-2025-03-29-104434.png?ver=417b2a7ff99f36511b9a1ccab515d032","type":"","width":"","height":""}],"author":"haberkuzey","twitter_card":"summary_large_image","twitter_misc":{"Yazan:":"haberkuzey","Tahmini okuma s\u00fcresi":"2 dakika"},"schema":{"@context":"https:\/\/schema.org","@graph":[{"@type":"Article","@id":"https:\/\/haberkuzey.com\/index.php\/2025\/03\/29\/turkiye-cumhuriyet-tarihinin-en-yuksek-ikinci-gunluk-ihracati-dun-kaydedildi\/#article","isPartOf":{"@id":"https:\/\/haberkuzey.com\/index.php\/2025\/03\/29\/turkiye-cumhuriyet-tarihinin-en-yuksek-ikinci-gunluk-ihracati-dun-kaydedildi\/"},"author":{"name":"haberkuzey","@id":"https:\/\/haberkuzey.com\/#\/schema\/person\/3372109ec735f9333f4fa47ebb9605ca"},"headline":"T\u00fcrkiye Cumhuriyet tarihinin en y\u00fcksek ikinci g\u00fcnl\u00fck ihracat\u0131 d\u00fcn kaydedildi","datePublished":"2025-03-29T11:42:41+00:00","mainEntityOfPage":{"@id":"https:\/\/haberkuzey.com\/index.php\/2025\/03\/29\/turkiye-cumhuriyet-tarihinin-en-yuksek-ikinci-gunluk-ihracati-dun-kaydedildi\/"},"wordCount":337,"commentCount":0,"image":{"@id":"https:\/\/haberkuzey.com\/index.php\/2025\/03\/29\/turkiye-cumhuriyet-tarihinin-en-yuksek-ikinci-gunluk-ihracati-dun-kaydedildi\/#primaryimage"},"thumbnailUrl":"https:\/\/haberkuzey.com\/wp-content\/uploads\/2025\/03\/1743237888168Ekran-goruntusu-2025-03-29-104434.png","articleSection":["D\u00fcnya"],"inLanguage":"tr","potentialAction":[{"@type":"CommentAction","name":"Comment","target":["https:\/\/haberkuzey.com\/index.php\/2025\/03\/29\/turkiye-cumhuriyet-tarihinin-en-yuksek-ikinci-gunluk-ihracati-dun-kaydedildi\/#respond"]}]},{"@type":"WebPage","@id":"https:\/\/haberkuzey.com\/index.php\/2025\/03\/29\/turkiye-cumhuriyet-tarihinin-en-yuksek-ikinci-gunluk-ihracati-dun-kaydedildi\/","url":"https:\/\/haberkuzey.com\/index.php\/2025\/03\/29\/turkiye-cumhuriyet-tarihinin-en-yuksek-ikinci-gunluk-ihracati-dun-kaydedildi\/","name":"T\u00fcrkiye Cumhuriyet tarihinin en y\u00fcksek ikinci g\u00fcnl\u00fck ihracat\u0131 d\u00fcn kaydedildi - Haber Kuzey","isPartOf":{"@id":"https:\/\/haberkuzey.com\/#website"},"primaryImageOfPage":{"@id":"https:\/\/haberkuzey.com\/index.php\/2025\/03\/29\/turkiye-cumhuriyet-tarihinin-en-yuksek-ikinci-gunluk-ihracati-dun-kaydedildi\/#primaryimage"},"image":{"@id":"https:\/\/haberkuzey.com\/index.php\/2025\/03\/29\/turkiye-cumhuriyet-tarihinin-en-yuksek-ikinci-gunluk-ihracati-dun-kaydedildi\/#primaryimage"},"thumbnailUrl":"https:\/\/haberkuzey.com\/wp-content\/uploads\/2025\/03\/1743237888168Ekran-goruntusu-2025-03-29-104434.png","datePublished":"2025-03-29T11:42:41+00:00","author":{"@id":"https:\/\/haberkuzey.com\/#\/schema\/person\/3372109ec735f9333f4fa47ebb9605ca"},"breadcrumb":{"@id":"https:\/\/haberkuzey.com\/index.php\/2025\/03\/29\/turkiye-cumhuriyet-tarihinin-en-yuksek-ikinci-gunluk-ihracati-dun-kaydedildi\/#breadcrumb"},"inLanguage":"tr","potentialAction":[{"@type":"ReadAction","target":["https:\/\/haberkuzey.com\/index.php\/2025\/03\/29\/turkiye-cumhuriyet-tarihinin-en-yuksek-ikinci-gunluk-ihracati-dun-kaydedildi\/"]}]},{"@type":"ImageObject","inLanguage":"tr","@id":"https:\/\/haberkuzey.com\/index.php\/2025\/03\/29\/turkiye-cumhuriyet-tarihinin-en-yuksek-ikinci-gunluk-ihracati-dun-kaydedildi\/#primaryimage","url":"https:\/\/haberkuzey.com\/wp-content\/uploads\/2025\/03\/1743237888168Ekran-goruntusu-2025-03-29-104434.png","contentUrl":"https:\/\/haberkuzey.com\/wp-content\/uploads\/2025\/03\/1743237888168Ekran-goruntusu-2025-03-29-104434.png","width":1143,"height":642},{"@type":"BreadcrumbList","@id":"https:\/\/haberkuzey.com\/index.php\/2025\/03\/29\/turkiye-cumhuriyet-tarihinin-en-yuksek-ikinci-gunluk-ihracati-dun-kaydedildi\/#breadcrumb","itemListElement":[{"@type":"ListItem","position":1,"name":"Anasayfa","item":"https:\/\/haberkuzey.com\/"},{"@type":"ListItem","position":2,"name":"T\u00fcrkiye Cumhuriyet tarihinin en y\u00fcksek ikinci g\u00fcnl\u00fck ihracat\u0131 d\u00fcn kaydedildi"}]},{"@type":"WebSite","@id":"https:\/\/haberkuzey.com\/#website","url":"https:\/\/haberkuzey.com\/","name":"Haber Kuzey","description":"Do\u011fru Haberin Adresi","potentialAction":[{"@type":"SearchAction","target":{"@type":"EntryPoint","urlTemplate":"https:\/\/haberkuzey.com\/?s={search_term_string}"},"query-input":{"@type":"PropertyValueSpecification","valueRequired":true,"valueName":"search_term_string"}}],"inLanguage":"tr"},{"@type":"Person","@id":"https:\/\/haberkuzey.com\/#\/schema\/person\/3372109ec735f9333f4fa47ebb9605ca","name":"haberkuzey","image":{"@type":"ImageObject","inLanguage":"tr","@id":"https:\/\/secure.gravatar.com\/avatar\/f5fc875574b1575324358c3b9e6a32b8227aa5b74f3fa22e3cadb63e26fcc39c?s=96&d=mm&r=g","url":"https:\/\/secure.gravatar.com\/avatar\/f5fc875574b1575324358c3b9e6a32b8227aa5b74f3fa22e3cadb63e26fcc39c?s=96&d=mm&r=g","contentUrl":"https:\/\/secure.gravatar.com\/avatar\/f5fc875574b1575324358c3b9e6a32b8227aa5b74f3fa22e3cadb63e26fcc39c?s=96&d=mm&r=g","caption":"haberkuzey"},"sameAs":["https:\/\/haberkuzey.com"],"url":"https:\/\/haberkuzey.com\/index.php\/author\/haberkuzey\/"}]}},"_links":{"self":[{"href":"https:\/\/haberkuzey.com\/index.php\/wp-json\/wp\/v2\/posts\/21003","targetHints":{"allow":["GET"]}}],"collection":[{"href":"https:\/\/haberkuzey.com\/index.php\/wp-json\/wp\/v2\/posts"}],"about":[{"href":"https:\/\/haberkuzey.com\/index.php\/wp-json\/wp\/v2\/types\/post"}],"author":[{"embeddable":true,"href":"https:\/\/haberkuzey.com\/index.php\/wp-json\/wp\/v2\/users\/1"}],"replies":[{"embeddable":true,"href":"https:\/\/haberkuzey.com\/index.php\/wp-json\/wp\/v2\/comments?post=21003"}],"version-history":[{"count":0,"href":"https:\/\/haberkuzey.com\/index.php\/wp-json\/wp\/v2\/posts\/21003\/revisions"}],"wp:featuredmedia":[{"embeddable":true,"href":"https:\/\/haberkuzey.com\/index.php\/wp-json\/wp\/v2\/media\/21004"}],"wp:attachment":[{"href":"https:\/\/haberkuzey.com\/index.php\/wp-json\/wp\/v2\/media?parent=21003"}],"wp:term":[{"taxonomy":"category","embeddable":true,"href":"https:\/\/haberkuzey.com\/index.php\/wp-json\/wp\/v2\/categories?post=21003"},{"taxonomy":"post_tag","embeddable":true,"href":"https:\/\/haberkuzey.com\/index.php\/wp-json\/wp\/v2\/tags?post=21003"}],"curies":[{"name":"wp","href":"https:\/\/api.w.org\/{rel}","templated":true}]}}