{"id":20940,"date":"2025-03-28T11:31:23","date_gmt":"2025-03-28T09:31:23","guid":{"rendered":"https:\/\/haberkuzey.com\/index.php\/2025\/03\/28\/uludagda-otel-yanginina-iliskin-gozalti-sayisi-5e-yukseldi\/"},"modified":"2025-03-28T11:31:23","modified_gmt":"2025-03-28T09:31:23","slug":"uludagda-otel-yanginina-iliskin-gozalti-sayisi-5e-yukseldi","status":"publish","type":"post","link":"https:\/\/haberkuzey.com\/index.php\/2025\/03\/28\/uludagda-otel-yanginina-iliskin-gozalti-sayisi-5e-yukseldi\/","title":{"rendered":"Uluda\u011f\u2019da otel yang\u0131n\u0131na ili\u015fkin g\u00f6zalt\u0131 say\u0131s\u0131 5\u2019e y\u00fckseldi"},"content":{"rendered":"<div>\n<div class=\"mariselle-image-container center\">\n                                            <\/div>\n<p> Uluda\u011f\u2019da milli kayak\u00e7\u0131 Berkin Usta ve babas\u0131 eski milli kayak\u00e7\u0131 Yahya Usta\u2019n\u0131n hayat\u0131n\u0131 kaybetti\u011fi otel yang\u0131n\u0131na ili\u015fkin 4 ki\u015fi daha g\u00f6zalt\u0131na al\u0131nd\u0131.<\/p>\n<p>1. Oteller B\u00f6lgesi\u2019ndeki otelde d\u00fcn sabah saatlerinde \u00e7\u0131kan yang\u0131nla ilgili incelemeler ve soru\u015fturma devam ediyor. Oteli i\u015fleten firman\u0131n y\u00f6neticisi C.K.A. ile a\u00e7\u0131kta b\u0131rakt\u0131klar\u0131 k\u00f6zler nedeniyle \u015f\u00f6minenin yan taraf\u0131nda bulunan s\u00fcs \u00e7i\u00e7e\u011finin tutu\u015fmas\u0131na neden olduklar\u0131 iddia edilen kayak merkezi \u00e7al\u0131\u015fanlar\u0131 T.K, M.K.\u00c7. ve E.T. g\u00f6zalt\u0131na al\u0131nd\u0131. Olay\u0131n ard\u0131ndan y\u00fcr\u00fct\u00fclen soru\u015fturma kapsam\u0131nda d\u00fcn g\u00f6zalt\u0131na al\u0131nan otel m\u00fcd\u00fcr\u00fc T.D\u2019nin de aras\u0131nda bulundu\u011fu 5 ki\u015finin sorgular\u0131 s\u00fcr\u00fcyor.<\/p>\n<p>Uluda\u011f\u2019daki d\u00fcn sabah saatlerinde bir otelde yang\u0131n \u00e7\u0131km\u0131\u015f, ihbar \u00fczerine b\u00f6lgeye \u00e7e\u015fitli kamu kurum ve kurulu\u015flar\u0131ndan sevk edilen 110 personelle yang\u0131n s\u00f6nd\u00fcr\u00fclm\u00fc\u015ft\u00fc. Yang\u0131nda, T\u00fcrkiye Kayak ve Snowboard \u00d6\u011fretmenleri Derne\u011fi Ba\u015fkan\u0131 ve eski milli kayak\u00e7\u0131 Yahya Usta, e\u015fi Fikriye Usta ve milli kayak\u00e7\u0131 o\u011flu Berkin Usta (25), dumandan etkilenmi\u015fti. Otelden bilinci kapal\u0131 \u00e7\u0131kar\u0131lan Usta ailesinden Yahya Usta ve o\u011flu Berkin, yap\u0131lan m\u00fcdahaleye ra\u011fmen kurtar\u0131lamam\u0131\u015ft\u0131.<\/p>\n<p>Hayati tehlikesi bulunan Fikriye Usta ise Bursa Y\u00fcksek \u0130htisas E\u011fitim ve Ara\u015ft\u0131rma Hastanesine sevk edilmi\u015fti. Olay\u0131n ard\u0131ndan y\u00fcr\u00fct\u00fclen soru\u015fturma kapsam\u0131nda otel m\u00fcd\u00fcr\u00fc T.D. g\u00f6zalt\u0131na al\u0131nm\u0131\u015ft\u0131.<\/p>\n<\/p><\/div>\n<p><script async\n                    defer\n                    crossorigin=\"anonymous\"\n                    src=\"https:\/\/connect.facebook.net\/tr_TR\/sdk.js#xfbml=1&#038;version=v3.3\"\n            ><\/script><\/p>\n","protected":false},"excerpt":{"rendered":"<p>Uluda\u011f\u2019da milli kayak\u00e7\u0131 Berkin Usta ve babas\u0131 eski milli kayak\u00e7\u0131 Yahya Usta\u2019n\u0131n hayat\u0131n\u0131 kaybetti\u011fi otel yang\u0131n\u0131na ili\u015fkin 4 ki\u015fi daha g\u00f6zalt\u0131na al\u0131nd\u0131. 1. Oteller B\u00f6lgesi\u2019ndeki otelde d\u00fcn sabah saatlerinde \u00e7\u0131kan yang\u0131nla ilgili incelemeler ve soru\u015fturma devam ediyor. Oteli i\u015fleten firman\u0131n y\u00f6neticisi C.K.A. ile a\u00e7\u0131kta b\u0131rakt\u0131klar\u0131 k\u00f6zler nedeniyle \u015f\u00f6minenin yan taraf\u0131nda bulunan s\u00fcs \u00e7i\u00e7e\u011finin tutu\u015fmas\u0131na neden [&hellip;]<\/p>\n","protected":false},"author":1,"featured_media":20941,"comment_status":"open","ping_status":"open","sticky":false,"template":"","format":"standard","meta":{"jnews-multi-image_gallery":[],"jnews_single_post":[],"jnews_primary_category":[],"footnotes":""},"categories":[2],"tags":[],"class_list":["post-20940","post","type-post","status-publish","format-standard","has-post-thumbnail","hentry","category-dunya"],"yoast_head":"<!-- This site is optimized with the Yoast SEO plugin v27.5 - https:\/\/yoast.com\/product\/yoast-seo-wordpress\/ -->\n<title>Uluda\u011f\u2019da otel yang\u0131n\u0131na ili\u015fkin g\u00f6zalt\u0131 say\u0131s\u0131 5\u2019e y\u00fckseldi - Haber Kuzey<\/title>\n<meta name=\"robots\" content=\"index, follow, max-snippet:-1, max-image-preview:large, max-video-preview:-1\" \/>\n<link rel=\"canonical\" href=\"https:\/\/haberkuzey.com\/index.php\/2025\/03\/28\/uludagda-otel-yanginina-iliskin-gozalti-sayisi-5e-yukseldi\/\" \/>\n<meta property=\"og:locale\" content=\"tr_TR\" \/>\n<meta property=\"og:type\" content=\"article\" \/>\n<meta property=\"og:title\" content=\"Uluda\u011f\u2019da otel yang\u0131n\u0131na ili\u015fkin g\u00f6zalt\u0131 say\u0131s\u0131 5\u2019e y\u00fckseldi - Haber Kuzey\" \/>\n<meta property=\"og:description\" content=\"Uluda\u011f\u2019da milli kayak\u00e7\u0131 Berkin Usta ve babas\u0131 eski milli kayak\u00e7\u0131 Yahya Usta\u2019n\u0131n hayat\u0131n\u0131 kaybetti\u011fi otel yang\u0131n\u0131na ili\u015fkin 4 ki\u015fi daha g\u00f6zalt\u0131na al\u0131nd\u0131. 1. Oteller B\u00f6lgesi\u2019ndeki otelde d\u00fcn sabah saatlerinde \u00e7\u0131kan yang\u0131nla ilgili incelemeler ve soru\u015fturma devam ediyor. Oteli i\u015fleten firman\u0131n y\u00f6neticisi C.K.A. ile a\u00e7\u0131kta b\u0131rakt\u0131klar\u0131 k\u00f6zler nedeniyle \u015f\u00f6minenin yan taraf\u0131nda bulunan s\u00fcs \u00e7i\u00e7e\u011finin tutu\u015fmas\u0131na neden [&hellip;]\" \/>\n<meta property=\"og:url\" content=\"https:\/\/haberkuzey.com\/index.php\/2025\/03\/28\/uludagda-otel-yanginina-iliskin-gozalti-sayisi-5e-yukseldi\/\" \/>\n<meta property=\"og:site_name\" content=\"Haber Kuzey\" \/>\n<meta property=\"article:published_time\" content=\"2025-03-28T09:31:23+00:00\" \/>\n<meta property=\"og:image\" content=\"https:\/\/brtk.net\/wp-content\/uploads\/2025\/03\/28\/1743152651004thumbs_b_c_64273dae5d1021cad76659d486711a29.jpg?ver=917f180f1b91c200b278952043326a18\" \/>\n<meta name=\"author\" content=\"haberkuzey\" \/>\n<meta name=\"twitter:card\" content=\"summary_large_image\" \/>\n<meta name=\"twitter:label1\" content=\"Yazan:\" \/>\n\t<meta name=\"twitter:data1\" content=\"haberkuzey\" \/>\n\t<meta name=\"twitter:label2\" content=\"Tahmini okuma s\u00fcresi\" \/>\n\t<meta name=\"twitter:data2\" content=\"1 dakika\" \/>\n<script type=\"application\/ld+json\" class=\"yoast-schema-graph\">{\"@context\":\"https:\\\/\\\/schema.org\",\"@graph\":[{\"@type\":\"Article\",\"@id\":\"https:\\\/\\\/haberkuzey.com\\\/index.php\\\/2025\\\/03\\\/28\\\/uludagda-otel-yanginina-iliskin-gozalti-sayisi-5e-yukseldi\\\/#article\",\"isPartOf\":{\"@id\":\"https:\\\/\\\/haberkuzey.com\\\/index.php\\\/2025\\\/03\\\/28\\\/uludagda-otel-yanginina-iliskin-gozalti-sayisi-5e-yukseldi\\\/\"},\"author\":{\"name\":\"haberkuzey\",\"@id\":\"https:\\\/\\\/haberkuzey.com\\\/#\\\/schema\\\/person\\\/3372109ec735f9333f4fa47ebb9605ca\"},\"headline\":\"Uluda\u011f\u2019da otel yang\u0131n\u0131na ili\u015fkin g\u00f6zalt\u0131 say\u0131s\u0131 5\u2019e y\u00fckseldi\",\"datePublished\":\"2025-03-28T09:31:23+00:00\",\"mainEntityOfPage\":{\"@id\":\"https:\\\/\\\/haberkuzey.com\\\/index.php\\\/2025\\\/03\\\/28\\\/uludagda-otel-yanginina-iliskin-gozalti-sayisi-5e-yukseldi\\\/\"},\"wordCount\":287,\"commentCount\":0,\"image\":{\"@id\":\"https:\\\/\\\/haberkuzey.com\\\/index.php\\\/2025\\\/03\\\/28\\\/uludagda-otel-yanginina-iliskin-gozalti-sayisi-5e-yukseldi\\\/#primaryimage\"},\"thumbnailUrl\":\"https:\\\/\\\/haberkuzey.com\\\/wp-content\\\/uploads\\\/2025\\\/03\\\/1743152651004thumbs_b_c_64273dae5d1021cad76659d486711a29.jpg\",\"articleSection\":[\"D\u00fcnya\"],\"inLanguage\":\"tr\",\"potentialAction\":[{\"@type\":\"CommentAction\",\"name\":\"Comment\",\"target\":[\"https:\\\/\\\/haberkuzey.com\\\/index.php\\\/2025\\\/03\\\/28\\\/uludagda-otel-yanginina-iliskin-gozalti-sayisi-5e-yukseldi\\\/#respond\"]}]},{\"@type\":\"WebPage\",\"@id\":\"https:\\\/\\\/haberkuzey.com\\\/index.php\\\/2025\\\/03\\\/28\\\/uludagda-otel-yanginina-iliskin-gozalti-sayisi-5e-yukseldi\\\/\",\"url\":\"https:\\\/\\\/haberkuzey.com\\\/index.php\\\/2025\\\/03\\\/28\\\/uludagda-otel-yanginina-iliskin-gozalti-sayisi-5e-yukseldi\\\/\",\"name\":\"Uluda\u011f\u2019da otel yang\u0131n\u0131na ili\u015fkin g\u00f6zalt\u0131 say\u0131s\u0131 5\u2019e y\u00fckseldi - Haber Kuzey\",\"isPartOf\":{\"@id\":\"https:\\\/\\\/haberkuzey.com\\\/#website\"},\"primaryImageOfPage\":{\"@id\":\"https:\\\/\\\/haberkuzey.com\\\/index.php\\\/2025\\\/03\\\/28\\\/uludagda-otel-yanginina-iliskin-gozalti-sayisi-5e-yukseldi\\\/#primaryimage\"},\"image\":{\"@id\":\"https:\\\/\\\/haberkuzey.com\\\/index.php\\\/2025\\\/03\\\/28\\\/uludagda-otel-yanginina-iliskin-gozalti-sayisi-5e-yukseldi\\\/#primaryimage\"},\"thumbnailUrl\":\"https:\\\/\\\/haberkuzey.com\\\/wp-content\\\/uploads\\\/2025\\\/03\\\/1743152651004thumbs_b_c_64273dae5d1021cad76659d486711a29.jpg\",\"datePublished\":\"2025-03-28T09:31:23+00:00\",\"author\":{\"@id\":\"https:\\\/\\\/haberkuzey.com\\\/#\\\/schema\\\/person\\\/3372109ec735f9333f4fa47ebb9605ca\"},\"breadcrumb\":{\"@id\":\"https:\\\/\\\/haberkuzey.com\\\/index.php\\\/2025\\\/03\\\/28\\\/uludagda-otel-yanginina-iliskin-gozalti-sayisi-5e-yukseldi\\\/#breadcrumb\"},\"inLanguage\":\"tr\",\"potentialAction\":[{\"@type\":\"ReadAction\",\"target\":[\"https:\\\/\\\/haberkuzey.com\\\/index.php\\\/2025\\\/03\\\/28\\\/uludagda-otel-yanginina-iliskin-gozalti-sayisi-5e-yukseldi\\\/\"]}]},{\"@type\":\"ImageObject\",\"inLanguage\":\"tr\",\"@id\":\"https:\\\/\\\/haberkuzey.com\\\/index.php\\\/2025\\\/03\\\/28\\\/uludagda-otel-yanginina-iliskin-gozalti-sayisi-5e-yukseldi\\\/#primaryimage\",\"url\":\"https:\\\/\\\/haberkuzey.com\\\/wp-content\\\/uploads\\\/2025\\\/03\\\/1743152651004thumbs_b_c_64273dae5d1021cad76659d486711a29.jpg\",\"contentUrl\":\"https:\\\/\\\/haberkuzey.com\\\/wp-content\\\/uploads\\\/2025\\\/03\\\/1743152651004thumbs_b_c_64273dae5d1021cad76659d486711a29.jpg\",\"width\":864,\"height\":486},{\"@type\":\"BreadcrumbList\",\"@id\":\"https:\\\/\\\/haberkuzey.com\\\/index.php\\\/2025\\\/03\\\/28\\\/uludagda-otel-yanginina-iliskin-gozalti-sayisi-5e-yukseldi\\\/#breadcrumb\",\"itemListElement\":[{\"@type\":\"ListItem\",\"position\":1,\"name\":\"Anasayfa\",\"item\":\"https:\\\/\\\/haberkuzey.com\\\/\"},{\"@type\":\"ListItem\",\"position\":2,\"name\":\"Uluda\u011f\u2019da otel yang\u0131n\u0131na ili\u015fkin g\u00f6zalt\u0131 say\u0131s\u0131 5\u2019e y\u00fckseldi\"}]},{\"@type\":\"WebSite\",\"@id\":\"https:\\\/\\\/haberkuzey.com\\\/#website\",\"url\":\"https:\\\/\\\/haberkuzey.com\\\/\",\"name\":\"Haber Kuzey\",\"description\":\"Do\u011fru Haberin Adresi\",\"potentialAction\":[{\"@type\":\"SearchAction\",\"target\":{\"@type\":\"EntryPoint\",\"urlTemplate\":\"https:\\\/\\\/haberkuzey.com\\\/?s={search_term_string}\"},\"query-input\":{\"@type\":\"PropertyValueSpecification\",\"valueRequired\":true,\"valueName\":\"search_term_string\"}}],\"inLanguage\":\"tr\"},{\"@type\":\"Person\",\"@id\":\"https:\\\/\\\/haberkuzey.com\\\/#\\\/schema\\\/person\\\/3372109ec735f9333f4fa47ebb9605ca\",\"name\":\"haberkuzey\",\"image\":{\"@type\":\"ImageObject\",\"inLanguage\":\"tr\",\"@id\":\"https:\\\/\\\/secure.gravatar.com\\\/avatar\\\/f5fc875574b1575324358c3b9e6a32b8227aa5b74f3fa22e3cadb63e26fcc39c?s=96&d=mm&r=g\",\"url\":\"https:\\\/\\\/secure.gravatar.com\\\/avatar\\\/f5fc875574b1575324358c3b9e6a32b8227aa5b74f3fa22e3cadb63e26fcc39c?s=96&d=mm&r=g\",\"contentUrl\":\"https:\\\/\\\/secure.gravatar.com\\\/avatar\\\/f5fc875574b1575324358c3b9e6a32b8227aa5b74f3fa22e3cadb63e26fcc39c?s=96&d=mm&r=g\",\"caption\":\"haberkuzey\"},\"sameAs\":[\"https:\\\/\\\/haberkuzey.com\"],\"url\":\"https:\\\/\\\/haberkuzey.com\\\/index.php\\\/author\\\/haberkuzey\\\/\"}]}<\/script>\n<!-- \/ Yoast SEO plugin. -->","yoast_head_json":{"title":"Uluda\u011f\u2019da otel yang\u0131n\u0131na ili\u015fkin g\u00f6zalt\u0131 say\u0131s\u0131 5\u2019e y\u00fckseldi - Haber Kuzey","robots":{"index":"index","follow":"follow","max-snippet":"max-snippet:-1","max-image-preview":"max-image-preview:large","max-video-preview":"max-video-preview:-1"},"canonical":"https:\/\/haberkuzey.com\/index.php\/2025\/03\/28\/uludagda-otel-yanginina-iliskin-gozalti-sayisi-5e-yukseldi\/","og_locale":"tr_TR","og_type":"article","og_title":"Uluda\u011f\u2019da otel yang\u0131n\u0131na ili\u015fkin g\u00f6zalt\u0131 say\u0131s\u0131 5\u2019e y\u00fckseldi - Haber Kuzey","og_description":"Uluda\u011f\u2019da milli kayak\u00e7\u0131 Berkin Usta ve babas\u0131 eski milli kayak\u00e7\u0131 Yahya Usta\u2019n\u0131n hayat\u0131n\u0131 kaybetti\u011fi otel yang\u0131n\u0131na ili\u015fkin 4 ki\u015fi daha g\u00f6zalt\u0131na al\u0131nd\u0131. 1. Oteller B\u00f6lgesi\u2019ndeki otelde d\u00fcn sabah saatlerinde \u00e7\u0131kan yang\u0131nla ilgili incelemeler ve soru\u015fturma devam ediyor. Oteli i\u015fleten firman\u0131n y\u00f6neticisi C.K.A. ile a\u00e7\u0131kta b\u0131rakt\u0131klar\u0131 k\u00f6zler nedeniyle \u015f\u00f6minenin yan taraf\u0131nda bulunan s\u00fcs \u00e7i\u00e7e\u011finin tutu\u015fmas\u0131na neden [&hellip;]","og_url":"https:\/\/haberkuzey.com\/index.php\/2025\/03\/28\/uludagda-otel-yanginina-iliskin-gozalti-sayisi-5e-yukseldi\/","og_site_name":"Haber Kuzey","article_published_time":"2025-03-28T09:31:23+00:00","og_image":[{"url":"https:\/\/brtk.net\/wp-content\/uploads\/2025\/03\/28\/1743152651004thumbs_b_c_64273dae5d1021cad76659d486711a29.jpg?ver=917f180f1b91c200b278952043326a18","type":"","width":"","height":""}],"author":"haberkuzey","twitter_card":"summary_large_image","twitter_misc":{"Yazan:":"haberkuzey","Tahmini okuma s\u00fcresi":"1 dakika"},"schema":{"@context":"https:\/\/schema.org","@graph":[{"@type":"Article","@id":"https:\/\/haberkuzey.com\/index.php\/2025\/03\/28\/uludagda-otel-yanginina-iliskin-gozalti-sayisi-5e-yukseldi\/#article","isPartOf":{"@id":"https:\/\/haberkuzey.com\/index.php\/2025\/03\/28\/uludagda-otel-yanginina-iliskin-gozalti-sayisi-5e-yukseldi\/"},"author":{"name":"haberkuzey","@id":"https:\/\/haberkuzey.com\/#\/schema\/person\/3372109ec735f9333f4fa47ebb9605ca"},"headline":"Uluda\u011f\u2019da otel yang\u0131n\u0131na ili\u015fkin g\u00f6zalt\u0131 say\u0131s\u0131 5\u2019e y\u00fckseldi","datePublished":"2025-03-28T09:31:23+00:00","mainEntityOfPage":{"@id":"https:\/\/haberkuzey.com\/index.php\/2025\/03\/28\/uludagda-otel-yanginina-iliskin-gozalti-sayisi-5e-yukseldi\/"},"wordCount":287,"commentCount":0,"image":{"@id":"https:\/\/haberkuzey.com\/index.php\/2025\/03\/28\/uludagda-otel-yanginina-iliskin-gozalti-sayisi-5e-yukseldi\/#primaryimage"},"thumbnailUrl":"https:\/\/haberkuzey.com\/wp-content\/uploads\/2025\/03\/1743152651004thumbs_b_c_64273dae5d1021cad76659d486711a29.jpg","articleSection":["D\u00fcnya"],"inLanguage":"tr","potentialAction":[{"@type":"CommentAction","name":"Comment","target":["https:\/\/haberkuzey.com\/index.php\/2025\/03\/28\/uludagda-otel-yanginina-iliskin-gozalti-sayisi-5e-yukseldi\/#respond"]}]},{"@type":"WebPage","@id":"https:\/\/haberkuzey.com\/index.php\/2025\/03\/28\/uludagda-otel-yanginina-iliskin-gozalti-sayisi-5e-yukseldi\/","url":"https:\/\/haberkuzey.com\/index.php\/2025\/03\/28\/uludagda-otel-yanginina-iliskin-gozalti-sayisi-5e-yukseldi\/","name":"Uluda\u011f\u2019da otel yang\u0131n\u0131na ili\u015fkin g\u00f6zalt\u0131 say\u0131s\u0131 5\u2019e y\u00fckseldi - Haber Kuzey","isPartOf":{"@id":"https:\/\/haberkuzey.com\/#website"},"primaryImageOfPage":{"@id":"https:\/\/haberkuzey.com\/index.php\/2025\/03\/28\/uludagda-otel-yanginina-iliskin-gozalti-sayisi-5e-yukseldi\/#primaryimage"},"image":{"@id":"https:\/\/haberkuzey.com\/index.php\/2025\/03\/28\/uludagda-otel-yanginina-iliskin-gozalti-sayisi-5e-yukseldi\/#primaryimage"},"thumbnailUrl":"https:\/\/haberkuzey.com\/wp-content\/uploads\/2025\/03\/1743152651004thumbs_b_c_64273dae5d1021cad76659d486711a29.jpg","datePublished":"2025-03-28T09:31:23+00:00","author":{"@id":"https:\/\/haberkuzey.com\/#\/schema\/person\/3372109ec735f9333f4fa47ebb9605ca"},"breadcrumb":{"@id":"https:\/\/haberkuzey.com\/index.php\/2025\/03\/28\/uludagda-otel-yanginina-iliskin-gozalti-sayisi-5e-yukseldi\/#breadcrumb"},"inLanguage":"tr","potentialAction":[{"@type":"ReadAction","target":["https:\/\/haberkuzey.com\/index.php\/2025\/03\/28\/uludagda-otel-yanginina-iliskin-gozalti-sayisi-5e-yukseldi\/"]}]},{"@type":"ImageObject","inLanguage":"tr","@id":"https:\/\/haberkuzey.com\/index.php\/2025\/03\/28\/uludagda-otel-yanginina-iliskin-gozalti-sayisi-5e-yukseldi\/#primaryimage","url":"https:\/\/haberkuzey.com\/wp-content\/uploads\/2025\/03\/1743152651004thumbs_b_c_64273dae5d1021cad76659d486711a29.jpg","contentUrl":"https:\/\/haberkuzey.com\/wp-content\/uploads\/2025\/03\/1743152651004thumbs_b_c_64273dae5d1021cad76659d486711a29.jpg","width":864,"height":486},{"@type":"BreadcrumbList","@id":"https:\/\/haberkuzey.com\/index.php\/2025\/03\/28\/uludagda-otel-yanginina-iliskin-gozalti-sayisi-5e-yukseldi\/#breadcrumb","itemListElement":[{"@type":"ListItem","position":1,"name":"Anasayfa","item":"https:\/\/haberkuzey.com\/"},{"@type":"ListItem","position":2,"name":"Uluda\u011f\u2019da otel yang\u0131n\u0131na ili\u015fkin g\u00f6zalt\u0131 say\u0131s\u0131 5\u2019e y\u00fckseldi"}]},{"@type":"WebSite","@id":"https:\/\/haberkuzey.com\/#website","url":"https:\/\/haberkuzey.com\/","name":"Haber Kuzey","description":"Do\u011fru Haberin Adresi","potentialAction":[{"@type":"SearchAction","target":{"@type":"EntryPoint","urlTemplate":"https:\/\/haberkuzey.com\/?s={search_term_string}"},"query-input":{"@type":"PropertyValueSpecification","valueRequired":true,"valueName":"search_term_string"}}],"inLanguage":"tr"},{"@type":"Person","@id":"https:\/\/haberkuzey.com\/#\/schema\/person\/3372109ec735f9333f4fa47ebb9605ca","name":"haberkuzey","image":{"@type":"ImageObject","inLanguage":"tr","@id":"https:\/\/secure.gravatar.com\/avatar\/f5fc875574b1575324358c3b9e6a32b8227aa5b74f3fa22e3cadb63e26fcc39c?s=96&d=mm&r=g","url":"https:\/\/secure.gravatar.com\/avatar\/f5fc875574b1575324358c3b9e6a32b8227aa5b74f3fa22e3cadb63e26fcc39c?s=96&d=mm&r=g","contentUrl":"https:\/\/secure.gravatar.com\/avatar\/f5fc875574b1575324358c3b9e6a32b8227aa5b74f3fa22e3cadb63e26fcc39c?s=96&d=mm&r=g","caption":"haberkuzey"},"sameAs":["https:\/\/haberkuzey.com"],"url":"https:\/\/haberkuzey.com\/index.php\/author\/haberkuzey\/"}]}},"_links":{"self":[{"href":"https:\/\/haberkuzey.com\/index.php\/wp-json\/wp\/v2\/posts\/20940","targetHints":{"allow":["GET"]}}],"collection":[{"href":"https:\/\/haberkuzey.com\/index.php\/wp-json\/wp\/v2\/posts"}],"about":[{"href":"https:\/\/haberkuzey.com\/index.php\/wp-json\/wp\/v2\/types\/post"}],"author":[{"embeddable":true,"href":"https:\/\/haberkuzey.com\/index.php\/wp-json\/wp\/v2\/users\/1"}],"replies":[{"embeddable":true,"href":"https:\/\/haberkuzey.com\/index.php\/wp-json\/wp\/v2\/comments?post=20940"}],"version-history":[{"count":0,"href":"https:\/\/haberkuzey.com\/index.php\/wp-json\/wp\/v2\/posts\/20940\/revisions"}],"wp:featuredmedia":[{"embeddable":true,"href":"https:\/\/haberkuzey.com\/index.php\/wp-json\/wp\/v2\/media\/20941"}],"wp:attachment":[{"href":"https:\/\/haberkuzey.com\/index.php\/wp-json\/wp\/v2\/media?parent=20940"}],"wp:term":[{"taxonomy":"category","embeddable":true,"href":"https:\/\/haberkuzey.com\/index.php\/wp-json\/wp\/v2\/categories?post=20940"},{"taxonomy":"post_tag","embeddable":true,"href":"https:\/\/haberkuzey.com\/index.php\/wp-json\/wp\/v2\/tags?post=20940"}],"curies":[{"name":"wp","href":"https:\/\/api.w.org\/{rel}","templated":true}]}}