{"id":2089,"date":"2024-05-11T12:40:54","date_gmt":"2024-05-11T09:40:54","guid":{"rendered":"https:\/\/haberkuzey.com\/index.php\/2024\/05\/11\/eurovisionda-ozgur-filistin-dedigi-icin-guvenlik-mudahalesiyle-karsilasti\/"},"modified":"2024-05-11T12:40:54","modified_gmt":"2024-05-11T09:40:54","slug":"eurovisionda-ozgur-filistin-dedigi-icin-guvenlik-mudahalesiyle-karsilasti","status":"publish","type":"post","link":"https:\/\/haberkuzey.com\/index.php\/2024\/05\/11\/eurovisionda-ozgur-filistin-dedigi-icin-guvenlik-mudahalesiyle-karsilasti\/","title":{"rendered":"Eurovision&#039;da &#039;\u00d6zg\u00fcr Filistin&#039; dedi\u011fi i\u00e7in g\u00fcvenlik m\u00fcdahalesiyle kar\u015f\u0131la\u015ft\u0131"},"content":{"rendered":"<p><\/p>\n<div>\n<p>&#13;<br \/>\n\t\u0130sve\u00e7&#8217;in Malm\u00f6 kentinin ev sahipli\u011fi yapt\u0131\u011f\u0131 68. Eurovision \u015eark\u0131 Yar\u0131\u015fmas\u0131, \u0130srail&#8217;in kat\u0131l\u0131m\u0131na y\u00f6nelik protestolar, ele\u015ftiriler ve boykot \u00e7a\u011fr\u0131lar\u0131yla devam ediyor.<\/p>\n<p>&#13;<br \/>\n\tB\u00fcy\u00fck finalinin 11 May\u0131s&#8217;ta yap\u0131laca\u011f\u0131 yar\u0131\u015fmada, \u0130srailli temsilci Eden Golan, \u00fclkesini &#8220;Hurricane&#8221; isimli \u015fark\u0131yla temsil edecek.<\/p>\n<p>&#13;<br \/>\n\t\u0130kinci yar\u0131 finalde yar\u0131\u015fan Golan&#8217;\u0131n, provalar ve canl\u0131 yay\u0131n s\u0131ras\u0131nda seyirciler taraf\u0131ndan yuhaland\u0131\u011f\u0131 ve &#8220;\u00d6zg\u00fcr Filistin&#8221; sloganlar\u0131yla protesto edildi\u011fi videolar sosyal medyada g\u00fcndem oldu.<\/p>\n<p>&#13;<br \/>\n\t\u0130srail&#8217;in kat\u0131l\u0131m\u0131 nedeniyle \u015fehirde ve arenada \u00fcst d\u00fczey g\u00fcvenlik \u00f6nlemleri al\u0131n\u0131rken, Filistin&#8217;e deste\u011fini bildiren yar\u0131\u015fmac\u0131lar da EBU taraf\u0131ndan sans\u00fcrleniyor.<\/p>\n<h2>&#13;<br \/>\n\t&#8220;E\u011fer bir yay\u0131nc\u0131 ya da \u00fclke, kurallar\u0131 ihlal ediyorsa (yar\u0131\u015fmadan) men edilmelidir&#8221;<\/h2>\n<p>&#13;<br \/>\n\tYar\u0131\u015fmay\u0131 yerinde izleyen seyirciler aras\u0131nda yer alan Amer Begovic, \u0130srail&#8217;in tepkilere ra\u011fmen Eurovision&#8217;a kat\u0131lmas\u0131 ve yar\u0131\u015fman\u0131n d\u00fczenlendi\u011fi arenada seyircilerin \u0130srail&#8217;e tepkisi ile ilgili a\u00e7\u0131klamada bulundu.<\/p>\n<p>&#13;<br \/>\n\tEurovision&#8217;un &#8220;bar\u0131\u015f ve birli\u011fi <a href=\"https:\/\/www.trthaber.com\/etiket\/tesvik\/\" target=\"_blank\" rel=\"noopener\">te\u015fvik<\/a> etmek i\u00e7in d\u00fczenlenen bir yar\u0131\u015fma oldu\u011funu&#8221; belirten Begovic, &#8220;\u015eu anda \u00e7at\u0131\u015fmay\u0131 k\u0131\u015fk\u0131rtan bir \u00fclkenin, bar\u0131\u015f\u0131 te\u015fvik eden bir yar\u0131\u015fmaya kat\u0131lmamas\u0131 gerekti\u011fini d\u00fc\u015f\u00fcn\u00fcyorum.&#8221; dedi.<\/p>\n<p>&#13;<br \/>\n\tBegovic, \u0130srail&#8217;in yar\u0131\u015fmada olmas\u0131n\u0131n Eurovision&#8217;un de\u011ferleriyle \u00e7at\u0131\u015ft\u0131\u011f\u0131n\u0131 vurgulayarak, &#8220;Ben Bosna Hersekliyim. <a href=\"https:\/\/www.trthaber.com\/etiket\/soykirim\/\" target=\"_blank\" rel=\"noopener\">Soyk\u0131r\u0131m<\/a> ya\u015fam\u0131\u015f \u00fclkeden gelen biri olarak, \u015fu anda Gazze&#8217;de olanlar\u0131 g\u00f6rmek benim i\u00e7in ger\u00e7ekten \u00e7ok zor. Sahnede Gazze&#8217;de ya\u015fananlar\u0131 pembe g\u00f6zl\u00fcklerle anlatan bir \u015fark\u0131c\u0131n\u0131n oldu\u011fu ger\u00e7e\u011fini kabul etmek benim i\u00e7in ger\u00e7ekten \u00e7ok zor.&#8221; ele\u015ftirisinde bulundu.<\/p>\n<p><\/p>\n<p>&#13;<br \/>\n\t<a href=\"https:\/\/www.trthaber.com\/etiket\/israil\/\" target=\"_blank\" rel=\"noopener\">\u0130srail<\/a> devlet televizyonu KAN&#8217;\u0131n, bu y\u0131l yakla\u015f\u0131k 60 kural ihlali yapt\u0131\u011f\u0131n\u0131 savunan Begovic, &#8220;E\u011fer bir yay\u0131nc\u0131 ya da bir \u00fclke kurallar\u0131 ihlal ediyorsa (yar\u0131\u015fmadan) men edilmelidir. Bu y\u0131l, \u0130srail taraf\u0131ndan \u00e7i\u011fnenen \u00e7ok fazla kural oldu.&#8221; ifadesini kulland\u0131.<\/p>\n<h2>&#13;<br \/>\n\t&#8220;EBU ve Eurovision, sadece onlar\u0131n &#8216;kendi g\u00fcndemlerine&#8217; uydu\u011fu zaman politik de\u011fil&#8221;<\/h2>\n<p>&#13;<br \/>\n\tBegovic, &#8220;Eurovision&#8217;un politik bir yar\u0131\u015fma olmad\u0131\u011f\u0131\u201d y\u00f6n\u00fcndeki yorumlar\u0131n ancak yay\u0131nc\u0131 kurulu\u015fa ve yar\u0131\u015fmaya ters d\u00fc\u015fmeyen ko\u015fullarda ge\u00e7erli oldu\u011funa i\u015faret ederek, &#8220;EBU ve Eurovision, sadece onlar\u0131n &#8216;kendi g\u00fcndemlerine&#8217; uydu\u011fu zaman politik de\u011fildir.&#8221; dedi.<\/p>\n<p>&#13;<br \/>\n\tYar\u0131\u015fman\u0131n en b\u00fcy\u00fck sponsorunun \u0130srailli bir \u015firket oldu\u011funu an\u0131msatan Begovic, &#8220;Bu y\u00fczden EBU&#8217;nun, \u0130srail&#8217;i neden men etmedi\u011fi anla\u015f\u0131labilir \u00e7\u00fcnk\u00fc bu sadece para ve politikayla ilgili.&#8221; de\u011ferlendirmesini yapt\u0131.<\/p>\n<p>&#13;<br \/>\n\tBegovic, yar\u0131\u015fman\u0131n d\u00fczenlendi\u011fi arena ve \u00e7evresinde \u00fcst d\u00fczey g\u00fcvenlik \u00f6nlemlerinin al\u0131nd\u0131\u011f\u0131n\u0131 aktararak, yar\u0131\u015fmadaki atmosferi ve buna tepkisi ile ilgili \u015funlar\u0131 s\u00f6yledi:<\/p>\n<p>&#13;<br \/>\n\t<em>&#8220;Polis memurlar\u0131, askerler var. Daha \u00f6nce hi\u00e7 g\u00f6rmedi\u011fim devasa askeri ara\u00e7lar var. Canl\u0131 g\u00f6steriler oldu\u011funda binalar\u0131n tepesinde keskin ni\u015fanc\u0131lar konu\u015flan\u0131yor. Her ne kadar g\u00fcvenli\u011fin varl\u0131\u011f\u0131ndan memnun olsam da ayn\u0131 zamanda bu beni huzursuz ediyor \u00e7\u00fcnk\u00fc buraya bir <a href=\"https:\/\/www.trthaber.com\/etiket\/muzik\/\" target=\"_blank\" rel=\"noopener\">m\u00fczik<\/a> yar\u0131\u015fmas\u0131 i\u00e7in geldim. \u0130nsanlar\u0131n \u015fark\u0131 s\u00f6yledi\u011fi bir yar\u0131\u015fma i\u00e7in neden bu kadar g\u00fcvenli\u011fe, bu kadar polise, bu kadar askere ihtiyac\u0131m\u0131z olsun ki? Bu hi\u00e7 mant\u0131kl\u0131 de\u011fil. E\u011fer \u0130srail, bu yar\u0131\u015fmaya kat\u0131lmasayd\u0131, bu kadar g\u00fcvenli\u011fe gerek kalmazd\u0131 \u00e7\u00fcnk\u00fc o zaman bu, sadece bar\u0131\u015fla ve m\u00fczikle ilgili bir yar\u0131\u015fma olurdu.&#8221;<\/em><\/p>\n<h2>&#13;<br \/>\n\tG\u00fcvenlik g\u00f6revlilerinden Filistin destek\u00e7isi seyircilere bask\u0131<\/h2>\n<p>&#13;<br \/>\n\t\u0130srail&#8217;in provalar\u0131 s\u0131ras\u0131nda baz\u0131 seyircilerin, yasaklanan Filistin bayra\u011f\u0131 a\u00e7t\u0131\u011f\u0131n\u0131, kendisi de dahil baz\u0131lar\u0131n\u0131n da &#8220;\u00d6zg\u00fcr Filistin&#8221; sloganlar\u0131 att\u0131\u011f\u0131n\u0131 aktararak Begovic, g\u00fcvenlik g\u00f6revlilerin bu t\u00fcr eylemlere an\u0131nda m\u00fcdahale etti\u011fini dile getirdi.<\/p>\n<p>&#13;<br \/>\n\tYar\u0131\u015fman\u0131n bas\u0131n k\u0131sm\u0131na da akredite olan Begovic, arenada tan\u0131k oldu\u011fu olaya ili\u015fkin de \u015fu ifadeleri kulland\u0131:<\/p>\n<p>&#13;<br \/>\n\t<em>&#8220;\u0130srail&#8217;in performans\u0131 ba\u015flad\u0131\u011f\u0131nda arenada t\u00fcm g\u00fcvenlik g\u00f6revlileri herhangi bir bayrak g\u00f6rmediklerinden emin olmak i\u00e7in seyircileri dikkatle izlemeye ba\u015fl\u0131yor. Provaya giden meslekta\u015flar\u0131mdan biri, yan\u0131nda Filistin bayra\u011f\u0131 getirmi\u015fti. G\u00fcvenlik g\u00f6revlileri g\u00f6rd\u00fc ve arenan\u0131n d\u0131\u015f\u0131na \u00e7\u0131kart\u0131p elinden bayra\u011f\u0131 ald\u0131. 5 dakika kadar sonra da bayraks\u0131z olarak geri d\u00f6nmelerine izin verildi.&#8221;<\/em><\/p>\n<p>&#13;<br \/>\n\tKendisinin de prova s\u0131ras\u0131nda &#8220;\u00d6zg\u00fcr Filistin&#8221; slogan\u0131 att\u0131\u011f\u0131n\u0131 dile getiren Begovic, bunun \u00fczerine g\u00fcvenlik g\u00f6revlisinin onu susmas\u0131 i\u00e7in uyard\u0131\u011f\u0131n\u0131 aksi takdirde arenadan d\u0131\u015far\u0131 atmakla tehdit etti\u011fini anlatt\u0131.<\/p>\n<p>&#13;<br \/>\n\tBegovic, &#8220;Bu, beni durdurmad\u0131. Kolay kolay g\u00f6z\u00fcm korkmaz ve ifade \u00f6zg\u00fcrl\u00fc\u011f\u00fcne inan\u0131r\u0131m. Bu y\u00fczden slogan atmaya devam ettim.&#8221; dedi.<\/p>\n<p>&#13;<br \/>\n\t\u0130srail&#8217;in, provalar ve yar\u0131 finaldeki performans\u0131 boyunca seyirciler taraf\u0131ndan yuhalanmas\u0131na ra\u011fmen canl\u0131 yay\u0131nda bunlar\u0131n duyulmad\u0131\u011f\u0131na dikkati \u00e7eken Begovic, &#8220;Kesinlikle bir t\u00fcr teknoloji kullan\u0131ld\u0131\u011f\u0131n\u0131 (yuhalamalar\u0131 bast\u0131ran ve sahte alk\u0131\u015f sesi veren) fark edebilirsiniz \u00e7\u00fcnk\u00fc duyulan sesler \u00e7ok farkl\u0131. \u00c7ar\u015famba ger\u00e7ekle\u015fen provalara gittim ve orada bu teknolojiyi test ettiler.&#8221; diye konu\u015ftu.<\/p>\n<h2>&#13;<br \/>\n\t<strong>&#8220;\u0130srail, Eurovision&#8217;u kazan\u0131rsa bu yar\u0131\u015fman\u0131n sonu olur&#8221;<\/strong><\/h2>\n<p>&#13;<br \/>\n\t\u0130srail&#8217;in, bu y\u0131l kazanmas\u0131 halinde bunun &#8220;Eurovision&#8217;un sonu olaca\u011f\u0131&#8221; yorumunu yapan Begovic, &#8220;B\u00f6yle bir \u015feyden sonra toparlanabileceklerini sanm\u0131yorum. \u015eu anda ya\u015fananlar s\u0131ras\u0131nda \u0130srail, Eurovision&#8217;u kazan\u0131rsa, bu b\u00fcy\u00fck protestolara ve Eurovision&#8217;a kar\u015f\u0131 sonsuza dek s\u00fcrecek b\u00fcy\u00fck bir boykota neden olur.&#8221; dedi<\/p>\n<p>&#13;<br \/>\n\t\u0130srail\u2019in kat\u0131l\u0131m\u0131n\u0131n yar\u0131\u015fmadaki bas\u0131n mensuplar\u0131nca da desteklenmedi\u011fini vurgulayan Begovic, bas\u0131na ayr\u0131lan k\u0131s\u0131mda \u0130srailli \u015fark\u0131c\u0131 Golan&#8217;a ilgi ve alakan\u0131n olmad\u0131\u011f\u0131n\u0131 dile getirdi.<\/p>\n<p>&#13;<br \/>\n\tBegovic, \u015f\u00f6yle devam etti:<\/p>\n<p>&#13;<br \/>\n\t<em>&#8220;Medyan\u0131n y\u00fczde 50&#8217;sinden fazlas\u0131n\u0131n \u0130srail&#8217;i desteklemedi\u011fini, performanslar\u0131 s\u0131ras\u0131nda tezah\u00fcrat yapmad\u0131\u011f\u0131n\u0131 ve Eden&#8217;in ekibiyle hi\u00e7 etkile\u015fime girmedi\u011fini s\u00f6yleyebilirim. Eden (Golan) bas\u0131n k\u0131sm\u0131na a\u00e7\u0131klama yapmaya geldi\u011finde, bir\u00e7ok <a href=\"https:\/\/www.trthaber.com\/etiket\/medya\/\" target=\"_blank\" rel=\"noopener\">medya<\/a> kurulu\u015fu r\u00f6portaj yapmaya bile yana\u015fm\u0131yor \u00e7\u00fcnk\u00fc \u0130srail&#8217;in bu y\u0131lki Eurovision&#8217;a kat\u0131l\u0131m\u0131n\u0131 haberle\u015ftirmek istemiyorlar.&#8221;<\/em><\/p>\n<\/p><\/div>\n","protected":false},"excerpt":{"rendered":"<p>&#13; \u0130sve\u00e7&#8217;in Malm\u00f6 kentinin ev sahipli\u011fi yapt\u0131\u011f\u0131 68. Eurovision \u015eark\u0131 Yar\u0131\u015fmas\u0131, \u0130srail&#8217;in kat\u0131l\u0131m\u0131na y\u00f6nelik protestolar, ele\u015ftiriler ve boykot \u00e7a\u011fr\u0131lar\u0131yla devam ediyor. &#13; B\u00fcy\u00fck finalinin 11 May\u0131s&#8217;ta yap\u0131laca\u011f\u0131 yar\u0131\u015fmada, \u0130srailli temsilci Eden Golan, \u00fclkesini &#8220;Hurricane&#8221; isimli \u015fark\u0131yla temsil edecek. &#13; \u0130kinci yar\u0131 finalde yar\u0131\u015fan Golan&#8217;\u0131n, provalar ve canl\u0131 yay\u0131n s\u0131ras\u0131nda seyirciler taraf\u0131ndan yuhaland\u0131\u011f\u0131 ve &#8220;\u00d6zg\u00fcr Filistin&#8221; [&hellip;]<\/p>\n","protected":false},"author":1,"featured_media":2090,"comment_status":"open","ping_status":"open","sticky":false,"template":"","format":"standard","meta":{"jnews-multi-image_gallery":[],"jnews_single_post":[],"jnews_primary_category":[],"footnotes":""},"categories":[],"tags":[],"class_list":["post-2089","post","type-post","status-publish","format-standard","has-post-thumbnail","hentry"],"yoast_head":"<!-- This site is optimized with the Yoast SEO plugin v27.5 - https:\/\/yoast.com\/product\/yoast-seo-wordpress\/ -->\n<title>Eurovision&#039;da &#039;\u00d6zg\u00fcr Filistin&#039; dedi\u011fi i\u00e7in g\u00fcvenlik m\u00fcdahalesiyle kar\u015f\u0131la\u015ft\u0131 - Haber Kuzey<\/title>\n<meta name=\"robots\" content=\"index, follow, max-snippet:-1, max-image-preview:large, max-video-preview:-1\" \/>\n<link rel=\"canonical\" href=\"https:\/\/haberkuzey.com\/index.php\/2024\/05\/11\/eurovisionda-ozgur-filistin-dedigi-icin-guvenlik-mudahalesiyle-karsilasti\/\" \/>\n<meta property=\"og:locale\" content=\"tr_TR\" \/>\n<meta property=\"og:type\" content=\"article\" \/>\n<meta property=\"og:title\" content=\"Eurovision&#039;da &#039;\u00d6zg\u00fcr Filistin&#039; dedi\u011fi i\u00e7in g\u00fcvenlik m\u00fcdahalesiyle kar\u015f\u0131la\u015ft\u0131 - Haber Kuzey\" \/>\n<meta property=\"og:description\" content=\"&#013; \u0130sve\u00e7&#8217;in Malm\u00f6 kentinin ev sahipli\u011fi yapt\u0131\u011f\u0131 68. Eurovision \u015eark\u0131 Yar\u0131\u015fmas\u0131, \u0130srail&#8217;in kat\u0131l\u0131m\u0131na y\u00f6nelik protestolar, ele\u015ftiriler ve boykot \u00e7a\u011fr\u0131lar\u0131yla devam ediyor. &#013; B\u00fcy\u00fck finalinin 11 May\u0131s&#8217;ta yap\u0131laca\u011f\u0131 yar\u0131\u015fmada, \u0130srailli temsilci Eden Golan, \u00fclkesini &#8220;Hurricane&#8221; isimli \u015fark\u0131yla temsil edecek. &#013; \u0130kinci yar\u0131 finalde yar\u0131\u015fan Golan&#8217;\u0131n, provalar ve canl\u0131 yay\u0131n s\u0131ras\u0131nda seyirciler taraf\u0131ndan yuhaland\u0131\u011f\u0131 ve &#8220;\u00d6zg\u00fcr Filistin&#8221; [&hellip;]\" \/>\n<meta property=\"og:url\" content=\"https:\/\/haberkuzey.com\/index.php\/2024\/05\/11\/eurovisionda-ozgur-filistin-dedigi-icin-guvenlik-mudahalesiyle-karsilasti\/\" \/>\n<meta property=\"og:site_name\" content=\"Haber Kuzey\" \/>\n<meta property=\"article:published_time\" content=\"2024-05-11T09:40:54+00:00\" \/>\n<meta property=\"og:image\" content=\"https:\/\/www.trthaber.com\/dosyalar\/images\/2024-05-09T204329Z_618324773_RC27N7A80BRV_RTRMADP_3_MUSIC-EUROVISION-PROTESTS.JPG\" \/>\n<meta name=\"author\" content=\"haberkuzey\" \/>\n<meta name=\"twitter:card\" content=\"summary_large_image\" \/>\n<meta name=\"twitter:label1\" content=\"Yazan:\" \/>\n\t<meta name=\"twitter:data1\" content=\"haberkuzey\" \/>\n\t<meta name=\"twitter:label2\" content=\"Tahmini okuma s\u00fcresi\" \/>\n\t<meta name=\"twitter:data2\" content=\"5 dakika\" \/>\n<script type=\"application\/ld+json\" class=\"yoast-schema-graph\">{\"@context\":\"https:\\\/\\\/schema.org\",\"@graph\":[{\"@type\":\"Article\",\"@id\":\"https:\\\/\\\/haberkuzey.com\\\/index.php\\\/2024\\\/05\\\/11\\\/eurovisionda-ozgur-filistin-dedigi-icin-guvenlik-mudahalesiyle-karsilasti\\\/#article\",\"isPartOf\":{\"@id\":\"https:\\\/\\\/haberkuzey.com\\\/index.php\\\/2024\\\/05\\\/11\\\/eurovisionda-ozgur-filistin-dedigi-icin-guvenlik-mudahalesiyle-karsilasti\\\/\"},\"author\":{\"name\":\"haberkuzey\",\"@id\":\"https:\\\/\\\/haberkuzey.com\\\/#\\\/schema\\\/person\\\/3372109ec735f9333f4fa47ebb9605ca\"},\"headline\":\"Eurovision&#039;da &#039;\u00d6zg\u00fcr Filistin&#039; dedi\u011fi i\u00e7in g\u00fcvenlik m\u00fcdahalesiyle kar\u015f\u0131la\u015ft\u0131\",\"datePublished\":\"2024-05-11T09:40:54+00:00\",\"mainEntityOfPage\":{\"@id\":\"https:\\\/\\\/haberkuzey.com\\\/index.php\\\/2024\\\/05\\\/11\\\/eurovisionda-ozgur-filistin-dedigi-icin-guvenlik-mudahalesiyle-karsilasti\\\/\"},\"wordCount\":1059,\"commentCount\":0,\"image\":{\"@id\":\"https:\\\/\\\/haberkuzey.com\\\/index.php\\\/2024\\\/05\\\/11\\\/eurovisionda-ozgur-filistin-dedigi-icin-guvenlik-mudahalesiyle-karsilasti\\\/#primaryimage\"},\"thumbnailUrl\":\"https:\\\/\\\/haberkuzey.com\\\/wp-content\\\/uploads\\\/2024\\\/05\\\/eurovision-boykot-irlanda-a-2223476.jpg\",\"inLanguage\":\"tr\",\"potentialAction\":[{\"@type\":\"CommentAction\",\"name\":\"Comment\",\"target\":[\"https:\\\/\\\/haberkuzey.com\\\/index.php\\\/2024\\\/05\\\/11\\\/eurovisionda-ozgur-filistin-dedigi-icin-guvenlik-mudahalesiyle-karsilasti\\\/#respond\"]}]},{\"@type\":\"WebPage\",\"@id\":\"https:\\\/\\\/haberkuzey.com\\\/index.php\\\/2024\\\/05\\\/11\\\/eurovisionda-ozgur-filistin-dedigi-icin-guvenlik-mudahalesiyle-karsilasti\\\/\",\"url\":\"https:\\\/\\\/haberkuzey.com\\\/index.php\\\/2024\\\/05\\\/11\\\/eurovisionda-ozgur-filistin-dedigi-icin-guvenlik-mudahalesiyle-karsilasti\\\/\",\"name\":\"Eurovision&#039;da &#039;\u00d6zg\u00fcr Filistin&#039; dedi\u011fi i\u00e7in g\u00fcvenlik m\u00fcdahalesiyle kar\u015f\u0131la\u015ft\u0131 - Haber Kuzey\",\"isPartOf\":{\"@id\":\"https:\\\/\\\/haberkuzey.com\\\/#website\"},\"primaryImageOfPage\":{\"@id\":\"https:\\\/\\\/haberkuzey.com\\\/index.php\\\/2024\\\/05\\\/11\\\/eurovisionda-ozgur-filistin-dedigi-icin-guvenlik-mudahalesiyle-karsilasti\\\/#primaryimage\"},\"image\":{\"@id\":\"https:\\\/\\\/haberkuzey.com\\\/index.php\\\/2024\\\/05\\\/11\\\/eurovisionda-ozgur-filistin-dedigi-icin-guvenlik-mudahalesiyle-karsilasti\\\/#primaryimage\"},\"thumbnailUrl\":\"https:\\\/\\\/haberkuzey.com\\\/wp-content\\\/uploads\\\/2024\\\/05\\\/eurovision-boykot-irlanda-a-2223476.jpg\",\"datePublished\":\"2024-05-11T09:40:54+00:00\",\"author\":{\"@id\":\"https:\\\/\\\/haberkuzey.com\\\/#\\\/schema\\\/person\\\/3372109ec735f9333f4fa47ebb9605ca\"},\"breadcrumb\":{\"@id\":\"https:\\\/\\\/haberkuzey.com\\\/index.php\\\/2024\\\/05\\\/11\\\/eurovisionda-ozgur-filistin-dedigi-icin-guvenlik-mudahalesiyle-karsilasti\\\/#breadcrumb\"},\"inLanguage\":\"tr\",\"potentialAction\":[{\"@type\":\"ReadAction\",\"target\":[\"https:\\\/\\\/haberkuzey.com\\\/index.php\\\/2024\\\/05\\\/11\\\/eurovisionda-ozgur-filistin-dedigi-icin-guvenlik-mudahalesiyle-karsilasti\\\/\"]}]},{\"@type\":\"ImageObject\",\"inLanguage\":\"tr\",\"@id\":\"https:\\\/\\\/haberkuzey.com\\\/index.php\\\/2024\\\/05\\\/11\\\/eurovisionda-ozgur-filistin-dedigi-icin-guvenlik-mudahalesiyle-karsilasti\\\/#primaryimage\",\"url\":\"https:\\\/\\\/haberkuzey.com\\\/wp-content\\\/uploads\\\/2024\\\/05\\\/eurovision-boykot-irlanda-a-2223476.jpg\",\"contentUrl\":\"https:\\\/\\\/haberkuzey.com\\\/wp-content\\\/uploads\\\/2024\\\/05\\\/eurovision-boykot-irlanda-a-2223476.jpg\",\"width\":1280,\"height\":720},{\"@type\":\"BreadcrumbList\",\"@id\":\"https:\\\/\\\/haberkuzey.com\\\/index.php\\\/2024\\\/05\\\/11\\\/eurovisionda-ozgur-filistin-dedigi-icin-guvenlik-mudahalesiyle-karsilasti\\\/#breadcrumb\",\"itemListElement\":[{\"@type\":\"ListItem\",\"position\":1,\"name\":\"Anasayfa\",\"item\":\"https:\\\/\\\/haberkuzey.com\\\/\"},{\"@type\":\"ListItem\",\"position\":2,\"name\":\"Eurovision&#039;da &#039;\u00d6zg\u00fcr Filistin&#039; dedi\u011fi i\u00e7in g\u00fcvenlik m\u00fcdahalesiyle kar\u015f\u0131la\u015ft\u0131\"}]},{\"@type\":\"WebSite\",\"@id\":\"https:\\\/\\\/haberkuzey.com\\\/#website\",\"url\":\"https:\\\/\\\/haberkuzey.com\\\/\",\"name\":\"Haber Kuzey\",\"description\":\"Do\u011fru Haberin Adresi\",\"potentialAction\":[{\"@type\":\"SearchAction\",\"target\":{\"@type\":\"EntryPoint\",\"urlTemplate\":\"https:\\\/\\\/haberkuzey.com\\\/?s={search_term_string}\"},\"query-input\":{\"@type\":\"PropertyValueSpecification\",\"valueRequired\":true,\"valueName\":\"search_term_string\"}}],\"inLanguage\":\"tr\"},{\"@type\":\"Person\",\"@id\":\"https:\\\/\\\/haberkuzey.com\\\/#\\\/schema\\\/person\\\/3372109ec735f9333f4fa47ebb9605ca\",\"name\":\"haberkuzey\",\"image\":{\"@type\":\"ImageObject\",\"inLanguage\":\"tr\",\"@id\":\"https:\\\/\\\/secure.gravatar.com\\\/avatar\\\/f5fc875574b1575324358c3b9e6a32b8227aa5b74f3fa22e3cadb63e26fcc39c?s=96&d=mm&r=g\",\"url\":\"https:\\\/\\\/secure.gravatar.com\\\/avatar\\\/f5fc875574b1575324358c3b9e6a32b8227aa5b74f3fa22e3cadb63e26fcc39c?s=96&d=mm&r=g\",\"contentUrl\":\"https:\\\/\\\/secure.gravatar.com\\\/avatar\\\/f5fc875574b1575324358c3b9e6a32b8227aa5b74f3fa22e3cadb63e26fcc39c?s=96&d=mm&r=g\",\"caption\":\"haberkuzey\"},\"sameAs\":[\"https:\\\/\\\/haberkuzey.com\"],\"url\":\"https:\\\/\\\/haberkuzey.com\\\/index.php\\\/author\\\/haberkuzey\\\/\"}]}<\/script>\n<!-- \/ Yoast SEO plugin. -->","yoast_head_json":{"title":"Eurovision&#039;da &#039;\u00d6zg\u00fcr Filistin&#039; dedi\u011fi i\u00e7in g\u00fcvenlik m\u00fcdahalesiyle kar\u015f\u0131la\u015ft\u0131 - Haber Kuzey","robots":{"index":"index","follow":"follow","max-snippet":"max-snippet:-1","max-image-preview":"max-image-preview:large","max-video-preview":"max-video-preview:-1"},"canonical":"https:\/\/haberkuzey.com\/index.php\/2024\/05\/11\/eurovisionda-ozgur-filistin-dedigi-icin-guvenlik-mudahalesiyle-karsilasti\/","og_locale":"tr_TR","og_type":"article","og_title":"Eurovision&#039;da &#039;\u00d6zg\u00fcr Filistin&#039; dedi\u011fi i\u00e7in g\u00fcvenlik m\u00fcdahalesiyle kar\u015f\u0131la\u015ft\u0131 - Haber Kuzey","og_description":"&#13; \u0130sve\u00e7&#8217;in Malm\u00f6 kentinin ev sahipli\u011fi yapt\u0131\u011f\u0131 68. Eurovision \u015eark\u0131 Yar\u0131\u015fmas\u0131, \u0130srail&#8217;in kat\u0131l\u0131m\u0131na y\u00f6nelik protestolar, ele\u015ftiriler ve boykot \u00e7a\u011fr\u0131lar\u0131yla devam ediyor. &#13; B\u00fcy\u00fck finalinin 11 May\u0131s&#8217;ta yap\u0131laca\u011f\u0131 yar\u0131\u015fmada, \u0130srailli temsilci Eden Golan, \u00fclkesini &#8220;Hurricane&#8221; isimli \u015fark\u0131yla temsil edecek. &#13; \u0130kinci yar\u0131 finalde yar\u0131\u015fan Golan&#8217;\u0131n, provalar ve canl\u0131 yay\u0131n s\u0131ras\u0131nda seyirciler taraf\u0131ndan yuhaland\u0131\u011f\u0131 ve &#8220;\u00d6zg\u00fcr Filistin&#8221; [&hellip;]","og_url":"https:\/\/haberkuzey.com\/index.php\/2024\/05\/11\/eurovisionda-ozgur-filistin-dedigi-icin-guvenlik-mudahalesiyle-karsilasti\/","og_site_name":"Haber Kuzey","article_published_time":"2024-05-11T09:40:54+00:00","og_image":[{"url":"https:\/\/www.trthaber.com\/dosyalar\/images\/2024-05-09T204329Z_618324773_RC27N7A80BRV_RTRMADP_3_MUSIC-EUROVISION-PROTESTS.JPG","type":"","width":"","height":""}],"author":"haberkuzey","twitter_card":"summary_large_image","twitter_misc":{"Yazan:":"haberkuzey","Tahmini okuma s\u00fcresi":"5 dakika"},"schema":{"@context":"https:\/\/schema.org","@graph":[{"@type":"Article","@id":"https:\/\/haberkuzey.com\/index.php\/2024\/05\/11\/eurovisionda-ozgur-filistin-dedigi-icin-guvenlik-mudahalesiyle-karsilasti\/#article","isPartOf":{"@id":"https:\/\/haberkuzey.com\/index.php\/2024\/05\/11\/eurovisionda-ozgur-filistin-dedigi-icin-guvenlik-mudahalesiyle-karsilasti\/"},"author":{"name":"haberkuzey","@id":"https:\/\/haberkuzey.com\/#\/schema\/person\/3372109ec735f9333f4fa47ebb9605ca"},"headline":"Eurovision&#039;da &#039;\u00d6zg\u00fcr Filistin&#039; dedi\u011fi i\u00e7in g\u00fcvenlik m\u00fcdahalesiyle kar\u015f\u0131la\u015ft\u0131","datePublished":"2024-05-11T09:40:54+00:00","mainEntityOfPage":{"@id":"https:\/\/haberkuzey.com\/index.php\/2024\/05\/11\/eurovisionda-ozgur-filistin-dedigi-icin-guvenlik-mudahalesiyle-karsilasti\/"},"wordCount":1059,"commentCount":0,"image":{"@id":"https:\/\/haberkuzey.com\/index.php\/2024\/05\/11\/eurovisionda-ozgur-filistin-dedigi-icin-guvenlik-mudahalesiyle-karsilasti\/#primaryimage"},"thumbnailUrl":"https:\/\/haberkuzey.com\/wp-content\/uploads\/2024\/05\/eurovision-boykot-irlanda-a-2223476.jpg","inLanguage":"tr","potentialAction":[{"@type":"CommentAction","name":"Comment","target":["https:\/\/haberkuzey.com\/index.php\/2024\/05\/11\/eurovisionda-ozgur-filistin-dedigi-icin-guvenlik-mudahalesiyle-karsilasti\/#respond"]}]},{"@type":"WebPage","@id":"https:\/\/haberkuzey.com\/index.php\/2024\/05\/11\/eurovisionda-ozgur-filistin-dedigi-icin-guvenlik-mudahalesiyle-karsilasti\/","url":"https:\/\/haberkuzey.com\/index.php\/2024\/05\/11\/eurovisionda-ozgur-filistin-dedigi-icin-guvenlik-mudahalesiyle-karsilasti\/","name":"Eurovision&#039;da &#039;\u00d6zg\u00fcr Filistin&#039; dedi\u011fi i\u00e7in g\u00fcvenlik m\u00fcdahalesiyle kar\u015f\u0131la\u015ft\u0131 - Haber Kuzey","isPartOf":{"@id":"https:\/\/haberkuzey.com\/#website"},"primaryImageOfPage":{"@id":"https:\/\/haberkuzey.com\/index.php\/2024\/05\/11\/eurovisionda-ozgur-filistin-dedigi-icin-guvenlik-mudahalesiyle-karsilasti\/#primaryimage"},"image":{"@id":"https:\/\/haberkuzey.com\/index.php\/2024\/05\/11\/eurovisionda-ozgur-filistin-dedigi-icin-guvenlik-mudahalesiyle-karsilasti\/#primaryimage"},"thumbnailUrl":"https:\/\/haberkuzey.com\/wp-content\/uploads\/2024\/05\/eurovision-boykot-irlanda-a-2223476.jpg","datePublished":"2024-05-11T09:40:54+00:00","author":{"@id":"https:\/\/haberkuzey.com\/#\/schema\/person\/3372109ec735f9333f4fa47ebb9605ca"},"breadcrumb":{"@id":"https:\/\/haberkuzey.com\/index.php\/2024\/05\/11\/eurovisionda-ozgur-filistin-dedigi-icin-guvenlik-mudahalesiyle-karsilasti\/#breadcrumb"},"inLanguage":"tr","potentialAction":[{"@type":"ReadAction","target":["https:\/\/haberkuzey.com\/index.php\/2024\/05\/11\/eurovisionda-ozgur-filistin-dedigi-icin-guvenlik-mudahalesiyle-karsilasti\/"]}]},{"@type":"ImageObject","inLanguage":"tr","@id":"https:\/\/haberkuzey.com\/index.php\/2024\/05\/11\/eurovisionda-ozgur-filistin-dedigi-icin-guvenlik-mudahalesiyle-karsilasti\/#primaryimage","url":"https:\/\/haberkuzey.com\/wp-content\/uploads\/2024\/05\/eurovision-boykot-irlanda-a-2223476.jpg","contentUrl":"https:\/\/haberkuzey.com\/wp-content\/uploads\/2024\/05\/eurovision-boykot-irlanda-a-2223476.jpg","width":1280,"height":720},{"@type":"BreadcrumbList","@id":"https:\/\/haberkuzey.com\/index.php\/2024\/05\/11\/eurovisionda-ozgur-filistin-dedigi-icin-guvenlik-mudahalesiyle-karsilasti\/#breadcrumb","itemListElement":[{"@type":"ListItem","position":1,"name":"Anasayfa","item":"https:\/\/haberkuzey.com\/"},{"@type":"ListItem","position":2,"name":"Eurovision&#039;da &#039;\u00d6zg\u00fcr Filistin&#039; dedi\u011fi i\u00e7in g\u00fcvenlik m\u00fcdahalesiyle kar\u015f\u0131la\u015ft\u0131"}]},{"@type":"WebSite","@id":"https:\/\/haberkuzey.com\/#website","url":"https:\/\/haberkuzey.com\/","name":"Haber Kuzey","description":"Do\u011fru Haberin Adresi","potentialAction":[{"@type":"SearchAction","target":{"@type":"EntryPoint","urlTemplate":"https:\/\/haberkuzey.com\/?s={search_term_string}"},"query-input":{"@type":"PropertyValueSpecification","valueRequired":true,"valueName":"search_term_string"}}],"inLanguage":"tr"},{"@type":"Person","@id":"https:\/\/haberkuzey.com\/#\/schema\/person\/3372109ec735f9333f4fa47ebb9605ca","name":"haberkuzey","image":{"@type":"ImageObject","inLanguage":"tr","@id":"https:\/\/secure.gravatar.com\/avatar\/f5fc875574b1575324358c3b9e6a32b8227aa5b74f3fa22e3cadb63e26fcc39c?s=96&d=mm&r=g","url":"https:\/\/secure.gravatar.com\/avatar\/f5fc875574b1575324358c3b9e6a32b8227aa5b74f3fa22e3cadb63e26fcc39c?s=96&d=mm&r=g","contentUrl":"https:\/\/secure.gravatar.com\/avatar\/f5fc875574b1575324358c3b9e6a32b8227aa5b74f3fa22e3cadb63e26fcc39c?s=96&d=mm&r=g","caption":"haberkuzey"},"sameAs":["https:\/\/haberkuzey.com"],"url":"https:\/\/haberkuzey.com\/index.php\/author\/haberkuzey\/"}]}},"_links":{"self":[{"href":"https:\/\/haberkuzey.com\/index.php\/wp-json\/wp\/v2\/posts\/2089","targetHints":{"allow":["GET"]}}],"collection":[{"href":"https:\/\/haberkuzey.com\/index.php\/wp-json\/wp\/v2\/posts"}],"about":[{"href":"https:\/\/haberkuzey.com\/index.php\/wp-json\/wp\/v2\/types\/post"}],"author":[{"embeddable":true,"href":"https:\/\/haberkuzey.com\/index.php\/wp-json\/wp\/v2\/users\/1"}],"replies":[{"embeddable":true,"href":"https:\/\/haberkuzey.com\/index.php\/wp-json\/wp\/v2\/comments?post=2089"}],"version-history":[{"count":0,"href":"https:\/\/haberkuzey.com\/index.php\/wp-json\/wp\/v2\/posts\/2089\/revisions"}],"wp:featuredmedia":[{"embeddable":true,"href":"https:\/\/haberkuzey.com\/index.php\/wp-json\/wp\/v2\/media\/2090"}],"wp:attachment":[{"href":"https:\/\/haberkuzey.com\/index.php\/wp-json\/wp\/v2\/media?parent=2089"}],"wp:term":[{"taxonomy":"category","embeddable":true,"href":"https:\/\/haberkuzey.com\/index.php\/wp-json\/wp\/v2\/categories?post=2089"},{"taxonomy":"post_tag","embeddable":true,"href":"https:\/\/haberkuzey.com\/index.php\/wp-json\/wp\/v2\/tags?post=2089"}],"curies":[{"name":"wp","href":"https:\/\/api.w.org\/{rel}","templated":true}]}}