{"id":20853,"date":"2025-03-26T21:11:24","date_gmt":"2025-03-26T19:11:24","guid":{"rendered":"https:\/\/haberkuzey.com\/index.php\/2025\/03\/26\/turkiyede-bayram-tatili-9-gun-oldu-2\/"},"modified":"2025-03-26T21:11:24","modified_gmt":"2025-03-26T19:11:24","slug":"turkiyede-bayram-tatili-9-gun-oldu-2","status":"publish","type":"post","link":"https:\/\/haberkuzey.com\/index.php\/2025\/03\/26\/turkiyede-bayram-tatili-9-gun-oldu-2\/","title":{"rendered":"T\u00fcrkiye\u2019de bayram tatili 9 g\u00fcn oldu"},"content":{"rendered":"<div>\n<div class=\"mariselle-image-container center\">\n                                            <\/div>\n<p>TC Cumhurba\u015fkan\u0131 Recep Tayyip Erdo\u011fan, \u201c2, 3 ve 4 Nisan\u2019da kamu \u00e7al\u0131\u015fanlar\u0131m\u0131z idari izinli say\u0131lacak. B\u00f6ylece milletimiz bayramda toplam 9 g\u00fcnl\u00fck tatil yapma imkan\u0131na kavu\u015facak\u201d dedi.<\/p>\n<p>Erdo\u011fan, Emek\u00e7iler \u0130le \u0130ftar Program\u0131\u2019nda konu\u015ftu.<\/p>\n<p>Erdo\u011fan, konu\u015fmas\u0131nda Ramazan Bayram\u0131 tatilinin 9 g\u00fcn oldu\u011fu m\u00fcjdesini vererek, \u201cGelecek hafta t\u00fcm okullar\u0131m\u0131z ikinci ara tatillerine giriyor. Ara tatilin oldu\u011fu Pazartesi ve Sal\u0131 g\u00fcnleri ayn\u0131 zamanda Ramazan bayram\u0131 tatilinin ikinci ve \u00fc\u00e7\u00fcnc\u00fc g\u00fcnlerine denk geliyor.<\/p>\n<p><strong>\u201cAilelerimiz \u00e7ocuklar\u0131yla doya doya vakit ge\u00e7irsin\u201d<\/strong><br \/>Ailelerimiz \u00e7ocuklar\u0131yla doya doya vakit ge\u00e7irsin, bayram\u0131 aileleriyle birlikte huzurla, sevin\u00e7le idrak etsin istiyoruz. Bu ama\u00e7la kamu \u00e7al\u0131\u015fanlar\u0131m\u0131z i\u00e7in bayram\u0131 takip eden \u00fc\u00e7 g\u00fcnl\u00fck s\u00fcreyi de idari izin kapsam\u0131na ald\u0131k. 2 Nisan \u00c7ar\u015famba, 3 Nisan Per\u015fembe ve 4 Nisan Cuma g\u00fcn\u00fc de kamu \u00e7al\u0131\u015fanlar\u0131m\u0131z idari izinli say\u0131lacak. B\u00f6ylece milletimiz toplamda dokuz g\u00fcnl\u00fck bir tatil yapma imkan\u0131na kavu\u015facak.Hay\u0131rl\u0131 u\u011furlu olsun diyorum\u201d ifadelerini kulland\u0131.<\/p>\n<p>Erdo\u011fan, emek\u00e7ilerle bir araya geldi\u011fi iftar program\u0131nda g\u00fcndemi de de\u011ferlendirdi.<\/p>\n<p><strong>\u201cMuhteris siyaset\u00e7ilere prim vermeyece\u011fiz\u201d<\/strong><br \/>Cumhurba\u015fkan\u0131 Erdo\u011fan, \u201cSorumsuz boykot \u00e7a\u011fr\u0131lar\u0131yla t\u00fcccar\u0131n i\u015fiyle oynayan, sanayiciyi, giri\u015fimciyi bat\u0131rmak i\u00e7in adeta \u00e7abalayan muhteris siyaset\u00e7ilere prim vermeyece\u011fiz. T\u00fcrkiye i\u00e7in \u00e7al\u0131\u015fan, 85 milyon i\u00e7in \u00fcreten, T\u00fcrk ekonomisine katma de\u011fer sa\u011flayan hi\u00e7 kimseyi, hi\u00e7bir \u015firketimizi bunlar\u0131n insaf\u0131na terk etmeyece\u011fiz\u201d dedi.<\/p>\n<\/p><\/div>\n<p><script async\n                    defer\n                    crossorigin=\"anonymous\"\n                    src=\"https:\/\/connect.facebook.net\/tr_TR\/sdk.js#xfbml=1&#038;version=v3.3\"\n            ><\/script><\/p>\n","protected":false},"excerpt":{"rendered":"<p>TC Cumhurba\u015fkan\u0131 Recep Tayyip Erdo\u011fan, \u201c2, 3 ve 4 Nisan\u2019da kamu \u00e7al\u0131\u015fanlar\u0131m\u0131z idari izinli say\u0131lacak. B\u00f6ylece milletimiz bayramda toplam 9 g\u00fcnl\u00fck tatil yapma imkan\u0131na kavu\u015facak\u201d dedi. Erdo\u011fan, Emek\u00e7iler \u0130le \u0130ftar Program\u0131\u2019nda konu\u015ftu. Erdo\u011fan, konu\u015fmas\u0131nda Ramazan Bayram\u0131 tatilinin 9 g\u00fcn oldu\u011fu m\u00fcjdesini vererek, \u201cGelecek hafta t\u00fcm okullar\u0131m\u0131z ikinci ara tatillerine giriyor. Ara tatilin oldu\u011fu Pazartesi ve [&hellip;]<\/p>\n","protected":false},"author":1,"featured_media":16125,"comment_status":"open","ping_status":"open","sticky":false,"template":"","format":"standard","meta":{"jnews-multi-image_gallery":[],"jnews_single_post":[],"jnews_primary_category":[],"footnotes":""},"categories":[2],"tags":[],"class_list":["post-20853","post","type-post","status-publish","format-standard","has-post-thumbnail","hentry","category-dunya"],"yoast_head":"<!-- This site is optimized with the Yoast SEO plugin v27.5 - https:\/\/yoast.com\/product\/yoast-seo-wordpress\/ -->\n<title>T\u00fcrkiye\u2019de bayram tatili 9 g\u00fcn oldu - Haber Kuzey<\/title>\n<meta name=\"robots\" content=\"index, follow, max-snippet:-1, max-image-preview:large, max-video-preview:-1\" \/>\n<link rel=\"canonical\" href=\"https:\/\/haberkuzey.com\/index.php\/2025\/03\/26\/turkiyede-bayram-tatili-9-gun-oldu-2\/\" \/>\n<meta property=\"og:locale\" content=\"tr_TR\" \/>\n<meta property=\"og:type\" content=\"article\" \/>\n<meta property=\"og:title\" content=\"T\u00fcrkiye\u2019de bayram tatili 9 g\u00fcn oldu - Haber Kuzey\" \/>\n<meta property=\"og:description\" content=\"TC Cumhurba\u015fkan\u0131 Recep Tayyip Erdo\u011fan, \u201c2, 3 ve 4 Nisan\u2019da kamu \u00e7al\u0131\u015fanlar\u0131m\u0131z idari izinli say\u0131lacak. B\u00f6ylece milletimiz bayramda toplam 9 g\u00fcnl\u00fck tatil yapma imkan\u0131na kavu\u015facak\u201d dedi. Erdo\u011fan, Emek\u00e7iler \u0130le \u0130ftar Program\u0131\u2019nda konu\u015ftu. Erdo\u011fan, konu\u015fmas\u0131nda Ramazan Bayram\u0131 tatilinin 9 g\u00fcn oldu\u011fu m\u00fcjdesini vererek, \u201cGelecek hafta t\u00fcm okullar\u0131m\u0131z ikinci ara tatillerine giriyor. Ara tatilin oldu\u011fu Pazartesi ve [&hellip;]\" \/>\n<meta property=\"og:url\" content=\"https:\/\/haberkuzey.com\/index.php\/2025\/03\/26\/turkiyede-bayram-tatili-9-gun-oldu-2\/\" \/>\n<meta property=\"og:site_name\" content=\"Haber Kuzey\" \/>\n<meta property=\"article:published_time\" content=\"2025-03-26T19:11:24+00:00\" \/>\n<meta property=\"og:image\" content=\"https:\/\/brtk.net\/wp-content\/uploads\/2024\/11\/06\/Erdogan-1.jpg?ver=23d91d0df77b09570b3bf5ebb917be3d\" \/>\n<meta name=\"author\" content=\"haberkuzey\" \/>\n<meta name=\"twitter:card\" content=\"summary_large_image\" \/>\n<meta name=\"twitter:label1\" content=\"Yazan:\" \/>\n\t<meta name=\"twitter:data1\" content=\"haberkuzey\" \/>\n\t<meta name=\"twitter:label2\" content=\"Tahmini okuma s\u00fcresi\" \/>\n\t<meta name=\"twitter:data2\" content=\"1 dakika\" \/>\n<script type=\"application\/ld+json\" class=\"yoast-schema-graph\">{\"@context\":\"https:\\\/\\\/schema.org\",\"@graph\":[{\"@type\":\"Article\",\"@id\":\"https:\\\/\\\/haberkuzey.com\\\/index.php\\\/2025\\\/03\\\/26\\\/turkiyede-bayram-tatili-9-gun-oldu-2\\\/#article\",\"isPartOf\":{\"@id\":\"https:\\\/\\\/haberkuzey.com\\\/index.php\\\/2025\\\/03\\\/26\\\/turkiyede-bayram-tatili-9-gun-oldu-2\\\/\"},\"author\":{\"name\":\"haberkuzey\",\"@id\":\"https:\\\/\\\/haberkuzey.com\\\/#\\\/schema\\\/person\\\/3372109ec735f9333f4fa47ebb9605ca\"},\"headline\":\"T\u00fcrkiye\u2019de bayram tatili 9 g\u00fcn oldu\",\"datePublished\":\"2025-03-26T19:11:24+00:00\",\"mainEntityOfPage\":{\"@id\":\"https:\\\/\\\/haberkuzey.com\\\/index.php\\\/2025\\\/03\\\/26\\\/turkiyede-bayram-tatili-9-gun-oldu-2\\\/\"},\"wordCount\":277,\"commentCount\":0,\"image\":{\"@id\":\"https:\\\/\\\/haberkuzey.com\\\/index.php\\\/2025\\\/03\\\/26\\\/turkiyede-bayram-tatili-9-gun-oldu-2\\\/#primaryimage\"},\"thumbnailUrl\":\"https:\\\/\\\/haberkuzey.com\\\/wp-content\\\/uploads\\\/2025\\\/01\\\/Erdogan-1.jpg\",\"articleSection\":[\"D\u00fcnya\"],\"inLanguage\":\"tr\",\"potentialAction\":[{\"@type\":\"CommentAction\",\"name\":\"Comment\",\"target\":[\"https:\\\/\\\/haberkuzey.com\\\/index.php\\\/2025\\\/03\\\/26\\\/turkiyede-bayram-tatili-9-gun-oldu-2\\\/#respond\"]}]},{\"@type\":\"WebPage\",\"@id\":\"https:\\\/\\\/haberkuzey.com\\\/index.php\\\/2025\\\/03\\\/26\\\/turkiyede-bayram-tatili-9-gun-oldu-2\\\/\",\"url\":\"https:\\\/\\\/haberkuzey.com\\\/index.php\\\/2025\\\/03\\\/26\\\/turkiyede-bayram-tatili-9-gun-oldu-2\\\/\",\"name\":\"T\u00fcrkiye\u2019de bayram tatili 9 g\u00fcn oldu - Haber Kuzey\",\"isPartOf\":{\"@id\":\"https:\\\/\\\/haberkuzey.com\\\/#website\"},\"primaryImageOfPage\":{\"@id\":\"https:\\\/\\\/haberkuzey.com\\\/index.php\\\/2025\\\/03\\\/26\\\/turkiyede-bayram-tatili-9-gun-oldu-2\\\/#primaryimage\"},\"image\":{\"@id\":\"https:\\\/\\\/haberkuzey.com\\\/index.php\\\/2025\\\/03\\\/26\\\/turkiyede-bayram-tatili-9-gun-oldu-2\\\/#primaryimage\"},\"thumbnailUrl\":\"https:\\\/\\\/haberkuzey.com\\\/wp-content\\\/uploads\\\/2025\\\/01\\\/Erdogan-1.jpg\",\"datePublished\":\"2025-03-26T19:11:24+00:00\",\"author\":{\"@id\":\"https:\\\/\\\/haberkuzey.com\\\/#\\\/schema\\\/person\\\/3372109ec735f9333f4fa47ebb9605ca\"},\"breadcrumb\":{\"@id\":\"https:\\\/\\\/haberkuzey.com\\\/index.php\\\/2025\\\/03\\\/26\\\/turkiyede-bayram-tatili-9-gun-oldu-2\\\/#breadcrumb\"},\"inLanguage\":\"tr\",\"potentialAction\":[{\"@type\":\"ReadAction\",\"target\":[\"https:\\\/\\\/haberkuzey.com\\\/index.php\\\/2025\\\/03\\\/26\\\/turkiyede-bayram-tatili-9-gun-oldu-2\\\/\"]}]},{\"@type\":\"ImageObject\",\"inLanguage\":\"tr\",\"@id\":\"https:\\\/\\\/haberkuzey.com\\\/index.php\\\/2025\\\/03\\\/26\\\/turkiyede-bayram-tatili-9-gun-oldu-2\\\/#primaryimage\",\"url\":\"https:\\\/\\\/haberkuzey.com\\\/wp-content\\\/uploads\\\/2025\\\/01\\\/Erdogan-1.jpg\",\"contentUrl\":\"https:\\\/\\\/haberkuzey.com\\\/wp-content\\\/uploads\\\/2025\\\/01\\\/Erdogan-1.jpg\",\"width\":1600,\"height\":1061},{\"@type\":\"BreadcrumbList\",\"@id\":\"https:\\\/\\\/haberkuzey.com\\\/index.php\\\/2025\\\/03\\\/26\\\/turkiyede-bayram-tatili-9-gun-oldu-2\\\/#breadcrumb\",\"itemListElement\":[{\"@type\":\"ListItem\",\"position\":1,\"name\":\"Anasayfa\",\"item\":\"https:\\\/\\\/haberkuzey.com\\\/\"},{\"@type\":\"ListItem\",\"position\":2,\"name\":\"T\u00fcrkiye\u2019de bayram tatili 9 g\u00fcn oldu\"}]},{\"@type\":\"WebSite\",\"@id\":\"https:\\\/\\\/haberkuzey.com\\\/#website\",\"url\":\"https:\\\/\\\/haberkuzey.com\\\/\",\"name\":\"Haber Kuzey\",\"description\":\"Do\u011fru Haberin Adresi\",\"potentialAction\":[{\"@type\":\"SearchAction\",\"target\":{\"@type\":\"EntryPoint\",\"urlTemplate\":\"https:\\\/\\\/haberkuzey.com\\\/?s={search_term_string}\"},\"query-input\":{\"@type\":\"PropertyValueSpecification\",\"valueRequired\":true,\"valueName\":\"search_term_string\"}}],\"inLanguage\":\"tr\"},{\"@type\":\"Person\",\"@id\":\"https:\\\/\\\/haberkuzey.com\\\/#\\\/schema\\\/person\\\/3372109ec735f9333f4fa47ebb9605ca\",\"name\":\"haberkuzey\",\"image\":{\"@type\":\"ImageObject\",\"inLanguage\":\"tr\",\"@id\":\"https:\\\/\\\/secure.gravatar.com\\\/avatar\\\/f5fc875574b1575324358c3b9e6a32b8227aa5b74f3fa22e3cadb63e26fcc39c?s=96&d=mm&r=g\",\"url\":\"https:\\\/\\\/secure.gravatar.com\\\/avatar\\\/f5fc875574b1575324358c3b9e6a32b8227aa5b74f3fa22e3cadb63e26fcc39c?s=96&d=mm&r=g\",\"contentUrl\":\"https:\\\/\\\/secure.gravatar.com\\\/avatar\\\/f5fc875574b1575324358c3b9e6a32b8227aa5b74f3fa22e3cadb63e26fcc39c?s=96&d=mm&r=g\",\"caption\":\"haberkuzey\"},\"sameAs\":[\"https:\\\/\\\/haberkuzey.com\"],\"url\":\"https:\\\/\\\/haberkuzey.com\\\/index.php\\\/author\\\/haberkuzey\\\/\"}]}<\/script>\n<!-- \/ Yoast SEO plugin. -->","yoast_head_json":{"title":"T\u00fcrkiye\u2019de bayram tatili 9 g\u00fcn oldu - Haber Kuzey","robots":{"index":"index","follow":"follow","max-snippet":"max-snippet:-1","max-image-preview":"max-image-preview:large","max-video-preview":"max-video-preview:-1"},"canonical":"https:\/\/haberkuzey.com\/index.php\/2025\/03\/26\/turkiyede-bayram-tatili-9-gun-oldu-2\/","og_locale":"tr_TR","og_type":"article","og_title":"T\u00fcrkiye\u2019de bayram tatili 9 g\u00fcn oldu - Haber Kuzey","og_description":"TC Cumhurba\u015fkan\u0131 Recep Tayyip Erdo\u011fan, \u201c2, 3 ve 4 Nisan\u2019da kamu \u00e7al\u0131\u015fanlar\u0131m\u0131z idari izinli say\u0131lacak. B\u00f6ylece milletimiz bayramda toplam 9 g\u00fcnl\u00fck tatil yapma imkan\u0131na kavu\u015facak\u201d dedi. Erdo\u011fan, Emek\u00e7iler \u0130le \u0130ftar Program\u0131\u2019nda konu\u015ftu. Erdo\u011fan, konu\u015fmas\u0131nda Ramazan Bayram\u0131 tatilinin 9 g\u00fcn oldu\u011fu m\u00fcjdesini vererek, \u201cGelecek hafta t\u00fcm okullar\u0131m\u0131z ikinci ara tatillerine giriyor. Ara tatilin oldu\u011fu Pazartesi ve [&hellip;]","og_url":"https:\/\/haberkuzey.com\/index.php\/2025\/03\/26\/turkiyede-bayram-tatili-9-gun-oldu-2\/","og_site_name":"Haber Kuzey","article_published_time":"2025-03-26T19:11:24+00:00","og_image":[{"url":"https:\/\/brtk.net\/wp-content\/uploads\/2024\/11\/06\/Erdogan-1.jpg?ver=23d91d0df77b09570b3bf5ebb917be3d","type":"","width":"","height":""}],"author":"haberkuzey","twitter_card":"summary_large_image","twitter_misc":{"Yazan:":"haberkuzey","Tahmini okuma s\u00fcresi":"1 dakika"},"schema":{"@context":"https:\/\/schema.org","@graph":[{"@type":"Article","@id":"https:\/\/haberkuzey.com\/index.php\/2025\/03\/26\/turkiyede-bayram-tatili-9-gun-oldu-2\/#article","isPartOf":{"@id":"https:\/\/haberkuzey.com\/index.php\/2025\/03\/26\/turkiyede-bayram-tatili-9-gun-oldu-2\/"},"author":{"name":"haberkuzey","@id":"https:\/\/haberkuzey.com\/#\/schema\/person\/3372109ec735f9333f4fa47ebb9605ca"},"headline":"T\u00fcrkiye\u2019de bayram tatili 9 g\u00fcn oldu","datePublished":"2025-03-26T19:11:24+00:00","mainEntityOfPage":{"@id":"https:\/\/haberkuzey.com\/index.php\/2025\/03\/26\/turkiyede-bayram-tatili-9-gun-oldu-2\/"},"wordCount":277,"commentCount":0,"image":{"@id":"https:\/\/haberkuzey.com\/index.php\/2025\/03\/26\/turkiyede-bayram-tatili-9-gun-oldu-2\/#primaryimage"},"thumbnailUrl":"https:\/\/haberkuzey.com\/wp-content\/uploads\/2025\/01\/Erdogan-1.jpg","articleSection":["D\u00fcnya"],"inLanguage":"tr","potentialAction":[{"@type":"CommentAction","name":"Comment","target":["https:\/\/haberkuzey.com\/index.php\/2025\/03\/26\/turkiyede-bayram-tatili-9-gun-oldu-2\/#respond"]}]},{"@type":"WebPage","@id":"https:\/\/haberkuzey.com\/index.php\/2025\/03\/26\/turkiyede-bayram-tatili-9-gun-oldu-2\/","url":"https:\/\/haberkuzey.com\/index.php\/2025\/03\/26\/turkiyede-bayram-tatili-9-gun-oldu-2\/","name":"T\u00fcrkiye\u2019de bayram tatili 9 g\u00fcn oldu - Haber Kuzey","isPartOf":{"@id":"https:\/\/haberkuzey.com\/#website"},"primaryImageOfPage":{"@id":"https:\/\/haberkuzey.com\/index.php\/2025\/03\/26\/turkiyede-bayram-tatili-9-gun-oldu-2\/#primaryimage"},"image":{"@id":"https:\/\/haberkuzey.com\/index.php\/2025\/03\/26\/turkiyede-bayram-tatili-9-gun-oldu-2\/#primaryimage"},"thumbnailUrl":"https:\/\/haberkuzey.com\/wp-content\/uploads\/2025\/01\/Erdogan-1.jpg","datePublished":"2025-03-26T19:11:24+00:00","author":{"@id":"https:\/\/haberkuzey.com\/#\/schema\/person\/3372109ec735f9333f4fa47ebb9605ca"},"breadcrumb":{"@id":"https:\/\/haberkuzey.com\/index.php\/2025\/03\/26\/turkiyede-bayram-tatili-9-gun-oldu-2\/#breadcrumb"},"inLanguage":"tr","potentialAction":[{"@type":"ReadAction","target":["https:\/\/haberkuzey.com\/index.php\/2025\/03\/26\/turkiyede-bayram-tatili-9-gun-oldu-2\/"]}]},{"@type":"ImageObject","inLanguage":"tr","@id":"https:\/\/haberkuzey.com\/index.php\/2025\/03\/26\/turkiyede-bayram-tatili-9-gun-oldu-2\/#primaryimage","url":"https:\/\/haberkuzey.com\/wp-content\/uploads\/2025\/01\/Erdogan-1.jpg","contentUrl":"https:\/\/haberkuzey.com\/wp-content\/uploads\/2025\/01\/Erdogan-1.jpg","width":1600,"height":1061},{"@type":"BreadcrumbList","@id":"https:\/\/haberkuzey.com\/index.php\/2025\/03\/26\/turkiyede-bayram-tatili-9-gun-oldu-2\/#breadcrumb","itemListElement":[{"@type":"ListItem","position":1,"name":"Anasayfa","item":"https:\/\/haberkuzey.com\/"},{"@type":"ListItem","position":2,"name":"T\u00fcrkiye\u2019de bayram tatili 9 g\u00fcn oldu"}]},{"@type":"WebSite","@id":"https:\/\/haberkuzey.com\/#website","url":"https:\/\/haberkuzey.com\/","name":"Haber Kuzey","description":"Do\u011fru Haberin Adresi","potentialAction":[{"@type":"SearchAction","target":{"@type":"EntryPoint","urlTemplate":"https:\/\/haberkuzey.com\/?s={search_term_string}"},"query-input":{"@type":"PropertyValueSpecification","valueRequired":true,"valueName":"search_term_string"}}],"inLanguage":"tr"},{"@type":"Person","@id":"https:\/\/haberkuzey.com\/#\/schema\/person\/3372109ec735f9333f4fa47ebb9605ca","name":"haberkuzey","image":{"@type":"ImageObject","inLanguage":"tr","@id":"https:\/\/secure.gravatar.com\/avatar\/f5fc875574b1575324358c3b9e6a32b8227aa5b74f3fa22e3cadb63e26fcc39c?s=96&d=mm&r=g","url":"https:\/\/secure.gravatar.com\/avatar\/f5fc875574b1575324358c3b9e6a32b8227aa5b74f3fa22e3cadb63e26fcc39c?s=96&d=mm&r=g","contentUrl":"https:\/\/secure.gravatar.com\/avatar\/f5fc875574b1575324358c3b9e6a32b8227aa5b74f3fa22e3cadb63e26fcc39c?s=96&d=mm&r=g","caption":"haberkuzey"},"sameAs":["https:\/\/haberkuzey.com"],"url":"https:\/\/haberkuzey.com\/index.php\/author\/haberkuzey\/"}]}},"_links":{"self":[{"href":"https:\/\/haberkuzey.com\/index.php\/wp-json\/wp\/v2\/posts\/20853","targetHints":{"allow":["GET"]}}],"collection":[{"href":"https:\/\/haberkuzey.com\/index.php\/wp-json\/wp\/v2\/posts"}],"about":[{"href":"https:\/\/haberkuzey.com\/index.php\/wp-json\/wp\/v2\/types\/post"}],"author":[{"embeddable":true,"href":"https:\/\/haberkuzey.com\/index.php\/wp-json\/wp\/v2\/users\/1"}],"replies":[{"embeddable":true,"href":"https:\/\/haberkuzey.com\/index.php\/wp-json\/wp\/v2\/comments?post=20853"}],"version-history":[{"count":0,"href":"https:\/\/haberkuzey.com\/index.php\/wp-json\/wp\/v2\/posts\/20853\/revisions"}],"wp:featuredmedia":[{"embeddable":true,"href":"https:\/\/haberkuzey.com\/index.php\/wp-json\/wp\/v2\/media\/16125"}],"wp:attachment":[{"href":"https:\/\/haberkuzey.com\/index.php\/wp-json\/wp\/v2\/media?parent=20853"}],"wp:term":[{"taxonomy":"category","embeddable":true,"href":"https:\/\/haberkuzey.com\/index.php\/wp-json\/wp\/v2\/categories?post=20853"},{"taxonomy":"post_tag","embeddable":true,"href":"https:\/\/haberkuzey.com\/index.php\/wp-json\/wp\/v2\/tags?post=20853"}],"curies":[{"name":"wp","href":"https:\/\/api.w.org\/{rel}","templated":true}]}}