{"id":20843,"date":"2025-03-26T19:11:32","date_gmt":"2025-03-26T17:11:32","guid":{"rendered":"https:\/\/haberkuzey.com\/index.php\/2025\/03\/26\/tc-cumhurbaskani-yardimcisi-yilmazbiz-kibrista-iki-devletli-bir-cozumu-savunuyoruz\/"},"modified":"2025-03-26T19:11:32","modified_gmt":"2025-03-26T17:11:32","slug":"tc-cumhurbaskani-yardimcisi-yilmazbiz-kibrista-iki-devletli-bir-cozumu-savunuyoruz","status":"publish","type":"post","link":"https:\/\/haberkuzey.com\/index.php\/2025\/03\/26\/tc-cumhurbaskani-yardimcisi-yilmazbiz-kibrista-iki-devletli-bir-cozumu-savunuyoruz\/","title":{"rendered":"TC Cumhurba\u015fkan\u0131 Yard\u0131mc\u0131s\u0131 Y\u0131lmaz:Biz K\u0131br\u0131s\u2019ta iki devletli bir \u00e7\u00f6z\u00fcm\u00fc savunuyoruz"},"content":{"rendered":"<div>\n<div class=\"mariselle-image-container center\">\n                                            <\/div>\n<p> TC Cumhurba\u015fkan\u0131 Yard\u0131mc\u0131s\u0131 Cevdet Y\u0131lmaz, T\u00fcrkiye\u2019nin K\u0131br\u0131s\u2019taki  iki halk\u0131n da haklar\u0131n\u0131 koruyan, iki devletli bir \u00e7\u00f6z\u00fcmden yana oldu\u011funu yineledi. \u201cBiz iki devletli bir \u00e7\u00f6z\u00fcm\u00fc savunuyoruz\u201d diyen Y\u0131lmaz, bu \u00e7\u00f6z\u00fcm\u00fcn adadaki istikrar\u0131n ve g\u00fcvenli\u011fin sa\u011flanmas\u0131na katk\u0131da bulunaca\u011f\u0131n\u0131 ifade etti.<\/p>\n<p> Kat\u0131ld\u0131\u011f\u0131 programda g\u00fcndeme ili\u015fkin a\u00e7\u0131klamalarda bulunan Y\u0131lmaz  Avrupa Birli\u011fi\u2019nin T\u00fcrkiye i\u00e7in hala stratejik bir hedef oldu\u011funu vurgulayarak, \u201cAvrupa Birli\u011fine tam \u00fcyelik hala bizim i\u00e7in stratejik bir hedeftir\u201d dedi.<\/p>\n<\/p><\/div>\n<p><script async\n                    defer\n                    crossorigin=\"anonymous\"\n                    src=\"https:\/\/connect.facebook.net\/tr_TR\/sdk.js#xfbml=1&#038;version=v3.3\"\n            ><\/script><\/p>\n","protected":false},"excerpt":{"rendered":"<p>TC Cumhurba\u015fkan\u0131 Yard\u0131mc\u0131s\u0131 Cevdet Y\u0131lmaz, T\u00fcrkiye\u2019nin K\u0131br\u0131s\u2019taki iki halk\u0131n da haklar\u0131n\u0131 koruyan, iki devletli bir \u00e7\u00f6z\u00fcmden yana oldu\u011funu yineledi. \u201cBiz iki devletli bir \u00e7\u00f6z\u00fcm\u00fc savunuyoruz\u201d diyen Y\u0131lmaz, bu \u00e7\u00f6z\u00fcm\u00fcn adadaki istikrar\u0131n ve g\u00fcvenli\u011fin sa\u011flanmas\u0131na katk\u0131da bulunaca\u011f\u0131n\u0131 ifade etti. Kat\u0131ld\u0131\u011f\u0131 programda g\u00fcndeme ili\u015fkin a\u00e7\u0131klamalarda bulunan Y\u0131lmaz Avrupa Birli\u011fi\u2019nin T\u00fcrkiye i\u00e7in hala stratejik bir hedef oldu\u011funu vurgulayarak, [&hellip;]<\/p>\n","protected":false},"author":1,"featured_media":20844,"comment_status":"open","ping_status":"open","sticky":false,"template":"","format":"standard","meta":{"jnews-multi-image_gallery":[],"jnews_single_post":[],"jnews_primary_category":[],"footnotes":""},"categories":[2],"tags":[],"class_list":["post-20843","post","type-post","status-publish","format-standard","has-post-thumbnail","hentry","category-dunya"],"yoast_head":"<!-- This site is optimized with the Yoast SEO plugin v27.5 - https:\/\/yoast.com\/product\/yoast-seo-wordpress\/ -->\n<title>TC Cumhurba\u015fkan\u0131 Yard\u0131mc\u0131s\u0131 Y\u0131lmaz:Biz K\u0131br\u0131s\u2019ta iki devletli bir \u00e7\u00f6z\u00fcm\u00fc savunuyoruz - Haber Kuzey<\/title>\n<meta name=\"robots\" content=\"index, follow, max-snippet:-1, max-image-preview:large, max-video-preview:-1\" \/>\n<link rel=\"canonical\" href=\"https:\/\/haberkuzey.com\/index.php\/2025\/03\/26\/tc-cumhurbaskani-yardimcisi-yilmazbiz-kibrista-iki-devletli-bir-cozumu-savunuyoruz\/\" \/>\n<meta property=\"og:locale\" content=\"tr_TR\" \/>\n<meta property=\"og:type\" content=\"article\" \/>\n<meta property=\"og:title\" content=\"TC Cumhurba\u015fkan\u0131 Yard\u0131mc\u0131s\u0131 Y\u0131lmaz:Biz K\u0131br\u0131s\u2019ta iki devletli bir \u00e7\u00f6z\u00fcm\u00fc savunuyoruz - Haber Kuzey\" \/>\n<meta property=\"og:description\" content=\"TC Cumhurba\u015fkan\u0131 Yard\u0131mc\u0131s\u0131 Cevdet Y\u0131lmaz, T\u00fcrkiye\u2019nin K\u0131br\u0131s\u2019taki iki halk\u0131n da haklar\u0131n\u0131 koruyan, iki devletli bir \u00e7\u00f6z\u00fcmden yana oldu\u011funu yineledi. \u201cBiz iki devletli bir \u00e7\u00f6z\u00fcm\u00fc savunuyoruz\u201d diyen Y\u0131lmaz, bu \u00e7\u00f6z\u00fcm\u00fcn adadaki istikrar\u0131n ve g\u00fcvenli\u011fin sa\u011flanmas\u0131na katk\u0131da bulunaca\u011f\u0131n\u0131 ifade etti. Kat\u0131ld\u0131\u011f\u0131 programda g\u00fcndeme ili\u015fkin a\u00e7\u0131klamalarda bulunan Y\u0131lmaz Avrupa Birli\u011fi\u2019nin T\u00fcrkiye i\u00e7in hala stratejik bir hedef oldu\u011funu vurgulayarak, [&hellip;]\" \/>\n<meta property=\"og:url\" content=\"https:\/\/haberkuzey.com\/index.php\/2025\/03\/26\/tc-cumhurbaskani-yardimcisi-yilmazbiz-kibrista-iki-devletli-bir-cozumu-savunuyoruz\/\" \/>\n<meta property=\"og:site_name\" content=\"Haber Kuzey\" \/>\n<meta property=\"article:published_time\" content=\"2025-03-26T17:11:32+00:00\" \/>\n<meta property=\"og:image\" content=\"https:\/\/brtk.net\/wp-content\/uploads\/2025\/03\/26\/cevdett.jpg?ver=d9817a74bd43a88153be4cc8d2407e8c\" \/>\n<meta name=\"author\" content=\"haberkuzey\" \/>\n<meta name=\"twitter:card\" content=\"summary_large_image\" \/>\n<meta name=\"twitter:label1\" content=\"Yazan:\" \/>\n\t<meta name=\"twitter:data1\" content=\"haberkuzey\" \/>\n\t<meta name=\"twitter:label2\" content=\"Tahmini okuma s\u00fcresi\" \/>\n\t<meta name=\"twitter:data2\" content=\"1 dakika\" \/>\n<script type=\"application\/ld+json\" class=\"yoast-schema-graph\">{\"@context\":\"https:\\\/\\\/schema.org\",\"@graph\":[{\"@type\":\"Article\",\"@id\":\"https:\\\/\\\/haberkuzey.com\\\/index.php\\\/2025\\\/03\\\/26\\\/tc-cumhurbaskani-yardimcisi-yilmazbiz-kibrista-iki-devletli-bir-cozumu-savunuyoruz\\\/#article\",\"isPartOf\":{\"@id\":\"https:\\\/\\\/haberkuzey.com\\\/index.php\\\/2025\\\/03\\\/26\\\/tc-cumhurbaskani-yardimcisi-yilmazbiz-kibrista-iki-devletli-bir-cozumu-savunuyoruz\\\/\"},\"author\":{\"name\":\"haberkuzey\",\"@id\":\"https:\\\/\\\/haberkuzey.com\\\/#\\\/schema\\\/person\\\/3372109ec735f9333f4fa47ebb9605ca\"},\"headline\":\"TC Cumhurba\u015fkan\u0131 Yard\u0131mc\u0131s\u0131 Y\u0131lmaz:Biz K\u0131br\u0131s\u2019ta iki devletli bir \u00e7\u00f6z\u00fcm\u00fc savunuyoruz\",\"datePublished\":\"2025-03-26T17:11:32+00:00\",\"mainEntityOfPage\":{\"@id\":\"https:\\\/\\\/haberkuzey.com\\\/index.php\\\/2025\\\/03\\\/26\\\/tc-cumhurbaskani-yardimcisi-yilmazbiz-kibrista-iki-devletli-bir-cozumu-savunuyoruz\\\/\"},\"wordCount\":121,\"commentCount\":0,\"image\":{\"@id\":\"https:\\\/\\\/haberkuzey.com\\\/index.php\\\/2025\\\/03\\\/26\\\/tc-cumhurbaskani-yardimcisi-yilmazbiz-kibrista-iki-devletli-bir-cozumu-savunuyoruz\\\/#primaryimage\"},\"thumbnailUrl\":\"https:\\\/\\\/haberkuzey.com\\\/wp-content\\\/uploads\\\/2025\\\/03\\\/cevdett.jpg\",\"articleSection\":[\"D\u00fcnya\"],\"inLanguage\":\"tr\",\"potentialAction\":[{\"@type\":\"CommentAction\",\"name\":\"Comment\",\"target\":[\"https:\\\/\\\/haberkuzey.com\\\/index.php\\\/2025\\\/03\\\/26\\\/tc-cumhurbaskani-yardimcisi-yilmazbiz-kibrista-iki-devletli-bir-cozumu-savunuyoruz\\\/#respond\"]}]},{\"@type\":\"WebPage\",\"@id\":\"https:\\\/\\\/haberkuzey.com\\\/index.php\\\/2025\\\/03\\\/26\\\/tc-cumhurbaskani-yardimcisi-yilmazbiz-kibrista-iki-devletli-bir-cozumu-savunuyoruz\\\/\",\"url\":\"https:\\\/\\\/haberkuzey.com\\\/index.php\\\/2025\\\/03\\\/26\\\/tc-cumhurbaskani-yardimcisi-yilmazbiz-kibrista-iki-devletli-bir-cozumu-savunuyoruz\\\/\",\"name\":\"TC Cumhurba\u015fkan\u0131 Yard\u0131mc\u0131s\u0131 Y\u0131lmaz:Biz K\u0131br\u0131s\u2019ta iki devletli bir \u00e7\u00f6z\u00fcm\u00fc savunuyoruz - Haber Kuzey\",\"isPartOf\":{\"@id\":\"https:\\\/\\\/haberkuzey.com\\\/#website\"},\"primaryImageOfPage\":{\"@id\":\"https:\\\/\\\/haberkuzey.com\\\/index.php\\\/2025\\\/03\\\/26\\\/tc-cumhurbaskani-yardimcisi-yilmazbiz-kibrista-iki-devletli-bir-cozumu-savunuyoruz\\\/#primaryimage\"},\"image\":{\"@id\":\"https:\\\/\\\/haberkuzey.com\\\/index.php\\\/2025\\\/03\\\/26\\\/tc-cumhurbaskani-yardimcisi-yilmazbiz-kibrista-iki-devletli-bir-cozumu-savunuyoruz\\\/#primaryimage\"},\"thumbnailUrl\":\"https:\\\/\\\/haberkuzey.com\\\/wp-content\\\/uploads\\\/2025\\\/03\\\/cevdett.jpg\",\"datePublished\":\"2025-03-26T17:11:32+00:00\",\"author\":{\"@id\":\"https:\\\/\\\/haberkuzey.com\\\/#\\\/schema\\\/person\\\/3372109ec735f9333f4fa47ebb9605ca\"},\"breadcrumb\":{\"@id\":\"https:\\\/\\\/haberkuzey.com\\\/index.php\\\/2025\\\/03\\\/26\\\/tc-cumhurbaskani-yardimcisi-yilmazbiz-kibrista-iki-devletli-bir-cozumu-savunuyoruz\\\/#breadcrumb\"},\"inLanguage\":\"tr\",\"potentialAction\":[{\"@type\":\"ReadAction\",\"target\":[\"https:\\\/\\\/haberkuzey.com\\\/index.php\\\/2025\\\/03\\\/26\\\/tc-cumhurbaskani-yardimcisi-yilmazbiz-kibrista-iki-devletli-bir-cozumu-savunuyoruz\\\/\"]}]},{\"@type\":\"ImageObject\",\"inLanguage\":\"tr\",\"@id\":\"https:\\\/\\\/haberkuzey.com\\\/index.php\\\/2025\\\/03\\\/26\\\/tc-cumhurbaskani-yardimcisi-yilmazbiz-kibrista-iki-devletli-bir-cozumu-savunuyoruz\\\/#primaryimage\",\"url\":\"https:\\\/\\\/haberkuzey.com\\\/wp-content\\\/uploads\\\/2025\\\/03\\\/cevdett.jpg\",\"contentUrl\":\"https:\\\/\\\/haberkuzey.com\\\/wp-content\\\/uploads\\\/2025\\\/03\\\/cevdett.jpg\",\"width\":864,\"height\":486},{\"@type\":\"BreadcrumbList\",\"@id\":\"https:\\\/\\\/haberkuzey.com\\\/index.php\\\/2025\\\/03\\\/26\\\/tc-cumhurbaskani-yardimcisi-yilmazbiz-kibrista-iki-devletli-bir-cozumu-savunuyoruz\\\/#breadcrumb\",\"itemListElement\":[{\"@type\":\"ListItem\",\"position\":1,\"name\":\"Anasayfa\",\"item\":\"https:\\\/\\\/haberkuzey.com\\\/\"},{\"@type\":\"ListItem\",\"position\":2,\"name\":\"TC Cumhurba\u015fkan\u0131 Yard\u0131mc\u0131s\u0131 Y\u0131lmaz:Biz K\u0131br\u0131s\u2019ta iki devletli bir \u00e7\u00f6z\u00fcm\u00fc savunuyoruz\"}]},{\"@type\":\"WebSite\",\"@id\":\"https:\\\/\\\/haberkuzey.com\\\/#website\",\"url\":\"https:\\\/\\\/haberkuzey.com\\\/\",\"name\":\"Haber Kuzey\",\"description\":\"Do\u011fru Haberin Adresi\",\"potentialAction\":[{\"@type\":\"SearchAction\",\"target\":{\"@type\":\"EntryPoint\",\"urlTemplate\":\"https:\\\/\\\/haberkuzey.com\\\/?s={search_term_string}\"},\"query-input\":{\"@type\":\"PropertyValueSpecification\",\"valueRequired\":true,\"valueName\":\"search_term_string\"}}],\"inLanguage\":\"tr\"},{\"@type\":\"Person\",\"@id\":\"https:\\\/\\\/haberkuzey.com\\\/#\\\/schema\\\/person\\\/3372109ec735f9333f4fa47ebb9605ca\",\"name\":\"haberkuzey\",\"image\":{\"@type\":\"ImageObject\",\"inLanguage\":\"tr\",\"@id\":\"https:\\\/\\\/secure.gravatar.com\\\/avatar\\\/f5fc875574b1575324358c3b9e6a32b8227aa5b74f3fa22e3cadb63e26fcc39c?s=96&d=mm&r=g\",\"url\":\"https:\\\/\\\/secure.gravatar.com\\\/avatar\\\/f5fc875574b1575324358c3b9e6a32b8227aa5b74f3fa22e3cadb63e26fcc39c?s=96&d=mm&r=g\",\"contentUrl\":\"https:\\\/\\\/secure.gravatar.com\\\/avatar\\\/f5fc875574b1575324358c3b9e6a32b8227aa5b74f3fa22e3cadb63e26fcc39c?s=96&d=mm&r=g\",\"caption\":\"haberkuzey\"},\"sameAs\":[\"https:\\\/\\\/haberkuzey.com\"],\"url\":\"https:\\\/\\\/haberkuzey.com\\\/index.php\\\/author\\\/haberkuzey\\\/\"}]}<\/script>\n<!-- \/ Yoast SEO plugin. -->","yoast_head_json":{"title":"TC Cumhurba\u015fkan\u0131 Yard\u0131mc\u0131s\u0131 Y\u0131lmaz:Biz K\u0131br\u0131s\u2019ta iki devletli bir \u00e7\u00f6z\u00fcm\u00fc savunuyoruz - Haber Kuzey","robots":{"index":"index","follow":"follow","max-snippet":"max-snippet:-1","max-image-preview":"max-image-preview:large","max-video-preview":"max-video-preview:-1"},"canonical":"https:\/\/haberkuzey.com\/index.php\/2025\/03\/26\/tc-cumhurbaskani-yardimcisi-yilmazbiz-kibrista-iki-devletli-bir-cozumu-savunuyoruz\/","og_locale":"tr_TR","og_type":"article","og_title":"TC Cumhurba\u015fkan\u0131 Yard\u0131mc\u0131s\u0131 Y\u0131lmaz:Biz K\u0131br\u0131s\u2019ta iki devletli bir \u00e7\u00f6z\u00fcm\u00fc savunuyoruz - Haber Kuzey","og_description":"TC Cumhurba\u015fkan\u0131 Yard\u0131mc\u0131s\u0131 Cevdet Y\u0131lmaz, T\u00fcrkiye\u2019nin K\u0131br\u0131s\u2019taki iki halk\u0131n da haklar\u0131n\u0131 koruyan, iki devletli bir \u00e7\u00f6z\u00fcmden yana oldu\u011funu yineledi. \u201cBiz iki devletli bir \u00e7\u00f6z\u00fcm\u00fc savunuyoruz\u201d diyen Y\u0131lmaz, bu \u00e7\u00f6z\u00fcm\u00fcn adadaki istikrar\u0131n ve g\u00fcvenli\u011fin sa\u011flanmas\u0131na katk\u0131da bulunaca\u011f\u0131n\u0131 ifade etti. Kat\u0131ld\u0131\u011f\u0131 programda g\u00fcndeme ili\u015fkin a\u00e7\u0131klamalarda bulunan Y\u0131lmaz Avrupa Birli\u011fi\u2019nin T\u00fcrkiye i\u00e7in hala stratejik bir hedef oldu\u011funu vurgulayarak, [&hellip;]","og_url":"https:\/\/haberkuzey.com\/index.php\/2025\/03\/26\/tc-cumhurbaskani-yardimcisi-yilmazbiz-kibrista-iki-devletli-bir-cozumu-savunuyoruz\/","og_site_name":"Haber Kuzey","article_published_time":"2025-03-26T17:11:32+00:00","og_image":[{"url":"https:\/\/brtk.net\/wp-content\/uploads\/2025\/03\/26\/cevdett.jpg?ver=d9817a74bd43a88153be4cc8d2407e8c","type":"","width":"","height":""}],"author":"haberkuzey","twitter_card":"summary_large_image","twitter_misc":{"Yazan:":"haberkuzey","Tahmini okuma s\u00fcresi":"1 dakika"},"schema":{"@context":"https:\/\/schema.org","@graph":[{"@type":"Article","@id":"https:\/\/haberkuzey.com\/index.php\/2025\/03\/26\/tc-cumhurbaskani-yardimcisi-yilmazbiz-kibrista-iki-devletli-bir-cozumu-savunuyoruz\/#article","isPartOf":{"@id":"https:\/\/haberkuzey.com\/index.php\/2025\/03\/26\/tc-cumhurbaskani-yardimcisi-yilmazbiz-kibrista-iki-devletli-bir-cozumu-savunuyoruz\/"},"author":{"name":"haberkuzey","@id":"https:\/\/haberkuzey.com\/#\/schema\/person\/3372109ec735f9333f4fa47ebb9605ca"},"headline":"TC Cumhurba\u015fkan\u0131 Yard\u0131mc\u0131s\u0131 Y\u0131lmaz:Biz K\u0131br\u0131s\u2019ta iki devletli bir \u00e7\u00f6z\u00fcm\u00fc savunuyoruz","datePublished":"2025-03-26T17:11:32+00:00","mainEntityOfPage":{"@id":"https:\/\/haberkuzey.com\/index.php\/2025\/03\/26\/tc-cumhurbaskani-yardimcisi-yilmazbiz-kibrista-iki-devletli-bir-cozumu-savunuyoruz\/"},"wordCount":121,"commentCount":0,"image":{"@id":"https:\/\/haberkuzey.com\/index.php\/2025\/03\/26\/tc-cumhurbaskani-yardimcisi-yilmazbiz-kibrista-iki-devletli-bir-cozumu-savunuyoruz\/#primaryimage"},"thumbnailUrl":"https:\/\/haberkuzey.com\/wp-content\/uploads\/2025\/03\/cevdett.jpg","articleSection":["D\u00fcnya"],"inLanguage":"tr","potentialAction":[{"@type":"CommentAction","name":"Comment","target":["https:\/\/haberkuzey.com\/index.php\/2025\/03\/26\/tc-cumhurbaskani-yardimcisi-yilmazbiz-kibrista-iki-devletli-bir-cozumu-savunuyoruz\/#respond"]}]},{"@type":"WebPage","@id":"https:\/\/haberkuzey.com\/index.php\/2025\/03\/26\/tc-cumhurbaskani-yardimcisi-yilmazbiz-kibrista-iki-devletli-bir-cozumu-savunuyoruz\/","url":"https:\/\/haberkuzey.com\/index.php\/2025\/03\/26\/tc-cumhurbaskani-yardimcisi-yilmazbiz-kibrista-iki-devletli-bir-cozumu-savunuyoruz\/","name":"TC Cumhurba\u015fkan\u0131 Yard\u0131mc\u0131s\u0131 Y\u0131lmaz:Biz K\u0131br\u0131s\u2019ta iki devletli bir \u00e7\u00f6z\u00fcm\u00fc savunuyoruz - Haber Kuzey","isPartOf":{"@id":"https:\/\/haberkuzey.com\/#website"},"primaryImageOfPage":{"@id":"https:\/\/haberkuzey.com\/index.php\/2025\/03\/26\/tc-cumhurbaskani-yardimcisi-yilmazbiz-kibrista-iki-devletli-bir-cozumu-savunuyoruz\/#primaryimage"},"image":{"@id":"https:\/\/haberkuzey.com\/index.php\/2025\/03\/26\/tc-cumhurbaskani-yardimcisi-yilmazbiz-kibrista-iki-devletli-bir-cozumu-savunuyoruz\/#primaryimage"},"thumbnailUrl":"https:\/\/haberkuzey.com\/wp-content\/uploads\/2025\/03\/cevdett.jpg","datePublished":"2025-03-26T17:11:32+00:00","author":{"@id":"https:\/\/haberkuzey.com\/#\/schema\/person\/3372109ec735f9333f4fa47ebb9605ca"},"breadcrumb":{"@id":"https:\/\/haberkuzey.com\/index.php\/2025\/03\/26\/tc-cumhurbaskani-yardimcisi-yilmazbiz-kibrista-iki-devletli-bir-cozumu-savunuyoruz\/#breadcrumb"},"inLanguage":"tr","potentialAction":[{"@type":"ReadAction","target":["https:\/\/haberkuzey.com\/index.php\/2025\/03\/26\/tc-cumhurbaskani-yardimcisi-yilmazbiz-kibrista-iki-devletli-bir-cozumu-savunuyoruz\/"]}]},{"@type":"ImageObject","inLanguage":"tr","@id":"https:\/\/haberkuzey.com\/index.php\/2025\/03\/26\/tc-cumhurbaskani-yardimcisi-yilmazbiz-kibrista-iki-devletli-bir-cozumu-savunuyoruz\/#primaryimage","url":"https:\/\/haberkuzey.com\/wp-content\/uploads\/2025\/03\/cevdett.jpg","contentUrl":"https:\/\/haberkuzey.com\/wp-content\/uploads\/2025\/03\/cevdett.jpg","width":864,"height":486},{"@type":"BreadcrumbList","@id":"https:\/\/haberkuzey.com\/index.php\/2025\/03\/26\/tc-cumhurbaskani-yardimcisi-yilmazbiz-kibrista-iki-devletli-bir-cozumu-savunuyoruz\/#breadcrumb","itemListElement":[{"@type":"ListItem","position":1,"name":"Anasayfa","item":"https:\/\/haberkuzey.com\/"},{"@type":"ListItem","position":2,"name":"TC Cumhurba\u015fkan\u0131 Yard\u0131mc\u0131s\u0131 Y\u0131lmaz:Biz K\u0131br\u0131s\u2019ta iki devletli bir \u00e7\u00f6z\u00fcm\u00fc savunuyoruz"}]},{"@type":"WebSite","@id":"https:\/\/haberkuzey.com\/#website","url":"https:\/\/haberkuzey.com\/","name":"Haber Kuzey","description":"Do\u011fru Haberin Adresi","potentialAction":[{"@type":"SearchAction","target":{"@type":"EntryPoint","urlTemplate":"https:\/\/haberkuzey.com\/?s={search_term_string}"},"query-input":{"@type":"PropertyValueSpecification","valueRequired":true,"valueName":"search_term_string"}}],"inLanguage":"tr"},{"@type":"Person","@id":"https:\/\/haberkuzey.com\/#\/schema\/person\/3372109ec735f9333f4fa47ebb9605ca","name":"haberkuzey","image":{"@type":"ImageObject","inLanguage":"tr","@id":"https:\/\/secure.gravatar.com\/avatar\/f5fc875574b1575324358c3b9e6a32b8227aa5b74f3fa22e3cadb63e26fcc39c?s=96&d=mm&r=g","url":"https:\/\/secure.gravatar.com\/avatar\/f5fc875574b1575324358c3b9e6a32b8227aa5b74f3fa22e3cadb63e26fcc39c?s=96&d=mm&r=g","contentUrl":"https:\/\/secure.gravatar.com\/avatar\/f5fc875574b1575324358c3b9e6a32b8227aa5b74f3fa22e3cadb63e26fcc39c?s=96&d=mm&r=g","caption":"haberkuzey"},"sameAs":["https:\/\/haberkuzey.com"],"url":"https:\/\/haberkuzey.com\/index.php\/author\/haberkuzey\/"}]}},"_links":{"self":[{"href":"https:\/\/haberkuzey.com\/index.php\/wp-json\/wp\/v2\/posts\/20843","targetHints":{"allow":["GET"]}}],"collection":[{"href":"https:\/\/haberkuzey.com\/index.php\/wp-json\/wp\/v2\/posts"}],"about":[{"href":"https:\/\/haberkuzey.com\/index.php\/wp-json\/wp\/v2\/types\/post"}],"author":[{"embeddable":true,"href":"https:\/\/haberkuzey.com\/index.php\/wp-json\/wp\/v2\/users\/1"}],"replies":[{"embeddable":true,"href":"https:\/\/haberkuzey.com\/index.php\/wp-json\/wp\/v2\/comments?post=20843"}],"version-history":[{"count":0,"href":"https:\/\/haberkuzey.com\/index.php\/wp-json\/wp\/v2\/posts\/20843\/revisions"}],"wp:featuredmedia":[{"embeddable":true,"href":"https:\/\/haberkuzey.com\/index.php\/wp-json\/wp\/v2\/media\/20844"}],"wp:attachment":[{"href":"https:\/\/haberkuzey.com\/index.php\/wp-json\/wp\/v2\/media?parent=20843"}],"wp:term":[{"taxonomy":"category","embeddable":true,"href":"https:\/\/haberkuzey.com\/index.php\/wp-json\/wp\/v2\/categories?post=20843"},{"taxonomy":"post_tag","embeddable":true,"href":"https:\/\/haberkuzey.com\/index.php\/wp-json\/wp\/v2\/tags?post=20843"}],"curies":[{"name":"wp","href":"https:\/\/api.w.org\/{rel}","templated":true}]}}