{"id":20841,"date":"2025-03-26T19:00:38","date_gmt":"2025-03-26T17:00:38","guid":{"rendered":"https:\/\/haberkuzey.com\/index.php\/2025\/03\/26\/disisleri-kaynaklari-atinadaki-gecit-toreninde-atilan-sloganlar-kustahca\/"},"modified":"2025-03-26T19:00:38","modified_gmt":"2025-03-26T17:00:38","slug":"disisleri-kaynaklari-atinadaki-gecit-toreninde-atilan-sloganlar-kustahca","status":"publish","type":"post","link":"https:\/\/haberkuzey.com\/index.php\/2025\/03\/26\/disisleri-kaynaklari-atinadaki-gecit-toreninde-atilan-sloganlar-kustahca\/","title":{"rendered":"D\u0131\u015fi\u015fleri kaynaklar\u0131: Atina\u2019daki ge\u00e7it t\u00f6reninde at\u0131lan sloganlar \u201ck\u00fcstah\u00e7a\u201d"},"content":{"rendered":"<div>\n<div class=\"mariselle-image-container center\">\n                                            <\/div>\n<p> TC D\u0131\u015fi\u015fleri Bakanl\u0131\u011f\u0131 kaynaklar\u0131, Yunanistan\u2019\u0131n ba\u015fkenti Atina\u2019da yap\u0131lan ge\u00e7it t\u00f6reninde, Yunanistan Silahl\u0131 Kuvvetlerinin baz\u0131 mensuplar\u0131 taraf\u0131ndan at\u0131lan sloganlar\u0131n \u201ck\u00fcstah\u00e7a\u201d oldu\u011funu vurgulad\u0131.<\/p>\n<p>Kaynaklardan konuya ili\u015fkin edinilen bilgiye g\u00f6re, T\u00fcrkiye-Yunanistan ili\u015fkilerini baltalamay\u0131 hedefleyen bu davran\u0131\u015f\u0131n kabul edilemez oldu\u011fu belirtildi.<\/p>\n<p>Kaynaklar, Yunanistan Silahl\u0131 Kuvvetlerinin baz\u0131 mensuplar\u0131 taraf\u0131ndan at\u0131lan sloganlar\u0131n \u201ck\u00fcstah\u00e7a\u201d oldu\u011funu vurgulayarak, konuyla ilgili olarak Yunanistan makamlar\u0131ndan izahat istendi\u011fini bildirdi.<\/p>\n<p>Yunan bas\u0131n\u0131nda yer alan bilgilere g\u00f6re, Yunanistan Savunma Bakanl\u0131\u011f\u0131 derhal harekete ge\u00e7ti ve Deniz Kuvvetleri Komutanl\u0131\u011f\u0131 konuya ili\u015fkin disiplin soru\u015fturmas\u0131 ba\u015flatmaya karar verdi.<\/p>\n<p>Yunanistan muhalefet partisi Radikal Sol \u0130ttifak SYRIZA da at\u0131lan sloganlar\u0131 kabul edilmez bularak, olay\u0131n ara\u015ft\u0131r\u0131lmas\u0131n\u0131 istedi.<\/p>\n<\/p><\/div>\n<p><script async\n                    defer\n                    crossorigin=\"anonymous\"\n                    src=\"https:\/\/connect.facebook.net\/tr_TR\/sdk.js#xfbml=1&#038;version=v3.3\"\n            ><\/script><\/p>\n","protected":false},"excerpt":{"rendered":"<p>TC D\u0131\u015fi\u015fleri Bakanl\u0131\u011f\u0131 kaynaklar\u0131, Yunanistan\u2019\u0131n ba\u015fkenti Atina\u2019da yap\u0131lan ge\u00e7it t\u00f6reninde, Yunanistan Silahl\u0131 Kuvvetlerinin baz\u0131 mensuplar\u0131 taraf\u0131ndan at\u0131lan sloganlar\u0131n \u201ck\u00fcstah\u00e7a\u201d oldu\u011funu vurgulad\u0131. Kaynaklardan konuya ili\u015fkin edinilen bilgiye g\u00f6re, T\u00fcrkiye-Yunanistan ili\u015fkilerini baltalamay\u0131 hedefleyen bu davran\u0131\u015f\u0131n kabul edilemez oldu\u011fu belirtildi. Kaynaklar, Yunanistan Silahl\u0131 Kuvvetlerinin baz\u0131 mensuplar\u0131 taraf\u0131ndan at\u0131lan sloganlar\u0131n \u201ck\u00fcstah\u00e7a\u201d oldu\u011funu vurgulayarak, konuyla ilgili olarak Yunanistan makamlar\u0131ndan izahat [&hellip;]<\/p>\n","protected":false},"author":1,"featured_media":20842,"comment_status":"open","ping_status":"open","sticky":false,"template":"","format":"standard","meta":{"jnews-multi-image_gallery":[],"jnews_single_post":[],"jnews_primary_category":[],"footnotes":""},"categories":[2],"tags":[],"class_list":["post-20841","post","type-post","status-publish","format-standard","has-post-thumbnail","hentry","category-dunya"],"yoast_head":"<!-- This site is optimized with the Yoast SEO plugin v27.5 - https:\/\/yoast.com\/product\/yoast-seo-wordpress\/ -->\n<title>D\u0131\u015fi\u015fleri kaynaklar\u0131: Atina\u2019daki ge\u00e7it t\u00f6reninde at\u0131lan sloganlar \u201ck\u00fcstah\u00e7a\u201d - Haber Kuzey<\/title>\n<meta name=\"robots\" content=\"index, follow, max-snippet:-1, max-image-preview:large, max-video-preview:-1\" \/>\n<link rel=\"canonical\" href=\"https:\/\/haberkuzey.com\/index.php\/2025\/03\/26\/disisleri-kaynaklari-atinadaki-gecit-toreninde-atilan-sloganlar-kustahca\/\" \/>\n<meta property=\"og:locale\" content=\"tr_TR\" \/>\n<meta property=\"og:type\" content=\"article\" \/>\n<meta property=\"og:title\" content=\"D\u0131\u015fi\u015fleri kaynaklar\u0131: Atina\u2019daki ge\u00e7it t\u00f6reninde at\u0131lan sloganlar \u201ck\u00fcstah\u00e7a\u201d - Haber Kuzey\" \/>\n<meta property=\"og:description\" content=\"TC D\u0131\u015fi\u015fleri Bakanl\u0131\u011f\u0131 kaynaklar\u0131, Yunanistan\u2019\u0131n ba\u015fkenti Atina\u2019da yap\u0131lan ge\u00e7it t\u00f6reninde, Yunanistan Silahl\u0131 Kuvvetlerinin baz\u0131 mensuplar\u0131 taraf\u0131ndan at\u0131lan sloganlar\u0131n \u201ck\u00fcstah\u00e7a\u201d oldu\u011funu vurgulad\u0131. Kaynaklardan konuya ili\u015fkin edinilen bilgiye g\u00f6re, T\u00fcrkiye-Yunanistan ili\u015fkilerini baltalamay\u0131 hedefleyen bu davran\u0131\u015f\u0131n kabul edilemez oldu\u011fu belirtildi. Kaynaklar, Yunanistan Silahl\u0131 Kuvvetlerinin baz\u0131 mensuplar\u0131 taraf\u0131ndan at\u0131lan sloganlar\u0131n \u201ck\u00fcstah\u00e7a\u201d oldu\u011funu vurgulayarak, konuyla ilgili olarak Yunanistan makamlar\u0131ndan izahat [&hellip;]\" \/>\n<meta property=\"og:url\" content=\"https:\/\/haberkuzey.com\/index.php\/2025\/03\/26\/disisleri-kaynaklari-atinadaki-gecit-toreninde-atilan-sloganlar-kustahca\/\" \/>\n<meta property=\"og:site_name\" content=\"Haber Kuzey\" \/>\n<meta property=\"article:published_time\" content=\"2025-03-26T17:00:38+00:00\" \/>\n<meta property=\"og:image\" content=\"https:\/\/brtk.net\/wp-content\/uploads\/2023\/08\/20\/tc-dis-22.webp?ver=15512e79e5dc0247800595e51db9afd3\" \/>\n<meta name=\"author\" content=\"haberkuzey\" \/>\n<meta name=\"twitter:card\" content=\"summary_large_image\" \/>\n<meta name=\"twitter:label1\" content=\"Yazan:\" \/>\n\t<meta name=\"twitter:data1\" content=\"haberkuzey\" \/>\n\t<meta name=\"twitter:label2\" content=\"Tahmini okuma s\u00fcresi\" \/>\n\t<meta name=\"twitter:data2\" content=\"1 dakika\" \/>\n<script type=\"application\/ld+json\" class=\"yoast-schema-graph\">{\"@context\":\"https:\\\/\\\/schema.org\",\"@graph\":[{\"@type\":\"Article\",\"@id\":\"https:\\\/\\\/haberkuzey.com\\\/index.php\\\/2025\\\/03\\\/26\\\/disisleri-kaynaklari-atinadaki-gecit-toreninde-atilan-sloganlar-kustahca\\\/#article\",\"isPartOf\":{\"@id\":\"https:\\\/\\\/haberkuzey.com\\\/index.php\\\/2025\\\/03\\\/26\\\/disisleri-kaynaklari-atinadaki-gecit-toreninde-atilan-sloganlar-kustahca\\\/\"},\"author\":{\"name\":\"haberkuzey\",\"@id\":\"https:\\\/\\\/haberkuzey.com\\\/#\\\/schema\\\/person\\\/3372109ec735f9333f4fa47ebb9605ca\"},\"headline\":\"D\u0131\u015fi\u015fleri kaynaklar\u0131: Atina\u2019daki ge\u00e7it t\u00f6reninde at\u0131lan sloganlar \u201ck\u00fcstah\u00e7a\u201d\",\"datePublished\":\"2025-03-26T17:00:38+00:00\",\"mainEntityOfPage\":{\"@id\":\"https:\\\/\\\/haberkuzey.com\\\/index.php\\\/2025\\\/03\\\/26\\\/disisleri-kaynaklari-atinadaki-gecit-toreninde-atilan-sloganlar-kustahca\\\/\"},\"wordCount\":153,\"commentCount\":0,\"image\":{\"@id\":\"https:\\\/\\\/haberkuzey.com\\\/index.php\\\/2025\\\/03\\\/26\\\/disisleri-kaynaklari-atinadaki-gecit-toreninde-atilan-sloganlar-kustahca\\\/#primaryimage\"},\"thumbnailUrl\":\"https:\\\/\\\/haberkuzey.com\\\/wp-content\\\/uploads\\\/2025\\\/03\\\/tc-dis-22.webp.webp\",\"articleSection\":[\"D\u00fcnya\"],\"inLanguage\":\"tr\",\"potentialAction\":[{\"@type\":\"CommentAction\",\"name\":\"Comment\",\"target\":[\"https:\\\/\\\/haberkuzey.com\\\/index.php\\\/2025\\\/03\\\/26\\\/disisleri-kaynaklari-atinadaki-gecit-toreninde-atilan-sloganlar-kustahca\\\/#respond\"]}]},{\"@type\":\"WebPage\",\"@id\":\"https:\\\/\\\/haberkuzey.com\\\/index.php\\\/2025\\\/03\\\/26\\\/disisleri-kaynaklari-atinadaki-gecit-toreninde-atilan-sloganlar-kustahca\\\/\",\"url\":\"https:\\\/\\\/haberkuzey.com\\\/index.php\\\/2025\\\/03\\\/26\\\/disisleri-kaynaklari-atinadaki-gecit-toreninde-atilan-sloganlar-kustahca\\\/\",\"name\":\"D\u0131\u015fi\u015fleri kaynaklar\u0131: Atina\u2019daki ge\u00e7it t\u00f6reninde at\u0131lan sloganlar \u201ck\u00fcstah\u00e7a\u201d - Haber Kuzey\",\"isPartOf\":{\"@id\":\"https:\\\/\\\/haberkuzey.com\\\/#website\"},\"primaryImageOfPage\":{\"@id\":\"https:\\\/\\\/haberkuzey.com\\\/index.php\\\/2025\\\/03\\\/26\\\/disisleri-kaynaklari-atinadaki-gecit-toreninde-atilan-sloganlar-kustahca\\\/#primaryimage\"},\"image\":{\"@id\":\"https:\\\/\\\/haberkuzey.com\\\/index.php\\\/2025\\\/03\\\/26\\\/disisleri-kaynaklari-atinadaki-gecit-toreninde-atilan-sloganlar-kustahca\\\/#primaryimage\"},\"thumbnailUrl\":\"https:\\\/\\\/haberkuzey.com\\\/wp-content\\\/uploads\\\/2025\\\/03\\\/tc-dis-22.webp.webp\",\"datePublished\":\"2025-03-26T17:00:38+00:00\",\"author\":{\"@id\":\"https:\\\/\\\/haberkuzey.com\\\/#\\\/schema\\\/person\\\/3372109ec735f9333f4fa47ebb9605ca\"},\"breadcrumb\":{\"@id\":\"https:\\\/\\\/haberkuzey.com\\\/index.php\\\/2025\\\/03\\\/26\\\/disisleri-kaynaklari-atinadaki-gecit-toreninde-atilan-sloganlar-kustahca\\\/#breadcrumb\"},\"inLanguage\":\"tr\",\"potentialAction\":[{\"@type\":\"ReadAction\",\"target\":[\"https:\\\/\\\/haberkuzey.com\\\/index.php\\\/2025\\\/03\\\/26\\\/disisleri-kaynaklari-atinadaki-gecit-toreninde-atilan-sloganlar-kustahca\\\/\"]}]},{\"@type\":\"ImageObject\",\"inLanguage\":\"tr\",\"@id\":\"https:\\\/\\\/haberkuzey.com\\\/index.php\\\/2025\\\/03\\\/26\\\/disisleri-kaynaklari-atinadaki-gecit-toreninde-atilan-sloganlar-kustahca\\\/#primaryimage\",\"url\":\"https:\\\/\\\/haberkuzey.com\\\/wp-content\\\/uploads\\\/2025\\\/03\\\/tc-dis-22.webp.webp\",\"contentUrl\":\"https:\\\/\\\/haberkuzey.com\\\/wp-content\\\/uploads\\\/2025\\\/03\\\/tc-dis-22.webp.webp\",\"width\":1280,\"height\":720},{\"@type\":\"BreadcrumbList\",\"@id\":\"https:\\\/\\\/haberkuzey.com\\\/index.php\\\/2025\\\/03\\\/26\\\/disisleri-kaynaklari-atinadaki-gecit-toreninde-atilan-sloganlar-kustahca\\\/#breadcrumb\",\"itemListElement\":[{\"@type\":\"ListItem\",\"position\":1,\"name\":\"Anasayfa\",\"item\":\"https:\\\/\\\/haberkuzey.com\\\/\"},{\"@type\":\"ListItem\",\"position\":2,\"name\":\"D\u0131\u015fi\u015fleri kaynaklar\u0131: Atina\u2019daki ge\u00e7it t\u00f6reninde at\u0131lan sloganlar \u201ck\u00fcstah\u00e7a\u201d\"}]},{\"@type\":\"WebSite\",\"@id\":\"https:\\\/\\\/haberkuzey.com\\\/#website\",\"url\":\"https:\\\/\\\/haberkuzey.com\\\/\",\"name\":\"Haber Kuzey\",\"description\":\"Do\u011fru Haberin Adresi\",\"potentialAction\":[{\"@type\":\"SearchAction\",\"target\":{\"@type\":\"EntryPoint\",\"urlTemplate\":\"https:\\\/\\\/haberkuzey.com\\\/?s={search_term_string}\"},\"query-input\":{\"@type\":\"PropertyValueSpecification\",\"valueRequired\":true,\"valueName\":\"search_term_string\"}}],\"inLanguage\":\"tr\"},{\"@type\":\"Person\",\"@id\":\"https:\\\/\\\/haberkuzey.com\\\/#\\\/schema\\\/person\\\/3372109ec735f9333f4fa47ebb9605ca\",\"name\":\"haberkuzey\",\"image\":{\"@type\":\"ImageObject\",\"inLanguage\":\"tr\",\"@id\":\"https:\\\/\\\/secure.gravatar.com\\\/avatar\\\/f5fc875574b1575324358c3b9e6a32b8227aa5b74f3fa22e3cadb63e26fcc39c?s=96&d=mm&r=g\",\"url\":\"https:\\\/\\\/secure.gravatar.com\\\/avatar\\\/f5fc875574b1575324358c3b9e6a32b8227aa5b74f3fa22e3cadb63e26fcc39c?s=96&d=mm&r=g\",\"contentUrl\":\"https:\\\/\\\/secure.gravatar.com\\\/avatar\\\/f5fc875574b1575324358c3b9e6a32b8227aa5b74f3fa22e3cadb63e26fcc39c?s=96&d=mm&r=g\",\"caption\":\"haberkuzey\"},\"sameAs\":[\"https:\\\/\\\/haberkuzey.com\"],\"url\":\"https:\\\/\\\/haberkuzey.com\\\/index.php\\\/author\\\/haberkuzey\\\/\"}]}<\/script>\n<!-- \/ Yoast SEO plugin. -->","yoast_head_json":{"title":"D\u0131\u015fi\u015fleri kaynaklar\u0131: Atina\u2019daki ge\u00e7it t\u00f6reninde at\u0131lan sloganlar \u201ck\u00fcstah\u00e7a\u201d - Haber Kuzey","robots":{"index":"index","follow":"follow","max-snippet":"max-snippet:-1","max-image-preview":"max-image-preview:large","max-video-preview":"max-video-preview:-1"},"canonical":"https:\/\/haberkuzey.com\/index.php\/2025\/03\/26\/disisleri-kaynaklari-atinadaki-gecit-toreninde-atilan-sloganlar-kustahca\/","og_locale":"tr_TR","og_type":"article","og_title":"D\u0131\u015fi\u015fleri kaynaklar\u0131: Atina\u2019daki ge\u00e7it t\u00f6reninde at\u0131lan sloganlar \u201ck\u00fcstah\u00e7a\u201d - Haber Kuzey","og_description":"TC D\u0131\u015fi\u015fleri Bakanl\u0131\u011f\u0131 kaynaklar\u0131, Yunanistan\u2019\u0131n ba\u015fkenti Atina\u2019da yap\u0131lan ge\u00e7it t\u00f6reninde, Yunanistan Silahl\u0131 Kuvvetlerinin baz\u0131 mensuplar\u0131 taraf\u0131ndan at\u0131lan sloganlar\u0131n \u201ck\u00fcstah\u00e7a\u201d oldu\u011funu vurgulad\u0131. Kaynaklardan konuya ili\u015fkin edinilen bilgiye g\u00f6re, T\u00fcrkiye-Yunanistan ili\u015fkilerini baltalamay\u0131 hedefleyen bu davran\u0131\u015f\u0131n kabul edilemez oldu\u011fu belirtildi. Kaynaklar, Yunanistan Silahl\u0131 Kuvvetlerinin baz\u0131 mensuplar\u0131 taraf\u0131ndan at\u0131lan sloganlar\u0131n \u201ck\u00fcstah\u00e7a\u201d oldu\u011funu vurgulayarak, konuyla ilgili olarak Yunanistan makamlar\u0131ndan izahat [&hellip;]","og_url":"https:\/\/haberkuzey.com\/index.php\/2025\/03\/26\/disisleri-kaynaklari-atinadaki-gecit-toreninde-atilan-sloganlar-kustahca\/","og_site_name":"Haber Kuzey","article_published_time":"2025-03-26T17:00:38+00:00","og_image":[{"url":"https:\/\/brtk.net\/wp-content\/uploads\/2023\/08\/20\/tc-dis-22.webp?ver=15512e79e5dc0247800595e51db9afd3","type":"","width":"","height":""}],"author":"haberkuzey","twitter_card":"summary_large_image","twitter_misc":{"Yazan:":"haberkuzey","Tahmini okuma s\u00fcresi":"1 dakika"},"schema":{"@context":"https:\/\/schema.org","@graph":[{"@type":"Article","@id":"https:\/\/haberkuzey.com\/index.php\/2025\/03\/26\/disisleri-kaynaklari-atinadaki-gecit-toreninde-atilan-sloganlar-kustahca\/#article","isPartOf":{"@id":"https:\/\/haberkuzey.com\/index.php\/2025\/03\/26\/disisleri-kaynaklari-atinadaki-gecit-toreninde-atilan-sloganlar-kustahca\/"},"author":{"name":"haberkuzey","@id":"https:\/\/haberkuzey.com\/#\/schema\/person\/3372109ec735f9333f4fa47ebb9605ca"},"headline":"D\u0131\u015fi\u015fleri kaynaklar\u0131: Atina\u2019daki ge\u00e7it t\u00f6reninde at\u0131lan sloganlar \u201ck\u00fcstah\u00e7a\u201d","datePublished":"2025-03-26T17:00:38+00:00","mainEntityOfPage":{"@id":"https:\/\/haberkuzey.com\/index.php\/2025\/03\/26\/disisleri-kaynaklari-atinadaki-gecit-toreninde-atilan-sloganlar-kustahca\/"},"wordCount":153,"commentCount":0,"image":{"@id":"https:\/\/haberkuzey.com\/index.php\/2025\/03\/26\/disisleri-kaynaklari-atinadaki-gecit-toreninde-atilan-sloganlar-kustahca\/#primaryimage"},"thumbnailUrl":"https:\/\/haberkuzey.com\/wp-content\/uploads\/2025\/03\/tc-dis-22.webp.webp","articleSection":["D\u00fcnya"],"inLanguage":"tr","potentialAction":[{"@type":"CommentAction","name":"Comment","target":["https:\/\/haberkuzey.com\/index.php\/2025\/03\/26\/disisleri-kaynaklari-atinadaki-gecit-toreninde-atilan-sloganlar-kustahca\/#respond"]}]},{"@type":"WebPage","@id":"https:\/\/haberkuzey.com\/index.php\/2025\/03\/26\/disisleri-kaynaklari-atinadaki-gecit-toreninde-atilan-sloganlar-kustahca\/","url":"https:\/\/haberkuzey.com\/index.php\/2025\/03\/26\/disisleri-kaynaklari-atinadaki-gecit-toreninde-atilan-sloganlar-kustahca\/","name":"D\u0131\u015fi\u015fleri kaynaklar\u0131: Atina\u2019daki ge\u00e7it t\u00f6reninde at\u0131lan sloganlar \u201ck\u00fcstah\u00e7a\u201d - Haber Kuzey","isPartOf":{"@id":"https:\/\/haberkuzey.com\/#website"},"primaryImageOfPage":{"@id":"https:\/\/haberkuzey.com\/index.php\/2025\/03\/26\/disisleri-kaynaklari-atinadaki-gecit-toreninde-atilan-sloganlar-kustahca\/#primaryimage"},"image":{"@id":"https:\/\/haberkuzey.com\/index.php\/2025\/03\/26\/disisleri-kaynaklari-atinadaki-gecit-toreninde-atilan-sloganlar-kustahca\/#primaryimage"},"thumbnailUrl":"https:\/\/haberkuzey.com\/wp-content\/uploads\/2025\/03\/tc-dis-22.webp.webp","datePublished":"2025-03-26T17:00:38+00:00","author":{"@id":"https:\/\/haberkuzey.com\/#\/schema\/person\/3372109ec735f9333f4fa47ebb9605ca"},"breadcrumb":{"@id":"https:\/\/haberkuzey.com\/index.php\/2025\/03\/26\/disisleri-kaynaklari-atinadaki-gecit-toreninde-atilan-sloganlar-kustahca\/#breadcrumb"},"inLanguage":"tr","potentialAction":[{"@type":"ReadAction","target":["https:\/\/haberkuzey.com\/index.php\/2025\/03\/26\/disisleri-kaynaklari-atinadaki-gecit-toreninde-atilan-sloganlar-kustahca\/"]}]},{"@type":"ImageObject","inLanguage":"tr","@id":"https:\/\/haberkuzey.com\/index.php\/2025\/03\/26\/disisleri-kaynaklari-atinadaki-gecit-toreninde-atilan-sloganlar-kustahca\/#primaryimage","url":"https:\/\/haberkuzey.com\/wp-content\/uploads\/2025\/03\/tc-dis-22.webp.webp","contentUrl":"https:\/\/haberkuzey.com\/wp-content\/uploads\/2025\/03\/tc-dis-22.webp.webp","width":1280,"height":720},{"@type":"BreadcrumbList","@id":"https:\/\/haberkuzey.com\/index.php\/2025\/03\/26\/disisleri-kaynaklari-atinadaki-gecit-toreninde-atilan-sloganlar-kustahca\/#breadcrumb","itemListElement":[{"@type":"ListItem","position":1,"name":"Anasayfa","item":"https:\/\/haberkuzey.com\/"},{"@type":"ListItem","position":2,"name":"D\u0131\u015fi\u015fleri kaynaklar\u0131: Atina\u2019daki ge\u00e7it t\u00f6reninde at\u0131lan sloganlar \u201ck\u00fcstah\u00e7a\u201d"}]},{"@type":"WebSite","@id":"https:\/\/haberkuzey.com\/#website","url":"https:\/\/haberkuzey.com\/","name":"Haber Kuzey","description":"Do\u011fru Haberin Adresi","potentialAction":[{"@type":"SearchAction","target":{"@type":"EntryPoint","urlTemplate":"https:\/\/haberkuzey.com\/?s={search_term_string}"},"query-input":{"@type":"PropertyValueSpecification","valueRequired":true,"valueName":"search_term_string"}}],"inLanguage":"tr"},{"@type":"Person","@id":"https:\/\/haberkuzey.com\/#\/schema\/person\/3372109ec735f9333f4fa47ebb9605ca","name":"haberkuzey","image":{"@type":"ImageObject","inLanguage":"tr","@id":"https:\/\/secure.gravatar.com\/avatar\/f5fc875574b1575324358c3b9e6a32b8227aa5b74f3fa22e3cadb63e26fcc39c?s=96&d=mm&r=g","url":"https:\/\/secure.gravatar.com\/avatar\/f5fc875574b1575324358c3b9e6a32b8227aa5b74f3fa22e3cadb63e26fcc39c?s=96&d=mm&r=g","contentUrl":"https:\/\/secure.gravatar.com\/avatar\/f5fc875574b1575324358c3b9e6a32b8227aa5b74f3fa22e3cadb63e26fcc39c?s=96&d=mm&r=g","caption":"haberkuzey"},"sameAs":["https:\/\/haberkuzey.com"],"url":"https:\/\/haberkuzey.com\/index.php\/author\/haberkuzey\/"}]}},"_links":{"self":[{"href":"https:\/\/haberkuzey.com\/index.php\/wp-json\/wp\/v2\/posts\/20841","targetHints":{"allow":["GET"]}}],"collection":[{"href":"https:\/\/haberkuzey.com\/index.php\/wp-json\/wp\/v2\/posts"}],"about":[{"href":"https:\/\/haberkuzey.com\/index.php\/wp-json\/wp\/v2\/types\/post"}],"author":[{"embeddable":true,"href":"https:\/\/haberkuzey.com\/index.php\/wp-json\/wp\/v2\/users\/1"}],"replies":[{"embeddable":true,"href":"https:\/\/haberkuzey.com\/index.php\/wp-json\/wp\/v2\/comments?post=20841"}],"version-history":[{"count":0,"href":"https:\/\/haberkuzey.com\/index.php\/wp-json\/wp\/v2\/posts\/20841\/revisions"}],"wp:featuredmedia":[{"embeddable":true,"href":"https:\/\/haberkuzey.com\/index.php\/wp-json\/wp\/v2\/media\/20842"}],"wp:attachment":[{"href":"https:\/\/haberkuzey.com\/index.php\/wp-json\/wp\/v2\/media?parent=20841"}],"wp:term":[{"taxonomy":"category","embeddable":true,"href":"https:\/\/haberkuzey.com\/index.php\/wp-json\/wp\/v2\/categories?post=20841"},{"taxonomy":"post_tag","embeddable":true,"href":"https:\/\/haberkuzey.com\/index.php\/wp-json\/wp\/v2\/tags?post=20841"}],"curies":[{"name":"wp","href":"https:\/\/api.w.org\/{rel}","templated":true}]}}