{"id":20840,"date":"2025-03-26T18:50:02","date_gmt":"2025-03-26T16:50:02","guid":{"rendered":"https:\/\/haberkuzey.com\/index.php\/2025\/03\/26\/chpnin-olaganustu-kurultay-kararinin-iptali-talebine-ret\/"},"modified":"2025-03-26T18:50:02","modified_gmt":"2025-03-26T16:50:02","slug":"chpnin-olaganustu-kurultay-kararinin-iptali-talebine-ret","status":"publish","type":"post","link":"https:\/\/haberkuzey.com\/index.php\/2025\/03\/26\/chpnin-olaganustu-kurultay-kararinin-iptali-talebine-ret\/","title":{"rendered":"CHP\u2019nin ola\u011fan\u00fcst\u00fc kurultay karar\u0131n\u0131n iptali talebine ret"},"content":{"rendered":"<div>\n<div class=\"mariselle-image-container center\">\n                                            <\/div>\n<p> Ankara 31. Asliye Hukuk Mahkemesi, CHP\u2019nin 6 Nisan 2025\u2019te 21. Ola\u011fan\u00fcst\u00fc Kurultay yap\u0131lmas\u0131 karar\u0131n\u0131n y\u00fcr\u00fcrl\u00fc\u011f\u00fcn\u00fcn durdurulmas\u0131 talebine y\u00f6nelik ihtiyati tedbir istemini reddetti.<\/p>\n<p>Eski Hatay B\u00fcy\u00fck\u015fehir Belediye Ba\u015fkan\u0131 L\u00fctf\u00fc Sava\u015f ve kurultay delegelerinin avukat\u0131 Onur Yusuf \u00dcregen, Ankara 31. Asliye Hukuk Mahkemesine CHP Genel Ba\u015fkan\u0131 \u00d6zg\u00fcr \u00d6zel\u2019in ola\u011fan\u00fcst\u00fc kurultay karar\u0131n\u0131n iptali istemiyle dava a\u00e7m\u0131\u015ft\u0131.<\/p>\n<p>Ba\u015fvuruyu de\u011ferlendiren Ankara 31. Asliye Hukuk Mahkemesi, davaya ili\u015fkin ara karar\u0131n\u0131 a\u00e7\u0131klad\u0131.<\/p>\n<p>Ara kararda, davac\u0131n\u0131n iptali istenen genel kurulda se\u00e7ilen mevcut t\u00fczel ki\u015filik y\u00f6netiminin g\u00f6revden uzakla\u015ft\u0131r\u0131lmas\u0131 y\u00f6n\u00fcndeki ihtiyati tedbir talebinin daha \u00f6nce de\u011ferlendirildi\u011fi, yarg\u0131lama s\u0131ras\u0131nda ayr\u0131ca daval\u0131 t\u00fczel ki\u015filik taraf\u0131ndan ola\u011fan\u00fcst\u00fc genel kurul toplant\u0131s\u0131 yap\u0131lmas\u0131na ili\u015fkin karar\u0131n y\u00fcr\u00fcrl\u00fc\u011f\u00fcn\u00fcn tedbiren durdurulmas\u0131n\u0131n talep edildi\u011fi hat\u0131rlat\u0131ld\u0131.<\/p>\n<p>Yaln\u0131zca uyu\u015fmazl\u0131k konusu hakk\u0131nda ihtiyati tedbir karar\u0131 verilebilece\u011fi, t\u00fczel ki\u015filik faaliyetlerinin genel kurul iptaline ili\u015fkin davada ihtiyati tedbire konu edilemeyece\u011fi, yaln\u0131zca uyu\u015fmazl\u0131k konusu hakk\u0131nda ihtiyati tedbir uygulanabilece\u011fi belirtilen kararda, bunun yan\u0131 s\u0131ra t\u00fczel ki\u015filik faaliyetlerinin de ger\u00e7ekle\u015fmesinden sonra dava konusu edilebilece\u011fi aktar\u0131ld\u0131. Ara kararda, ihtiyati tedbirin ancak yakla\u015f\u0131k ispat kurallar\u0131na g\u00f6re de\u011ferlendirilebilece\u011fi, dava dilek\u00e7esi ve ekleri ile talep dilek\u00e7esi ve dosya kapsam\u0131 incelendi\u011finde davac\u0131n\u0131n iddias\u0131n\u0131 yakla\u015f\u0131k ispat seviyesindeki delillerle ortaya koyamad\u0131\u011f\u0131 belirtildi.<\/p>\n<p>Kararda, \u201cDaval\u0131 Cumhuriyet Halk Partisi Genel Ba\u015fkan\u0131 taraf\u0131ndan al\u0131nan karar do\u011frultusunda 6 Nisan 2025\u2019te \u2018ola\u011fan\u00fcst\u00fc kurultay yap\u0131lmas\u0131na\u2019 ili\u015fkin karar\u0131n y\u00fcr\u00fcrl\u00fc\u011f\u00fcn\u00fcn durdurulmas\u0131na y\u00f6nelik ihtiyati tedbir talebinin reddine karar verildi.\u201d ifadeleri kullan\u0131ld\u0131.<\/p>\n<\/p><\/div>\n<p><script async\n                    defer\n                    crossorigin=\"anonymous\"\n                    src=\"https:\/\/connect.facebook.net\/tr_TR\/sdk.js#xfbml=1&#038;version=v3.3\"\n            ><\/script><\/p>\n","protected":false},"excerpt":{"rendered":"<p>Ankara 31. Asliye Hukuk Mahkemesi, CHP\u2019nin 6 Nisan 2025\u2019te 21. Ola\u011fan\u00fcst\u00fc Kurultay yap\u0131lmas\u0131 karar\u0131n\u0131n y\u00fcr\u00fcrl\u00fc\u011f\u00fcn\u00fcn durdurulmas\u0131 talebine y\u00f6nelik ihtiyati tedbir istemini reddetti. Eski Hatay B\u00fcy\u00fck\u015fehir Belediye Ba\u015fkan\u0131 L\u00fctf\u00fc Sava\u015f ve kurultay delegelerinin avukat\u0131 Onur Yusuf \u00dcregen, Ankara 31. Asliye Hukuk Mahkemesine CHP Genel Ba\u015fkan\u0131 \u00d6zg\u00fcr \u00d6zel\u2019in ola\u011fan\u00fcst\u00fc kurultay karar\u0131n\u0131n iptali istemiyle dava a\u00e7m\u0131\u015ft\u0131. Ba\u015fvuruyu de\u011ferlendiren [&hellip;]<\/p>\n","protected":false},"author":1,"featured_media":20441,"comment_status":"open","ping_status":"open","sticky":false,"template":"","format":"standard","meta":{"jnews-multi-image_gallery":[],"jnews_single_post":[],"jnews_primary_category":[],"footnotes":""},"categories":[2],"tags":[],"class_list":["post-20840","post","type-post","status-publish","format-standard","has-post-thumbnail","hentry","category-dunya"],"yoast_head":"<!-- This site is optimized with the Yoast SEO plugin v27.5 - https:\/\/yoast.com\/product\/yoast-seo-wordpress\/ -->\n<title>CHP\u2019nin ola\u011fan\u00fcst\u00fc kurultay karar\u0131n\u0131n iptali talebine ret - Haber Kuzey<\/title>\n<meta name=\"robots\" content=\"index, follow, max-snippet:-1, max-image-preview:large, max-video-preview:-1\" \/>\n<link rel=\"canonical\" href=\"https:\/\/haberkuzey.com\/index.php\/2025\/03\/26\/chpnin-olaganustu-kurultay-kararinin-iptali-talebine-ret\/\" \/>\n<meta property=\"og:locale\" content=\"tr_TR\" \/>\n<meta property=\"og:type\" content=\"article\" \/>\n<meta property=\"og:title\" content=\"CHP\u2019nin ola\u011fan\u00fcst\u00fc kurultay karar\u0131n\u0131n iptali talebine ret - Haber Kuzey\" \/>\n<meta property=\"og:description\" content=\"Ankara 31. Asliye Hukuk Mahkemesi, CHP\u2019nin 6 Nisan 2025\u2019te 21. Ola\u011fan\u00fcst\u00fc Kurultay yap\u0131lmas\u0131 karar\u0131n\u0131n y\u00fcr\u00fcrl\u00fc\u011f\u00fcn\u00fcn durdurulmas\u0131 talebine y\u00f6nelik ihtiyati tedbir istemini reddetti. Eski Hatay B\u00fcy\u00fck\u015fehir Belediye Ba\u015fkan\u0131 L\u00fctf\u00fc Sava\u015f ve kurultay delegelerinin avukat\u0131 Onur Yusuf \u00dcregen, Ankara 31. Asliye Hukuk Mahkemesine CHP Genel Ba\u015fkan\u0131 \u00d6zg\u00fcr \u00d6zel\u2019in ola\u011fan\u00fcst\u00fc kurultay karar\u0131n\u0131n iptali istemiyle dava a\u00e7m\u0131\u015ft\u0131. Ba\u015fvuruyu de\u011ferlendiren [&hellip;]\" \/>\n<meta property=\"og:url\" content=\"https:\/\/haberkuzey.com\/index.php\/2025\/03\/26\/chpnin-olaganustu-kurultay-kararinin-iptali-talebine-ret\/\" \/>\n<meta property=\"og:site_name\" content=\"Haber Kuzey\" \/>\n<meta property=\"article:published_time\" content=\"2025-03-26T16:50:02+00:00\" \/>\n<meta property=\"og:image\" content=\"https:\/\/brtk.net\/wp-content\/uploads\/2025\/03\/21\/chp.webp?ver=e5ee6cba51488376692ad217b78e2f46\" \/>\n<meta name=\"author\" content=\"haberkuzey\" \/>\n<meta name=\"twitter:card\" content=\"summary_large_image\" \/>\n<meta name=\"twitter:label1\" content=\"Yazan:\" \/>\n\t<meta name=\"twitter:data1\" content=\"haberkuzey\" \/>\n\t<meta name=\"twitter:label2\" content=\"Tahmini okuma s\u00fcresi\" \/>\n\t<meta name=\"twitter:data2\" content=\"2 dakika\" \/>\n<script type=\"application\/ld+json\" class=\"yoast-schema-graph\">{\"@context\":\"https:\\\/\\\/schema.org\",\"@graph\":[{\"@type\":\"Article\",\"@id\":\"https:\\\/\\\/haberkuzey.com\\\/index.php\\\/2025\\\/03\\\/26\\\/chpnin-olaganustu-kurultay-kararinin-iptali-talebine-ret\\\/#article\",\"isPartOf\":{\"@id\":\"https:\\\/\\\/haberkuzey.com\\\/index.php\\\/2025\\\/03\\\/26\\\/chpnin-olaganustu-kurultay-kararinin-iptali-talebine-ret\\\/\"},\"author\":{\"name\":\"haberkuzey\",\"@id\":\"https:\\\/\\\/haberkuzey.com\\\/#\\\/schema\\\/person\\\/3372109ec735f9333f4fa47ebb9605ca\"},\"headline\":\"CHP\u2019nin ola\u011fan\u00fcst\u00fc kurultay karar\u0131n\u0131n iptali talebine ret\",\"datePublished\":\"2025-03-26T16:50:02+00:00\",\"mainEntityOfPage\":{\"@id\":\"https:\\\/\\\/haberkuzey.com\\\/index.php\\\/2025\\\/03\\\/26\\\/chpnin-olaganustu-kurultay-kararinin-iptali-talebine-ret\\\/\"},\"wordCount\":331,\"commentCount\":0,\"image\":{\"@id\":\"https:\\\/\\\/haberkuzey.com\\\/index.php\\\/2025\\\/03\\\/26\\\/chpnin-olaganustu-kurultay-kararinin-iptali-talebine-ret\\\/#primaryimage\"},\"thumbnailUrl\":\"https:\\\/\\\/haberkuzey.com\\\/wp-content\\\/uploads\\\/2025\\\/03\\\/chp.webp.webp\",\"articleSection\":[\"D\u00fcnya\"],\"inLanguage\":\"tr\",\"potentialAction\":[{\"@type\":\"CommentAction\",\"name\":\"Comment\",\"target\":[\"https:\\\/\\\/haberkuzey.com\\\/index.php\\\/2025\\\/03\\\/26\\\/chpnin-olaganustu-kurultay-kararinin-iptali-talebine-ret\\\/#respond\"]}]},{\"@type\":\"WebPage\",\"@id\":\"https:\\\/\\\/haberkuzey.com\\\/index.php\\\/2025\\\/03\\\/26\\\/chpnin-olaganustu-kurultay-kararinin-iptali-talebine-ret\\\/\",\"url\":\"https:\\\/\\\/haberkuzey.com\\\/index.php\\\/2025\\\/03\\\/26\\\/chpnin-olaganustu-kurultay-kararinin-iptali-talebine-ret\\\/\",\"name\":\"CHP\u2019nin ola\u011fan\u00fcst\u00fc kurultay karar\u0131n\u0131n iptali talebine ret - Haber Kuzey\",\"isPartOf\":{\"@id\":\"https:\\\/\\\/haberkuzey.com\\\/#website\"},\"primaryImageOfPage\":{\"@id\":\"https:\\\/\\\/haberkuzey.com\\\/index.php\\\/2025\\\/03\\\/26\\\/chpnin-olaganustu-kurultay-kararinin-iptali-talebine-ret\\\/#primaryimage\"},\"image\":{\"@id\":\"https:\\\/\\\/haberkuzey.com\\\/index.php\\\/2025\\\/03\\\/26\\\/chpnin-olaganustu-kurultay-kararinin-iptali-talebine-ret\\\/#primaryimage\"},\"thumbnailUrl\":\"https:\\\/\\\/haberkuzey.com\\\/wp-content\\\/uploads\\\/2025\\\/03\\\/chp.webp.webp\",\"datePublished\":\"2025-03-26T16:50:02+00:00\",\"author\":{\"@id\":\"https:\\\/\\\/haberkuzey.com\\\/#\\\/schema\\\/person\\\/3372109ec735f9333f4fa47ebb9605ca\"},\"breadcrumb\":{\"@id\":\"https:\\\/\\\/haberkuzey.com\\\/index.php\\\/2025\\\/03\\\/26\\\/chpnin-olaganustu-kurultay-kararinin-iptali-talebine-ret\\\/#breadcrumb\"},\"inLanguage\":\"tr\",\"potentialAction\":[{\"@type\":\"ReadAction\",\"target\":[\"https:\\\/\\\/haberkuzey.com\\\/index.php\\\/2025\\\/03\\\/26\\\/chpnin-olaganustu-kurultay-kararinin-iptali-talebine-ret\\\/\"]}]},{\"@type\":\"ImageObject\",\"inLanguage\":\"tr\",\"@id\":\"https:\\\/\\\/haberkuzey.com\\\/index.php\\\/2025\\\/03\\\/26\\\/chpnin-olaganustu-kurultay-kararinin-iptali-talebine-ret\\\/#primaryimage\",\"url\":\"https:\\\/\\\/haberkuzey.com\\\/wp-content\\\/uploads\\\/2025\\\/03\\\/chp.webp.webp\",\"contentUrl\":\"https:\\\/\\\/haberkuzey.com\\\/wp-content\\\/uploads\\\/2025\\\/03\\\/chp.webp.webp\",\"width\":1280,\"height\":720},{\"@type\":\"BreadcrumbList\",\"@id\":\"https:\\\/\\\/haberkuzey.com\\\/index.php\\\/2025\\\/03\\\/26\\\/chpnin-olaganustu-kurultay-kararinin-iptali-talebine-ret\\\/#breadcrumb\",\"itemListElement\":[{\"@type\":\"ListItem\",\"position\":1,\"name\":\"Anasayfa\",\"item\":\"https:\\\/\\\/haberkuzey.com\\\/\"},{\"@type\":\"ListItem\",\"position\":2,\"name\":\"CHP\u2019nin ola\u011fan\u00fcst\u00fc kurultay karar\u0131n\u0131n iptali talebine ret\"}]},{\"@type\":\"WebSite\",\"@id\":\"https:\\\/\\\/haberkuzey.com\\\/#website\",\"url\":\"https:\\\/\\\/haberkuzey.com\\\/\",\"name\":\"Haber Kuzey\",\"description\":\"Do\u011fru Haberin Adresi\",\"potentialAction\":[{\"@type\":\"SearchAction\",\"target\":{\"@type\":\"EntryPoint\",\"urlTemplate\":\"https:\\\/\\\/haberkuzey.com\\\/?s={search_term_string}\"},\"query-input\":{\"@type\":\"PropertyValueSpecification\",\"valueRequired\":true,\"valueName\":\"search_term_string\"}}],\"inLanguage\":\"tr\"},{\"@type\":\"Person\",\"@id\":\"https:\\\/\\\/haberkuzey.com\\\/#\\\/schema\\\/person\\\/3372109ec735f9333f4fa47ebb9605ca\",\"name\":\"haberkuzey\",\"image\":{\"@type\":\"ImageObject\",\"inLanguage\":\"tr\",\"@id\":\"https:\\\/\\\/secure.gravatar.com\\\/avatar\\\/f5fc875574b1575324358c3b9e6a32b8227aa5b74f3fa22e3cadb63e26fcc39c?s=96&d=mm&r=g\",\"url\":\"https:\\\/\\\/secure.gravatar.com\\\/avatar\\\/f5fc875574b1575324358c3b9e6a32b8227aa5b74f3fa22e3cadb63e26fcc39c?s=96&d=mm&r=g\",\"contentUrl\":\"https:\\\/\\\/secure.gravatar.com\\\/avatar\\\/f5fc875574b1575324358c3b9e6a32b8227aa5b74f3fa22e3cadb63e26fcc39c?s=96&d=mm&r=g\",\"caption\":\"haberkuzey\"},\"sameAs\":[\"https:\\\/\\\/haberkuzey.com\"],\"url\":\"https:\\\/\\\/haberkuzey.com\\\/index.php\\\/author\\\/haberkuzey\\\/\"}]}<\/script>\n<!-- \/ Yoast SEO plugin. -->","yoast_head_json":{"title":"CHP\u2019nin ola\u011fan\u00fcst\u00fc kurultay karar\u0131n\u0131n iptali talebine ret - Haber Kuzey","robots":{"index":"index","follow":"follow","max-snippet":"max-snippet:-1","max-image-preview":"max-image-preview:large","max-video-preview":"max-video-preview:-1"},"canonical":"https:\/\/haberkuzey.com\/index.php\/2025\/03\/26\/chpnin-olaganustu-kurultay-kararinin-iptali-talebine-ret\/","og_locale":"tr_TR","og_type":"article","og_title":"CHP\u2019nin ola\u011fan\u00fcst\u00fc kurultay karar\u0131n\u0131n iptali talebine ret - Haber Kuzey","og_description":"Ankara 31. Asliye Hukuk Mahkemesi, CHP\u2019nin 6 Nisan 2025\u2019te 21. Ola\u011fan\u00fcst\u00fc Kurultay yap\u0131lmas\u0131 karar\u0131n\u0131n y\u00fcr\u00fcrl\u00fc\u011f\u00fcn\u00fcn durdurulmas\u0131 talebine y\u00f6nelik ihtiyati tedbir istemini reddetti. Eski Hatay B\u00fcy\u00fck\u015fehir Belediye Ba\u015fkan\u0131 L\u00fctf\u00fc Sava\u015f ve kurultay delegelerinin avukat\u0131 Onur Yusuf \u00dcregen, Ankara 31. Asliye Hukuk Mahkemesine CHP Genel Ba\u015fkan\u0131 \u00d6zg\u00fcr \u00d6zel\u2019in ola\u011fan\u00fcst\u00fc kurultay karar\u0131n\u0131n iptali istemiyle dava a\u00e7m\u0131\u015ft\u0131. Ba\u015fvuruyu de\u011ferlendiren [&hellip;]","og_url":"https:\/\/haberkuzey.com\/index.php\/2025\/03\/26\/chpnin-olaganustu-kurultay-kararinin-iptali-talebine-ret\/","og_site_name":"Haber Kuzey","article_published_time":"2025-03-26T16:50:02+00:00","og_image":[{"url":"https:\/\/brtk.net\/wp-content\/uploads\/2025\/03\/21\/chp.webp?ver=e5ee6cba51488376692ad217b78e2f46","type":"","width":"","height":""}],"author":"haberkuzey","twitter_card":"summary_large_image","twitter_misc":{"Yazan:":"haberkuzey","Tahmini okuma s\u00fcresi":"2 dakika"},"schema":{"@context":"https:\/\/schema.org","@graph":[{"@type":"Article","@id":"https:\/\/haberkuzey.com\/index.php\/2025\/03\/26\/chpnin-olaganustu-kurultay-kararinin-iptali-talebine-ret\/#article","isPartOf":{"@id":"https:\/\/haberkuzey.com\/index.php\/2025\/03\/26\/chpnin-olaganustu-kurultay-kararinin-iptali-talebine-ret\/"},"author":{"name":"haberkuzey","@id":"https:\/\/haberkuzey.com\/#\/schema\/person\/3372109ec735f9333f4fa47ebb9605ca"},"headline":"CHP\u2019nin ola\u011fan\u00fcst\u00fc kurultay karar\u0131n\u0131n iptali talebine ret","datePublished":"2025-03-26T16:50:02+00:00","mainEntityOfPage":{"@id":"https:\/\/haberkuzey.com\/index.php\/2025\/03\/26\/chpnin-olaganustu-kurultay-kararinin-iptali-talebine-ret\/"},"wordCount":331,"commentCount":0,"image":{"@id":"https:\/\/haberkuzey.com\/index.php\/2025\/03\/26\/chpnin-olaganustu-kurultay-kararinin-iptali-talebine-ret\/#primaryimage"},"thumbnailUrl":"https:\/\/haberkuzey.com\/wp-content\/uploads\/2025\/03\/chp.webp.webp","articleSection":["D\u00fcnya"],"inLanguage":"tr","potentialAction":[{"@type":"CommentAction","name":"Comment","target":["https:\/\/haberkuzey.com\/index.php\/2025\/03\/26\/chpnin-olaganustu-kurultay-kararinin-iptali-talebine-ret\/#respond"]}]},{"@type":"WebPage","@id":"https:\/\/haberkuzey.com\/index.php\/2025\/03\/26\/chpnin-olaganustu-kurultay-kararinin-iptali-talebine-ret\/","url":"https:\/\/haberkuzey.com\/index.php\/2025\/03\/26\/chpnin-olaganustu-kurultay-kararinin-iptali-talebine-ret\/","name":"CHP\u2019nin ola\u011fan\u00fcst\u00fc kurultay karar\u0131n\u0131n iptali talebine ret - Haber Kuzey","isPartOf":{"@id":"https:\/\/haberkuzey.com\/#website"},"primaryImageOfPage":{"@id":"https:\/\/haberkuzey.com\/index.php\/2025\/03\/26\/chpnin-olaganustu-kurultay-kararinin-iptali-talebine-ret\/#primaryimage"},"image":{"@id":"https:\/\/haberkuzey.com\/index.php\/2025\/03\/26\/chpnin-olaganustu-kurultay-kararinin-iptali-talebine-ret\/#primaryimage"},"thumbnailUrl":"https:\/\/haberkuzey.com\/wp-content\/uploads\/2025\/03\/chp.webp.webp","datePublished":"2025-03-26T16:50:02+00:00","author":{"@id":"https:\/\/haberkuzey.com\/#\/schema\/person\/3372109ec735f9333f4fa47ebb9605ca"},"breadcrumb":{"@id":"https:\/\/haberkuzey.com\/index.php\/2025\/03\/26\/chpnin-olaganustu-kurultay-kararinin-iptali-talebine-ret\/#breadcrumb"},"inLanguage":"tr","potentialAction":[{"@type":"ReadAction","target":["https:\/\/haberkuzey.com\/index.php\/2025\/03\/26\/chpnin-olaganustu-kurultay-kararinin-iptali-talebine-ret\/"]}]},{"@type":"ImageObject","inLanguage":"tr","@id":"https:\/\/haberkuzey.com\/index.php\/2025\/03\/26\/chpnin-olaganustu-kurultay-kararinin-iptali-talebine-ret\/#primaryimage","url":"https:\/\/haberkuzey.com\/wp-content\/uploads\/2025\/03\/chp.webp.webp","contentUrl":"https:\/\/haberkuzey.com\/wp-content\/uploads\/2025\/03\/chp.webp.webp","width":1280,"height":720},{"@type":"BreadcrumbList","@id":"https:\/\/haberkuzey.com\/index.php\/2025\/03\/26\/chpnin-olaganustu-kurultay-kararinin-iptali-talebine-ret\/#breadcrumb","itemListElement":[{"@type":"ListItem","position":1,"name":"Anasayfa","item":"https:\/\/haberkuzey.com\/"},{"@type":"ListItem","position":2,"name":"CHP\u2019nin ola\u011fan\u00fcst\u00fc kurultay karar\u0131n\u0131n iptali talebine ret"}]},{"@type":"WebSite","@id":"https:\/\/haberkuzey.com\/#website","url":"https:\/\/haberkuzey.com\/","name":"Haber Kuzey","description":"Do\u011fru Haberin Adresi","potentialAction":[{"@type":"SearchAction","target":{"@type":"EntryPoint","urlTemplate":"https:\/\/haberkuzey.com\/?s={search_term_string}"},"query-input":{"@type":"PropertyValueSpecification","valueRequired":true,"valueName":"search_term_string"}}],"inLanguage":"tr"},{"@type":"Person","@id":"https:\/\/haberkuzey.com\/#\/schema\/person\/3372109ec735f9333f4fa47ebb9605ca","name":"haberkuzey","image":{"@type":"ImageObject","inLanguage":"tr","@id":"https:\/\/secure.gravatar.com\/avatar\/f5fc875574b1575324358c3b9e6a32b8227aa5b74f3fa22e3cadb63e26fcc39c?s=96&d=mm&r=g","url":"https:\/\/secure.gravatar.com\/avatar\/f5fc875574b1575324358c3b9e6a32b8227aa5b74f3fa22e3cadb63e26fcc39c?s=96&d=mm&r=g","contentUrl":"https:\/\/secure.gravatar.com\/avatar\/f5fc875574b1575324358c3b9e6a32b8227aa5b74f3fa22e3cadb63e26fcc39c?s=96&d=mm&r=g","caption":"haberkuzey"},"sameAs":["https:\/\/haberkuzey.com"],"url":"https:\/\/haberkuzey.com\/index.php\/author\/haberkuzey\/"}]}},"_links":{"self":[{"href":"https:\/\/haberkuzey.com\/index.php\/wp-json\/wp\/v2\/posts\/20840","targetHints":{"allow":["GET"]}}],"collection":[{"href":"https:\/\/haberkuzey.com\/index.php\/wp-json\/wp\/v2\/posts"}],"about":[{"href":"https:\/\/haberkuzey.com\/index.php\/wp-json\/wp\/v2\/types\/post"}],"author":[{"embeddable":true,"href":"https:\/\/haberkuzey.com\/index.php\/wp-json\/wp\/v2\/users\/1"}],"replies":[{"embeddable":true,"href":"https:\/\/haberkuzey.com\/index.php\/wp-json\/wp\/v2\/comments?post=20840"}],"version-history":[{"count":0,"href":"https:\/\/haberkuzey.com\/index.php\/wp-json\/wp\/v2\/posts\/20840\/revisions"}],"wp:featuredmedia":[{"embeddable":true,"href":"https:\/\/haberkuzey.com\/index.php\/wp-json\/wp\/v2\/media\/20441"}],"wp:attachment":[{"href":"https:\/\/haberkuzey.com\/index.php\/wp-json\/wp\/v2\/media?parent=20840"}],"wp:term":[{"taxonomy":"category","embeddable":true,"href":"https:\/\/haberkuzey.com\/index.php\/wp-json\/wp\/v2\/categories?post=20840"},{"taxonomy":"post_tag","embeddable":true,"href":"https:\/\/haberkuzey.com\/index.php\/wp-json\/wp\/v2\/tags?post=20840"}],"curies":[{"name":"wp","href":"https:\/\/api.w.org\/{rel}","templated":true}]}}