{"id":20834,"date":"2025-03-26T18:37:55","date_gmt":"2025-03-26T16:37:55","guid":{"rendered":"https:\/\/haberkuzey.com\/index.php\/2025\/03\/26\/ibb-baskan-vekilligine-meclis-uyesi-nuri-aslan-secildi\/"},"modified":"2025-03-26T18:37:55","modified_gmt":"2025-03-26T16:37:55","slug":"ibb-baskan-vekilligine-meclis-uyesi-nuri-aslan-secildi","status":"publish","type":"post","link":"https:\/\/haberkuzey.com\/index.php\/2025\/03\/26\/ibb-baskan-vekilligine-meclis-uyesi-nuri-aslan-secildi\/","title":{"rendered":"\u0130BB Ba\u015fkan Vekilli\u011fine Meclis \u00dcyesi Nuri Aslan se\u00e7ildi"},"content":{"rendered":"<div>\n<div class=\"mariselle-image-container center\">\n                                            <\/div>\n<p> \u0130stanbul B\u00fcy\u00fck\u015fehir Belediyesi (\u0130BB) Meclisinde, B\u00fcy\u00fck\u015fehir Belediye Ba\u015fkan\u0131 Ekrem \u0130mamo\u011flu\u2019nun yolsuzluk soru\u015fturmas\u0131 kapsam\u0131nda g\u00f6revinden uzakla\u015ft\u0131r\u0131lmas\u0131 nedeniyle yap\u0131lan oylamada, \u0130BB Ba\u015fkan Vekilli\u011fine CHP\u2019li Meclis \u00dcyesi Nuri Aslan se\u00e7ildi.<\/p>\n<p>\u0130BB Meclisi, \u0130BB Ba\u015fkanl\u0131\u011f\u0131 g\u00f6revinden uzakla\u015ft\u0131r\u0131lan ve yolsuzluk soru\u015fturmas\u0131 kapsam\u0131nda tutuklanan Ekrem \u0130mamo\u011flu\u2019nun yerine ba\u015fkan vekili se\u00e7ilmesi i\u00e7in topland\u0131.<\/p>\n<p> Meclis 2. Ba\u015fkanvekili G\u00f6khan G\u00fcm\u00fc\u015fda\u011f\u2019\u0131n ba\u015fkanl\u0131\u011f\u0131nda Sara\u00e7hane\u2019deki belediye binas\u0131nda yap\u0131lan toplant\u0131da, ba\u015fkan vekili se\u00e7imi i\u00e7in CHP Grubundan Meclis \u00dcyesi Nuri Aslan, AK Parti Grubundan da Grup Ba\u015fkanvekili de olan Meclis \u00dcyesi Zeynel Abidin Okul aday g\u00f6sterildi.<\/p>\n<p>Meclis\u2019te gizli oylamayla yap\u0131lan se\u00e7imin ilk turunda, 301 oy kullan\u0131l\u0131rken 5 oy ge\u00e7ersiz say\u0131ld\u0131. CHP\u2019nin aday\u0131 Aslan 173, AK Parti\u2019nin aday\u0131 Okul 123 oy ald\u0131.<\/p>\n<p>Se\u00e7imin ikinci turunda, 302 oy kullan\u0131ld\u0131. Aslan\u2019a 177, Okul\u2019a 125 oy verildi.<\/p>\n<p>\u0130ki turda da adaylardan biri, Meclis \u00fcyelerinin \u00fc\u00e7te ikisinin oyunu alamad\u0131\u011f\u0131 i\u00e7in ba\u015fkan vekili se\u00e7ilemedi.<\/p>\n<p>Bunun \u00fczerine, salt \u00e7o\u011funlu\u011fun arand\u0131\u011f\u0131 \u00fc\u00e7\u00fcnc\u00fc tura ge\u00e7ildi.<\/p>\n<p>\u00dc\u00e7\u00fcnc\u00fc turda 302 oy kullan\u0131ld\u0131. CHP\u2019nin aday\u0131 Aslan 177, AK Parti\u2019nin aday\u0131 Okul 125 oy ald\u0131.<\/p>\n<p>Bu sonu\u00e7la \u0130BB Ba\u015fkan Vekili Nuri Aslan oldu.<\/p>\n<\/p><\/div>\n<p><script async\n                    defer\n                    crossorigin=\"anonymous\"\n                    src=\"https:\/\/connect.facebook.net\/tr_TR\/sdk.js#xfbml=1&#038;version=v3.3\"\n            ><\/script><\/p>\n","protected":false},"excerpt":{"rendered":"<p>\u0130stanbul B\u00fcy\u00fck\u015fehir Belediyesi (\u0130BB) Meclisinde, B\u00fcy\u00fck\u015fehir Belediye Ba\u015fkan\u0131 Ekrem \u0130mamo\u011flu\u2019nun yolsuzluk soru\u015fturmas\u0131 kapsam\u0131nda g\u00f6revinden uzakla\u015ft\u0131r\u0131lmas\u0131 nedeniyle yap\u0131lan oylamada, \u0130BB Ba\u015fkan Vekilli\u011fine CHP\u2019li Meclis \u00dcyesi Nuri Aslan se\u00e7ildi. \u0130BB Meclisi, \u0130BB Ba\u015fkanl\u0131\u011f\u0131 g\u00f6revinden uzakla\u015ft\u0131r\u0131lan ve yolsuzluk soru\u015fturmas\u0131 kapsam\u0131nda tutuklanan Ekrem \u0130mamo\u011flu\u2019nun yerine ba\u015fkan vekili se\u00e7ilmesi i\u00e7in topland\u0131. Meclis 2. Ba\u015fkanvekili G\u00f6khan G\u00fcm\u00fc\u015fda\u011f\u2019\u0131n ba\u015fkanl\u0131\u011f\u0131nda Sara\u00e7hane\u2019deki belediye binas\u0131nda [&hellip;]<\/p>\n","protected":false},"author":1,"featured_media":20835,"comment_status":"open","ping_status":"open","sticky":false,"template":"","format":"standard","meta":{"jnews-multi-image_gallery":[],"jnews_single_post":[],"jnews_primary_category":[],"footnotes":""},"categories":[2],"tags":[],"class_list":["post-20834","post","type-post","status-publish","format-standard","has-post-thumbnail","hentry","category-dunya"],"yoast_head":"<!-- This site is optimized with the Yoast SEO plugin v27.5 - https:\/\/yoast.com\/product\/yoast-seo-wordpress\/ -->\n<title>\u0130BB Ba\u015fkan Vekilli\u011fine Meclis \u00dcyesi Nuri Aslan se\u00e7ildi - Haber Kuzey<\/title>\n<meta name=\"robots\" content=\"index, follow, max-snippet:-1, max-image-preview:large, max-video-preview:-1\" \/>\n<link rel=\"canonical\" href=\"https:\/\/haberkuzey.com\/index.php\/2025\/03\/26\/ibb-baskan-vekilligine-meclis-uyesi-nuri-aslan-secildi\/\" \/>\n<meta property=\"og:locale\" content=\"tr_TR\" \/>\n<meta property=\"og:type\" content=\"article\" \/>\n<meta property=\"og:title\" content=\"\u0130BB Ba\u015fkan Vekilli\u011fine Meclis \u00dcyesi Nuri Aslan se\u00e7ildi - Haber Kuzey\" \/>\n<meta property=\"og:description\" content=\"\u0130stanbul B\u00fcy\u00fck\u015fehir Belediyesi (\u0130BB) Meclisinde, B\u00fcy\u00fck\u015fehir Belediye Ba\u015fkan\u0131 Ekrem \u0130mamo\u011flu\u2019nun yolsuzluk soru\u015fturmas\u0131 kapsam\u0131nda g\u00f6revinden uzakla\u015ft\u0131r\u0131lmas\u0131 nedeniyle yap\u0131lan oylamada, \u0130BB Ba\u015fkan Vekilli\u011fine CHP\u2019li Meclis \u00dcyesi Nuri Aslan se\u00e7ildi. \u0130BB Meclisi, \u0130BB Ba\u015fkanl\u0131\u011f\u0131 g\u00f6revinden uzakla\u015ft\u0131r\u0131lan ve yolsuzluk soru\u015fturmas\u0131 kapsam\u0131nda tutuklanan Ekrem \u0130mamo\u011flu\u2019nun yerine ba\u015fkan vekili se\u00e7ilmesi i\u00e7in topland\u0131. Meclis 2. Ba\u015fkanvekili G\u00f6khan G\u00fcm\u00fc\u015fda\u011f\u2019\u0131n ba\u015fkanl\u0131\u011f\u0131nda Sara\u00e7hane\u2019deki belediye binas\u0131nda [&hellip;]\" \/>\n<meta property=\"og:url\" content=\"https:\/\/haberkuzey.com\/index.php\/2025\/03\/26\/ibb-baskan-vekilligine-meclis-uyesi-nuri-aslan-secildi\/\" \/>\n<meta property=\"og:site_name\" content=\"Haber Kuzey\" \/>\n<meta property=\"article:published_time\" content=\"2025-03-26T16:37:55+00:00\" \/>\n<meta property=\"og:image\" content=\"https:\/\/brtk.net\/wp-content\/uploads\/2025\/03\/26\/nuri-aslan.png?ver=b0a4825b3dec6679f0c1e3725e816cc3\" \/>\n<meta name=\"author\" content=\"haberkuzey\" \/>\n<meta name=\"twitter:card\" content=\"summary_large_image\" \/>\n<meta name=\"twitter:label1\" content=\"Yazan:\" \/>\n\t<meta name=\"twitter:data1\" content=\"haberkuzey\" \/>\n\t<meta name=\"twitter:label2\" content=\"Tahmini okuma s\u00fcresi\" \/>\n\t<meta name=\"twitter:data2\" content=\"1 dakika\" \/>\n<script type=\"application\/ld+json\" class=\"yoast-schema-graph\">{\"@context\":\"https:\\\/\\\/schema.org\",\"@graph\":[{\"@type\":\"Article\",\"@id\":\"https:\\\/\\\/haberkuzey.com\\\/index.php\\\/2025\\\/03\\\/26\\\/ibb-baskan-vekilligine-meclis-uyesi-nuri-aslan-secildi\\\/#article\",\"isPartOf\":{\"@id\":\"https:\\\/\\\/haberkuzey.com\\\/index.php\\\/2025\\\/03\\\/26\\\/ibb-baskan-vekilligine-meclis-uyesi-nuri-aslan-secildi\\\/\"},\"author\":{\"name\":\"haberkuzey\",\"@id\":\"https:\\\/\\\/haberkuzey.com\\\/#\\\/schema\\\/person\\\/3372109ec735f9333f4fa47ebb9605ca\"},\"headline\":\"\u0130BB Ba\u015fkan Vekilli\u011fine Meclis \u00dcyesi Nuri Aslan se\u00e7ildi\",\"datePublished\":\"2025-03-26T16:37:55+00:00\",\"mainEntityOfPage\":{\"@id\":\"https:\\\/\\\/haberkuzey.com\\\/index.php\\\/2025\\\/03\\\/26\\\/ibb-baskan-vekilligine-meclis-uyesi-nuri-aslan-secildi\\\/\"},\"wordCount\":239,\"commentCount\":0,\"image\":{\"@id\":\"https:\\\/\\\/haberkuzey.com\\\/index.php\\\/2025\\\/03\\\/26\\\/ibb-baskan-vekilligine-meclis-uyesi-nuri-aslan-secildi\\\/#primaryimage\"},\"thumbnailUrl\":\"https:\\\/\\\/haberkuzey.com\\\/wp-content\\\/uploads\\\/2025\\\/03\\\/nuri-aslan.png\",\"articleSection\":[\"D\u00fcnya\"],\"inLanguage\":\"tr\",\"potentialAction\":[{\"@type\":\"CommentAction\",\"name\":\"Comment\",\"target\":[\"https:\\\/\\\/haberkuzey.com\\\/index.php\\\/2025\\\/03\\\/26\\\/ibb-baskan-vekilligine-meclis-uyesi-nuri-aslan-secildi\\\/#respond\"]}]},{\"@type\":\"WebPage\",\"@id\":\"https:\\\/\\\/haberkuzey.com\\\/index.php\\\/2025\\\/03\\\/26\\\/ibb-baskan-vekilligine-meclis-uyesi-nuri-aslan-secildi\\\/\",\"url\":\"https:\\\/\\\/haberkuzey.com\\\/index.php\\\/2025\\\/03\\\/26\\\/ibb-baskan-vekilligine-meclis-uyesi-nuri-aslan-secildi\\\/\",\"name\":\"\u0130BB Ba\u015fkan Vekilli\u011fine Meclis \u00dcyesi Nuri Aslan se\u00e7ildi - Haber Kuzey\",\"isPartOf\":{\"@id\":\"https:\\\/\\\/haberkuzey.com\\\/#website\"},\"primaryImageOfPage\":{\"@id\":\"https:\\\/\\\/haberkuzey.com\\\/index.php\\\/2025\\\/03\\\/26\\\/ibb-baskan-vekilligine-meclis-uyesi-nuri-aslan-secildi\\\/#primaryimage\"},\"image\":{\"@id\":\"https:\\\/\\\/haberkuzey.com\\\/index.php\\\/2025\\\/03\\\/26\\\/ibb-baskan-vekilligine-meclis-uyesi-nuri-aslan-secildi\\\/#primaryimage\"},\"thumbnailUrl\":\"https:\\\/\\\/haberkuzey.com\\\/wp-content\\\/uploads\\\/2025\\\/03\\\/nuri-aslan.png\",\"datePublished\":\"2025-03-26T16:37:55+00:00\",\"author\":{\"@id\":\"https:\\\/\\\/haberkuzey.com\\\/#\\\/schema\\\/person\\\/3372109ec735f9333f4fa47ebb9605ca\"},\"breadcrumb\":{\"@id\":\"https:\\\/\\\/haberkuzey.com\\\/index.php\\\/2025\\\/03\\\/26\\\/ibb-baskan-vekilligine-meclis-uyesi-nuri-aslan-secildi\\\/#breadcrumb\"},\"inLanguage\":\"tr\",\"potentialAction\":[{\"@type\":\"ReadAction\",\"target\":[\"https:\\\/\\\/haberkuzey.com\\\/index.php\\\/2025\\\/03\\\/26\\\/ibb-baskan-vekilligine-meclis-uyesi-nuri-aslan-secildi\\\/\"]}]},{\"@type\":\"ImageObject\",\"inLanguage\":\"tr\",\"@id\":\"https:\\\/\\\/haberkuzey.com\\\/index.php\\\/2025\\\/03\\\/26\\\/ibb-baskan-vekilligine-meclis-uyesi-nuri-aslan-secildi\\\/#primaryimage\",\"url\":\"https:\\\/\\\/haberkuzey.com\\\/wp-content\\\/uploads\\\/2025\\\/03\\\/nuri-aslan.png\",\"contentUrl\":\"https:\\\/\\\/haberkuzey.com\\\/wp-content\\\/uploads\\\/2025\\\/03\\\/nuri-aslan.png\",\"width\":1142,\"height\":633},{\"@type\":\"BreadcrumbList\",\"@id\":\"https:\\\/\\\/haberkuzey.com\\\/index.php\\\/2025\\\/03\\\/26\\\/ibb-baskan-vekilligine-meclis-uyesi-nuri-aslan-secildi\\\/#breadcrumb\",\"itemListElement\":[{\"@type\":\"ListItem\",\"position\":1,\"name\":\"Anasayfa\",\"item\":\"https:\\\/\\\/haberkuzey.com\\\/\"},{\"@type\":\"ListItem\",\"position\":2,\"name\":\"\u0130BB Ba\u015fkan Vekilli\u011fine Meclis \u00dcyesi Nuri Aslan se\u00e7ildi\"}]},{\"@type\":\"WebSite\",\"@id\":\"https:\\\/\\\/haberkuzey.com\\\/#website\",\"url\":\"https:\\\/\\\/haberkuzey.com\\\/\",\"name\":\"Haber Kuzey\",\"description\":\"Do\u011fru Haberin Adresi\",\"potentialAction\":[{\"@type\":\"SearchAction\",\"target\":{\"@type\":\"EntryPoint\",\"urlTemplate\":\"https:\\\/\\\/haberkuzey.com\\\/?s={search_term_string}\"},\"query-input\":{\"@type\":\"PropertyValueSpecification\",\"valueRequired\":true,\"valueName\":\"search_term_string\"}}],\"inLanguage\":\"tr\"},{\"@type\":\"Person\",\"@id\":\"https:\\\/\\\/haberkuzey.com\\\/#\\\/schema\\\/person\\\/3372109ec735f9333f4fa47ebb9605ca\",\"name\":\"haberkuzey\",\"image\":{\"@type\":\"ImageObject\",\"inLanguage\":\"tr\",\"@id\":\"https:\\\/\\\/secure.gravatar.com\\\/avatar\\\/f5fc875574b1575324358c3b9e6a32b8227aa5b74f3fa22e3cadb63e26fcc39c?s=96&d=mm&r=g\",\"url\":\"https:\\\/\\\/secure.gravatar.com\\\/avatar\\\/f5fc875574b1575324358c3b9e6a32b8227aa5b74f3fa22e3cadb63e26fcc39c?s=96&d=mm&r=g\",\"contentUrl\":\"https:\\\/\\\/secure.gravatar.com\\\/avatar\\\/f5fc875574b1575324358c3b9e6a32b8227aa5b74f3fa22e3cadb63e26fcc39c?s=96&d=mm&r=g\",\"caption\":\"haberkuzey\"},\"sameAs\":[\"https:\\\/\\\/haberkuzey.com\"],\"url\":\"https:\\\/\\\/haberkuzey.com\\\/index.php\\\/author\\\/haberkuzey\\\/\"}]}<\/script>\n<!-- \/ Yoast SEO plugin. -->","yoast_head_json":{"title":"\u0130BB Ba\u015fkan Vekilli\u011fine Meclis \u00dcyesi Nuri Aslan se\u00e7ildi - Haber Kuzey","robots":{"index":"index","follow":"follow","max-snippet":"max-snippet:-1","max-image-preview":"max-image-preview:large","max-video-preview":"max-video-preview:-1"},"canonical":"https:\/\/haberkuzey.com\/index.php\/2025\/03\/26\/ibb-baskan-vekilligine-meclis-uyesi-nuri-aslan-secildi\/","og_locale":"tr_TR","og_type":"article","og_title":"\u0130BB Ba\u015fkan Vekilli\u011fine Meclis \u00dcyesi Nuri Aslan se\u00e7ildi - Haber Kuzey","og_description":"\u0130stanbul B\u00fcy\u00fck\u015fehir Belediyesi (\u0130BB) Meclisinde, B\u00fcy\u00fck\u015fehir Belediye Ba\u015fkan\u0131 Ekrem \u0130mamo\u011flu\u2019nun yolsuzluk soru\u015fturmas\u0131 kapsam\u0131nda g\u00f6revinden uzakla\u015ft\u0131r\u0131lmas\u0131 nedeniyle yap\u0131lan oylamada, \u0130BB Ba\u015fkan Vekilli\u011fine CHP\u2019li Meclis \u00dcyesi Nuri Aslan se\u00e7ildi. \u0130BB Meclisi, \u0130BB Ba\u015fkanl\u0131\u011f\u0131 g\u00f6revinden uzakla\u015ft\u0131r\u0131lan ve yolsuzluk soru\u015fturmas\u0131 kapsam\u0131nda tutuklanan Ekrem \u0130mamo\u011flu\u2019nun yerine ba\u015fkan vekili se\u00e7ilmesi i\u00e7in topland\u0131. Meclis 2. Ba\u015fkanvekili G\u00f6khan G\u00fcm\u00fc\u015fda\u011f\u2019\u0131n ba\u015fkanl\u0131\u011f\u0131nda Sara\u00e7hane\u2019deki belediye binas\u0131nda [&hellip;]","og_url":"https:\/\/haberkuzey.com\/index.php\/2025\/03\/26\/ibb-baskan-vekilligine-meclis-uyesi-nuri-aslan-secildi\/","og_site_name":"Haber Kuzey","article_published_time":"2025-03-26T16:37:55+00:00","og_image":[{"url":"https:\/\/brtk.net\/wp-content\/uploads\/2025\/03\/26\/nuri-aslan.png?ver=b0a4825b3dec6679f0c1e3725e816cc3","type":"","width":"","height":""}],"author":"haberkuzey","twitter_card":"summary_large_image","twitter_misc":{"Yazan:":"haberkuzey","Tahmini okuma s\u00fcresi":"1 dakika"},"schema":{"@context":"https:\/\/schema.org","@graph":[{"@type":"Article","@id":"https:\/\/haberkuzey.com\/index.php\/2025\/03\/26\/ibb-baskan-vekilligine-meclis-uyesi-nuri-aslan-secildi\/#article","isPartOf":{"@id":"https:\/\/haberkuzey.com\/index.php\/2025\/03\/26\/ibb-baskan-vekilligine-meclis-uyesi-nuri-aslan-secildi\/"},"author":{"name":"haberkuzey","@id":"https:\/\/haberkuzey.com\/#\/schema\/person\/3372109ec735f9333f4fa47ebb9605ca"},"headline":"\u0130BB Ba\u015fkan Vekilli\u011fine Meclis \u00dcyesi Nuri Aslan se\u00e7ildi","datePublished":"2025-03-26T16:37:55+00:00","mainEntityOfPage":{"@id":"https:\/\/haberkuzey.com\/index.php\/2025\/03\/26\/ibb-baskan-vekilligine-meclis-uyesi-nuri-aslan-secildi\/"},"wordCount":239,"commentCount":0,"image":{"@id":"https:\/\/haberkuzey.com\/index.php\/2025\/03\/26\/ibb-baskan-vekilligine-meclis-uyesi-nuri-aslan-secildi\/#primaryimage"},"thumbnailUrl":"https:\/\/haberkuzey.com\/wp-content\/uploads\/2025\/03\/nuri-aslan.png","articleSection":["D\u00fcnya"],"inLanguage":"tr","potentialAction":[{"@type":"CommentAction","name":"Comment","target":["https:\/\/haberkuzey.com\/index.php\/2025\/03\/26\/ibb-baskan-vekilligine-meclis-uyesi-nuri-aslan-secildi\/#respond"]}]},{"@type":"WebPage","@id":"https:\/\/haberkuzey.com\/index.php\/2025\/03\/26\/ibb-baskan-vekilligine-meclis-uyesi-nuri-aslan-secildi\/","url":"https:\/\/haberkuzey.com\/index.php\/2025\/03\/26\/ibb-baskan-vekilligine-meclis-uyesi-nuri-aslan-secildi\/","name":"\u0130BB Ba\u015fkan Vekilli\u011fine Meclis \u00dcyesi Nuri Aslan se\u00e7ildi - Haber Kuzey","isPartOf":{"@id":"https:\/\/haberkuzey.com\/#website"},"primaryImageOfPage":{"@id":"https:\/\/haberkuzey.com\/index.php\/2025\/03\/26\/ibb-baskan-vekilligine-meclis-uyesi-nuri-aslan-secildi\/#primaryimage"},"image":{"@id":"https:\/\/haberkuzey.com\/index.php\/2025\/03\/26\/ibb-baskan-vekilligine-meclis-uyesi-nuri-aslan-secildi\/#primaryimage"},"thumbnailUrl":"https:\/\/haberkuzey.com\/wp-content\/uploads\/2025\/03\/nuri-aslan.png","datePublished":"2025-03-26T16:37:55+00:00","author":{"@id":"https:\/\/haberkuzey.com\/#\/schema\/person\/3372109ec735f9333f4fa47ebb9605ca"},"breadcrumb":{"@id":"https:\/\/haberkuzey.com\/index.php\/2025\/03\/26\/ibb-baskan-vekilligine-meclis-uyesi-nuri-aslan-secildi\/#breadcrumb"},"inLanguage":"tr","potentialAction":[{"@type":"ReadAction","target":["https:\/\/haberkuzey.com\/index.php\/2025\/03\/26\/ibb-baskan-vekilligine-meclis-uyesi-nuri-aslan-secildi\/"]}]},{"@type":"ImageObject","inLanguage":"tr","@id":"https:\/\/haberkuzey.com\/index.php\/2025\/03\/26\/ibb-baskan-vekilligine-meclis-uyesi-nuri-aslan-secildi\/#primaryimage","url":"https:\/\/haberkuzey.com\/wp-content\/uploads\/2025\/03\/nuri-aslan.png","contentUrl":"https:\/\/haberkuzey.com\/wp-content\/uploads\/2025\/03\/nuri-aslan.png","width":1142,"height":633},{"@type":"BreadcrumbList","@id":"https:\/\/haberkuzey.com\/index.php\/2025\/03\/26\/ibb-baskan-vekilligine-meclis-uyesi-nuri-aslan-secildi\/#breadcrumb","itemListElement":[{"@type":"ListItem","position":1,"name":"Anasayfa","item":"https:\/\/haberkuzey.com\/"},{"@type":"ListItem","position":2,"name":"\u0130BB Ba\u015fkan Vekilli\u011fine Meclis \u00dcyesi Nuri Aslan se\u00e7ildi"}]},{"@type":"WebSite","@id":"https:\/\/haberkuzey.com\/#website","url":"https:\/\/haberkuzey.com\/","name":"Haber Kuzey","description":"Do\u011fru Haberin Adresi","potentialAction":[{"@type":"SearchAction","target":{"@type":"EntryPoint","urlTemplate":"https:\/\/haberkuzey.com\/?s={search_term_string}"},"query-input":{"@type":"PropertyValueSpecification","valueRequired":true,"valueName":"search_term_string"}}],"inLanguage":"tr"},{"@type":"Person","@id":"https:\/\/haberkuzey.com\/#\/schema\/person\/3372109ec735f9333f4fa47ebb9605ca","name":"haberkuzey","image":{"@type":"ImageObject","inLanguage":"tr","@id":"https:\/\/secure.gravatar.com\/avatar\/f5fc875574b1575324358c3b9e6a32b8227aa5b74f3fa22e3cadb63e26fcc39c?s=96&d=mm&r=g","url":"https:\/\/secure.gravatar.com\/avatar\/f5fc875574b1575324358c3b9e6a32b8227aa5b74f3fa22e3cadb63e26fcc39c?s=96&d=mm&r=g","contentUrl":"https:\/\/secure.gravatar.com\/avatar\/f5fc875574b1575324358c3b9e6a32b8227aa5b74f3fa22e3cadb63e26fcc39c?s=96&d=mm&r=g","caption":"haberkuzey"},"sameAs":["https:\/\/haberkuzey.com"],"url":"https:\/\/haberkuzey.com\/index.php\/author\/haberkuzey\/"}]}},"_links":{"self":[{"href":"https:\/\/haberkuzey.com\/index.php\/wp-json\/wp\/v2\/posts\/20834","targetHints":{"allow":["GET"]}}],"collection":[{"href":"https:\/\/haberkuzey.com\/index.php\/wp-json\/wp\/v2\/posts"}],"about":[{"href":"https:\/\/haberkuzey.com\/index.php\/wp-json\/wp\/v2\/types\/post"}],"author":[{"embeddable":true,"href":"https:\/\/haberkuzey.com\/index.php\/wp-json\/wp\/v2\/users\/1"}],"replies":[{"embeddable":true,"href":"https:\/\/haberkuzey.com\/index.php\/wp-json\/wp\/v2\/comments?post=20834"}],"version-history":[{"count":0,"href":"https:\/\/haberkuzey.com\/index.php\/wp-json\/wp\/v2\/posts\/20834\/revisions"}],"wp:featuredmedia":[{"embeddable":true,"href":"https:\/\/haberkuzey.com\/index.php\/wp-json\/wp\/v2\/media\/20835"}],"wp:attachment":[{"href":"https:\/\/haberkuzey.com\/index.php\/wp-json\/wp\/v2\/media?parent=20834"}],"wp:term":[{"taxonomy":"category","embeddable":true,"href":"https:\/\/haberkuzey.com\/index.php\/wp-json\/wp\/v2\/categories?post=20834"},{"taxonomy":"post_tag","embeddable":true,"href":"https:\/\/haberkuzey.com\/index.php\/wp-json\/wp\/v2\/tags?post=20834"}],"curies":[{"name":"wp","href":"https:\/\/api.w.org\/{rel}","templated":true}]}}