{"id":2083,"date":"2024-05-11T11:39:52","date_gmt":"2024-05-11T08:39:52","guid":{"rendered":"https:\/\/haberkuzey.com\/index.php\/2024\/05\/11\/israilli-diplomattan-skandal-eylem-bm-sarti-metnini-parcaladi\/"},"modified":"2024-05-11T11:39:52","modified_gmt":"2024-05-11T08:39:52","slug":"israilli-diplomattan-skandal-eylem-bm-sarti-metnini-parcaladi","status":"publish","type":"post","link":"https:\/\/haberkuzey.com\/index.php\/2024\/05\/11\/israilli-diplomattan-skandal-eylem-bm-sarti-metnini-parcaladi\/","title":{"rendered":"\u0130srailli diplomattan skandal eylem: BM \u015eart\u0131 metnini par\u00e7alad\u0131"},"content":{"rendered":"<p><\/p>\n<div>\n<p>&#13;<br \/>\n\t\u0130srail&#8217;in <a href=\"https:\/\/www.trthaber.com\/etiket\/birlesmis-milletler\/\" target=\"_blank\" rel=\"noopener\">Birle\u015fmi\u015f Milletler<\/a> Daimi Temsilcisi Gilad Erdan, BM oturumu s\u0131ras\u0131nda skandal bir eyleme imza att\u0131.<\/p>\n<p>&#13;<br \/>\n\tBirle\u015fmi\u015f Milletler Genel Kurulu&#8217;n\u0131n Filistin karar\u0131ndan rahats\u0131z oldu. Yan\u0131nda getirdi\u011fi ka\u011f\u0131t \u00f6\u011f\u00fct\u00fcc\u00fc ile Birle\u015fmi\u015f Milletler Anla\u015fma metnini imha etti.<\/p>\n<p>&#13;<br \/>\n\tFilistin&#8217;in Birle\u015fmi\u015f Milletler \u00fcyeli\u011fini destekleyen \u00fclkelere tepki g\u00f6sterdi. Tarihi oylamaya tahamm\u00fcl edemeyerek \u00f6rg\u00fct\u00fcn kurulu\u015f anla\u015fmas\u0131 metninin bir kopyas\u0131n\u0131 par\u00e7alad\u0131.<\/p>\n<h2>&#13;<br \/>\n\t&#8220;Tiyatral bir eylem&#8221;<\/h2>\n<p>&#13;<br \/>\n\t\u0130srailli diplomat\u0131n skandal eylemine Birle\u015fmi\u015f Milletler tepki g\u00f6sterdi.<\/p>\n<p>&#13;<br \/>\n\tBM S\u00f6zc\u00fc Yard\u0131mc\u0131s\u0131 Farhan Haq, olay\u0131n &#8220;tiyatral bir eylem&#8221; oldu\u011funu belirtti, &#8220;Bu seviyeye inmeyece\u011fiz&#8221; dedi.<\/p>\n<p>&#13;<br \/>\n\tGe\u00e7mi\u015fte de buna benzer eylemlerin yap\u0131ld\u0131\u011f\u0131n\u0131 hat\u0131rlatan Haq, &#8220;B\u00fcy\u00fckel\u00e7ilerin sunumlar\u0131n bir par\u00e7as\u0131 haline getirdi\u011fi tiyatral eylemleri hakk\u0131nda yorum yapm\u0131yoruz&#8221; diye konu\u015ftu.<\/p>\n<p>&#13;<br \/>\n\tBirle\u015fmi\u015f Milletler \u015fart\u0131na t\u00fcm \u00fcye \u00fclkelerin sayg\u0131 duymak zorunda oldu\u011funun alt\u0131n\u0131 \u00e7izdi.<\/p>\n<\/p><\/div>\n","protected":false},"excerpt":{"rendered":"<p>&#13; \u0130srail&#8217;in Birle\u015fmi\u015f Milletler Daimi Temsilcisi Gilad Erdan, BM oturumu s\u0131ras\u0131nda skandal bir eyleme imza att\u0131. &#13; Birle\u015fmi\u015f Milletler Genel Kurulu&#8217;n\u0131n Filistin karar\u0131ndan rahats\u0131z oldu. Yan\u0131nda getirdi\u011fi ka\u011f\u0131t \u00f6\u011f\u00fct\u00fcc\u00fc ile Birle\u015fmi\u015f Milletler Anla\u015fma metnini imha etti. &#13; Filistin&#8217;in Birle\u015fmi\u015f Milletler \u00fcyeli\u011fini destekleyen \u00fclkelere tepki g\u00f6sterdi. Tarihi oylamaya tahamm\u00fcl edemeyerek \u00f6rg\u00fct\u00fcn kurulu\u015f anla\u015fmas\u0131 metninin bir kopyas\u0131n\u0131 [&hellip;]<\/p>\n","protected":false},"author":1,"featured_media":2084,"comment_status":"open","ping_status":"open","sticky":false,"template":"","format":"standard","meta":{"jnews-multi-image_gallery":[],"jnews_single_post":[],"jnews_primary_category":[],"footnotes":""},"categories":[],"tags":[],"class_list":["post-2083","post","type-post","status-publish","format-standard","has-post-thumbnail","hentry"],"yoast_head":"<!-- This site is optimized with the Yoast SEO plugin v27.5 - https:\/\/yoast.com\/product\/yoast-seo-wordpress\/ -->\n<title>\u0130srailli diplomattan skandal eylem: BM \u015eart\u0131 metnini par\u00e7alad\u0131 - Haber Kuzey<\/title>\n<meta name=\"robots\" content=\"index, follow, max-snippet:-1, max-image-preview:large, max-video-preview:-1\" \/>\n<link rel=\"canonical\" href=\"https:\/\/haberkuzey.com\/index.php\/2024\/05\/11\/israilli-diplomattan-skandal-eylem-bm-sarti-metnini-parcaladi\/\" \/>\n<meta property=\"og:locale\" content=\"tr_TR\" \/>\n<meta property=\"og:type\" content=\"article\" \/>\n<meta property=\"og:title\" content=\"\u0130srailli diplomattan skandal eylem: BM \u015eart\u0131 metnini par\u00e7alad\u0131 - Haber Kuzey\" \/>\n<meta property=\"og:description\" content=\"&#013; \u0130srail&#8217;in Birle\u015fmi\u015f Milletler Daimi Temsilcisi Gilad Erdan, BM oturumu s\u0131ras\u0131nda skandal bir eyleme imza att\u0131. &#013; Birle\u015fmi\u015f Milletler Genel Kurulu&#8217;n\u0131n Filistin karar\u0131ndan rahats\u0131z oldu. Yan\u0131nda getirdi\u011fi ka\u011f\u0131t \u00f6\u011f\u00fct\u00fcc\u00fc ile Birle\u015fmi\u015f Milletler Anla\u015fma metnini imha etti. &#013; Filistin&#8217;in Birle\u015fmi\u015f Milletler \u00fcyeli\u011fini destekleyen \u00fclkelere tepki g\u00f6sterdi. Tarihi oylamaya tahamm\u00fcl edemeyerek \u00f6rg\u00fct\u00fcn kurulu\u015f anla\u015fmas\u0131 metninin bir kopyas\u0131n\u0131 [&hellip;]\" \/>\n<meta property=\"og:url\" content=\"https:\/\/haberkuzey.com\/index.php\/2024\/05\/11\/israilli-diplomattan-skandal-eylem-bm-sarti-metnini-parcaladi\/\" \/>\n<meta property=\"og:site_name\" content=\"Haber Kuzey\" \/>\n<meta property=\"article:published_time\" content=\"2024-05-11T08:39:52+00:00\" \/>\n<meta property=\"og:image\" content=\"https:\/\/trthaberstatic.cdn.wp.trt.com.tr\/resimler\/2226000\/gilad-erdan-bm-reuters-2227630.jpg\" \/>\n<meta name=\"author\" content=\"haberkuzey\" \/>\n<meta name=\"twitter:card\" content=\"summary_large_image\" \/>\n<meta name=\"twitter:label1\" content=\"Yazan:\" \/>\n\t<meta name=\"twitter:data1\" content=\"haberkuzey\" \/>\n\t<meta name=\"twitter:label2\" content=\"Tahmini okuma s\u00fcresi\" \/>\n\t<meta name=\"twitter:data2\" content=\"1 dakika\" \/>\n<script type=\"application\/ld+json\" class=\"yoast-schema-graph\">{\"@context\":\"https:\\\/\\\/schema.org\",\"@graph\":[{\"@type\":\"Article\",\"@id\":\"https:\\\/\\\/haberkuzey.com\\\/index.php\\\/2024\\\/05\\\/11\\\/israilli-diplomattan-skandal-eylem-bm-sarti-metnini-parcaladi\\\/#article\",\"isPartOf\":{\"@id\":\"https:\\\/\\\/haberkuzey.com\\\/index.php\\\/2024\\\/05\\\/11\\\/israilli-diplomattan-skandal-eylem-bm-sarti-metnini-parcaladi\\\/\"},\"author\":{\"name\":\"haberkuzey\",\"@id\":\"https:\\\/\\\/haberkuzey.com\\\/#\\\/schema\\\/person\\\/3372109ec735f9333f4fa47ebb9605ca\"},\"headline\":\"\u0130srailli diplomattan skandal eylem: BM \u015eart\u0131 metnini par\u00e7alad\u0131\",\"datePublished\":\"2024-05-11T08:39:52+00:00\",\"mainEntityOfPage\":{\"@id\":\"https:\\\/\\\/haberkuzey.com\\\/index.php\\\/2024\\\/05\\\/11\\\/israilli-diplomattan-skandal-eylem-bm-sarti-metnini-parcaladi\\\/\"},\"wordCount\":174,\"commentCount\":0,\"image\":{\"@id\":\"https:\\\/\\\/haberkuzey.com\\\/index.php\\\/2024\\\/05\\\/11\\\/israilli-diplomattan-skandal-eylem-bm-sarti-metnini-parcaladi\\\/#primaryimage\"},\"thumbnailUrl\":\"https:\\\/\\\/haberkuzey.com\\\/wp-content\\\/uploads\\\/2024\\\/05\\\/gilad-erdan-bm-reuters-2227630.jpg\",\"inLanguage\":\"tr\",\"potentialAction\":[{\"@type\":\"CommentAction\",\"name\":\"Comment\",\"target\":[\"https:\\\/\\\/haberkuzey.com\\\/index.php\\\/2024\\\/05\\\/11\\\/israilli-diplomattan-skandal-eylem-bm-sarti-metnini-parcaladi\\\/#respond\"]}]},{\"@type\":\"WebPage\",\"@id\":\"https:\\\/\\\/haberkuzey.com\\\/index.php\\\/2024\\\/05\\\/11\\\/israilli-diplomattan-skandal-eylem-bm-sarti-metnini-parcaladi\\\/\",\"url\":\"https:\\\/\\\/haberkuzey.com\\\/index.php\\\/2024\\\/05\\\/11\\\/israilli-diplomattan-skandal-eylem-bm-sarti-metnini-parcaladi\\\/\",\"name\":\"\u0130srailli diplomattan skandal eylem: BM \u015eart\u0131 metnini par\u00e7alad\u0131 - Haber Kuzey\",\"isPartOf\":{\"@id\":\"https:\\\/\\\/haberkuzey.com\\\/#website\"},\"primaryImageOfPage\":{\"@id\":\"https:\\\/\\\/haberkuzey.com\\\/index.php\\\/2024\\\/05\\\/11\\\/israilli-diplomattan-skandal-eylem-bm-sarti-metnini-parcaladi\\\/#primaryimage\"},\"image\":{\"@id\":\"https:\\\/\\\/haberkuzey.com\\\/index.php\\\/2024\\\/05\\\/11\\\/israilli-diplomattan-skandal-eylem-bm-sarti-metnini-parcaladi\\\/#primaryimage\"},\"thumbnailUrl\":\"https:\\\/\\\/haberkuzey.com\\\/wp-content\\\/uploads\\\/2024\\\/05\\\/gilad-erdan-bm-reuters-2227630.jpg\",\"datePublished\":\"2024-05-11T08:39:52+00:00\",\"author\":{\"@id\":\"https:\\\/\\\/haberkuzey.com\\\/#\\\/schema\\\/person\\\/3372109ec735f9333f4fa47ebb9605ca\"},\"breadcrumb\":{\"@id\":\"https:\\\/\\\/haberkuzey.com\\\/index.php\\\/2024\\\/05\\\/11\\\/israilli-diplomattan-skandal-eylem-bm-sarti-metnini-parcaladi\\\/#breadcrumb\"},\"inLanguage\":\"tr\",\"potentialAction\":[{\"@type\":\"ReadAction\",\"target\":[\"https:\\\/\\\/haberkuzey.com\\\/index.php\\\/2024\\\/05\\\/11\\\/israilli-diplomattan-skandal-eylem-bm-sarti-metnini-parcaladi\\\/\"]}]},{\"@type\":\"ImageObject\",\"inLanguage\":\"tr\",\"@id\":\"https:\\\/\\\/haberkuzey.com\\\/index.php\\\/2024\\\/05\\\/11\\\/israilli-diplomattan-skandal-eylem-bm-sarti-metnini-parcaladi\\\/#primaryimage\",\"url\":\"https:\\\/\\\/haberkuzey.com\\\/wp-content\\\/uploads\\\/2024\\\/05\\\/gilad-erdan-bm-reuters-2227630.jpg\",\"contentUrl\":\"https:\\\/\\\/haberkuzey.com\\\/wp-content\\\/uploads\\\/2024\\\/05\\\/gilad-erdan-bm-reuters-2227630.jpg\",\"width\":1280,\"height\":720},{\"@type\":\"BreadcrumbList\",\"@id\":\"https:\\\/\\\/haberkuzey.com\\\/index.php\\\/2024\\\/05\\\/11\\\/israilli-diplomattan-skandal-eylem-bm-sarti-metnini-parcaladi\\\/#breadcrumb\",\"itemListElement\":[{\"@type\":\"ListItem\",\"position\":1,\"name\":\"Anasayfa\",\"item\":\"https:\\\/\\\/haberkuzey.com\\\/\"},{\"@type\":\"ListItem\",\"position\":2,\"name\":\"\u0130srailli diplomattan skandal eylem: BM \u015eart\u0131 metnini par\u00e7alad\u0131\"}]},{\"@type\":\"WebSite\",\"@id\":\"https:\\\/\\\/haberkuzey.com\\\/#website\",\"url\":\"https:\\\/\\\/haberkuzey.com\\\/\",\"name\":\"Haber Kuzey\",\"description\":\"Do\u011fru Haberin Adresi\",\"potentialAction\":[{\"@type\":\"SearchAction\",\"target\":{\"@type\":\"EntryPoint\",\"urlTemplate\":\"https:\\\/\\\/haberkuzey.com\\\/?s={search_term_string}\"},\"query-input\":{\"@type\":\"PropertyValueSpecification\",\"valueRequired\":true,\"valueName\":\"search_term_string\"}}],\"inLanguage\":\"tr\"},{\"@type\":\"Person\",\"@id\":\"https:\\\/\\\/haberkuzey.com\\\/#\\\/schema\\\/person\\\/3372109ec735f9333f4fa47ebb9605ca\",\"name\":\"haberkuzey\",\"image\":{\"@type\":\"ImageObject\",\"inLanguage\":\"tr\",\"@id\":\"https:\\\/\\\/secure.gravatar.com\\\/avatar\\\/f5fc875574b1575324358c3b9e6a32b8227aa5b74f3fa22e3cadb63e26fcc39c?s=96&d=mm&r=g\",\"url\":\"https:\\\/\\\/secure.gravatar.com\\\/avatar\\\/f5fc875574b1575324358c3b9e6a32b8227aa5b74f3fa22e3cadb63e26fcc39c?s=96&d=mm&r=g\",\"contentUrl\":\"https:\\\/\\\/secure.gravatar.com\\\/avatar\\\/f5fc875574b1575324358c3b9e6a32b8227aa5b74f3fa22e3cadb63e26fcc39c?s=96&d=mm&r=g\",\"caption\":\"haberkuzey\"},\"sameAs\":[\"https:\\\/\\\/haberkuzey.com\"],\"url\":\"https:\\\/\\\/haberkuzey.com\\\/index.php\\\/author\\\/haberkuzey\\\/\"}]}<\/script>\n<!-- \/ Yoast SEO plugin. -->","yoast_head_json":{"title":"\u0130srailli diplomattan skandal eylem: BM \u015eart\u0131 metnini par\u00e7alad\u0131 - Haber Kuzey","robots":{"index":"index","follow":"follow","max-snippet":"max-snippet:-1","max-image-preview":"max-image-preview:large","max-video-preview":"max-video-preview:-1"},"canonical":"https:\/\/haberkuzey.com\/index.php\/2024\/05\/11\/israilli-diplomattan-skandal-eylem-bm-sarti-metnini-parcaladi\/","og_locale":"tr_TR","og_type":"article","og_title":"\u0130srailli diplomattan skandal eylem: BM \u015eart\u0131 metnini par\u00e7alad\u0131 - Haber Kuzey","og_description":"&#13; \u0130srail&#8217;in Birle\u015fmi\u015f Milletler Daimi Temsilcisi Gilad Erdan, BM oturumu s\u0131ras\u0131nda skandal bir eyleme imza att\u0131. &#13; Birle\u015fmi\u015f Milletler Genel Kurulu&#8217;n\u0131n Filistin karar\u0131ndan rahats\u0131z oldu. Yan\u0131nda getirdi\u011fi ka\u011f\u0131t \u00f6\u011f\u00fct\u00fcc\u00fc ile Birle\u015fmi\u015f Milletler Anla\u015fma metnini imha etti. &#13; Filistin&#8217;in Birle\u015fmi\u015f Milletler \u00fcyeli\u011fini destekleyen \u00fclkelere tepki g\u00f6sterdi. Tarihi oylamaya tahamm\u00fcl edemeyerek \u00f6rg\u00fct\u00fcn kurulu\u015f anla\u015fmas\u0131 metninin bir kopyas\u0131n\u0131 [&hellip;]","og_url":"https:\/\/haberkuzey.com\/index.php\/2024\/05\/11\/israilli-diplomattan-skandal-eylem-bm-sarti-metnini-parcaladi\/","og_site_name":"Haber Kuzey","article_published_time":"2024-05-11T08:39:52+00:00","og_image":[{"url":"https:\/\/trthaberstatic.cdn.wp.trt.com.tr\/resimler\/2226000\/gilad-erdan-bm-reuters-2227630.jpg","type":"","width":"","height":""}],"author":"haberkuzey","twitter_card":"summary_large_image","twitter_misc":{"Yazan:":"haberkuzey","Tahmini okuma s\u00fcresi":"1 dakika"},"schema":{"@context":"https:\/\/schema.org","@graph":[{"@type":"Article","@id":"https:\/\/haberkuzey.com\/index.php\/2024\/05\/11\/israilli-diplomattan-skandal-eylem-bm-sarti-metnini-parcaladi\/#article","isPartOf":{"@id":"https:\/\/haberkuzey.com\/index.php\/2024\/05\/11\/israilli-diplomattan-skandal-eylem-bm-sarti-metnini-parcaladi\/"},"author":{"name":"haberkuzey","@id":"https:\/\/haberkuzey.com\/#\/schema\/person\/3372109ec735f9333f4fa47ebb9605ca"},"headline":"\u0130srailli diplomattan skandal eylem: BM \u015eart\u0131 metnini par\u00e7alad\u0131","datePublished":"2024-05-11T08:39:52+00:00","mainEntityOfPage":{"@id":"https:\/\/haberkuzey.com\/index.php\/2024\/05\/11\/israilli-diplomattan-skandal-eylem-bm-sarti-metnini-parcaladi\/"},"wordCount":174,"commentCount":0,"image":{"@id":"https:\/\/haberkuzey.com\/index.php\/2024\/05\/11\/israilli-diplomattan-skandal-eylem-bm-sarti-metnini-parcaladi\/#primaryimage"},"thumbnailUrl":"https:\/\/haberkuzey.com\/wp-content\/uploads\/2024\/05\/gilad-erdan-bm-reuters-2227630.jpg","inLanguage":"tr","potentialAction":[{"@type":"CommentAction","name":"Comment","target":["https:\/\/haberkuzey.com\/index.php\/2024\/05\/11\/israilli-diplomattan-skandal-eylem-bm-sarti-metnini-parcaladi\/#respond"]}]},{"@type":"WebPage","@id":"https:\/\/haberkuzey.com\/index.php\/2024\/05\/11\/israilli-diplomattan-skandal-eylem-bm-sarti-metnini-parcaladi\/","url":"https:\/\/haberkuzey.com\/index.php\/2024\/05\/11\/israilli-diplomattan-skandal-eylem-bm-sarti-metnini-parcaladi\/","name":"\u0130srailli diplomattan skandal eylem: BM \u015eart\u0131 metnini par\u00e7alad\u0131 - Haber Kuzey","isPartOf":{"@id":"https:\/\/haberkuzey.com\/#website"},"primaryImageOfPage":{"@id":"https:\/\/haberkuzey.com\/index.php\/2024\/05\/11\/israilli-diplomattan-skandal-eylem-bm-sarti-metnini-parcaladi\/#primaryimage"},"image":{"@id":"https:\/\/haberkuzey.com\/index.php\/2024\/05\/11\/israilli-diplomattan-skandal-eylem-bm-sarti-metnini-parcaladi\/#primaryimage"},"thumbnailUrl":"https:\/\/haberkuzey.com\/wp-content\/uploads\/2024\/05\/gilad-erdan-bm-reuters-2227630.jpg","datePublished":"2024-05-11T08:39:52+00:00","author":{"@id":"https:\/\/haberkuzey.com\/#\/schema\/person\/3372109ec735f9333f4fa47ebb9605ca"},"breadcrumb":{"@id":"https:\/\/haberkuzey.com\/index.php\/2024\/05\/11\/israilli-diplomattan-skandal-eylem-bm-sarti-metnini-parcaladi\/#breadcrumb"},"inLanguage":"tr","potentialAction":[{"@type":"ReadAction","target":["https:\/\/haberkuzey.com\/index.php\/2024\/05\/11\/israilli-diplomattan-skandal-eylem-bm-sarti-metnini-parcaladi\/"]}]},{"@type":"ImageObject","inLanguage":"tr","@id":"https:\/\/haberkuzey.com\/index.php\/2024\/05\/11\/israilli-diplomattan-skandal-eylem-bm-sarti-metnini-parcaladi\/#primaryimage","url":"https:\/\/haberkuzey.com\/wp-content\/uploads\/2024\/05\/gilad-erdan-bm-reuters-2227630.jpg","contentUrl":"https:\/\/haberkuzey.com\/wp-content\/uploads\/2024\/05\/gilad-erdan-bm-reuters-2227630.jpg","width":1280,"height":720},{"@type":"BreadcrumbList","@id":"https:\/\/haberkuzey.com\/index.php\/2024\/05\/11\/israilli-diplomattan-skandal-eylem-bm-sarti-metnini-parcaladi\/#breadcrumb","itemListElement":[{"@type":"ListItem","position":1,"name":"Anasayfa","item":"https:\/\/haberkuzey.com\/"},{"@type":"ListItem","position":2,"name":"\u0130srailli diplomattan skandal eylem: BM \u015eart\u0131 metnini par\u00e7alad\u0131"}]},{"@type":"WebSite","@id":"https:\/\/haberkuzey.com\/#website","url":"https:\/\/haberkuzey.com\/","name":"Haber Kuzey","description":"Do\u011fru Haberin Adresi","potentialAction":[{"@type":"SearchAction","target":{"@type":"EntryPoint","urlTemplate":"https:\/\/haberkuzey.com\/?s={search_term_string}"},"query-input":{"@type":"PropertyValueSpecification","valueRequired":true,"valueName":"search_term_string"}}],"inLanguage":"tr"},{"@type":"Person","@id":"https:\/\/haberkuzey.com\/#\/schema\/person\/3372109ec735f9333f4fa47ebb9605ca","name":"haberkuzey","image":{"@type":"ImageObject","inLanguage":"tr","@id":"https:\/\/secure.gravatar.com\/avatar\/f5fc875574b1575324358c3b9e6a32b8227aa5b74f3fa22e3cadb63e26fcc39c?s=96&d=mm&r=g","url":"https:\/\/secure.gravatar.com\/avatar\/f5fc875574b1575324358c3b9e6a32b8227aa5b74f3fa22e3cadb63e26fcc39c?s=96&d=mm&r=g","contentUrl":"https:\/\/secure.gravatar.com\/avatar\/f5fc875574b1575324358c3b9e6a32b8227aa5b74f3fa22e3cadb63e26fcc39c?s=96&d=mm&r=g","caption":"haberkuzey"},"sameAs":["https:\/\/haberkuzey.com"],"url":"https:\/\/haberkuzey.com\/index.php\/author\/haberkuzey\/"}]}},"_links":{"self":[{"href":"https:\/\/haberkuzey.com\/index.php\/wp-json\/wp\/v2\/posts\/2083","targetHints":{"allow":["GET"]}}],"collection":[{"href":"https:\/\/haberkuzey.com\/index.php\/wp-json\/wp\/v2\/posts"}],"about":[{"href":"https:\/\/haberkuzey.com\/index.php\/wp-json\/wp\/v2\/types\/post"}],"author":[{"embeddable":true,"href":"https:\/\/haberkuzey.com\/index.php\/wp-json\/wp\/v2\/users\/1"}],"replies":[{"embeddable":true,"href":"https:\/\/haberkuzey.com\/index.php\/wp-json\/wp\/v2\/comments?post=2083"}],"version-history":[{"count":0,"href":"https:\/\/haberkuzey.com\/index.php\/wp-json\/wp\/v2\/posts\/2083\/revisions"}],"wp:featuredmedia":[{"embeddable":true,"href":"https:\/\/haberkuzey.com\/index.php\/wp-json\/wp\/v2\/media\/2084"}],"wp:attachment":[{"href":"https:\/\/haberkuzey.com\/index.php\/wp-json\/wp\/v2\/media?parent=2083"}],"wp:term":[{"taxonomy":"category","embeddable":true,"href":"https:\/\/haberkuzey.com\/index.php\/wp-json\/wp\/v2\/categories?post=2083"},{"taxonomy":"post_tag","embeddable":true,"href":"https:\/\/haberkuzey.com\/index.php\/wp-json\/wp\/v2\/tags?post=2083"}],"curies":[{"name":"wp","href":"https:\/\/api.w.org\/{rel}","templated":true}]}}