{"id":20779,"date":"2025-03-25T20:43:26","date_gmt":"2025-03-25T18:43:26","guid":{"rendered":"https:\/\/haberkuzey.com\/index.php\/2025\/03\/25\/mehmet-simsek-ve-tcmb-baskani-karahan-uluslararasi-yatirimcilarin-sorularini-yanitladi\/"},"modified":"2025-03-25T20:43:26","modified_gmt":"2025-03-25T18:43:26","slug":"mehmet-simsek-ve-tcmb-baskani-karahan-uluslararasi-yatirimcilarin-sorularini-yanitladi","status":"publish","type":"post","link":"https:\/\/haberkuzey.com\/index.php\/2025\/03\/25\/mehmet-simsek-ve-tcmb-baskani-karahan-uluslararasi-yatirimcilarin-sorularini-yanitladi\/","title":{"rendered":"Mehmet \u015eim\u015fek ve TCMB Ba\u015fkan\u0131 Karahan, uluslararas\u0131 yat\u0131r\u0131mc\u0131lar\u0131n sorular\u0131n\u0131 yan\u0131tlad\u0131"},"content":{"rendered":"<div>\n<div class=\"mariselle-image-container center\">\n                                            <\/div>\n<p>\nT\u00fcrkiye Hazine ve Maliye Bakan\u0131 Mehmet \u015eim\u015fek, uluslararas\u0131 yat\u0131r\u0131mc\u0131larla yapt\u0131\u011f\u0131 toplant\u0131da, piyasalar\u0131n sa\u011fl\u0131kl\u0131 i\u015fleyi\u015fi ve etkinli\u011fi i\u00e7in t\u00fcm ad\u0131mlar\u0131n en k\u0131sa s\u00fcrede at\u0131ld\u0131\u011f\u0131n\u0131, son geli\u015fmelerin ekonomi \u00fczerindeki etkilerinin ge\u00e7ici ve s\u0131n\u0131rl\u0131 olmas\u0131n\u0131 bekledi\u011fini belirterek, gelecek d\u00f6nemde ihtiya\u00e7 halinde gereken ad\u0131mlar\u0131n at\u0131laca\u011f\u0131n\u0131 bildirdi.<\/p>\n<p>TC Hazine ve Maliye Bakanl\u0131\u011f\u0131ndan yap\u0131lan yaz\u0131l\u0131 a\u00e7\u0131klamada, Bakan Mehmet \u015eim\u015fek ve Merkez Bankas\u0131 Ba\u015fkan\u0131 Fatih Karahan\u2019\u0131n, uluslararas\u0131 yat\u0131r\u0131mc\u0131larla geni\u015f kat\u0131l\u0131ml\u0131 videokonferans ger\u00e7ekle\u015ftirdi\u011fi ve g\u00fcncel geli\u015fmelere ili\u015fkin yat\u0131r\u0131mc\u0131lar\u0131n sorular\u0131n\u0131 yan\u0131tlad\u0131\u011f\u0131 belirtildi.<\/p>\n<p>A\u00e7\u0131klamada, 1 saat s\u00fcren toplant\u0131ya Kuzey Amerika, Birle\u015fik Krall\u0131k, di\u011fer Avrupa \u00fclkeleri ve Orta Do\u011fu\u2019dan yakla\u015f\u0131k 4 bin 500 yat\u0131r\u0131mc\u0131n\u0131n yo\u011fun ilgi g\u00f6sterdi\u011fi ifade edildi.<\/p>\n<p>\u015eim\u015fek\u2019in piyasalar\u0131n sa\u011fl\u0131kl\u0131 i\u015fleyi\u015fi ve etkinli\u011fi i\u00e7in ilk g\u00fcnden itibaren gereken t\u00fcm ad\u0131mlar\u0131n en k\u0131sa s\u00fcrede at\u0131ld\u0131\u011f\u0131n\u0131 belirtti\u011fi aktar\u0131lan a\u00e7\u0131klamada, \u015funlar kaydedildi:<\/p>\n<p>\u201cB\u00f6ylece piyasalardaki oynakl\u0131\u011f\u0131n \u00f6nemli \u00f6l\u00e7\u00fcde azald\u0131\u011f\u0131n\u0131, son geli\u015fmelerin ekonomi \u00fczerindeki etkilerinin ge\u00e7ici ve s\u0131n\u0131rl\u0131 olmas\u0131n\u0131 bekledi\u011fini ifade etmi\u015ftir. \u00d6n\u00fcm\u00fczdeki d\u00f6nemde ihtiya\u00e7 halinde gereken ad\u0131mlar\u0131n at\u0131laca\u011f\u0131n\u0131 da vurgulam\u0131\u015ft\u0131r. Uygulanan programla birlikte T\u00fcrkiye ekonomisinin dayan\u0131kl\u0131l\u0131\u011f\u0131n\u0131n artt\u0131\u011f\u0131n\u0131, enflasyonun d\u00fc\u015f\u00fc\u015f e\u011filiminde oldu\u011funu, cari i\u015flemler a\u00e7\u0131\u011f\u0131n\u0131n s\u00fcrd\u00fcr\u00fclebilir seviyelere geriledi\u011fini ve mali disiplinin g\u00fc\u00e7lendi\u011fini vurgulam\u0131\u015ft\u0131r. Program\u0131n ana hedefi olan fiyat istikrar\u0131n\u0131n tesis edilmesine ve yap\u0131sal d\u00f6n\u00fc\u015f\u00fcm\u00fcn sa\u011flanmas\u0131na y\u00f6nelik politikalara kararl\u0131l\u0131kla devam edilece\u011fini belirtmi\u015ftir.\u201d<\/p>\n<\/p><\/div>\n<p><script async\n                    defer\n                    crossorigin=\"anonymous\"\n                    src=\"https:\/\/connect.facebook.net\/tr_TR\/sdk.js#xfbml=1&#038;version=v3.3\"\n            ><\/script><\/p>\n","protected":false},"excerpt":{"rendered":"<p>T\u00fcrkiye Hazine ve Maliye Bakan\u0131 Mehmet \u015eim\u015fek, uluslararas\u0131 yat\u0131r\u0131mc\u0131larla yapt\u0131\u011f\u0131 toplant\u0131da, piyasalar\u0131n sa\u011fl\u0131kl\u0131 i\u015fleyi\u015fi ve etkinli\u011fi i\u00e7in t\u00fcm ad\u0131mlar\u0131n en k\u0131sa s\u00fcrede at\u0131ld\u0131\u011f\u0131n\u0131, son geli\u015fmelerin ekonomi \u00fczerindeki etkilerinin ge\u00e7ici ve s\u0131n\u0131rl\u0131 olmas\u0131n\u0131 bekledi\u011fini belirterek, gelecek d\u00f6nemde ihtiya\u00e7 halinde gereken ad\u0131mlar\u0131n at\u0131laca\u011f\u0131n\u0131 bildirdi. TC Hazine ve Maliye Bakanl\u0131\u011f\u0131ndan yap\u0131lan yaz\u0131l\u0131 a\u00e7\u0131klamada, Bakan Mehmet \u015eim\u015fek ve Merkez [&hellip;]<\/p>\n","protected":false},"author":1,"featured_media":20780,"comment_status":"open","ping_status":"open","sticky":false,"template":"","format":"standard","meta":{"jnews-multi-image_gallery":[],"jnews_single_post":[],"jnews_primary_category":[],"footnotes":""},"categories":[2],"tags":[],"class_list":["post-20779","post","type-post","status-publish","format-standard","has-post-thumbnail","hentry","category-dunya"],"yoast_head":"<!-- This site is optimized with the Yoast SEO plugin v27.5 - https:\/\/yoast.com\/product\/yoast-seo-wordpress\/ -->\n<title>Mehmet \u015eim\u015fek ve TCMB Ba\u015fkan\u0131 Karahan, uluslararas\u0131 yat\u0131r\u0131mc\u0131lar\u0131n sorular\u0131n\u0131 yan\u0131tlad\u0131 - Haber Kuzey<\/title>\n<meta name=\"robots\" content=\"index, follow, max-snippet:-1, max-image-preview:large, max-video-preview:-1\" \/>\n<link rel=\"canonical\" href=\"https:\/\/haberkuzey.com\/index.php\/2025\/03\/25\/mehmet-simsek-ve-tcmb-baskani-karahan-uluslararasi-yatirimcilarin-sorularini-yanitladi\/\" \/>\n<meta property=\"og:locale\" content=\"tr_TR\" \/>\n<meta property=\"og:type\" content=\"article\" \/>\n<meta property=\"og:title\" content=\"Mehmet \u015eim\u015fek ve TCMB Ba\u015fkan\u0131 Karahan, uluslararas\u0131 yat\u0131r\u0131mc\u0131lar\u0131n sorular\u0131n\u0131 yan\u0131tlad\u0131 - Haber Kuzey\" \/>\n<meta property=\"og:description\" content=\"T\u00fcrkiye Hazine ve Maliye Bakan\u0131 Mehmet \u015eim\u015fek, uluslararas\u0131 yat\u0131r\u0131mc\u0131larla yapt\u0131\u011f\u0131 toplant\u0131da, piyasalar\u0131n sa\u011fl\u0131kl\u0131 i\u015fleyi\u015fi ve etkinli\u011fi i\u00e7in t\u00fcm ad\u0131mlar\u0131n en k\u0131sa s\u00fcrede at\u0131ld\u0131\u011f\u0131n\u0131, son geli\u015fmelerin ekonomi \u00fczerindeki etkilerinin ge\u00e7ici ve s\u0131n\u0131rl\u0131 olmas\u0131n\u0131 bekledi\u011fini belirterek, gelecek d\u00f6nemde ihtiya\u00e7 halinde gereken ad\u0131mlar\u0131n at\u0131laca\u011f\u0131n\u0131 bildirdi. TC Hazine ve Maliye Bakanl\u0131\u011f\u0131ndan yap\u0131lan yaz\u0131l\u0131 a\u00e7\u0131klamada, Bakan Mehmet \u015eim\u015fek ve Merkez [&hellip;]\" \/>\n<meta property=\"og:url\" content=\"https:\/\/haberkuzey.com\/index.php\/2025\/03\/25\/mehmet-simsek-ve-tcmb-baskani-karahan-uluslararasi-yatirimcilarin-sorularini-yanitladi\/\" \/>\n<meta property=\"og:site_name\" content=\"Haber Kuzey\" \/>\n<meta property=\"article:published_time\" content=\"2025-03-25T18:43:26+00:00\" \/>\n<meta property=\"og:image\" content=\"https:\/\/brtk.net\/wp-content\/uploads\/2025\/03\/25\/1742920780511thumbs_b_c_2021c759f9e9dca486d8784f211bc39a.jpg?ver=a850cdf01bce616f98363df186145cce\" \/>\n<meta name=\"author\" content=\"haberkuzey\" \/>\n<meta name=\"twitter:card\" content=\"summary_large_image\" \/>\n<meta name=\"twitter:label1\" content=\"Yazan:\" \/>\n\t<meta name=\"twitter:data1\" content=\"haberkuzey\" \/>\n\t<meta name=\"twitter:label2\" content=\"Tahmini okuma s\u00fcresi\" \/>\n\t<meta name=\"twitter:data2\" content=\"2 dakika\" \/>\n<script type=\"application\/ld+json\" class=\"yoast-schema-graph\">{\"@context\":\"https:\\\/\\\/schema.org\",\"@graph\":[{\"@type\":\"Article\",\"@id\":\"https:\\\/\\\/haberkuzey.com\\\/index.php\\\/2025\\\/03\\\/25\\\/mehmet-simsek-ve-tcmb-baskani-karahan-uluslararasi-yatirimcilarin-sorularini-yanitladi\\\/#article\",\"isPartOf\":{\"@id\":\"https:\\\/\\\/haberkuzey.com\\\/index.php\\\/2025\\\/03\\\/25\\\/mehmet-simsek-ve-tcmb-baskani-karahan-uluslararasi-yatirimcilarin-sorularini-yanitladi\\\/\"},\"author\":{\"name\":\"haberkuzey\",\"@id\":\"https:\\\/\\\/haberkuzey.com\\\/#\\\/schema\\\/person\\\/3372109ec735f9333f4fa47ebb9605ca\"},\"headline\":\"Mehmet \u015eim\u015fek ve TCMB Ba\u015fkan\u0131 Karahan, uluslararas\u0131 yat\u0131r\u0131mc\u0131lar\u0131n sorular\u0131n\u0131 yan\u0131tlad\u0131\",\"datePublished\":\"2025-03-25T18:43:26+00:00\",\"mainEntityOfPage\":{\"@id\":\"https:\\\/\\\/haberkuzey.com\\\/index.php\\\/2025\\\/03\\\/25\\\/mehmet-simsek-ve-tcmb-baskani-karahan-uluslararasi-yatirimcilarin-sorularini-yanitladi\\\/\"},\"wordCount\":346,\"commentCount\":0,\"image\":{\"@id\":\"https:\\\/\\\/haberkuzey.com\\\/index.php\\\/2025\\\/03\\\/25\\\/mehmet-simsek-ve-tcmb-baskani-karahan-uluslararasi-yatirimcilarin-sorularini-yanitladi\\\/#primaryimage\"},\"thumbnailUrl\":\"https:\\\/\\\/haberkuzey.com\\\/wp-content\\\/uploads\\\/2025\\\/03\\\/1742920780511thumbs_b_c_2021c759f9e9dca486d8784f211bc39a.jpg\",\"articleSection\":[\"D\u00fcnya\"],\"inLanguage\":\"tr\",\"potentialAction\":[{\"@type\":\"CommentAction\",\"name\":\"Comment\",\"target\":[\"https:\\\/\\\/haberkuzey.com\\\/index.php\\\/2025\\\/03\\\/25\\\/mehmet-simsek-ve-tcmb-baskani-karahan-uluslararasi-yatirimcilarin-sorularini-yanitladi\\\/#respond\"]}]},{\"@type\":\"WebPage\",\"@id\":\"https:\\\/\\\/haberkuzey.com\\\/index.php\\\/2025\\\/03\\\/25\\\/mehmet-simsek-ve-tcmb-baskani-karahan-uluslararasi-yatirimcilarin-sorularini-yanitladi\\\/\",\"url\":\"https:\\\/\\\/haberkuzey.com\\\/index.php\\\/2025\\\/03\\\/25\\\/mehmet-simsek-ve-tcmb-baskani-karahan-uluslararasi-yatirimcilarin-sorularini-yanitladi\\\/\",\"name\":\"Mehmet \u015eim\u015fek ve TCMB Ba\u015fkan\u0131 Karahan, uluslararas\u0131 yat\u0131r\u0131mc\u0131lar\u0131n sorular\u0131n\u0131 yan\u0131tlad\u0131 - Haber Kuzey\",\"isPartOf\":{\"@id\":\"https:\\\/\\\/haberkuzey.com\\\/#website\"},\"primaryImageOfPage\":{\"@id\":\"https:\\\/\\\/haberkuzey.com\\\/index.php\\\/2025\\\/03\\\/25\\\/mehmet-simsek-ve-tcmb-baskani-karahan-uluslararasi-yatirimcilarin-sorularini-yanitladi\\\/#primaryimage\"},\"image\":{\"@id\":\"https:\\\/\\\/haberkuzey.com\\\/index.php\\\/2025\\\/03\\\/25\\\/mehmet-simsek-ve-tcmb-baskani-karahan-uluslararasi-yatirimcilarin-sorularini-yanitladi\\\/#primaryimage\"},\"thumbnailUrl\":\"https:\\\/\\\/haberkuzey.com\\\/wp-content\\\/uploads\\\/2025\\\/03\\\/1742920780511thumbs_b_c_2021c759f9e9dca486d8784f211bc39a.jpg\",\"datePublished\":\"2025-03-25T18:43:26+00:00\",\"author\":{\"@id\":\"https:\\\/\\\/haberkuzey.com\\\/#\\\/schema\\\/person\\\/3372109ec735f9333f4fa47ebb9605ca\"},\"breadcrumb\":{\"@id\":\"https:\\\/\\\/haberkuzey.com\\\/index.php\\\/2025\\\/03\\\/25\\\/mehmet-simsek-ve-tcmb-baskani-karahan-uluslararasi-yatirimcilarin-sorularini-yanitladi\\\/#breadcrumb\"},\"inLanguage\":\"tr\",\"potentialAction\":[{\"@type\":\"ReadAction\",\"target\":[\"https:\\\/\\\/haberkuzey.com\\\/index.php\\\/2025\\\/03\\\/25\\\/mehmet-simsek-ve-tcmb-baskani-karahan-uluslararasi-yatirimcilarin-sorularini-yanitladi\\\/\"]}]},{\"@type\":\"ImageObject\",\"inLanguage\":\"tr\",\"@id\":\"https:\\\/\\\/haberkuzey.com\\\/index.php\\\/2025\\\/03\\\/25\\\/mehmet-simsek-ve-tcmb-baskani-karahan-uluslararasi-yatirimcilarin-sorularini-yanitladi\\\/#primaryimage\",\"url\":\"https:\\\/\\\/haberkuzey.com\\\/wp-content\\\/uploads\\\/2025\\\/03\\\/1742920780511thumbs_b_c_2021c759f9e9dca486d8784f211bc39a.jpg\",\"contentUrl\":\"https:\\\/\\\/haberkuzey.com\\\/wp-content\\\/uploads\\\/2025\\\/03\\\/1742920780511thumbs_b_c_2021c759f9e9dca486d8784f211bc39a.jpg\",\"width\":864,\"height\":486},{\"@type\":\"BreadcrumbList\",\"@id\":\"https:\\\/\\\/haberkuzey.com\\\/index.php\\\/2025\\\/03\\\/25\\\/mehmet-simsek-ve-tcmb-baskani-karahan-uluslararasi-yatirimcilarin-sorularini-yanitladi\\\/#breadcrumb\",\"itemListElement\":[{\"@type\":\"ListItem\",\"position\":1,\"name\":\"Anasayfa\",\"item\":\"https:\\\/\\\/haberkuzey.com\\\/\"},{\"@type\":\"ListItem\",\"position\":2,\"name\":\"Mehmet \u015eim\u015fek ve TCMB Ba\u015fkan\u0131 Karahan, uluslararas\u0131 yat\u0131r\u0131mc\u0131lar\u0131n sorular\u0131n\u0131 yan\u0131tlad\u0131\"}]},{\"@type\":\"WebSite\",\"@id\":\"https:\\\/\\\/haberkuzey.com\\\/#website\",\"url\":\"https:\\\/\\\/haberkuzey.com\\\/\",\"name\":\"Haber Kuzey\",\"description\":\"Do\u011fru Haberin Adresi\",\"potentialAction\":[{\"@type\":\"SearchAction\",\"target\":{\"@type\":\"EntryPoint\",\"urlTemplate\":\"https:\\\/\\\/haberkuzey.com\\\/?s={search_term_string}\"},\"query-input\":{\"@type\":\"PropertyValueSpecification\",\"valueRequired\":true,\"valueName\":\"search_term_string\"}}],\"inLanguage\":\"tr\"},{\"@type\":\"Person\",\"@id\":\"https:\\\/\\\/haberkuzey.com\\\/#\\\/schema\\\/person\\\/3372109ec735f9333f4fa47ebb9605ca\",\"name\":\"haberkuzey\",\"image\":{\"@type\":\"ImageObject\",\"inLanguage\":\"tr\",\"@id\":\"https:\\\/\\\/secure.gravatar.com\\\/avatar\\\/f5fc875574b1575324358c3b9e6a32b8227aa5b74f3fa22e3cadb63e26fcc39c?s=96&d=mm&r=g\",\"url\":\"https:\\\/\\\/secure.gravatar.com\\\/avatar\\\/f5fc875574b1575324358c3b9e6a32b8227aa5b74f3fa22e3cadb63e26fcc39c?s=96&d=mm&r=g\",\"contentUrl\":\"https:\\\/\\\/secure.gravatar.com\\\/avatar\\\/f5fc875574b1575324358c3b9e6a32b8227aa5b74f3fa22e3cadb63e26fcc39c?s=96&d=mm&r=g\",\"caption\":\"haberkuzey\"},\"sameAs\":[\"https:\\\/\\\/haberkuzey.com\"],\"url\":\"https:\\\/\\\/haberkuzey.com\\\/index.php\\\/author\\\/haberkuzey\\\/\"}]}<\/script>\n<!-- \/ Yoast SEO plugin. -->","yoast_head_json":{"title":"Mehmet \u015eim\u015fek ve TCMB Ba\u015fkan\u0131 Karahan, uluslararas\u0131 yat\u0131r\u0131mc\u0131lar\u0131n sorular\u0131n\u0131 yan\u0131tlad\u0131 - Haber Kuzey","robots":{"index":"index","follow":"follow","max-snippet":"max-snippet:-1","max-image-preview":"max-image-preview:large","max-video-preview":"max-video-preview:-1"},"canonical":"https:\/\/haberkuzey.com\/index.php\/2025\/03\/25\/mehmet-simsek-ve-tcmb-baskani-karahan-uluslararasi-yatirimcilarin-sorularini-yanitladi\/","og_locale":"tr_TR","og_type":"article","og_title":"Mehmet \u015eim\u015fek ve TCMB Ba\u015fkan\u0131 Karahan, uluslararas\u0131 yat\u0131r\u0131mc\u0131lar\u0131n sorular\u0131n\u0131 yan\u0131tlad\u0131 - Haber Kuzey","og_description":"T\u00fcrkiye Hazine ve Maliye Bakan\u0131 Mehmet \u015eim\u015fek, uluslararas\u0131 yat\u0131r\u0131mc\u0131larla yapt\u0131\u011f\u0131 toplant\u0131da, piyasalar\u0131n sa\u011fl\u0131kl\u0131 i\u015fleyi\u015fi ve etkinli\u011fi i\u00e7in t\u00fcm ad\u0131mlar\u0131n en k\u0131sa s\u00fcrede at\u0131ld\u0131\u011f\u0131n\u0131, son geli\u015fmelerin ekonomi \u00fczerindeki etkilerinin ge\u00e7ici ve s\u0131n\u0131rl\u0131 olmas\u0131n\u0131 bekledi\u011fini belirterek, gelecek d\u00f6nemde ihtiya\u00e7 halinde gereken ad\u0131mlar\u0131n at\u0131laca\u011f\u0131n\u0131 bildirdi. TC Hazine ve Maliye Bakanl\u0131\u011f\u0131ndan yap\u0131lan yaz\u0131l\u0131 a\u00e7\u0131klamada, Bakan Mehmet \u015eim\u015fek ve Merkez [&hellip;]","og_url":"https:\/\/haberkuzey.com\/index.php\/2025\/03\/25\/mehmet-simsek-ve-tcmb-baskani-karahan-uluslararasi-yatirimcilarin-sorularini-yanitladi\/","og_site_name":"Haber Kuzey","article_published_time":"2025-03-25T18:43:26+00:00","og_image":[{"url":"https:\/\/brtk.net\/wp-content\/uploads\/2025\/03\/25\/1742920780511thumbs_b_c_2021c759f9e9dca486d8784f211bc39a.jpg?ver=a850cdf01bce616f98363df186145cce","type":"","width":"","height":""}],"author":"haberkuzey","twitter_card":"summary_large_image","twitter_misc":{"Yazan:":"haberkuzey","Tahmini okuma s\u00fcresi":"2 dakika"},"schema":{"@context":"https:\/\/schema.org","@graph":[{"@type":"Article","@id":"https:\/\/haberkuzey.com\/index.php\/2025\/03\/25\/mehmet-simsek-ve-tcmb-baskani-karahan-uluslararasi-yatirimcilarin-sorularini-yanitladi\/#article","isPartOf":{"@id":"https:\/\/haberkuzey.com\/index.php\/2025\/03\/25\/mehmet-simsek-ve-tcmb-baskani-karahan-uluslararasi-yatirimcilarin-sorularini-yanitladi\/"},"author":{"name":"haberkuzey","@id":"https:\/\/haberkuzey.com\/#\/schema\/person\/3372109ec735f9333f4fa47ebb9605ca"},"headline":"Mehmet \u015eim\u015fek ve TCMB Ba\u015fkan\u0131 Karahan, uluslararas\u0131 yat\u0131r\u0131mc\u0131lar\u0131n sorular\u0131n\u0131 yan\u0131tlad\u0131","datePublished":"2025-03-25T18:43:26+00:00","mainEntityOfPage":{"@id":"https:\/\/haberkuzey.com\/index.php\/2025\/03\/25\/mehmet-simsek-ve-tcmb-baskani-karahan-uluslararasi-yatirimcilarin-sorularini-yanitladi\/"},"wordCount":346,"commentCount":0,"image":{"@id":"https:\/\/haberkuzey.com\/index.php\/2025\/03\/25\/mehmet-simsek-ve-tcmb-baskani-karahan-uluslararasi-yatirimcilarin-sorularini-yanitladi\/#primaryimage"},"thumbnailUrl":"https:\/\/haberkuzey.com\/wp-content\/uploads\/2025\/03\/1742920780511thumbs_b_c_2021c759f9e9dca486d8784f211bc39a.jpg","articleSection":["D\u00fcnya"],"inLanguage":"tr","potentialAction":[{"@type":"CommentAction","name":"Comment","target":["https:\/\/haberkuzey.com\/index.php\/2025\/03\/25\/mehmet-simsek-ve-tcmb-baskani-karahan-uluslararasi-yatirimcilarin-sorularini-yanitladi\/#respond"]}]},{"@type":"WebPage","@id":"https:\/\/haberkuzey.com\/index.php\/2025\/03\/25\/mehmet-simsek-ve-tcmb-baskani-karahan-uluslararasi-yatirimcilarin-sorularini-yanitladi\/","url":"https:\/\/haberkuzey.com\/index.php\/2025\/03\/25\/mehmet-simsek-ve-tcmb-baskani-karahan-uluslararasi-yatirimcilarin-sorularini-yanitladi\/","name":"Mehmet \u015eim\u015fek ve TCMB Ba\u015fkan\u0131 Karahan, uluslararas\u0131 yat\u0131r\u0131mc\u0131lar\u0131n sorular\u0131n\u0131 yan\u0131tlad\u0131 - Haber Kuzey","isPartOf":{"@id":"https:\/\/haberkuzey.com\/#website"},"primaryImageOfPage":{"@id":"https:\/\/haberkuzey.com\/index.php\/2025\/03\/25\/mehmet-simsek-ve-tcmb-baskani-karahan-uluslararasi-yatirimcilarin-sorularini-yanitladi\/#primaryimage"},"image":{"@id":"https:\/\/haberkuzey.com\/index.php\/2025\/03\/25\/mehmet-simsek-ve-tcmb-baskani-karahan-uluslararasi-yatirimcilarin-sorularini-yanitladi\/#primaryimage"},"thumbnailUrl":"https:\/\/haberkuzey.com\/wp-content\/uploads\/2025\/03\/1742920780511thumbs_b_c_2021c759f9e9dca486d8784f211bc39a.jpg","datePublished":"2025-03-25T18:43:26+00:00","author":{"@id":"https:\/\/haberkuzey.com\/#\/schema\/person\/3372109ec735f9333f4fa47ebb9605ca"},"breadcrumb":{"@id":"https:\/\/haberkuzey.com\/index.php\/2025\/03\/25\/mehmet-simsek-ve-tcmb-baskani-karahan-uluslararasi-yatirimcilarin-sorularini-yanitladi\/#breadcrumb"},"inLanguage":"tr","potentialAction":[{"@type":"ReadAction","target":["https:\/\/haberkuzey.com\/index.php\/2025\/03\/25\/mehmet-simsek-ve-tcmb-baskani-karahan-uluslararasi-yatirimcilarin-sorularini-yanitladi\/"]}]},{"@type":"ImageObject","inLanguage":"tr","@id":"https:\/\/haberkuzey.com\/index.php\/2025\/03\/25\/mehmet-simsek-ve-tcmb-baskani-karahan-uluslararasi-yatirimcilarin-sorularini-yanitladi\/#primaryimage","url":"https:\/\/haberkuzey.com\/wp-content\/uploads\/2025\/03\/1742920780511thumbs_b_c_2021c759f9e9dca486d8784f211bc39a.jpg","contentUrl":"https:\/\/haberkuzey.com\/wp-content\/uploads\/2025\/03\/1742920780511thumbs_b_c_2021c759f9e9dca486d8784f211bc39a.jpg","width":864,"height":486},{"@type":"BreadcrumbList","@id":"https:\/\/haberkuzey.com\/index.php\/2025\/03\/25\/mehmet-simsek-ve-tcmb-baskani-karahan-uluslararasi-yatirimcilarin-sorularini-yanitladi\/#breadcrumb","itemListElement":[{"@type":"ListItem","position":1,"name":"Anasayfa","item":"https:\/\/haberkuzey.com\/"},{"@type":"ListItem","position":2,"name":"Mehmet \u015eim\u015fek ve TCMB Ba\u015fkan\u0131 Karahan, uluslararas\u0131 yat\u0131r\u0131mc\u0131lar\u0131n sorular\u0131n\u0131 yan\u0131tlad\u0131"}]},{"@type":"WebSite","@id":"https:\/\/haberkuzey.com\/#website","url":"https:\/\/haberkuzey.com\/","name":"Haber Kuzey","description":"Do\u011fru Haberin Adresi","potentialAction":[{"@type":"SearchAction","target":{"@type":"EntryPoint","urlTemplate":"https:\/\/haberkuzey.com\/?s={search_term_string}"},"query-input":{"@type":"PropertyValueSpecification","valueRequired":true,"valueName":"search_term_string"}}],"inLanguage":"tr"},{"@type":"Person","@id":"https:\/\/haberkuzey.com\/#\/schema\/person\/3372109ec735f9333f4fa47ebb9605ca","name":"haberkuzey","image":{"@type":"ImageObject","inLanguage":"tr","@id":"https:\/\/secure.gravatar.com\/avatar\/f5fc875574b1575324358c3b9e6a32b8227aa5b74f3fa22e3cadb63e26fcc39c?s=96&d=mm&r=g","url":"https:\/\/secure.gravatar.com\/avatar\/f5fc875574b1575324358c3b9e6a32b8227aa5b74f3fa22e3cadb63e26fcc39c?s=96&d=mm&r=g","contentUrl":"https:\/\/secure.gravatar.com\/avatar\/f5fc875574b1575324358c3b9e6a32b8227aa5b74f3fa22e3cadb63e26fcc39c?s=96&d=mm&r=g","caption":"haberkuzey"},"sameAs":["https:\/\/haberkuzey.com"],"url":"https:\/\/haberkuzey.com\/index.php\/author\/haberkuzey\/"}]}},"_links":{"self":[{"href":"https:\/\/haberkuzey.com\/index.php\/wp-json\/wp\/v2\/posts\/20779","targetHints":{"allow":["GET"]}}],"collection":[{"href":"https:\/\/haberkuzey.com\/index.php\/wp-json\/wp\/v2\/posts"}],"about":[{"href":"https:\/\/haberkuzey.com\/index.php\/wp-json\/wp\/v2\/types\/post"}],"author":[{"embeddable":true,"href":"https:\/\/haberkuzey.com\/index.php\/wp-json\/wp\/v2\/users\/1"}],"replies":[{"embeddable":true,"href":"https:\/\/haberkuzey.com\/index.php\/wp-json\/wp\/v2\/comments?post=20779"}],"version-history":[{"count":0,"href":"https:\/\/haberkuzey.com\/index.php\/wp-json\/wp\/v2\/posts\/20779\/revisions"}],"wp:featuredmedia":[{"embeddable":true,"href":"https:\/\/haberkuzey.com\/index.php\/wp-json\/wp\/v2\/media\/20780"}],"wp:attachment":[{"href":"https:\/\/haberkuzey.com\/index.php\/wp-json\/wp\/v2\/media?parent=20779"}],"wp:term":[{"taxonomy":"category","embeddable":true,"href":"https:\/\/haberkuzey.com\/index.php\/wp-json\/wp\/v2\/categories?post=20779"},{"taxonomy":"post_tag","embeddable":true,"href":"https:\/\/haberkuzey.com\/index.php\/wp-json\/wp\/v2\/tags?post=20779"}],"curies":[{"name":"wp","href":"https:\/\/api.w.org\/{rel}","templated":true}]}}