{"id":20749,"date":"2025-03-25T16:05:37","date_gmt":"2025-03-25T14:05:37","guid":{"rendered":"https:\/\/haberkuzey.com\/index.php\/2025\/03\/25\/ankarada-bazi-otobus-ve-metro-duraklari-kapatildi\/"},"modified":"2025-03-25T16:05:37","modified_gmt":"2025-03-25T14:05:37","slug":"ankarada-bazi-otobus-ve-metro-duraklari-kapatildi","status":"publish","type":"post","link":"https:\/\/haberkuzey.com\/index.php\/2025\/03\/25\/ankarada-bazi-otobus-ve-metro-duraklari-kapatildi\/","title":{"rendered":"Ankara\u2019da baz\u0131 otob\u00fcs ve metro duraklar\u0131 kapat\u0131ld\u0131"},"content":{"rendered":"<div>\n<div class=\"mariselle-image-container center\">\n                                            <\/div>\n<p>EGO Genel M\u00fcd\u00fcrl\u00fc\u011f\u00fc, baz\u0131 metro ve otob\u00fcs duraklar\u0131n\u0131n kullan\u0131lmayaca\u011f\u0131n\u0131 bildirdi.<\/p>\n<p>Genel M\u00fcd\u00fcrl\u00fc\u011f\u00fcn sosyal medya hesab\u0131ndan payla\u015f\u0131lan a\u00e7\u0131klamaya g\u00f6re, Ankara Valili\u011finin ald\u0131\u011f\u0131 karar gere\u011fince saat 19.00\u2019dan itibaren K\u0131z\u0131lay, ODT\u00dc ve S\u00f6\u011f\u00fct\u00f6z\u00fc metro duraklar\u0131 ile K\u0131z\u0131lay Ankaray dura\u011f\u0131nda yolcu ini\u015f ve bini\u015fleri yap\u0131lmayacak.<\/p>\n<p>Saat 19.00\u2019dan itibaren ODT\u00dc \u00f6n\u00fcndeki duraklar\u0131 kullanan otob\u00fcsler yolcu indirip bindiremeyecek ve ODT\u00dc kamp\u00fcs\u00fc i\u00e7erisinde otob\u00fcs ring seferleri de hizmet vermeyecek.<\/p>\n<\/p><\/div>\n<p><script async\n                    defer\n                    crossorigin=\"anonymous\"\n                    src=\"https:\/\/connect.facebook.net\/tr_TR\/sdk.js#xfbml=1&#038;version=v3.3\"\n            ><\/script><\/p>\n","protected":false},"excerpt":{"rendered":"<p>EGO Genel M\u00fcd\u00fcrl\u00fc\u011f\u00fc, baz\u0131 metro ve otob\u00fcs duraklar\u0131n\u0131n kullan\u0131lmayaca\u011f\u0131n\u0131 bildirdi. Genel M\u00fcd\u00fcrl\u00fc\u011f\u00fcn sosyal medya hesab\u0131ndan payla\u015f\u0131lan a\u00e7\u0131klamaya g\u00f6re, Ankara Valili\u011finin ald\u0131\u011f\u0131 karar gere\u011fince saat 19.00\u2019dan itibaren K\u0131z\u0131lay, ODT\u00dc ve S\u00f6\u011f\u00fct\u00f6z\u00fc metro duraklar\u0131 ile K\u0131z\u0131lay Ankaray dura\u011f\u0131nda yolcu ini\u015f ve bini\u015fleri yap\u0131lmayacak. Saat 19.00\u2019dan itibaren ODT\u00dc \u00f6n\u00fcndeki duraklar\u0131 kullanan otob\u00fcsler yolcu indirip bindiremeyecek ve ODT\u00dc kamp\u00fcs\u00fc [&hellip;]<\/p>\n","protected":false},"author":1,"featured_media":20750,"comment_status":"open","ping_status":"open","sticky":false,"template":"","format":"standard","meta":{"jnews-multi-image_gallery":[],"jnews_single_post":[],"jnews_primary_category":[],"footnotes":""},"categories":[2],"tags":[],"class_list":["post-20749","post","type-post","status-publish","format-standard","has-post-thumbnail","hentry","category-dunya"],"yoast_head":"<!-- This site is optimized with the Yoast SEO plugin v27.5 - https:\/\/yoast.com\/product\/yoast-seo-wordpress\/ -->\n<title>Ankara\u2019da baz\u0131 otob\u00fcs ve metro duraklar\u0131 kapat\u0131ld\u0131 - Haber Kuzey<\/title>\n<meta name=\"robots\" content=\"index, follow, max-snippet:-1, max-image-preview:large, max-video-preview:-1\" \/>\n<link rel=\"canonical\" href=\"https:\/\/haberkuzey.com\/index.php\/2025\/03\/25\/ankarada-bazi-otobus-ve-metro-duraklari-kapatildi\/\" \/>\n<meta property=\"og:locale\" content=\"tr_TR\" \/>\n<meta property=\"og:type\" content=\"article\" \/>\n<meta property=\"og:title\" content=\"Ankara\u2019da baz\u0131 otob\u00fcs ve metro duraklar\u0131 kapat\u0131ld\u0131 - Haber Kuzey\" \/>\n<meta property=\"og:description\" content=\"EGO Genel M\u00fcd\u00fcrl\u00fc\u011f\u00fc, baz\u0131 metro ve otob\u00fcs duraklar\u0131n\u0131n kullan\u0131lmayaca\u011f\u0131n\u0131 bildirdi. Genel M\u00fcd\u00fcrl\u00fc\u011f\u00fcn sosyal medya hesab\u0131ndan payla\u015f\u0131lan a\u00e7\u0131klamaya g\u00f6re, Ankara Valili\u011finin ald\u0131\u011f\u0131 karar gere\u011fince saat 19.00\u2019dan itibaren K\u0131z\u0131lay, ODT\u00dc ve S\u00f6\u011f\u00fct\u00f6z\u00fc metro duraklar\u0131 ile K\u0131z\u0131lay Ankaray dura\u011f\u0131nda yolcu ini\u015f ve bini\u015fleri yap\u0131lmayacak. Saat 19.00\u2019dan itibaren ODT\u00dc \u00f6n\u00fcndeki duraklar\u0131 kullanan otob\u00fcsler yolcu indirip bindiremeyecek ve ODT\u00dc kamp\u00fcs\u00fc [&hellip;]\" \/>\n<meta property=\"og:url\" content=\"https:\/\/haberkuzey.com\/index.php\/2025\/03\/25\/ankarada-bazi-otobus-ve-metro-duraklari-kapatildi\/\" \/>\n<meta property=\"og:site_name\" content=\"Haber Kuzey\" \/>\n<meta property=\"article:published_time\" content=\"2025-03-25T14:05:37+00:00\" \/>\n<meta property=\"og:image\" content=\"https:\/\/brtk.net\/wp-content\/uploads\/2025\/03\/25\/thumbs_b_c_bdd235505f08a1aa18e06970bb28295b.jpg?ver=d4b1d640916feb166a1fa641f5d59443\" \/>\n<meta name=\"author\" content=\"haberkuzey\" \/>\n<meta name=\"twitter:card\" content=\"summary_large_image\" \/>\n<meta name=\"twitter:label1\" content=\"Yazan:\" \/>\n\t<meta name=\"twitter:data1\" content=\"haberkuzey\" \/>\n<script type=\"application\/ld+json\" class=\"yoast-schema-graph\">{\"@context\":\"https:\\\/\\\/schema.org\",\"@graph\":[{\"@type\":\"Article\",\"@id\":\"https:\\\/\\\/haberkuzey.com\\\/index.php\\\/2025\\\/03\\\/25\\\/ankarada-bazi-otobus-ve-metro-duraklari-kapatildi\\\/#article\",\"isPartOf\":{\"@id\":\"https:\\\/\\\/haberkuzey.com\\\/index.php\\\/2025\\\/03\\\/25\\\/ankarada-bazi-otobus-ve-metro-duraklari-kapatildi\\\/\"},\"author\":{\"name\":\"haberkuzey\",\"@id\":\"https:\\\/\\\/haberkuzey.com\\\/#\\\/schema\\\/person\\\/3372109ec735f9333f4fa47ebb9605ca\"},\"headline\":\"Ankara\u2019da baz\u0131 otob\u00fcs ve metro duraklar\u0131 kapat\u0131ld\u0131\",\"datePublished\":\"2025-03-25T14:05:37+00:00\",\"mainEntityOfPage\":{\"@id\":\"https:\\\/\\\/haberkuzey.com\\\/index.php\\\/2025\\\/03\\\/25\\\/ankarada-bazi-otobus-ve-metro-duraklari-kapatildi\\\/\"},\"wordCount\":102,\"commentCount\":0,\"image\":{\"@id\":\"https:\\\/\\\/haberkuzey.com\\\/index.php\\\/2025\\\/03\\\/25\\\/ankarada-bazi-otobus-ve-metro-duraklari-kapatildi\\\/#primaryimage\"},\"thumbnailUrl\":\"https:\\\/\\\/haberkuzey.com\\\/wp-content\\\/uploads\\\/2025\\\/03\\\/thumbs_b_c_bdd235505f08a1aa18e06970bb28295b.jpg\",\"articleSection\":[\"D\u00fcnya\"],\"inLanguage\":\"tr\",\"potentialAction\":[{\"@type\":\"CommentAction\",\"name\":\"Comment\",\"target\":[\"https:\\\/\\\/haberkuzey.com\\\/index.php\\\/2025\\\/03\\\/25\\\/ankarada-bazi-otobus-ve-metro-duraklari-kapatildi\\\/#respond\"]}]},{\"@type\":\"WebPage\",\"@id\":\"https:\\\/\\\/haberkuzey.com\\\/index.php\\\/2025\\\/03\\\/25\\\/ankarada-bazi-otobus-ve-metro-duraklari-kapatildi\\\/\",\"url\":\"https:\\\/\\\/haberkuzey.com\\\/index.php\\\/2025\\\/03\\\/25\\\/ankarada-bazi-otobus-ve-metro-duraklari-kapatildi\\\/\",\"name\":\"Ankara\u2019da baz\u0131 otob\u00fcs ve metro duraklar\u0131 kapat\u0131ld\u0131 - Haber Kuzey\",\"isPartOf\":{\"@id\":\"https:\\\/\\\/haberkuzey.com\\\/#website\"},\"primaryImageOfPage\":{\"@id\":\"https:\\\/\\\/haberkuzey.com\\\/index.php\\\/2025\\\/03\\\/25\\\/ankarada-bazi-otobus-ve-metro-duraklari-kapatildi\\\/#primaryimage\"},\"image\":{\"@id\":\"https:\\\/\\\/haberkuzey.com\\\/index.php\\\/2025\\\/03\\\/25\\\/ankarada-bazi-otobus-ve-metro-duraklari-kapatildi\\\/#primaryimage\"},\"thumbnailUrl\":\"https:\\\/\\\/haberkuzey.com\\\/wp-content\\\/uploads\\\/2025\\\/03\\\/thumbs_b_c_bdd235505f08a1aa18e06970bb28295b.jpg\",\"datePublished\":\"2025-03-25T14:05:37+00:00\",\"author\":{\"@id\":\"https:\\\/\\\/haberkuzey.com\\\/#\\\/schema\\\/person\\\/3372109ec735f9333f4fa47ebb9605ca\"},\"breadcrumb\":{\"@id\":\"https:\\\/\\\/haberkuzey.com\\\/index.php\\\/2025\\\/03\\\/25\\\/ankarada-bazi-otobus-ve-metro-duraklari-kapatildi\\\/#breadcrumb\"},\"inLanguage\":\"tr\",\"potentialAction\":[{\"@type\":\"ReadAction\",\"target\":[\"https:\\\/\\\/haberkuzey.com\\\/index.php\\\/2025\\\/03\\\/25\\\/ankarada-bazi-otobus-ve-metro-duraklari-kapatildi\\\/\"]}]},{\"@type\":\"ImageObject\",\"inLanguage\":\"tr\",\"@id\":\"https:\\\/\\\/haberkuzey.com\\\/index.php\\\/2025\\\/03\\\/25\\\/ankarada-bazi-otobus-ve-metro-duraklari-kapatildi\\\/#primaryimage\",\"url\":\"https:\\\/\\\/haberkuzey.com\\\/wp-content\\\/uploads\\\/2025\\\/03\\\/thumbs_b_c_bdd235505f08a1aa18e06970bb28295b.jpg\",\"contentUrl\":\"https:\\\/\\\/haberkuzey.com\\\/wp-content\\\/uploads\\\/2025\\\/03\\\/thumbs_b_c_bdd235505f08a1aa18e06970bb28295b.jpg\",\"width\":864,\"height\":486},{\"@type\":\"BreadcrumbList\",\"@id\":\"https:\\\/\\\/haberkuzey.com\\\/index.php\\\/2025\\\/03\\\/25\\\/ankarada-bazi-otobus-ve-metro-duraklari-kapatildi\\\/#breadcrumb\",\"itemListElement\":[{\"@type\":\"ListItem\",\"position\":1,\"name\":\"Anasayfa\",\"item\":\"https:\\\/\\\/haberkuzey.com\\\/\"},{\"@type\":\"ListItem\",\"position\":2,\"name\":\"Ankara\u2019da baz\u0131 otob\u00fcs ve metro duraklar\u0131 kapat\u0131ld\u0131\"}]},{\"@type\":\"WebSite\",\"@id\":\"https:\\\/\\\/haberkuzey.com\\\/#website\",\"url\":\"https:\\\/\\\/haberkuzey.com\\\/\",\"name\":\"Haber Kuzey\",\"description\":\"Do\u011fru Haberin Adresi\",\"potentialAction\":[{\"@type\":\"SearchAction\",\"target\":{\"@type\":\"EntryPoint\",\"urlTemplate\":\"https:\\\/\\\/haberkuzey.com\\\/?s={search_term_string}\"},\"query-input\":{\"@type\":\"PropertyValueSpecification\",\"valueRequired\":true,\"valueName\":\"search_term_string\"}}],\"inLanguage\":\"tr\"},{\"@type\":\"Person\",\"@id\":\"https:\\\/\\\/haberkuzey.com\\\/#\\\/schema\\\/person\\\/3372109ec735f9333f4fa47ebb9605ca\",\"name\":\"haberkuzey\",\"image\":{\"@type\":\"ImageObject\",\"inLanguage\":\"tr\",\"@id\":\"https:\\\/\\\/secure.gravatar.com\\\/avatar\\\/f5fc875574b1575324358c3b9e6a32b8227aa5b74f3fa22e3cadb63e26fcc39c?s=96&d=mm&r=g\",\"url\":\"https:\\\/\\\/secure.gravatar.com\\\/avatar\\\/f5fc875574b1575324358c3b9e6a32b8227aa5b74f3fa22e3cadb63e26fcc39c?s=96&d=mm&r=g\",\"contentUrl\":\"https:\\\/\\\/secure.gravatar.com\\\/avatar\\\/f5fc875574b1575324358c3b9e6a32b8227aa5b74f3fa22e3cadb63e26fcc39c?s=96&d=mm&r=g\",\"caption\":\"haberkuzey\"},\"sameAs\":[\"https:\\\/\\\/haberkuzey.com\"],\"url\":\"https:\\\/\\\/haberkuzey.com\\\/index.php\\\/author\\\/haberkuzey\\\/\"}]}<\/script>\n<!-- \/ Yoast SEO plugin. -->","yoast_head_json":{"title":"Ankara\u2019da baz\u0131 otob\u00fcs ve metro duraklar\u0131 kapat\u0131ld\u0131 - Haber Kuzey","robots":{"index":"index","follow":"follow","max-snippet":"max-snippet:-1","max-image-preview":"max-image-preview:large","max-video-preview":"max-video-preview:-1"},"canonical":"https:\/\/haberkuzey.com\/index.php\/2025\/03\/25\/ankarada-bazi-otobus-ve-metro-duraklari-kapatildi\/","og_locale":"tr_TR","og_type":"article","og_title":"Ankara\u2019da baz\u0131 otob\u00fcs ve metro duraklar\u0131 kapat\u0131ld\u0131 - Haber Kuzey","og_description":"EGO Genel M\u00fcd\u00fcrl\u00fc\u011f\u00fc, baz\u0131 metro ve otob\u00fcs duraklar\u0131n\u0131n kullan\u0131lmayaca\u011f\u0131n\u0131 bildirdi. Genel M\u00fcd\u00fcrl\u00fc\u011f\u00fcn sosyal medya hesab\u0131ndan payla\u015f\u0131lan a\u00e7\u0131klamaya g\u00f6re, Ankara Valili\u011finin ald\u0131\u011f\u0131 karar gere\u011fince saat 19.00\u2019dan itibaren K\u0131z\u0131lay, ODT\u00dc ve S\u00f6\u011f\u00fct\u00f6z\u00fc metro duraklar\u0131 ile K\u0131z\u0131lay Ankaray dura\u011f\u0131nda yolcu ini\u015f ve bini\u015fleri yap\u0131lmayacak. Saat 19.00\u2019dan itibaren ODT\u00dc \u00f6n\u00fcndeki duraklar\u0131 kullanan otob\u00fcsler yolcu indirip bindiremeyecek ve ODT\u00dc kamp\u00fcs\u00fc [&hellip;]","og_url":"https:\/\/haberkuzey.com\/index.php\/2025\/03\/25\/ankarada-bazi-otobus-ve-metro-duraklari-kapatildi\/","og_site_name":"Haber Kuzey","article_published_time":"2025-03-25T14:05:37+00:00","og_image":[{"url":"https:\/\/brtk.net\/wp-content\/uploads\/2025\/03\/25\/thumbs_b_c_bdd235505f08a1aa18e06970bb28295b.jpg?ver=d4b1d640916feb166a1fa641f5d59443","type":"","width":"","height":""}],"author":"haberkuzey","twitter_card":"summary_large_image","twitter_misc":{"Yazan:":"haberkuzey"},"schema":{"@context":"https:\/\/schema.org","@graph":[{"@type":"Article","@id":"https:\/\/haberkuzey.com\/index.php\/2025\/03\/25\/ankarada-bazi-otobus-ve-metro-duraklari-kapatildi\/#article","isPartOf":{"@id":"https:\/\/haberkuzey.com\/index.php\/2025\/03\/25\/ankarada-bazi-otobus-ve-metro-duraklari-kapatildi\/"},"author":{"name":"haberkuzey","@id":"https:\/\/haberkuzey.com\/#\/schema\/person\/3372109ec735f9333f4fa47ebb9605ca"},"headline":"Ankara\u2019da baz\u0131 otob\u00fcs ve metro duraklar\u0131 kapat\u0131ld\u0131","datePublished":"2025-03-25T14:05:37+00:00","mainEntityOfPage":{"@id":"https:\/\/haberkuzey.com\/index.php\/2025\/03\/25\/ankarada-bazi-otobus-ve-metro-duraklari-kapatildi\/"},"wordCount":102,"commentCount":0,"image":{"@id":"https:\/\/haberkuzey.com\/index.php\/2025\/03\/25\/ankarada-bazi-otobus-ve-metro-duraklari-kapatildi\/#primaryimage"},"thumbnailUrl":"https:\/\/haberkuzey.com\/wp-content\/uploads\/2025\/03\/thumbs_b_c_bdd235505f08a1aa18e06970bb28295b.jpg","articleSection":["D\u00fcnya"],"inLanguage":"tr","potentialAction":[{"@type":"CommentAction","name":"Comment","target":["https:\/\/haberkuzey.com\/index.php\/2025\/03\/25\/ankarada-bazi-otobus-ve-metro-duraklari-kapatildi\/#respond"]}]},{"@type":"WebPage","@id":"https:\/\/haberkuzey.com\/index.php\/2025\/03\/25\/ankarada-bazi-otobus-ve-metro-duraklari-kapatildi\/","url":"https:\/\/haberkuzey.com\/index.php\/2025\/03\/25\/ankarada-bazi-otobus-ve-metro-duraklari-kapatildi\/","name":"Ankara\u2019da baz\u0131 otob\u00fcs ve metro duraklar\u0131 kapat\u0131ld\u0131 - Haber Kuzey","isPartOf":{"@id":"https:\/\/haberkuzey.com\/#website"},"primaryImageOfPage":{"@id":"https:\/\/haberkuzey.com\/index.php\/2025\/03\/25\/ankarada-bazi-otobus-ve-metro-duraklari-kapatildi\/#primaryimage"},"image":{"@id":"https:\/\/haberkuzey.com\/index.php\/2025\/03\/25\/ankarada-bazi-otobus-ve-metro-duraklari-kapatildi\/#primaryimage"},"thumbnailUrl":"https:\/\/haberkuzey.com\/wp-content\/uploads\/2025\/03\/thumbs_b_c_bdd235505f08a1aa18e06970bb28295b.jpg","datePublished":"2025-03-25T14:05:37+00:00","author":{"@id":"https:\/\/haberkuzey.com\/#\/schema\/person\/3372109ec735f9333f4fa47ebb9605ca"},"breadcrumb":{"@id":"https:\/\/haberkuzey.com\/index.php\/2025\/03\/25\/ankarada-bazi-otobus-ve-metro-duraklari-kapatildi\/#breadcrumb"},"inLanguage":"tr","potentialAction":[{"@type":"ReadAction","target":["https:\/\/haberkuzey.com\/index.php\/2025\/03\/25\/ankarada-bazi-otobus-ve-metro-duraklari-kapatildi\/"]}]},{"@type":"ImageObject","inLanguage":"tr","@id":"https:\/\/haberkuzey.com\/index.php\/2025\/03\/25\/ankarada-bazi-otobus-ve-metro-duraklari-kapatildi\/#primaryimage","url":"https:\/\/haberkuzey.com\/wp-content\/uploads\/2025\/03\/thumbs_b_c_bdd235505f08a1aa18e06970bb28295b.jpg","contentUrl":"https:\/\/haberkuzey.com\/wp-content\/uploads\/2025\/03\/thumbs_b_c_bdd235505f08a1aa18e06970bb28295b.jpg","width":864,"height":486},{"@type":"BreadcrumbList","@id":"https:\/\/haberkuzey.com\/index.php\/2025\/03\/25\/ankarada-bazi-otobus-ve-metro-duraklari-kapatildi\/#breadcrumb","itemListElement":[{"@type":"ListItem","position":1,"name":"Anasayfa","item":"https:\/\/haberkuzey.com\/"},{"@type":"ListItem","position":2,"name":"Ankara\u2019da baz\u0131 otob\u00fcs ve metro duraklar\u0131 kapat\u0131ld\u0131"}]},{"@type":"WebSite","@id":"https:\/\/haberkuzey.com\/#website","url":"https:\/\/haberkuzey.com\/","name":"Haber Kuzey","description":"Do\u011fru Haberin Adresi","potentialAction":[{"@type":"SearchAction","target":{"@type":"EntryPoint","urlTemplate":"https:\/\/haberkuzey.com\/?s={search_term_string}"},"query-input":{"@type":"PropertyValueSpecification","valueRequired":true,"valueName":"search_term_string"}}],"inLanguage":"tr"},{"@type":"Person","@id":"https:\/\/haberkuzey.com\/#\/schema\/person\/3372109ec735f9333f4fa47ebb9605ca","name":"haberkuzey","image":{"@type":"ImageObject","inLanguage":"tr","@id":"https:\/\/secure.gravatar.com\/avatar\/f5fc875574b1575324358c3b9e6a32b8227aa5b74f3fa22e3cadb63e26fcc39c?s=96&d=mm&r=g","url":"https:\/\/secure.gravatar.com\/avatar\/f5fc875574b1575324358c3b9e6a32b8227aa5b74f3fa22e3cadb63e26fcc39c?s=96&d=mm&r=g","contentUrl":"https:\/\/secure.gravatar.com\/avatar\/f5fc875574b1575324358c3b9e6a32b8227aa5b74f3fa22e3cadb63e26fcc39c?s=96&d=mm&r=g","caption":"haberkuzey"},"sameAs":["https:\/\/haberkuzey.com"],"url":"https:\/\/haberkuzey.com\/index.php\/author\/haberkuzey\/"}]}},"_links":{"self":[{"href":"https:\/\/haberkuzey.com\/index.php\/wp-json\/wp\/v2\/posts\/20749","targetHints":{"allow":["GET"]}}],"collection":[{"href":"https:\/\/haberkuzey.com\/index.php\/wp-json\/wp\/v2\/posts"}],"about":[{"href":"https:\/\/haberkuzey.com\/index.php\/wp-json\/wp\/v2\/types\/post"}],"author":[{"embeddable":true,"href":"https:\/\/haberkuzey.com\/index.php\/wp-json\/wp\/v2\/users\/1"}],"replies":[{"embeddable":true,"href":"https:\/\/haberkuzey.com\/index.php\/wp-json\/wp\/v2\/comments?post=20749"}],"version-history":[{"count":0,"href":"https:\/\/haberkuzey.com\/index.php\/wp-json\/wp\/v2\/posts\/20749\/revisions"}],"wp:featuredmedia":[{"embeddable":true,"href":"https:\/\/haberkuzey.com\/index.php\/wp-json\/wp\/v2\/media\/20750"}],"wp:attachment":[{"href":"https:\/\/haberkuzey.com\/index.php\/wp-json\/wp\/v2\/media?parent=20749"}],"wp:term":[{"taxonomy":"category","embeddable":true,"href":"https:\/\/haberkuzey.com\/index.php\/wp-json\/wp\/v2\/categories?post=20749"},{"taxonomy":"post_tag","embeddable":true,"href":"https:\/\/haberkuzey.com\/index.php\/wp-json\/wp\/v2\/tags?post=20749"}],"curies":[{"name":"wp","href":"https:\/\/api.w.org\/{rel}","templated":true}]}}