{"id":20733,"date":"2025-03-25T15:21:36","date_gmt":"2025-03-25T13:21:36","guid":{"rendered":"https:\/\/haberkuzey.com\/index.php\/2025\/03\/25\/istanbuldaki-gosterilerde-suca-karistigi-gerekcesiyle-206-supheli-hakkinda-tutuklama-talep-edildi\/"},"modified":"2025-03-25T15:21:36","modified_gmt":"2025-03-25T13:21:36","slug":"istanbuldaki-gosterilerde-suca-karistigi-gerekcesiyle-206-supheli-hakkinda-tutuklama-talep-edildi","status":"publish","type":"post","link":"https:\/\/haberkuzey.com\/index.php\/2025\/03\/25\/istanbuldaki-gosterilerde-suca-karistigi-gerekcesiyle-206-supheli-hakkinda-tutuklama-talep-edildi\/","title":{"rendered":"\u0130stanbul\u2019daki g\u00f6sterilerde su\u00e7a kar\u0131\u015ft\u0131\u011f\u0131 gerek\u00e7esiyle 206 \u015f\u00fcpheli hakk\u0131nda tutuklama talep edildi"},"content":{"rendered":"<div>\n<div class=\"mariselle-image-container center\">\n                                            <\/div>\n<p>\u0130stanbul\u2019da, son d\u00f6nemde ger\u00e7ekle\u015fen toplumsal olaylara kar\u0131\u015ft\u0131klar\u0131 gerek\u00e7esiyle 206 \u015f\u00fcpheli tutuklama istemiyle hakimli\u011fe sevk edildi.<\/p>\n<p>\u0130stanbul Cumhuriyet Ba\u015fsavc\u0131l\u0131\u011f\u0131nca y\u00fcr\u00fct\u00fclen soru\u015fturma kapsam\u0131nda, \u0130stanbul Valili\u011finin \u201cKamu d\u00fczenini muhafaza etmek i\u00e7in olu\u015fabilecek provokatif eylemlerin \u00f6n\u00fcne ge\u00e7mek i\u00e7in 19-23 Mart tarihleri aras\u0131nda 4 g\u00fcn s\u00fcreyle her t\u00fcrl\u00fc toplant\u0131 g\u00f6steri ve bas\u0131n a\u00e7\u0131klamas\u0131 yasaklanm\u0131\u015ft\u0131r.\u201d \u015feklindeki karar\u0131na uymayarak son d\u00f6nemde ger\u00e7ekle\u015fen toplumsal olaylara kat\u0131l\u0131p, k\u0131\u015fk\u0131rtt\u0131klar\u0131 ve \u015fiddete kar\u0131\u015ft\u0131klar\u0131 gerek\u00e7esiyle g\u00f6zalt\u0131na al\u0131nan \u015f\u00fcphelilerin emniyetteki i\u015flemleri tamamland\u0131.<\/p>\n<p>\u00c7a\u011flayan\u2019daki \u0130stanbul Adliyesi\u2019ne sevk edilen \u015f\u00fcphelilerin savc\u0131l\u0131k\u00e7a ifadeleri al\u0131nd\u0131. Son d\u00f6nemdeki toplumsal olaylar\u0131 k\u0131\u015fk\u0131rtan, \u015fiddete kar\u0131\u015fan, y\u00fczlerini maskeyle gizleyen ve sopa kullanan \u015fah\u0131slar\u0131n da aralar\u0131nda bulundu\u011fu ifade edilen  206 \u015f\u00fcpheli, tutuklanmalar\u0131 talebiyle hakimli\u011fe sevk edildi.<\/p>\n<p>\u015e\u00fcphelilerin, n\u00f6bet\u00e7i sulh ceza hakimli\u011findeki i\u015flemleri s\u00fcr\u00fcyor.<\/p>\n<\/p><\/div>\n<p><script async\n                    defer\n                    crossorigin=\"anonymous\"\n                    src=\"https:\/\/connect.facebook.net\/tr_TR\/sdk.js#xfbml=1&#038;version=v3.3\"\n            ><\/script><\/p>\n","protected":false},"excerpt":{"rendered":"<p>\u0130stanbul\u2019da, son d\u00f6nemde ger\u00e7ekle\u015fen toplumsal olaylara kar\u0131\u015ft\u0131klar\u0131 gerek\u00e7esiyle 206 \u015f\u00fcpheli tutuklama istemiyle hakimli\u011fe sevk edildi. \u0130stanbul Cumhuriyet Ba\u015fsavc\u0131l\u0131\u011f\u0131nca y\u00fcr\u00fct\u00fclen soru\u015fturma kapsam\u0131nda, \u0130stanbul Valili\u011finin \u201cKamu d\u00fczenini muhafaza etmek i\u00e7in olu\u015fabilecek provokatif eylemlerin \u00f6n\u00fcne ge\u00e7mek i\u00e7in 19-23 Mart tarihleri aras\u0131nda 4 g\u00fcn s\u00fcreyle her t\u00fcrl\u00fc toplant\u0131 g\u00f6steri ve bas\u0131n a\u00e7\u0131klamas\u0131 yasaklanm\u0131\u015ft\u0131r.\u201d \u015feklindeki karar\u0131na uymayarak son d\u00f6nemde ger\u00e7ekle\u015fen [&hellip;]<\/p>\n","protected":false},"author":1,"featured_media":20734,"comment_status":"open","ping_status":"open","sticky":false,"template":"","format":"standard","meta":{"jnews-multi-image_gallery":[],"jnews_single_post":[],"jnews_primary_category":[],"footnotes":""},"categories":[2],"tags":[],"class_list":["post-20733","post","type-post","status-publish","format-standard","has-post-thumbnail","hentry","category-dunya"],"yoast_head":"<!-- This site is optimized with the Yoast SEO plugin v27.5 - https:\/\/yoast.com\/product\/yoast-seo-wordpress\/ -->\n<title>\u0130stanbul\u2019daki g\u00f6sterilerde su\u00e7a kar\u0131\u015ft\u0131\u011f\u0131 gerek\u00e7esiyle 206 \u015f\u00fcpheli hakk\u0131nda tutuklama talep edildi - Haber Kuzey<\/title>\n<meta name=\"robots\" content=\"index, follow, max-snippet:-1, max-image-preview:large, max-video-preview:-1\" \/>\n<link rel=\"canonical\" href=\"https:\/\/haberkuzey.com\/index.php\/2025\/03\/25\/istanbuldaki-gosterilerde-suca-karistigi-gerekcesiyle-206-supheli-hakkinda-tutuklama-talep-edildi\/\" \/>\n<meta property=\"og:locale\" content=\"tr_TR\" \/>\n<meta property=\"og:type\" content=\"article\" \/>\n<meta property=\"og:title\" content=\"\u0130stanbul\u2019daki g\u00f6sterilerde su\u00e7a kar\u0131\u015ft\u0131\u011f\u0131 gerek\u00e7esiyle 206 \u015f\u00fcpheli hakk\u0131nda tutuklama talep edildi - Haber Kuzey\" \/>\n<meta property=\"og:description\" content=\"\u0130stanbul\u2019da, son d\u00f6nemde ger\u00e7ekle\u015fen toplumsal olaylara kar\u0131\u015ft\u0131klar\u0131 gerek\u00e7esiyle 206 \u015f\u00fcpheli tutuklama istemiyle hakimli\u011fe sevk edildi. \u0130stanbul Cumhuriyet Ba\u015fsavc\u0131l\u0131\u011f\u0131nca y\u00fcr\u00fct\u00fclen soru\u015fturma kapsam\u0131nda, \u0130stanbul Valili\u011finin \u201cKamu d\u00fczenini muhafaza etmek i\u00e7in olu\u015fabilecek provokatif eylemlerin \u00f6n\u00fcne ge\u00e7mek i\u00e7in 19-23 Mart tarihleri aras\u0131nda 4 g\u00fcn s\u00fcreyle her t\u00fcrl\u00fc toplant\u0131 g\u00f6steri ve bas\u0131n a\u00e7\u0131klamas\u0131 yasaklanm\u0131\u015ft\u0131r.\u201d \u015feklindeki karar\u0131na uymayarak son d\u00f6nemde ger\u00e7ekle\u015fen [&hellip;]\" \/>\n<meta property=\"og:url\" content=\"https:\/\/haberkuzey.com\/index.php\/2025\/03\/25\/istanbuldaki-gosterilerde-suca-karistigi-gerekcesiyle-206-supheli-hakkinda-tutuklama-talep-edildi\/\" \/>\n<meta property=\"og:site_name\" content=\"Haber Kuzey\" \/>\n<meta property=\"article:published_time\" content=\"2025-03-25T13:21:36+00:00\" \/>\n<meta property=\"og:image\" content=\"https:\/\/brtk.net\/wp-content\/uploads\/2025\/03\/25\/1742903185440thumbs_b_c_3a796e72e3665b44289a5519505347d5.jpg?ver=7f0cbd1201b8ce07e4db3aafe932df10\" \/>\n<meta name=\"author\" content=\"haberkuzey\" \/>\n<meta name=\"twitter:card\" content=\"summary_large_image\" \/>\n<meta name=\"twitter:label1\" content=\"Yazan:\" \/>\n\t<meta name=\"twitter:data1\" content=\"haberkuzey\" \/>\n\t<meta name=\"twitter:label2\" content=\"Tahmini okuma s\u00fcresi\" \/>\n\t<meta name=\"twitter:data2\" content=\"1 dakika\" \/>\n<script type=\"application\/ld+json\" class=\"yoast-schema-graph\">{\"@context\":\"https:\\\/\\\/schema.org\",\"@graph\":[{\"@type\":\"Article\",\"@id\":\"https:\\\/\\\/haberkuzey.com\\\/index.php\\\/2025\\\/03\\\/25\\\/istanbuldaki-gosterilerde-suca-karistigi-gerekcesiyle-206-supheli-hakkinda-tutuklama-talep-edildi\\\/#article\",\"isPartOf\":{\"@id\":\"https:\\\/\\\/haberkuzey.com\\\/index.php\\\/2025\\\/03\\\/25\\\/istanbuldaki-gosterilerde-suca-karistigi-gerekcesiyle-206-supheli-hakkinda-tutuklama-talep-edildi\\\/\"},\"author\":{\"name\":\"haberkuzey\",\"@id\":\"https:\\\/\\\/haberkuzey.com\\\/#\\\/schema\\\/person\\\/3372109ec735f9333f4fa47ebb9605ca\"},\"headline\":\"\u0130stanbul\u2019daki g\u00f6sterilerde su\u00e7a kar\u0131\u015ft\u0131\u011f\u0131 gerek\u00e7esiyle 206 \u015f\u00fcpheli hakk\u0131nda tutuklama talep edildi\",\"datePublished\":\"2025-03-25T13:21:36+00:00\",\"mainEntityOfPage\":{\"@id\":\"https:\\\/\\\/haberkuzey.com\\\/index.php\\\/2025\\\/03\\\/25\\\/istanbuldaki-gosterilerde-suca-karistigi-gerekcesiyle-206-supheli-hakkinda-tutuklama-talep-edildi\\\/\"},\"wordCount\":195,\"commentCount\":0,\"image\":{\"@id\":\"https:\\\/\\\/haberkuzey.com\\\/index.php\\\/2025\\\/03\\\/25\\\/istanbuldaki-gosterilerde-suca-karistigi-gerekcesiyle-206-supheli-hakkinda-tutuklama-talep-edildi\\\/#primaryimage\"},\"thumbnailUrl\":\"https:\\\/\\\/haberkuzey.com\\\/wp-content\\\/uploads\\\/2025\\\/03\\\/1742903185440thumbs_b_c_3a796e72e3665b44289a5519505347d5.jpg\",\"articleSection\":[\"D\u00fcnya\"],\"inLanguage\":\"tr\",\"potentialAction\":[{\"@type\":\"CommentAction\",\"name\":\"Comment\",\"target\":[\"https:\\\/\\\/haberkuzey.com\\\/index.php\\\/2025\\\/03\\\/25\\\/istanbuldaki-gosterilerde-suca-karistigi-gerekcesiyle-206-supheli-hakkinda-tutuklama-talep-edildi\\\/#respond\"]}]},{\"@type\":\"WebPage\",\"@id\":\"https:\\\/\\\/haberkuzey.com\\\/index.php\\\/2025\\\/03\\\/25\\\/istanbuldaki-gosterilerde-suca-karistigi-gerekcesiyle-206-supheli-hakkinda-tutuklama-talep-edildi\\\/\",\"url\":\"https:\\\/\\\/haberkuzey.com\\\/index.php\\\/2025\\\/03\\\/25\\\/istanbuldaki-gosterilerde-suca-karistigi-gerekcesiyle-206-supheli-hakkinda-tutuklama-talep-edildi\\\/\",\"name\":\"\u0130stanbul\u2019daki g\u00f6sterilerde su\u00e7a kar\u0131\u015ft\u0131\u011f\u0131 gerek\u00e7esiyle 206 \u015f\u00fcpheli hakk\u0131nda tutuklama talep edildi - Haber Kuzey\",\"isPartOf\":{\"@id\":\"https:\\\/\\\/haberkuzey.com\\\/#website\"},\"primaryImageOfPage\":{\"@id\":\"https:\\\/\\\/haberkuzey.com\\\/index.php\\\/2025\\\/03\\\/25\\\/istanbuldaki-gosterilerde-suca-karistigi-gerekcesiyle-206-supheli-hakkinda-tutuklama-talep-edildi\\\/#primaryimage\"},\"image\":{\"@id\":\"https:\\\/\\\/haberkuzey.com\\\/index.php\\\/2025\\\/03\\\/25\\\/istanbuldaki-gosterilerde-suca-karistigi-gerekcesiyle-206-supheli-hakkinda-tutuklama-talep-edildi\\\/#primaryimage\"},\"thumbnailUrl\":\"https:\\\/\\\/haberkuzey.com\\\/wp-content\\\/uploads\\\/2025\\\/03\\\/1742903185440thumbs_b_c_3a796e72e3665b44289a5519505347d5.jpg\",\"datePublished\":\"2025-03-25T13:21:36+00:00\",\"author\":{\"@id\":\"https:\\\/\\\/haberkuzey.com\\\/#\\\/schema\\\/person\\\/3372109ec735f9333f4fa47ebb9605ca\"},\"breadcrumb\":{\"@id\":\"https:\\\/\\\/haberkuzey.com\\\/index.php\\\/2025\\\/03\\\/25\\\/istanbuldaki-gosterilerde-suca-karistigi-gerekcesiyle-206-supheli-hakkinda-tutuklama-talep-edildi\\\/#breadcrumb\"},\"inLanguage\":\"tr\",\"potentialAction\":[{\"@type\":\"ReadAction\",\"target\":[\"https:\\\/\\\/haberkuzey.com\\\/index.php\\\/2025\\\/03\\\/25\\\/istanbuldaki-gosterilerde-suca-karistigi-gerekcesiyle-206-supheli-hakkinda-tutuklama-talep-edildi\\\/\"]}]},{\"@type\":\"ImageObject\",\"inLanguage\":\"tr\",\"@id\":\"https:\\\/\\\/haberkuzey.com\\\/index.php\\\/2025\\\/03\\\/25\\\/istanbuldaki-gosterilerde-suca-karistigi-gerekcesiyle-206-supheli-hakkinda-tutuklama-talep-edildi\\\/#primaryimage\",\"url\":\"https:\\\/\\\/haberkuzey.com\\\/wp-content\\\/uploads\\\/2025\\\/03\\\/1742903185440thumbs_b_c_3a796e72e3665b44289a5519505347d5.jpg\",\"contentUrl\":\"https:\\\/\\\/haberkuzey.com\\\/wp-content\\\/uploads\\\/2025\\\/03\\\/1742903185440thumbs_b_c_3a796e72e3665b44289a5519505347d5.jpg\",\"width\":864,\"height\":486},{\"@type\":\"BreadcrumbList\",\"@id\":\"https:\\\/\\\/haberkuzey.com\\\/index.php\\\/2025\\\/03\\\/25\\\/istanbuldaki-gosterilerde-suca-karistigi-gerekcesiyle-206-supheli-hakkinda-tutuklama-talep-edildi\\\/#breadcrumb\",\"itemListElement\":[{\"@type\":\"ListItem\",\"position\":1,\"name\":\"Anasayfa\",\"item\":\"https:\\\/\\\/haberkuzey.com\\\/\"},{\"@type\":\"ListItem\",\"position\":2,\"name\":\"\u0130stanbul\u2019daki g\u00f6sterilerde su\u00e7a kar\u0131\u015ft\u0131\u011f\u0131 gerek\u00e7esiyle 206 \u015f\u00fcpheli hakk\u0131nda tutuklama talep edildi\"}]},{\"@type\":\"WebSite\",\"@id\":\"https:\\\/\\\/haberkuzey.com\\\/#website\",\"url\":\"https:\\\/\\\/haberkuzey.com\\\/\",\"name\":\"Haber Kuzey\",\"description\":\"Do\u011fru Haberin Adresi\",\"potentialAction\":[{\"@type\":\"SearchAction\",\"target\":{\"@type\":\"EntryPoint\",\"urlTemplate\":\"https:\\\/\\\/haberkuzey.com\\\/?s={search_term_string}\"},\"query-input\":{\"@type\":\"PropertyValueSpecification\",\"valueRequired\":true,\"valueName\":\"search_term_string\"}}],\"inLanguage\":\"tr\"},{\"@type\":\"Person\",\"@id\":\"https:\\\/\\\/haberkuzey.com\\\/#\\\/schema\\\/person\\\/3372109ec735f9333f4fa47ebb9605ca\",\"name\":\"haberkuzey\",\"image\":{\"@type\":\"ImageObject\",\"inLanguage\":\"tr\",\"@id\":\"https:\\\/\\\/secure.gravatar.com\\\/avatar\\\/f5fc875574b1575324358c3b9e6a32b8227aa5b74f3fa22e3cadb63e26fcc39c?s=96&d=mm&r=g\",\"url\":\"https:\\\/\\\/secure.gravatar.com\\\/avatar\\\/f5fc875574b1575324358c3b9e6a32b8227aa5b74f3fa22e3cadb63e26fcc39c?s=96&d=mm&r=g\",\"contentUrl\":\"https:\\\/\\\/secure.gravatar.com\\\/avatar\\\/f5fc875574b1575324358c3b9e6a32b8227aa5b74f3fa22e3cadb63e26fcc39c?s=96&d=mm&r=g\",\"caption\":\"haberkuzey\"},\"sameAs\":[\"https:\\\/\\\/haberkuzey.com\"],\"url\":\"https:\\\/\\\/haberkuzey.com\\\/index.php\\\/author\\\/haberkuzey\\\/\"}]}<\/script>\n<!-- \/ Yoast SEO plugin. -->","yoast_head_json":{"title":"\u0130stanbul\u2019daki g\u00f6sterilerde su\u00e7a kar\u0131\u015ft\u0131\u011f\u0131 gerek\u00e7esiyle 206 \u015f\u00fcpheli hakk\u0131nda tutuklama talep edildi - Haber Kuzey","robots":{"index":"index","follow":"follow","max-snippet":"max-snippet:-1","max-image-preview":"max-image-preview:large","max-video-preview":"max-video-preview:-1"},"canonical":"https:\/\/haberkuzey.com\/index.php\/2025\/03\/25\/istanbuldaki-gosterilerde-suca-karistigi-gerekcesiyle-206-supheli-hakkinda-tutuklama-talep-edildi\/","og_locale":"tr_TR","og_type":"article","og_title":"\u0130stanbul\u2019daki g\u00f6sterilerde su\u00e7a kar\u0131\u015ft\u0131\u011f\u0131 gerek\u00e7esiyle 206 \u015f\u00fcpheli hakk\u0131nda tutuklama talep edildi - Haber Kuzey","og_description":"\u0130stanbul\u2019da, son d\u00f6nemde ger\u00e7ekle\u015fen toplumsal olaylara kar\u0131\u015ft\u0131klar\u0131 gerek\u00e7esiyle 206 \u015f\u00fcpheli tutuklama istemiyle hakimli\u011fe sevk edildi. \u0130stanbul Cumhuriyet Ba\u015fsavc\u0131l\u0131\u011f\u0131nca y\u00fcr\u00fct\u00fclen soru\u015fturma kapsam\u0131nda, \u0130stanbul Valili\u011finin \u201cKamu d\u00fczenini muhafaza etmek i\u00e7in olu\u015fabilecek provokatif eylemlerin \u00f6n\u00fcne ge\u00e7mek i\u00e7in 19-23 Mart tarihleri aras\u0131nda 4 g\u00fcn s\u00fcreyle her t\u00fcrl\u00fc toplant\u0131 g\u00f6steri ve bas\u0131n a\u00e7\u0131klamas\u0131 yasaklanm\u0131\u015ft\u0131r.\u201d \u015feklindeki karar\u0131na uymayarak son d\u00f6nemde ger\u00e7ekle\u015fen [&hellip;]","og_url":"https:\/\/haberkuzey.com\/index.php\/2025\/03\/25\/istanbuldaki-gosterilerde-suca-karistigi-gerekcesiyle-206-supheli-hakkinda-tutuklama-talep-edildi\/","og_site_name":"Haber Kuzey","article_published_time":"2025-03-25T13:21:36+00:00","og_image":[{"url":"https:\/\/brtk.net\/wp-content\/uploads\/2025\/03\/25\/1742903185440thumbs_b_c_3a796e72e3665b44289a5519505347d5.jpg?ver=7f0cbd1201b8ce07e4db3aafe932df10","type":"","width":"","height":""}],"author":"haberkuzey","twitter_card":"summary_large_image","twitter_misc":{"Yazan:":"haberkuzey","Tahmini okuma s\u00fcresi":"1 dakika"},"schema":{"@context":"https:\/\/schema.org","@graph":[{"@type":"Article","@id":"https:\/\/haberkuzey.com\/index.php\/2025\/03\/25\/istanbuldaki-gosterilerde-suca-karistigi-gerekcesiyle-206-supheli-hakkinda-tutuklama-talep-edildi\/#article","isPartOf":{"@id":"https:\/\/haberkuzey.com\/index.php\/2025\/03\/25\/istanbuldaki-gosterilerde-suca-karistigi-gerekcesiyle-206-supheli-hakkinda-tutuklama-talep-edildi\/"},"author":{"name":"haberkuzey","@id":"https:\/\/haberkuzey.com\/#\/schema\/person\/3372109ec735f9333f4fa47ebb9605ca"},"headline":"\u0130stanbul\u2019daki g\u00f6sterilerde su\u00e7a kar\u0131\u015ft\u0131\u011f\u0131 gerek\u00e7esiyle 206 \u015f\u00fcpheli hakk\u0131nda tutuklama talep edildi","datePublished":"2025-03-25T13:21:36+00:00","mainEntityOfPage":{"@id":"https:\/\/haberkuzey.com\/index.php\/2025\/03\/25\/istanbuldaki-gosterilerde-suca-karistigi-gerekcesiyle-206-supheli-hakkinda-tutuklama-talep-edildi\/"},"wordCount":195,"commentCount":0,"image":{"@id":"https:\/\/haberkuzey.com\/index.php\/2025\/03\/25\/istanbuldaki-gosterilerde-suca-karistigi-gerekcesiyle-206-supheli-hakkinda-tutuklama-talep-edildi\/#primaryimage"},"thumbnailUrl":"https:\/\/haberkuzey.com\/wp-content\/uploads\/2025\/03\/1742903185440thumbs_b_c_3a796e72e3665b44289a5519505347d5.jpg","articleSection":["D\u00fcnya"],"inLanguage":"tr","potentialAction":[{"@type":"CommentAction","name":"Comment","target":["https:\/\/haberkuzey.com\/index.php\/2025\/03\/25\/istanbuldaki-gosterilerde-suca-karistigi-gerekcesiyle-206-supheli-hakkinda-tutuklama-talep-edildi\/#respond"]}]},{"@type":"WebPage","@id":"https:\/\/haberkuzey.com\/index.php\/2025\/03\/25\/istanbuldaki-gosterilerde-suca-karistigi-gerekcesiyle-206-supheli-hakkinda-tutuklama-talep-edildi\/","url":"https:\/\/haberkuzey.com\/index.php\/2025\/03\/25\/istanbuldaki-gosterilerde-suca-karistigi-gerekcesiyle-206-supheli-hakkinda-tutuklama-talep-edildi\/","name":"\u0130stanbul\u2019daki g\u00f6sterilerde su\u00e7a kar\u0131\u015ft\u0131\u011f\u0131 gerek\u00e7esiyle 206 \u015f\u00fcpheli hakk\u0131nda tutuklama talep edildi - Haber Kuzey","isPartOf":{"@id":"https:\/\/haberkuzey.com\/#website"},"primaryImageOfPage":{"@id":"https:\/\/haberkuzey.com\/index.php\/2025\/03\/25\/istanbuldaki-gosterilerde-suca-karistigi-gerekcesiyle-206-supheli-hakkinda-tutuklama-talep-edildi\/#primaryimage"},"image":{"@id":"https:\/\/haberkuzey.com\/index.php\/2025\/03\/25\/istanbuldaki-gosterilerde-suca-karistigi-gerekcesiyle-206-supheli-hakkinda-tutuklama-talep-edildi\/#primaryimage"},"thumbnailUrl":"https:\/\/haberkuzey.com\/wp-content\/uploads\/2025\/03\/1742903185440thumbs_b_c_3a796e72e3665b44289a5519505347d5.jpg","datePublished":"2025-03-25T13:21:36+00:00","author":{"@id":"https:\/\/haberkuzey.com\/#\/schema\/person\/3372109ec735f9333f4fa47ebb9605ca"},"breadcrumb":{"@id":"https:\/\/haberkuzey.com\/index.php\/2025\/03\/25\/istanbuldaki-gosterilerde-suca-karistigi-gerekcesiyle-206-supheli-hakkinda-tutuklama-talep-edildi\/#breadcrumb"},"inLanguage":"tr","potentialAction":[{"@type":"ReadAction","target":["https:\/\/haberkuzey.com\/index.php\/2025\/03\/25\/istanbuldaki-gosterilerde-suca-karistigi-gerekcesiyle-206-supheli-hakkinda-tutuklama-talep-edildi\/"]}]},{"@type":"ImageObject","inLanguage":"tr","@id":"https:\/\/haberkuzey.com\/index.php\/2025\/03\/25\/istanbuldaki-gosterilerde-suca-karistigi-gerekcesiyle-206-supheli-hakkinda-tutuklama-talep-edildi\/#primaryimage","url":"https:\/\/haberkuzey.com\/wp-content\/uploads\/2025\/03\/1742903185440thumbs_b_c_3a796e72e3665b44289a5519505347d5.jpg","contentUrl":"https:\/\/haberkuzey.com\/wp-content\/uploads\/2025\/03\/1742903185440thumbs_b_c_3a796e72e3665b44289a5519505347d5.jpg","width":864,"height":486},{"@type":"BreadcrumbList","@id":"https:\/\/haberkuzey.com\/index.php\/2025\/03\/25\/istanbuldaki-gosterilerde-suca-karistigi-gerekcesiyle-206-supheli-hakkinda-tutuklama-talep-edildi\/#breadcrumb","itemListElement":[{"@type":"ListItem","position":1,"name":"Anasayfa","item":"https:\/\/haberkuzey.com\/"},{"@type":"ListItem","position":2,"name":"\u0130stanbul\u2019daki g\u00f6sterilerde su\u00e7a kar\u0131\u015ft\u0131\u011f\u0131 gerek\u00e7esiyle 206 \u015f\u00fcpheli hakk\u0131nda tutuklama talep edildi"}]},{"@type":"WebSite","@id":"https:\/\/haberkuzey.com\/#website","url":"https:\/\/haberkuzey.com\/","name":"Haber Kuzey","description":"Do\u011fru Haberin Adresi","potentialAction":[{"@type":"SearchAction","target":{"@type":"EntryPoint","urlTemplate":"https:\/\/haberkuzey.com\/?s={search_term_string}"},"query-input":{"@type":"PropertyValueSpecification","valueRequired":true,"valueName":"search_term_string"}}],"inLanguage":"tr"},{"@type":"Person","@id":"https:\/\/haberkuzey.com\/#\/schema\/person\/3372109ec735f9333f4fa47ebb9605ca","name":"haberkuzey","image":{"@type":"ImageObject","inLanguage":"tr","@id":"https:\/\/secure.gravatar.com\/avatar\/f5fc875574b1575324358c3b9e6a32b8227aa5b74f3fa22e3cadb63e26fcc39c?s=96&d=mm&r=g","url":"https:\/\/secure.gravatar.com\/avatar\/f5fc875574b1575324358c3b9e6a32b8227aa5b74f3fa22e3cadb63e26fcc39c?s=96&d=mm&r=g","contentUrl":"https:\/\/secure.gravatar.com\/avatar\/f5fc875574b1575324358c3b9e6a32b8227aa5b74f3fa22e3cadb63e26fcc39c?s=96&d=mm&r=g","caption":"haberkuzey"},"sameAs":["https:\/\/haberkuzey.com"],"url":"https:\/\/haberkuzey.com\/index.php\/author\/haberkuzey\/"}]}},"_links":{"self":[{"href":"https:\/\/haberkuzey.com\/index.php\/wp-json\/wp\/v2\/posts\/20733","targetHints":{"allow":["GET"]}}],"collection":[{"href":"https:\/\/haberkuzey.com\/index.php\/wp-json\/wp\/v2\/posts"}],"about":[{"href":"https:\/\/haberkuzey.com\/index.php\/wp-json\/wp\/v2\/types\/post"}],"author":[{"embeddable":true,"href":"https:\/\/haberkuzey.com\/index.php\/wp-json\/wp\/v2\/users\/1"}],"replies":[{"embeddable":true,"href":"https:\/\/haberkuzey.com\/index.php\/wp-json\/wp\/v2\/comments?post=20733"}],"version-history":[{"count":0,"href":"https:\/\/haberkuzey.com\/index.php\/wp-json\/wp\/v2\/posts\/20733\/revisions"}],"wp:featuredmedia":[{"embeddable":true,"href":"https:\/\/haberkuzey.com\/index.php\/wp-json\/wp\/v2\/media\/20734"}],"wp:attachment":[{"href":"https:\/\/haberkuzey.com\/index.php\/wp-json\/wp\/v2\/media?parent=20733"}],"wp:term":[{"taxonomy":"category","embeddable":true,"href":"https:\/\/haberkuzey.com\/index.php\/wp-json\/wp\/v2\/categories?post=20733"},{"taxonomy":"post_tag","embeddable":true,"href":"https:\/\/haberkuzey.com\/index.php\/wp-json\/wp\/v2\/tags?post=20733"}],"curies":[{"name":"wp","href":"https:\/\/api.w.org\/{rel}","templated":true}]}}