{"id":20680,"date":"2025-03-24T21:18:41","date_gmt":"2025-03-24T19:18:41","guid":{"rendered":"https:\/\/haberkuzey.com\/index.php\/2025\/03\/24\/chpnin-olaganustu-kurultay-kararinin-iptali-icin-mahkemeye-basvuru-yapildi\/"},"modified":"2025-03-24T21:18:41","modified_gmt":"2025-03-24T19:18:41","slug":"chpnin-olaganustu-kurultay-kararinin-iptali-icin-mahkemeye-basvuru-yapildi","status":"publish","type":"post","link":"https:\/\/haberkuzey.com\/index.php\/2025\/03\/24\/chpnin-olaganustu-kurultay-kararinin-iptali-icin-mahkemeye-basvuru-yapildi\/","title":{"rendered":"CHP\u2019nin ola\u011fan\u00fcst\u00fc kurultay karar\u0131n\u0131n iptali i\u00e7in mahkemeye ba\u015fvuru yap\u0131ld\u0131"},"content":{"rendered":"<div>\n<div class=\"mariselle-image-container center\">\n                                            <\/div>\n<p>Eski Hatay B\u00fcy\u00fck\u015fehir Belediye Ba\u015fkan\u0131 L\u00fctf\u00fc Sava\u015f ve kurultay delegeleri Levent \u00c7elik ve Hatip Karaaslan CHP\u2019nin ola\u011fan\u00fcst\u00fc kurultay karar\u0131n\u0131n iptali i\u00e7in mahkemeye ba\u015fvuru yapt\u0131.<\/p>\n<p>Sava\u015f ve delegelerin avukat\u0131 Onur Yusuf \u00dcregen, Ankara 31. Asliye Hukuk Mahkemesine verdi\u011fi dilek\u00e7ede, CHP Genel Ba\u015fkan\u0131 \u00d6zg\u00fcr \u00d6zel\u2019in 6 Nisan 2025 Pazar saat 10.00\u2019da Ankara Yenimahalle\u2019deki Naz\u0131m Hikmet K\u00fclt\u00fcr Merkezi\u2019nde yap\u0131lmak \u00fczere 21. Ola\u011fan\u00fcst\u00fc Kurultay \u00e7a\u011fr\u0131s\u0131nda bulundu\u011funu hat\u0131rlatt\u0131.<\/p>\n<p>Dilek\u00e7ede, \ufeffs\u00f6z konusu ola\u011fan\u00fcst\u00fc kurultay \u00e7a\u011fr\u0131s\u0131n\u0131n, 38. Ola\u011fan Kurultay sonucunda olu\u015fan mevcut genel merkez y\u00f6netimi taraf\u0131ndan yap\u0131ld\u0131\u011f\u0131, bu \u00e7a\u011fr\u0131n\u0131n usul ve esas hatalar\u0131yla malul oldu\u011fu, o nedenle kurultay\u0131n sonu\u00e7lar\u0131 ve parti organlar\u0131n\u0131n hukuken yok h\u00fckm\u00fcnde bulundu\u011fu savunuldu.<\/p>\n<p>Ola\u011fan kurultay\u0131n iptaline ili\u015fkin olarak Ankara 17. Asliye Hukuk Mahkemesi ve di\u011fer delegelerin a\u00e7m\u0131\u015f olduklar\u0131 kurultay iptal davalar\u0131 ile yarg\u0131 s\u00fcrecinin devam etti\u011fi aktar\u0131lan dilek\u00e7ede, 38. Ola\u011fan Kurultay s\u00fcrecinde ger\u00e7ekle\u015ftirilen baz\u0131 i\u015flemler ve uygulamalara ili\u015fkin olarak Ankara Cumhuriyet Ba\u015fsavc\u0131l\u0131\u011f\u0131n\u0131n ceza soru\u015fturmas\u0131n\u0131n da devam etti\u011fi kaydedildi.<\/p>\n<p>Dilek\u00e7ede, \u015fu ifadeler yer ald\u0131:<\/p>\n<p>\u201cBu soru\u015fturma, kurultay\u0131n sadece hukuki de\u011fil, ayn\u0131 zamanda ceza hukuku bak\u0131m\u0131ndan da sakatland\u0131\u011f\u0131n\u0131 g\u00f6stermektedir. T\u00fcm bu nedenlerle mevcut Genel Merkez y\u00f6netimi yetkisizdir ve yapt\u0131\u011f\u0131 kurultay \u00e7a\u011fr\u0131s\u0131 mutlak butlanla sakatt\u0131r. Bu \u00e7a\u011fr\u0131, parti t\u00fcz\u00fc\u011f\u00fcne, siyasi partiler mevzuat\u0131na ve hukukun genel ilkelerine ayk\u0131r\u0131 olup tam kanunsuzdur ve yok h\u00fckm\u00fcndedir. Bu itibarla 6 Nisan 2025 tarihinde yap\u0131lmas\u0131 planlanan 21. Ola\u011fan\u00fcst\u00fc Kurultay\u2019\u0131n yok h\u00fckm\u00fcnde say\u0131lmas\u0131 halinde yetkisiz organlarca ge\u00e7ersiz bir karar do\u011frultusunda kanunsuz olarak yap\u0131lmaya \u00e7al\u0131\u015f\u0131ld\u0131\u011f\u0131 dikkate al\u0131narak, kurultay\u0131n iptaline ve se\u00e7im s\u00fcrecine ili\u015fkin i\u015flemlerin durdurulmas\u0131na karar verilmesini sayg\u0131lar\u0131m\u0131zla arz ve talep ederiz.\u201d<\/p>\n<\/p><\/div>\n<p><script async\n                    defer\n                    crossorigin=\"anonymous\"\n                    src=\"https:\/\/connect.facebook.net\/tr_TR\/sdk.js#xfbml=1&#038;version=v3.3\"\n            ><\/script><\/p>\n","protected":false},"excerpt":{"rendered":"<p>Eski Hatay B\u00fcy\u00fck\u015fehir Belediye Ba\u015fkan\u0131 L\u00fctf\u00fc Sava\u015f ve kurultay delegeleri Levent \u00c7elik ve Hatip Karaaslan CHP\u2019nin ola\u011fan\u00fcst\u00fc kurultay karar\u0131n\u0131n iptali i\u00e7in mahkemeye ba\u015fvuru yapt\u0131. Sava\u015f ve delegelerin avukat\u0131 Onur Yusuf \u00dcregen, Ankara 31. Asliye Hukuk Mahkemesine verdi\u011fi dilek\u00e7ede, CHP Genel Ba\u015fkan\u0131 \u00d6zg\u00fcr \u00d6zel\u2019in 6 Nisan 2025 Pazar saat 10.00\u2019da Ankara Yenimahalle\u2019deki Naz\u0131m Hikmet K\u00fclt\u00fcr Merkezi\u2019nde [&hellip;]<\/p>\n","protected":false},"author":1,"featured_media":20681,"comment_status":"open","ping_status":"open","sticky":false,"template":"","format":"standard","meta":{"jnews-multi-image_gallery":[],"jnews_single_post":[],"jnews_primary_category":[],"footnotes":""},"categories":[2],"tags":[],"class_list":["post-20680","post","type-post","status-publish","format-standard","has-post-thumbnail","hentry","category-dunya"],"yoast_head":"<!-- This site is optimized with the Yoast SEO plugin v27.5 - https:\/\/yoast.com\/product\/yoast-seo-wordpress\/ -->\n<title>CHP\u2019nin ola\u011fan\u00fcst\u00fc kurultay karar\u0131n\u0131n iptali i\u00e7in mahkemeye ba\u015fvuru yap\u0131ld\u0131 - Haber Kuzey<\/title>\n<meta name=\"robots\" content=\"index, follow, max-snippet:-1, max-image-preview:large, max-video-preview:-1\" \/>\n<link rel=\"canonical\" href=\"https:\/\/haberkuzey.com\/index.php\/2025\/03\/24\/chpnin-olaganustu-kurultay-kararinin-iptali-icin-mahkemeye-basvuru-yapildi\/\" \/>\n<meta property=\"og:locale\" content=\"tr_TR\" \/>\n<meta property=\"og:type\" content=\"article\" \/>\n<meta property=\"og:title\" content=\"CHP\u2019nin ola\u011fan\u00fcst\u00fc kurultay karar\u0131n\u0131n iptali i\u00e7in mahkemeye ba\u015fvuru yap\u0131ld\u0131 - Haber Kuzey\" \/>\n<meta property=\"og:description\" content=\"Eski Hatay B\u00fcy\u00fck\u015fehir Belediye Ba\u015fkan\u0131 L\u00fctf\u00fc Sava\u015f ve kurultay delegeleri Levent \u00c7elik ve Hatip Karaaslan CHP\u2019nin ola\u011fan\u00fcst\u00fc kurultay karar\u0131n\u0131n iptali i\u00e7in mahkemeye ba\u015fvuru yapt\u0131. Sava\u015f ve delegelerin avukat\u0131 Onur Yusuf \u00dcregen, Ankara 31. Asliye Hukuk Mahkemesine verdi\u011fi dilek\u00e7ede, CHP Genel Ba\u015fkan\u0131 \u00d6zg\u00fcr \u00d6zel\u2019in 6 Nisan 2025 Pazar saat 10.00\u2019da Ankara Yenimahalle\u2019deki Naz\u0131m Hikmet K\u00fclt\u00fcr Merkezi\u2019nde [&hellip;]\" \/>\n<meta property=\"og:url\" content=\"https:\/\/haberkuzey.com\/index.php\/2025\/03\/24\/chpnin-olaganustu-kurultay-kararinin-iptali-icin-mahkemeye-basvuru-yapildi\/\" \/>\n<meta property=\"og:site_name\" content=\"Haber Kuzey\" \/>\n<meta property=\"article:published_time\" content=\"2025-03-24T19:18:41+00:00\" \/>\n<meta property=\"og:image\" content=\"https:\/\/brtk.net\/wp-content\/uploads\/2025\/03\/24\/chp.jpg?ver=4962b8fdeb589f05d56695d04e1cf562\" \/>\n<meta name=\"author\" content=\"haberkuzey\" \/>\n<meta name=\"twitter:card\" content=\"summary_large_image\" \/>\n<meta name=\"twitter:label1\" content=\"Yazan:\" \/>\n\t<meta name=\"twitter:data1\" content=\"haberkuzey\" \/>\n\t<meta name=\"twitter:label2\" content=\"Tahmini okuma s\u00fcresi\" \/>\n\t<meta name=\"twitter:data2\" content=\"2 dakika\" \/>\n<script type=\"application\/ld+json\" class=\"yoast-schema-graph\">{\"@context\":\"https:\\\/\\\/schema.org\",\"@graph\":[{\"@type\":\"Article\",\"@id\":\"https:\\\/\\\/haberkuzey.com\\\/index.php\\\/2025\\\/03\\\/24\\\/chpnin-olaganustu-kurultay-kararinin-iptali-icin-mahkemeye-basvuru-yapildi\\\/#article\",\"isPartOf\":{\"@id\":\"https:\\\/\\\/haberkuzey.com\\\/index.php\\\/2025\\\/03\\\/24\\\/chpnin-olaganustu-kurultay-kararinin-iptali-icin-mahkemeye-basvuru-yapildi\\\/\"},\"author\":{\"name\":\"haberkuzey\",\"@id\":\"https:\\\/\\\/haberkuzey.com\\\/#\\\/schema\\\/person\\\/3372109ec735f9333f4fa47ebb9605ca\"},\"headline\":\"CHP\u2019nin ola\u011fan\u00fcst\u00fc kurultay karar\u0131n\u0131n iptali i\u00e7in mahkemeye ba\u015fvuru yap\u0131ld\u0131\",\"datePublished\":\"2025-03-24T19:18:41+00:00\",\"mainEntityOfPage\":{\"@id\":\"https:\\\/\\\/haberkuzey.com\\\/index.php\\\/2025\\\/03\\\/24\\\/chpnin-olaganustu-kurultay-kararinin-iptali-icin-mahkemeye-basvuru-yapildi\\\/\"},\"wordCount\":365,\"commentCount\":0,\"image\":{\"@id\":\"https:\\\/\\\/haberkuzey.com\\\/index.php\\\/2025\\\/03\\\/24\\\/chpnin-olaganustu-kurultay-kararinin-iptali-icin-mahkemeye-basvuru-yapildi\\\/#primaryimage\"},\"thumbnailUrl\":\"https:\\\/\\\/haberkuzey.com\\\/wp-content\\\/uploads\\\/2025\\\/03\\\/chp.jpg\",\"articleSection\":[\"D\u00fcnya\"],\"inLanguage\":\"tr\",\"potentialAction\":[{\"@type\":\"CommentAction\",\"name\":\"Comment\",\"target\":[\"https:\\\/\\\/haberkuzey.com\\\/index.php\\\/2025\\\/03\\\/24\\\/chpnin-olaganustu-kurultay-kararinin-iptali-icin-mahkemeye-basvuru-yapildi\\\/#respond\"]}]},{\"@type\":\"WebPage\",\"@id\":\"https:\\\/\\\/haberkuzey.com\\\/index.php\\\/2025\\\/03\\\/24\\\/chpnin-olaganustu-kurultay-kararinin-iptali-icin-mahkemeye-basvuru-yapildi\\\/\",\"url\":\"https:\\\/\\\/haberkuzey.com\\\/index.php\\\/2025\\\/03\\\/24\\\/chpnin-olaganustu-kurultay-kararinin-iptali-icin-mahkemeye-basvuru-yapildi\\\/\",\"name\":\"CHP\u2019nin ola\u011fan\u00fcst\u00fc kurultay karar\u0131n\u0131n iptali i\u00e7in mahkemeye ba\u015fvuru yap\u0131ld\u0131 - Haber Kuzey\",\"isPartOf\":{\"@id\":\"https:\\\/\\\/haberkuzey.com\\\/#website\"},\"primaryImageOfPage\":{\"@id\":\"https:\\\/\\\/haberkuzey.com\\\/index.php\\\/2025\\\/03\\\/24\\\/chpnin-olaganustu-kurultay-kararinin-iptali-icin-mahkemeye-basvuru-yapildi\\\/#primaryimage\"},\"image\":{\"@id\":\"https:\\\/\\\/haberkuzey.com\\\/index.php\\\/2025\\\/03\\\/24\\\/chpnin-olaganustu-kurultay-kararinin-iptali-icin-mahkemeye-basvuru-yapildi\\\/#primaryimage\"},\"thumbnailUrl\":\"https:\\\/\\\/haberkuzey.com\\\/wp-content\\\/uploads\\\/2025\\\/03\\\/chp.jpg\",\"datePublished\":\"2025-03-24T19:18:41+00:00\",\"author\":{\"@id\":\"https:\\\/\\\/haberkuzey.com\\\/#\\\/schema\\\/person\\\/3372109ec735f9333f4fa47ebb9605ca\"},\"breadcrumb\":{\"@id\":\"https:\\\/\\\/haberkuzey.com\\\/index.php\\\/2025\\\/03\\\/24\\\/chpnin-olaganustu-kurultay-kararinin-iptali-icin-mahkemeye-basvuru-yapildi\\\/#breadcrumb\"},\"inLanguage\":\"tr\",\"potentialAction\":[{\"@type\":\"ReadAction\",\"target\":[\"https:\\\/\\\/haberkuzey.com\\\/index.php\\\/2025\\\/03\\\/24\\\/chpnin-olaganustu-kurultay-kararinin-iptali-icin-mahkemeye-basvuru-yapildi\\\/\"]}]},{\"@type\":\"ImageObject\",\"inLanguage\":\"tr\",\"@id\":\"https:\\\/\\\/haberkuzey.com\\\/index.php\\\/2025\\\/03\\\/24\\\/chpnin-olaganustu-kurultay-kararinin-iptali-icin-mahkemeye-basvuru-yapildi\\\/#primaryimage\",\"url\":\"https:\\\/\\\/haberkuzey.com\\\/wp-content\\\/uploads\\\/2025\\\/03\\\/chp.jpg\",\"contentUrl\":\"https:\\\/\\\/haberkuzey.com\\\/wp-content\\\/uploads\\\/2025\\\/03\\\/chp.jpg\",\"width\":864,\"height\":486},{\"@type\":\"BreadcrumbList\",\"@id\":\"https:\\\/\\\/haberkuzey.com\\\/index.php\\\/2025\\\/03\\\/24\\\/chpnin-olaganustu-kurultay-kararinin-iptali-icin-mahkemeye-basvuru-yapildi\\\/#breadcrumb\",\"itemListElement\":[{\"@type\":\"ListItem\",\"position\":1,\"name\":\"Anasayfa\",\"item\":\"https:\\\/\\\/haberkuzey.com\\\/\"},{\"@type\":\"ListItem\",\"position\":2,\"name\":\"CHP\u2019nin ola\u011fan\u00fcst\u00fc kurultay karar\u0131n\u0131n iptali i\u00e7in mahkemeye ba\u015fvuru yap\u0131ld\u0131\"}]},{\"@type\":\"WebSite\",\"@id\":\"https:\\\/\\\/haberkuzey.com\\\/#website\",\"url\":\"https:\\\/\\\/haberkuzey.com\\\/\",\"name\":\"Haber Kuzey\",\"description\":\"Do\u011fru Haberin Adresi\",\"potentialAction\":[{\"@type\":\"SearchAction\",\"target\":{\"@type\":\"EntryPoint\",\"urlTemplate\":\"https:\\\/\\\/haberkuzey.com\\\/?s={search_term_string}\"},\"query-input\":{\"@type\":\"PropertyValueSpecification\",\"valueRequired\":true,\"valueName\":\"search_term_string\"}}],\"inLanguage\":\"tr\"},{\"@type\":\"Person\",\"@id\":\"https:\\\/\\\/haberkuzey.com\\\/#\\\/schema\\\/person\\\/3372109ec735f9333f4fa47ebb9605ca\",\"name\":\"haberkuzey\",\"image\":{\"@type\":\"ImageObject\",\"inLanguage\":\"tr\",\"@id\":\"https:\\\/\\\/secure.gravatar.com\\\/avatar\\\/f5fc875574b1575324358c3b9e6a32b8227aa5b74f3fa22e3cadb63e26fcc39c?s=96&d=mm&r=g\",\"url\":\"https:\\\/\\\/secure.gravatar.com\\\/avatar\\\/f5fc875574b1575324358c3b9e6a32b8227aa5b74f3fa22e3cadb63e26fcc39c?s=96&d=mm&r=g\",\"contentUrl\":\"https:\\\/\\\/secure.gravatar.com\\\/avatar\\\/f5fc875574b1575324358c3b9e6a32b8227aa5b74f3fa22e3cadb63e26fcc39c?s=96&d=mm&r=g\",\"caption\":\"haberkuzey\"},\"sameAs\":[\"https:\\\/\\\/haberkuzey.com\"],\"url\":\"https:\\\/\\\/haberkuzey.com\\\/index.php\\\/author\\\/haberkuzey\\\/\"}]}<\/script>\n<!-- \/ Yoast SEO plugin. -->","yoast_head_json":{"title":"CHP\u2019nin ola\u011fan\u00fcst\u00fc kurultay karar\u0131n\u0131n iptali i\u00e7in mahkemeye ba\u015fvuru yap\u0131ld\u0131 - Haber Kuzey","robots":{"index":"index","follow":"follow","max-snippet":"max-snippet:-1","max-image-preview":"max-image-preview:large","max-video-preview":"max-video-preview:-1"},"canonical":"https:\/\/haberkuzey.com\/index.php\/2025\/03\/24\/chpnin-olaganustu-kurultay-kararinin-iptali-icin-mahkemeye-basvuru-yapildi\/","og_locale":"tr_TR","og_type":"article","og_title":"CHP\u2019nin ola\u011fan\u00fcst\u00fc kurultay karar\u0131n\u0131n iptali i\u00e7in mahkemeye ba\u015fvuru yap\u0131ld\u0131 - Haber Kuzey","og_description":"Eski Hatay B\u00fcy\u00fck\u015fehir Belediye Ba\u015fkan\u0131 L\u00fctf\u00fc Sava\u015f ve kurultay delegeleri Levent \u00c7elik ve Hatip Karaaslan CHP\u2019nin ola\u011fan\u00fcst\u00fc kurultay karar\u0131n\u0131n iptali i\u00e7in mahkemeye ba\u015fvuru yapt\u0131. Sava\u015f ve delegelerin avukat\u0131 Onur Yusuf \u00dcregen, Ankara 31. Asliye Hukuk Mahkemesine verdi\u011fi dilek\u00e7ede, CHP Genel Ba\u015fkan\u0131 \u00d6zg\u00fcr \u00d6zel\u2019in 6 Nisan 2025 Pazar saat 10.00\u2019da Ankara Yenimahalle\u2019deki Naz\u0131m Hikmet K\u00fclt\u00fcr Merkezi\u2019nde [&hellip;]","og_url":"https:\/\/haberkuzey.com\/index.php\/2025\/03\/24\/chpnin-olaganustu-kurultay-kararinin-iptali-icin-mahkemeye-basvuru-yapildi\/","og_site_name":"Haber Kuzey","article_published_time":"2025-03-24T19:18:41+00:00","og_image":[{"url":"https:\/\/brtk.net\/wp-content\/uploads\/2025\/03\/24\/chp.jpg?ver=4962b8fdeb589f05d56695d04e1cf562","type":"","width":"","height":""}],"author":"haberkuzey","twitter_card":"summary_large_image","twitter_misc":{"Yazan:":"haberkuzey","Tahmini okuma s\u00fcresi":"2 dakika"},"schema":{"@context":"https:\/\/schema.org","@graph":[{"@type":"Article","@id":"https:\/\/haberkuzey.com\/index.php\/2025\/03\/24\/chpnin-olaganustu-kurultay-kararinin-iptali-icin-mahkemeye-basvuru-yapildi\/#article","isPartOf":{"@id":"https:\/\/haberkuzey.com\/index.php\/2025\/03\/24\/chpnin-olaganustu-kurultay-kararinin-iptali-icin-mahkemeye-basvuru-yapildi\/"},"author":{"name":"haberkuzey","@id":"https:\/\/haberkuzey.com\/#\/schema\/person\/3372109ec735f9333f4fa47ebb9605ca"},"headline":"CHP\u2019nin ola\u011fan\u00fcst\u00fc kurultay karar\u0131n\u0131n iptali i\u00e7in mahkemeye ba\u015fvuru yap\u0131ld\u0131","datePublished":"2025-03-24T19:18:41+00:00","mainEntityOfPage":{"@id":"https:\/\/haberkuzey.com\/index.php\/2025\/03\/24\/chpnin-olaganustu-kurultay-kararinin-iptali-icin-mahkemeye-basvuru-yapildi\/"},"wordCount":365,"commentCount":0,"image":{"@id":"https:\/\/haberkuzey.com\/index.php\/2025\/03\/24\/chpnin-olaganustu-kurultay-kararinin-iptali-icin-mahkemeye-basvuru-yapildi\/#primaryimage"},"thumbnailUrl":"https:\/\/haberkuzey.com\/wp-content\/uploads\/2025\/03\/chp.jpg","articleSection":["D\u00fcnya"],"inLanguage":"tr","potentialAction":[{"@type":"CommentAction","name":"Comment","target":["https:\/\/haberkuzey.com\/index.php\/2025\/03\/24\/chpnin-olaganustu-kurultay-kararinin-iptali-icin-mahkemeye-basvuru-yapildi\/#respond"]}]},{"@type":"WebPage","@id":"https:\/\/haberkuzey.com\/index.php\/2025\/03\/24\/chpnin-olaganustu-kurultay-kararinin-iptali-icin-mahkemeye-basvuru-yapildi\/","url":"https:\/\/haberkuzey.com\/index.php\/2025\/03\/24\/chpnin-olaganustu-kurultay-kararinin-iptali-icin-mahkemeye-basvuru-yapildi\/","name":"CHP\u2019nin ola\u011fan\u00fcst\u00fc kurultay karar\u0131n\u0131n iptali i\u00e7in mahkemeye ba\u015fvuru yap\u0131ld\u0131 - Haber Kuzey","isPartOf":{"@id":"https:\/\/haberkuzey.com\/#website"},"primaryImageOfPage":{"@id":"https:\/\/haberkuzey.com\/index.php\/2025\/03\/24\/chpnin-olaganustu-kurultay-kararinin-iptali-icin-mahkemeye-basvuru-yapildi\/#primaryimage"},"image":{"@id":"https:\/\/haberkuzey.com\/index.php\/2025\/03\/24\/chpnin-olaganustu-kurultay-kararinin-iptali-icin-mahkemeye-basvuru-yapildi\/#primaryimage"},"thumbnailUrl":"https:\/\/haberkuzey.com\/wp-content\/uploads\/2025\/03\/chp.jpg","datePublished":"2025-03-24T19:18:41+00:00","author":{"@id":"https:\/\/haberkuzey.com\/#\/schema\/person\/3372109ec735f9333f4fa47ebb9605ca"},"breadcrumb":{"@id":"https:\/\/haberkuzey.com\/index.php\/2025\/03\/24\/chpnin-olaganustu-kurultay-kararinin-iptali-icin-mahkemeye-basvuru-yapildi\/#breadcrumb"},"inLanguage":"tr","potentialAction":[{"@type":"ReadAction","target":["https:\/\/haberkuzey.com\/index.php\/2025\/03\/24\/chpnin-olaganustu-kurultay-kararinin-iptali-icin-mahkemeye-basvuru-yapildi\/"]}]},{"@type":"ImageObject","inLanguage":"tr","@id":"https:\/\/haberkuzey.com\/index.php\/2025\/03\/24\/chpnin-olaganustu-kurultay-kararinin-iptali-icin-mahkemeye-basvuru-yapildi\/#primaryimage","url":"https:\/\/haberkuzey.com\/wp-content\/uploads\/2025\/03\/chp.jpg","contentUrl":"https:\/\/haberkuzey.com\/wp-content\/uploads\/2025\/03\/chp.jpg","width":864,"height":486},{"@type":"BreadcrumbList","@id":"https:\/\/haberkuzey.com\/index.php\/2025\/03\/24\/chpnin-olaganustu-kurultay-kararinin-iptali-icin-mahkemeye-basvuru-yapildi\/#breadcrumb","itemListElement":[{"@type":"ListItem","position":1,"name":"Anasayfa","item":"https:\/\/haberkuzey.com\/"},{"@type":"ListItem","position":2,"name":"CHP\u2019nin ola\u011fan\u00fcst\u00fc kurultay karar\u0131n\u0131n iptali i\u00e7in mahkemeye ba\u015fvuru yap\u0131ld\u0131"}]},{"@type":"WebSite","@id":"https:\/\/haberkuzey.com\/#website","url":"https:\/\/haberkuzey.com\/","name":"Haber Kuzey","description":"Do\u011fru Haberin Adresi","potentialAction":[{"@type":"SearchAction","target":{"@type":"EntryPoint","urlTemplate":"https:\/\/haberkuzey.com\/?s={search_term_string}"},"query-input":{"@type":"PropertyValueSpecification","valueRequired":true,"valueName":"search_term_string"}}],"inLanguage":"tr"},{"@type":"Person","@id":"https:\/\/haberkuzey.com\/#\/schema\/person\/3372109ec735f9333f4fa47ebb9605ca","name":"haberkuzey","image":{"@type":"ImageObject","inLanguage":"tr","@id":"https:\/\/secure.gravatar.com\/avatar\/f5fc875574b1575324358c3b9e6a32b8227aa5b74f3fa22e3cadb63e26fcc39c?s=96&d=mm&r=g","url":"https:\/\/secure.gravatar.com\/avatar\/f5fc875574b1575324358c3b9e6a32b8227aa5b74f3fa22e3cadb63e26fcc39c?s=96&d=mm&r=g","contentUrl":"https:\/\/secure.gravatar.com\/avatar\/f5fc875574b1575324358c3b9e6a32b8227aa5b74f3fa22e3cadb63e26fcc39c?s=96&d=mm&r=g","caption":"haberkuzey"},"sameAs":["https:\/\/haberkuzey.com"],"url":"https:\/\/haberkuzey.com\/index.php\/author\/haberkuzey\/"}]}},"_links":{"self":[{"href":"https:\/\/haberkuzey.com\/index.php\/wp-json\/wp\/v2\/posts\/20680","targetHints":{"allow":["GET"]}}],"collection":[{"href":"https:\/\/haberkuzey.com\/index.php\/wp-json\/wp\/v2\/posts"}],"about":[{"href":"https:\/\/haberkuzey.com\/index.php\/wp-json\/wp\/v2\/types\/post"}],"author":[{"embeddable":true,"href":"https:\/\/haberkuzey.com\/index.php\/wp-json\/wp\/v2\/users\/1"}],"replies":[{"embeddable":true,"href":"https:\/\/haberkuzey.com\/index.php\/wp-json\/wp\/v2\/comments?post=20680"}],"version-history":[{"count":0,"href":"https:\/\/haberkuzey.com\/index.php\/wp-json\/wp\/v2\/posts\/20680\/revisions"}],"wp:featuredmedia":[{"embeddable":true,"href":"https:\/\/haberkuzey.com\/index.php\/wp-json\/wp\/v2\/media\/20681"}],"wp:attachment":[{"href":"https:\/\/haberkuzey.com\/index.php\/wp-json\/wp\/v2\/media?parent=20680"}],"wp:term":[{"taxonomy":"category","embeddable":true,"href":"https:\/\/haberkuzey.com\/index.php\/wp-json\/wp\/v2\/categories?post=20680"},{"taxonomy":"post_tag","embeddable":true,"href":"https:\/\/haberkuzey.com\/index.php\/wp-json\/wp\/v2\/tags?post=20680"}],"curies":[{"name":"wp","href":"https:\/\/api.w.org\/{rel}","templated":true}]}}